{"id":10237,"date":"2022-02-09T09:00:00","date_gmt":"2022-02-09T08:00:00","guid":{"rendered":"https:\/\/miresi.es\/blog\/?p=10237"},"modified":"2026-04-23T18:15:08","modified_gmt":"2026-04-23T17:15:08","slug":"como-es-vivir-con-una-persona-con-alzheimer","status":"publish","type":"post","link":"https:\/\/miresi.es\/blog\/como-es-vivir-con-una-persona-con-alzheimer\/","title":{"rendered":"\u00bfC\u00f3mo Es Vivir con una Persona con Alzheimer?"},"content":{"rendered":"\n<p>Cuando una persona mayor sufre alguna enfermedad neurodegenerativa como la <a href=\"https:\/\/miresi.es\/residencias-demencia\/\"  target=\"_blank\" rel=\"noreferrer noopener\" title=\"demencia\"  target=\"_blank\" rel=\"noreferrer noopener\" title=\"demencia\">demencia<\/a>, el estilo de vida cambia por completo tanto para el paciente como para su entorno familiar. Por eso, hoy desde <a href=\"https:\/\/miresi.es\"  target=\"_blank\" rel=\"noreferrer noopener\" title=\"miResi\"  target=\"_blank\" rel=\"noreferrer noopener\" title=\"miResi\">miResi<\/a> queremos contarte <strong>c\u00f3mo es vivir con una persona con Alzheimer<\/strong>.<\/p>\n\n\n\n<p><strong>El Alzheimer es la causa de problemas cognitivos<\/strong> (como la memoria, el razonamiento o la orientaci\u00f3n), <strong>de conducta<\/strong> (como la alteraci\u00f3n, la deambulaci\u00f3n o la fuga) <strong>y de movimiento<\/strong>.<\/p>\n\n\n\n<blockquote class=\"wp-block-quote is-layout-flow wp-block-quote-is-layout-flow\"><p>La enfermedad de Alzheimer es el tipo de demencia m\u00e1s frecuente, ya que constituye el 60-70% de todos los casos<\/p><cite><a href=\"https:\/\/www.cuidum.com\/blog\/consejos-para-convivir-con-una-persona-con-alzheimer-o-demencia\/\"  target=\"_blank\" rel=\"external nofollow\"  target=\"_blank\" title=\"Cuidum\"  class=\"wp-links-icon\">Cuidum<\/a><\/cite><\/blockquote>\n\n\n\n<p>Al tratarse de una <strong>enfermedad gradual,<\/strong> tiene diferentes fases. Cabe destacar, que de ellas depende el nivel de autonom\u00eda e independencia del mayor. Pues, cuando alcanzan la fase m\u00e1s avanzada, demandan una atenci\u00f3n completa.<\/p>\n\n\n\n<p>Estos cuidados los puede realizar un <strong>familiar que asume el rol de cuidador<\/strong> o el <a href=\"https:\/\/miresi.es\/blog\/personal-minimo-en-residencias\/\"  target=\"_blank\" rel=\"noreferrer noopener\" title=\"personal sanitario de residencias\"  target=\"_blank\" rel=\"noreferrer noopener\" title=\"personal sanitario de residencias\">personal sanitario de residencias<\/a> si se decide ingresar al mayor en un centro geri\u00e1trico.<\/p>\n\n\n\n<div class=\"wp-block-buttons is-content-justification-center is-layout-flex wp-container-core-buttons-is-layout-16018d1d wp-block-buttons-is-layout-flex\">\n<div class=\"wp-block-button\"><a href=\"https:\/\/miresi.es\/residencias-alzheimer\/\"  target=\"_blank\" rel=\"noreferrer noopener\"  target=\"_blank\" rel=\"noreferrer noopener\">Buscar una residencia para Alzheimer<\/a><\/div>\n<\/div>\n\n\n\n<p style=\"font-size:10px\"><\/p>\n\n\n\n<h2 class=\"wp-block-heading\" id=\"1-el-rol-del-familiar-cuidador-como-es-vivir-con-una-persona-con-alzheimer\">1. <strong>El rol del familiar cuidador<\/strong>: c\u00f3mo es vivir con una persona con Alzheimer<\/h2>\n\n\n\n<p>Cuando el paciente se encuentra en <strong>fase inicial<\/strong>, despu\u00e9s de haber detectado los <a href=\"https:\/\/miresi.es\/blog\/primeros-sintomas-del-alzheimer\/\"  target=\"_blank\" rel=\"noreferrer noopener\" title=\"10 primeros s\u00edntomas del Alzheimer\"  target=\"_blank\" rel=\"noreferrer noopener\" title=\"10 primeros s\u00edntomas del Alzheimer\">10 primeros s\u00edntomas del Alzheimer<\/a>, es conveniente que se comiencen a tomar decisiones a futuro como el traslado de alg\u00fan familiar al domicilio para cuidar al enfermo. Una vez el familiar decida hacerse cargo del mayor en el hogar, debemos tener en cuenta algunos aspectos sobre c\u00f3mo es vivir con una persona con Alzheimer para garantizar el bienestar de ambos.<\/p>\n\n\n\n<p>El cuidador debe:<\/p>\n\n\n\n<ul class=\"wp-block-list\"><li><strong>Tener paciencia<\/strong>: es una situaci\u00f3n nueva nada agradable y los nervios est\u00e1n a flor de piel para ambos. Debemos ser conscientes del <a href=\"https:\/\/miresi.es\/blog\/deterioro-cognitivo-en-personas-mayores\/\"  target=\"_blank\" rel=\"noreferrer noopener\" title=\"deterioro cognitivo\"  target=\"_blank\" rel=\"noreferrer noopener\" title=\"deterioro cognitivo\">deterioro cognitivo<\/a> que est\u00e1 sufriendo nuestro mayor y no juzgarlo o hacerlo sentir culpable.<\/li><\/ul>\n\n\n\n<ul class=\"wp-block-list\"><li><strong>M\u00e1s empat\u00eda<\/strong>: ser m\u00e1s comprensivo con c\u00f3mo se siente el paciente mayor y ponernos en su lugar. Tampoco es f\u00e1cil para \u00e9l.<\/li><\/ul>\n\n\n\n<ul class=\"wp-block-list\"><li><strong>Tener estabilidad emocional<\/strong>: esencial para poder soportar la dureza de la situaci\u00f3n. No va a ser nada f\u00e1cil y menos cuando haga frente al no reconocimiento por parte de su familiar. Aceptar la nueva situaci\u00f3n es el primer paso para que sea sostenible.<\/li><\/ul>\n\n\n\n<p>A parte de cumplir un perfil con estas caracter\u00edsticas, el cuidador debe hacer frente a las siguientes funciones como cuidador principal del paciente mayor con Alzheimer:<\/p>\n\n\n\n<h3 class=\"wp-block-heading\" id=\"1-1-vigilar-al-mayor-de-forma-constante\">1.1. <strong>Vigilar al mayor de forma constante<\/strong><\/h3>\n\n\n\n<p>Las personas mayores con Alzheimer <strong>demandan<\/strong> <strong>mucha atenci\u00f3n<\/strong>. Por ello, el cuidador debe estar pendiente de las necesidades que pueda tener su familiar y disponer del tiempo suficiente para sus cuidados.<\/p>\n\n\n\n<p>Esta situaci\u00f3n puede llegar a ser agotadora para el cuidador y acabar padeciendo el s\u00edndrome del cuidador quemado. En caso de que la situaci\u00f3n sea insostenible, <strong>miResi<\/strong> cuenta con una <a href=\"https:\/\/miresi.es\/buscador\/\"  rel=\"noreferrer noopener\" title=\"amplia red de residencias o centros de d\u00eda\"  rel=\"noreferrer noopener\" title=\"amplia red de residencias o centros de d\u00eda\">amplia red de residencias o centros de d\u00eda<\/a> que le ofrecen a nuestros mayores los mejores cuidados.<\/p>\n\n\n\n<div class=\"wp-block-buttons is-content-justification-center is-layout-flex wp-container-core-buttons-is-layout-16018d1d wp-block-buttons-is-layout-flex\">\n<div class=\"wp-block-button\"><a href=\"https:\/\/miresi.es\/buscador\/\"  rel=\"noreferrer noopener\"  rel=\"noreferrer noopener\">Necesito ayuda urgente<\/a><\/div>\n<\/div>\n\n\n\n<div style=\"height:10px\" aria-hidden=\"true\" class=\"wp-block-spacer\"><\/div>\n\n\n\n<p>Al no ser profesionales sanitarios, <strong>es muy importante informarse sobre la enfermedad del Alzheimer y sus cuidados<\/strong>. Pues, si le da alguna crisis de conducta, debemos distraerlo y llevarlo a tomar aire fresco para que este s\u00edntoma se vaya disipando.<\/p>\n\n\n\n<h3 class=\"wp-block-heading\" id=\"1-2-atender-sus-necesidades-basicas\">1.2. <strong>Atender sus necesidades b\u00e1sicas<\/strong><\/h3>\n\n\n\n<p><strong>Una persona mayor en fase avanzada de Alzheimer es una persona completamente dependiente<\/strong>. Por ello, debemos cubrir sus necesidades m\u00e1s b\u00e1sicas haci\u00e9ndonos cargo de su higiene, alimentaci\u00f3n y dem\u00e1s cuidados.<\/p>\n\n\n\n<div class=\"wp-block-image\"><figure class=\"aligncenter size-large\"><img decoding=\"async\" width=\"1024\" height=\"683\" src=\"https:\/\/miresi.es\/blog\/wp-content\/uploads\/2022\/02\/pensive-senior-woman-with-alzheimers-disease-strin-2021-09-01-12-09-21-utc-1024x683.jpg\" alt=\"C\u00f3mo es vivir con una persona con Alzheimer: atender sus necesidades b\u00e1sicas\" class=\"wp-image-10260\" title=\"C\u00f3mo es vivir con una persona con Alzheimer: atender sus necesidades b\u00e1sicas\" srcset=\"https:\/\/miresiblog.imgix.net\/uploads\/2022\/02\/pensive-senior-woman-with-alzheimers-disease-strin-2021-09-01-12-09-21-utc-scaled.jpg?auto=format%2Ccompress&fit=crop&h=683&ixlib=php-3.3.0&w=1024&s=242503da3cca520ffc31b9eafbe8a67a 1024w, https:\/\/miresiblog.imgix.net\/uploads\/2022\/02\/pensive-senior-woman-with-alzheimers-disease-strin-2021-09-01-12-09-21-utc-scaled.jpg?auto=format%2Ccompress&fit=crop&h=200&ixlib=php-3.3.0&w=300&s=47c8df4ab79e6542c0a646aa47076280 300w, https:\/\/miresiblog.imgix.net\/uploads\/2022\/02\/pensive-senior-woman-with-alzheimers-disease-strin-2021-09-01-12-09-21-utc-scaled.jpg?auto=format%2Ccompress&fit=crop&h=513&ixlib=php-3.3.0&w=768&s=cd5a00a3785e0070d23245b2af8a1a38 768w, https:\/\/miresiblog.imgix.net\/uploads\/2022\/02\/pensive-senior-woman-with-alzheimers-disease-strin-2021-09-01-12-09-21-utc-scaled.jpg?auto=format%2Ccompress&fit=crop&h=1025&ixlib=php-3.3.0&w=1536&s=451cefd091915e928017a01d036c4005 1536w, https:\/\/miresiblog.imgix.net\/uploads\/2022\/02\/pensive-senior-woman-with-alzheimers-disease-strin-2021-09-01-12-09-21-utc-scaled.jpg?auto=format%2Ccompress&fit=crop&h=1367&ixlib=php-3.3.0&w=2048&s=3dd721c40aed1bdf2ca5fa89cca0a807 2048w, https:\/\/miresiblog.imgix.net\/uploads\/2022\/02\/pensive-senior-woman-with-alzheimers-disease-strin-2021-09-01-12-09-21-utc-scaled.jpg?auto=format%2Ccompress&fit=crop&h=240&ixlib=php-3.3.0&w=360&s=8edf812f9aa96e05653e2b09582dba47 360w, https:\/\/miresiblog.imgix.net\/uploads\/2022\/02\/pensive-senior-woman-with-alzheimers-disease-strin-2021-09-01-12-09-21-utc-scaled.jpg?auto=format%2Ccompress&ixlib=php-3.3.0&w=899&s=3619ca9c83ce83fb6356ec1411891e8b 899w\" sizes=\"(max-width: 1024px) 100vw, 1024px\" \/><figcaption>El estado de confusi\u00f3n mental es uno de los s\u00edntomas del Alzheimer<\/figcaption><\/figure><\/div>\n\n\n\n<p>Por ello, la <strong><a href=\"https:\/\/www.ceafa.es\/es\"  target=\"_blank\" rel=\"external nofollow\"  target=\"_blank\" rel=\"noreferrer noopener nofollow\" title=\"Confederaci\u00f3n Espa\u00f1ola de Alzheimer (CEAFA)\"  class=\"wp-links-icon\">Confederaci\u00f3n Espa\u00f1ola de Alzheimer (CEAFA)<\/a><\/strong> propone los siguientes h\u00e1bitos diarios:<\/p>\n\n\n\n<h4 class=\"wp-block-heading\" id=\"1-2-1-vestirse\">1.2.1. <strong>Vestirse<\/strong><\/h4>\n\n\n\n<p>El cuidador deber\u00e1 asistir al mayor con Alzheimer a la hora de vestirse cada d\u00eda, pero alentando su autonom\u00eda mediante la motivaci\u00f3n.\u00a0<\/p>\n\n\n\n<p>Intentaremos disponer de <strong>ropa f\u00e1cil de manejar<\/strong> para fomentar que se pueda vestir solo y sustituiremos <a href=\"https:\/\/miresi.es\/blog\/3-mejores-zapatos-para-personas-mayores\/\"  target=\"_blank\" rel=\"noreferrer noopener\" title=\"zapatos\"  target=\"_blank\" rel=\"noreferrer noopener\" title=\"zapatos\">zapatos<\/a> con cordones por otros m\u00e1s sencillos de poner, siempre garantizando la seguridad del mayor utilizando suelas antideslizantes y evitando cualquier tipo de tac\u00f3n.<\/p>\n\n\n\n<h4 class=\"wp-block-heading\" id=\"1-2-2-asearse\">1.2.2. <strong>Asearse<\/strong><\/h4>\n\n\n\n<p>Las necesidades de <a href=\"https:\/\/miresi.es\/blog\/higiene-personal-en-residencias\/\"  target=\"_blank\" rel=\"noreferrer noopener\" title=\"higiene personal\"  target=\"_blank\" rel=\"noreferrer noopener\" title=\"higiene personal\">higiene personal<\/a> de una persona con Alzheimer se incrementan exponencialmente, ya que \u00e9ste no puede valerse por s\u00ed mismo en caso de estar en una fase avanzada de la enfermedad.<\/p>\n\n\n\n<p>De hecho, suelen <strong>perder el control de los esf\u00ednteres<\/strong>, por lo que deberemos estar pendientes para garantizar su salud y bienestar.<\/p>\n\n\n\n<p>Adem\u00e1s, estos mayores pueden desarrollar alg\u00fan <strong>episodio de agresividad,<\/strong> sobre todo en el momento del ba\u00f1o. Esto se debe a que los pacientes de Alzheimer se sienten confusos con un excesivo contacto f\u00edsico y estas actividades higi\u00e9nicas lo requieren.<\/p>\n\n\n\n<h4 class=\"wp-block-heading\" id=\"1-2-3-alimentarse\">1.2.3. <strong>Alimentarse<\/strong><\/h4>\n\n\n\n<p>En fases avanzadas de la enfermedad, muchos pacientes de Alzheimer <strong>comienzan a dejar de comer de forma gradual<\/strong>. Incluso, pueden negarse a abrir la boca. Por tanto, la utilizaci\u00f3n de baberos y t\u00e9cnicas infantiles para conseguir que coman comienza a ser habitual.<\/p>\n\n\n\n<p>Asimismo, el deterioro cognitivo afecta a la capacidad de tragar del mayor derivando en un<a href=\"https:\/\/miresi.es\/blog\/disfagia-en-ancianos\/\"  target=\"_blank\" rel=\"noreferrer noopener\" title=\" problema de disfagia\"  target=\"_blank\" rel=\"noreferrer noopener\" title=\" problema de disfagia\"> problema de disfagia<\/a>. Por consiguiente, el cuidador deber\u00e1 preparar comidas que el mayor pueda asumir f\u00e1cilmente, atendiendo a sus gustos y preferencias.<\/p>\n\n\n\n<h4 class=\"wp-block-heading\" id=\"1-2-4-dormir\">1.2.4. <strong>Dormir<\/strong><\/h4>\n\n\n\n<p>El descanso del mayor con Alzheimer debe estar garantizado.<\/p>\n\n\n\n<p>De esta forma, se evitan episodios de mal humor, agresividad, desorientaci\u00f3n nocturna o agotamiento del cuidador.<\/p>\n\n\n\n<h4 class=\"wp-block-heading\" id=\"1-2-5-hacer-deporte\">1.2.5. <strong>Hacer deporte<\/strong><\/h4>\n\n\n\n<p>El ejercicio f\u00edsico es una actividad muy importante para el <strong>bienestar f\u00edsico y mental del mayor<\/strong>. Pues, mejora el flujo sangu\u00edneo cerebral y ayuda en la <a href=\"https:\/\/miresi.es\/blog\/caidas-en-ancianos\/#3_Como_evitar_las_caidas_en_ancianos\"  target=\"_blank\" rel=\"noreferrer noopener\" title=\"prevenci\u00f3n de\"  target=\"_blank\" rel=\"noreferrer noopener\" title=\"prevenci\u00f3n de\">prevenci\u00f3n de<\/a> <a href=\"https:\/\/miresi.es\/blog\/caidas-en-ancianos\/#3_Como_evitar_las_caidas_en_ancianos\"  target=\"_blank\" rel=\"noreferrer noopener\" title=\"ca\u00eddas\"  target=\"_blank\" rel=\"noreferrer noopener\" title=\"ca\u00eddas\">ca\u00eddas<\/a>.<\/p>\n\n\n\n<p><strong>Establecer rutinas<\/strong> incorporando los gustos y <em>hobbies<\/em> del anciano, le motivar\u00e1 a hacer deporte. Adem\u00e1s, es importante animarle, reforzar positivamente lo que hace bien, promover su participaci\u00f3n e impedir su aislamiento.<\/p>\n\n\n\n<h4 class=\"wp-block-heading\" id=\"1-2-6-adaptar-el-hogar\">1.2.6. <strong><a href=\"https:\/\/miresi.es\/blog\/adaptacion-del-hogar-para-enfermos-de-alzheimer\/\"  target=\"_blank\" rel=\"noreferrer noopener\" title=\"Adaptar el hogar\"  target=\"_blank\" rel=\"noreferrer noopener\" title=\"Adaptar el hogar\">Adaptar el hogar<\/a><\/strong><\/h4>\n\n\n\n<p>La aparici\u00f3n de esta enfermedad en la vida de nuestros mayores supone algunos <strong>cambios en el entorno<\/strong>. Sin embargo, debemos tener precauci\u00f3n a la hora de hacer modificaciones en el hogar porque pueden resultar violentas para el mayor desencadenando: confusi\u00f3n, agresividad, deambulaci\u00f3n, etc.<\/p>\n\n\n\n<p>Pueden afectar a su orientaci\u00f3n, estabilidad y seguridad. Por lo tanto, <strong>debemos hacerle sentir c\u00f3modo en su propio espacio<\/strong> y favorecer su movilidad.<\/p>\n\n\n\n<p>Pero, siempre adoptando <strong>medidas de seguridad y prevenci\u00f3n<\/strong> para evitar cualquier ca\u00edda. Sobre todo, en zonas de riesgo de resbal\u00f3n como el cuarto de ba\u00f1o.<\/p>\n\n\n\n<p>Por otro lado, recordemos que uno de los principales s\u00edntomas de los pacientes con Alzheimer son las <strong>p\u00e9rdidas de memoria<\/strong>. Por eso, etiquetar algunos de los objetos que m\u00e1s utiliza el mayor en su d\u00eda a d\u00eda facilitar\u00e1 su localizaci\u00f3n.<\/p>\n\n\n\n<h4 class=\"wp-block-heading\" id=\"1-2-7-ayudarle-a-tomar-decisiones\">1.2.7. <strong>Ayudarle a tomar decisiones<\/strong><\/h4>\n\n\n\n<p>El nivel de dependencia de las personas con Alzheimer suele ser bastante alto, por lo que muchas veces no son capaces de participar en la toma de decisiones.<\/p>\n\n\n\n<p><strong>El cuidador debe convertirse en su apoyo y gu\u00eda<\/strong>.<\/p>\n\n\n\n<p>Pero, siempre preservando en la medida de lo posible su autonom\u00eda ante situaciones que puede gestionar y con las que es capaz de lidiar.<\/p>\n\n\n\n<h4 class=\"wp-block-heading\" id=\"1-2-8-aprender-a-comunicarse-con-el\">1.2.8. <strong>Aprender a comunicarse con \u00e9l<\/strong><\/h4>\n\n\n\n<p>La comunicaci\u00f3n con nuestro mayor enfermo de Alzheimer puede llegar a ser muy incoherente debido al deterioro cognitivo del paciente (tanto de lenguaje como de comprensi\u00f3n).<\/p>\n\n\n\n<p>Por eso, es importante tener en cuenta ciertos aspectos como:<\/p>\n\n\n\n<ul class=\"wp-block-list\"><li><strong>Lenguaje positivo sin generar estr\u00e9s al mayor<\/strong>. Sobre todo, cuando sufre episodios de delirios o alucinaciones (as\u00ed como cambios de conducta: irritabilidad, deambulaci\u00f3n\u2026), pues debemos tranquilizarlo en la medida de lo posible.<\/li><\/ul>\n\n\n\n<ul class=\"wp-block-list\"><li><strong>Tono de voz adecuado a la situaci\u00f3n<\/strong>. Debe ser suave y transmitir claridad mediante mensajes cortos.<\/li><\/ul>\n\n\n\n<ul class=\"wp-block-list\"><li><strong>Volumen regular para no alterar su conducta<\/strong>. Pero, siempre garantizando la escucha.<\/li><\/ul>\n\n\n\n<ul class=\"wp-block-list\"><li><strong>Ritmo pausado<\/strong>. Adem\u00e1s, debemos darle tiempo para responder, ya que asimilar la informaci\u00f3n le puede resultar una tarea dif\u00edcil a nivel cognitivo.<\/li><\/ul>\n\n\n\n<ul class=\"wp-block-list\"><li><strong>Repetici\u00f3n cuando sea necesario.<\/strong> Debemos ser bastante pacientes y no desesperarnos si no llega a entendernos.\u00a0<\/li><\/ul>\n\n\n\n<ul class=\"wp-block-list\"><li><strong>Evitar ruidos externos<\/strong> a la conversaci\u00f3n para que la comunicaci\u00f3n sea efectiva.\u00a0<\/li><\/ul>\n\n\n\n<ul class=\"wp-block-list\"><li><strong>Alinear la comunicaci\u00f3n verbal con la no verbal<\/strong>. Pues los pacientes con <a href=\"https:\/\/miresi.es\/blog\/tipos-de-demencias\/\"  target=\"_blank\" rel=\"noreferrer noopener\" title=\"demencia\"  target=\"_blank\" rel=\"noreferrer noopener\" title=\"demencia\">demencia<\/a> necesitan el apoyo de gestos corporales y una comunicaci\u00f3n sensorial para comprender mejor. Por ejemplo, la <a href=\"https:\/\/miresi.es\/blog\/sesion-de-musicoterapia-para-personas-mayores\/\"  target=\"_blank\" rel=\"noreferrer noopener\" title=\"musicoterapia\"  target=\"_blank\" rel=\"noreferrer noopener\" title=\"musicoterapia\">musicoterapia<\/a> ayuda mucho a estas personas.<\/li><\/ul>\n\n\n\n<ul class=\"wp-block-list\"><li><strong>Escucha activa<\/strong>. Mostrar empat\u00eda y solidarizarnos con sus gustos y preferencias. Es importante respetar sus prioridades a pesar de su alto grado de dependencia.<\/li><\/ul>\n\n\n\n<h4 class=\"wp-block-heading\" id=\"1-2-9-crear-rutinas\">1.2.9. <strong>Crear rutinas<\/strong><\/h4>\n\n\n\n<p>Los mayores que sufren p\u00e9rdidas de memoria por enfermedades como el Alzheimer, deben hacer frente cada d\u00eda a <strong>rutinas muy claras, estructuradas y orientadas a la acci\u00f3n.\u00a0<\/strong><\/p>\n\n\n\n<p>De hecho, lo ideal ser\u00e1 explicarles paso a paso cada una de las tareas que deben llevar a cabo en su planificaci\u00f3n diaria.<\/p>\n\n\n\n<p>Sin embargo, si de repente hay alg\u00fan cambio en esa rutina, debemos comunicarlo de forma asertiva y clara, ya que provoca estados de confusi\u00f3n en el paciente, dando lugar a conductas negativas.<\/p>\n\n\n\n<p>Una actividad que podemos hacer a menudo para orientar a nuestro mayor es <strong>recordarle el d\u00eda, el lugar y la actividad pendiente de realizar<\/strong>.<\/p>\n\n\n\n<h4 class=\"wp-block-heading\" id=\"1-2-10-evocar-recuerdos\">1.2.10. <strong>Evocar recuerdos<\/strong><\/h4>\n\n\n\n<p><strong>Estimular la memoria remota<\/strong> de las personas con Alzheimer es una buena forma de hacerles recordar ciertos hechos de su vida pasada: gratificante tanto para el paciente como para los familiares.<\/p>\n\n\n\n<p>Te contamos algunas <strong>terapias muy \u00fatiles<\/strong>:<\/p>\n\n\n\n<ul class=\"wp-block-list\"><li><strong>Terapia de reminiscencia<\/strong>: se puede realizar de forma profesional o en el n\u00facleo familiar. B\u00e1sicamente trata de hablar sobre su vida pasada, experiencias puntuales y sucesos clave.\u00a0<\/li><\/ul>\n\n\n\n<ul class=\"wp-block-list\"><li><strong>Objetos con un significado especial<\/strong>: rememorar a trav\u00e9s de objetos personales especiales que se encuentran en el hogar y son una fuente de recuerdos.<\/li><\/ul>\n\n\n\n<ul class=\"wp-block-list\"><li><strong>Identidad del paciente<\/strong>: ayudarle a identificar qui\u00e9n es, qu\u00e9 le gusta y hechos de su vida pasada, devolver\u00e1 altas dosis de felicidad al mayor enfermo. En caso de que no pueda reconocer a sus familiares, te recomendamos que utilices fotos o v\u00eddeos para estimular su mente.<\/li><\/ul>\n\n\n\n<div class=\"wp-block-image\"><figure class=\"aligncenter size-large\"><img decoding=\"async\" width=\"1024\" height=\"683\" src=\"https:\/\/miresi.es\/blog\/wp-content\/uploads\/2022\/02\/female-person-living-with-cronic-health-condition-2021-11-03-15-40-21-utc-1024x683.jpg\" alt=\"C\u00f3mo es vivir con una persona con Alzheimer: evocar recuerdos\" class=\"wp-image-10255\" title=\"C\u00f3mo es vivir con una persona con Alzheimer: evocar recuerdos\" srcset=\"https:\/\/miresiblog.imgix.net\/uploads\/2022\/02\/female-person-living-with-cronic-health-condition-2021-11-03-15-40-21-utc-scaled.jpg?auto=format%2Ccompress&fit=crop&h=683&ixlib=php-3.3.0&w=1024&s=9f2c5d47dc592a8a156b23ab614be980 1024w, https:\/\/miresiblog.imgix.net\/uploads\/2022\/02\/female-person-living-with-cronic-health-condition-2021-11-03-15-40-21-utc-scaled.jpg?auto=format%2Ccompress&fit=crop&h=200&ixlib=php-3.3.0&w=300&s=510eb784c9d39008675b5e704555f38f 300w, https:\/\/miresiblog.imgix.net\/uploads\/2022\/02\/female-person-living-with-cronic-health-condition-2021-11-03-15-40-21-utc-scaled.jpg?auto=format%2Ccompress&fit=crop&h=512&ixlib=php-3.3.0&w=768&s=c18de281a7a4ddd3802c4b0045092908 768w, https:\/\/miresiblog.imgix.net\/uploads\/2022\/02\/female-person-living-with-cronic-health-condition-2021-11-03-15-40-21-utc-scaled.jpg?auto=format%2Ccompress&fit=crop&h=1024&ixlib=php-3.3.0&w=1536&s=7a79652c8fccf53d39a7b850e039eb8e 1536w, https:\/\/miresiblog.imgix.net\/uploads\/2022\/02\/female-person-living-with-cronic-health-condition-2021-11-03-15-40-21-utc-scaled.jpg?auto=format%2Ccompress&fit=crop&h=1365&ixlib=php-3.3.0&w=2048&s=389fbd02f1bcae591da14e59bbdbf72e 2048w, https:\/\/miresiblog.imgix.net\/uploads\/2022\/02\/female-person-living-with-cronic-health-condition-2021-11-03-15-40-21-utc-scaled.jpg?auto=format%2Ccompress&fit=crop&h=240&ixlib=php-3.3.0&w=360&s=5ed04c1f6cc0877960b135f274861457 360w, https:\/\/miresiblog.imgix.net\/uploads\/2022\/02\/female-person-living-with-cronic-health-condition-2021-11-03-15-40-21-utc-scaled.jpg?auto=format%2Ccompress&ixlib=php-3.3.0&w=900&s=cb4a46dc15d9f21ddf4ad1eba38aa59d 900w\" sizes=\"(max-width: 1024px) 100vw, 1024px\" \/><figcaption>Recuerdos que sacan sonrisas: estimula su mente<\/figcaption><\/figure><\/div>\n\n\n\n<ul class=\"wp-block-list\"><li><strong>Aumentar su autoestima<\/strong>: el uso de un lenguaje positivo y de refuerzo, conducir\u00e1 al mayor a recordar con m\u00e1s facilidad que si le hacemos sentir culpable por no hacerlo. Debemos tener siempre presente que no es una decisi\u00f3n de nuestro familiar, sino una condici\u00f3n que no puede elegir.<\/li><\/ul>\n\n\n\n<h2 class=\"wp-block-heading\" id=\"2-cuida-de-ti\">2. <strong>Cuida de ti<\/strong><\/h2>\n\n\n\n<p>Convivir con una persona mayor enferma de Alzheimer, <strong>suele llegar a ser insostenible<\/strong>: falta de tiempo del cuidador, hogar poco adaptado a la patolog\u00eda o lo m\u00e1s importante, el dolor del familiar al vivir en primera persona el deterioro cognitivo de su mayor.<\/p>\n\n\n\n<p>Por eso, te invitamos a que cuides de ti mismo\u2026<\/p>\n\n\n\n<p>No es f\u00e1cil gestionar las emociones en esta situaci\u00f3n tan dif\u00edcil. Y el estr\u00e9s y la inseguridad de no saber c\u00f3mo actuar o c\u00f3mo cuidarle, pueden llevarte a sufrir <a href=\"https:\/\/miresi.es\/blog\/sindrome-del-cuidador-quemado\/\"  target=\"_blank\" rel=\"noreferrer noopener\" title=\"el s\u00edndrome\"  target=\"_blank\" rel=\"noreferrer noopener\" title=\"el s\u00edndrome\">el s\u00edndrome<\/a> <a href=\"https:\/\/miresi.es\/blog\/sindrome-del-cuidador-quemado\/\"  target=\"_blank\" rel=\"noreferrer noopener\" title=\"del cuidador quemado\"  target=\"_blank\" rel=\"noreferrer noopener\" title=\"del cuidador quemado\">del cuidador quemado<\/a>.<\/p>\n\n\n\n<div class=\"wp-block-image\"><figure class=\"aligncenter size-large\"><img decoding=\"async\" width=\"1024\" height=\"683\" src=\"https:\/\/miresi.es\/blog\/wp-content\/uploads\/2022\/02\/elderly-care-2021-09-23-23-56-51-utc-1024x683.jpg\" alt=\"C\u00f3mo es vivir con una persona con Alzheimer: cuida de ti\" class=\"wp-image-10258\" title=\"C\u00f3mo es vivir con una persona con Alzheimer: cuida de ti\" srcset=\"https:\/\/miresiblog.imgix.net\/uploads\/2022\/02\/elderly-care-2021-09-23-23-56-51-utc-scaled.jpg?auto=format%2Ccompress&fit=crop&h=683&ixlib=php-3.3.0&w=1024&s=9d1eba6c5cdc6a2c0f75b95920d66f94 1024w, https:\/\/miresiblog.imgix.net\/uploads\/2022\/02\/elderly-care-2021-09-23-23-56-51-utc-scaled.jpg?auto=format%2Ccompress&fit=crop&h=200&ixlib=php-3.3.0&w=300&s=e2a8b2c49e4a09bf7a4429376db3a3c4 300w, https:\/\/miresiblog.imgix.net\/uploads\/2022\/02\/elderly-care-2021-09-23-23-56-51-utc-scaled.jpg?auto=format%2Ccompress&fit=crop&h=512&ixlib=php-3.3.0&w=768&s=a8c3555416d7f724022d1ceb1dfffcef 768w, https:\/\/miresiblog.imgix.net\/uploads\/2022\/02\/elderly-care-2021-09-23-23-56-51-utc-scaled.jpg?auto=format%2Ccompress&fit=crop&h=1024&ixlib=php-3.3.0&w=1536&s=72c7f3887a80a8d87d6687efeb3855ba 1536w, https:\/\/miresiblog.imgix.net\/uploads\/2022\/02\/elderly-care-2021-09-23-23-56-51-utc-scaled.jpg?auto=format%2Ccompress&fit=crop&h=1365&ixlib=php-3.3.0&w=2048&s=9e0cd3b446d906e72357117ac5a389b0 2048w, https:\/\/miresiblog.imgix.net\/uploads\/2022\/02\/elderly-care-2021-09-23-23-56-51-utc-scaled.jpg?auto=format%2Ccompress&fit=crop&h=240&ixlib=php-3.3.0&w=360&s=720b55c7bb0c1d4af0ab35385db2f1bb 360w, https:\/\/miresiblog.imgix.net\/uploads\/2022\/02\/elderly-care-2021-09-23-23-56-51-utc-scaled.jpg?auto=format%2Ccompress&ixlib=php-3.3.0&w=900&s=c9717ff433056608cdf14186a0a64b6e 900w\" sizes=\"(max-width: 1024px) 100vw, 1024px\" \/><figcaption>Te mereces un descanso\u2026 \u00bfTe echamos una mano?<\/figcaption><\/figure><\/div>\n\n\n\n<div class=\"wp-block-buttons is-content-justification-center is-layout-flex wp-container-core-buttons-is-layout-16018d1d wp-block-buttons-is-layout-flex\">\n<div class=\"wp-block-button\"><a href=\"https:\/\/miresi.es\/buscador\/\"  rel=\"noreferrer noopener\"  rel=\"noreferrer noopener\">buscar centros con estancia de respiro familiar<\/a><\/div>\n<\/div>\n\n\n\n<p style=\"font-size:10px\"><\/p>\n\n\n\n<h2 class=\"wp-block-heading\" id=\"3-pide-ayuda-si-lo-necesitas\">3. <strong>Pide ayuda si lo necesitas<\/strong><\/h2>\n\n\n\n<p>El familiar cuidador deja de atenderse a s\u00ed mismo para asistir a otros. Esto genera mucho estr\u00e9s y ansiedad\u2026 Por eso, <a href=\"https:\/\/miresi.es\/contacto\/\"  target=\"_blank\" rel=\"noreferrer noopener\" title=\"es hora de pedir ayuda\"  target=\"_blank\" rel=\"noreferrer noopener\" title=\"es hora de pedir ayuda\">es hora de pedir ayuda<\/a>.<\/p>\n\n\n\n<p style=\"font-size:10px\"><\/p>\n\n\n\n<p><strong>miResi<\/strong> cuenta con una <a href=\"https:\/\/miresi.es\/buscador\/\"  rel=\"noreferrer noopener\" title=\"amplia red de residencias en toda Espa\u00f1a\"  rel=\"noreferrer noopener\" title=\"amplia red de residencias en toda Espa\u00f1a\">amplia red de residencias en toda Espa\u00f1a<\/a>. Muchos de estos centros est\u00e1n especializados en salud mental incorporando <a href=\"https:\/\/miresi.es\/blog\/psicologia-en-residencias\/\"  target=\"_blank\" rel=\"noreferrer noopener\" title=\"servicios de psicolog\u00eda\"  target=\"_blank\" rel=\"noreferrer noopener\" title=\"servicios de psicolog\u00eda\">servicios de psicolog\u00eda<\/a> para mayores dentro de su oferta, adem\u00e1s de atenci\u00f3n psicol\u00f3gica a cuidadores.<\/p>\n\n\n\n<p>Tambi\u00e9n, funcionan como <strong>centros de rehabilitaci\u00f3n cognitiva<\/strong> para estimular la memoria del enfermo de Alzheimer (por ejemplo, mediante la musicoterapia). Todo esto dirigido por la <a href=\"https:\/\/miresi.es\/blog\/terapia-ocupacional-en-geriatria\/\"  target=\"_blank\" rel=\"noreferrer noopener\" title=\"terapia ocupacional en geriatr\u00eda\"  target=\"_blank\" rel=\"noreferrer noopener\" title=\"terapia ocupacional en geriatr\u00eda\">terapia ocupacional en geriatr\u00eda<\/a> y el servicio de atenci\u00f3n psicol\u00f3gica.<\/p>\n\n\n\n<div class=\"wp-block-buttons is-content-justification-center is-layout-flex wp-container-core-buttons-is-layout-16018d1d wp-block-buttons-is-layout-flex\">\n<div class=\"wp-block-button\"><a href=\"https:\/\/miresi.es\/buscador\/\"  rel=\"noreferrer noopener\"  rel=\"noreferrer noopener\">necesito los mejores cuidados profesionales<\/a><\/div>\n<\/div>\n\n\n\n<p style=\"font-size:10px\"><\/p>\n\n\n\n<p>Si quieres descubrir las <a href=\"https:\/\/miresi.es\/blog\/residencias-para-personas-con-problemas-de-salud-mental\/\"  target=\"_blank\" rel=\"noreferrer noopener\" title=\"3 residencias de Espa\u00f1a mejor valoradas en salud mental por miResi\"  target=\"_blank\" rel=\"noreferrer noopener\" title=\"3 residencias de Espa\u00f1a mejor valoradas en salud mental por miResi\">3 residencias de Espa\u00f1a mejor valoradas en salud mental por miResi<\/a>, te recomendamos leer nuestro \u00faltimo post.<\/p>\n\n\n\n<p>Queremos formar parte de tu familia \ud83d\udc9a<\/p>\n\n\n\n<p class=\"has-cyan-bluish-gray-color has-text-color\" style=\"font-size:10px\">Fuentes:<\/p>\n\n\n\n<ul class=\"has-cyan-bluish-gray-color has-text-color wp-block-list\" style=\"font-size:10px\"><li>Cuidum: <a href=\"https:\/\/www.cuidum.com\/blog\/consejos-para-convivir-con-una-persona-con-alzheimer-o-demencia\/\"  target=\"_blank\" rel=\"external nofollow\"   class=\"wp-links-icon\">https:\/\/www.cuidum.com\/blog\/consejos-para-convivir-con-una-persona-con-alzheimer-o-demencia\/<\/a><\/li><li>CINFASALUD: <a href=\"https:\/\/cinfasalud.cinfa.com\/p\/convivencia-con-pacientes-de-alzheimer\/\"  target=\"_blank\" rel=\"external nofollow\"   class=\"wp-links-icon\">https:\/\/cinfasalud.cinfa.com\/p\/convivencia-con-pacientes-de-alzheimer\/<\/a><\/li><li>NEURO Rehab Human Brain: <a href=\"https:\/\/neurorhb.com\/blog-dano-cerebral\/consejos-practicos-para-convivir-con-un-enfermo-de-alzheimer\/\"  target=\"_blank\" rel=\"external nofollow\"   class=\"wp-links-icon\">https:\/\/neurorhb.com\/blog-dano-cerebral\/consejos-practicos-para-convivir-con-un-enfermo-de-alzheimer\/<\/a><\/li><li>Atenzia: <a href=\"https:\/\/teleasistencia.es\/es\/blog\/informacion-sobre-alzheimer\/guia-para-vivir-con-una-persona-enferma-de-alzheimer\"  target=\"_blank\" rel=\"external nofollow\"   class=\"wp-links-icon\">https:\/\/teleasistencia.es\/es\/blog\/informacion-sobre-alzheimer\/guia-para-vivir-con-una-persona-enferma-de-alzheimer<\/a><\/li><\/ul>\n<div style='text-align:center' class='yasr-auto-insert-visitor'><!--Yasr Visitor Votes Shortcode--><div id='yasr_visitor_votes_7ecb06f44429a' class='yasr-visitor-votes'><div class=\"yasr-custom-text-vv-before yasr-custom-text-vv-before-10237\">\u00a1Haz clic para puntuar esta entrada!<\/div><div id='yasr-vv-second-row-container-7ecb06f44429a'\r\n                                        class='yasr-vv-second-row-container'><div id='yasr-visitor-votes-rater-7ecb06f44429a'\r\n                                      class='yasr-rater-stars-vv'\r\n                                      data-rater-postid='10237'\r\n                                      data-rating='0'\r\n                                      data-rater-starsize='32'\r\n                                      data-rater-readonly='false'\r\n                                      data-rater-nonce='df9b54cd3f'\r\n                                      data-issingular='false'\r\n                                    ><\/div><div class=\"yasr-vv-stats-text-container\" id=\"yasr-vv-stats-text-container-7ecb06f44429a\"><svg xmlns=\"https:\/\/www.w3.org\/2000\/svg\" width=\"20\" height=\"20\"\r\n                                   class=\"yasr-dashicons-visitor-stats\"\r\n                                   data-postid=\"10237\"\r\n                                   id=\"yasr-stats-dashicon-7ecb06f44429a\">\r\n                                   <path d=\"M18 18v-16h-4v16h4zM12 18v-11h-4v11h4zM6 18v-8h-4v8h4z\"><\/path>\r\n                               <\/svg><span id=\"yasr-vv-text-container-7ecb06f44429a\" class=\"yasr-vv-text-container\"> (Votos: <span id=\"yasr-vv-votes-number-container-7ecb06f44429a\">0<\/span>  Promedio: <span id=\"yasr-vv-average-container-7ecb06f44429a\">0<\/span>)<\/span><\/div><div id='yasr-vv-loader-7ecb06f44429a' class='yasr-vv-container-loader'><\/div><\/div><div id='yasr-vv-bottom-container-7ecb06f44429a'\r\n                              class='yasr-vv-bottom-container'\r\n                              style='display:none'><\/div><\/div><!--End Yasr Visitor Votes Shortcode--><\/div>","protected":false},"excerpt":{"rendered":"<p>Estar a cargo de una persona mayor con enfermedad cognitiva no es f\u00e1cil. Desde miResi te contamos en profundidad c\u00f3mo es vivir con una persona con Alzheimer.<\/p>\n","protected":false},"author":9,"featured_media":10254,"comment_status":"open","ping_status":"open","sticky":false,"template":"","format":"standard","meta":{"yasr_overall_rating":0,"yasr_post_is_review":"","yasr_auto_insert_disabled":"","yasr_review_type":"","footnotes":""},"categories":[382,12,385],"tags":[336,425,334,88,833,965],"class_list":["post-10237","post","type-post","status-publish","format-standard","has-post-thumbnail","hentry","category-memoria","category-patologias","category-relaciones","tag-alzheimer-en-personas-mayores","tag-cuidados-para-alzheimer","tag-demencias-en-mayores","tag-residencias-para-alzheimer","tag-sindrome-del-cuidador-quemado","tag-terapia-de-reminiscencia"],"yasr_visitor_votes":{"stars_attributes":{"read_only":false,"span_bottom":false},"number_of_votes":0,"sum_votes":0},"_links":{"self":[{"href":"https:\/\/miresi.es\/blog\/wp-json\/wp\/v2\/posts\/10237","targetHints":{"allow":["GET"]}}],"collection":[{"href":"https:\/\/miresi.es\/blog\/wp-json\/wp\/v2\/posts"}],"about":[{"href":"https:\/\/miresi.es\/blog\/wp-json\/wp\/v2\/types\/post"}],"author":[{"embeddable":true,"href":"https:\/\/miresi.es\/blog\/wp-json\/wp\/v2\/users\/9"}],"replies":[{"embeddable":true,"href":"https:\/\/miresi.es\/blog\/wp-json\/wp\/v2\/comments?post=10237"}],"version-history":[{"count":29,"href":"https:\/\/miresi.es\/blog\/wp-json\/wp\/v2\/posts\/10237\/revisions"}],"predecessor-version":[{"id":24896,"href":"https:\/\/miresi.es\/blog\/wp-json\/wp\/v2\/posts\/10237\/revisions\/24896"}],"wp:featuredmedia":[{"embeddable":true,"href":"https:\/\/miresi.es\/blog\/wp-json\/wp\/v2\/media\/10254"}],"wp:attachment":[{"href":"https:\/\/miresi.es\/blog\/wp-json\/wp\/v2\/media?parent=10237"}],"wp:term":[{"taxonomy":"category","embeddable":true,"href":"https:\/\/miresi.es\/blog\/wp-json\/wp\/v2\/categories?post=10237"},{"taxonomy":"post_tag","embeddable":true,"href":"https:\/\/miresi.es\/blog\/wp-json\/wp\/v2\/tags?post=10237"}],"curies":[{"name":"wp","href":"https:\/\/api.w.org\/{rel}","templated":true}]}}