{"id":1050,"date":"2021-07-26T09:01:44","date_gmt":"2021-07-26T08:01:44","guid":{"rendered":"https:\/\/miresi.es\/blog\/?p=1050"},"modified":"2024-03-06T13:05:27","modified_gmt":"2024-03-06T12:05:27","slug":"decalogo-para-el-cuidado-de-personas-mayores","status":"publish","type":"post","link":"https:\/\/miresi.es\/blog\/decalogo-para-el-cuidado-de-personas-mayores\/","title":{"rendered":"10 Consejos para el Cuidado de Personas Mayores"},"content":{"rendered":"\n<p>Hoy, <b>26 de julio <\/b>se celebra el <b>D\u00eda de los Abuelos<\/b>, esas personas tan especiales que son una figura esencial en las familias. Crean un v\u00ednculo \u00fanico con los <b>nietos <\/b>y son portadores de sabidur\u00eda, amor, ternura y buenos consejos. Por eso es tan importante el <b>cuidado de personas mayores<\/b> y abuelos.<\/p>\n\n\n\n<p>El origen de este d\u00eda es cristiano, ya que se celebran los santos de San Joaqu\u00edn y Santa Ana, padres de la Virgen Mar\u00eda y por tanto abuelos de Jesucristo. Sin embargo, la <b>ONU<\/b> promueve una jornada internacional que celebra y recuerda a las personas mayores, el<a href=\"https:\/\/www.un.org\/en\/observances\/older-persons-day\"  target=\"_blank\" rel=\"external nofollow\"  target=\"_blank\" rel=\"noreferrer noopener\" title=\"https:\/\/www.un.org\/en\/observances\/older-persons-day\"  class=\"wp-links-icon\"><b> D\u00eda Internacional de las Personas de Edad<\/b><\/a>, el 1 de octubre.\u00a0<\/p>\n\n\n\n<p>Hoy te contamos por qu\u00e9 es importante cuidar a nuestros abuelos y c\u00f3mo hacerlo de la mejor manera. Para ello, en\u00a0<a href=\"https:\/\/miresi.es\/\"  ><b>miResi<\/b><\/a>\u00a0os hemos\u00a0creado este <b>dec\u00e1logo para el cuidado de personas mayores<\/b>.<\/p>\n\n\n\n<p>\ud83e\uddd1\ud83c\udffe\u200d\ud83e\uddb3\ud83d\udc68\ud83c\udffb\u200d\ud83e\uddb3\u00a1Nuestros abuelos se merecen todo el cari\u00f1o del mundo!\ud83d\udc9a<\/p>\n\n\n\n<div class=\"wp-block-buttons is-horizontal is-content-justification-center is-layout-flex wp-container-core-buttons-is-layout-499968f5 wp-block-buttons-is-layout-flex\">\n<div class=\"wp-block-button\"><a href=\"https:\/\/miresi.es\/buscador\/\"  rel=\"noreferrer noopener\"  rel=\"noreferrer noopener\">Consigue los mejores cuidados<\/a><\/div>\n<\/div>\n\n\n\n<div style=\"height:10px\" aria-hidden=\"true\" class=\"wp-block-spacer\"><\/div>\n\n\n\n<h2 class=\"wp-block-heading\" id=\"1-la-importancia-del-cuidado-de-personas-mayores\">1. La importancia del cuidado de personas mayores<\/h2>\n\n\n\n<p>Los abuelos son un eje fundamental para <b>hijos<\/b> y <b>nietos<\/b>, y siempre est\u00e1n pendientes del bienestar de todos. Incluso cuando su propia salud es delicada. Son personas que siempre dejan marca, y son los primeros en mostrarnos su <b>cari\u00f1o<\/b> y <b>apoyo<\/b> incondicional durante toda la vida.\u00a0<\/p>\n\n\n\n<p>En la actualidad, gracias a que nuestros mayores ya est\u00e1n <b>vacunados <\/b>contra el<b> Covid-19<\/b>, los ni\u00f1os pueden volver a pasar tiempo con sus abuelos, lo que hace que se forme una uni\u00f3n y un v\u00ednculo muy especial que dura toda la vida. Por ello, los abuelos son integradores en la familia y elemento indispensable en la vida de muchos adultos.<\/p>\n\n\n\n<p>Hacerse mayor forma parte natural de la vida, y todos los miembros de la familia tienen que aprender a convivir con el paso del tiempo. Es normal que <a href=\"https:\/\/miresi.es\/blog\/que-es-la-vejez\/\"  target=\"_blank\" rel=\"noopener\"  target=\"_blank\" rel=\"noopener\"><b>la vejez<\/b><\/a> vaya acompa\u00f1ada de ciertas limitaciones, tanto f\u00edsicas como cognitivas, por lo que es muy importante cuidar de la salud de nuestros abuelos. De este modo, les devolvemos los cuidados que ellos nos han dado durante toda nuestra vida. Y, adem\u00e1s, les proporcionaremos el <strong>bienestar<\/strong> que se merecen.\u00a0<\/p>\n\n\n\n<figure class=\"wp-block-image\"><img decoding=\"async\" src=\"https:\/\/miresi.es\/blog\/wp-content\/uploads\/2021\/07\/muslim-grandparents-with-their-grandchild-2021-04-02-19-56-59-utc-1024x683.jpg\" alt=\"Los nietos son importantes para el cuidado de personas mayores\"\/><figcaption>Los abuelos y nietos generan un v\u00ednculo \u00fanico que dura toda la vida.<\/figcaption><\/figure>\n\n\n\n<h2 class=\"wp-block-heading\" id=\"2-10-consejos-para-cuidar-de-los-abuelos\">2. 10 Consejos para cuidar de los abuelos<\/h2>\n\n\n\n<p>A continuaci\u00f3n te mostramos nuestros <strong>10 consejos para el <\/strong><b>cuidado de los abuelos<\/b>. Hay tantos consejos como abuelos y familias en el mundo, pero si se tienen en cuenta estas recomendaciones b\u00e1sicas, el bienestar de los mayores estar\u00e1 asegurado.<\/p>\n\n\n\n<div class=\"wp-block-buttons is-horizontal is-content-justification-center is-layout-flex wp-container-core-buttons-is-layout-499968f5 wp-block-buttons-is-layout-flex\">\n<div class=\"wp-block-button\"><a href=\"https:\/\/miresi.es\/\"  target=\"_blank\" rel=\"noreferrer noopener\"  target=\"_blank\" rel=\"noreferrer noopener\">descubre tu residencia ideal<\/a><\/div>\n<\/div>\n\n\n\n<h3 class=\"wp-block-heading\" id=\"2-1-ser-educado-y-respetuoso\">2.1. Ser educado y respetuoso<\/h3>\n\n\n\n<p>Es muy importante tratar a los abuelos con <b>respeto<\/b> y <b>educaci\u00f3n<\/b>. A veces, las personas mayores pueden hacer las mismas preguntas una y otra vez, o puede ser que tengan muchas dificultades para entender lo que decimos. No es necesario perder los papeles. Su <b>capacidad cognitiva<\/b> se reduce con la edad, por lo que es normal que presenten este tipo de problemas.\u00a0<\/p>\n\n\n\n<p>Mant\u00e9n un todo calmado, esc\u00fachales con paciencia y hazles saber que les quieres. Es el primer paso para tratarles con <b>integridad<\/b>.<\/p>\n\n\n\n<h3 class=\"wp-block-heading\" id=\"2-2-pasar-tiempo-con-ellos\">2.2. Pasar tiempo con ellos<\/h3>\n\n\n\n<p>La <b>soledad<\/b> es considerada la epidemia del siglo XXI, y es un grave problema de <b>salud p\u00fablica<\/b>. Muchos abuelos y personas mayores sufren <b>aislamiento social. <\/b>Y esto pone en riesgo su <b>salud mental. <\/b>Adem\u00e1s,\u00a0puede acelerar la aparici\u00f3n de alg\u00fan tipo de <b>demencia<\/b>.<\/p>\n\n\n\n<p>Por ello, es esencial que pasemos <b>tiempo <\/b>con ellos, y que el tiempo que les dediquemos sea de calidad. Se pueden realizar multitud de <a href=\"https:\/\/miresi.es\/blog\/actividades-para-realizar-con-los-abuelos\/\"  target=\"_blank\" rel=\"noopener\"  target=\"_blank\" rel=\"noopener\">actividades con los abuelos<\/a>, como pasear, ver pel\u00edculas, cocinar, buscar fotograf\u00edas antiguas, etc. Los abuelos son personas que han vivido mucho, por lo que siempre es interesante preguntarles acerca de sus vidas. Tienen multitud de an\u00e9cdotas, historias y consejos de los que aprender.<\/p>\n\n\n\n<h3 class=\"wp-block-heading\" id=\"2-3-ayudar-con-las-tareas-diarias\">2.3. Ayudar con las tareas diarias<\/h3>\n\n\n\n<p>Por lo general, las personas empiezan a presentar <b>dificultades de movilidad <\/b>con la edad. Cada vez les cuesta m\u00e1s caminar, y empiezan a necesitar ayuda para realizar las tareas de la vida diaria. Por eso, ayudarles a <b>realizar las tareas del hogar<\/b>, como la limpieza, la compra o a ordenar la casa, es de gran valor. As\u00ed ellos pueden sentirse m\u00e1s c\u00f3modos y menos preocupados. Adem\u00e1s, les encantar\u00e1 que pasemos tiempo con ellos.<\/p>\n\n\n\n<p>Tambi\u00e9n es importante que nos cuenten de qu\u00e9 manera podemos ayudarles para ser m\u00e1s eficaces con los cuidados.<\/p>\n\n\n\n<h3 class=\"wp-block-heading\" id=\"2-4-apoyarles-con-sus-proyectos\">2.4. Apoyarles con sus proyectos<\/h3>\n\n\n\n<p>Ser mayor no significa no tener sue\u00f1os, proyectos ni ambiciones. La vejez es el mejor momento para realizar todo aquello que no se ha podido antes, ya que el tiempo libre es mayor. Los abuelos pueden tener proyectos en los que trabajar, de modo que ayudarles les har\u00e1 sentir queridos y apoyados.\u00a0<\/p>\n\n\n\n<p>Adem\u00e1s, <b>ayudarles a realizar sus proyectos<\/b> har\u00e1 que se mantengan activos, tanto f\u00edsica como mentalmente.<\/p>\n\n\n\n<h3 class=\"wp-block-heading\" id=\"2-5-cuidar-su-salud\">2.5. Cuidar su salud<\/h3>\n\n\n\n<p>A medida que los seres humanos nos vamos haciendo mayores, la salud va empeorando, y empiezan a aparecer diferentes problemas. Es importante estar al tanto de la <b>salud de los mayores<\/b>, preguntarles c\u00f3mo se encuentran y actuar de manera r\u00e1pida en caso de que necesiten atenci\u00f3n sanitaria. No hay que subestimar las dolencias de los mayores y buscar soluciones r\u00e1pidas.<\/p>\n\n\n\n<p>Del mismo modo, como consecuencia del <b>envejecimiento<\/b>, muchos abuelos toman medicamentos y pastillas. No est\u00e1 de m\u00e1s que estemos atentos de que no se olviden, as\u00ed como de ir a comprarlas a la farmacia cada vez que se acaban.<\/p>\n\n\n\n<h3 class=\"wp-block-heading\" id=\"2-6-generar-un-ambiente-comodo-y-seguro\">2.6. Generar un ambiente c\u00f3modo y seguro<\/h3>\n\n\n\n<p>Los mayores necesitan tener un <b>hogar<\/b> y un entorno que les haga sentir seguros. Para ello, probablemente ser\u00e1 necesario modificar algunos aspectos del hogar para que no se encuentren con dificultades ni <b>barreras arquitect\u00f3nicas<\/b>.\u00a0<\/p>\n\n\n\n<p>Asimismo, si el mayor necesita alg\u00fan tipo de <b>ayuda t\u00e9cnica<\/b> como bast\u00f3n, silla de ruedas o andador, es muy importante que dispongan de ello para poder mantener su independencia y autonom\u00eda durante el mayor tiempo posible.<\/p>\n\n\n\n<h3 class=\"wp-block-heading\" id=\"2-7-promocionar-el-envejecimiento-activo\">2.7. Promocionar el envejecimiento activo<\/h3>\n\n\n\n<p>El <b>envejecimiento activo<\/b> es clave para que la vejez sea una etapa donde poder seguir disfrutando de la vida social, familiar y personal de una forma sana. Seg\u00fan la <b>Organizaci\u00f3n Mundial de la Salud <\/b>(<b>OMS<\/b>) el envejecimiento activo es el proceso de optimizaci\u00f3n de oportunidades de salud, participaci\u00f3n y seguridad, con el objetivo de mejorar la calidad de vida a medida que las personas envejecen.\u00a0<\/p>\n\n\n\n<p>El objetivo del envejecimiento activo, por tanto, es mantener el mayor tiempo posible la m\u00e1xima <b>calidad y esperanza de vida de los mayores<\/b>. Y, para ello, es necesario ayudarles a llevar pautas y <b>actividades saludables<\/b> que cuiden y velen por su salud.<\/p>\n\n\n\n<h3 class=\"wp-block-heading\" id=\"2-8-mantener-sus-relaciones-sociales\">2.8. Mantener sus relaciones sociales<\/h3>\n\n\n\n<p>Para ayudar a evitar la soledad en las personas mayores, y para cuidar de su salud mental, es necesario que los abuelos mantengan su <b>red de relaciones. <\/b>Incluidas las\u00a0familiares y las amistades. A trav\u00e9s de la <b>sociabilizaci\u00f3n<\/b> podemos ayudarles a evitar la soledad y la tristeza, incluso podemos hacer que mantengan su independencia durante m\u00e1s tiempo.\u00a0<\/p>\n\n\n\n<p>Podemos ayudarles a organizar encuentros con sus seres queridos, llevarles a estos encuentros o incluso ayudarles a preparar una comida en casa con sus amigos de toda la vida. Adem\u00e1s, si les acompa\u00f1amos se sentir\u00e1n queridos y felices por compartir esos momentos con sus nosotros.<\/p>\n\n\n\n<h3 class=\"wp-block-heading\" id=\"2-9-tener-tiempo-para-descansar\">2.9. Tener tiempo para descansar<\/h3>\n\n\n\n<p>Es normal que, en algunos momentos, los que <a href=\"https:\/\/miresi.es\/blog\/10-consejos-para-cuidar-de-personas-mayores-en-casa\/\"  target=\"_blank\" rel=\"noopener\"  target=\"_blank\" rel=\"noopener\">cuidamos a nuestros mayores en casa<\/a> nos podamos sentir abrumados o agotados. Los abuelos son personas que demandan mucha atenci\u00f3n y puede producir mucho <b>agotamiento mental<\/b>. Por ello, es necesario descansar bien y tener tiempo para cuidarnos. De esta manera garantizamos nuestro bienestar y el del mayor.<\/p>\n\n\n\n<h3 class=\"wp-block-heading\" id=\"2-10-buscar-ayuda-si-es-necesaria\">2.10. Buscar ayuda si es necesaria<\/h3>\n\n\n\n<p>Hay ocasiones, en el que los abuelos empiezan a necesitar ayuda profesional, ya que en casa, los cuidados que se les pueden dar son limitados. Adem\u00e1s, es posible que empiecen a aparecer patolog\u00edas espec\u00edficas como el <a href=\"https:\/\/miresi.es\/blog\/primeros-sintomas-del-alzheimer\/\"  target=\"_blank\" rel=\"noopener\"  target=\"_blank\" rel=\"noopener\"><b>Alzheimer<\/b><\/a>, el <b>Parkinson<\/b> u otro tipo de <b>demencias<\/b>.\u00a0<\/p>\n\n\n\n<p>En estos casos es necesario buscar ayuda profesional que garantice el cuidado y el bienestar adecuado que los mayores necesitan. Existen diferentes tipos de ayudas y cuidados, como la <a href=\"https:\/\/miresi.es\/en-casa-centro-de-dia-o-residencia\/\"  target=\"_blank\" rel=\"noopener\"  target=\"_blank\" rel=\"noopener\"><b>ayuda a domicilio<\/b>, el <b>centro de d\u00eda<\/b> o la <b>residencia de mayores<\/b><\/a>.\u00a0<\/p>\n\n\n\n<p><a href=\"https:\/\/miresi.es\/buscador\/\"  rel=\"noreferrer noopener\"  rel=\"noreferrer noopener\"><b>Buscar una residencia de mayores<\/b><\/a> siempre es una buena opci\u00f3n cuando el hogar no es un lugar seguro y se necesitan cuidados asistenciales especiales. <a href=\"https:\/\/miresi.es\/que-es-una-residencia-de-ancianos\/\"  target=\"_blank\" rel=\"noopener\"  target=\"_blank\" rel=\"noopener\">Las residencias<\/a> tienen el objetivo de cuidar de la salud de las personas mayores, as\u00ed como de generar confianza a las familias y residentes.<\/p>\n\n\n\n<figure class=\"wp-block-image\"><img decoding=\"async\" src=\"https:\/\/miresi.es\/blog\/wp-content\/uploads\/2021\/07\/girl-with-grandparents-at-sunset-2021-04-28-20-36-27-utc-1024x683.jpg\" alt=\"Cuidado de personas mayores: abuelos y nieta paseando\"\/><figcaption>Nuestros abuelos nos quieren, gu\u00edan y ense\u00f1an. Son personas claves en nuestra vida.<\/figcaption><\/figure>\n\n\n\n<p>Nuestros mayores y abuelos nos cuidan, ense\u00f1an y nos gu\u00edan. Por eso, aunque hoy sea el<strong> D\u00eda de los Abuelos<\/strong>, desde miResi os recordamos que hay que cuidarles y quererles todos los d\u00edas.\u00a0<\/p>\n\n\n\n<p>\ud83e\udd70\u00a1Quien tiene un abuelo tiene un tesoro!\ud83d\udc51<\/p>\n\n\n\n<div class=\"wp-block-buttons is-horizontal is-content-justification-center is-layout-flex wp-container-core-buttons-is-layout-499968f5 wp-block-buttons-is-layout-flex\">\n<div class=\"wp-block-button\"><a href=\"https:\/\/miresi.es\/buscador\/\"  rel=\"noreferrer noopener\"  rel=\"noreferrer noopener\">Buscar residencias<\/a><\/div>\n<\/div>\n<div style='text-align:center' class='yasr-auto-insert-visitor'><!--Yasr Visitor Votes Shortcode--><div id='yasr_visitor_votes_71793ba26cf66' class='yasr-visitor-votes'><div class=\"yasr-custom-text-vv-before yasr-custom-text-vv-before-1050\">\u00a1Haz clic para puntuar esta entrada!<\/div><div id='yasr-vv-second-row-container-71793ba26cf66'\r\n                                        class='yasr-vv-second-row-container'><div id='yasr-visitor-votes-rater-71793ba26cf66'\r\n                                      class='yasr-rater-stars-vv'\r\n                                      data-rater-postid='1050'\r\n                                      data-rating='1.5'\r\n                                      data-rater-starsize='32'\r\n                                      data-rater-readonly='false'\r\n                                      data-rater-nonce='4d05b5a2cb'\r\n                                      data-issingular='false'\r\n                                    ><\/div><div class=\"yasr-vv-stats-text-container\" id=\"yasr-vv-stats-text-container-71793ba26cf66\"><svg xmlns=\"https:\/\/www.w3.org\/2000\/svg\" width=\"20\" height=\"20\"\r\n                                   class=\"yasr-dashicons-visitor-stats\"\r\n                                   data-postid=\"1050\"\r\n                                   id=\"yasr-stats-dashicon-71793ba26cf66\">\r\n                                   <path d=\"M18 18v-16h-4v16h4zM12 18v-11h-4v11h4zM6 18v-8h-4v8h4z\"><\/path>\r\n                               <\/svg><span id=\"yasr-vv-text-container-71793ba26cf66\" class=\"yasr-vv-text-container\"> (Votos: <span id=\"yasr-vv-votes-number-container-71793ba26cf66\">2<\/span>  Promedio: <span id=\"yasr-vv-average-container-71793ba26cf66\">1.5<\/span>)<\/span><\/div><div id='yasr-vv-loader-71793ba26cf66' class='yasr-vv-container-loader'><\/div><\/div><div id='yasr-vv-bottom-container-71793ba26cf66'\r\n                              class='yasr-vv-bottom-container'\r\n                              style='display:none'><\/div><\/div><!--End Yasr Visitor Votes Shortcode--><\/div>","protected":false},"excerpt":{"rendered":"<p>Para celebrar el D\u00eda de los Abuelos, en miResi hemos creado un dec\u00e1logo con los 10 consejos m\u00e1s importantes para el cuidado de personas mayores.<\/p>\n","protected":false},"author":3,"featured_media":1076,"comment_status":"open","ping_status":"open","sticky":false,"template":"","format":"standard","meta":{"yasr_overall_rating":0,"yasr_post_is_review":"","yasr_auto_insert_disabled":"","yasr_review_type":"","footnotes":""},"categories":[26],"tags":[259,40,260,74,77,83,258],"class_list":["post-1050","post","type-post","status-publish","format-standard","has-post-thumbnail","hentry","category-envejecimiento","tag-abuelos","tag-abuelos-y-nietos","tag-cuidado-a-abuelos","tag-cuidado-de-ancianos","tag-cuidado-de-personas-mayores","tag-cuidados-familiares","tag-dia-de-los-abuelos"],"yasr_visitor_votes":{"stars_attributes":{"read_only":false,"span_bottom":false},"number_of_votes":2,"sum_votes":3},"_links":{"self":[{"href":"https:\/\/miresi.es\/blog\/wp-json\/wp\/v2\/posts\/1050","targetHints":{"allow":["GET"]}}],"collection":[{"href":"https:\/\/miresi.es\/blog\/wp-json\/wp\/v2\/posts"}],"about":[{"href":"https:\/\/miresi.es\/blog\/wp-json\/wp\/v2\/types\/post"}],"author":[{"embeddable":true,"href":"https:\/\/miresi.es\/blog\/wp-json\/wp\/v2\/users\/3"}],"replies":[{"embeddable":true,"href":"https:\/\/miresi.es\/blog\/wp-json\/wp\/v2\/comments?post=1050"}],"version-history":[{"count":31,"href":"https:\/\/miresi.es\/blog\/wp-json\/wp\/v2\/posts\/1050\/revisions"}],"predecessor-version":[{"id":22240,"href":"https:\/\/miresi.es\/blog\/wp-json\/wp\/v2\/posts\/1050\/revisions\/22240"}],"wp:featuredmedia":[{"embeddable":true,"href":"https:\/\/miresi.es\/blog\/wp-json\/wp\/v2\/media\/1076"}],"wp:attachment":[{"href":"https:\/\/miresi.es\/blog\/wp-json\/wp\/v2\/media?parent=1050"}],"wp:term":[{"taxonomy":"category","embeddable":true,"href":"https:\/\/miresi.es\/blog\/wp-json\/wp\/v2\/categories?post=1050"},{"taxonomy":"post_tag","embeddable":true,"href":"https:\/\/miresi.es\/blog\/wp-json\/wp\/v2\/tags?post=1050"}],"curies":[{"name":"wp","href":"https:\/\/api.w.org\/{rel}","templated":true}]}}