{"id":12617,"date":"2022-03-07T21:16:32","date_gmt":"2022-03-07T20:16:32","guid":{"rendered":"https:\/\/miresi.es\/blog\/?p=12617"},"modified":"2026-04-23T18:11:22","modified_gmt":"2026-04-23T17:11:22","slug":"residencias-de-ancianos-por-menos-de-1000-euros-en-guadalajara","status":"publish","type":"post","link":"https:\/\/miresi.es\/blog\/residencias-de-ancianos-por-menos-de-1000-euros-en-guadalajara\/","title":{"rendered":"Residencias de Ancianos por Menos de 1000 Euros en Guadalajara"},"content":{"rendered":"\n<p>Sabemos que uno de los requisitos de las familias a la hora de ingresar a su mayor en una residencia es el precio. Por eso, hoy <a href=\"https:\/\/miresi.es\"  target=\"_blank\" rel=\"noreferrer noopener\"  target=\"_blank\" rel=\"noreferrer noopener\">miResi<\/a> te habla de <strong>residencias de ancianos<\/strong> <strong>por menos de 1000 euros en Guadalajara<\/strong>.<\/p>\n\n\n\n<p>Las residencias geri\u00e1tricas suponen una inversi\u00f3n en <a href=\"https:\/\/miresi.es\/buscador\/\"  rel=\"noreferrer noopener\"  rel=\"noreferrer noopener\">elegir los mejores cuidados para las personas mayores<\/a>.<\/p>\n\n\n\n<p>A pesar de que tienen un coste alto que la mayor\u00eda de veces sobrepasar\u00e1 los 1000 euros, nuestro equipo de asesoramiento familiar trabaja cada d\u00eda por <strong>ofrecerte la residencia ideal teniendo en cuenta tus necesidades<\/strong>.<\/p>\n\n\n\n<div class=\"wp-block-buttons is-content-justification-center is-layout-flex wp-container-core-buttons-is-layout-16018d1d wp-block-buttons-is-layout-flex\">\n<div class=\"wp-block-button\"><a href=\"https:\/\/miresi.es\/buscador\/\"  rel=\"noreferrer noopener\"  rel=\"noreferrer noopener\">Encontrar residencia en Guadalajara<\/a><\/div>\n<\/div>\n\n\n\n<div style=\"height:10px\" aria-hidden=\"true\" class=\"wp-block-spacer\"><\/div>\n\n\n\n<h2 class=\"wp-block-heading\">1. <strong>Las mejores residencias de ancianos por menos de 1000 euros en Guadalajara<\/strong><\/h2>\n\n\n\n<p>El Centro Residencial de la Tercera Edad La Luz, la Residencia Santa \u00c1gueda o la Residencia Geri\u00e1trica Buend\u00eda son <strong>tres de las mejores residencias de ancianos por menos<\/strong> <strong>de 1000 euros en Guadalajara<\/strong>.<\/p>\n\n\n\n<p>Te hablamos sobre ellas:<\/p>\n\n\n\n<h3 class=\"wp-block-heading\">1.1. <strong><a href=\"https:\/\/miresi.es\/guadalajara\/lupiana\/residencia-la-luz-guadalajara\/\"  target=\"_blank\" rel=\"noreferrer noopener\"  target=\"_blank\" rel=\"noreferrer noopener\">Centro Residencial de la Tercera Edad La Luz<\/a><\/strong><\/h3>\n\n\n\n<p>El Centro Residencial De La Tercera Edad La Luz se fund\u00f3 en 1999 en la localidad de <a href=\"http:\/\/www.turismocastillalamancha.es\/patrimonio\/lupiana-34731\/descripcion\/\"  target=\"_blank\" rel=\"external nofollow\"  target=\"_blank\" rel=\"noreferrer noopener nofollow\"  class=\"wp-links-icon\">Lupiana<\/a>, <strong>apenas a 10 minutos de Guadalajara<\/strong>. M\u00e1s de 20 a\u00f1os dedicados al cuidado y atenci\u00f3n de ancianos avalan su experiencia. Por eso, es una de las mejores opciones de la provincia y alrededores.<\/p>\n\n\n\n<p><strong>Esta residencia es el hogar de ancianos y residentes jubilados<\/strong> que valoran su independencia, estilo de vida saludable y atenci\u00f3n m\u00e9dica. Su misi\u00f3n es enriquecer <a href=\"https:\/\/miresi.es\/blog\/indice-de-envejecimiento-analisis-en-profundidad\/\"  target=\"_blank\" rel=\"noreferrer noopener\"  target=\"_blank\" rel=\"noreferrer noopener\">la experiencia del envejecimiento<\/a> proporcionando todos los servicios que para ello precisan los residentes.<\/p>\n\n\n\n<p>En La Luz, apuestan por un trato cercano y una atenci\u00f3n personalizada en un <strong>ambiente familiar y acogedor<\/strong>.<\/p>\n\n\n\n<p>\u00a1Todo para que los residentes se sientan como en casa!<\/p>\n\n\n\n<h4 class=\"wp-block-heading\">1.1.1. <strong>Un lugar acogedor<\/strong><\/h4>\n\n\n\n<p>El edificio est\u00e1 formado por dos plantas con ascensor. Esto <strong>facilita la accesibilidad para personas mayores<\/strong> con alg\u00fan tipo de <a href=\"https:\/\/miresi.es\/blog\/grados-de-discapacidad\/\"  target=\"_blank\" rel=\"noreferrer noopener\"  target=\"_blank\" rel=\"noreferrer noopener\">discapacidad o minusval\u00eda<\/a>.<\/p>\n\n\n\n<p>Est\u00e1 formado por<strong> varias salas con sillones y butacas<\/strong> donde poder compartir momentos con los dem\u00e1s residentes. Adem\u00e1s de otras salas m\u00e1s \u00edntimas para visitas familiares.&nbsp;<\/p>\n\n\n\n<p>Asimismo, <strong>las habitaciones pueden ser dobles o individuales<\/strong>. Cuentan con un ba\u00f1o adaptado y un timbre accesible tanto desde la propia cama como en el ba\u00f1o. Tambi\u00e9n, armario individual, televisi\u00f3n y una ventana al exterior donde se encuentra un bonito porche y un patio al aire libre.<\/p>\n\n\n\n<div class=\"wp-block-image\"><figure class=\"aligncenter size-full\"><img decoding=\"async\" width=\"768\" height=\"576\" src=\"https:\/\/miresi.es\/blog\/wp-content\/uploads\/2022\/03\/Centro_Residencial_De_La_Tercera_Edad_La_Luz_-_bano.jpeg\" alt=\"Residencias de ancianos por menos de 1000 euros en Guadalajara: ba\u00f1o del Centro Residencial de la Tercera Edad La Luz\" class=\"wp-image-12632\" title=\"Residencias de ancianos por menos de 1000 euros en Guadalajara: ba\u00f1o del Centro Residencial de la Tercera Edad La Luz\" srcset=\"https:\/\/miresiblog.imgix.net\/uploads\/2022\/03\/Centro_Residencial_De_La_Tercera_Edad_La_Luz_-_bano.jpeg?auto=format%2Ccompress&amp;ixlib=php-3.3.0&amp;w=768&amp;s=23b238ce22f99ed587e446de312ead41 768w, https:\/\/miresiblog.imgix.net\/uploads\/2022\/03\/Centro_Residencial_De_La_Tercera_Edad_La_Luz_-_bano.jpeg?auto=format%2Ccompress&amp;fit=crop&amp;h=225&amp;ixlib=php-3.3.0&amp;w=300&amp;s=b2edbea7e653236dd32d2c61f631dcc2 300w, https:\/\/miresiblog.imgix.net\/uploads\/2022\/03\/Centro_Residencial_De_La_Tercera_Edad_La_Luz_-_bano.jpeg?auto=format%2Ccompress&amp;fit=crop&amp;h=270&amp;ixlib=php-3.3.0&amp;w=360&amp;s=11d48b54b4e44db643b995edbe22ae2a 360w\" sizes=\"(max-width: 768px) 100vw, 768px\" \/><figcaption>Ba\u00f1o adaptado del <a href=\"https:\/\/miresi.es\/guadalajara\/lupiana\/residencia-la-luz-guadalajara\/\"  target=\"_blank\" rel=\"noreferrer noopener\"  target=\"_blank\" rel=\"noreferrer noopener\">Centro Residencial de la Tercera Edad La Luz<\/a><\/figcaption><\/figure><\/div>\n\n\n\n<h4 class=\"wp-block-heading\">1.1.2. <strong>Cuidados<\/strong><\/h4>\n\n\n\n<p>Tu mayor se sentir\u00e1 como en casa, tanto por las instalaciones como por los servicios que ofrece este centro residencial.<\/p>\n\n\n\n<p><strong>El servicio m\u00e9dico y de enfermer\u00eda son internos<\/strong>, por lo que tienen una cobertura diaria completa con disponibilidad para urgencias y casos inmediatos. Un enfermero y 10 auxiliares se encargan de garantizar las buenas condiciones de salud del mayor. Tambi\u00e9n disponen de un servicio de farmacia propio que agiliza el tratamiento y la curaci\u00f3n del mayor enfermo.<\/p>\n\n\n\n<div class=\"wp-block-image\"><figure class=\"aligncenter size-full\"><img decoding=\"async\" width=\"768\" height=\"576\" src=\"https:\/\/miresi.es\/blog\/wp-content\/uploads\/2022\/03\/Centro_Residencial_De_La_Tercera_Edad_La_Luz_-_medico.jpeg\" alt=\"Residencias de ancianos por menos de 1000 euros en Guadalajara: servicio m\u00e9dico interno del Centro Residencial de la Tercera Edad La Luz\" class=\"wp-image-12638\" title=\"Residencias de ancianos por menos de 1000 euros en Guadalajara: servicio m\u00e9dico interno del Centro Residencial de la Tercera Edad La Luz\" srcset=\"https:\/\/miresiblog.imgix.net\/uploads\/2022\/03\/Centro_Residencial_De_La_Tercera_Edad_La_Luz_-_medico.jpeg?auto=format%2Ccompress&amp;ixlib=php-3.3.0&amp;w=768&amp;s=0effd7e76db365baebcf8b7fb4c2da92 768w, https:\/\/miresiblog.imgix.net\/uploads\/2022\/03\/Centro_Residencial_De_La_Tercera_Edad_La_Luz_-_medico.jpeg?auto=format%2Ccompress&amp;fit=crop&amp;h=225&amp;ixlib=php-3.3.0&amp;w=300&amp;s=77ee413420290ea7269e8123e87756a8 300w, https:\/\/miresiblog.imgix.net\/uploads\/2022\/03\/Centro_Residencial_De_La_Tercera_Edad_La_Luz_-_medico.jpeg?auto=format%2Ccompress&amp;fit=crop&amp;h=270&amp;ixlib=php-3.3.0&amp;w=360&amp;s=2e3c3e389dda70abc530ae06c35568ad 360w\" sizes=\"(max-width: 768px) 100vw, 768px\" \/><figcaption>Servicio m\u00e9dico interno del <a href=\"https:\/\/miresi.es\/guadalajara\/lupiana\/residencia-la-luz-guadalajara\/\"  target=\"_blank\" rel=\"noreferrer noopener\"  target=\"_blank\" rel=\"noreferrer noopener\">Centro Residencial de la Tercera Edad La Luz<\/a><\/figcaption><\/figure><\/div>\n\n\n\n<p>Asimismo, este centro conoce la importancia que tiene la <a href=\"https:\/\/miresi.es\/blog\/fisioterapia-en-residencias\/\"  target=\"_blank\" rel=\"noreferrer noopener\"  target=\"_blank\" rel=\"noreferrer noopener\">fisioterapia en geriatr\u00eda<\/a> para frenar el deterioro f\u00edsico del mayor o a modo de<strong> terapia de rehabilitaci\u00f3n de cadera<\/strong>. Por ello, se imparten sesiones de fisioterapia grupal e individual en un entorno ideal. Un gimnasio donde los mayores pueden ejercitarse y <a href=\"https:\/\/miresi.es\/blog\/como-combatir-la-falta-de-autoestima-en-mayores\/\"  target=\"_blank\" rel=\"noreferrer noopener\"  target=\"_blank\" rel=\"noreferrer noopener\">gozar de mayor<\/a> <a href=\"https:\/\/miresi.es\/blog\/como-combatir-la-falta-de-autoestima-en-mayores\/\"  target=\"_blank\" rel=\"noreferrer noopener\"  target=\"_blank\" rel=\"noreferrer noopener\">autoestima<\/a>, siempre guiados por un profesional.<\/p>\n\n\n\n<h4 class=\"wp-block-heading\">1.1.3. <strong>Servicios<\/strong><\/h4>\n\n\n\n<p>Ofrecen otros<strong> servicios b\u00e1sicos<\/strong> como una buena alimentaci\u00f3n mediante cocina de platos caseros, lavander\u00eda y un servicio de <a href=\"https:\/\/miresi.es\/blog\/terapia-ocupacional-en-geriatria\/\"  target=\"_blank\" rel=\"noreferrer noopener\"  target=\"_blank\" rel=\"noreferrer noopener\">terapia ocupacional<\/a> a trav\u00e9s de talleres y actividades de estimulaci\u00f3n cerebral. Y por otro lado,<strong> servicios adicionales<\/strong> como el de <a href=\"https:\/\/miresi.es\/blog\/servicio-de-peluqueria-en-residencias\/\"  target=\"_blank\" rel=\"noreferrer noopener\"  target=\"_blank\" rel=\"noreferrer noopener\">peluquer\u00eda<\/a> o <a href=\"https:\/\/miresi.es\/blog\/los-beneficios-de-la-podologia-en-residencias-de-mayores\/\"  target=\"_blank\" rel=\"noreferrer noopener\"  target=\"_blank\" rel=\"noreferrer noopener\">podolog\u00eda<\/a>.<\/p>\n\n\n\n<p><a href=\"https:\/\/miresi.es\/guadalajara\/lupiana\/residencia-la-luz-guadalajara\/\"  target=\"_blank\" rel=\"noreferrer noopener\"  target=\"_blank\" rel=\"noreferrer noopener\">El Centro Residencial de la Tercera Edad La Luz<\/a> cuenta con un n\u00famero m\u00e1ximo de 32 camas, por lo que la atenci\u00f3n geri\u00e1trica es excepcional y muy individualizada. La cama m\u00e1s econ\u00f3mica de este centro supera los 1000 euros y suele estar bastante demandada. <strong>Te recomendamos que consultes su disponibilidad<\/strong>.<\/p>\n\n\n\n<div class=\"wp-block-image\"><figure class=\"aligncenter size-full\"><img decoding=\"async\" width=\"768\" height=\"576\" src=\"https:\/\/miresi.es\/blog\/wp-content\/uploads\/2022\/03\/Centro_Residencial_De_La_Tercera_Edad_La_Luz_-_habitacion_doble.jpeg\" alt=\"Residencias de ancianos por menos de 1000 euros en Guadalajara: habitaci\u00f3n del Centro Residencial de la Tercera Edad La Luz\" class=\"wp-image-12634\" title=\"Residencias de ancianos por menos de 1000 euros en Guadalajara: habitaci\u00f3n del Centro Residencial de la Tercera Edad La Luz\" srcset=\"https:\/\/miresiblog.imgix.net\/uploads\/2022\/03\/Centro_Residencial_De_La_Tercera_Edad_La_Luz_-_habitacion_doble.jpeg?auto=format%2Ccompress&amp;ixlib=php-3.3.0&amp;w=768&amp;s=c81dea76487c9ea8578c8df3e6fb7c6c 768w, https:\/\/miresiblog.imgix.net\/uploads\/2022\/03\/Centro_Residencial_De_La_Tercera_Edad_La_Luz_-_habitacion_doble.jpeg?auto=format%2Ccompress&amp;fit=crop&amp;h=225&amp;ixlib=php-3.3.0&amp;w=300&amp;s=d5e4a98d7d4a2c28d8d3f072219daab9 300w, https:\/\/miresiblog.imgix.net\/uploads\/2022\/03\/Centro_Residencial_De_La_Tercera_Edad_La_Luz_-_habitacion_doble.jpeg?auto=format%2Ccompress&amp;fit=crop&amp;h=270&amp;ixlib=php-3.3.0&amp;w=360&amp;s=488a07d87b049a987c8e5113d991a528 360w\" sizes=\"(max-width: 768px) 100vw, 768px\" \/><figcaption>Habitaci\u00f3n del Centro Residencial de la Tercera Edad La Luz<\/figcaption><\/figure><\/div>\n\n\n\n<div class=\"wp-block-buttons is-content-justification-center is-layout-flex wp-container-core-buttons-is-layout-16018d1d wp-block-buttons-is-layout-flex\">\n<div class=\"wp-block-button\"><a href=\"https:\/\/miresi.es\/guadalajara\/lupiana\/residencia-la-luz-guadalajara\/\"  target=\"_blank\" rel=\"noreferrer noopener\"  target=\"_blank\" rel=\"noreferrer noopener\">Consultar disponibilidad en Centro Residencial de la Tercera Edad La Luz<\/a><\/div>\n<\/div>\n\n\n\n<div style=\"height:10px\" aria-hidden=\"true\" class=\"wp-block-spacer\"><\/div>\n\n\n\n<h3 class=\"wp-block-heading\">1.2. <strong><a href=\"https:\/\/miresi.es\/guadalajara\/villanueva-de-la-torre\/residencia-santa-agueda\/\"  target=\"_blank\" rel=\"noreferrer noopener\"  target=\"_blank\" rel=\"noreferrer noopener\">Residencia Santa \u00c1gueda<\/a><\/strong><\/h3>\n\n\n\n<p>La Residencia Santa \u00c1gueda cuenta con f\u00e1ciles comunicaciones tanto desde Madrid como desde Guadalajara, pues <strong>se encuentra en Villanueva de la Torre<\/strong>. Tiene una superficie total de 2.700 metros cuadrados y dispone de <a href=\"https:\/\/miresi.es\/blog\/descubre-los-mejores-jardines-en-residencias-de-mayores\/\"  target=\"_blank\" rel=\"noreferrer noopener\"  target=\"_blank\" rel=\"noreferrer noopener\">un amplio jard\u00edn<\/a> para que los mayores puedan llevar una vida tranquila y disfrutar del aire libre.&nbsp;<\/p>\n\n\n\n<div class=\"wp-block-image\"><figure class=\"aligncenter size-large\"><img decoding=\"async\" width=\"1024\" height=\"768\" src=\"https:\/\/miresi.es\/blog\/wp-content\/uploads\/2022\/03\/PERGOLA_ENT_-_maria_jose_calzada-1024x768.jpg\" alt=\"Residencias de ancianos por menos de 1000 euros en Guadalajara: Residencia Santa \u00c1gueda\" class=\"wp-image-12644\" title=\"Residencias de ancianos por menos de 1000 euros en Guadalajara: Residencia Santa \u00c1gueda\" srcset=\"https:\/\/miresiblog.imgix.net\/uploads\/2022\/03\/PERGOLA_ENT_-_maria_jose_calzada-scaled.jpg?auto=format%2Ccompress&amp;fit=crop&amp;h=768&amp;ixlib=php-3.3.0&amp;w=1024&amp;s=c75b195bad4adb6c5f9c373509f7da7b 1024w, https:\/\/miresiblog.imgix.net\/uploads\/2022\/03\/PERGOLA_ENT_-_maria_jose_calzada-scaled.jpg?auto=format%2Ccompress&amp;fit=crop&amp;h=225&amp;ixlib=php-3.3.0&amp;w=300&amp;s=4d81eec1616352a653c36cd6eaa9452a 300w, https:\/\/miresiblog.imgix.net\/uploads\/2022\/03\/PERGOLA_ENT_-_maria_jose_calzada-scaled.jpg?auto=format%2Ccompress&amp;fit=crop&amp;h=576&amp;ixlib=php-3.3.0&amp;w=768&amp;s=f00c7f650fcdec2f90c87b0b7b1001ce 768w, https:\/\/miresiblog.imgix.net\/uploads\/2022\/03\/PERGOLA_ENT_-_maria_jose_calzada-scaled.jpg?auto=format%2Ccompress&amp;fit=crop&amp;h=1152&amp;ixlib=php-3.3.0&amp;w=1536&amp;s=0246b7df7eeb879d15da2e962c3b3c31 1536w, https:\/\/miresiblog.imgix.net\/uploads\/2022\/03\/PERGOLA_ENT_-_maria_jose_calzada-scaled.jpg?auto=format%2Ccompress&amp;fit=crop&amp;h=1536&amp;ixlib=php-3.3.0&amp;w=2048&amp;s=2b6bde6ad515d1130a9c500d84b4f0ef 2048w, https:\/\/miresiblog.imgix.net\/uploads\/2022\/03\/PERGOLA_ENT_-_maria_jose_calzada-scaled.jpg?auto=format%2Ccompress&amp;fit=crop&amp;h=270&amp;ixlib=php-3.3.0&amp;w=360&amp;s=49b8a7afe616a6dc5b0fca98b6ac0c8b 360w, https:\/\/miresiblog.imgix.net\/uploads\/2022\/03\/PERGOLA_ENT_-_maria_jose_calzada-scaled.jpg?auto=format%2Ccompress&amp;ixlib=php-3.3.0&amp;w=800&amp;s=1f32f79e3c0cb0e23b97280e9903d849 800w\" sizes=\"(max-width: 1024px) 100vw, 1024px\" \/><figcaption>Los mayores disfrutan del aire libre en esta terraza soleada de <a href=\"https:\/\/miresi.es\/guadalajara\/villanueva-de-la-torre\/residencia-santa-agueda\/\"  target=\"_blank\" rel=\"noreferrer noopener\"  target=\"_blank\" rel=\"noreferrer noopener\">Residencia Santa \u00c1gueda<\/a><\/figcaption><\/figure><\/div>\n\n\n\n<p><strong>El jard\u00edn tiene 3.000 metros cuadrados<\/strong>, todos a disposici\u00f3n de los residentes y familiares. Hay 3 zonas de mobiliario con sombra, alrededor del centro. Los residentes pueden salir y entrar del centro cuando lo deseen, salir fines de semana y vacaciones.&nbsp;<\/p>\n\n\n\n<p>Esta segunda casa para residentes tiene una capacidad de 85 plazas, tanto para personas independientes como para personas que necesiten asistencia. <a href=\"https:\/\/miresi.es\/guadalajara\/villanueva-de-la-torre\/residencia-santa-agueda\/\"  target=\"_blank\" rel=\"noreferrer noopener\"  target=\"_blank\" rel=\"noreferrer noopener\">La residencia<\/a> <a href=\"https:\/\/miresi.es\/guadalajara\/villanueva-de-la-torre\/residencia-santa-agueda\/\"  target=\"_blank\" rel=\"noreferrer noopener\"  target=\"_blank\" rel=\"noreferrer noopener\">Santa \u00c1gueda<\/a> ofrece un nuevo concepto de vida donde los profesionales de gran experiencia trabajan con mucho cari\u00f1o para facilitar <strong>la mejor ayuda a las personas<\/strong> <strong>mayores<\/strong>.<\/p>\n\n\n\n<h4 class=\"wp-block-heading\">1.2.1. <strong>Por un <a href=\"https:\/\/miresi.es\/blog\/que-es-el-envejecimiento-activo\/\"  target=\"_blank\" rel=\"noreferrer noopener\"  target=\"_blank\" rel=\"noreferrer noopener\">envejecimiento activo<\/a><\/strong><\/h4>\n\n\n\n<p>A trav\u00e9s de actividades de terapia ocupacional (ma\u00f1ana y tarde) con:<\/p>\n\n\n\n<ul class=\"wp-block-list\"><li>Canciones (<a href=\"https:\/\/miresi.es\/blog\/sesion-de-musicoterapia-para-personas-mayores\/\"  target=\"_blank\" rel=\"noreferrer noopener\"  target=\"_blank\" rel=\"noreferrer noopener\">musicoterapia<\/a>)<\/li><li><a href=\"https:\/\/miresi.es\/blog\/los-mejores-juegos-de-mesa-para-personas-mayores\/\"  target=\"_blank\" rel=\"noreferrer noopener\"  target=\"_blank\" rel=\"noreferrer noopener\">Juegos<\/a><\/li><li>Bingo<\/li><li>Gerontogimnasia<\/li><li>Paseos acompa\u00f1ados<\/li><li>Fiestas tem\u00e1ticas con participaci\u00f3n de residentes y familiares: Carnaval, Feria de Abril, D\u00eda del Padre, D\u00eda de la Madre, Fiesta del Verano, D\u00eda de la Hispanidad, Reyes y una gran fiesta familiar navide\u00f1a en la que se invita a las familias a comer con los residentes.<\/li><\/ul>\n\n\n\n<h4 class=\"wp-block-heading\">1.2.2. <strong>Cuidados paliativos<\/strong><\/h4>\n\n\n\n<p>La atenci\u00f3n m\u00e9dica de este centro ofrece <strong>consulta diaria de 10 a 14 horas excepto los lunes<\/strong>. Y una cobertura diaria de enfermer\u00eda de 8 a 22 horas, con especial atenci\u00f3n a la unidad de cuidados paliativos que les caracteriza. En los momentos cr\u00edticos, los residentes pueden ser acompa\u00f1ados 24 horas por sus familiares.<\/p>\n\n\n\n<p>Asimismo,<strong> 23 auxiliares de cl\u00ednica<\/strong> (hay 10 auxiliares en la ma\u00f1ana, 9 en la tarde y 4 en la noche) garantizan una atenci\u00f3n inmediata y de calidad. Su labor es la atenci\u00f3n integral del residente: aseo, <a href=\"https:\/\/miresi.es\/blog\/banar-a-una-persona-mayor\/\"  target=\"_blank\" rel=\"noreferrer noopener\"  target=\"_blank\" rel=\"noreferrer noopener\">ducha<\/a>, vestido, alimentaci\u00f3n, arreglo de habitaciones y armarios, ayuda a la fisioterapia y eventos sociales, etc.<\/p>\n\n\n\n<p>Adem\u00e1s, cuenta con un programa de actividades socioculturales, sala de biblioteca y cine, peluquer\u00eda, podolog\u00eda, acompa\u00f1amiento a consultas externas, interfon\u00eda en habitaciones, videovigilancia, videoconferencia y recuperaci\u00f3n de actividades b\u00e1sicas e instrumentales.<\/p>\n\n\n\n<div class=\"wp-block-image\"><figure class=\"aligncenter size-large\"><img decoding=\"async\" width=\"1024\" height=\"768\" src=\"https:\/\/miresi.es\/blog\/wp-content\/uploads\/2022\/03\/PELUQUERIA__-_maria_jose_calzada-1024x768.jpg\" alt=\"Residencias de ancianos por menos de 1000 euros en Guadalajara: peluquer\u00eda de Residencia Santa \u00c1gueda\" class=\"wp-image-12643\" title=\"Residencias de ancianos por menos de 1000 euros en Guadalajara: peluquer\u00eda de Residencia Santa \u00c1gueda\" srcset=\"https:\/\/miresiblog.imgix.net\/uploads\/2022\/03\/PELUQUERIA__-_maria_jose_calzada-scaled.jpg?auto=format%2Ccompress&amp;fit=crop&amp;h=768&amp;ixlib=php-3.3.0&amp;w=1024&amp;s=e50682ebef94056a62b0ee321aa9fd1a 1024w, https:\/\/miresiblog.imgix.net\/uploads\/2022\/03\/PELUQUERIA__-_maria_jose_calzada-scaled.jpg?auto=format%2Ccompress&amp;fit=crop&amp;h=225&amp;ixlib=php-3.3.0&amp;w=300&amp;s=8987bb9b518f112f385438c9ba0cba90 300w, https:\/\/miresiblog.imgix.net\/uploads\/2022\/03\/PELUQUERIA__-_maria_jose_calzada-scaled.jpg?auto=format%2Ccompress&amp;fit=crop&amp;h=576&amp;ixlib=php-3.3.0&amp;w=768&amp;s=a0188e29b9f1eabe6c102c4ae1c4304c 768w, https:\/\/miresiblog.imgix.net\/uploads\/2022\/03\/PELUQUERIA__-_maria_jose_calzada-scaled.jpg?auto=format%2Ccompress&amp;fit=crop&amp;h=1152&amp;ixlib=php-3.3.0&amp;w=1536&amp;s=b68f915d8f41e1e4f755bbc8f472b6ea 1536w, https:\/\/miresiblog.imgix.net\/uploads\/2022\/03\/PELUQUERIA__-_maria_jose_calzada-scaled.jpg?auto=format%2Ccompress&amp;fit=crop&amp;h=1536&amp;ixlib=php-3.3.0&amp;w=2048&amp;s=7322bcd347f904527609afcf84fba223 2048w, https:\/\/miresiblog.imgix.net\/uploads\/2022\/03\/PELUQUERIA__-_maria_jose_calzada-scaled.jpg?auto=format%2Ccompress&amp;fit=crop&amp;h=270&amp;ixlib=php-3.3.0&amp;w=360&amp;s=bf4456dce3e10450555976f38a69626e 360w, https:\/\/miresiblog.imgix.net\/uploads\/2022\/03\/PELUQUERIA__-_maria_jose_calzada-scaled.jpg?auto=format%2Ccompress&amp;ixlib=php-3.3.0&amp;w=800&amp;s=5b9a7f13ea98b73e792612779d89a2fa 800w\" sizes=\"(max-width: 1024px) 100vw, 1024px\" \/><figcaption>Peluquer\u00eda de la Residencia Santa \u00c1gueda<\/figcaption><\/figure><\/div>\n\n\n\n<h4 class=\"wp-block-heading\">1.2.3. <strong><a href=\"https:\/\/miresi.es\/blog\/rehabilitacion-en-residencias-de-mayores\/\"  target=\"_blank\" rel=\"noreferrer noopener\"  target=\"_blank\" rel=\"noreferrer noopener\">Servicio de rehabilitaci\u00f3n<\/a><\/strong><\/h4>\n\n\n\n<p>Esto se debe a que no solo apuesta por los cuidados paliativos, sino que se esmera en ofrecer un servicio de rehabilitaci\u00f3n clave para la <strong>recuperaci\u00f3n de pacientes con<\/strong> <strong>enfermedades degenerativas<\/strong> como el <a href=\"https:\/\/miresi.es\/residencias-parkinson\/\"  target=\"_blank\" rel=\"noreferrer noopener\"  target=\"_blank\" rel=\"noreferrer noopener\">Parkinson<\/a>. Destinando, adem\u00e1s, unidades de convivencia especializadas para este tipo de patolog\u00edas.<\/p>\n\n\n\n<p>La Residencia Santa \u00c1gueda <strong>cuenta con un n\u00famero m\u00e1ximo de 80 camas y 29 plazas de d\u00eda concertadas que destina a uso p\u00fablico<\/strong>, es decir, a ancianos sin recursos. La cama m\u00e1s econ\u00f3mica de este centro est\u00e1 por debajo de los 1500 euros\u2026 \u00bfA qu\u00e9 esperas?<\/p>\n\n\n\n<div class=\"wp-block-buttons is-content-justification-center is-layout-flex wp-container-core-buttons-is-layout-16018d1d wp-block-buttons-is-layout-flex\">\n<div class=\"wp-block-button\"><a href=\"https:\/\/miresi.es\/guadalajara\/villanueva-de-la-torre\/residencia-santa-agueda\/\"  target=\"_blank\" rel=\"noreferrer noopener\"  target=\"_blank\" rel=\"noreferrer noopener\">Reservar cama en Residencia Santa \u00c1gueda<\/a><\/div>\n<\/div>\n\n\n\n<div style=\"height:10px\" aria-hidden=\"true\" class=\"wp-block-spacer\"><\/div>\n\n\n\n<h3 class=\"wp-block-heading\">1.3. <strong><a href=\"https:\/\/miresi.es\/guadalajara\/sacedon\/residencia-geriatrica-buendia\/\"  target=\"_blank\" rel=\"noreferrer noopener\"  target=\"_blank\" rel=\"noreferrer noopener\">Residencia Geri\u00e1trica Buend\u00eda<\/a><\/strong><\/h3>\n\n\n\n<p>La Residencia Geri\u00e1trica Buend\u00eda est\u00e1<strong> situada en Saced\u00f3n, Buend\u00eda<\/strong>. Forma parte del grupo desarrollo en dependencia que atesora m\u00e1s de 30 a\u00f1os de experiencia en el sector de los servicios sociales. Nace con la necesidad de dar respuesta y atenci\u00f3n focalizada a todas aquellas personas que debido a dificultades o carencias f\u00edsicas, ps\u00edquicas, sociales o intelectuales, necesitan ser atendidos y acompa\u00f1ados en esta etapa de su vida.<\/p>\n\n\n\n<p>Su dedicaci\u00f3n est\u00e1 centrada en todos y cada uno de sus usuarios; ofrecen una atenci\u00f3n integral, personal y adaptada a las necesidades de cada residente; y <strong>potencian al<\/strong> <strong>m\u00e1ximo su autonom\u00eda y capacidad de decisi\u00f3n<\/strong> trabajando de forma conjunta y estrecha con sus familias.&nbsp;<\/p>\n\n\n\n<p>Para ello, cuentan con un <strong>equipo de profesionales multidisciplinar<\/strong> (m\u00e9dico, enfermeros, fisioterapeuta, terapeuta ocupacional, pod\u00f3logo,&#8230;) muy comprometido con este colectivo, garantizando de esta manera el bienestar de los usuarios y la calidad de los servicios prestados.<\/p>\n\n\n\n<div class=\"wp-block-image\"><figure class=\"aligncenter size-large\"><img decoding=\"async\" width=\"1024\" height=\"682\" src=\"https:\/\/miresi.es\/blog\/wp-content\/uploads\/2022\/03\/Residencia_Geriatrica_Buendia_-_edificio-1024x682.jpg\" alt=\"Residencias de ancianos por menos de 1000 euros en Guadalajara: Residencia Geri\u00e1trica Buend\u00eda\" class=\"wp-image-12647\" title=\"Residencias de ancianos por menos de 1000 euros en Guadalajara: Residencia Geri\u00e1trica Buend\u00eda\" srcset=\"https:\/\/miresiblog.imgix.net\/uploads\/2022\/03\/Residencia_Geriatrica_Buendia_-_edificio.jpg?auto=format%2Ccompress&amp;fit=crop&amp;h=682&amp;ixlib=php-3.3.0&amp;w=1024&amp;s=9845e17587fa49e9f91e68461f5e2fac 1024w, https:\/\/miresiblog.imgix.net\/uploads\/2022\/03\/Residencia_Geriatrica_Buendia_-_edificio.jpg?auto=format%2Ccompress&amp;fit=crop&amp;h=200&amp;ixlib=php-3.3.0&amp;w=300&amp;s=c08690aa7f8456e3bb50e11e40285b60 300w, https:\/\/miresiblog.imgix.net\/uploads\/2022\/03\/Residencia_Geriatrica_Buendia_-_edificio.jpg?auto=format%2Ccompress&amp;fit=crop&amp;h=512&amp;ixlib=php-3.3.0&amp;w=768&amp;s=1e9e32c9ed7bdf851d9587dc65850322 768w, https:\/\/miresiblog.imgix.net\/uploads\/2022\/03\/Residencia_Geriatrica_Buendia_-_edificio.jpg?auto=format%2Ccompress&amp;fit=crop&amp;h=1023&amp;ixlib=php-3.3.0&amp;w=1536&amp;s=49070747f01c669bdefe324734a4b3f2 1536w, https:\/\/miresiblog.imgix.net\/uploads\/2022\/03\/Residencia_Geriatrica_Buendia_-_edificio.jpg?auto=format%2Ccompress&amp;fit=crop&amp;h=240&amp;ixlib=php-3.3.0&amp;w=360&amp;s=df52208ee5be0ce1b187abedfe2ba170 360w, https:\/\/miresiblog.imgix.net\/uploads\/2022\/03\/Residencia_Geriatrica_Buendia_-_edificio.jpg?auto=format%2Ccompress&amp;ixlib=php-3.3.0&amp;w=901&amp;s=6489651215b417684b02a179315dbde3 901w\" sizes=\"(max-width: 1024px) 100vw, 1024px\" \/><figcaption><a href=\"https:\/\/miresi.es\/guadalajara\/sacedon\/residencia-geriatrica-buendia\/\"  target=\"_blank\" rel=\"noreferrer noopener\"  target=\"_blank\" rel=\"noreferrer noopener\">Residencia Geri\u00e1trica Buend\u00eda<\/a> se convierte en tu segundo hogar<\/figcaption><\/figure><\/div>\n\n\n\n<h4 class=\"wp-block-heading\">1.3.1. <strong><a href=\"https:\/\/miresi.es\/blog\/atencion-centrada-en-la-persona-con-demencia\/\"  target=\"_blank\" rel=\"noreferrer noopener\"  target=\"_blank\" rel=\"noreferrer noopener\">Modelo de Atenci\u00f3n Centrada en la Persona (ACP)<\/a><\/strong><\/h4>\n\n\n\n<p>Buscan desarrollar su actividad con la m\u00e1xima profesionalidad, respeto y eficacia a trav\u00e9s de<strong> personal competente, vocacional y comprometido<\/strong>. Y creen que el eje en torno al que debe girar su actividad es la persona.<\/p>\n\n\n\n<blockquote class=\"wp-block-quote is-layout-flow wp-block-quote-is-layout-flow\"><p>Nuestro lema es: Comprometidos con la persona.<\/p><cite>Residencia Geri\u00e1trica Buend\u00eda<\/cite><\/blockquote>\n\n\n\n<p>Entre sus objetivos destaca <strong>conseguir que los usuarios se sientan como en su propio hogar<\/strong>, y sientan que <a href=\"https:\/\/miresi.es\/blog\/personal-minimo-en-residencias\/\"  target=\"_blank\" rel=\"noreferrer noopener\"  target=\"_blank\" rel=\"noreferrer noopener\">el personal de la residencia forma parte de su familia<\/a>. Su misi\u00f3n es cuidar y dar bienestar a los residentes poniendo a su disposici\u00f3n servicios de m\u00e1xima calidad, una moderna estructura y unos avanzados medios tecnol\u00f3gicos.&nbsp;<\/p>\n\n\n\n<h4 class=\"wp-block-heading\">1.3.2. <strong>Cuidados<\/strong><\/h4>\n\n\n\n<p><strong>Hay m\u00e9dico propio a media jornada<\/strong>, atenci\u00f3n sanitaria p\u00fablica de urgencias las 24 horas del d\u00eda a trav\u00e9s del centro de salud y emergencias del <strong>Sescam<\/strong> (<a href=\"https:\/\/sanidad.castillalamancha.es\"  target=\"_blank\" rel=\"external nofollow\"  target=\"_blank\" rel=\"noreferrer noopener nofollow\"  class=\"wp-links-icon\">Servicio de Salud de<\/a> <a href=\"https:\/\/sanidad.castillalamancha.es\"  target=\"_blank\" rel=\"external nofollow\"  target=\"_blank\" rel=\"noreferrer noopener nofollow\"  class=\"wp-links-icon\">Castilla-La Mancha<\/a>).&nbsp;<\/p>\n\n\n\n<p>Tambi\u00e9n, hay <a href=\"https:\/\/miresi.es\/blog\/enfermeria-geriatrica-en-las-residencias-de-ancianos\/\"  target=\"_blank\" rel=\"noreferrer noopener\"  target=\"_blank\" rel=\"noreferrer noopener\">enfermer\u00eda propia desarrollada por una DUE<\/a> (Diplomado Universitario de Enfermer\u00eda) y <strong>12 auxiliares en plantilla<\/strong>, adem\u00e1s del<a href=\"https:\/\/miresi.es\/blog\/psicologia-en-residencias\/\"  target=\"_blank\" rel=\"noreferrer noopener\"  target=\"_blank\" rel=\"noreferrer noopener\"> servicio de psicolog\u00eda<\/a>.<\/p>\n\n\n\n<p>Este centro cuenta con <strong>servicios adicionales como la peluquer\u00eda o la podolog\u00eda<\/strong>.<\/p>\n\n\n\n<h4 class=\"wp-block-heading\">1.3.3. <strong>Rehabilitaci\u00f3n de ictus<\/strong><\/h4>\n\n\n\n<p><a href=\"https:\/\/miresi.es\/guadalajara\/sacedon\/residencia-geriatrica-buendia\/\"  target=\"_blank\" rel=\"noreferrer noopener\"  target=\"_blank\" rel=\"noreferrer noopener\">La Residencia Geri\u00e1trica Buend\u00eda<\/a> cuenta con <strong>un terapeuta ocupacional a media jornada<\/strong> para la rehabilitaci\u00f3n de ictus. Atienden todo tipo de patolog\u00edas ps\u00edquicas y el equipo interdisciplinar planifica las actividades individualizadas.<\/p>\n\n\n\n<p>Ofrecen <strong>4 horas semanales de terapia grupal<\/strong> dirigida por un terapeuta ocupacional y 4 horas de sesi\u00f3n diaria de <a href=\"https:\/\/miresi.es\/blog\/fisioterapia-en-residencias\/\"  target=\"_blank\" rel=\"noreferrer noopener\"  target=\"_blank\" rel=\"noreferrer noopener\">fisioterapia<\/a>.<\/p>\n\n\n\n<div class=\"wp-block-image\"><figure class=\"aligncenter size-large\"><img decoding=\"async\" width=\"1024\" height=\"325\" src=\"https:\/\/miresi.es\/blog\/wp-content\/uploads\/2022\/03\/Residencia_Geriatrica_Buendia_-_gimnasio-1024x325.jpg\" alt=\"Residencias de ancianos por menos de 1000 euros en Guadalajara: gimnasio de Residencia Geri\u00e1trica Buend\u00eda\" class=\"wp-image-12648\" title=\"Residencias de ancianos por menos de 1000 euros en Guadalajara: gimnasio de Residencia Geri\u00e1trica Buend\u00eda\" srcset=\"https:\/\/miresiblog.imgix.net\/uploads\/2022\/03\/Residencia_Geriatrica_Buendia_-_gimnasio-scaled.jpg?auto=format%2Ccompress&amp;fit=crop&amp;h=325&amp;ixlib=php-3.3.0&amp;w=1024&amp;s=3fa4302c8dc3e27489dde2d0be2aa295 1024w, https:\/\/miresiblog.imgix.net\/uploads\/2022\/03\/Residencia_Geriatrica_Buendia_-_gimnasio-scaled.jpg?auto=format%2Ccompress&amp;fit=crop&amp;h=95&amp;ixlib=php-3.3.0&amp;w=300&amp;s=61d6d58f667e884d0d1afb53df32a90d 300w, https:\/\/miresiblog.imgix.net\/uploads\/2022\/03\/Residencia_Geriatrica_Buendia_-_gimnasio-scaled.jpg?auto=format%2Ccompress&amp;fit=crop&amp;h=244&amp;ixlib=php-3.3.0&amp;w=768&amp;s=483fc29f92f9078b6bf7475fc61b5f5a 768w, https:\/\/miresiblog.imgix.net\/uploads\/2022\/03\/Residencia_Geriatrica_Buendia_-_gimnasio-scaled.jpg?auto=format%2Ccompress&amp;fit=crop&amp;h=488&amp;ixlib=php-3.3.0&amp;w=1536&amp;s=05b2b94d82af9276238a5232c95f78a7 1536w, https:\/\/miresiblog.imgix.net\/uploads\/2022\/03\/Residencia_Geriatrica_Buendia_-_gimnasio-scaled.jpg?auto=format%2Ccompress&amp;fit=crop&amp;h=650&amp;ixlib=php-3.3.0&amp;w=2048&amp;s=ce84b8f906c6498b5d7d09e103fd3cbb 2048w, https:\/\/miresiblog.imgix.net\/uploads\/2022\/03\/Residencia_Geriatrica_Buendia_-_gimnasio-scaled.jpg?auto=format%2Ccompress&amp;fit=crop&amp;h=114&amp;ixlib=php-3.3.0&amp;w=360&amp;s=2adb3053f5f5f4e5b876e8ccfd4756f3 360w, https:\/\/miresiblog.imgix.net\/uploads\/2022\/03\/Residencia_Geriatrica_Buendia_-_gimnasio-scaled.jpg?auto=format%2Ccompress&amp;ixlib=php-3.3.0&amp;w=1200&amp;s=d01d7549faf82d8ecefec8ce8b905e41 1200w\" sizes=\"(max-width: 1024px) 100vw, 1024px\" \/><figcaption>Sala de actividad f\u00edsica que garantiza un incremento de la independencia del mayor<\/figcaption><\/figure><\/div>\n\n\n\n<p>Este centro cuenta con un <strong>n\u00famero m\u00e1ximo de 55 camas<\/strong>, costando la m\u00e1s econ\u00f3mica alrededor de 1500 euros. Pero, ofrece habitaciones individuales para mayores dependientes, por lo que es una buena opci\u00f3n a tener en cuenta.<\/p>\n\n\n\n<div class=\"wp-block-image\"><figure class=\"aligncenter size-large\"><img decoding=\"async\" width=\"1024\" height=\"682\" src=\"https:\/\/miresi.es\/blog\/wp-content\/uploads\/2022\/03\/Residencia_Geriatrica_Buendia_-_habitacion-1024x682.jpg\" alt=\"Residencias de ancianos por menos de 1000 euros en Guadalajara: habitaci\u00f3n de Residencia Geri\u00e1trica Buend\u00eda\" class=\"wp-image-12650\" title=\"Residencias de ancianos por menos de 1000 euros en Guadalajara: habitaci\u00f3n de Residencia Geri\u00e1trica Buend\u00eda\" srcset=\"https:\/\/miresiblog.imgix.net\/uploads\/2022\/03\/Residencia_Geriatrica_Buendia_-_habitacion.jpg?auto=format%2Ccompress&amp;fit=crop&amp;h=682&amp;ixlib=php-3.3.0&amp;w=1024&amp;s=d4a26e53fe8ab388129671653f958933 1024w, https:\/\/miresiblog.imgix.net\/uploads\/2022\/03\/Residencia_Geriatrica_Buendia_-_habitacion.jpg?auto=format%2Ccompress&amp;fit=crop&amp;h=200&amp;ixlib=php-3.3.0&amp;w=300&amp;s=b8d4fb1cad72ec687b102c3d7a3cf23d 300w, https:\/\/miresiblog.imgix.net\/uploads\/2022\/03\/Residencia_Geriatrica_Buendia_-_habitacion.jpg?auto=format%2Ccompress&amp;fit=crop&amp;h=512&amp;ixlib=php-3.3.0&amp;w=768&amp;s=0bd54d43cdc2fd27cb384dc9ec241fe3 768w, https:\/\/miresiblog.imgix.net\/uploads\/2022\/03\/Residencia_Geriatrica_Buendia_-_habitacion.jpg?auto=format%2Ccompress&amp;fit=crop&amp;h=1023&amp;ixlib=php-3.3.0&amp;w=1536&amp;s=1ec59306667ef3ac2c6bb03c8aab7378 1536w, https:\/\/miresiblog.imgix.net\/uploads\/2022\/03\/Residencia_Geriatrica_Buendia_-_habitacion.jpg?auto=format%2Ccompress&amp;fit=crop&amp;h=240&amp;ixlib=php-3.3.0&amp;w=360&amp;s=f6810223a45265d1212ff59a84b2dd70 360w, https:\/\/miresiblog.imgix.net\/uploads\/2022\/03\/Residencia_Geriatrica_Buendia_-_habitacion.jpg?auto=format%2Ccompress&amp;ixlib=php-3.3.0&amp;w=901&amp;s=14eb0da29d555cec8ed2ec729e859bd0 901w\" sizes=\"(max-width: 1024px) 100vw, 1024px\" \/><figcaption>Habitaci\u00f3n de Residencia Geri\u00e1trica Buend\u00eda<\/figcaption><\/figure><\/div>\n\n\n\n<div class=\"wp-block-buttons is-content-justification-center is-layout-flex wp-container-core-buttons-is-layout-16018d1d wp-block-buttons-is-layout-flex\">\n<div class=\"wp-block-button\"><a href=\"https:\/\/miresi.es\/guadalajara\/sacedon\/residencia-geriatrica-buendia\/\"  target=\"_blank\" rel=\"noreferrer noopener\"  target=\"_blank\" rel=\"noreferrer noopener\">Reservar cama en Residencia Geri\u00e1trica Buend\u00eda<\/a><\/div>\n<\/div>\n\n\n\n<div style=\"height:10px\" aria-hidden=\"true\" class=\"wp-block-spacer\"><\/div>\n\n\n\n<h2 class=\"wp-block-heading\">2. miResi te ayuda a encontrar residencias de ancianos por menos de 1000 euros en Guadalajara<\/h2>\n\n\n\n<p>Esperamos que este post sobre <strong>residencias de ancianos<\/strong> <strong>por menos de 1000 euros en Guadalajara<\/strong> haya sido de tu agrado. Estamos seguros de que si decides reservar una plaza en alguna de estas residencias (Centro Residencial de la Tercera Edad La Luz, Residencia Santa \u00c1gueda o Residencia Geri\u00e1trica Buend\u00eda), tu mayor se sentir\u00e1 como en casa nada m\u00e1s entrar por la puerta.<\/p>\n\n\n\n<p>Si por cualquier motivo no te han convencido y quieres <a href=\"https:\/\/miresi.es\/buscador\/\"  rel=\"noreferrer noopener\"  rel=\"noreferrer noopener\">seguir buscando<\/a>, \u00a1no te desanimes! Contacta con nosotros sin compromiso. Nuestro equipo de asesoramiento familiar estar\u00e1 encantado de <strong>ayudarte de manera gratuita y personalizada a encontrar la residencia ideal para tu mayor<\/strong> \ud83d\udc9a<\/p>\n\n\n\n<div class=\"wp-block-buttons is-content-justification-center is-layout-flex wp-container-core-buttons-is-layout-16018d1d wp-block-buttons-is-layout-flex\">\n<div class=\"wp-block-button\"><a href=\"https:\/\/miresi.es\/buscador\/\"  rel=\"noreferrer noopener\"  rel=\"noreferrer noopener\">Ayuda gratuita y personalizada<\/a><\/div>\n<\/div>\n<div style='text-align:center' class='yasr-auto-insert-visitor'><!--Yasr Visitor Votes Shortcode--><div id='yasr_visitor_votes_029f6e6ec5e6a' class='yasr-visitor-votes'><div class=\"yasr-custom-text-vv-before yasr-custom-text-vv-before-12617\">\u00a1Haz clic para puntuar esta entrada!<\/div><div id='yasr-vv-second-row-container-029f6e6ec5e6a'\r\n                                        class='yasr-vv-second-row-container'><div id='yasr-visitor-votes-rater-029f6e6ec5e6a'\r\n                                      class='yasr-rater-stars-vv'\r\n                                      data-rater-postid='12617'\r\n                                      data-rating='0'\r\n                                      data-rater-starsize='32'\r\n                                      data-rater-readonly='false'\r\n                                      data-rater-nonce='33863466c1'\r\n                                      data-issingular='false'\r\n                                    ><\/div><div class=\"yasr-vv-stats-text-container\" id=\"yasr-vv-stats-text-container-029f6e6ec5e6a\"><svg xmlns=\"https:\/\/www.w3.org\/2000\/svg\" width=\"20\" height=\"20\"\r\n                                   class=\"yasr-dashicons-visitor-stats\"\r\n                                   data-postid=\"12617\"\r\n                                   id=\"yasr-stats-dashicon-029f6e6ec5e6a\">\r\n                                   <path d=\"M18 18v-16h-4v16h4zM12 18v-11h-4v11h4zM6 18v-8h-4v8h4z\"><\/path>\r\n                               <\/svg><span id=\"yasr-vv-text-container-029f6e6ec5e6a\" class=\"yasr-vv-text-container\"> (Votos: <span id=\"yasr-vv-votes-number-container-029f6e6ec5e6a\">0<\/span>  Promedio: <span id=\"yasr-vv-average-container-029f6e6ec5e6a\">0<\/span>)<\/span><\/div><div id='yasr-vv-loader-029f6e6ec5e6a' class='yasr-vv-container-loader'><\/div><\/div><div id='yasr-vv-bottom-container-029f6e6ec5e6a'\r\n                              class='yasr-vv-bottom-container'\r\n                              style='display:none'><\/div><\/div><!--End Yasr Visitor Votes Shortcode--><\/div>","protected":false},"excerpt":{"rendered":"<p>Descubre residencias de ancianos por menos de 1000 euros en Guadalajara. miResi te habla sobre tres centros residenciales muy econ\u00f3micos en el centro de Espa\u00f1a.<\/p>\n","protected":false},"author":9,"featured_media":12781,"comment_status":"open","ping_status":"open","sticky":false,"template":"","format":"standard","meta":{"yasr_overall_rating":0,"yasr_post_is_review":"","yasr_auto_insert_disabled":"","yasr_review_type":"","footnotes":""},"categories":[362],"tags":[874,1115,77,279,30,1118,1117,1116,1107,22,270],"class_list":["post-12617","post","type-post","status-publish","format-standard","has-post-thumbnail","hentry","category-residencias-de-mayores","tag-atencion-centrada-en-la-persona","tag-centro-residencial-de-la-tercera-edad-la-luz","tag-cuidado-de-personas-mayores","tag-cuidados-paliativos","tag-envejecimiento-activo","tag-rehabilitacion-de-ictus","tag-residencia-geriatrica-buendia","tag-residencia-santa-agueda","tag-residencias-de-ancianos-en-guadalajara","tag-residencias-de-mayores","tag-residencias-economicas"],"yasr_visitor_votes":{"stars_attributes":{"read_only":false,"span_bottom":false},"number_of_votes":0,"sum_votes":0},"_links":{"self":[{"href":"https:\/\/miresi.es\/blog\/wp-json\/wp\/v2\/posts\/12617","targetHints":{"allow":["GET"]}}],"collection":[{"href":"https:\/\/miresi.es\/blog\/wp-json\/wp\/v2\/posts"}],"about":[{"href":"https:\/\/miresi.es\/blog\/wp-json\/wp\/v2\/types\/post"}],"author":[{"embeddable":true,"href":"https:\/\/miresi.es\/blog\/wp-json\/wp\/v2\/users\/9"}],"replies":[{"embeddable":true,"href":"https:\/\/miresi.es\/blog\/wp-json\/wp\/v2\/comments?post=12617"}],"version-history":[{"count":49,"href":"https:\/\/miresi.es\/blog\/wp-json\/wp\/v2\/posts\/12617\/revisions"}],"predecessor-version":[{"id":24810,"href":"https:\/\/miresi.es\/blog\/wp-json\/wp\/v2\/posts\/12617\/revisions\/24810"}],"wp:featuredmedia":[{"embeddable":true,"href":"https:\/\/miresi.es\/blog\/wp-json\/wp\/v2\/media\/12781"}],"wp:attachment":[{"href":"https:\/\/miresi.es\/blog\/wp-json\/wp\/v2\/media?parent=12617"}],"wp:term":[{"taxonomy":"category","embeddable":true,"href":"https:\/\/miresi.es\/blog\/wp-json\/wp\/v2\/categories?post=12617"},{"taxonomy":"post_tag","embeddable":true,"href":"https:\/\/miresi.es\/blog\/wp-json\/wp\/v2\/tags?post=12617"}],"curies":[{"name":"wp","href":"https:\/\/api.w.org\/{rel}","templated":true}]}}