{"id":13394,"date":"2022-03-23T11:09:38","date_gmt":"2022-03-23T10:09:38","guid":{"rendered":"https:\/\/miresi.es\/blog\/?p=13394"},"modified":"2026-04-23T18:10:08","modified_gmt":"2026-04-23T17:10:08","slug":"residencias-de-ancianos-por-600-euros-en-avila","status":"publish","type":"post","link":"https:\/\/miresi.es\/blog\/residencias-de-ancianos-por-600-euros-en-avila\/","title":{"rendered":"Residencias de Ancianos por 600 Euros en \u00c1vila"},"content":{"rendered":"\n<p>Las <strong>residencias de ancianos por 600 euros en \u00c1vila<\/strong> suponen una opci\u00f3n econ\u00f3mica de ofrecer los mejores cuidados a las personas mayores. A la hora de buscar residencia, el presupuesto suele jugar un papel clave. En <a href=\"https:\/\/miresi.es\/\"  >miResi<\/a> sabemos esto y por eso queremos ayudarte a encontrar un segundo hogar para tus seres queridos al mejor precio.<\/p>\n\n\n\n<p>Nunca es f\u00e1cil buscar una residencia de ancianos para un familiar. Sin embargo, existen situaciones en las que esto es m\u00e1s que recomendable. Patolog\u00edas asociadas con la vejez como pueden ser la demencia o los ictus pueden afectar a las capacidades y al bienestar de tus seres queridos. Cuando no es posible ofrecer a las <strong>personas mayores<\/strong> la <strong>atenci\u00f3n<\/strong> tan <strong>especial<\/strong> que necesitan, es l\u00f3gico buscar una residencia geri\u00e1trica.<\/p>\n\n\n\n<div class=\"wp-block-buttons is-content-justification-center is-layout-flex wp-container-core-buttons-is-layout-16018d1d wp-block-buttons-is-layout-flex\">\n<div class=\"wp-block-button\"><a href=\"https:\/\/miresi.es\/buscador\/\"  rel=\"noreferrer noopener\"  rel=\"noreferrer noopener\">encuentra tu residencia ideal<\/a><\/div>\n<\/div>\n\n\n\n<div style=\"height:20px\" aria-hidden=\"true\" class=\"wp-block-spacer\"><\/div>\n\n\n\n<h2 class=\"wp-block-heading\">1. Las mejores residencias de ancianos por 600 euros en \u00c1vila<\/h2>\n\n\n\n<p>\u00c1vila es un lugar maravilloso que ofrece emociones y vivencias para todos los gustos. Su <a href=\"https:\/\/www.avilaturismo.com\/\"  target=\"_blank\" rel=\"external nofollow\"   class=\"wp-links-icon\">atractivo cultural, hist\u00f3rico y paisaj\u00edstico<\/a> es ampliamente reconocido por todos aquellos que han visitado \u00c1vila. Como muestra de su excepcional atractivo, podemos admirar las impresionantes <strong>murallas<\/strong> de la ciudad de \u00c1vila.<\/p>\n\n\n\n<p>\u00c1vila es la capital de provincia que se encuentra a mayor altitud de Espa\u00f1a. Esta altura, sumada a sus <strong>paisajes<\/strong> maravillosos y monumentos culturales, hacen de \u00c1vila un lugar con vistas excepcionales donde es imposible no quedar maravillado.<\/p>\n\n\n\n<figure class=\"wp-block-image size-large\"><img decoding=\"async\" width=\"1024\" height=\"683\" src=\"https:\/\/miresi.es\/blog\/wp-content\/uploads\/2022\/03\/the-medieval-city-walls-and-the-city-of-avila-in-t-2021-09-02-04-13-38-utc-1-1024x683.jpg\" alt=\"residencias de ancianos por 600 euros en \u00c1vila murallas\" class=\"wp-image-13400\" srcset=\"https:\/\/miresiblog.imgix.net\/uploads\/2022\/03\/the-medieval-city-walls-and-the-city-of-avila-in-t-2021-09-02-04-13-38-utc-1-scaled.jpg?auto=format%2Ccompress&fit=crop&h=683&ixlib=php-3.3.0&w=1024&s=42a20cdbf14eb3813273f943c00eac00 1024w, https:\/\/miresiblog.imgix.net\/uploads\/2022\/03\/the-medieval-city-walls-and-the-city-of-avila-in-t-2021-09-02-04-13-38-utc-1-scaled.jpg?auto=format%2Ccompress&fit=crop&h=200&ixlib=php-3.3.0&w=300&s=367b27649d921dd2d776136c563f5aa5 300w, https:\/\/miresiblog.imgix.net\/uploads\/2022\/03\/the-medieval-city-walls-and-the-city-of-avila-in-t-2021-09-02-04-13-38-utc-1-scaled.jpg?auto=format%2Ccompress&fit=crop&h=512&ixlib=php-3.3.0&w=768&s=067b74be89c1ca4d5d2a7e90ad7048e3 768w, https:\/\/miresiblog.imgix.net\/uploads\/2022\/03\/the-medieval-city-walls-and-the-city-of-avila-in-t-2021-09-02-04-13-38-utc-1-scaled.jpg?auto=format%2Ccompress&fit=crop&h=1024&ixlib=php-3.3.0&w=1536&s=9b456b8c3f6a6a5d95f72f01248c3448 1536w, https:\/\/miresiblog.imgix.net\/uploads\/2022\/03\/the-medieval-city-walls-and-the-city-of-avila-in-t-2021-09-02-04-13-38-utc-1-scaled.jpg?auto=format%2Ccompress&fit=crop&h=1365&ixlib=php-3.3.0&w=2048&s=4841f90950c5a0ba1f6be8aafa6e2dd3 2048w, https:\/\/miresiblog.imgix.net\/uploads\/2022\/03\/the-medieval-city-walls-and-the-city-of-avila-in-t-2021-09-02-04-13-38-utc-1-scaled.jpg?auto=format%2Ccompress&fit=crop&h=240&ixlib=php-3.3.0&w=360&s=0f4f485f26d77d9b2fea4d65c7f1d04c 360w, https:\/\/miresiblog.imgix.net\/uploads\/2022\/03\/the-medieval-city-walls-and-the-city-of-avila-in-t-2021-09-02-04-13-38-utc-1-scaled.jpg?auto=format%2Ccompress&ixlib=php-3.3.0&w=900&s=8f7ba3bfe18b5960a99d90f668689a7f 900w\" sizes=\"(max-width: 1024px) 100vw, 1024px\" \/><figcaption class=\"wp-element-caption\">Las murallas de la ciudad de \u00c1vila son una de las m\u00faltiples ventajas que ofrecen las residencias de ancianos por 600 euros en \u00c1vila.<\/figcaption><\/figure>\n\n\n\n<p>Adem\u00e1s, \u00c1vila ofrece un <strong>ambiente<\/strong> <strong>tranquilo<\/strong> y <strong>apacible<\/strong>, ideal para las personas mayores. Su atm\u00f3sfera agradable y su cultura hacen de \u00c1vila un lugar ideal donde disfrutar de los cuidados y la calidad de vida esperados en la <strong>jubilaci\u00f3n<\/strong>.<\/p>\n\n\n\n<p>Ya que \u00c1vila no solo cuenta con murallas magn\u00edficas y vistas de ensue\u00f1o, tambi\u00e9n con m\u00faltiples residencias de ancianos de la mejor calidad y a un muy buen precio. No te pierdas las mejores residencias de ancianos por 600 euros en \u00c1vila.\u00a0<\/p>\n\n\n\n<h3 class=\"wp-block-heading\"><a href=\"https:\/\/miresi.es\/avila\/cuevas-del-valle\/residencia-el-jardin-del-tietar\/\"  target=\"_blank\" rel=\"noreferrer noopener\" title=\"Residencia El Jard\u00edn del Ti\u00e9tar\"  target=\"_blank\" rel=\"noreferrer noopener\" title=\"Residencia El Jard\u00edn del Ti\u00e9tar\"><strong>1.1. Residencia El Jard\u00edn del Ti\u00e9tar<\/strong><\/a><\/h3>\n\n\n\n<p>La <strong>Residencia El Jard\u00edn del Ti\u00e9tar <\/strong>es un segundo hogar para los mayores. El centro cuenta con todos los servicios sanitarios y asistenciales necesarios para el cuidado y mejora de la calidad de vida de la persona mayor. Aqu\u00ed prima siempre el concepto de hogar y la sensaci\u00f3n de calidez que ofrece una familia.<\/p>\n\n\n\n<p>Su equipo de profesionales sanitarios y sociosanitarios, con una gran cualificaci\u00f3n y experiencia, ofrecen un trato cercano y personalizado. Las instalaciones son amplias, nuevas y muy acogedoras. Disponen de estupendos <strong>jardines<\/strong> propios con amplias y confortables <strong>terrazas cubiertas<\/strong> donde se puede disfrutar de la exuberante naturaleza.<\/p>\n\n\n\n<p>La Residencia de Mayores El Jard\u00edn del Ti\u00e9tar es un centro donde disfrutar en comunidad en medio de la <strong>Sierra de Gredos<\/strong>. Situado en un n\u00facleo urbano en plena naturaleza, goza de una excelente climatolog\u00eda: muy templada en invierno y no demasiado calurosa en verano.<\/p>\n\n\n\n<p>En definitiva, se trata de un centro \u00fanico, con una estupenda relaci\u00f3n calidad-precio, en el que disfrutar de una magn\u00edfica calidad de vida en un entorno familiar y humano. La Residencia El Jard\u00edn del Ti\u00e9tar ofrece habitaciones alrededor de los <strong>600 euros<\/strong>.<\/p>\n\n\n\n<div class=\"wp-block-buttons is-content-justification-center is-layout-flex wp-container-core-buttons-is-layout-16018d1d wp-block-buttons-is-layout-flex\">\n<div class=\"wp-block-button\"><a href=\"https:\/\/miresi.es\/avila\/cuevas-del-valle\/residencia-el-jardin-del-tietar\/\"  target=\"_blank\" rel=\"noreferrer noopener\"  target=\"_blank\" rel=\"noreferrer noopener\">solicita plaza en residencia el jard\u00edn del ti\u00e9tar<\/a><\/div>\n<\/div>\n\n\n\n<div style=\"height:10px\" aria-hidden=\"true\" class=\"wp-block-spacer\"><\/div>\n\n\n\n<h3 class=\"wp-block-heading\"><a href=\"https:\/\/miresi.es\/avila\/el-barraco\/residencia-los-cerezos\/\"  target=\"_blank\" rel=\"noreferrer noopener\" title=\"\"  target=\"_blank\" rel=\"noreferrer noopener\" title=\"\"><strong>1.2. <\/strong><\/a><strong><a href=\"https:\/\/miresi.es\/avila\/el-barraco\/residencia-los-cerezos\/\"  target=\"_blank\" rel=\"noreferrer noopener\" title=\"Residencia Los Cerezos\"  target=\"_blank\" rel=\"noreferrer noopener\" title=\"Residencia Los Cerezos\">Residencia Los Cerezos<\/a><\/strong><\/h3>\n\n\n\n<p>La <strong>Residencia Los Cerezos<\/strong> est\u00e1 situada en un lugar extraordinario. Est\u00e1 arropada por la monta\u00f1a y tiene acceso directo al embalse \/ pantano de El Burguillo. Se puede llegar muy f\u00e1cil por la carretera N-403 a 8 kil\u00f3metros de El Barraco (\u00c1vila). Estos parajes naturales dan un ambiente \u00fanico a la residencia.<\/p>\n\n\n\n<p>La situaci\u00f3n y el entorno hacen que sea un hogar especial para todos los residentes, en el que pueden disfrutar de la naturaleza y el calor de la residencia en invierno. Las <strong>comidas<\/strong> est\u00e1n realizadas por un equipo de <strong>cocina<\/strong> propio y son todas <strong>caseras<\/strong>, incluidos los postres.\u00a0<\/p>\n\n\n\n<p>El servicio y el trato que presta su equipo de profesionales hacen que la Residencia Los Cerezos sea tan valorada. Disponen de habitaciones por un precio asequible, en torno a los <strong>600 euros<\/strong>.<\/p>\n\n\n\n<div class=\"wp-block-buttons is-content-justification-center is-layout-flex wp-container-core-buttons-is-layout-16018d1d wp-block-buttons-is-layout-flex\">\n<div class=\"wp-block-button\"><a href=\"https:\/\/miresi.es\/avila\/el-barraco\/residencia-los-cerezos\/\"  target=\"_blank\" rel=\"noreferrer noopener\"  target=\"_blank\" rel=\"noreferrer noopener\">solicita plaza en residencia los cerezos<\/a><\/div>\n<\/div>\n\n\n\n<div style=\"height:10px\" aria-hidden=\"true\" class=\"wp-block-spacer\"><\/div>\n\n\n\n<h3 class=\"wp-block-heading\"><a href=\"https:\/\/miresi.es\/avila\/el-barco-de-avila-2\/residencia-san-miguel-arcangel-avila\/\"  ><strong>1.3. Residencia San Miguel Arc\u00e1ngel \u00c1vila<\/strong><\/a><\/h3>\n\n\n\n<p>La <strong>Residencia San Miguel Arc\u00e1ngel de \u00c1vila<\/strong> es una residencia de tama\u00f1o peque\u00f1o con un trato muy familiar e individualizado. Se encuentra en el municipio de El Barco de \u00c1vila, un lugar precioso a orillas del r\u00edo Tormes. La residencia est\u00e1 situada en el centro del pueblo lo cual facilita los <strong>paseos<\/strong> al <strong>exterior<\/strong> de la residencia. Se sit\u00faa a diez metros de la Iglesia y a cincuenta metros de la Plaza Mayor.<\/p>\n\n\n\n<p>En el centro ofrecen una atenci\u00f3n espec\u00edfica. Cuentan con una cocina propia en la que elaboran men\u00fas espec\u00edficos seg\u00fan las necesidades de cada residente. Su <strong>atenci\u00f3n al detalle<\/strong> y el <strong>entorno encantador<\/strong> en el que se ubica la hacen una residencia maravillosa.<\/p>\n\n\n\n<p>La Residencia San Miguel Arc\u00e1ngel de \u00c1vila ofrece habitaciones que rondan los <strong>600 euros<\/strong>.<\/p>\n\n\n\n<div class=\"wp-block-buttons is-content-justification-center is-layout-flex wp-container-core-buttons-is-layout-16018d1d wp-block-buttons-is-layout-flex\">\n<div class=\"wp-block-button\"><a href=\"https:\/\/miresi.es\/avila\/el-barco-de-avila-2\/residencia-san-miguel-arcangel-avila\/\"  target=\"_blank\" rel=\"noreferrer noopener\"  target=\"_blank\" rel=\"noreferrer noopener\">solicita plaza en residencia san miguel arc\u00e1ngel <\/a><\/div>\n<\/div>\n\n\n\n<div style=\"height:10px\" aria-hidden=\"true\" class=\"wp-block-spacer\"><\/div>\n\n\n\n<figure class=\"wp-block-image size-large\"><img decoding=\"async\" width=\"1024\" height=\"683\" src=\"https:\/\/miresi.es\/blog\/wp-content\/uploads\/2022\/03\/portrait-of-male-and-female-residents-sitting-in-c-2021-08-26-16-15-13-utc-1-1024x683.jpg\" alt=\"residencias de ancianos por 600 euros en \u00c1vila comunidad\" class=\"wp-image-13403\" srcset=\"https:\/\/miresiblog.imgix.net\/uploads\/2022\/03\/portrait-of-male-and-female-residents-sitting-in-c-2021-08-26-16-15-13-utc-1-scaled.jpg?auto=format%2Ccompress&fit=crop&h=683&ixlib=php-3.3.0&w=1024&s=e8b88037d95eca6a346070008864bdd7 1024w, https:\/\/miresiblog.imgix.net\/uploads\/2022\/03\/portrait-of-male-and-female-residents-sitting-in-c-2021-08-26-16-15-13-utc-1-scaled.jpg?auto=format%2Ccompress&fit=crop&h=200&ixlib=php-3.3.0&w=300&s=21d550c5bd76b3727992174ed2d17670 300w, https:\/\/miresiblog.imgix.net\/uploads\/2022\/03\/portrait-of-male-and-female-residents-sitting-in-c-2021-08-26-16-15-13-utc-1-scaled.jpg?auto=format%2Ccompress&fit=crop&h=512&ixlib=php-3.3.0&w=768&s=3f814195846a8d3f25bad9c49dc4dd9a 768w, https:\/\/miresiblog.imgix.net\/uploads\/2022\/03\/portrait-of-male-and-female-residents-sitting-in-c-2021-08-26-16-15-13-utc-1-scaled.jpg?auto=format%2Ccompress&fit=crop&h=1024&ixlib=php-3.3.0&w=1536&s=58afc59010367ff3b8f28dd9bc0050b5 1536w, https:\/\/miresiblog.imgix.net\/uploads\/2022\/03\/portrait-of-male-and-female-residents-sitting-in-c-2021-08-26-16-15-13-utc-1-scaled.jpg?auto=format%2Ccompress&fit=crop&h=1366&ixlib=php-3.3.0&w=2048&s=e7a3e109ab74562b7890feb15838dfea 2048w, https:\/\/miresiblog.imgix.net\/uploads\/2022\/03\/portrait-of-male-and-female-residents-sitting-in-c-2021-08-26-16-15-13-utc-1-scaled.jpg?auto=format%2Ccompress&fit=crop&h=240&ixlib=php-3.3.0&w=360&s=e93bfdbcff462e5a008e9de7d3f82305 360w, https:\/\/miresiblog.imgix.net\/uploads\/2022\/03\/portrait-of-male-and-female-residents-sitting-in-c-2021-08-26-16-15-13-utc-1-scaled.jpg?auto=format%2Ccompress&ixlib=php-3.3.0&w=900&s=7487c555cceb9224106a183aa3e8ccfa 900w\" sizes=\"(max-width: 1024px) 100vw, 1024px\" \/><figcaption class=\"wp-element-caption\">Las residencias de ancianos por 600 euros en \u00c1vila son una fant\u00e1stica oportunidad para que los mayores se relacionen entre ellos y vivan en comunidad.<\/figcaption><\/figure>\n\n\n\n<h3 class=\"wp-block-heading\"><a href=\"https:\/\/miresi.es\/avila\/fresnedilla\/residencia-el-olivar\/\"  ><strong>1.4. Residencia El Olivar<\/strong><\/a><\/h3>\n\n\n\n<p>La <strong>Residencia El Olivar<\/strong> es un centro para mayores que abri\u00f3 sus puertas a mediados de 2009. Est\u00e1 formada por un equipo multidisciplinar perfectamente cualificado y en continua formaci\u00f3n para el buen funcionamiento de la residencia. Ofrecen atenci\u00f3n asistencial personalizada tanto a nivel profesional como afectivo.<\/p>\n\n\n\n<p>El principal objetivo de esta residencia es el <strong>bienestar<\/strong> de los residentes y tambi\u00e9n de sus familias. Para conseguir esto, se basan en los siguientes <strong>valores<\/strong>: respeto por los mayores, trato siempre digno, cubrir su necesidad de afecto y atender sus necesidades emocionales.<\/p>\n\n\n\n<p>La Residencia el Olivar ofrece servicios muy completos a un precio asequible, disponiendo de habitaciones alrededor de los <strong>600 euros<\/strong>.<\/p>\n\n\n\n<div class=\"wp-block-buttons is-content-justification-center is-layout-flex wp-container-core-buttons-is-layout-16018d1d wp-block-buttons-is-layout-flex\">\n<div class=\"wp-block-button\"><a href=\"https:\/\/miresi.es\/avila\/fresnedilla\/residencia-el-olivar\/\"  target=\"_blank\" rel=\"noreferrer noopener\"  target=\"_blank\" rel=\"noreferrer noopener\">solicita plaza en residencia el olivar<\/a><\/div>\n<\/div>\n\n\n\n<div style=\"height:10px\" aria-hidden=\"true\" class=\"wp-block-spacer\"><\/div>\n\n\n\n<h2 class=\"wp-block-heading\">2. Desde miResi te ayudamos a encontrar residencias de ancianos por 600 euros en \u00c1vila<\/h2>\n\n\n\n<p>En miResi somos especialistas en encontrar la residencia ideal para ti o para tu familiar. Contamos con una <a href=\"https:\/\/miresi.es\/buscador\/\"  >amplia red de residencias<\/a> para poder ofrecer las mejores opciones a nuestros mayores.\u00a0<\/p>\n\n\n\n<p>Sabemos que buscar una residencia de personas mayores para tus seres queridos puede ser un proceso dif\u00edcil, y aqu\u00ed estamos para hacerlo m\u00e1s f\u00e1cil. Nuestro equipo de asesoramiento familiar ofrece atenci\u00f3n <strong>personalizada<\/strong> y <strong>gratuita<\/strong> para ayudarte a tomar la mejor decisi\u00f3n posible. Encuentra tu <strong>residencia de mayores <\/strong>ideal con miResi.<\/p>\n\n\n\n<p>\ud83d\udc9a \u00a1Te damos la bienvenida a miResi! \ud83d\udc9a<\/p>\n\n\n\n<div class=\"wp-block-buttons is-content-justification-center is-layout-flex wp-container-core-buttons-is-layout-16018d1d wp-block-buttons-is-layout-flex\">\n<div class=\"wp-block-button\"><a href=\"https:\/\/miresi.es\/buscador\/\"  rel=\"noreferrer noopener\"  rel=\"noreferrer noopener\">\u00bfnecesitas ayuda?<\/a><\/div>\n<\/div>\n<div style='text-align:center' class='yasr-auto-insert-visitor'><!--Yasr Visitor Votes Shortcode--><div id='yasr_visitor_votes_0f5662579592d' class='yasr-visitor-votes'><div class=\"yasr-custom-text-vv-before yasr-custom-text-vv-before-13394\">\u00a1Haz clic para puntuar esta entrada!<\/div><div id='yasr-vv-second-row-container-0f5662579592d'\r\n                                        class='yasr-vv-second-row-container'><div id='yasr-visitor-votes-rater-0f5662579592d'\r\n                                      class='yasr-rater-stars-vv'\r\n                                      data-rater-postid='13394'\r\n                                      data-rating='0'\r\n                                      data-rater-starsize='32'\r\n                                      data-rater-readonly='false'\r\n                                      data-rater-nonce='4d05b5a2cb'\r\n                                      data-issingular='false'\r\n                                    ><\/div><div class=\"yasr-vv-stats-text-container\" id=\"yasr-vv-stats-text-container-0f5662579592d\"><svg xmlns=\"https:\/\/www.w3.org\/2000\/svg\" width=\"20\" height=\"20\"\r\n                                   class=\"yasr-dashicons-visitor-stats\"\r\n                                   data-postid=\"13394\"\r\n                                   id=\"yasr-stats-dashicon-0f5662579592d\">\r\n                                   <path d=\"M18 18v-16h-4v16h4zM12 18v-11h-4v11h4zM6 18v-8h-4v8h4z\"><\/path>\r\n                               <\/svg><span id=\"yasr-vv-text-container-0f5662579592d\" class=\"yasr-vv-text-container\"> (Votos: <span id=\"yasr-vv-votes-number-container-0f5662579592d\">0<\/span>  Promedio: <span id=\"yasr-vv-average-container-0f5662579592d\">0<\/span>)<\/span><\/div><div id='yasr-vv-loader-0f5662579592d' class='yasr-vv-container-loader'><\/div><\/div><div id='yasr-vv-bottom-container-0f5662579592d'\r\n                              class='yasr-vv-bottom-container'\r\n                              style='display:none'><\/div><\/div><!--End Yasr Visitor Votes Shortcode--><\/div>","protected":false},"excerpt":{"rendered":"<p>Las residencias de ancianos por 600 euros en \u00c1vila son una opci\u00f3n econ\u00f3mica que ofrece los mejores cuidados a las personas mayores. No te lo pierdas en miResi.<\/p>\n","protected":false},"author":6,"featured_media":13401,"comment_status":"open","ping_status":"open","sticky":false,"template":"","format":"standard","meta":{"yasr_overall_rating":0,"yasr_post_is_review":"","yasr_auto_insert_disabled":"","yasr_review_type":"","footnotes":""},"categories":[363,362],"tags":[269,68,493,270],"class_list":["post-13394","post","type-post","status-publish","format-standard","has-post-thumbnail","hentry","category-centros-de-dia","category-residencias-de-mayores","tag-residencias-baratas","tag-residencias-de-ancianos","tag-residencias-de-ancianos-por-600-euros","tag-residencias-economicas"],"yasr_visitor_votes":{"stars_attributes":{"read_only":false,"span_bottom":false},"number_of_votes":0,"sum_votes":0},"_links":{"self":[{"href":"https:\/\/miresi.es\/blog\/wp-json\/wp\/v2\/posts\/13394","targetHints":{"allow":["GET"]}}],"collection":[{"href":"https:\/\/miresi.es\/blog\/wp-json\/wp\/v2\/posts"}],"about":[{"href":"https:\/\/miresi.es\/blog\/wp-json\/wp\/v2\/types\/post"}],"author":[{"embeddable":true,"href":"https:\/\/miresi.es\/blog\/wp-json\/wp\/v2\/users\/6"}],"replies":[{"embeddable":true,"href":"https:\/\/miresi.es\/blog\/wp-json\/wp\/v2\/comments?post=13394"}],"version-history":[{"count":16,"href":"https:\/\/miresi.es\/blog\/wp-json\/wp\/v2\/posts\/13394\/revisions"}],"predecessor-version":[{"id":24773,"href":"https:\/\/miresi.es\/blog\/wp-json\/wp\/v2\/posts\/13394\/revisions\/24773"}],"wp:featuredmedia":[{"embeddable":true,"href":"https:\/\/miresi.es\/blog\/wp-json\/wp\/v2\/media\/13401"}],"wp:attachment":[{"href":"https:\/\/miresi.es\/blog\/wp-json\/wp\/v2\/media?parent=13394"}],"wp:term":[{"taxonomy":"category","embeddable":true,"href":"https:\/\/miresi.es\/blog\/wp-json\/wp\/v2\/categories?post=13394"},{"taxonomy":"post_tag","embeddable":true,"href":"https:\/\/miresi.es\/blog\/wp-json\/wp\/v2\/tags?post=13394"}],"curies":[{"name":"wp","href":"https:\/\/api.w.org\/{rel}","templated":true}]}}