{"id":13942,"date":"2022-04-01T13:27:33","date_gmt":"2022-04-01T12:27:33","guid":{"rendered":"https:\/\/miresi.es\/blog\/?p=13942"},"modified":"2026-04-23T18:09:25","modified_gmt":"2026-04-23T17:09:25","slug":"depresion-en-los-adultos-mayores","status":"publish","type":"post","link":"https:\/\/miresi.es\/blog\/depresion-en-los-adultos-mayores\/","title":{"rendered":"Tratamientos para la depresi\u00f3n en los adultos mayores"},"content":{"rendered":"\n<p>La depresi\u00f3n en los adultos mayores (y a cualquier edad) es un tema que ha cobrado importancia a ra\u00edz del \u2013cada vez mayor\u2013 reconocimiento del rol que juega la salud mental en nuestras vidas.\u00a0La depresi\u00f3n es el trastorno afectivo m\u00e1s frecuente en el anciano y una de las principales consultas m\u00e9dicas, aun cuando su presencia puede pasar desapercibida. Es importante tener en cuenta que el \u00e1nimo triste no forma parte del envejecimiento normal. Se suele asociar la tercera edad con la depresi\u00f3n porque se comparten algunos s\u00edntomas con otras dolencias propias de esta etapa, como pueden ser los sentimientos de soledad, tristeza o apat\u00eda. Reconocer y ofrecer tratamientos para la depresi\u00f3n en los adultos mayores es fundamental para garantizar su bienestar y calidad de vida.<\/p>\n\n\n\n<div class=\"wp-block-buttons is-content-justification-center is-layout-flex wp-container-core-buttons-is-layout-16018d1d wp-block-buttons-is-layout-flex\">\n<div class=\"wp-block-button\"><a href=\"https:\/\/miresi.es\/buscador\/\"  rel=\"noreferrer noopener\"  rel=\"noreferrer noopener\">Encuentra  la residencia para mayores ideal<\/a><\/div>\n<\/div>\n\n\n\n<h2 class=\"wp-block-heading\"><strong>\u00bfQu\u00e9 es la depresi\u00f3n?<\/strong><strong><\/strong><\/h2>\n\n\n\n<p>La depresi\u00f3n es una enfermedad mental com\u00fan que puede sufrir cualquier ser humano, pero que en el caso de los adultos mayores, suele ser m\u00e1s frecuente que en otros grupos de edad. De hecho, seg\u00fan la Organizaci\u00f3n de las Naciones Unidas (ONU), un 5,7% de los adultos de m\u00e1s de 60 a\u00f1os padecen de depresi\u00f3n, siendo las mujeres m\u00e1s propensas a sufrirla que los hombres.<\/p>\n\n\n\n<p>Seg\u00fan el DSM-V la <strong>depresi\u00f3n<\/strong> es un trastorno del estado de \u00e1nimo en el que la persona manifiesta sentimientos de tristeza, disminuci\u00f3n importante del inter\u00e9s o el placer por actividades que anteriormente le eran agradables, p\u00e9rdida considerable de peso sin hacer dieta o aumento del mismo, insomnio o hipersomnia casi todos los d\u00edas, \u00a0agitaci\u00f3n o enlentecimiento, fatiga o p\u00e9rdida de energ\u00eda, sentimientos de inutilidad o culpabilidad excesiva, dificultades para pensar o concentrarse, pensamientos de muerte recurrentes e ideas suicidas recurrentes. Para considerarse depresi\u00f3n, los s\u00edntomas anteriormente descritos tienen que estar presentes todos los d\u00edas, casi todo el d\u00eda, al menos durante dos semanas y suele afectar a todos los \u00e1mbitos de la vida, as\u00ed como las relaciones sociales de quien lo padece.\u00a0<\/p>\n\n\n<div class=\"wp-block-image\">\n<figure class=\"aligncenter size-large\"><img decoding=\"async\" width=\"1024\" height=\"683\" src=\"https:\/\/miresi.es\/blog\/wp-content\/uploads\/2022\/04\/sad-senior-man-drinking-alone-2021-09-02-08-35-18-utc-1024x683.jpg\" alt=\"S\u00edntomas de la depresi\u00f3n en ancianos: tristeza \" class=\"wp-image-13958\" title=\"S\u00edntomas de la depresi\u00f3n en ancianos: tristeza \" srcset=\"https:\/\/miresiblog.imgix.net\/uploads\/2022\/04\/sad-senior-man-drinking-alone-2021-09-02-08-35-18-utc-scaled.jpg?auto=format%2Ccompress&fit=crop&h=683&ixlib=php-3.3.0&w=1024&s=79c0b40490037a8a92a18661265939cd 1024w, https:\/\/miresiblog.imgix.net\/uploads\/2022\/04\/sad-senior-man-drinking-alone-2021-09-02-08-35-18-utc-scaled.jpg?auto=format%2Ccompress&fit=crop&h=200&ixlib=php-3.3.0&w=300&s=9f45affe8af9969996fb5005dfa2ad21 300w, https:\/\/miresiblog.imgix.net\/uploads\/2022\/04\/sad-senior-man-drinking-alone-2021-09-02-08-35-18-utc-scaled.jpg?auto=format%2Ccompress&fit=crop&h=512&ixlib=php-3.3.0&w=768&s=f265f55b61628f799a49a5c9075e92f4 768w, https:\/\/miresiblog.imgix.net\/uploads\/2022\/04\/sad-senior-man-drinking-alone-2021-09-02-08-35-18-utc-scaled.jpg?auto=format%2Ccompress&fit=crop&h=1024&ixlib=php-3.3.0&w=1536&s=17e4b892c230b2652647c814af80c3a3 1536w, https:\/\/miresiblog.imgix.net\/uploads\/2022\/04\/sad-senior-man-drinking-alone-2021-09-02-08-35-18-utc-scaled.jpg?auto=format%2Ccompress&fit=crop&h=1365&ixlib=php-3.3.0&w=2048&s=d3c4858cdeb86688c4736efe38a06351 2048w, https:\/\/miresiblog.imgix.net\/uploads\/2022\/04\/sad-senior-man-drinking-alone-2021-09-02-08-35-18-utc-scaled.jpg?auto=format%2Ccompress&fit=crop&h=240&ixlib=php-3.3.0&w=360&s=313b948e31782a2eae5e03a098560685 360w, https:\/\/miresiblog.imgix.net\/uploads\/2022\/04\/sad-senior-man-drinking-alone-2021-09-02-08-35-18-utc-scaled.jpg?auto=format%2Ccompress&ixlib=php-3.3.0&w=900&s=0a1451f0adab16f1e185ddf42b4ae334 900w\" sizes=\"(max-width: 1024px) 100vw, 1024px\" \/><figcaption class=\"wp-element-caption\">La sensaci\u00f3n de tristeza del adulto mayor es preocupante cuando se alarga en el tiempo<\/figcaption><\/figure>\n<\/div>\n\n\n<h2 class=\"wp-block-heading\"><strong>Tipos de depresi\u00f3n en los adultos mayores<\/strong><\/h2>\n\n\n\n<p>La depresi\u00f3n puede manifestarse de distintas formas, no todas de la misma magnitud o caracter\u00edsticas, por ello es necesario buscar ayuda profesional para diferenciarlas y poder as\u00ed brindar el tratamiento adecuado a quien la sufre. Entre los tipos m\u00e1s comunes de depresi\u00f3n en los adultos mayores se encuentran:\u00a0<\/p>\n\n\n\n<ul class=\"wp-block-list\">\n<li><strong>Depresi\u00f3n mayor.<\/strong> Se caracteriza por la aparici\u00f3n de sentimientos negativos y de tristeza. Afecta a la rutina de actividades de la vida diaria del adulto mayor como comer, descansar, concentrarse o disfrutar. Puede llegar a ser de tal magnitud que quien la sufre queda paralizado f\u00edsicamente o\u00a0 incluso rechaza cualquier tipo de alimento o bebida.<\/li>\n<\/ul>\n\n\n\n<ul class=\"wp-block-list\">\n<li><strong>Trastorno depresivo persistente (Distimia)<\/strong>. Se trata de un trastorno depresivo continuo y cr\u00f3nico, pero m\u00e1s leve que el anterior.Sus s\u00edntomas suelen durar al menos dos a\u00f1os. La persona que la sufre muestra muy baja autoestima, gran desaliento y un negativismo constante. Las actividades que antes le eran placenteras, ya no le motivan.\u00a0<\/li>\n<\/ul>\n\n\n\n<ul class=\"wp-block-list\">\n<li><strong>Depresi\u00f3n menor<\/strong>: Los s\u00edntomas de este tipo de depresi\u00f3n tienen una menor intensidad y duraci\u00f3n que los s\u00edntomas de la depresi\u00f3n mayor y la distimia.<\/li>\n<\/ul>\n\n\n\n<ul class=\"wp-block-list\">\n<li><strong>Depresi\u00f3n de inicio tard\u00edo o depresi\u00f3n vascular<\/strong>. Cuando la depresi\u00f3n se manifiesta por primera vez durante la tercera edad, se le conoce como depresi\u00f3n de inicio tard\u00edo o depresi\u00f3n vascular en donde se presume que puede aparecer por lesiones cerebro vasculares.<\/li>\n<\/ul>\n\n\n\n<h2 class=\"wp-block-heading\"><strong>S\u00edntomas de la depresi\u00f3n en ancianos<\/strong><strong><\/strong><\/h2>\n\n\n\n<p>La depresi\u00f3n en el adulto mayor puede ser dif\u00edcil de detectar para quienes le rodean pues en muchas ocasiones se llegan a confundir sus s\u00edntomas con los de otras dolencias como pueden ser las distintas demencias o el esperado deterioro cognitivo que suele aparecer con la edad.<\/p>\n\n\n\n<p>Entre los s\u00edntomas m\u00e1s frecuentes a tomar en consideraci\u00f3n destacan los siguientes:\u00a0<\/p>\n\n\n\n<ul class=\"wp-block-list\">\n<li>Tristeza o ansiedad<\/li>\n\n\n\n<li>Vac\u00edo e insatisfacci\u00f3n<\/li>\n\n\n\n<li>Sentimiento de culpa, falta de autoestima e impotencia<\/li>\n\n\n\n<li>Negativismo o desaliento<\/li>\n\n\n\n<li>Hiperactividad, susceptibilidad o mal humor<\/li>\n\n\n\n<li>Trastornos de conducta\u00a0<\/li>\n\n\n\n<li>Aislamiento social<\/li>\n\n\n\n<li>P\u00e9rdida de inter\u00e9s en las actividades que antes disfrutaba (anhedonia)<\/li>\n\n\n\n<li>Problemas de sue\u00f1o (insomnio y\/o hipersomnia)<\/li>\n\n\n\n<li>Cansancio excesivo<\/li>\n\n\n\n<li>Alteraciones en el apetito o en el peso<\/li>\n\n\n\n<li>Dolor de cabeza o calambres<\/li>\n\n\n\n<li>Hipocondr\u00eda (como el s\u00edndrome de Cotard)<\/li>\n\n\n\n<li>Dificultad de concentraci\u00f3n, leves p\u00e9rdidas de memoria o incapacidad para tomar decisiones<\/li>\n\n\n\n<li>Presencia de ideas sobre la muerte o intentos de suicidio en los casos m\u00e1s graves de depresi\u00f3n en ancianos.<\/li>\n<\/ul>\n\n\n\n<p>Adem\u00e1s de tener en cuenta la duraci\u00f3n de los signos y s\u00edntomas mencionados, la consulta con un profesional es vital para detectar si se trata de depresi\u00f3n o de alguna otra dolencia.\u00a0<\/p>\n\n\n<div class=\"wp-block-image\">\n<figure class=\"aligncenter size-large\"><img decoding=\"async\" width=\"1024\" height=\"683\" src=\"https:\/\/miresi.es\/blog\/wp-content\/uploads\/2022\/04\/heartbroken-elderly-woman-holding-a-wedding-ring-2021-08-26-22-39-36-utc-1024x683.jpg\" alt=\"Causas de la depresi\u00f3n en ancianos: fallecimiento de seres queridos\" class=\"wp-image-13957\" title=\"Causas de la depresi\u00f3n en ancianos: fallecimiento de seres queridos\" srcset=\"https:\/\/miresiblog.imgix.net\/uploads\/2022\/04\/heartbroken-elderly-woman-holding-a-wedding-ring-2021-08-26-22-39-36-utc-scaled.jpg?auto=format%2Ccompress&fit=crop&h=683&ixlib=php-3.3.0&w=1024&s=f5e44031eac6ca1d911d6ac11f0ad566 1024w, https:\/\/miresiblog.imgix.net\/uploads\/2022\/04\/heartbroken-elderly-woman-holding-a-wedding-ring-2021-08-26-22-39-36-utc-scaled.jpg?auto=format%2Ccompress&fit=crop&h=200&ixlib=php-3.3.0&w=300&s=80d1199f0b6a4a0e72725d2a9d1379ae 300w, https:\/\/miresiblog.imgix.net\/uploads\/2022\/04\/heartbroken-elderly-woman-holding-a-wedding-ring-2021-08-26-22-39-36-utc-scaled.jpg?auto=format%2Ccompress&fit=crop&h=512&ixlib=php-3.3.0&w=768&s=44135dfb739b745017bf935d06c3517d 768w, https:\/\/miresiblog.imgix.net\/uploads\/2022\/04\/heartbroken-elderly-woman-holding-a-wedding-ring-2021-08-26-22-39-36-utc-scaled.jpg?auto=format%2Ccompress&fit=crop&h=1024&ixlib=php-3.3.0&w=1536&s=ddb84ece6ca76133196e78a212e5f347 1536w, https:\/\/miresiblog.imgix.net\/uploads\/2022\/04\/heartbroken-elderly-woman-holding-a-wedding-ring-2021-08-26-22-39-36-utc-scaled.jpg?auto=format%2Ccompress&fit=crop&h=1365&ixlib=php-3.3.0&w=2048&s=8bd0fd421902389a5ff067e3f5292f43 2048w, https:\/\/miresiblog.imgix.net\/uploads\/2022\/04\/heartbroken-elderly-woman-holding-a-wedding-ring-2021-08-26-22-39-36-utc-scaled.jpg?auto=format%2Ccompress&fit=crop&h=240&ixlib=php-3.3.0&w=360&s=f6a49cd52bc22628f5529c6adddbe4bd 360w, https:\/\/miresiblog.imgix.net\/uploads\/2022\/04\/heartbroken-elderly-woman-holding-a-wedding-ring-2021-08-26-22-39-36-utc-scaled.jpg?auto=format%2Ccompress&ixlib=php-3.3.0&w=900&s=94ddb245e9dbb8e8316af8068a16bd2c 900w\" sizes=\"(max-width: 1024px) 100vw, 1024px\" \/><figcaption class=\"wp-element-caption\">La p\u00e9rdida de un ser querido puede da\u00f1ar gravemente la salud mental de nuestro mayor<\/figcaption><\/figure>\n<\/div>\n\n\n<h2 class=\"wp-block-heading\"><strong>Diagn\u00f3stico de la depresi\u00f3n en ancianos<\/strong><strong><\/strong><\/h2>\n\n\n\n<p>El diagn\u00f3stico de la depresi\u00f3n debe ser realizado por un especialista de la salud, ya sea el m\u00e9dico de <strong>cabecera <\/strong><strong>o el geriatra,<\/strong><strong> para descartar otros problemas de salud f\u00edsica<\/strong>. En esta revisi\u00f3n, el m\u00e9dico estudiar\u00e1 la historia cl\u00ednica del paciente y su curso evolutivo, analizar\u00e1 sus s\u00edntomas a trav\u00e9s del cuadro cl\u00ednico y realizar\u00e1 exploraciones f\u00edsicas y pruebas como el an\u00e1lisis de sangre o de orina.<\/p>\n\n\n\n<p>Una vez realizada la exploraci\u00f3n cl\u00ednica e identificados los s\u00edntomas depresivos, se podr\u00e1 iniciar el tratamiento correspondiente para combatir la depresi\u00f3n.\u00a0<\/p>\n\n\n\n<h2 class=\"wp-block-heading\"><strong>Tratamiento de la depresi\u00f3n en ancianos<\/strong><strong><\/strong><\/h2>\n\n\n\n<p>En el caso de los adultos mayores, el tratamiento suele apoyarse en varios aspectos, como puede ser el farmacol\u00f3gico, la psicoterapia y distintas terapias y medidas no farmacol\u00f3gicas, sin bien no existe un consenso universal acerca todas ellas. En todo caso, los tratamientos y medidas utilizadas con mayor frecuencia son:\u00a0<\/p>\n\n\n\n<h3 class=\"wp-block-heading\"><strong>Psicoterapia<\/strong><strong><\/strong><\/h3>\n\n\n\n<p>A trav\u00e9s de las sesiones con el psic\u00f3logo o psiquiatra el paciente mayor aprender\u00e1 una serie de herramientas que le ayuden a combatir los pensamientos, emociones y sentimientos negativos que le est\u00e9n afectando.<\/p>\n\n\n\n<h3 class=\"wp-block-heading\"><strong>Tratamiento farmacol\u00f3gico\u00a0<\/strong><strong><\/strong><\/h3>\n\n\n\n<p>El uso de medicaci\u00f3n tambi\u00e9n suele ser parte de los tratamientos para la depresi\u00f3n en el adulto mayor. El m\u00e9dico podr\u00e1 recetar antidepresivos cuando lo considere necesario con el objeto de mejorar el equilibrio de los neurotransmisores que se vean afectados en estos casos como por ejemplo la serotonina. As\u00ed mismo, pueden ser recetados otros f\u00e1rmacos, como ansiol\u00edticos y relajantes.<\/p>\n\n\n\n<p>Es importante que se siga de forma estricta la toma de la medicaci\u00f3n seg\u00fan las indicaciones y que no se suspenda la misma, sin previa consulta con el especialista.<\/p>\n\n\n<div class=\"wp-block-image\">\n<figure class=\"aligncenter size-large\"><img decoding=\"async\" width=\"1024\" height=\"683\" src=\"https:\/\/miresi.es\/blog\/wp-content\/uploads\/2022\/04\/excited-old-lady-holding-hand-weights-in-outstretc-2022-02-09-23-54-53-utc-1024x683.jpg\" alt=\"Tratamiento de la depresi\u00f3n en ancianos: practicar deporte\" class=\"wp-image-13956\" title=\"Tratamiento de la depresi\u00f3n en ancianos: practicar deporte\" srcset=\"https:\/\/miresiblog.imgix.net\/uploads\/2022\/04\/excited-old-lady-holding-hand-weights-in-outstretc-2022-02-09-23-54-53-utc-scaled.jpg?auto=format%2Ccompress&fit=crop&h=683&ixlib=php-3.3.0&w=1024&s=651e9827e5ef2329e9ff310fd45c537b 1024w, https:\/\/miresiblog.imgix.net\/uploads\/2022\/04\/excited-old-lady-holding-hand-weights-in-outstretc-2022-02-09-23-54-53-utc-scaled.jpg?auto=format%2Ccompress&fit=crop&h=200&ixlib=php-3.3.0&w=300&s=8a2c6f875cb1664d6f4ba9e03e25a67a 300w, https:\/\/miresiblog.imgix.net\/uploads\/2022\/04\/excited-old-lady-holding-hand-weights-in-outstretc-2022-02-09-23-54-53-utc-scaled.jpg?auto=format%2Ccompress&fit=crop&h=512&ixlib=php-3.3.0&w=768&s=66bae724e976e497cad25de4cff056e4 768w, https:\/\/miresiblog.imgix.net\/uploads\/2022\/04\/excited-old-lady-holding-hand-weights-in-outstretc-2022-02-09-23-54-53-utc-scaled.jpg?auto=format%2Ccompress&fit=crop&h=1024&ixlib=php-3.3.0&w=1536&s=6443d9d03ae853747827eef90e33c93b 1536w, https:\/\/miresiblog.imgix.net\/uploads\/2022\/04\/excited-old-lady-holding-hand-weights-in-outstretc-2022-02-09-23-54-53-utc-scaled.jpg?auto=format%2Ccompress&fit=crop&h=1365&ixlib=php-3.3.0&w=2048&s=12ce7f8746922edb3f197360fd728bc5 2048w, https:\/\/miresiblog.imgix.net\/uploads\/2022\/04\/excited-old-lady-holding-hand-weights-in-outstretc-2022-02-09-23-54-53-utc-scaled.jpg?auto=format%2Ccompress&fit=crop&h=240&ixlib=php-3.3.0&w=360&s=d54950e4eb51c97850ca848c93c6b676 360w, https:\/\/miresiblog.imgix.net\/uploads\/2022\/04\/excited-old-lady-holding-hand-weights-in-outstretc-2022-02-09-23-54-53-utc-scaled.jpg?auto=format%2Ccompress&ixlib=php-3.3.0&w=900&s=9e70e615743b5d9154e022b2c5a03915 900w\" sizes=\"(max-width: 1024px) 100vw, 1024px\" \/><figcaption class=\"wp-element-caption\">Ejercitar el cuerpo es una excelente forma de proteger la mente<\/figcaption><\/figure>\n<\/div>\n\n\n<h2 class=\"wp-block-heading\"><strong>Medidas adicionales\u00a0<\/strong><\/h2>\n\n\n\n<p>Como parte del tratamiento, los especialistas tambi\u00e9n suelen recomendar tomar otras medidas que contribuyen a mejorar el estado de \u00e1nimo de manera significativa, especialmente si se realizan de forma conjunta con las anteriores. Entre estas est\u00e1n:\u00a0\u00a0<\/p>\n\n\n\n<ul class=\"wp-block-list\">\n<li>Mantener un r\u00e9gimen sano de alimentaci\u00f3n<\/li>\n\n\n\n<li>Practicar actividad f\u00edsica de forma regular y adaptada a las condiciones del mayor<\/li>\n\n\n\n<li>Vigilar la higiene del sue\u00f1o\u00a0<\/li>\n\n\n\n<li>Evitar la autoexigencia<\/li>\n\n\n\n<li>Gestionar adecuadamente las emociones, como por ejemplo comparti\u00e9ndolas con los dem\u00e1s.<\/li>\n\n\n\n<li>Retomar las actividades placenteras, l\u00fadicas o de ocio que se han dejado de hacer y siempre han gustado, as\u00ed como probar a realizar otras nuevas actividades.<\/li>\n<\/ul>\n\n\n\n<p>Es muy importante buscar ayuda profesional que permita confirmar la existencia o no de depresi\u00f3n, con el objetivo de ofrecer al mayor, el tratamiento necesario que garantice su bienestar y calidad de vida.<\/p>\n\n\n\n<div class=\"wp-block-buttons is-content-justification-center is-layout-flex wp-container-core-buttons-is-layout-16018d1d wp-block-buttons-is-layout-flex\">\n<div class=\"wp-block-button\"><a href=\"https:\/\/miresi.es\/buscador\/\"  rel=\"noreferrer noopener\"  rel=\"noreferrer noopener\">Encuentra los mejores cuidados<\/a><\/div>\n<\/div>\n\n\n\n<p class=\"has-cyan-bluish-gray-color has-text-color\" style=\"font-size:10px\">Fuentes:<\/p>\n\n\n\n<ul class=\"wp-block-list\">\n<li class=\"has-small-font-size\">Mayo Clinic (2022). Depresi\u00f3n (trastorno depresivo mayor). <em>Mayo Clinic<\/em>. <a href=\"https:\/\/www.mayoclinic.org\/es\/diseases-conditions\/depression\/diagnosis-treatment\/drc-20356013\"  target=\"_blank\" rel=\"external nofollow\"   class=\"wp-links-icon\">https:\/\/www.mayoclinic.org\/es\/diseases-conditions\/depression\/diagnosis-treatment\/drc-20356013<\/a><\/li>\n\n\n\n<li class=\"has-small-font-size\">Coryell, W. (2022).Trastornos depresivos. <em>Manual MDS, Versi\u00f3n para profesionales<\/em>. <a href=\"https:\/\/www.msdmanuals.com\/es-es\/professional\/trastornos-psiqui%C3%A1tricos\/trastornos-del-estado-de-%C3%A1nimo\/trastornos-depresivos\"  target=\"_blank\" rel=\"external nofollow\"   class=\"wp-links-icon\">https:\/\/www.msdmanuals.com\/es-es\/professional\/trastornos-psiqui%C3%A1tricos\/trastornos-del-estado-de-%C3%A1nimo\/trastornos-depresivos<\/a><\/li>\n\n\n\n<li class=\"has-small-font-size\">National Institute on Aging. Las personas mayores y la depresi\u00f3n. <em>NIH National Institute on Aging.<\/em> <a href=\"https:\/\/www.nia.nih.gov\/espanol\/personas-mayores-depresion\"  target=\"_blank\" rel=\"external nofollow\"   class=\"wp-links-icon\">https:\/\/www.nia.nih.gov\/espanol\/personas-mayores-depresion<\/a><\/li>\n\n\n\n<li class=\"has-small-font-size\">Hern\u00e1ndez, J. & Barrera Robledo, M. E. (2021). Manejo del trastorno depresivo \u00bfQu\u00e9 tratamiento elegir?.\u00a0<em>Revista M\u00e9dica de Risaralda<\/em>,\u00a0<em>27<\/em>(1), 85-91. Epub May 23, 2021.<a href=\"https:\/\/doi.org\/10.22517\/25395203.24637\"  target=\"_blank\" rel=\"external nofollow\"   class=\"wp-links-icon\">https:\/\/doi.org\/10.22517\/25395203.24637<\/a><\/li>\n\n\n\n<li class=\"has-small-font-size\">Organizaci\u00f3n Mundial de la Salud (2023). Depresi\u00f3n. <em>Organizaci\u00f3n Mundial de la Salud<\/em>. <a href=\"https:\/\/www.who.int\/es\/news-room\/fact-sheets\/detail\/depression\"  target=\"_blank\" rel=\"external nofollow\"   class=\"wp-links-icon\">https:\/\/www.who.int\/es\/news-room\/fact-sheets\/detail\/depression<\/a><\/li>\n<\/ul>\n<div style='text-align:center' class='yasr-auto-insert-visitor'><!--Yasr Visitor Votes Shortcode--><div id='yasr_visitor_votes_078e9639296cf' class='yasr-visitor-votes'><div class=\"yasr-custom-text-vv-before yasr-custom-text-vv-before-13942\">\u00a1Haz clic para puntuar esta entrada!<\/div><div id='yasr-vv-second-row-container-078e9639296cf'\r\n                                        class='yasr-vv-second-row-container'><div id='yasr-visitor-votes-rater-078e9639296cf'\r\n                                      class='yasr-rater-stars-vv'\r\n                                      data-rater-postid='13942'\r\n                                      data-rating='5'\r\n                                      data-rater-starsize='32'\r\n                                      data-rater-readonly='false'\r\n                                      data-rater-nonce='df9b54cd3f'\r\n                                      data-issingular='false'\r\n                                    ><\/div><div class=\"yasr-vv-stats-text-container\" id=\"yasr-vv-stats-text-container-078e9639296cf\"><svg xmlns=\"https:\/\/www.w3.org\/2000\/svg\" width=\"20\" height=\"20\"\r\n                                   class=\"yasr-dashicons-visitor-stats\"\r\n                                   data-postid=\"13942\"\r\n                                   id=\"yasr-stats-dashicon-078e9639296cf\">\r\n                                   <path d=\"M18 18v-16h-4v16h4zM12 18v-11h-4v11h4zM6 18v-8h-4v8h4z\"><\/path>\r\n                               <\/svg><span id=\"yasr-vv-text-container-078e9639296cf\" class=\"yasr-vv-text-container\"> (Votos: <span id=\"yasr-vv-votes-number-container-078e9639296cf\">4<\/span>  Promedio: <span id=\"yasr-vv-average-container-078e9639296cf\">5<\/span>)<\/span><\/div><div id='yasr-vv-loader-078e9639296cf' class='yasr-vv-container-loader'><\/div><\/div><div id='yasr-vv-bottom-container-078e9639296cf'\r\n                              class='yasr-vv-bottom-container'\r\n                              style='display:none'><\/div><\/div><!--End Yasr Visitor Votes Shortcode--><\/div>","protected":false},"excerpt":{"rendered":"<p>Reconocer y ofrecer tratamientos para la depresi\u00f3n en los adultos mayores es fundamental para garantizar su bienestar y calidad de vida.<\/p>\n","protected":false},"author":31,"featured_media":13959,"comment_status":"closed","ping_status":"closed","sticky":false,"template":"","format":"standard","meta":{"yasr_overall_rating":0,"yasr_post_is_review":"","yasr_auto_insert_disabled":"","yasr_review_type":"","footnotes":""},"categories":[12,366],"tags":[1257,445,1253,1254,764,762,444,1258,1252,1255,835],"class_list":["post-13942","post","type-post","status-publish","format-standard","has-post-thumbnail","hentry","category-patologias","category-salud","tag-ciclotimia","tag-depresion-en-la-tercera-edad","tag-depresion-grave","tag-distimia","tag-psicologia-en-residencias","tag-psicoterapia","tag-salud-mental","tag-sintomas-de-la-depresion","tag-tipos-de-depresion","tag-trastorno-afectivo-estacional","tag-trastorno-psicologico"],"yasr_visitor_votes":{"stars_attributes":{"read_only":false,"span_bottom":false},"number_of_votes":4,"sum_votes":20},"_links":{"self":[{"href":"https:\/\/miresi.es\/blog\/wp-json\/wp\/v2\/posts\/13942","targetHints":{"allow":["GET"]}}],"collection":[{"href":"https:\/\/miresi.es\/blog\/wp-json\/wp\/v2\/posts"}],"about":[{"href":"https:\/\/miresi.es\/blog\/wp-json\/wp\/v2\/types\/post"}],"author":[{"embeddable":true,"href":"https:\/\/miresi.es\/blog\/wp-json\/wp\/v2\/users\/31"}],"replies":[{"embeddable":true,"href":"https:\/\/miresi.es\/blog\/wp-json\/wp\/v2\/comments?post=13942"}],"version-history":[{"count":25,"href":"https:\/\/miresi.es\/blog\/wp-json\/wp\/v2\/posts\/13942\/revisions"}],"predecessor-version":[{"id":20954,"href":"https:\/\/miresi.es\/blog\/wp-json\/wp\/v2\/posts\/13942\/revisions\/20954"}],"wp:featuredmedia":[{"embeddable":true,"href":"https:\/\/miresi.es\/blog\/wp-json\/wp\/v2\/media\/13959"}],"wp:attachment":[{"href":"https:\/\/miresi.es\/blog\/wp-json\/wp\/v2\/media?parent=13942"}],"wp:term":[{"taxonomy":"category","embeddable":true,"href":"https:\/\/miresi.es\/blog\/wp-json\/wp\/v2\/categories?post=13942"},{"taxonomy":"post_tag","embeddable":true,"href":"https:\/\/miresi.es\/blog\/wp-json\/wp\/v2\/tags?post=13942"}],"curies":[{"name":"wp","href":"https:\/\/api.w.org\/{rel}","templated":true}]}}