{"id":14145,"date":"2022-04-08T12:19:02","date_gmt":"2022-04-08T11:19:02","guid":{"rendered":"https:\/\/miresi.es\/blog\/?p=14145"},"modified":"2026-04-23T18:09:13","modified_gmt":"2026-04-23T17:09:13","slug":"epilepsia-vascular-en-personas-mayores","status":"publish","type":"post","link":"https:\/\/miresi.es\/blog\/epilepsia-vascular-en-personas-mayores\/","title":{"rendered":"Conoce las Causas de la Epilepsia Vascular en Personas Mayores"},"content":{"rendered":"\n<p>La vejez es una etapa llena de vida y tiempo para disfrutar con los seres queridos. No obstante, tambi\u00e9n puede verse asediada por problemas de salud que minan la calidad de vida del mayor. El deterioro de nuestras c\u00e9lulas y de las funciones de nuestros \u00f3rganos puede derivar, muchas veces, en la aparici\u00f3n de enfermedades que pueden dejar secuelas permanentes, incluso en forma de enfermedades secundarias, en el anciano.<strong> En el art\u00edculo de hoy te contamos qu\u00e9 es la epilepsia vascular en personas mayores, ocasionada por una lesi\u00f3n cerebrovascular, y\u00a0 c\u00f3mo distinguirla de los otros tipos de epilepsia.<\/strong><\/p>\n\n\n\n<div class=\"wp-block-buttons is-content-justification-center is-layout-flex wp-container-core-buttons-is-layout-16018d1d wp-block-buttons-is-layout-flex\">\n<div class=\"wp-block-button\"><a href=\"https:\/\/miresi.es\/buscador\/\"  rel=\"noreferrer noopener\"  rel=\"noreferrer noopener\">encuentra tu residencia ideal<\/a><\/div>\n<\/div>\n\n\n\n<div style=\"height:10px\" aria-hidden=\"true\" class=\"wp-block-spacer\"><\/div>\n\n\n\n<h2 class=\"wp-block-heading\">1. \u00bfQu\u00e9 es la epilepsia?<\/h2>\n\n\n\n<p>La <a href=\"https:\/\/miresi.es\/blog\/tipos-de-epilepsia-en-personas-mayores\/\"  target=\"_blank\" rel=\"noreferrer noopener\"  target=\"_blank\" rel=\"noreferrer noopener\"><strong>epilepsia<\/strong><\/a> es un <strong>trastorno del sistema nervioso central que se manifiesta en convulsiones y crisis epil\u00e9pticas<\/strong>. caracterizadas por producirse de manera repentina mediante movimientos involuntarios, de manera peri\u00f3dica.<\/p>\n\n\n\n<p>Seg\u00fan la <a href=\"https:\/\/www.cun.es\/enfermedades-tratamientos\/enfermedades\/epilepsia\"  target=\"_blank\" rel=\"external nofollow\"  target=\"_blank\" rel=\"noreferrer noopener\"  class=\"wp-links-icon\"><strong>Cl\u00ednica de la Universidad de Navarra<\/strong><\/a>, aunque puede afectar a cualquier persona independientemente de su edad, los grupos m\u00e1s vulnerables a padecer esta enfermedad son los ni\u00f1os y las personas mayores.<\/p>\n\n\n\n<p>Es necesario hacer un seguimiento de la enfermedad y tomar la medicaci\u00f3n pertinente prescrita por el m\u00e9dico. De lo contrario, la epilepsia puede derivar en situaciones de riesgo para la salud del mayor, incluso fatales.<\/p>\n\n\n\n<p>Para ello, hay que realizar, antes que nada, un diagn\u00f3stico. Esta valoraci\u00f3n llevada a cabo por un profesional de la salud servir\u00e1 para determinar las causas de la epilepsia. \u00c9sta puede tener su origen en distintos factores, estableciendo as\u00ed diferentes tipos de epilepsia, siendo la epilepsia vascular una de las m\u00e1s habituales en la tercera edad.\u00a0<\/p>\n\n\n\n<p>A continuaci\u00f3n te contamos detalladamente en qu\u00e9 consiste la epilepsia vascular en personas mayores y qu\u00e9 medidas tomar para combatirla:<\/p>\n\n\n<div class=\"wp-block-image\">\n<figure class=\"aligncenter size-large\"><img decoding=\"async\" width=\"1024\" height=\"683\" src=\"https:\/\/miresi.es\/blog\/wp-content\/uploads\/2022\/04\/an-elderly-grandmother-with-an-adult-granddaughter-2021-08-26-12-08-49-utc-1024x683.jpg\" alt=\"epilepsia vascular en personas mayores\" class=\"wp-image-14153\" srcset=\"https:\/\/miresiblog.imgix.net\/uploads\/2022\/04\/an-elderly-grandmother-with-an-adult-granddaughter-2021-08-26-12-08-49-utc-scaled.jpg?auto=format%2Ccompress&fit=crop&h=683&ixlib=php-3.3.0&w=1024&s=dce0aac5e5f91ab9ff1c0e7803212d7c 1024w, https:\/\/miresiblog.imgix.net\/uploads\/2022\/04\/an-elderly-grandmother-with-an-adult-granddaughter-2021-08-26-12-08-49-utc-scaled.jpg?auto=format%2Ccompress&fit=crop&h=200&ixlib=php-3.3.0&w=300&s=746fa36f965837e611758a21b1c78edf 300w, https:\/\/miresiblog.imgix.net\/uploads\/2022\/04\/an-elderly-grandmother-with-an-adult-granddaughter-2021-08-26-12-08-49-utc-scaled.jpg?auto=format%2Ccompress&fit=crop&h=512&ixlib=php-3.3.0&w=768&s=632d3bad7854414d6cac181726453fe3 768w, https:\/\/miresiblog.imgix.net\/uploads\/2022\/04\/an-elderly-grandmother-with-an-adult-granddaughter-2021-08-26-12-08-49-utc-scaled.jpg?auto=format%2Ccompress&fit=crop&h=1024&ixlib=php-3.3.0&w=1536&s=5c62698e23fc9e02d1d0f2aeb0d91468 1536w, https:\/\/miresiblog.imgix.net\/uploads\/2022\/04\/an-elderly-grandmother-with-an-adult-granddaughter-2021-08-26-12-08-49-utc-scaled.jpg?auto=format%2Ccompress&fit=crop&h=1365&ixlib=php-3.3.0&w=2048&s=f6adb2b8d0207b506d55b562e9709797 2048w, https:\/\/miresiblog.imgix.net\/uploads\/2022\/04\/an-elderly-grandmother-with-an-adult-granddaughter-2021-08-26-12-08-49-utc-scaled.jpg?auto=format%2Ccompress&fit=crop&h=240&ixlib=php-3.3.0&w=360&s=17cf96bb0720a0cc680b6b27a7ab35c9 360w, https:\/\/miresiblog.imgix.net\/uploads\/2022\/04\/an-elderly-grandmother-with-an-adult-granddaughter-2021-08-26-12-08-49-utc-scaled.jpg?auto=format%2Ccompress&ixlib=php-3.3.0&w=900&s=5b01b91fa6775abb0b0acd90208aa2a4 900w\" sizes=\"(max-width: 1024px) 100vw, 1024px\" \/><\/figure>\n<\/div>\n\n\n<h3 class=\"wp-block-heading\">1.1. Epilepsia vascular en personas mayores<\/h3>\n\n\n\n<p>La epilepsia vascular es un tipo de epilepsia que difiere del resto porque <strong>su origen est\u00e1 en una lesi\u00f3n cerebrovascular isqu\u00e9mica o hemorr\u00e1gica<\/strong>. Los accidentes cerebrovasculares son, seg\u00fan <a href=\"https:\/\/www.medicinabuenosaires.com\/indices-de-2010-a-2018\/volumen-78-ano-2018-no-2-indice\/epilepsia-asociada-al-accidente-cerebrovascular\/\"  target=\"_blank\" rel=\"external nofollow\"  target=\"_blank\" rel=\"noreferrer noopener\"  class=\"wp-links-icon\"><strong>Medicina Buenos Aires<\/strong><\/a>, la causa m\u00e1s com\u00fan de epilepsia en la etapa adulta.<\/p>\n\n\n\n<p><strong>Se caracteriza porque las convulsiones toman lugar pasadas las 24 horas despu\u00e9s de haber sufrido el ictus<\/strong>. Se pueden distinguir, no obstante, dos tipos de crisis:<\/p>\n\n\n\n<ul class=\"wp-block-list\">\n<li>Crisis precoces: suele producirse entre las 24 horas despu\u00e9s y la primera semana.<\/li>\n\n\n\n<li>Crisis tard\u00edas: tienen lugar tras la primera semana.<\/li>\n<\/ul>\n\n\n\n<p>La epilepsia vascular presenta crisis recurrentes, normalmente m\u00e1s de dos, tras haber sufrido el ictus.\u00a0<\/p>\n\n\n\n<h2 class=\"wp-block-heading\">2. S\u00edntomas de la epilepsia vascular en personas mayores<\/h2>\n\n\n\n<p>Los s\u00edntomas de la epilepsia vascular son similares a los s\u00edntomas que puede tener cualquier otro tipo de epilepsia. Te los explicamos a continuaci\u00f3n:<\/p>\n\n\n\n<ul class=\"wp-block-list\">\n<li>La <strong>p\u00e9rdida del conocimiento<\/strong> es uno de los s\u00edntomas m\u00e1s frecuentes, por lo que si nuestro mayor padece epilepsia conviene tener a alguien que le pueda cuidar durante todo el d\u00eda.<\/li>\n\n\n\n<li><strong>Convulsiones y espasmos <\/strong>que pueden desembocar en golpes y fracturas.<\/li>\n\n\n\n<li><strong>Alteraci\u00f3n del movimiento y de los sentidos<\/strong><\/li>\n\n\n\n<li><strong>Distorsi\u00f3n de las facultades cognitivas\u00a0<\/strong><\/li>\n\n\n\n<li><strong>Confusi\u00f3n<\/strong><\/li>\n<\/ul>\n\n\n\n<p>Estos s\u00edntomas se manifiestan a trav\u00e9s de crisis epil\u00e9pticas s\u00fabitas que pueden ocurrir en cualquier lugar y hora del d\u00eda. En el entorno en el que se encuentre el mayor habr\u00e1 objetos que pueden suponer un peligro para su bienestar f\u00edsico, provocando ca\u00eddas o traumatismos.\u00a0<\/p>\n\n\n\n<h2 class=\"wp-block-heading\">3. Causas de la epilepsia vascular en personas mayores<\/h2>\n\n\n\n<p>La epilepsia vascular est\u00e1 provocada por un <a href=\"https:\/\/miresi.es\/blog\/ictus-en-ancianos\/\"  target=\"_blank\" rel=\"noreferrer noopener\"  target=\"_blank\" rel=\"noreferrer noopener\"><strong>ictus<\/strong><\/a>, com\u00fanmente conocido como AVC. <strong>Esta lesi\u00f3n cerebrovascular se produce por una alteraci\u00f3n de la circulaci\u00f3n de la sangre, tanto por una obstrucci\u00f3n como por la rotura de un vaso sangu\u00edneo<\/strong>. Las lesiones hemorr\u00e1gicas son aquellas que mayor probabilidad generan de padecer crisis epil\u00e9pticas posteriormente.<\/p>\n\n\n\n<p>Reconocer sus s\u00edntomas y actuar con rapidez cuando los detectamos resulta primordial para preservar la salud de nuestro mayor.\u00a0 El dolor de cabeza, la p\u00e9rdida de visi\u00f3n (total o parcial), la dificultad para hablar o la sensaci\u00f3n de v\u00e9rtigo son solo algunos de los signos que hay que conocer para poder evitar que las consecuencias del ictus se agraven y prevenir la aparici\u00f3n de futuras complicaciones, como la epilepsia vascular.<\/p>\n\n\n\n<h2 class=\"wp-block-heading\">4. Tratamiento de la epilepsia vascular en personas mayores<\/h2>\n\n\n\n<p>La epilepsia vascular. al tratarse de una epilepsia m\u00e1s, recibe el mismo tratamiento .\u00a0<\/p>\n\n\n\n<p><strong>Una vez realizado el diagn\u00f3stico pertinente por el profesional m\u00e9dico y haber detectado las causas concretas de nuestras crisis epil\u00e9pticas, se proceder\u00e1 a la prescripci\u00f3n de medicamentos antiepil\u00e9pticos.\u00a0\u00a0<\/strong><\/p>\n\n\n\n<p>Este tratamiento farmacol\u00f3gico deber\u00e1 mantenerse en el tiempo necesario que el m\u00e9dico haya ordenado. Es importante tener en cuenta, de todos modos, que estos medicamentos pueden provocar efectos secundarios y reacciones imprevisibles, aunque de m\u00ednima probabilidad. En ese caso, habr\u00eda que dejar de consumir este medicamento y recurrir a la recomendaci\u00f3n m\u00e9dica, una vez m\u00e1s.<\/p>\n\n\n<div class=\"wp-block-image\">\n<figure class=\"aligncenter size-large\"><img decoding=\"async\" width=\"1024\" height=\"683\" src=\"https:\/\/miresi.es\/blog\/wp-content\/uploads\/2022\/04\/pensioner-with-grey-hair-looking-at-hands-while-si-2021-09-14-20-32-49-utc-1024x683.jpg\" alt=\"epilepsia vascular en personas mayores\" class=\"wp-image-14152\" srcset=\"https:\/\/miresiblog.imgix.net\/uploads\/2022\/04\/pensioner-with-grey-hair-looking-at-hands-while-si-2021-09-14-20-32-49-utc-scaled.jpg?auto=format%2Ccompress&fit=crop&h=683&ixlib=php-3.3.0&w=1024&s=2d885c8b3d4dac56c9bc73facae08914 1024w, https:\/\/miresiblog.imgix.net\/uploads\/2022\/04\/pensioner-with-grey-hair-looking-at-hands-while-si-2021-09-14-20-32-49-utc-scaled.jpg?auto=format%2Ccompress&fit=crop&h=200&ixlib=php-3.3.0&w=300&s=db21d1e39358d439f427a95b4cc12b1b 300w, https:\/\/miresiblog.imgix.net\/uploads\/2022\/04\/pensioner-with-grey-hair-looking-at-hands-while-si-2021-09-14-20-32-49-utc-scaled.jpg?auto=format%2Ccompress&fit=crop&h=513&ixlib=php-3.3.0&w=768&s=10f365aa154afb576d61c10c973921df 768w, https:\/\/miresiblog.imgix.net\/uploads\/2022\/04\/pensioner-with-grey-hair-looking-at-hands-while-si-2021-09-14-20-32-49-utc-scaled.jpg?auto=format%2Ccompress&fit=crop&h=1025&ixlib=php-3.3.0&w=1536&s=9df19a987e69f73cb2bb53ad0bd577a1 1536w, https:\/\/miresiblog.imgix.net\/uploads\/2022\/04\/pensioner-with-grey-hair-looking-at-hands-while-si-2021-09-14-20-32-49-utc-scaled.jpg?auto=format%2Ccompress&fit=crop&h=1367&ixlib=php-3.3.0&w=2048&s=84b6279a41e2131eca3a503011076770 2048w, https:\/\/miresiblog.imgix.net\/uploads\/2022\/04\/pensioner-with-grey-hair-looking-at-hands-while-si-2021-09-14-20-32-49-utc-scaled.jpg?auto=format%2Ccompress&fit=crop&h=240&ixlib=php-3.3.0&w=360&s=a99153584a4991f4a81d791339eb006e 360w, https:\/\/miresiblog.imgix.net\/uploads\/2022\/04\/pensioner-with-grey-hair-looking-at-hands-while-si-2021-09-14-20-32-49-utc-scaled.jpg?auto=format%2Ccompress&ixlib=php-3.3.0&w=899&s=a99bc0bae884d2ab89f7ddebd786fe29 899w\" sizes=\"(max-width: 1024px) 100vw, 1024px\" \/><\/figure>\n<\/div>\n\n\n<p>Una vez hemos llegado a la vejez, nuestra salud se vuelve m\u00e1s fr\u00e1gil y se requiere atenci\u00f3n m\u00e9dica constante. Es imprescindible tener a nuestra disposici\u00f3n los mejores cuidados e instalaciones que permitan que nuestro mayor pueda llevar un envejecimiento activo y disfrutar de una vida \u00edntegra.\u00a0<\/p>\n\n\n\n<p>No dudes en ponerte en <a href=\"https:\/\/miresi.es\/buscador\/\"  rel=\"noreferrer noopener\"  rel=\"noreferrer noopener\"><strong>contacto<\/strong><\/a><strong> <\/strong>con nosotros en caso de estar buscando una residencia o un centro de d\u00eda para tu familiar. Contamos con un incre\u00edble equipo de asesoramiento familiar que sabr\u00e1 indicarte, de manera completamente <strong>gratuita y personalizada,<\/strong> cu\u00e1l de las residencias de la amplia red de centros con la que trabajamos en todo el territorio nacional es la mejor para tu ser querido. \ud83d\udc9a<\/p>\n\n\n\n<div class=\"wp-block-buttons is-content-justification-center is-layout-flex wp-container-core-buttons-is-layout-16018d1d wp-block-buttons-is-layout-flex\">\n<div class=\"wp-block-button\"><a href=\"https:\/\/miresi.es\/buscador\/\"  rel=\"noreferrer noopener\"  rel=\"noreferrer noopener\">solicita ayuda gratuita y personalizada<\/a><\/div>\n<\/div>\n\n\n\n<p class=\"has-cyan-bluish-gray-color has-text-color\" style=\"font-size:10px\">Fuentes:<\/p>\n\n\n\n<ul class=\"wp-block-list\">\n<li>OMS: <a href=\"https:\/\/www.who.int\/es\/news-room\/fact-sheets\/detail\/epilepsy\"  target=\"_blank\" rel=\"external nofollow\"  target=\"_blank\" rel=\"noreferrer noopener\"  class=\"wp-links-icon\">https:\/\/www.who.int\/es\/news-room\/fact-sheets\/detail\/epilepsy<\/a><\/li>\n\n\n\n<li>Cl\u00ednica Universidad de Navarra: <a href=\"https:\/\/www.cun.es\/enfermedades-tratamientos\/enfermedades\/epilepsia\"  target=\"_blank\" rel=\"external nofollow\"  target=\"_blank\" rel=\"noreferrer noopener\"  class=\"wp-links-icon\">https:\/\/www.cun.es\/enfermedades-tratamientos\/enfermedades\/epilepsia<\/a>\u00a0<\/li>\n\n\n\n<li>Medicina Buenos Aires: <a href=\"https:\/\/www.medicinabuenosaires.com\/indices-de-2010-a-2018\/volumen-78-ano-2018-no-2-indice\/epilepsia-asociada-al-accidente-cerebrovascular\/\"  target=\"_blank\" rel=\"external nofollow\"  target=\"_blank\" rel=\"noreferrer noopener\"  class=\"wp-links-icon\">https:\/\/www.medicinabuenosaires.com\/indices-de-2010-a-2018\/volumen-78-ano-2018-no-2-indice\/epilepsia-asociada-al-accidente-cerebrovascular\/<\/a><\/li>\n\n\n\n<li>SEN Grupo de Epilepsia: <a href=\"http:\/\/epilepsia.sen.es\/?p=169#:~:text=Epilepsia%20vascular%3A%20se%20define%20como,la%20primera%20semana%20del%20ictus%E2%80%9D\"  target=\"_blank\" rel=\"external nofollow\"  target=\"_blank\" rel=\"noreferrer noopener\"  class=\"wp-links-icon\">http:\/\/epilepsia.sen.es\/?p=169#:~:text=Epilepsia%20vascular%3A%20se%20define%20como,la%20primera%20semana%20del%20ictus%E2%80%9D<\/a>.<\/li>\n\n\n\n<li>Neurologia.com: <a href=\"https:\/\/www.neurologia.com\/noticia\/635\/la-epilepsia-vascular-un-problema-de-salud-importante-aunque-de-baja-prevalencia\"  target=\"_blank\" rel=\"external nofollow\"  target=\"_blank\" rel=\"noreferrer noopener\"  class=\"wp-links-icon\">https:\/\/www.neurologia.com\/noticia\/635\/la-epilepsia-vascular-un-problema-de-salud-importante-aunque-de-baja-prevalencia<\/a><\/li>\n\n\n\n<li>Mayo Clinic: <a href=\"https:\/\/www.mayoclinic.org\/es-es\"  target=\"_blank\" rel=\"external nofollow\"  target=\"_blank\" rel=\"noreferrer noopener\"  class=\"wp-links-icon\">https:\/\/www.mayoclinic.org\/es-es<\/a>\u00a0<\/li>\n<\/ul>\n<div style='text-align:center' class='yasr-auto-insert-visitor'><!--Yasr Visitor Votes Shortcode--><div id='yasr_visitor_votes_e988921d6f591' class='yasr-visitor-votes'><div class=\"yasr-custom-text-vv-before yasr-custom-text-vv-before-14145\">\u00a1Haz clic para puntuar esta entrada!<\/div><div id='yasr-vv-second-row-container-e988921d6f591'\r\n                                        class='yasr-vv-second-row-container'><div id='yasr-visitor-votes-rater-e988921d6f591'\r\n                                      class='yasr-rater-stars-vv'\r\n                                      data-rater-postid='14145'\r\n                                      data-rating='0'\r\n                                      data-rater-starsize='32'\r\n                                      data-rater-readonly='false'\r\n                                      data-rater-nonce='df9b54cd3f'\r\n                                      data-issingular='false'\r\n                                    ><\/div><div class=\"yasr-vv-stats-text-container\" id=\"yasr-vv-stats-text-container-e988921d6f591\"><svg xmlns=\"https:\/\/www.w3.org\/2000\/svg\" width=\"20\" height=\"20\"\r\n                                   class=\"yasr-dashicons-visitor-stats\"\r\n                                   data-postid=\"14145\"\r\n                                   id=\"yasr-stats-dashicon-e988921d6f591\">\r\n                                   <path d=\"M18 18v-16h-4v16h4zM12 18v-11h-4v11h4zM6 18v-8h-4v8h4z\"><\/path>\r\n                               <\/svg><span id=\"yasr-vv-text-container-e988921d6f591\" class=\"yasr-vv-text-container\"> (Votos: <span id=\"yasr-vv-votes-number-container-e988921d6f591\">0<\/span>  Promedio: <span id=\"yasr-vv-average-container-e988921d6f591\">0<\/span>)<\/span><\/div><div id='yasr-vv-loader-e988921d6f591' class='yasr-vv-container-loader'><\/div><\/div><div id='yasr-vv-bottom-container-e988921d6f591'\r\n                              class='yasr-vv-bottom-container'\r\n                              style='display:none'><\/div><\/div><!--End Yasr Visitor Votes Shortcode--><\/div>","protected":false},"excerpt":{"rendered":"<p>\u00bfTu mayor sufre convulsiones espor\u00e1dicas frecuentemente y no sabes a qu\u00e9 se puede deber? Hoy te contamos todo sobre la epilepsia vascular en personas mayores.<\/p>\n","protected":false},"author":8,"featured_media":14151,"comment_status":"open","ping_status":"open","sticky":false,"template":"","format":"standard","meta":{"yasr_overall_rating":0,"yasr_post_is_review":"","yasr_auto_insert_disabled":"","yasr_review_type":"","footnotes":""},"categories":[12],"tags":[1277,1280,1276,1271,1272,1273,13,1278,1218],"class_list":["post-14145","post","type-post","status-publish","format-standard","has-post-thumbnail","hentry","category-patologias","tag-confusion","tag-convulsiones-en-epilepsia","tag-crisis-epileptica","tag-epilepsia","tag-epilepsia-vascular","tag-epilepsia-vascular-en-personas-mayores","tag-ictus","tag-lesion-cerebrovascular","tag-tipos-de-epilepsia"],"yasr_visitor_votes":{"stars_attributes":{"read_only":false,"span_bottom":false},"number_of_votes":0,"sum_votes":0},"_links":{"self":[{"href":"https:\/\/miresi.es\/blog\/wp-json\/wp\/v2\/posts\/14145","targetHints":{"allow":["GET"]}}],"collection":[{"href":"https:\/\/miresi.es\/blog\/wp-json\/wp\/v2\/posts"}],"about":[{"href":"https:\/\/miresi.es\/blog\/wp-json\/wp\/v2\/types\/post"}],"author":[{"embeddable":true,"href":"https:\/\/miresi.es\/blog\/wp-json\/wp\/v2\/users\/8"}],"replies":[{"embeddable":true,"href":"https:\/\/miresi.es\/blog\/wp-json\/wp\/v2\/comments?post=14145"}],"version-history":[{"count":25,"href":"https:\/\/miresi.es\/blog\/wp-json\/wp\/v2\/posts\/14145\/revisions"}],"predecessor-version":[{"id":24742,"href":"https:\/\/miresi.es\/blog\/wp-json\/wp\/v2\/posts\/14145\/revisions\/24742"}],"wp:featuredmedia":[{"embeddable":true,"href":"https:\/\/miresi.es\/blog\/wp-json\/wp\/v2\/media\/14151"}],"wp:attachment":[{"href":"https:\/\/miresi.es\/blog\/wp-json\/wp\/v2\/media?parent=14145"}],"wp:term":[{"taxonomy":"category","embeddable":true,"href":"https:\/\/miresi.es\/blog\/wp-json\/wp\/v2\/categories?post=14145"},{"taxonomy":"post_tag","embeddable":true,"href":"https:\/\/miresi.es\/blog\/wp-json\/wp\/v2\/tags?post=14145"}],"curies":[{"name":"wp","href":"https:\/\/api.w.org\/{rel}","templated":true}]}}