{"id":14553,"date":"2022-04-23T09:00:00","date_gmt":"2022-04-23T08:00:00","guid":{"rendered":"https:\/\/miresi.es\/blog\/?p=14553"},"modified":"2026-04-23T18:08:45","modified_gmt":"2026-04-23T17:08:45","slug":"musica-para-ancianos-con-alzheimer","status":"publish","type":"post","link":"https:\/\/miresi.es\/blog\/musica-para-ancianos-con-alzheimer\/","title":{"rendered":"Descubre los Beneficios de la Musica para Ancianos con Alzheimer"},"content":{"rendered":"\n<p>La m\u00fasica puede aportar numerosos beneficios para los ancianos con alzh\u00e9imer. Varios estudios han se\u00f1alado el <strong>valor terap\u00e9utico<\/strong> que puede tener la m\u00fasica para las personas que padecen este tipo de demencia. En el siguiente post te contamos algunos de los <strong>beneficios de la musica para ancianos<\/strong> <strong>con alzheimer<\/strong>. <\/p>\n\n\n\n<p>Para saber m\u00e1s sobre esta enfermedad te recomendamos el art\u00edculo<a href=\"https:\/\/miresi.es\/blog\/como-tratar-a-una-persona-con-alzheimer\/\"  target=\"_blank\" rel=\"noreferrer noopener\"  target=\"_blank\" rel=\"noreferrer noopener\"> \u00bfC\u00f3mo tratar a una persona con Alzheimer?<\/a> Si necesitas ayuda para encontrar una residencia que se adapte a las necesidades de tu ser querido, en miResi <strong>te asesoramos de forma gratuita y personalizada<\/strong>. No dudes en ponerte en contacto con nosotros.<\/p>\n\n\n\n<div class=\"wp-block-buttons is-layout-flex wp-block-buttons-is-layout-flex\">\n<div class=\"wp-block-button aligncenter\"><a href=\"https:\/\/miresi.es\/buscador\/\"  rel=\"noreferrer noopener\"  rel=\"noreferrer noopener\">ENCUENTRA AYUDA GRATUITA<\/a><\/div>\n<\/div>\n\n\n\n<div style=\"height:10px\" aria-hidden=\"true\" class=\"wp-block-spacer\"><\/div>\n\n\n\n<h2 class=\"wp-block-heading\">1. La m\u00fasica como terapia<\/h2>\n\n\n\n<p>Seg\u00fan la<a href=\"http:\/\/feamt.es\/que-es-la-musicoterapia\/\"  target=\"_blank\" rel=\"external nofollow\"  target=\"_blank\" rel=\"noreferrer noopener\"  class=\"wp-links-icon\"> Federaci\u00f3n Mundial de Musicoterapia<\/a>, la musicoterapia es \u201cel <strong>uso profesional de la m\u00fasica<\/strong> y sus elementos como una intervenci\u00f3n en entornos m\u00e9dicos, educacionales y cotidianos con individuos, grupos, familias o comunidades que buscan <strong>optimizar su calidad de vida y mejorar su salud<\/strong> y bienestar f\u00edsico, social, emocional\u201d, entre otros.\u00a0\u00a0<\/p>\n\n\n\n<p>La m\u00fasica como terapia consiste en hacer uso de sonidos, ritmos y otros elementos musicales, con el fin de lograr objetivos terap\u00e9uticos. La especialista Concetta Tomaino es musicoterapeuta y cofundadora del Instituto de M\u00fasica y Funci\u00f3n Neurol\u00f3gica en el Bronx. Durante gran parte de su carrera profesional ha trabajado con <strong>personas con enfermedades neurol\u00f3gicas <\/strong>y afirma que \u201cnadie experimenta la m\u00fasica solamente como un sonido\u201d.<\/p>\n\n\n\n<p>En una entrevista para<a href=\"https:\/\/www.socialworktoday.com\/archive\/012113p18.shtml\"  target=\"_blank\" rel=\"external nofollow\"  target=\"_blank\" rel=\"noreferrer noopener\"  class=\"wp-links-icon\"> <em>Social Work<\/em><\/a> explica que, gracias a sus investigaciones sobre los <strong>efectos de la m\u00fasica en la salud,<\/strong> descubri\u00f3 que los <strong>recuerdos emocionales<\/strong> vinculados al <strong>amor y al afecto<\/strong>, son los que suelen conservarse bien en los pacientes con la enfermedad de Alzheimer. \u201cLas canciones que llevan estos fuertes recuerdos emocionales para el paciente con Alzheimer son <strong>las que mejor se conservan<\/strong>\u201c, indica Tomaino. Por eso, a veces, el paciente <strong>puede cantar letras de canciones<\/strong> que logra recordar y, sin embargo, <strong>no puede reconocer una cara<\/strong> que antes le resultaba familiar.<\/p>\n\n\n<div class=\"wp-block-image\">\n<figure class=\"aligncenter size-large\"><img decoding=\"async\" width=\"1024\" height=\"683\" src=\"https:\/\/miresi.es\/blog\/wp-content\/uploads\/2022\/04\/Beneficios-musica-para-personas-mayores-1024x683.jpg\" alt=\"M\u00fasica para ancianos con Alzheimer tiene m\u00faltiples beneficios\" class=\"wp-image-14560\" srcset=\"https:\/\/miresiblog.imgix.net\/uploads\/2022\/04\/Beneficios-musica-para-personas-mayores-scaled.jpg?auto=format%2Ccompress&fit=crop&h=683&ixlib=php-3.3.0&w=1024&s=d7bc30b6caea8debb0998dce81ad67fe 1024w, https:\/\/miresiblog.imgix.net\/uploads\/2022\/04\/Beneficios-musica-para-personas-mayores-scaled.jpg?auto=format%2Ccompress&fit=crop&h=200&ixlib=php-3.3.0&w=300&s=f46ce0b2542e89547a52f0c3eb88c0cf 300w, https:\/\/miresiblog.imgix.net\/uploads\/2022\/04\/Beneficios-musica-para-personas-mayores-scaled.jpg?auto=format%2Ccompress&fit=crop&h=512&ixlib=php-3.3.0&w=768&s=ea096079b367353ed8495cbaf0ddf843 768w, https:\/\/miresiblog.imgix.net\/uploads\/2022\/04\/Beneficios-musica-para-personas-mayores-scaled.jpg?auto=format%2Ccompress&fit=crop&h=1024&ixlib=php-3.3.0&w=1536&s=ca4fee98b62e0295b0c601b2591b9fee 1536w, https:\/\/miresiblog.imgix.net\/uploads\/2022\/04\/Beneficios-musica-para-personas-mayores-scaled.jpg?auto=format%2Ccompress&fit=crop&h=1365&ixlib=php-3.3.0&w=2048&s=53b451ba1274ff3b3f7439d5cbb266f7 2048w, https:\/\/miresiblog.imgix.net\/uploads\/2022\/04\/Beneficios-musica-para-personas-mayores-scaled.jpg?auto=format%2Ccompress&fit=crop&h=240&ixlib=php-3.3.0&w=360&s=bdd717edbaf90d64e715cb31603828b0 360w, https:\/\/miresiblog.imgix.net\/uploads\/2022\/04\/Beneficios-musica-para-personas-mayores-scaled.jpg?auto=format%2Ccompress&ixlib=php-3.3.0&w=900&s=c720a8b10f0cebe30d03f38635f02150 900w\" sizes=\"(max-width: 1024px) 100vw, 1024px\" \/><figcaption>La m\u00fasica tiene beneficios y efectos positivos en el estado de \u00e1nimo de las personas<\/figcaption><\/figure>\n<\/div>\n\n\n<h3 class=\"wp-block-heading\">1.1. Musicoterapia en geriatr\u00eda<\/h3>\n\n\n\n<p>Los expertos en musicoterapia son los <strong>musicoterapeutas<\/strong>. Son profesionales especializados en m\u00fasica y en otras disciplinas como la psicolog\u00eda, la anatom\u00eda y otras ramas del \u00e1mbito cl\u00ednico. El musicoterapeuta utiliza la <strong>m\u00fasica como herramienta fundamental<\/strong> dentro de un tratamiento realizado por \u00e9l mismo. Parte de su labor es trabajar el <strong>estado f\u00edsico, psicol\u00f3gico, cognitivo y social<\/strong> del paciente para fomentar su bienestar general.<\/p>\n\n\n\n<p>Es importante entender que la musicoterapia es una labor m\u00e1s compleja que el hecho de pasar momentos agradables escuchando m\u00fasica. Por ello, los expertos inciden en diferenciar entre la m\u00fasica como una actividad recreativa y la <strong>musicoterapia<\/strong>. Aunque la m\u00fasica es el factor clave en ambas, es importante entender que la musicoterapia requiere de un <strong>profesional<\/strong> que dise\u00f1e y controle el <strong>proceso terap\u00e9utico<\/strong> para que tenga eficacia.<\/p>\n\n\n\n<p>En una sesi\u00f3n de <strong>musicoterapia con un paciente anciano<\/strong>, por ejemplo, el profesional conoce la situaci\u00f3n del adulto mayor a trav\u00e9s de una <strong>valoraci\u00f3n geri\u00e1trica<\/strong>. Y, por supuesto, tambi\u00e9n conoce <strong>su historial musical<\/strong>, algo fundamental para que la terapia funcione. La integraci\u00f3n de la musicoterapia en el Sistema Nacional de Salud todav\u00eda se encuentra en sus inicios. Sin embargo, en el \u00e1mbito de la <strong>neurogeriatr\u00eda<\/strong> goza de protagonismo. \u00bfPor qu\u00e9 sucede esto? Ocurre \u201cprincipal, pero no \u00fanicamente, por sus <strong>potenciales aplicaciones en el \u00e1mbito de las demencias<\/strong>\u201c, explica el doctor Manuel Sequera-Mart\u00edn en su art\u00edculo <em>Musicoterapia en la demencia del paciente anciano.<\/em><\/p>\n\n\n\n<div class=\"wp-block-buttons is-layout-flex wp-block-buttons-is-layout-flex\">\n<div class=\"wp-block-button aligncenter\"><a href=\"https:\/\/miresi.es\/buscador\/\"  rel=\"noreferrer noopener\"  rel=\"noreferrer noopener\">encuentra ayuda personalizada<\/a><\/div>\n<\/div>\n\n\n\n<div style=\"height:10px\" aria-hidden=\"true\" class=\"wp-block-spacer\"><\/div>\n\n\n\n<p>Uno de los objetivos de la <strong>musicoterapia<\/strong> en su aplicaci\u00f3n <strong>en ancianos con alzh\u00e9imer<\/strong> es <strong>mejorar la calidad de vida de los pacientes.<\/strong> La m\u00fasica puede tener beneficios en ancianos que sufren esta patolog\u00eda si se usa de manera adecuada. La geriatra Nieves Fern\u00e1ndez Letamendi indica una serie de aspectos especiales que se deben tener en cuenta a la hora de <strong>utilizar la m\u00fasica en el \u00e1mbito de la geriatr\u00eda <\/strong>que hemos resumido en los siguientes puntos:<\/p>\n\n\n\n<ul class=\"wp-block-list\"><li>El <strong>repertorio<\/strong> debe elegirse siguiendo las <strong>preferencias musicales del paciente<\/strong>, destacando el repertorio de la juventud: aquel que se atesora entre los 18 y 25 a\u00f1os.<\/li><li>\u00a0El ritmo en las <strong>funciones motrices en los ancianos<\/strong> puede ser m\u00e1s lento y es algo que var\u00eda de forma individual, por ello <strong>se debe ajustar<\/strong> por parte del musicoterapeuta.<\/li><li>La <strong>m\u00fasica en vivo<\/strong> tiene mucha m\u00e1s aceptaci\u00f3n y una gran capacidad de adaptaci\u00f3n al momento. La m\u00fasica grabada puede ser una buena herramienta para trabajar, por ejemplo, la <strong>reminiscencia<\/strong>.<\/li><li>A menudo, con el envejecimiento las voces de las mujeres se atenoran, mientras que las de los hombres se atiplan. El acompa\u00f1amiento debe <strong>adaptarse<\/strong> para que las personas puedan <strong>participar c\u00f3modamente en el canto.<\/strong><\/li><li><strong>La intensidad del sonido debe adaptarse <\/strong>a las necesidades del paciente anciano de acuerdo con su capacidad auditiva.<\/li><\/ul>\n\n\n\n<h2 class=\"wp-block-heading\">2. Beneficios de la m\u00fasica para ancianos con alzh\u00e9imer<\/h2>\n\n\n\n<p>La Asociaci\u00f3n Americana de Musicoterapia explica que \u201clas intervenciones en musicoterapia se pueden dise\u00f1ar para <strong>mejorar el bienestar, controlar el estr\u00e9s, disminuir el dolor<\/strong>, expresar sentimientos, potenciar la memoria, mejorar la comunicaci\u00f3n y facilitar la rehabilitaci\u00f3n f\u00edsica\u201d.<\/p>\n\n\n\n<p>Los estudios sobre musicoterapia han demostrado que <strong>la m\u00fasica tiene beneficios y efectos positivos<\/strong> en el estado de \u00e1nimo de algunas personas con alzh\u00e9imer. La m\u00fasica tiene un gran poder para <strong>evocar recuerdos<\/strong> en las personas con esta patolog\u00eda. En <a href=\"https:\/\/www.geriatricarea.com\/2021\/05\/13\/musicoterapia-en-personas-con-alzheimer\/\"  target=\"_blank\" rel=\"external nofollow\"  target=\"_blank\" rel=\"noreferrer noopener\"  class=\"wp-links-icon\">Geriatricarea<\/a> la musicoterapeuta Gabriela Guaglione Sverdlik indica que \u201cen las fases leves, la musicoterapia, ayuda a la prevenci\u00f3n del deterioro, a mantener las capacidades cognitivas y funcionales, retrasando as\u00ed la aparici\u00f3n de la demencia y mejorando la conducta social\u201d.<\/p>\n\n\n\n<p>En las \u00faltimas d\u00e9cadas se han realizado estudios para comprobar los efectos positivos de la m\u00fasica como terapia en las personas con alzh\u00e9imer. La revista <a href=\"https:\/\/www.revista-portalesmedicos.com\/revista-medica\/beneficios-de-la-aplicacion-de-la-musicoterapia-en-la-enfermedad-de-alzheimer\/\"  target=\"_blank\" rel=\"external nofollow\"  target=\"_blank\" rel=\"noreferrer noopener\"  class=\"wp-links-icon\">PortalesMedicos.com<\/a> se\u00f1ala que hay estudios que han revelado que la musicoterapia puede <strong>mejorar el estado cognitivo<\/strong> de pacientes con esta demencia incrementando la memoria y la <strong>orientaci\u00f3n<\/strong> y <strong>disminuyendo la<\/strong> <strong>depresi\u00f3n <\/strong>que pueden atravesar.<\/p>\n\n\n\n<p>El neur\u00f3logo Oliver Sacks afirmaba que las partes del cerebro que responden a la m\u00fasica se situaban cerca de las partes del cerebro relacionadas con la <strong>memoria, con la emoci\u00f3n y el estado de \u00e1nimo<\/strong>. El autor de <em>Musicofilia<\/em>\u00a0dec\u00eda que con la amnesia, fuese por alzh\u00e9imer o por otra demencia, se pierde parte de la identidad y de la vida. Y cre\u00eda que la m\u00fasica ten\u00eda el poder\u00a0de hacer que personas con esta enfermedad recuperaran, aunque fuera por un momento, su sentido de identidad.<\/p>\n\n\n\n<h2 class=\"wp-block-heading\">3. Canciones para compartir con ancianos con alzh\u00e9imer<\/h2>\n\n\n\n<p>Hemos visto que para que la musicoterapia o el uso de la m\u00fasica como terapia tenga \u00e9xito y funcione debe ser realizada por un profesional.<\/p>\n\n\n\n<p>Pero quiz\u00e1s se den momentos en los que simplemente se quiera conectar con la persona que sufre alzh\u00e9imer u otra demencia a trav\u00e9s de la m\u00fasica. Usarla de manera recreativa. Quiz\u00e1s se busque ayudarle a <strong>relajarse <\/strong>y <strong>mejorar su \u00e1nimo<\/strong>, por ejemplo, para que la comunicaci\u00f3n entre enfermo y cuidador mejore. Para estos momentos, desde la Fundaci\u00f3n Pasqual Maragall proponen hacer lo que ellos llaman <a href=\"https:\/\/blog.fpmaragall.org\/musicoterapia-alzheimer\"  target=\"_blank\" rel=\"external nofollow\"  target=\"_blank\" rel=\"noreferrer noopener\"  class=\"wp-links-icon\">\u201cmini sesiones de audici\u00f3n en casa\u201d.<\/a><\/p>\n\n\n\n<p>En su art\u00edculo ofrecen las claves para <strong>disfrutar de la m\u00fasica con una persona con alzh\u00e9imer<\/strong>. Para ello cuentan con la experiencia de M\u00f3nica Castro, musicoterapeuta cl\u00ednica especializada en Alzheimer, quien da algunos consejos para hacerlo de forma segura. A continuaci\u00f3n te contamos algunas de las recomendaciones:<\/p>\n\n\n\n<ul class=\"wp-block-list\"><li>Encontrar la m\u00fasica de su vida e identificar aquellos temas que escuch\u00f3, bail\u00f3 o cant\u00f3, pero, sobre todo, que le emocionaron en diferentes momentos de su vida.<\/li><li>Observar si le relaja o estimula de manera positiva.<\/li><li>No dejar a la persona sola escuchando m\u00fasica.<\/li><li>Buscar el lugar ideal en el que la persona se siente c\u00f3moda para que pueda escuchar m\u00fasica en las mejores condiciones.<\/li><li>Dar la m\u00fasica adecuada en el momento adecuado: cuando la persona est\u00e9 tranquila. Cuando la persona est\u00e1 agitada no hay que poner m\u00fasica.<\/li><li>Ajustar la intensidad del sonido a su comodidad.<\/li><li>Las mini-sesiones no deben durar m\u00e1s de media hora, para que la persona no deje de prestar atenci\u00f3n o se sobreestimule.<\/li><\/ul>\n\n\n\n<p>Desde la fundaci\u00f3n Pasqual Maragall ofrecen un listado con canciones que pueden formar parte de los <strong>recuerdos musicales de muchas personas mayores<\/strong>. La lista parte de proyectos como <strong><em>Life Soundtrack<\/em><\/strong> de la propia fundaci\u00f3n y de otros estudios sobre los beneficios de la m\u00fasica para las personas con alzh\u00e9imer y otras demencias. Hemos elegidos nuestras 10 canciones favoritas sobre la propuesta de la fundaci\u00f3n para <strong>escuchar m\u00fasica con ancianos que sufren alzh\u00e9imer<\/strong>:<\/p>\n\n\n<div class=\"wp-block-image\">\n<figure class=\"aligncenter size-large\"><img decoding=\"async\" width=\"576\" height=\"1024\" src=\"https:\/\/miresi.es\/blog\/wp-content\/uploads\/2022\/04\/Beneficios-musica-para-ancianos-576x1024.png\" alt=\"Mejores canciones de m\u00fasica para ancianos con Alzheimer \" class=\"wp-image-14555\" srcset=\"https:\/\/miresiblog.imgix.net\/uploads\/2022\/04\/Beneficios-musica-para-ancianos.png?auto=format%2Ccompress&fit=crop&h=1024&ixlib=php-3.3.0&w=576&s=78116a834e91df958467a3669895f388 576w, https:\/\/miresiblog.imgix.net\/uploads\/2022\/04\/Beneficios-musica-para-ancianos.png?auto=format%2Ccompress&fit=crop&h=300&ixlib=php-3.3.0&w=169&s=7b443ff279042857a0b834809121f852 169w, https:\/\/miresiblog.imgix.net\/uploads\/2022\/04\/Beneficios-musica-para-ancianos.png?auto=format%2Ccompress&fit=crop&h=1365&ixlib=php-3.3.0&w=768&s=77c86e990e339974aef9b15c9d4a76cd 768w, https:\/\/miresiblog.imgix.net\/uploads\/2022\/04\/Beneficios-musica-para-ancianos.png?auto=format%2Ccompress&fit=crop&h=1536&ixlib=php-3.3.0&w=864&s=d973bd6479f64c07680ec35264153183 864w, https:\/\/miresiblog.imgix.net\/uploads\/2022\/04\/Beneficios-musica-para-ancianos.png?auto=format%2Ccompress&fit=crop&h=640&ixlib=php-3.3.0&w=360&s=15c34c069d8731d613f9166f97551df4 360w, https:\/\/miresiblog.imgix.net\/uploads\/2022\/04\/Beneficios-musica-para-ancianos.png?auto=format%2Ccompress&ixlib=php-3.3.0&w=1080&s=85eeaf65b020bdfad7e238c59c68c88d 1080w\" sizes=\"(max-width: 576px) 100vw, 576px\" \/><figcaption>Canciones para escuchar junto a ancianos con alzh\u00e9imer<\/figcaption><\/figure>\n<\/div>\n\n\n<p>En <strong><a href=\"https:\/\/miresi.es\"  target=\"_blank\" rel=\"noreferrer noopener\"  target=\"_blank\" rel=\"noreferrer noopener\">miResi<\/a> <\/strong>sabemos que la vejez supone asumir nuevos retos y algunos pueden ser especialmente dif\u00edciles de afrontar. Por ejemplo, asumir que tu ser querido necesita ser cuidado en una residencia puede ser un proceso dif\u00edcil de afrontar. Podemos ayudarte a tomar la mejor decisi\u00f3n de forma gratuita y personalizada. Contamos con un equipo de asesoramiento que te acompa\u00f1ar\u00e1 durante todo el proceso y que tendr\u00e1 en cuenta tus necesidades de b\u00fasqueda. Si tienes cualquier duda <strong>no dudes en ponerte en contacto con nosotros.<\/strong><\/p>\n\n\n\n<div class=\"wp-block-buttons is-layout-flex wp-block-buttons-is-layout-flex\">\n<div class=\"wp-block-button aligncenter\"><a href=\"https:\/\/miresi.es\/buscador\/\"  rel=\"noreferrer noopener\"  rel=\"noreferrer noopener\">BUSCAR RESIDENCIA PARa ALZHEIMER<\/a><\/div>\n<\/div>\n\n\n\n<div style=\"height:10px\" aria-hidden=\"true\" class=\"wp-block-spacer\"><\/div>\n\n\n\n<p><\/p>\n\n\n\n<p class=\"has-cyan-bluish-gray-color has-text-color\" style=\"font-size:10px\">Fuentes:<\/p>\n\n\n\n<ul class=\"has-cyan-bluish-gray-color has-text-color wp-block-list\" style=\"font-size:10px\"><li>Federaci\u00f3n Espa\u00f1ola de Asociaciones de Musicoterapia: <a href=\"http:\/\/feamt.es\/que-es-la-musicoterapia\/\"  target=\"_blank\" rel=\"external nofollow\"  target=\"_blank\" rel=\"noreferrer noopener\"  class=\"wp-links-icon\">http:\/\/feamt.es\/que-es-la-musicoterapia\/<\/a><\/li><li>Social Work Today: <a href=\"https:\/\/www.socialworktoday.com\/archive\/012113p18.shtml\"  target=\"_blank\" rel=\"external nofollow\"  target=\"_blank\" rel=\"noreferrer noopener\"  class=\"wp-links-icon\">https:\/\/www.socialworktoday.com\/archive\/012113p18.shtml<\/a><\/li><li>Manuel Sequera-Mart\u00edn en <em>Musicoterapia en la demencia del paciente anciano: <a href=\"https:\/\/www.viguera.com\/sepg\/pdf\/revista\/0503\/503_0093_0100.pdf\"  target=\"_blank\" rel=\"external nofollow\"  target=\"_blank\" rel=\"noreferrer noopener\"  class=\"wp-links-icon\">https:\/\/www.viguera.com\/sepg\/pdf\/revista\/0503\/503_0093_0100.pdf<\/a><\/em><\/li><li>Blog Quir\u00f3n Salud: <a href=\"https:\/\/www.quironsalud.es\/blogs\/es\/llenar-vida\/evidencia-cientifica-beneficios-musicoterapia-paciente-deme\"  target=\"_blank\" rel=\"external nofollow\"  target=\"_blank\" rel=\"noreferrer noopener\"  class=\"wp-links-icon\">https:\/\/www.quironsalud.es\/blogs\/es\/llenar-vida\/evidencia-cientifica-beneficios-musicoterapia-paciente-deme<\/a><\/li><li>Geriatricarea: <a href=\"https:\/\/www.geriatricarea.com\/2021\/05\/13\/musicoterapia-en-personas-con-alzheimer\/\"  target=\"_blank\" rel=\"external nofollow\"  target=\"_blank\" rel=\"noreferrer noopener\"  class=\"wp-links-icon\">https:\/\/www.geriatricarea.com\/2021\/05\/13\/musicoterapia-en-personas-con-alzheimer\/<\/a><\/li><li>Portales M\u00e9dicos: <a href=\"https:\/\/www.revista-portalesmedicos.com\/revista-medica\/beneficios-de-la-aplicacion-de-la-musicoterapia-en-la-enfermedad-de-alzheimer\/\"  target=\"_blank\" rel=\"external nofollow\"  target=\"_blank\" rel=\"noreferrer noopener\"  class=\"wp-links-icon\">https:\/\/www.revista-portalesmedicos.com\/revista-medica\/beneficios-de-la-aplicacion-de-la-musicoterapia-en-la-enfermedad-de-alzheimer\/<\/a><\/li><li>Fundaci\u00f3n Pasqual Maragall: <a href=\"https:\/\/blog.fpmaragall.org\/canciones-alzheimer\"  target=\"_blank\" rel=\"external nofollow\"  target=\"_blank\" rel=\"noreferrer noopener\"  class=\"wp-links-icon\">https:\/\/blog.fpmaragall.org\/canciones-alzheimer<\/a><\/li><\/ul>\n\n\n\n<p><\/p>\n<div style='text-align:center' class='yasr-auto-insert-visitor'><!--Yasr Visitor Votes Shortcode--><div id='yasr_visitor_votes_47df006e08495' class='yasr-visitor-votes'><div class=\"yasr-custom-text-vv-before yasr-custom-text-vv-before-14553\">\u00a1Haz clic para puntuar esta entrada!<\/div><div id='yasr-vv-second-row-container-47df006e08495'\r\n                                        class='yasr-vv-second-row-container'><div id='yasr-visitor-votes-rater-47df006e08495'\r\n                                      class='yasr-rater-stars-vv'\r\n                                      data-rater-postid='14553'\r\n                                      data-rating='0'\r\n                                      data-rater-starsize='32'\r\n                                      data-rater-readonly='false'\r\n                                      data-rater-nonce='4d05b5a2cb'\r\n                                      data-issingular='false'\r\n                                    ><\/div><div class=\"yasr-vv-stats-text-container\" id=\"yasr-vv-stats-text-container-47df006e08495\"><svg xmlns=\"https:\/\/www.w3.org\/2000\/svg\" width=\"20\" height=\"20\"\r\n                                   class=\"yasr-dashicons-visitor-stats\"\r\n                                   data-postid=\"14553\"\r\n                                   id=\"yasr-stats-dashicon-47df006e08495\">\r\n                                   <path d=\"M18 18v-16h-4v16h4zM12 18v-11h-4v11h4zM6 18v-8h-4v8h4z\"><\/path>\r\n                               <\/svg><span id=\"yasr-vv-text-container-47df006e08495\" class=\"yasr-vv-text-container\"> (Votos: <span id=\"yasr-vv-votes-number-container-47df006e08495\">0<\/span>  Promedio: <span id=\"yasr-vv-average-container-47df006e08495\">0<\/span>)<\/span><\/div><div id='yasr-vv-loader-47df006e08495' class='yasr-vv-container-loader'><\/div><\/div><div id='yasr-vv-bottom-container-47df006e08495'\r\n                              class='yasr-vv-bottom-container'\r\n                              style='display:none'><\/div><\/div><!--End Yasr Visitor Votes Shortcode--><\/div>","protected":false},"excerpt":{"rendered":"<p>En miResi te contamos la repercusi\u00f3n que puede tener la m\u00fasica para ancianos con alzh\u00e9imer y te recomendamos algunas canciones para escuchar.  <\/p>\n","protected":false},"author":13,"featured_media":14556,"comment_status":"open","ping_status":"open","sticky":false,"template":"","format":"standard","meta":{"yasr_overall_rating":0,"yasr_post_is_review":"","yasr_auto_insert_disabled":"","yasr_review_type":"","footnotes":""},"categories":[386,26,12],"tags":[85,609,31],"class_list":["post-14553","post","type-post","status-publish","format-standard","has-post-thumbnail","hentry","category-bienestar","category-envejecimiento","category-patologias","tag-alzheimer","tag-patologias","tag-salud-en-la-vejez"],"yasr_visitor_votes":{"stars_attributes":{"read_only":false,"span_bottom":false},"number_of_votes":0,"sum_votes":0},"_links":{"self":[{"href":"https:\/\/miresi.es\/blog\/wp-json\/wp\/v2\/posts\/14553","targetHints":{"allow":["GET"]}}],"collection":[{"href":"https:\/\/miresi.es\/blog\/wp-json\/wp\/v2\/posts"}],"about":[{"href":"https:\/\/miresi.es\/blog\/wp-json\/wp\/v2\/types\/post"}],"author":[{"embeddable":true,"href":"https:\/\/miresi.es\/blog\/wp-json\/wp\/v2\/users\/13"}],"replies":[{"embeddable":true,"href":"https:\/\/miresi.es\/blog\/wp-json\/wp\/v2\/comments?post=14553"}],"version-history":[{"count":22,"href":"https:\/\/miresi.es\/blog\/wp-json\/wp\/v2\/posts\/14553\/revisions"}],"predecessor-version":[{"id":24722,"href":"https:\/\/miresi.es\/blog\/wp-json\/wp\/v2\/posts\/14553\/revisions\/24722"}],"wp:featuredmedia":[{"embeddable":true,"href":"https:\/\/miresi.es\/blog\/wp-json\/wp\/v2\/media\/14556"}],"wp:attachment":[{"href":"https:\/\/miresi.es\/blog\/wp-json\/wp\/v2\/media?parent=14553"}],"wp:term":[{"taxonomy":"category","embeddable":true,"href":"https:\/\/miresi.es\/blog\/wp-json\/wp\/v2\/categories?post=14553"},{"taxonomy":"post_tag","embeddable":true,"href":"https:\/\/miresi.es\/blog\/wp-json\/wp\/v2\/tags?post=14553"}],"curies":[{"name":"wp","href":"https:\/\/api.w.org\/{rel}","templated":true}]}}