{"id":14568,"date":"2022-04-23T09:30:00","date_gmt":"2022-04-23T08:30:00","guid":{"rendered":"https:\/\/miresi.es\/blog\/?p=14568"},"modified":"2026-04-23T18:08:44","modified_gmt":"2026-04-23T17:08:44","slug":"ayuda-a-la-dependencia-aragon","status":"publish","type":"post","link":"https:\/\/miresi.es\/blog\/ayuda-a-la-dependencia-aragon\/","title":{"rendered":"Descubre C\u00f3mo Solicitar la Ayuda a la Dependencia en Arag\u00f3n"},"content":{"rendered":"\n<p><a href=\"https:\/\/leydedependencia.es\/\"  target=\"_blank\" rel=\"external nofollow\"  title=\"\"  class=\"wp-links-icon\"><strong>Los gastos derivados de la situaci\u00f3n de dependencia son elevados<\/strong>.<\/a> Las personas y sus familiares necesitan adaptar los espacios cotidianos, comprar pr\u00f3tesis y material ortop\u00e9dico o contratar cuidadores. Por ello, y para que las familias tengan acceso a las prestaciones p\u00fablicas, desde <a href=\"https:\/\/miresi.es\/buscador\/\"  rel=\"nofollow\" title=\"miResi\"  rel=\"nofollow\" title=\"miResi\">miResi<\/a> te resumimos en qu\u00e9 consiste <strong>la ayuda a la dependencia en Arag\u00f3n.<\/strong><\/p>\n\n\n\n<div class=\"wp-block-buttons is-content-justification-center is-layout-flex wp-container-core-buttons-is-layout-16018d1d wp-block-buttons-is-layout-flex\">\n<div class=\"wp-block-button has-custom-font-size has-medium-font-size\"><a href=\"https:\/\/leydedependencia.es\/\"  target=\"_blank\" rel=\"external nofollow\"  rel=\"nofollow\"  class=\"wp-links-icon\"><strong>CONTACTA CON UN EXPERTO DE LA LEY DE DEPENDENCIA<\/strong><\/a><\/div>\n<\/div>\n\n\n\n<h2 class=\"wp-block-heading\">1. <strong>Qu\u00e9 es la dependencia<\/strong><\/h2>\n\n\n\n<p>La <a href=\"https:\/\/leydedependencia.es\/\"  target=\"_blank\" rel=\"external nofollow\"  target=\"_blank\" title=\"\"  class=\"wp-links-icon\">dependencia<\/a> afecta a las personas con la reducci\u00f3n -temporal o definitivamente- de las capacidades mentales o f\u00edsicas, lo cual implica una reducci\u00f3n de la autonom\u00eda del mayor.<\/p>\n\n\n\n<p>Hay <strong>tres grados<\/strong> de demencia en relaci\u00f3n con las capacidades que se han perdido.<\/p>\n\n\n\n<p><strong>-Dependencia moderada<\/strong>: Este es el grado m\u00e1s bajo. En este estadio de la dependencia todav\u00eda se goza de una alta autonom\u00eda. Lo \u00fanico que necesitan los mayores en este punto es un acompa\u00f1amiento puntual en las tareas cotidianas.<\/p>\n\n\n\n<p><strong>-Dependencia severa<\/strong>: En este punto, la dependencia ya impide hacer gran parte de las tareas cotidianas. El mayor requiere de una persona que se implique de una forma m\u00e1s constante en su cuidado.<\/p>\n\n\n\n<p><strong>-Gran dependencia<\/strong>: Este es el grado m\u00e1s alto de dependencia. La persona con demencia no tiene autonom\u00eda suficiente para desarrollarse por s\u00ed misma, por lo que requiere de personal especializado que conviva con ellos.<\/p>\n\n\n<div class=\"wp-block-image\">\n<figure class=\"aligncenter size-large\"><img decoding=\"async\" width=\"1024\" height=\"739\" src=\"https:\/\/miresi.es\/blog\/wp-content\/uploads\/2022\/04\/elderly-patient-and-caregiver-2021-08-30-02-27-50-utc-1024x739.jpg\" alt=\"Servicio de cuidado a domicilio incluido en la ayuda a la dependencia Arag\u00f3n\" class=\"wp-image-14577\" srcset=\"https:\/\/miresiblog.imgix.net\/uploads\/2022\/04\/elderly-patient-and-caregiver-2021-08-30-02-27-50-utc-scaled.jpg?auto=format%2Ccompress&fit=crop&h=739&ixlib=php-3.3.0&w=1024&s=f5f98cc2e6c816b419db2559475420f3 1024w, https:\/\/miresiblog.imgix.net\/uploads\/2022\/04\/elderly-patient-and-caregiver-2021-08-30-02-27-50-utc-scaled.jpg?auto=format%2Ccompress&fit=crop&h=216&ixlib=php-3.3.0&w=300&s=36468e48cc3020667838da8840b2476f 300w, https:\/\/miresiblog.imgix.net\/uploads\/2022\/04\/elderly-patient-and-caregiver-2021-08-30-02-27-50-utc-scaled.jpg?auto=format%2Ccompress&fit=crop&h=554&ixlib=php-3.3.0&w=768&s=673ce6fee512855005d1338425acc974 768w, https:\/\/miresiblog.imgix.net\/uploads\/2022\/04\/elderly-patient-and-caregiver-2021-08-30-02-27-50-utc-scaled.jpg?auto=format%2Ccompress&fit=crop&h=1108&ixlib=php-3.3.0&w=1536&s=5e657689ecd94fec87b3c150aea5c888 1536w, https:\/\/miresiblog.imgix.net\/uploads\/2022\/04\/elderly-patient-and-caregiver-2021-08-30-02-27-50-utc-scaled.jpg?auto=format%2Ccompress&fit=crop&h=1477&ixlib=php-3.3.0&w=2048&s=6cbe2566579c1c32e6fafc88fa68c456 2048w, https:\/\/miresiblog.imgix.net\/uploads\/2022\/04\/elderly-patient-and-caregiver-2021-08-30-02-27-50-utc-scaled.jpg?auto=format%2Ccompress&fit=crop&h=260&ixlib=php-3.3.0&w=360&s=0f7136b0e0f011cb11f202c1c377ac17 360w, https:\/\/miresiblog.imgix.net\/uploads\/2022\/04\/elderly-patient-and-caregiver-2021-08-30-02-27-50-utc-scaled.jpg?auto=format%2Ccompress&ixlib=php-3.3.0&w=832&s=bdb41ab2e71d25a480ec7aca056bf78f 832w\" sizes=\"(max-width: 1024px) 100vw, 1024px\" \/><figcaption class=\"wp-element-caption\">Mujer dependiente asistida por un servicio de cuidado a domicilio<\/figcaption><\/figure>\n<\/div>\n\n\n<h2 class=\"wp-block-heading\">2. <strong>\u00bfHay ayudas a la dependencia en Arag\u00f3n?<\/strong><\/h2>\n\n\n\n<p><strong>S\u00ed<\/strong>, la comunidad de Arag\u00f3n tiene una serie de herramientas econ\u00f3micas p\u00fablicas para <strong>apoyar la promoci\u00f3n, los cuidados y la integraci\u00f3n <\/strong>de las personas con dependencia.<\/p>\n\n\n\n<p>El primer paso para obtener estas ayudas es <strong>certificar que nuestro mayor se encuentra en una<a href=\"https:\/\/leydedependencia.es\/\"  target=\"_blank\" rel=\"external nofollow\"  title=\"\"  class=\"wp-links-icon\"> situaci\u00f3n de dependencia.<\/a> <\/strong>A continuaci\u00f3n te explicamos el proceso y te hablamos sobre los documentos necesarios.<\/p>\n\n\n\n<p>A trav\u00e9s de la <a href=\"https:\/\/www.aragon.es\/-\/dependencia.-solicitud-y-procedimiento\"  target=\"_blank\" rel=\"external nofollow\"  target=\"_blank\"  class=\"wp-links-icon\">p\u00e1gina web del Gobierno aragon\u00e9s<\/a> se puede conocer la informaci\u00f3n e iniciar los tr\u00e1mites; aunque si es m\u00e1s c\u00f3modo, se puede acudir presencialmente a presentar los documentos en las oficinas de los Servicios Sociales municipales o comarcales.<\/p>\n\n\n\n<p>Los <strong>documentos<\/strong> necesarios son los siguientes:<\/p>\n\n\n\n<ul class=\"wp-block-list\">\n<li><a href=\"https:\/\/www.aragon.es\/documents\/20127\/5814418\/Solicitud_def.pdf\/e6824fe8-f275-6ae2-23da-180bd7a98cbf?t=1563445303614\"  target=\"_blank\" rel=\"external nofollow\"  target=\"_blank\"  class=\"wp-links-icon\">Solicitud para la valoraci\u00f3n del grado de dependencia del mayor<\/a><\/li>\n\n\n\n<li><a href=\"https:\/\/www.aragon.es\/documents\/20127\/5814418\/Anexo_I_Autorizacion_datos.pdf\/475edfbf-3f45-4e67-1fe1-c0dc5f2eb6ef?t=1563445287165\"  target=\"_blank\" rel=\"external nofollow\"  target=\"_blank\"  class=\"wp-links-icon\">Autorizaci\u00f3n para la consulta de datos <\/a><\/li>\n\n\n\n<li><a href=\"https:\/\/www.aragon.es\/documents\/20127\/5814418\/Anexo_II_Informe_Salud-2.pdf\/8687f1e3-f4b3-dc93-345b-a34c93e901a9?t=1563445289503\"  target=\"_blank\" rel=\"external nofollow\"  target=\"_blank\"  class=\"wp-links-icon\">Informe de Salud<\/a>\u00a0<\/li>\n\n\n\n<li><a href=\"https:\/\/www.aragon.es\/documents\/20127\/5814418\/Anexo_III_Declaraci%C3%B3n_cuidadora2.pdf\/f515489e-f3d8-e363-212b-fc85148a4c8c?t=1563445293040\"  target=\"_blank\" rel=\"external nofollow\"  target=\"_blank\"  class=\"wp-links-icon\">Declaraci\u00f3n persona cuidadora no profesional<\/a>\u00a0<\/li>\n\n\n\n<li><a href=\"https:\/\/www.aragon.es\/documents\/20127\/5814418\/Anexo_IV_Certificado_Prestaci%C3%B3n_Vinculada.pdf\/7648653d-dee7-c836-586b-8b7798d7aeb8?t=1563445296812\"  target=\"_blank\" rel=\"external nofollow\"  target=\"_blank\"  class=\"wp-links-icon\">Certificado Servicio para la Prestaci\u00f3n Econ\u00f3mica Vinculada<\/a>\u00a0<\/li>\n\n\n\n<li><a href=\"https:\/\/www.aragon.es\/documents\/20127\/5814418\/Anexo_V_Actualizacion_Datos-3.pdf\/8b0b5994-a5eb-ec8a-1db2-3a9f886ce5b8?t=1563445299776\"  target=\"_blank\" rel=\"external nofollow\"  target=\"_blank\"  class=\"wp-links-icon\">Actualizaci\u00f3n de datos<\/a>\u00a0<\/li>\n\n\n\n<li><a href=\"https:\/\/www.aragon.es\/documents\/20127\/5814418\/Anexo_VI_Informe_Social_2.pdf\/31c53194-199a-e3ef-f4ce-7103912ea5f3?t=1563445301190\"  target=\"_blank\" rel=\"external nofollow\"  target=\"_blank\"  class=\"wp-links-icon\">Informe Social<\/a>\u00a0<\/li>\n\n\n\n<li><a href=\"https:\/\/www.aragon.es\/documents\/20127\/5814418\/Anexo+VII_Modificaci%C3%B3n_preferencias_Dependencia.pdf\/ee829abb-6104-8afd-b456-869d15d86cd9?t=1644919170442\"  target=\"_blank\" rel=\"external nofollow\"  target=\"_blank\"  class=\"wp-links-icon\">Modificaci\u00f3n de preferencias<\/a>\u00a0<\/li>\n<\/ul>\n\n\n\n<p>La solicitud se inicia <strong>acudiendo o llamando a Servicios Sociales <\/strong>para pedir una cita con un o una trabajadora social que certifique el estado del mayor. A esta persona se le <strong>presentar\u00e1 la documentaci\u00f3n <\/strong>que se demanda en la convocatoria.<\/p>\n\n\n\n<p>M\u00e1s tarde, el <strong>Instituto Aragon\u00e9s de Servicios Sociales (IASS) concertar\u00e1 una cita<\/strong> para valorar el espacio en el que vive el anciano y su entorno familiar y cercano.<\/p>\n\n\n\n<p>Despu\u00e9s de esta visita, se notificar\u00e1 la <strong>resoluci\u00f3n<\/strong> a la que se ha llegado y<a href=\"https:\/\/leydedependencia.es\/\"  target=\"_blank\" rel=\"external nofollow\"  title=\"\"  class=\"wp-links-icon\"> se aconsejar\u00e1 a la persona con dependencia sobre las ayudas que puede solicitar.<\/a><\/p>\n\n\n\n<p>Los tr\u00e1mites para las diferentes prestaciones <strong>se gestionan mediante los centros de Servicios Sociales municipales o comarcales<\/strong> (en el caso de los municipios m\u00e1s peque\u00f1os); como nos resulta imposible incluir todos los enlaces a nivel municipal, los enlaces a tr\u00e1mites que incluyamos ser\u00e1n los del ayuntamiento de Zaragoza. Si se desea encontrar informaci\u00f3n de un municipio en particular, \u00fanicamente se debe buscar el nombre de la ayuda junto al nombre del municipio en cuesti\u00f3n.<\/p>\n\n\n\n<p>Los tr\u00e1mites no se solicitan telem\u00e1ticamente, sino que \u00fanicamente existe la posibilidad de personarse en las <strong>oficinas municipales o comarcales de Servicios<\/strong> <strong>Sociales<\/strong> (vinculadas a los ayuntamientos).<\/p>\n\n\n\n<h3 class=\"wp-block-heading\"><strong>2.1. <\/strong><a href=\"https:\/\/www.zaragoza.es\/sede\/servicio\/tramite\/180\"  target=\"_blank\" rel=\"external nofollow\"  target=\"_blank\" rel=\"noreferrer noopener\"  class=\"wp-links-icon\"><strong>Servicio de teleasistencia<\/strong><\/a><\/h3>\n\n\n\n<p>La teleasistencia est\u00e1 ideada para que <strong>los mayores que requieren de cuidados continuos puedan vivir solos sin correr peligro<\/strong>. Los sistemas de alerta a distancia ofrecen a los mayores una forma sencilla para avisar de la necesidad de ayuda en caso de emergencia.<\/p>\n\n\n\n<p>Estos dispositivos se pueden solicitar en los <strong>centros de Servicios Sociales.<\/strong><\/p>\n\n\n\n<p>Las personas a las que va dirigida esta herramienta de apoyo son usuarios que puedan demostrar que <strong>viven una situaci\u00f3n en la que su libertad f\u00edsica, intelectual y\/o sensorial se vea coartada.<\/strong><\/p>\n\n\n\n<p>El <strong>proceso<\/strong> es el siguiente:<\/p>\n\n\n\n<ol class=\"wp-block-list\">\n<li><strong>Acudir al centro de Servicios Sociales municipal o comarca<\/strong>l para hacer la solicitud.<\/li>\n\n\n\n<li>Someterse a un <strong>examen<\/strong> por parte de un o una trabajadora social.<\/li>\n\n\n\n<li>Se recibir\u00e1 la <strong>respuesta a la solicitud<\/strong>, sea negativa o positiva.<\/li>\n\n\n\n<li>Anualmente (a no ser que se convoque con car\u00e1cter extraordinario) se realizar\u00e1n <strong>revisiones<\/strong> de la situaci\u00f3n del mayor y el equipamiento de teleasistencia.<\/li>\n<\/ol>\n\n\n\n<p>La <strong>documentaci\u00f3n<\/strong> necesaria es:<\/p>\n\n\n\n<ol class=\"wp-block-list\">\n<li>Fotocopia del <strong>DNI<\/strong>.<\/li>\n\n\n\n<li>Copia de la <strong>tarjeta sanitaria de la Seguridad Social.<\/strong><\/li>\n\n\n\n<li>Fotocopia del <strong>libro de familia.<\/strong><\/li>\n\n\n\n<li><strong>Informaci\u00f3n financiera <\/strong>del n\u00facleo familiar con el que conviva el solicitante.<\/li>\n\n\n\n<li>Certificado de <strong>discapacidad<\/strong> redactado por los Servicios Sociales.<\/li>\n<\/ol>\n\n\n\n<div class=\"wp-block-buttons is-content-justification-center is-layout-flex wp-container-core-buttons-is-layout-16018d1d wp-block-buttons-is-layout-flex\">\n<div class=\"wp-block-button has-custom-font-size has-medium-font-size\"><a href=\"https:\/\/leydedependencia.es\/\"  target=\"_blank\" rel=\"external nofollow\"  rel=\"nofollow\"  class=\"wp-links-icon\"><strong>CONOCE M\u00c1S INFORMACI\u00d3N SOBRE LOS GRADOS DE DEPENDENCIA<\/strong><\/a><\/div>\n<\/div>\n\n\n\n<h3 class=\"wp-block-heading\"><strong>2.2. <\/strong><a href=\"https:\/\/www.zaragoza.es\/sede\/servicio\/tramite\/179\"  target=\"_blank\" rel=\"external nofollow\"  target=\"_blank\" rel=\"noreferrer noopener\"  class=\"wp-links-icon\"><strong>Servicio de ayuda a domicilio<\/strong><\/a><\/h3>\n\n\n\n<p>En la mayor\u00eda de casos, los<a href=\"https:\/\/leydedependencia.es\/\"  target=\"_blank\" rel=\"external nofollow\"  title=\"\"  class=\"wp-links-icon\"> mayores con dependencia<\/a> necesitan <strong>asistencia en su propio hogar<\/strong>. Esta ayuda es cara porque implica contratar a una persona externa que trabaje a diario en el domicilio del anciano.<\/p>\n\n\n\n<p>Los tr\u00e1mites se realizan presencialmente en los <strong>centros municipales de Servicios Sociales.<\/strong><\/p>\n\n\n\n<p>Las personas a las que va dirigida esta prestaci\u00f3n deben ser <strong>mayores de 65 a\u00f1os<\/strong> (o menores con una acreditaci\u00f3n de dependencia).<\/p>\n\n\n\n<p>El <strong>proceso<\/strong> es simple:<\/p>\n\n\n\n<ol class=\"wp-block-list\">\n<li>Pedir <strong>cita previa<\/strong> para acudir a la oficina de Servicios Sociales.<\/li>\n\n\n\n<li>Acudir a la cita para <strong>aportar toda la documentaci\u00f3n <\/strong>requerida.<\/li>\n<\/ol>\n\n\n\n<p>La <strong>documentaci\u00f3n<\/strong> exigida por la administraci\u00f3n es la siguiente:<\/p>\n\n\n\n<ol class=\"wp-block-list\">\n<li><strong>Empadronamiento<\/strong> en el ayuntamiento donde se presente la solicitud.<\/li>\n\n\n\n<li><a href=\"https:\/\/leydedependencia.es\/\"  target=\"_blank\" rel=\"external nofollow\"  title=\"\"  class=\"wp-links-icon\">Certificado de <strong>dependencia o discapacidad.<\/strong><\/a><\/li>\n\n\n\n<li>Fotocopia del <strong>DNI.<\/strong><\/li>\n\n\n\n<li>Copia de la <strong>Tarjeta Sanitaria de la Seguridad Social.<\/strong><\/li>\n\n\n\n<li>Fotocopia del<strong> libro de familia.<\/strong><\/li>\n\n\n\n<li><strong>Informe de los ingresos <\/strong>de los miembros del n\u00facleo familiar.<\/li>\n<\/ol>\n\n\n\n<h3 class=\"wp-block-heading\"><strong>2.3. <\/strong><a href=\"https:\/\/www.aragon.es\/-\/iass.-centros.-centros-de-dia\"  target=\"_blank\" rel=\"external nofollow\"  target=\"_blank\" rel=\"noreferrer noopener\"  class=\"wp-links-icon\"><strong>Centros de d\u00eda, hogares y centros ocupacionales<\/strong><\/a><\/h3>\n\n\n\n<p>Otra opci\u00f3n para el <a href=\"https:\/\/leydedependencia.es\/\"  target=\"_blank\" rel=\"external nofollow\"  title=\"\"  class=\"wp-links-icon\">cuidado de los mayores con dependencia<\/a> es que pasen el tiempo en <strong>centros<\/strong> donde profesionales responsables se encarguen de controlar la seguridad.<\/p>\n\n\n\n<p>El ingreso a estos centros se solicita presencialmente en <strong>Centros de Base del Instituto Aragon\u00e9s de Servicios Sociales (IASS)<\/strong> en el caso de los centros ocupacionales; mientras que para los hogares y centros de d\u00eda la solicitud se presentar\u00e1 directamente en los mismos.<\/p>\n\n\n\n<p>Los <strong>requisitos<\/strong> que se piden cambian en funci\u00f3n del centro:<\/p>\n\n\n\n<ol class=\"wp-block-list\">\n<li>Tener <strong>m\u00e1s de 65 a\u00f1os <\/strong>(en el caso de los centros ocupacionales se exige una edad menor a los 65 a\u00f1os)..<\/li>\n\n\n\n<li>Contar con un <strong>certificado de discapacidad<\/strong> (este requisito no se aplica a los hogares).<\/li>\n\n\n\n<li><strong>No disponer de atenci\u00f3n en el domicilio durante el d\u00eda<\/strong>, pero contar con familiares que cuiden del mayor el resto del d\u00eda (requisito exclusivo para los centros de d\u00eda).<\/li>\n\n\n\n<li><strong>Residir<\/strong> en Arag\u00f3n.<\/li>\n<\/ol>\n\n\n<div class=\"wp-block-image\">\n<figure class=\"aligncenter size-large\"><img decoding=\"async\" width=\"1024\" height=\"683\" src=\"https:\/\/miresi.es\/blog\/wp-content\/uploads\/2022\/04\/care-for-person-who-has-dementia-in-medical-center-2021-11-11-03-31-34-utc-1-1024x683.jpg\" alt=\"Servicio de terapia ocupacional dentro de la ayuda a la dependencia Arag\u00f3n\" class=\"wp-image-14588\" srcset=\"https:\/\/miresiblog.imgix.net\/uploads\/2022\/04\/care-for-person-who-has-dementia-in-medical-center-2021-11-11-03-31-34-utc-1-scaled.jpg?auto=format%2Ccompress&fit=crop&h=683&ixlib=php-3.3.0&w=1024&s=0d218fcd8f5de1f684f191cce1afe6d3 1024w, https:\/\/miresiblog.imgix.net\/uploads\/2022\/04\/care-for-person-who-has-dementia-in-medical-center-2021-11-11-03-31-34-utc-1-scaled.jpg?auto=format%2Ccompress&fit=crop&h=200&ixlib=php-3.3.0&w=300&s=36178f07f7aa1c07db7f057c90720538 300w, https:\/\/miresiblog.imgix.net\/uploads\/2022\/04\/care-for-person-who-has-dementia-in-medical-center-2021-11-11-03-31-34-utc-1-scaled.jpg?auto=format%2Ccompress&fit=crop&h=512&ixlib=php-3.3.0&w=768&s=b615f4c51fddeb48a2dc9ab1f421d165 768w, https:\/\/miresiblog.imgix.net\/uploads\/2022\/04\/care-for-person-who-has-dementia-in-medical-center-2021-11-11-03-31-34-utc-1-scaled.jpg?auto=format%2Ccompress&fit=crop&h=1024&ixlib=php-3.3.0&w=1536&s=9ce7d758422e3ec7af3c8c0a4d5bfa2e 1536w, https:\/\/miresiblog.imgix.net\/uploads\/2022\/04\/care-for-person-who-has-dementia-in-medical-center-2021-11-11-03-31-34-utc-1-scaled.jpg?auto=format%2Ccompress&fit=crop&h=1365&ixlib=php-3.3.0&w=2048&s=ccaf8586ffe7395768bdfa9b26b00fee 2048w, https:\/\/miresiblog.imgix.net\/uploads\/2022\/04\/care-for-person-who-has-dementia-in-medical-center-2021-11-11-03-31-34-utc-1-scaled.jpg?auto=format%2Ccompress&fit=crop&h=240&ixlib=php-3.3.0&w=360&s=7743ea73e22f0cdeb95899db2781ae98 360w, https:\/\/miresiblog.imgix.net\/uploads\/2022\/04\/care-for-person-who-has-dementia-in-medical-center-2021-11-11-03-31-34-utc-1-scaled.jpg?auto=format%2Ccompress&ixlib=php-3.3.0&w=900&s=86e055303cbf2be5773fd846f8595b82 900w\" sizes=\"(max-width: 1024px) 100vw, 1024px\" \/><figcaption class=\"wp-element-caption\">Servicio de terapia ocupacional dentro de la ayuda a la dependencia Arag\u00f3n<\/figcaption><\/figure>\n<\/div>\n\n\n<h3 class=\"wp-block-heading\"><strong>2.4. Centros de Atenci\u00f3n a Personas con Discapacidad<\/strong><\/h3>\n\n\n\n<p>Los <strong>centros especializados<\/strong> en personas con discapacidad siempre son una opci\u00f3n popular, ya que prestan un <strong>servicio particular y personalizado<\/strong> con profesionales expertos en los cuidados a este tipo de residentes.<\/p>\n\n\n\n<p>Este tr\u00e1mite s\u00ed puede realizarse de forma telem\u00e1tica a trav\u00e9s de la <a href=\"https:\/\/www.aragon.es\/tramitador\/-\/tramite\/becas-para-la-atencion-en-centros-de-servicios-sociales-especializados\/centros-de-personas-con-discapacidad\"  target=\"_blank\" rel=\"external nofollow\"  target=\"_blank\"  class=\"wp-links-icon\">p\u00e1gina web del Gobierno de Arag\u00f3n<\/a>; tambi\u00e9n se puede acudir a\u00a0una de las <strong>Oficinas de Informaci\u00f3n y Registro<\/strong> que se reparten por todo el territorio aragon\u00e9s.<\/p>\n\n\n\n<p>Los <strong>requisitos<\/strong> demandados son los siguientes:<\/p>\n\n\n\n<ol class=\"wp-block-list\">\n<li><strong>Residencia<\/strong> en Arag\u00f3n.<\/li>\n\n\n\n<li>No superar el <strong>l\u00edmite econ\u00f3mico<\/strong> establecido para el proceso.<\/li>\n\n\n\n<li>Acreditaci\u00f3n de una <strong>discapacidad superior al 33%.<\/strong><\/li>\n\n\n\n<li><strong>No disfrutar<\/strong> <strong>de otras<\/strong> <strong>ayudas<\/strong> para el mismo fin.<\/li>\n<\/ol>\n\n\n\n<p><\/p>\n\n\n\n<div class=\"wp-block-buttons is-content-justification-center is-layout-flex wp-container-core-buttons-is-layout-16018d1d wp-block-buttons-is-layout-flex\">\n<div class=\"wp-block-button has-custom-font-size has-medium-font-size\"><a href=\"https:\/\/leydedependencia.es\/\"  target=\"_blank\" rel=\"external nofollow\"   class=\"wp-links-icon\"><strong>CONOCE M\u00c1S INFORMACI\u00d3N SOBRE LOS GRADOS DE DEPENDENCIA<\/strong><\/a><\/div>\n<\/div>\n\n\n\n<p><\/p>\n\n\n\n<p>Para demostrar esto, la documentaci\u00f3n a aportar ser\u00e1 la siguiente:<\/p>\n\n\n\n<ol class=\"wp-block-list\">\n<li><a href=\"https:\/\/aplicaciones.aragon.es\/seda_core\/rest\/getRequestModel?childServiceId=781\"  target=\"_blank\" rel=\"external nofollow\"  target=\"_blank\"  class=\"wp-links-icon\">Formulario de solicitud cumplimentado.<\/a><\/li>\n\n\n\n<li>Fotocopia del <strong>DNI<\/strong>.<\/li>\n\n\n\n<li><strong>Libro de familia<\/strong> (para personas solteras).<\/li>\n\n\n\n<li><strong>Fe de vida y estado<\/strong> (para personas extranjeras).<\/li>\n\n\n\n<li>Fotocopia de la <strong>declaraci\u00f3n de la renta<\/strong> de la unidad familiar de convivencia.<\/li>\n\n\n\n<li><strong>Certificado de la pensi\u00f3n<\/strong> percibida por el solicitante.<\/li>\n\n\n\n<li><strong>Empadronamiento<\/strong> familiar.<\/li>\n\n\n\n<li>Certificado de <strong>discapacidad<\/strong>.<\/li>\n\n\n\n<li>Certificado de la <strong>ocupaci\u00f3n de plaza.<\/strong><\/li>\n\n\n\n<li><a href=\"https:\/\/aplicaciones.aragon.es\/seda_core\/rest\/getModelByKey?childServiceId=781&key=CertificadoCentro\"  target=\"_blank\" rel=\"external nofollow\"  target=\"_blank\"  class=\"wp-links-icon\">Informe sobre la prestaci\u00f3n de servicios del centro<\/a> (cumplimentada por el director o directora del mismo).<\/li>\n<\/ol>\n\n\n\n<h3 class=\"wp-block-heading\"><a href=\"https:\/\/www.aragon.es\/-\/discapacidad.-prestaciones-economicas.-becas-para-atencion-en-centros-para-personas-con-discapacidad\"  target=\"_blank\" rel=\"external nofollow\"  target=\"_blank\" rel=\"noreferrer noopener\"  class=\"wp-links-icon\"><strong>2.5. Becas de atenci\u00f3n para centros para personas con discapacidad<\/strong><\/a><\/h3>\n\n\n\n<p>Los <strong>centros para personas con discapacidad<\/strong> son lugares donde los profesionales en los cuidados a personas dependientes dan servicios de calidad.<\/p>\n\n\n\n<p>El proceso se realiza presencialmente en las <strong>Direcciones Provinciales del IASS, <\/strong>en los <strong>Centros de Personas Mayores,<\/strong> en los <strong>Centros Base,<\/strong> en los <strong>Centros Municipales de Servicios Sociales <\/strong>o cualquier <strong>registro oficial.<\/strong><\/p>\n\n\n\n<p>Los <strong>requisitos<\/strong> para solicitar estas becas son los siguientes:<\/p>\n\n\n\n<ol class=\"wp-block-list\">\n<li>Tener un certificado de <strong>discapacidad superior al 33%.<\/strong><\/li>\n\n\n\n<li><strong>Residir<\/strong> en Arag\u00f3n.<\/li>\n\n\n\n<li><strong>No gozar de los<\/strong> <strong>recursos<\/strong> <strong>econ\u00f3micos<\/strong> suficientes para acceder a estos centros.<\/li>\n<\/ol>\n\n\n\n<p>Los <strong>documentos<\/strong> a presentar son:<\/p>\n\n\n\n<ul class=\"wp-block-list\">\n<li><a href=\"https:\/\/www.aragon.es\/documents\/20127\/674325\/DISCAPACIDAD-PRESTACIONES-beca-atencion-centros-solicitud.pdf\/eab89290-1f68-86ea-45c3-765e56a33e83\"  target=\"_blank\" rel=\"external nofollow\"  target=\"_blank\"  class=\"wp-links-icon\">Solicitud de beca para atenci\u00f3n en centros de personas con discapacidad<\/a>\u00a0<\/li>\n\n\n\n<li><a href=\"https:\/\/www.aragon.es\/documents\/20127\/674325\/DISCAPACIDAD-PRESTACIONES-beca-atencion-centros-solicitud-certificado.pdf\/9c7a4beb-fd56-27b1-e0f9-162c7c1e6ef8\"  target=\"_blank\" rel=\"external nofollow\"  target=\"_blank\"  class=\"wp-links-icon\">Solicitud de beca para atenci\u00f3n en centros de personas con discapacidad \u2013 Certificado del centro<\/a>\u00a0<\/li>\n<\/ul>\n\n\n\n<h3 class=\"wp-block-heading\"><strong>2.6. Ayudas individuales para personas con discapacidad o en situaci\u00f3n de dependencia<\/strong><\/h3>\n\n\n\n<p>Esta prestaci\u00f3n econ\u00f3mica tiene un car\u00e1cter general, por lo que se puede emplear para <strong>financiar desde cuidados profesionales a la adaptaci\u00f3n de la vivienda<\/strong>.<\/p>\n\n\n\n<p>Los procedimientos para su solicitud se pueden realizar <a href=\"https:\/\/www.aragon.es\/es\/tramitador\/-\/tramite\/ayudas-individuales-personas-grado-discapacidad-situacion-dependencia#Destinatarios\"  target=\"_blank\" rel=\"external nofollow\"  target=\"_blank\"  class=\"wp-links-icon\">online<\/a> o presencialmente en la <strong>Direcci\u00f3n Provincial del Instituto Aragon\u00e9s de Servicios Sociales (IASS)<\/strong> o en cualquiera de los <strong>Registros Generales de Entrada del Gobierno de Arag\u00f3n.\u00a0<\/strong><\/p>\n\n\n\n<p>Los <strong>requisitos<\/strong> b\u00e1sicos que se piden para el tr\u00e1mite de esta ayuda son:<\/p>\n\n\n\n<ol class=\"wp-block-list\">\n<li>Una condici\u00f3n igual o superior al 33% de discapacidad o un <a href=\"https:\/\/leydedependencia.es\/\"  target=\"_blank\" rel=\"external nofollow\"  title=\"\"  class=\"wp-links-icon\">grado de <strong>dependencia de entre el II y el III.<\/strong><\/a><\/li>\n\n\n\n<li><strong>Empadronamiento<\/strong> y <strong>residencia<\/strong> en Arag\u00f3n (por lo menos, 1 a\u00f1o antes de presentar la solicitud).<\/li>\n\n\n\n<li><strong>No disfrutar de ayudas de car\u00e1cter similar<\/strong> o con el mismo fin (ni en el momento ni 2 a\u00f1os antes de la solicitud).<\/li>\n<\/ol>\n\n\n\n<h2 class=\"wp-block-heading\"><strong>2.7. Servicio de apoyo al cuidador<\/strong><\/h2>\n\n\n\n<p>Esta ayuda est\u00e1 centrada en<strong> facilitar la sustituci\u00f3n de un cuidador, estancia temporal en un centro de d\u00eda, la formaci\u00f3n del prestador de cuidados,\u2026<\/strong> En general, todo lo relacionado con la mejora la vida de los no profesionales que se encargan de cuidar a familiares. Esta subvenci\u00f3n permite que estos tengan reconocido el descanso vacacional y puedan desarrollar su conocimiento en un campo del que son desconocedores pero constituye su d\u00eda a d\u00eda.<\/p>\n\n\n\n<p>El tr\u00e1mite se puede realizar presentando todos los documentos que acrediten la situaci\u00f3n de necesidad en el <strong>Servicio Social de Base del Ayuntamiento de residencia.<\/strong><\/p>\n\n\n\n<p>El <strong>perfil de la persona<\/strong> que puede solicitar esta ayuda es:<\/p>\n\n\n\n<ol class=\"wp-block-list\">\n<li>Una persona <strong>mayor de edad.<\/strong><\/li>\n\n\n\n<li><strong>Cuidador no\u00a0 profesional <\/strong>sin retribuci\u00f3n.<\/li>\n<\/ol>\n\n\n<div class=\"wp-block-image\">\n<figure class=\"aligncenter size-large\"><img decoding=\"async\" width=\"1024\" height=\"1024\" src=\"https:\/\/miresi.es\/blog\/wp-content\/uploads\/2022\/04\/elderly-disabled-woman-and-carer-2021-08-26-15-44-11-utc-1024x1024.jpg\" alt=\"Servicio de cuidado dentro de la ayuda a la dependencia Arag\u00f3n\" class=\"wp-image-14586\" srcset=\"https:\/\/miresiblog.imgix.net\/uploads\/2022\/04\/elderly-disabled-woman-and-carer-2021-08-26-15-44-11-utc-scaled.jpg?auto=format%2Ccompress&fit=crop&h=1024&ixlib=php-3.3.0&w=1024&s=76006097f98ba782f3a566297a5cf86b 1024w, https:\/\/miresiblog.imgix.net\/uploads\/2022\/04\/elderly-disabled-woman-and-carer-2021-08-26-15-44-11-utc-scaled.jpg?auto=format%2Ccompress&fit=crop&h=300&ixlib=php-3.3.0&w=300&s=7948ef41fbfebf2ee62a98e47b6898d1 300w, https:\/\/miresiblog.imgix.net\/uploads\/2022\/04\/elderly-disabled-woman-and-carer-2021-08-26-15-44-11-utc-scaled.jpg?auto=format%2Ccompress&fit=crop&h=150&ixlib=php-3.3.0&w=150&s=5afa70d23193da9ae6a0c4de17dce633 150w, https:\/\/miresiblog.imgix.net\/uploads\/2022\/04\/elderly-disabled-woman-and-carer-2021-08-26-15-44-11-utc-scaled.jpg?auto=format%2Ccompress&fit=crop&h=768&ixlib=php-3.3.0&w=768&s=7be7c53fe0249af70fd838e7655f38c8 768w, https:\/\/miresiblog.imgix.net\/uploads\/2022\/04\/elderly-disabled-woman-and-carer-2021-08-26-15-44-11-utc-scaled.jpg?auto=format%2Ccompress&fit=crop&h=1536&ixlib=php-3.3.0&w=1536&s=1b7725d98059f3686578a6465e89e80b 1536w, https:\/\/miresiblog.imgix.net\/uploads\/2022\/04\/elderly-disabled-woman-and-carer-2021-08-26-15-44-11-utc-scaled.jpg?auto=format%2Ccompress&fit=crop&h=2048&ixlib=php-3.3.0&w=2048&s=0334cd700326ef99b1235db19d694361 2048w, https:\/\/miresiblog.imgix.net\/uploads\/2022\/04\/elderly-disabled-woman-and-carer-2021-08-26-15-44-11-utc-scaled.jpg?auto=format%2Ccompress&fit=crop&h=360&ixlib=php-3.3.0&w=360&s=a868d40a8e66e489030451287d0966e3 360w, https:\/\/miresiblog.imgix.net\/uploads\/2022\/04\/elderly-disabled-woman-and-carer-2021-08-26-15-44-11-utc-scaled.jpg?auto=format%2Ccompress&ixlib=php-3.3.0&w=600&s=92379a6b3b9c56275b62492918bb91f2 600w\" sizes=\"(max-width: 1024px) 100vw, 1024px\" \/><figcaption class=\"wp-element-caption\">Anciana con dependencia disfrutando del servicio de cuidado a domicilio<\/figcaption><\/figure>\n<\/div>\n\n\n<h3 class=\"wp-block-heading\"><strong>2.8. Ayudas sociales de car\u00e1cter extraordinario a favor de pensionistas por jubilaci\u00f3n e invalidez en sus modalidad no contributivas y de los beneficios de pensiones asistenciales y de enfermedad<\/strong><\/h3>\n\n\n\n<p>Esta ayuda de car\u00e1cter general se da en <strong>situaciones extraordinarias<\/strong>, y no se ampl\u00eda en el tiempo.<\/p>\n\n\n\n<p>El tr\u00e1mite se puede desarrollar en el <strong>Servicio Social de Base del Ayuntamiento<\/strong> en el que se est\u00e9 empadronado.<\/p>\n\n\n\n<p>Los <strong>requisitos<\/strong> b\u00e1sicos para la concesi\u00f3n de esta ayuda son los siguientes:<\/p>\n\n\n\n<ol class=\"wp-block-list\">\n<li>Tener <strong>residencia<\/strong> habitual en Arag\u00f3n.<\/li>\n\n\n\n<li>Demostrar que se es <strong>pensionista no contributivo o beneficiario de pensiones asistenciale<\/strong>s y de enfermedad a 31 de diciembre del a\u00f1o anterior.<\/li>\n<\/ol>\n\n\n\n<h3 class=\"wp-block-heading\"><strong>2.9. Prestaciones por dependencia<\/strong><\/h3>\n\n\n\n<p>Estas ayudas est\u00e1n destinadas a <strong>promover la autonom\u00eda<\/strong> del mayor en <a href=\"https:\/\/leydedependencia.es\/\"  target=\"_blank\" rel=\"external nofollow\"  title=\"\"  class=\"wp-links-icon\">estado de dependencia<\/a>; esto pasa por promover <strong>cuidados de calidad<\/strong> y la adaptaci\u00f3n correcta de los procesos.<\/p>\n\n\n\n<p>Este apoyo econ\u00f3mico se solicita presencialmente en la <strong>Delegaci\u00f3n Provincial de la Direcci\u00f3n General de Atenci\u00f3n a la Dependencia<\/strong> de la provincia en la que se resida.<\/p>\n\n\n\n<p>Los <strong>requisitos<\/strong> que marca la administraci\u00f3n p\u00fablica son los siguientes:<\/p>\n\n\n\n<ol class=\"wp-block-list\">\n<li><strong>Residir<\/strong> en Espa\u00f1a (en un per\u00edodo igual o superior a los 5 a\u00f1os antes de la solicitud).<\/li>\n\n\n\n<li>Demostrar mediante certificado que el mayor se encuentra en una situaci\u00f3n de <strong>dependencia<\/strong>.<\/li>\n<\/ol>\n\n\n\n<div class=\"wp-block-buttons is-content-justification-center is-layout-flex wp-container-core-buttons-is-layout-16018d1d wp-block-buttons-is-layout-flex\">\n<div class=\"wp-block-button has-custom-font-size has-medium-font-size\"><a href=\"https:\/\/leydedependencia.es\/\"  target=\"_blank\" rel=\"external nofollow\"  rel=\"nofollow\"  class=\"wp-links-icon\"><strong>CONOCE M\u00c1S INFORMACI\u00d3N SOBRE LOS BENEFICIOS QUE TE CORRESPONDEN<\/strong><\/a><\/div>\n<\/div>\n\n\n\n<p>Ya que <a href=\"https:\/\/leydedependencia.es\/\"  target=\"_blank\" rel=\"external nofollow\"  title=\"\"  class=\"wp-links-icon\">la dependencia no entiende de nivel de renta<\/a>, lo \u00fanico que puede hacer la administraci\u00f3n p\u00fablica es intentar que el acceso a los recursos necesarios sea lo m\u00e1s democr\u00e1tico posible. <strong>Los mayores tienen derecho a gozar del mayor bienestar posible mediante los mejores cuidados.<\/strong><\/p>\n\n\n\n<p class=\"has-small-font-size\">Fuentes: <\/p>\n\n\n\n<ul class=\"wp-block-list\">\n<li>Ayuntamiento de Zaragoza: <a href=\"https:\/\/zaragoza.es\/sede\/portal\/tramites-servicios\/servicio\/tramite\/materia\/3143\"  target=\"_blank\" rel=\"external nofollow\"  target=\"_blank\"  class=\"wp-links-icon\">https:\/\/zaragoza.es\/sede\/portal\/tramites-servicios\/servicio\/tramite\/materia\/3143<\/a>\u00a0<\/li>\n\n\n\n<li>Gobierno de Arag\u00f3n: <a href=\"https:\/\/www.aragon.es\/temas\/atencion-social-dependencia\/dependencia\"  target=\"_blank\" rel=\"external nofollow\"  target=\"_blank\"  class=\"wp-links-icon\">https:\/\/www.aragon.es\/temas\/atencion-social-dependencia\/dependencia<\/a><\/li>\n<\/ul>\n<div style='text-align:center' class='yasr-auto-insert-visitor'><!--Yasr Visitor Votes Shortcode--><div id='yasr_visitor_votes_698605af3176b' class='yasr-visitor-votes'><div class=\"yasr-custom-text-vv-before yasr-custom-text-vv-before-14568\">\u00a1Haz clic para puntuar esta entrada!<\/div><div id='yasr-vv-second-row-container-698605af3176b'\r\n                                        class='yasr-vv-second-row-container'><div id='yasr-visitor-votes-rater-698605af3176b'\r\n                                      class='yasr-rater-stars-vv'\r\n                                      data-rater-postid='14568'\r\n                                      data-rating='0'\r\n                                      data-rater-starsize='32'\r\n                                      data-rater-readonly='false'\r\n                                      data-rater-nonce='4d05b5a2cb'\r\n                                      data-issingular='false'\r\n                                    ><\/div><div class=\"yasr-vv-stats-text-container\" id=\"yasr-vv-stats-text-container-698605af3176b\"><svg xmlns=\"https:\/\/www.w3.org\/2000\/svg\" width=\"20\" height=\"20\"\r\n                                   class=\"yasr-dashicons-visitor-stats\"\r\n                                   data-postid=\"14568\"\r\n                                   id=\"yasr-stats-dashicon-698605af3176b\">\r\n                                   <path d=\"M18 18v-16h-4v16h4zM12 18v-11h-4v11h4zM6 18v-8h-4v8h4z\"><\/path>\r\n                               <\/svg><span id=\"yasr-vv-text-container-698605af3176b\" class=\"yasr-vv-text-container\"> (Votos: <span id=\"yasr-vv-votes-number-container-698605af3176b\">0<\/span>  Promedio: <span id=\"yasr-vv-average-container-698605af3176b\">0<\/span>)<\/span><\/div><div id='yasr-vv-loader-698605af3176b' class='yasr-vv-container-loader'><\/div><\/div><div id='yasr-vv-bottom-container-698605af3176b'\r\n                              class='yasr-vv-bottom-container'\r\n                              style='display:none'><\/div><\/div><!--End Yasr Visitor Votes Shortcode--><\/div>","protected":false},"excerpt":{"rendered":"<p> La dependencia es una dura realidad. Las comunidades aut\u00f3nomas se encargan de la ayuda a la dependencia. Hoy hablamos de esta prestaci\u00f3n en Arag\u00f3n<\/p>\n","protected":false},"author":10,"featured_media":14585,"comment_status":"open","ping_status":"open","sticky":false,"template":"","format":"standard","meta":{"yasr_overall_rating":0,"yasr_post_is_review":"","yasr_auto_insert_disabled":"","yasr_review_type":"","footnotes":""},"categories":[387,951],"tags":[1310,1309,1308,781,449],"class_list":["post-14568","post","type-post","status-publish","format-standard","has-post-thumbnail","hentry","category-ayudas","category-leyes","tag-aragon","tag-ayuda-a-la-dependencia-en-aragon","tag-ayudas-y-subvenciones","tag-dependencia","tag-ley-de-dependencia"],"yasr_visitor_votes":{"stars_attributes":{"read_only":false,"span_bottom":false},"number_of_votes":0,"sum_votes":0},"_links":{"self":[{"href":"https:\/\/miresi.es\/blog\/wp-json\/wp\/v2\/posts\/14568","targetHints":{"allow":["GET"]}}],"collection":[{"href":"https:\/\/miresi.es\/blog\/wp-json\/wp\/v2\/posts"}],"about":[{"href":"https:\/\/miresi.es\/blog\/wp-json\/wp\/v2\/types\/post"}],"author":[{"embeddable":true,"href":"https:\/\/miresi.es\/blog\/wp-json\/wp\/v2\/users\/10"}],"replies":[{"embeddable":true,"href":"https:\/\/miresi.es\/blog\/wp-json\/wp\/v2\/comments?post=14568"}],"version-history":[{"count":8,"href":"https:\/\/miresi.es\/blog\/wp-json\/wp\/v2\/posts\/14568\/revisions"}],"predecessor-version":[{"id":23927,"href":"https:\/\/miresi.es\/blog\/wp-json\/wp\/v2\/posts\/14568\/revisions\/23927"}],"wp:featuredmedia":[{"embeddable":true,"href":"https:\/\/miresi.es\/blog\/wp-json\/wp\/v2\/media\/14585"}],"wp:attachment":[{"href":"https:\/\/miresi.es\/blog\/wp-json\/wp\/v2\/media?parent=14568"}],"wp:term":[{"taxonomy":"category","embeddable":true,"href":"https:\/\/miresi.es\/blog\/wp-json\/wp\/v2\/categories?post=14568"},{"taxonomy":"post_tag","embeddable":true,"href":"https:\/\/miresi.es\/blog\/wp-json\/wp\/v2\/tags?post=14568"}],"curies":[{"name":"wp","href":"https:\/\/api.w.org\/{rel}","templated":true}]}}