{"id":14641,"date":"2022-04-25T12:34:08","date_gmt":"2022-04-25T11:34:08","guid":{"rendered":"https:\/\/miresi.es\/blog\/?p=14641"},"modified":"2026-04-23T18:08:40","modified_gmt":"2026-04-23T17:08:40","slug":"medicamentos-para-la-memoria-en-ancianos","status":"publish","type":"post","link":"https:\/\/miresi.es\/blog\/medicamentos-para-la-memoria-en-ancianos\/","title":{"rendered":"Medicamentos para la Memoria en Ancianos"},"content":{"rendered":"\n<p>Existen m\u00faltiples <strong>medicamentos para la memoria en ancianos<\/strong>. El <strong>deterioro cognitivo<\/strong> es com\u00fan en el <strong>envejecimiento<\/strong>, haciendo que capacidades como la memoria puedan verse perjudicadas. Ya sea por un deterioro cognitivo propio del envejecimiento o por una enfermedad degenerativa como Alzheimer o Parkinson, hay diferentes f\u00e1rmacos para distintos tipos de problemas de memoria. Te contamos todo lo que necesitas saber sobre los medicamentos para la memoria en ancianos.\u00a0<\/p>\n\n\n\n<div class=\"wp-block-buttons is-content-justification-center is-layout-flex wp-container-core-buttons-is-layout-16018d1d wp-block-buttons-is-layout-flex\">\n<div class=\"wp-block-button\"><a href=\"https:\/\/miresi.es\/buscador\/\"  rel=\"noreferrer noopener\"  rel=\"noreferrer noopener\">recibe atenci\u00f3n personalizada y gratuita<\/a><\/div>\n<\/div>\n\n\n\n<div style=\"height:30px\" aria-hidden=\"true\" class=\"wp-block-spacer\"><\/div>\n\n\n\n<h2 class=\"wp-block-heading\"><strong>1. \u00bfQu\u00e9 necesitas saber sobre medicamentos para la memoria en ancianos?<\/strong><\/h2>\n\n\n\n<p>Los medicamentos para la memoria en ancianos presentan diversos compuestos y usos. Conocerlos, estar al tanto de tu estado de salud y hablar con tu profesional sanitario ayudar\u00e1n a escoger el medicamento m\u00e1s adecuado para la memoria de cada persona mayor.\u00a0<\/p>\n\n\n\n<p>Cabe destacar que los medicamentos para la memoria cumplen con caracter\u00edsticas especiales en los casos de pacientes con <strong>enfermedades degenerativas<\/strong>. El <strong>Alzheimer<\/strong>, por ejemplo, es una enfermedad que no tiene cura conocida. Los f\u00e1rmacos que se administran en su tratamiento ayudan a paliar los s\u00edntomas, entre ellos los problemas de memoria, pero no pueden curar ni revertir el Alzheimer.<\/p>\n\n\n\n<figure class=\"wp-block-image size-large\"><img decoding=\"async\" width=\"1024\" height=\"683\" src=\"https:\/\/miresi.es\/blog\/wp-content\/uploads\/2022\/04\/an-elderly-man-and-woman-are-looking-at-family-pho-2021-09-03-03-04-18-utc-1-1024x683.jpg\" alt=\"medicamentos para la memoria en ancianos recuerdos\" class=\"wp-image-14649\" srcset=\"https:\/\/miresiblog.imgix.net\/uploads\/2022\/04\/an-elderly-man-and-woman-are-looking-at-family-pho-2021-09-03-03-04-18-utc-1-scaled.jpg?auto=format%2Ccompress&fit=crop&h=683&ixlib=php-3.3.0&w=1024&s=350c193ea6ff689ade937ef69eb8d485 1024w, https:\/\/miresiblog.imgix.net\/uploads\/2022\/04\/an-elderly-man-and-woman-are-looking-at-family-pho-2021-09-03-03-04-18-utc-1-scaled.jpg?auto=format%2Ccompress&fit=crop&h=200&ixlib=php-3.3.0&w=300&s=b244a2c2a4229c83ff5c9b6d7e949a03 300w, https:\/\/miresiblog.imgix.net\/uploads\/2022\/04\/an-elderly-man-and-woman-are-looking-at-family-pho-2021-09-03-03-04-18-utc-1-scaled.jpg?auto=format%2Ccompress&fit=crop&h=512&ixlib=php-3.3.0&w=768&s=5abe5b804ed94f9cc0db13789190f091 768w, https:\/\/miresiblog.imgix.net\/uploads\/2022\/04\/an-elderly-man-and-woman-are-looking-at-family-pho-2021-09-03-03-04-18-utc-1-scaled.jpg?auto=format%2Ccompress&fit=crop&h=1024&ixlib=php-3.3.0&w=1536&s=cd077e2e9020361c06963705c599f866 1536w, https:\/\/miresiblog.imgix.net\/uploads\/2022\/04\/an-elderly-man-and-woman-are-looking-at-family-pho-2021-09-03-03-04-18-utc-1-scaled.jpg?auto=format%2Ccompress&fit=crop&h=1365&ixlib=php-3.3.0&w=2048&s=285858f290c8c74d5c8e3d385c493b74 2048w, https:\/\/miresiblog.imgix.net\/uploads\/2022\/04\/an-elderly-man-and-woman-are-looking-at-family-pho-2021-09-03-03-04-18-utc-1-scaled.jpg?auto=format%2Ccompress&fit=crop&h=240&ixlib=php-3.3.0&w=360&s=46905d1303c231fd8db08a30cf0f336c 360w, https:\/\/miresiblog.imgix.net\/uploads\/2022\/04\/an-elderly-man-and-woman-are-looking-at-family-pho-2021-09-03-03-04-18-utc-1-scaled.jpg?auto=format%2Ccompress&ixlib=php-3.3.0&w=900&s=2f87fcfbe6a15b1d2e3e42e6c512b2b7 900w\" sizes=\"(max-width: 1024px) 100vw, 1024px\" \/><figcaption class=\"wp-element-caption\">Los medicamentos para la memoria en ancianos pueden ayudarte a conservar tus recuerdos.<\/figcaption><\/figure>\n\n\n\n<p>Que no puedan curar la enfermedad no significa que no puedan mejorar ciertos s\u00edntomas. Los f\u00e1rmacos recetados en casos de demencia y Alzheimer consiguen <strong>mejorar las capacidades de memoria<\/strong>, <strong>juicio<\/strong> y <strong>habla<\/strong>. Aunque mejoren el estado cognitivo del paciente, hay que ser realistas. La mejora ser\u00e1 peque\u00f1a y al tratarse de una enfermedad degenerativa, el da\u00f1o cognitivo seguir\u00e1 progresando. El estado cognitivo del paciente mejora al recibir ciertos medicamentos, pero un a\u00f1o despu\u00e9s puede estar incluso peor que antes de recibir el tratamiento debido al avance de la enfermedad.<\/p>\n\n\n\n<h2 class=\"wp-block-heading\">2. Medicamentos para la memoria en ancianos con Alzheimer o demencia<\/h2>\n\n\n\n<p>En casos de enfermedades neurodegenerativas, el uso de medicamentos para la memoria est\u00e1 ampliamente extendido. En etapas leves y moderadas de Alzheimer o demencia, los f\u00e1rmacos m\u00e1s utilizados en tratamientos para la memoria son la <strong>galantamina<\/strong>, la <strong>rivastigmina<\/strong> y el <strong>donepezilo<\/strong>.\u00a0<\/p>\n\n\n\n<p>Cuando la enfermedad se encuentra en un estado avanzado o severo, puede haber cambios de medicaci\u00f3n. Los f\u00e1rmacos mencionados anteriormente en ocasiones se siguen usando en las etapas siguientes de la enfermedad, aunque tambi\u00e9n suele a\u00f1adirse la <strong>memantina<\/strong> al tratamiento.\u00a0<\/p>\n\n\n\n<p>En etapas avanzadas de Alzheimer pueden incluso combinarse varios de estos medicamentos para aumentar su efecto. Tambi\u00e9n es com\u00fan que se administren otros f\u00e1rmacos no relacionados con la memoria. La demencia y el Alzheimer pueden causar estados depresivos, de angustia o de ansiedad. Siempre y cuando el estado del paciente lo permita y su m\u00e9dico lo recomiende, medicamentos como los antidepresivos, ansiol\u00edticos o antipsic\u00f3ticos pueden mejorar la calidad de vida de las personas mayores con demencia.<\/p>\n\n\n\n<h2 class=\"wp-block-heading\">3. Suplementos y medicamentos para la memoria en ancianos<\/h2>\n\n\n\n<p>En casos m\u00e1s leves de problemas de memoria en personas mayores, existen suplementos y f\u00e1rmacos que pueden resultar efectivos. Uno de los compuestos m\u00e1s eficaces para tratar las p\u00e9rdidas de memoria es el <strong>omega 3<\/strong>. Este compuesto es un \u00e1cido graso que se encuentra presente en <strong>pescados azules<\/strong> en alta proporci\u00f3n, as\u00ed como en el <strong>marisco<\/strong>, las <strong>nueces<\/strong> o el <strong>aceite de soja<\/strong>.<\/p>\n\n\n\n<p>Podemos incrementar la cantidad que ingerimos de omega 3 incluyendo estos alimentos a nuestra dieta o a\u00f1adiendo suplementos alimentarios con fuerte presencia de este \u00e1cido graso tan beneficioso. Productos como <a href=\"https:\/\/www.neuralex.es\/?gclid=CjwKCAjwjZmTBhB4EiwAynRmDzvqLtB_lt3l59aMcAIbP3JEsbftVpmJGOHUiFsgptcx-270aiwLvRoCBjQQAvD_BwE\"  target=\"_blank\" rel=\"external nofollow\"  target=\"_blank\" rel=\"noreferrer noopener nofollow\"  class=\"wp-links-icon\">Neuralex<\/a> cuentan con f\u00f3rmulas ideales para mejorar el funcionamiento cognitivo y la memoria de peque\u00f1os y mayores.\u00a0<\/p>\n\n\n\n<p>Adem\u00e1s del omega 3, hay otros principios activos presentes en remedios para la memoria que han demostrado su eficacia. El <strong><em>Ginkgo biloba<\/em><\/strong> o el <strong><em>Panax ginseng<\/em><\/strong> son plantas medicinales muy \u00fatiles en la mejora cognitiva. Su mecanismo de acci\u00f3n favorece el flujo sangu\u00edneo al cerebro, mejorando la circulaci\u00f3n y las capacidades cognitivas.\u00a0<\/p>\n\n\n\n<p>Estos compuestos vegetales se encuentran disponibles en diversas formas. Desde suplementos alimenticios hasta productos vegetales en su estado natural pueden conseguirse en diet\u00e9ticas y herbolarios para disfrutar de las ventajas del ginkgo y el ginseng en nuestra memoria.<\/p>\n\n\n\n<p>Otro remedio potencial a los problemas de memoria es la <strong>jalea real<\/strong>. Esta sustancia producida por las abejas se usa para alimentar a las larvas y a la abeja reina por su alto valor nutritivo. No es de extra\u00f1ar que sus numerosas vitaminas hayan llamado la atenci\u00f3n de la diet\u00e9tica y a d\u00eda de hoy se comercializan gran cantidad de suplementos alimenticios con jalea real.<\/p>\n\n\n\n<figure class=\"wp-block-image size-large\"><img decoding=\"async\" width=\"1024\" height=\"682\" src=\"https:\/\/miresi.es\/blog\/wp-content\/uploads\/2022\/04\/beekeeper-working-collect-honey-2022-03-04-06-26-59-utc-1-1024x682.jpg\" alt=\"medicamentos para la memoria en personas mayores abeja\" class=\"wp-image-14652\" srcset=\"https:\/\/miresiblog.imgix.net\/uploads\/2022\/04\/beekeeper-working-collect-honey-2022-03-04-06-26-59-utc-1-scaled.jpg?auto=format%2Ccompress&fit=crop&h=682&ixlib=php-3.3.0&w=1024&s=4fba3e68dc76db02d4cd539afc1a5a8c 1024w, https:\/\/miresiblog.imgix.net\/uploads\/2022\/04\/beekeeper-working-collect-honey-2022-03-04-06-26-59-utc-1-scaled.jpg?auto=format%2Ccompress&fit=crop&h=200&ixlib=php-3.3.0&w=300&s=4d54374cca657d4e7fd4dfbb0c341e82 300w, https:\/\/miresiblog.imgix.net\/uploads\/2022\/04\/beekeeper-working-collect-honey-2022-03-04-06-26-59-utc-1-scaled.jpg?auto=format%2Ccompress&fit=crop&h=511&ixlib=php-3.3.0&w=768&s=3380c3ad2658ae563f7dfa58b275d493 768w, https:\/\/miresiblog.imgix.net\/uploads\/2022\/04\/beekeeper-working-collect-honey-2022-03-04-06-26-59-utc-1-scaled.jpg?auto=format%2Ccompress&fit=crop&h=1022&ixlib=php-3.3.0&w=1536&s=478ca5e2fd8bb26aba119a97373feb40 1536w, https:\/\/miresiblog.imgix.net\/uploads\/2022\/04\/beekeeper-working-collect-honey-2022-03-04-06-26-59-utc-1-scaled.jpg?auto=format%2Ccompress&fit=crop&h=1363&ixlib=php-3.3.0&w=2048&s=4ece904ba53981e4be043a200e93bca1 2048w, https:\/\/miresiblog.imgix.net\/uploads\/2022\/04\/beekeeper-working-collect-honey-2022-03-04-06-26-59-utc-1-scaled.jpg?auto=format%2Ccompress&fit=crop&h=240&ixlib=php-3.3.0&w=360&s=81a07a84d8c6aacd77453e337f6fd708 360w, https:\/\/miresiblog.imgix.net\/uploads\/2022\/04\/beekeeper-working-collect-honey-2022-03-04-06-26-59-utc-1-scaled.jpg?auto=format%2Ccompress&ixlib=php-3.3.0&w=901&s=3ac124d57b0f47ef351ff73b7ea5f431 901w\" sizes=\"(max-width: 1024px) 100vw, 1024px\" \/><figcaption class=\"wp-element-caption\">El trabajo incansable de las abejas produce jalea real, un potente aliado contra las p\u00e9rdidas de memoria.<\/figcaption><\/figure>\n\n\n\n<p>Una<strong> dieta equilibrada<\/strong> es un factor clave para un correcto funcionamiento cognitivo, especialmente la memoria. Las <a href=\"https:\/\/miresi.es\/blog\/envejecer-mejor-vitaminas-para-personas-mayores-de-80-anos\/\"  target=\"_blank\" rel=\"noreferrer noopener\"  target=\"_blank\" rel=\"noreferrer noopener\">vitaminas<\/a> para personas mayores suponen una ayuda extra para su salud y su memoria. Ya sea cuidando su nutrici\u00f3n o potenciando sus valores nutritivos con suplementos alimenticios, esta es una de las claves para mantenerse sanos.\u00a0<\/p>\n\n\n\n<p>Recomendamos consultar con expertos en nutrici\u00f3n y salud antes de empezar cualquier pauta farmacol\u00f3gica, ya sea con tu m\u00e9dico o nutricionista de confianza. La persona que te asesore debe conocer tu historial cl\u00ednico, los medicamentos que est\u00e9s tomando y estar al tanto de tu dieta y estilo de vida. De esta forma los expertos pueden recomendarte el tratamiento que mejor se adapte a ti y a los tuyos.<\/p>\n\n\n\n<div class=\"wp-block-buttons is-content-justification-center is-layout-flex wp-container-core-buttons-is-layout-16018d1d wp-block-buttons-is-layout-flex\">\n<div class=\"wp-block-button\"><a href=\"https:\/\/miresi.es\/buscador\/\"  rel=\"noreferrer noopener\"  rel=\"noreferrer noopener\">\u00bfNecesitas ayuda?<\/a><\/div>\n<\/div>\n\n\n\n<div style=\"height:10px\" aria-hidden=\"true\" class=\"wp-block-spacer\"><\/div>\n\n\n\n<h2 class=\"wp-block-heading\">4. \u00bfQu\u00e9 hacer cuando los ancianos pierden la memoria?<\/h2>\n\n\n\n<p>Perder la memoria es una de las situaciones m\u00e1s dif\u00edciles. En ocasiones debido a patolog\u00edas como la demencia o el Alzheimer, puede llegar el caso en el que la persona afectada ya no puede desempe\u00f1ar su d\u00eda a d\u00eda con normalidad. En estos casos es especialmente importante que las personas mayores est\u00e9n bien atendidas.<\/p>\n\n\n\n<p>En miResi contamos con una <a href=\"https:\/\/miresi.es\/buscador\/\"  rel=\"noreferrer noopener\"  rel=\"noreferrer noopener\">amplia red de residencias<\/a> que pueden ofrecer atenci\u00f3n y cuidados de la mejor calidad posible a las personas mayores. Si buscas una<strong> residencia para mayores<\/strong>, has llegado al lugar indicado. Te ofrecemos atenci\u00f3n <strong>personalizada<\/strong> y <strong>gratuita<\/strong>, sin compromiso, para brindarte la ayuda que necesitas.<\/p>\n\n\n\n<p>\ud83d\udc9a \u00a1Te damos la bienvenida a miResi! \ud83d\udc9a<\/p>\n\n\n\n<div class=\"wp-block-buttons is-content-justification-center is-layout-flex wp-container-core-buttons-is-layout-16018d1d wp-block-buttons-is-layout-flex\">\n<div class=\"wp-block-button\"><a href=\"https:\/\/miresi.es\/buscador\/\"  rel=\"noreferrer noopener\"  rel=\"noreferrer noopener\">encuentra tu residencia ideal<\/a><\/div>\n<\/div>\n<div style='text-align:center' class='yasr-auto-insert-visitor'><!--Yasr Visitor Votes Shortcode--><div id='yasr_visitor_votes_69bf9e7514c52' class='yasr-visitor-votes'><div class=\"yasr-custom-text-vv-before yasr-custom-text-vv-before-14641\">\u00a1Haz clic para puntuar esta entrada!<\/div><div id='yasr-vv-second-row-container-69bf9e7514c52'\r\n                                        class='yasr-vv-second-row-container'><div id='yasr-visitor-votes-rater-69bf9e7514c52'\r\n                                      class='yasr-rater-stars-vv'\r\n                                      data-rater-postid='14641'\r\n                                      data-rating='4'\r\n                                      data-rater-starsize='32'\r\n                                      data-rater-readonly='false'\r\n                                      data-rater-nonce='4d05b5a2cb'\r\n                                      data-issingular='false'\r\n                                    ><\/div><div class=\"yasr-vv-stats-text-container\" id=\"yasr-vv-stats-text-container-69bf9e7514c52\"><svg xmlns=\"https:\/\/www.w3.org\/2000\/svg\" width=\"20\" height=\"20\"\r\n                                   class=\"yasr-dashicons-visitor-stats\"\r\n                                   data-postid=\"14641\"\r\n                                   id=\"yasr-stats-dashicon-69bf9e7514c52\">\r\n                                   <path d=\"M18 18v-16h-4v16h4zM12 18v-11h-4v11h4zM6 18v-8h-4v8h4z\"><\/path>\r\n                               <\/svg><span id=\"yasr-vv-text-container-69bf9e7514c52\" class=\"yasr-vv-text-container\"> (Votos: <span id=\"yasr-vv-votes-number-container-69bf9e7514c52\">1<\/span>  Promedio: <span id=\"yasr-vv-average-container-69bf9e7514c52\">4<\/span>)<\/span><\/div><div id='yasr-vv-loader-69bf9e7514c52' class='yasr-vv-container-loader'><\/div><\/div><div id='yasr-vv-bottom-container-69bf9e7514c52'\r\n                              class='yasr-vv-bottom-container'\r\n                              style='display:none'><\/div><\/div><!--End Yasr Visitor Votes Shortcode--><\/div>","protected":false},"excerpt":{"rendered":"<p>Existen m\u00faltiples medicamentos para la memoria en ancianos. El deterioro cognitivo es com\u00fan en el envejecimiento, haciendo que la memoria pueda verse afectada.<\/p>\n","protected":false},"author":6,"featured_media":14643,"comment_status":"open","ping_status":"open","sticky":false,"template":"","format":"standard","meta":{"yasr_overall_rating":0,"yasr_post_is_review":"","yasr_auto_insert_disabled":"","yasr_review_type":"","footnotes":""},"categories":[1468,382,380],"tags":[77,458,1190,872],"class_list":["post-14641","post","type-post","status-publish","format-standard","has-post-thumbnail","hentry","category-medicamentos","category-memoria","category-nutricion","tag-cuidado-de-personas-mayores","tag-memoria-en-personas-mayores","tag-suplementos-nutricionales","tag-tratamiento-farmacologico"],"yasr_visitor_votes":{"stars_attributes":{"read_only":false,"span_bottom":false},"number_of_votes":1,"sum_votes":4},"_links":{"self":[{"href":"https:\/\/miresi.es\/blog\/wp-json\/wp\/v2\/posts\/14641","targetHints":{"allow":["GET"]}}],"collection":[{"href":"https:\/\/miresi.es\/blog\/wp-json\/wp\/v2\/posts"}],"about":[{"href":"https:\/\/miresi.es\/blog\/wp-json\/wp\/v2\/types\/post"}],"author":[{"embeddable":true,"href":"https:\/\/miresi.es\/blog\/wp-json\/wp\/v2\/users\/6"}],"replies":[{"embeddable":true,"href":"https:\/\/miresi.es\/blog\/wp-json\/wp\/v2\/comments?post=14641"}],"version-history":[{"count":13,"href":"https:\/\/miresi.es\/blog\/wp-json\/wp\/v2\/posts\/14641\/revisions"}],"predecessor-version":[{"id":24719,"href":"https:\/\/miresi.es\/blog\/wp-json\/wp\/v2\/posts\/14641\/revisions\/24719"}],"wp:featuredmedia":[{"embeddable":true,"href":"https:\/\/miresi.es\/blog\/wp-json\/wp\/v2\/media\/14643"}],"wp:attachment":[{"href":"https:\/\/miresi.es\/blog\/wp-json\/wp\/v2\/media?parent=14641"}],"wp:term":[{"taxonomy":"category","embeddable":true,"href":"https:\/\/miresi.es\/blog\/wp-json\/wp\/v2\/categories?post=14641"},{"taxonomy":"post_tag","embeddable":true,"href":"https:\/\/miresi.es\/blog\/wp-json\/wp\/v2\/tags?post=14641"}],"curies":[{"name":"wp","href":"https:\/\/api.w.org\/{rel}","templated":true}]}}