{"id":14701,"date":"2022-04-27T11:59:28","date_gmt":"2022-04-27T10:59:28","guid":{"rendered":"https:\/\/miresi.es\/blog\/?p=14701"},"modified":"2026-04-23T18:08:33","modified_gmt":"2026-04-23T17:08:33","slug":"ropa-adaptada-para-personas-mayores","status":"publish","type":"post","link":"https:\/\/miresi.es\/blog\/ropa-adaptada-para-personas-mayores\/","title":{"rendered":"Consigue Mayor Flexibilidad en Tu Vida con la Ropa Adaptada para Personas Mayores"},"content":{"rendered":"\n<p>La <strong>ropa adaptada para personas mayores dependientes <\/strong>se vuelve indispensable una vez que el mayor ha alcanzado tal grado de dependencia y deterioro que precisa hasta de vestimenta especial para poder desenvolverse con normalidad en su d\u00eda a d\u00eda.\u00a0<\/p>\n\n\n\n<p>Adem\u00e1s de ser c\u00f3moda, esta ropa debe ser tambi\u00e9n pr\u00e1ctica y funcional. Cada una de las diferentes prendas tiene que estar elaborada con el prop\u00f3sito de responder a una necesidad en particular. Si quieres saber c\u00f3mo mejora la calidad de vida en la vejez el uso de la ropa adaptada para personas mayores, <strong>\u00a1no te pierdas este art\u00edculo!<\/strong><\/p>\n\n\n\n<div class=\"wp-block-buttons is-content-justification-center is-layout-flex wp-container-core-buttons-is-layout-16018d1d wp-block-buttons-is-layout-flex\">\n<div class=\"wp-block-button\"><a href=\"https:\/\/miresi.es\/buscador\/\"  rel=\"noreferrer noopener\"  rel=\"noreferrer noopener\">solicita tu plaza<\/a><\/div>\n<\/div>\n\n\n\n<div style=\"height:10px\" aria-hidden=\"true\" class=\"wp-block-spacer\"><\/div>\n\n\n\n<h2 class=\"wp-block-heading\">1. \u00bfQu\u00e9 es la ropa adaptada para personas mayores dependientes?<\/h2>\n\n\n\n<p>La ropa adaptada para personas mayores dependientes est\u00e1 formada por toda aquella <strong>vestimenta ideada, dise\u00f1ada y confeccionada teniendo en mente<\/strong>, en todo momento, <strong>a los ancianos que han perdido gran parte de su autonom\u00eda<\/strong> debido a enfermedades incapacitantes o, simplemente, por el deterioro de sus funciones motoras o corporales.<\/p>\n\n\n\n<p>Las propiedades de la tela de las diferentes indumentarias var\u00edan en funci\u00f3n del prop\u00f3sito que pretende impulsar:\u00a0<\/p>\n\n\n\n<p>En primer lugar, encontramos que <strong>esta ropa est\u00e1 destinada a facilitar el movimiento, mediante ropa flexible y ligera<\/strong> que permita mover las distintas extremidades con el m\u00ednimo esfuerzo. Esto permitir\u00e1 al mayor vestirse y desvestirse con soltura, sin la necesidad, en la mayor\u00eda de los casos, de recurrir a la ayuda de terceras personas.<\/p>\n\n\n\n<p>Pero, adem\u00e1s, persigue corregir la disfunci\u00f3n de ciertos \u00f3rganos, como por ejemplo la vejiga. El ejemplo m\u00e1s relevante lo encontramos, entonces, en los atuendos empapadores para la incontinencia urinaria, previniendo la aparici\u00f3n de una potencial infecci\u00f3n de orina.<\/p>\n\n\n\n<div class=\"wp-block-image\"><figure class=\"aligncenter size-large\"><img decoding=\"async\" width=\"1024\" height=\"683\" src=\"https:\/\/miresi.es\/blog\/wp-content\/uploads\/2022\/04\/clothes-hang-on-a-shelf-in-a-designer-clothes-stor-2021-08-26-17-11-19-utc-1024x683.jpg\" alt=\"ropa adaptada para personas mayores\" class=\"wp-image-14778\" srcset=\"https:\/\/miresiblog.imgix.net\/uploads\/2022\/04\/clothes-hang-on-a-shelf-in-a-designer-clothes-stor-2021-08-26-17-11-19-utc-scaled.jpg?auto=format%2Ccompress&fit=crop&h=683&ixlib=php-3.3.0&w=1024&s=e1af886221f162b3af368ce40d300516 1024w, https:\/\/miresiblog.imgix.net\/uploads\/2022\/04\/clothes-hang-on-a-shelf-in-a-designer-clothes-stor-2021-08-26-17-11-19-utc-scaled.jpg?auto=format%2Ccompress&fit=crop&h=200&ixlib=php-3.3.0&w=300&s=41c83b9c7b47ba9acce5c43c616eac4c 300w, https:\/\/miresiblog.imgix.net\/uploads\/2022\/04\/clothes-hang-on-a-shelf-in-a-designer-clothes-stor-2021-08-26-17-11-19-utc-scaled.jpg?auto=format%2Ccompress&fit=crop&h=512&ixlib=php-3.3.0&w=768&s=4049f36e8d6500a20490381fb396fe32 768w, https:\/\/miresiblog.imgix.net\/uploads\/2022\/04\/clothes-hang-on-a-shelf-in-a-designer-clothes-stor-2021-08-26-17-11-19-utc-scaled.jpg?auto=format%2Ccompress&fit=crop&h=1024&ixlib=php-3.3.0&w=1536&s=dda92936922222a755f30d448d77659f 1536w, https:\/\/miresiblog.imgix.net\/uploads\/2022\/04\/clothes-hang-on-a-shelf-in-a-designer-clothes-stor-2021-08-26-17-11-19-utc-scaled.jpg?auto=format%2Ccompress&fit=crop&h=1365&ixlib=php-3.3.0&w=2048&s=3787e50d33104a9dee5ed47f73062bf0 2048w, https:\/\/miresiblog.imgix.net\/uploads\/2022\/04\/clothes-hang-on-a-shelf-in-a-designer-clothes-stor-2021-08-26-17-11-19-utc-scaled.jpg?auto=format%2Ccompress&fit=crop&h=240&ixlib=php-3.3.0&w=360&s=f21c9c985291a2f29c6832d4222997e7 360w, https:\/\/miresiblog.imgix.net\/uploads\/2022\/04\/clothes-hang-on-a-shelf-in-a-designer-clothes-stor-2021-08-26-17-11-19-utc-scaled.jpg?auto=format%2Ccompress&ixlib=php-3.3.0&w=900&s=1c7c67a554cb07cff72eb7aac6fd2fe7 900w\" sizes=\"(max-width: 1024px) 100vw, 1024px\" \/><figcaption>Contrario a la creencia popular, la ropa adaptada est\u00e1 disponible en una multitud de divertidos colores y patrones.<\/figcaption><\/figure><\/div>\n\n\n\n<h2 class=\"wp-block-heading\">2. Beneficios de la ropa adaptada para personas mayores dependientes<\/h2>\n\n\n\n<p>Como en cualquier otro proceso de compra, en el que nos detenemos a ponderar las ventajas de determinados productos, es indispensable conocer con detalle los beneficios que nos reporta el bien en cuesti\u00f3n. Queremos que realmente nos allan\u00e9 el camino hacia el bienestar, tanto f\u00edsico como emocional, sobre todo en una etapa tan delicada como la vejez.<\/p>\n\n\n\n<p>Por eso, cuando se trata de ropa, que  est\u00e1 en constante contacto con nuestra piel, condicionando nuestro movimiento y, aunque parezca que no, nuestra salud en general, hay que prestarle especial atenci\u00f3n.<\/p>\n\n\n\n<p>\u00bfPor qu\u00e9 decimos esto?<strong> Los beneficios de la ropa adaptada para personas mayores dependientes est\u00e1n estrechamente ligados a las caracter\u00edsticas t\u00e9cnicas de la ropa<\/strong>, y te los explicamos a continuaci\u00f3n:<\/p>\n\n\n\n<h3 class=\"wp-block-heading\">2.1. Caracter\u00edsticas t\u00e9cnicas de la ropa<\/h3>\n\n\n\n<ul class=\"wp-block-list\"><li><strong>Ligereza: <\/strong>la ropa no deber\u00e1 pesar m\u00e1s de lo necesario, permitiendo al mayor realizar movimientos con naturalidad para poder desplazarse, agarrar objetos\u2026 Pero, ante todo, esto reducir\u00e1 su sensaci\u00f3n de cansancio y fatiga.<\/li><li><strong>Transpirabilidad: <\/strong>nuestra piel es un \u00f3rgano que necesita respirar pues, de esta manera, ayuda a liberar toxinas y eliminar bacterias. Se practique deporte o no, es indispensable que la ropa del mayor cumpla esta funci\u00f3n esencial para la buena salud de su piel.<\/li><li><strong>Anti roces: <\/strong>es una de las caracter\u00edsticas m\u00e1s importantes, pues la piel de los mayores es m\u00e1s delicada y cualquier contacto abrasivo puede provocar irritaciones, heridas o rojeces que, en el peor de los casos, pueden derivar en infecciones. Para ello, las prendas deben ser holgadas y tener costuras planas.<\/li><li><strong>Funciones espec\u00edficas: <\/strong>por \u00faltimo, la ropa adaptada sirve para combatir problemas propios de la vejez, como la incontinencia urinaria. Seg\u00fan <strong><a href=\"https:\/\/www.elfarmaceutico.es\/\"  target=\"_blank\" rel=\"external nofollow\"  target=\"_blank\" rel=\"noreferrer noopener\"  class=\"wp-links-icon\">El Farmac\u00e9utico<\/a><\/strong>, es una causa importante de \u201cincapacidad f\u00edsica y psicosocial\u201d.<\/li><\/ul>\n\n\n\n<p>Este tipo de ropa, adem\u00e1s, cuenta con el <strong>asesoramiento de fisioterapeutas y especialistas en geriatr\u00eda<\/strong> durante todo su planteamiento. Por lo tanto, cumplir\u00e1 con los est\u00e1ndares necesarios para garantizar, en todos los sentidos, el bienestar del anciano.<\/p>\n\n\n\n<div class=\"wp-block-buttons is-content-justification-center is-layout-flex wp-container-core-buttons-is-layout-16018d1d wp-block-buttons-is-layout-flex\">\n<div class=\"wp-block-button\"><a href=\"https:\/\/miresi.es\/buscador\/\"  rel=\"noreferrer noopener\"  rel=\"noreferrer noopener\">descubre las mejores residencias<\/a><\/div>\n<\/div>\n\n\n\n<h2 class=\"wp-block-heading\">3. Tipos de ropa adaptada para personas mayores dependientes<\/h2>\n\n\n\n<p>Ahora que sabes en qu\u00e9 se diferencia la ropa adaptada de la ropa normal, adem\u00e1s de conocer sus beneficios directos para los mayores que carecen de autonom\u00eda, te presentamos los distintos tipos de ropa y c\u00f3mo se integran dentro del movimiento del envejecimiento activo:\u00a0<\/p>\n\n\n\n<h3 class=\"wp-block-heading\">3.1. Camisas<\/h3>\n\n\n\n<p>La movilidad de nuestros brazos y torso resulta fundamental para poder llevar a cabo muchas de las actividades diarias.\u00a0 Por esa raz\u00f3n estas camisas, adem\u00e1s de estar <strong>fabricadas con tejidos ligeros, ser flexibles y holgadas<\/strong>, presentan una apertura por detr\u00e1s, normalmente en formato de cremallera. De esta manera, se respetan las limitaciones de las articulaciones del mayor y \u00e9ste no tiene que recurrir a movimientos bruscos.<\/p>\n\n\n\n<h3 class=\"wp-block-heading\">3.2. Pantalones<\/h3>\n\n\n\n<p>Ponerse esta prenda requiere mucho trabajo, pues implica la participaci\u00f3n de nuestras dos extremidades: piernas y brazos. Mientras que las primeras se tienen que levantar, alternativamente, para colocar cada pernera, los brazos son necesarios para tirar hacia arriba del pantal\u00f3n, una vez vestido, ajust\u00e1ndose.<\/p>\n\n\n\n<p>Teniendo en cuenta que los ancianos dependientes pueden llegar a pasar gran parte de su tiempo sentados o incluso tumbados,<strong> los pantalones adaptados son m\u00e1s flexibles y espaciosos, permitiendo la inclusi\u00f3n de un pa\u00f1al.\u00a0<\/strong><\/p>\n\n\n\n<p>Son m\u00e1s f\u00e1ciles de retirar, facilitando a los mayores con incontinencia el acceso al ba\u00f1o sin incurrir en ning\u00fan tipo de percance.<\/p>\n\n\n\n<h3 class=\"wp-block-heading\">3.3. Vestidos<\/h3>\n\n\n\n<p>Las ancianas tambi\u00e9n pueden disfrutar de prendas bonitas pero que sean pr\u00e1cticas y resulten lo menos complicadas posible, como los vestidos. Adem\u00e1s de estar disponibles en una <strong>gran variedad de patrones y dise\u00f1os<\/strong>, los vestidos adaptados, al poseer una apertura trasera, exigen el m\u00ednimo esfuerzo de los brazos, siendo \u00e9stos habitualmente afectados por la artritis.<\/p>\n\n\n\n<h3 class=\"wp-block-heading\">3.4. Pijamas<\/h3>\n\n\n\n<p><strong>Dormir bien es esencial para proteger tanto nuestra salud mental como f\u00edsica. <\/strong>Si no hemos descansado lo suficiente, adem\u00e1s de perjudicar nuestras funciones vitales e incrementar la posibilidad de desarrollar enfermedades, nuestras facultades mentales se ver\u00e1n deterioradas a lo largo del d\u00eda. Influye negativamente en la toma de decisiones, que podr\u00edan incluso poner en peligro la propia vida del mayor.<\/p>\n\n\n\n<p>Por eso, meterse en la cama con un pijama confortable, cuya apertura trasera permita la movilidad del mayor, sea para taparse o levantarse para ir al ba\u00f1o, es clave para el bienestar del anciano.<\/p>\n\n\n\n<h3 class=\"wp-block-heading\">3.5. Compresas<\/h3>\n\n\n\n<p>Por \u00faltimo, existen determinadas afecciones, como la incontinencia urinaria, que surgen como resultado de la p\u00e9rdida del control sobre el funcionamiento \u00f3rganos como la vejiga.<\/p>\n\n\n\n<p>Esta situaci\u00f3n demanda el desarrollo de productos especiales, como la ropa interior destinada a prevenir los efectos de la incontinencia, como el mal olor o la p\u00e9rdida de orina.<\/p>\n\n\n\n<p>Esta ropa est\u00e1 dise\u00f1ada para ser <strong>discreta y extremadamente c\u00f3moda<\/strong>, priorizando ante todo la <strong>transpirabilidad del tejido <\/strong>y su <strong>capacidad de absorci\u00f3n<\/strong>. El mayor podr\u00e1 desenvolverse as\u00ed, en su d\u00eda a d\u00eda, sin miedo a sentir miedo o verg\u00fcenza por lo que pueda pasar de manera involuntaria.\u00a0<\/p>\n\n\n\n<div class=\"wp-block-image\"><figure class=\"aligncenter size-large\"><img decoding=\"async\" width=\"1024\" height=\"683\" src=\"https:\/\/miresi.es\/blog\/wp-content\/uploads\/2022\/04\/tailor-measuring-lady-jacket-on-mannequin-at-fashi-2021-08-29-19-24-26-utc-1024x683.jpg\" alt=\"ropa adaptada para personas mayores\" class=\"wp-image-14785\" srcset=\"https:\/\/miresiblog.imgix.net\/uploads\/2022\/04\/tailor-measuring-lady-jacket-on-mannequin-at-fashi-2021-08-29-19-24-26-utc-scaled.jpg?auto=format%2Ccompress&fit=crop&h=683&ixlib=php-3.3.0&w=1024&s=ffebfa52ac15ac3faf2ba05113f2387c 1024w, https:\/\/miresiblog.imgix.net\/uploads\/2022\/04\/tailor-measuring-lady-jacket-on-mannequin-at-fashi-2021-08-29-19-24-26-utc-scaled.jpg?auto=format%2Ccompress&fit=crop&h=200&ixlib=php-3.3.0&w=300&s=6e819d6173db63815d57e0e70ecf075a 300w, https:\/\/miresiblog.imgix.net\/uploads\/2022\/04\/tailor-measuring-lady-jacket-on-mannequin-at-fashi-2021-08-29-19-24-26-utc-scaled.jpg?auto=format%2Ccompress&fit=crop&h=512&ixlib=php-3.3.0&w=768&s=bf043e4532137ed153c78bc06ab5aa68 768w, https:\/\/miresiblog.imgix.net\/uploads\/2022\/04\/tailor-measuring-lady-jacket-on-mannequin-at-fashi-2021-08-29-19-24-26-utc-scaled.jpg?auto=format%2Ccompress&fit=crop&h=1024&ixlib=php-3.3.0&w=1536&s=a4aab0f588aad9b6f482e0687fda12a3 1536w, https:\/\/miresiblog.imgix.net\/uploads\/2022\/04\/tailor-measuring-lady-jacket-on-mannequin-at-fashi-2021-08-29-19-24-26-utc-scaled.jpg?auto=format%2Ccompress&fit=crop&h=1365&ixlib=php-3.3.0&w=2048&s=92d644a19b97188bde061280e9fa5c8d 2048w, https:\/\/miresiblog.imgix.net\/uploads\/2022\/04\/tailor-measuring-lady-jacket-on-mannequin-at-fashi-2021-08-29-19-24-26-utc-scaled.jpg?auto=format%2Ccompress&fit=crop&h=240&ixlib=php-3.3.0&w=360&s=c84b9cba90cd7e5b0ff1910604ad419a 360w, https:\/\/miresiblog.imgix.net\/uploads\/2022\/04\/tailor-measuring-lady-jacket-on-mannequin-at-fashi-2021-08-29-19-24-26-utc-scaled.jpg?auto=format%2Ccompress&ixlib=php-3.3.0&w=900&s=a691a93edea43ef08108e7efc65d9b89 900w\" sizes=\"(max-width: 1024px) 100vw, 1024px\" \/><figcaption>El proceso de dise\u00f1o de la ropa adaptada para personas mayores cuenta con las recomendaciones de especialistas. <\/figcaption><\/figure><\/div>\n\n\n\n<p><strong>Incorporar la ropa adaptada para personas mayores dependientes es el primer paso para lograr una estabilidad satisfactoria en la vida del mayor, disminuyendo los riesgos para su salud y promoviendo su libertad individual.<\/strong><\/p>\n\n\n\n<p>No obstante, en algunos casos, esto no es suficiente. Muchos mayores se encuentran en una situaci\u00f3n de vulnerabilidad que requiere atenci\u00f3n especial permanente y cuidados m\u00e9dicos que van m\u00e1s all\u00e1 de la mera versatilidad de la ropa que se ponen encima. Las residencias de ancianos son centros especializados en la asistencia necesaria para una vida tranquila y sana.<\/p>\n\n\n\n<p>Si tu familiar tiene un gran nivel de dependencia, no dudes en ponerte en\u00a0 <a href=\"https:\/\/miresi.es\/buscador\/\"  rel=\"noreferrer noopener\"  rel=\"noreferrer noopener\"><strong>contacto<\/strong><\/a> con nosotros. <strong>Trabajamos con una amplia red de residencias en toda Espa\u00f1a y nuestro equipo de asesoramiento familiar se asegurar\u00e1 de encontrar aquella que mejor se adapte a tu mayor.<\/strong>\ud83d\udc9a\u00a0<\/p>\n\n\n\n<div class=\"wp-block-buttons is-content-justification-center is-layout-flex wp-container-core-buttons-is-layout-16018d1d wp-block-buttons-is-layout-flex\">\n<div class=\"wp-block-button\"><a href=\"https:\/\/miresi.es\/buscador\/\"  rel=\"noreferrer noopener\"  rel=\"noreferrer noopener\">pide ayuda gratuita y personalizada<\/a><\/div>\n<\/div>\n\n\n\n<p class=\"has-cyan-bluish-gray-color has-text-color\" style=\"font-size:10px\">Fuentes:<\/p>\n\n\n\n<ul class=\"has-cyan-bluish-gray-color has-text-color wp-block-list\" style=\"font-size:10px\"><li>Personas WIP:\u00a0 <a href=\"https:\/\/personaswip.com\/ropa-adaptada-1372?page=7\"  target=\"_blank\" rel=\"external nofollow\"  target=\"_blank\" rel=\"noreferrer noopener\"  class=\"wp-links-icon\">https:\/\/personaswip.com\/ropa-adaptada-1372?page=7<\/a><\/li><li>Disseny Vital: <a href=\"https:\/\/www.dissenyvital.com\/\"  target=\"_blank\" rel=\"external nofollow\"  target=\"_blank\" rel=\"noreferrer noopener\"  class=\"wp-links-icon\">https:\/\/www.dissenyvital.com\/<\/a><\/li><li>Familiados: <a href=\"https:\/\/blog.familiados.com\/ropa-adaptada-para-personas-mayores-dependientes\/\"  target=\"_blank\" rel=\"external nofollow\"  target=\"_blank\" rel=\"noreferrer noopener\"  class=\"wp-links-icon\">https:\/\/blog.familiados.com\/ropa-adaptada-para-personas-mayores-dependientes\/<\/a><\/li><li>Geriatricarea: <a href=\"https:\/\/www.geriatricarea.com\/2018\/06\/05\/ropa-adaptada-para-mayores-que-aporta-autonomia-comodidad-y-elegancia\/\"  target=\"_blank\" rel=\"external nofollow\"  target=\"_blank\" rel=\"noreferrer noopener\"  class=\"wp-links-icon\">https:\/\/www.geriatricarea.com\/2018\/06\/05\/ropa-adaptada-para-mayores-que-aporta-autonomia-comodidad-y-elegancia\/<\/a><\/li><li>Ortopedia Aeropuerto: <a href=\"https:\/\/www.ortopediaaeropuerto.com\/documentos\/Catalogo_ropa_incontinencia_alta.pdf\"  target=\"_blank\" rel=\"external nofollow\"  target=\"_blank\" rel=\"noreferrer noopener\"  class=\"wp-links-icon\">https:\/\/www.ortopediaaeropuerto.com\/documentos\/Catalogo_ropa_incontinencia_alta.pdf<\/a><\/li><\/ul>\n<div style='text-align:center' class='yasr-auto-insert-visitor'><!--Yasr Visitor Votes Shortcode--><div id='yasr_visitor_votes_8f032d3226f69' class='yasr-visitor-votes'><div class=\"yasr-custom-text-vv-before yasr-custom-text-vv-before-14701\">\u00a1Haz clic para puntuar esta entrada!<\/div><div id='yasr-vv-second-row-container-8f032d3226f69'\r\n                                        class='yasr-vv-second-row-container'><div id='yasr-visitor-votes-rater-8f032d3226f69'\r\n                                      class='yasr-rater-stars-vv'\r\n                                      data-rater-postid='14701'\r\n                                      data-rating='4.5'\r\n                                      data-rater-starsize='32'\r\n                                      data-rater-readonly='false'\r\n                                      data-rater-nonce='df9b54cd3f'\r\n                                      data-issingular='false'\r\n                                    ><\/div><div class=\"yasr-vv-stats-text-container\" id=\"yasr-vv-stats-text-container-8f032d3226f69\"><svg xmlns=\"https:\/\/www.w3.org\/2000\/svg\" width=\"20\" height=\"20\"\r\n                                   class=\"yasr-dashicons-visitor-stats\"\r\n                                   data-postid=\"14701\"\r\n                                   id=\"yasr-stats-dashicon-8f032d3226f69\">\r\n                                   <path d=\"M18 18v-16h-4v16h4zM12 18v-11h-4v11h4zM6 18v-8h-4v8h4z\"><\/path>\r\n                               <\/svg><span id=\"yasr-vv-text-container-8f032d3226f69\" class=\"yasr-vv-text-container\"> (Votos: <span id=\"yasr-vv-votes-number-container-8f032d3226f69\">2<\/span>  Promedio: <span id=\"yasr-vv-average-container-8f032d3226f69\">4.5<\/span>)<\/span><\/div><div id='yasr-vv-loader-8f032d3226f69' class='yasr-vv-container-loader'><\/div><\/div><div id='yasr-vv-bottom-container-8f032d3226f69'\r\n                              class='yasr-vv-bottom-container'\r\n                              style='display:none'><\/div><\/div><!--End Yasr Visitor Votes Shortcode--><\/div>","protected":false},"excerpt":{"rendered":"<p>\u00bfSab\u00edas que la movilidad del mayor se favorece con una indumentaria vers\u00e1til? Hoy te contamos todo sobre la ropa adaptada para personas mayores dependientes.<\/p>\n","protected":false},"author":8,"featured_media":14784,"comment_status":"open","ping_status":"open","sticky":false,"template":"","format":"standard","meta":{"yasr_overall_rating":0,"yasr_post_is_review":"","yasr_auto_insert_disabled":"","yasr_review_type":"","footnotes":""},"categories":[386,26],"tags":[1325,562,1322,1323,1324],"class_list":["post-14701","post","type-post","status-publish","format-standard","has-post-thumbnail","hentry","category-bienestar","category-envejecimiento","tag-moda-en-la-tercera-edad","tag-movilidad-en-personas-mayores","tag-ropa-adapatada","tag-ropa-adaptada-para-personas-mayores","tag-ropa-para-ancianos"],"yasr_visitor_votes":{"stars_attributes":{"read_only":false,"span_bottom":false},"number_of_votes":2,"sum_votes":9},"_links":{"self":[{"href":"https:\/\/miresi.es\/blog\/wp-json\/wp\/v2\/posts\/14701","targetHints":{"allow":["GET"]}}],"collection":[{"href":"https:\/\/miresi.es\/blog\/wp-json\/wp\/v2\/posts"}],"about":[{"href":"https:\/\/miresi.es\/blog\/wp-json\/wp\/v2\/types\/post"}],"author":[{"embeddable":true,"href":"https:\/\/miresi.es\/blog\/wp-json\/wp\/v2\/users\/8"}],"replies":[{"embeddable":true,"href":"https:\/\/miresi.es\/blog\/wp-json\/wp\/v2\/comments?post=14701"}],"version-history":[{"count":41,"href":"https:\/\/miresi.es\/blog\/wp-json\/wp\/v2\/posts\/14701\/revisions"}],"predecessor-version":[{"id":24713,"href":"https:\/\/miresi.es\/blog\/wp-json\/wp\/v2\/posts\/14701\/revisions\/24713"}],"wp:featuredmedia":[{"embeddable":true,"href":"https:\/\/miresi.es\/blog\/wp-json\/wp\/v2\/media\/14784"}],"wp:attachment":[{"href":"https:\/\/miresi.es\/blog\/wp-json\/wp\/v2\/media?parent=14701"}],"wp:term":[{"taxonomy":"category","embeddable":true,"href":"https:\/\/miresi.es\/blog\/wp-json\/wp\/v2\/categories?post=14701"},{"taxonomy":"post_tag","embeddable":true,"href":"https:\/\/miresi.es\/blog\/wp-json\/wp\/v2\/tags?post=14701"}],"curies":[{"name":"wp","href":"https:\/\/api.w.org\/{rel}","templated":true}]}}