{"id":14765,"date":"2022-04-27T11:53:34","date_gmt":"2022-04-27T10:53:34","guid":{"rendered":"https:\/\/miresi.es\/blog\/?p=14765"},"modified":"2026-04-23T18:08:34","modified_gmt":"2026-04-23T17:08:34","slug":"sindrome-del-jubilado","status":"publish","type":"post","link":"https:\/\/miresi.es\/blog\/sindrome-del-jubilado\/","title":{"rendered":"\u00bfQu\u00e9 es el Sindrome del Jubilado?"},"content":{"rendered":"\n<p>La jubilaci\u00f3n suele ser una decisi\u00f3n dif\u00edcil y un proceso de adaptaci\u00f3n que afecta a la vida del adulto mayor. <strong>La jubilaci\u00f3n resignifica la vida del adulto mayor,<\/strong> especialmente cuando el \u00e1mbito laboral ha sido parte fundamental de la <strong>identidad de esa persona.<\/strong> El <strong>Sindrome del Jubilado<\/strong> hace referencia a las dificultades que puede suponer para una persona, no solamente para el adulto mayor, este proceso vital. Hace referencia a cuando ese cambio tiene <strong>repercusi\u00f3n en la salud mental y bienestar <\/strong>de la persona que lo afronta.\u00a0\u00a0<\/p>\n\n\n\n<p>En el siguiente post te explicamos qu\u00e9 es el s\u00edndrome del jubilado y c\u00f3mo puede afectar al adulto mayor. Te contamos algunas <strong>recomendaciones <\/strong>que los expertos indican para poder afrontar esta situaci\u00f3n.<\/p>\n\n\n\n<p>En<a href=\"https:\/\/miresi.es\/blog\/como-tratar-a-una-persona-con-alzheimer\/\"  target=\"_blank\" rel=\"noreferrer noopener\"  target=\"_blank\" rel=\"noreferrer noopener\"> <\/a><strong><a href=\"https:\/\/miresi.es\/\"  target=\"_blank\" rel=\"noreferrer noopener\"  target=\"_blank\" rel=\"noreferrer noopener\">miResi<\/a><\/strong> sabemos que algunos cambios pueden condicionar de manera muy significativa la vida de las personas y de su entorno m\u00e1s cercano. Por eso te asesoramos para que, en situaciones dif\u00edciles como puede ser elegir una residencia para tu familiar, dispongas de la informaci\u00f3n que necesitas para tomar la mejor decisi\u00f3n.<\/p>\n\n\n\n<div class=\"wp-block-buttons is-layout-flex wp-block-buttons-is-layout-flex\">\n<div class=\"wp-block-button aligncenter\"><a href=\"https:\/\/miresi.es\/buscador\/\"  rel=\"noreferrer noopener\"  rel=\"noreferrer noopener\">encuentra ayuda gratuita<\/a><\/div>\n<\/div>\n\n\n\n<div style=\"height:10px\" aria-hidden=\"true\" class=\"wp-block-spacer\"><\/div>\n\n\n\n<h2 class=\"wp-block-heading\">1.\u00a0 \u00bfQu\u00e9 es el Sindrome del Jubilado?<\/h2>\n\n\n\n<p>La jubilaci\u00f3n puede ser una decisi\u00f3n y <strong>una etapa vital complicada <\/strong>para los adultos mayores. Es una nueva situaci\u00f3n que implica tener que cambiar varios aspectos de la vida del adulto mayor. Como sociedad hemos organizado gran parte de nuestro tiempo en torno al trabajo. Nuestra rutina y cotidianidad suelen estar estructuradas en torno a la productividad laboral y a las din\u00e1micas sociales y econ\u00f3micas de esta. Por eso se hace dif\u00edcil para algunos adultos mayores y cuando, finalmente llega <strong>la jubilaci\u00f3n<\/strong>, ese cambio <strong>puede afectar a su salud mental e, incluso, a su salud f\u00edsica y bienestar.<\/strong><\/p>\n\n\n\n<p>Desde El <a href=\"https:\/\/institutoclaritas.com\/tratamiento-psicoterapeutico\/psicologia-para-mayores\/sindrome-del-jubilado\/\"  target=\"_blank\" rel=\"external nofollow\"  target=\"_blank\" rel=\"noreferrer noopener\"  class=\"wp-links-icon\">Instituto Psicol\u00f3gico Claritas<\/a> explican que \u201ccuando una persona se jubila, deja atr\u00e1s una rutina diaria laboral para pasar a una rutina llena de tiempo libre. Adaptarse a ello es un reto, y en algunas ocasiones se puede encontrar dificultades. Decimos que alguien atraviesa el <strong>S\u00edndrome del Jubilado cuando no se adapta a la nueva vida<\/strong> que surge tras finalizar su vida laboral. Adem\u00e1s, las personas con este s\u00edndrome experimentan s\u00edntomas f\u00edsicos y emocionales como: insomnio, problemas digestivos y cardiovasculares, hipertensi\u00f3n, estr\u00e9s o ansiedad, depresi\u00f3n y\/o cambios en sus relaciones sociales\u201d.<\/p>\n\n\n\n<p>La jubilaci\u00f3n implica tener <strong>m\u00e1s tiempo libre que debe ser rellenado con otro estilo de vida. <\/strong>Uno distinto al que la personas llevaban hasta su jubilaci\u00f3n. Un estilo de vida que no tiene por qu\u00e9 ser menos fruct\u00edfero y del que tambi\u00e9n es importante disfrutar.<\/p>\n\n\n\n<h3 class=\"wp-block-heading\">1.1. \u00a0 Factores de riesgo<\/h3>\n\n\n\n<p>Siguiendo las orientaciones del<a href=\"https:\/\/institutoclaritas.com\/tratamiento-psicoterapeutico\/psicologia-para-mayores\/sindrome-del-jubilado\/\"  target=\"_blank\" rel=\"external nofollow\"  target=\"_blank\" rel=\"noreferrer noopener\"  class=\"wp-links-icon\"> Instituto Psicol\u00f3gico Claritas<\/a> y de<a href=\"https:\/\/itaepsicologia.com\/el-impacto-emocional-de-la-jubilacion\/\"  target=\"_blank\" rel=\"external nofollow\"  target=\"_blank\" rel=\"noreferrer noopener\"  class=\"wp-links-icon\"> Itae Psicolog\u00eda<\/a> te contamos cu\u00e1les son los factores o situaciones que pueden contribuir a sufrir el Sindrome del Jubilado:<\/p>\n\n\n\n<ul class=\"wp-block-list\"><li>Que la jubilaci\u00f3n sea una decisi\u00f3n forzada o no deseada.<\/li><li>La dificultades econ\u00f3micas, familiares o problemas relacionadas con la salud que pueda estar atravesando la personas y que condicionan sus niveles de estr\u00e9s.\u00a0\u00a0<\/li><li>Que la persona experimente sentimientos y situaciones de soledad.<\/li><li>La falta de proyectos personales, de aficiones y de proactividad. La ausencia de nuevas tareas e intereses con los que ocupar el tiempo.<\/li><li>Que las personas no puedan contar con una red de apoyo social: ya sea la familia o las personas m\u00e1s cercanas.<\/li><\/ul>\n\n\n\n<h3 class=\"wp-block-heading\">1.2. \u00a0 Consejos para afrontar el Sindrome del Jubilado<\/h3>\n\n\n\n<p>Desde el Instituto Psicol\u00f3gico Claritas tambi\u00e9n brindan una serie de <strong>consejos para ayudar a prevenir el s\u00edndrome del jubilado.<\/strong> Estos consejos pueden ser \u00fatiles para que el adulto mayor afronte esta nueva situaci\u00f3n en su vida:<\/p>\n\n\n\n<ul class=\"wp-block-list\"><li>Es importante <strong>planificar la jubilaci\u00f3n<\/strong>. Anticiparnos a la llegada del tiempo libre puede ayudar a que no sea tan impactante y se viva de manera gratificante.<\/li><li>Es importante <strong>conservar los lazos sociales. <\/strong>Continuar participando en los planes con el c\u00edrculo social para evitar el aislamiento.<\/li><li>Reorienta tu vida. La jubilaci\u00f3n puede ser un buen momento para repasar la vida y ver todo lo que se ha superado. Al ser un nuevo comienzo, es una oportunidad estupenda para <strong>plantearse nuevos retos y metas.<\/strong><\/li><li>Busca <strong>actividades <\/strong>que<strong> <\/strong>fomenten tus <strong>intereses<\/strong>.<\/li><li>Establecer una nueva rutina en tu d\u00eda en la que se dedique un tiempo a llevar a cabo experiencias que \u00fatiles y productivas.<\/li><li><strong>Evita la autoexigencia.<\/strong> Es muy importante no exigirse y aceptar que es una etapa de cambio y de adaptaci\u00f3n. Si resulta dif\u00edcil, se puede seguir intentando.<\/li><\/ul>\n\n\n<div class=\"wp-block-image\">\n<figure class=\"aligncenter size-large\"><img decoding=\"async\" width=\"1024\" height=\"512\" src=\"https:\/\/miresi.es\/blog\/wp-content\/uploads\/2022\/04\/adulto-mayor-jubilado-leyendo-el-periodico-1024x512.jpg\" alt=\"La jubilaci\u00f3n puede ser un buen momento para repasar tu vida y ver todo lo que has superado. \" class=\"wp-image-14779\" srcset=\"https:\/\/miresiblog.imgix.net\/uploads\/2022\/04\/adulto-mayor-jubilado-leyendo-el-periodico-scaled.jpg?auto=format%2Ccompress&fit=crop&h=512&ixlib=php-3.3.0&w=1024&s=76941195448c9d61d5aa29e8b1878f3e 1024w, https:\/\/miresiblog.imgix.net\/uploads\/2022\/04\/adulto-mayor-jubilado-leyendo-el-periodico-scaled.jpg?auto=format%2Ccompress&fit=crop&h=150&ixlib=php-3.3.0&w=300&s=12aaffcb1731c43ce16cccef5c60cb44 300w, https:\/\/miresiblog.imgix.net\/uploads\/2022\/04\/adulto-mayor-jubilado-leyendo-el-periodico-scaled.jpg?auto=format%2Ccompress&fit=crop&h=384&ixlib=php-3.3.0&w=768&s=a00f40e87151afc76007e2f91fe72269 768w, https:\/\/miresiblog.imgix.net\/uploads\/2022\/04\/adulto-mayor-jubilado-leyendo-el-periodico-scaled.jpg?auto=format%2Ccompress&fit=crop&h=768&ixlib=php-3.3.0&w=1536&s=a9c5f8cf5a9c210d3cdba5cba910c055 1536w, https:\/\/miresiblog.imgix.net\/uploads\/2022\/04\/adulto-mayor-jubilado-leyendo-el-periodico-scaled.jpg?auto=format%2Ccompress&fit=crop&h=1024&ixlib=php-3.3.0&w=2048&s=7bcf9bd9bb221f4967bf6f9ab8758f72 2048w, https:\/\/miresiblog.imgix.net\/uploads\/2022\/04\/adulto-mayor-jubilado-leyendo-el-periodico-scaled.jpg?auto=format%2Ccompress&fit=crop&h=180&ixlib=php-3.3.0&w=360&s=d7c834c7a726b9dd302ba492018b2f3a 360w, https:\/\/miresiblog.imgix.net\/uploads\/2022\/04\/adulto-mayor-jubilado-leyendo-el-periodico-scaled.jpg?auto=format%2Ccompress&ixlib=php-3.3.0&w=1200&s=8b8f1ad40161a8f62cc9bb9f9d15eb65 1200w\" sizes=\"(max-width: 1024px) 100vw, 1024px\" \/><figcaption>La jubilaci\u00f3n puede ser un buen momento para repasar tu vida y ver todo lo que has superado<\/figcaption><\/figure>\n<\/div>\n\n\n<h2 class=\"wp-block-heading\">2\u00a0 \u00bfC\u00f3mo afecta la jubilaci\u00f3n al adulto mayor?<\/h2>\n\n\n\n<p><strong>La jubilaci\u00f3n implica un cambio de rol<\/strong> para la persona que se jubila. Muchas veces al adulto mayor le cuesta mucho aceptar este cambio en su vida y puede llegar a sufrir el Sindrome del Jubilado. \u00bfPor qu\u00e9 le cuesta aceptar el cambio? Generalmente porque ha entendido la labor que ha estado desempe\u00f1ando, su trabajo, como <strong>su sello de identidad<\/strong>. Es como si al dejar de trabajar, al dejar de desempe\u00f1ar ese rol al que se ha dedicado durante a\u00f1os, de alguna manera dejara de ser \u00e9l mismo o ella misma.<\/p>\n\n\n\n<p>Como indican desde<a href=\"https:\/\/itaepsicologia.com\/el-impacto-emocional-de-la-jubilacion\/\"  target=\"_blank\" rel=\"external nofollow\"  target=\"_blank\" rel=\"noreferrer noopener\"  class=\"wp-links-icon\"> Itae Psicolog\u00eda<\/a> <strong>\u201cla jubilaci\u00f3n es uno de los eventos vitales que m\u00e1s afectan en la vida de una persona<\/strong> ya que de repente la persona sufre una alteraci\u00f3n de sus rutinas diarias. Pasa de llevar una vida activa y organizada, levant\u00e1ndose a una hora determinada y teniendo unos objetivos al d\u00eda ya marcados de forma preestablecida, a no tener ninguna obligaci\u00f3n laboral, ning\u00fan horario marcado y pudiendo tener un excesivo tiempo libre disponible a lo largo del d\u00eda\u201d. Ese cambio <strong>puede afectar en la salud mental del adulto mayor que se jubila.<\/strong> Por supuesto, tambi\u00e9n a aquellas personas que por otras razones tienen que prejubilarse.<\/p>\n\n\n\n<h3 class=\"wp-block-heading\">2.1. Efectos psicol\u00f3gicos de la jubilaci\u00f3n<\/h3>\n\n\n\n<p>Desde <a href=\"https:\/\/www.cipsiapsicologos.com\/trabajo\/jubilacion\/\"  target=\"_blank\" rel=\"external nofollow\"  target=\"_blank\" rel=\"noreferrer noopener\"  class=\"wp-links-icon\">Cipsia Psic\u00f3logos<\/a> explican que el hecho de jubilarse puede ser un factor muy estresante. Socialmente hemos establecido que el trabajo define a las personas. Esa forma de entender el trabajo repercute en la manera en la que una persona se autodefine y, por tanto, <strong>puede afectar tambi\u00e9n en su autoestima.<\/strong><\/p>\n\n\n\n<p>Cuando el adulto mayor se jubila, adem\u00e1s de ese cambio de rol, se le suma la percepci\u00f3n de que est\u00e1 en los inicios de la vejez, lo cual puede incrementar ese momento de crisis vital. Esto forma parte de la vida de la persona y, aunque es un proceso natural, puede ser tratado con <strong>ayuda psicol\u00f3gica<\/strong> si se requiere.<\/p>\n\n\n\n<p>Los expertos han observado que la posible p\u00e9rdida de ingresos, alejarse del contexto social del trabajo y reducir las actividades diarias del mismo son factores que repercuten en el estado de \u00e1nimo y calidad de vida de las personas que se jubilan. <strong>La jubilaci\u00f3n<\/strong> es un <strong>proceso muy dif\u00edcil<\/strong> para aquellas personas que asumen que perder el trabajo es perder una parte fundamental de su vida. <strong>La sensaci\u00f3n de \u201cperderlo todo\u201d<\/strong> aparece especialmente en las personas que no han sabido o no han podido valorar antes de la jubilaci\u00f3n los momentos de ocio y disfrute.<\/p>\n\n\n\n<p>La soci\u00f3loga Idalia Alp\u00edzar se\u00f1ala que \u201cen los casos de las personas que basan su autoestima y sus sentimientos de capacidad y val\u00eda en el trabajo, el retiro les significa alejarse de su principal <strong>fuente de apoyo emocional y de identidad. <\/strong>Para algunos autores, la jubilaci\u00f3n implica replantear el concepto de s\u00ed mismo, descubrir y desarrollar nuevas facetas ya que las personas jubiladas necesitan verse a s\u00ed mismas como seres humanos m\u00e1s que como trabajadores\u201d. Este \u00faltimo punto ayudar\u00e1 a que <strong>el adulto mayo<\/strong>r que pueda estar atravesando el s\u00edndrome del jubilado entienda que <strong>tiene ambiciones y cualidades que van m\u00e1s all\u00e1 del trabajo.<\/strong><\/p>\n\n\n\n<div class=\"wp-block-buttons is-content-justification-center is-layout-flex wp-container-core-buttons-is-layout-16018d1d wp-block-buttons-is-layout-flex\">\n<div class=\"wp-block-button\"><a href=\"https:\/\/miresi.es\/buscador\/\"  rel=\"noreferrer noopener\"  rel=\"noreferrer noopener\">ENcuentra tu residencia<\/a><\/div>\n<\/div>\n\n\n\n<div style=\"height:10px\" aria-hidden=\"true\" class=\"wp-block-spacer\"><\/div>\n\n\n\n<h3 class=\"wp-block-heading\">2.2. Fases de adaptaci\u00f3n de la jubilaci\u00f3n<\/h3>\n\n\n\n<p>El geront\u00f3logo Robert Atchley teoriz\u00f3 sobre <strong>un modelo de jubilaci\u00f3n que consta de una serie de etapas de adaptaci\u00f3n.<\/strong> Es un modelo orientativo porque no toda persona, tampoco en el caso de los adultos mayores, tiene por qu\u00e9 experimentar todas las etapas ni vivirlas de igual manera. A continuaci\u00f3n te contamos cu\u00e1les son las fases vinculadas a la jubilaci\u00f3n seg\u00fan Atchley:<\/p>\n\n\n\n<h4 class=\"wp-block-heading\">2.2.1. Prejubilaci\u00f3n<\/h4>\n\n\n\n<p>La prejubilaci\u00f3n es una fase que est\u00e1 relacionada con las <strong>expectativas que una persona puede tener de la jubilaci\u00f3n.<\/strong> Expectativas que pueden ser positivas o negativas. Es una fase que hace referencia a los <strong>\u00faltimos a\u00f1os o meses <\/strong>en los que la persona planifica su jubilaci\u00f3n: por ejemplo, tiene en cuenta sus necesidades econ\u00f3micas y c\u00f3mo se ver\u00e1n afectadas tras la jubilaci\u00f3n.<\/p>\n\n\n\n<p>La prejubilaci\u00f3n tiene dos fases: una <strong>preparaci\u00f3n activa<\/strong> que contempla el cese de la actividad laboral y la espera del mismo. Y una segunda etapa que se caracteriza por la <strong>reducci\u00f3n de la jornada de trabajo. <\/strong>\u00a0<\/p>\n\n\n\n<h4 class=\"wp-block-heading\">2.2.2. Jubilaci\u00f3n<\/h4>\n\n\n\n<p>Robert Atchley se\u00f1al\u00f3 tres modelos de conducta durante la etapa de jubilaci\u00f3n: la luna de miel, la actividad continuada y el descanso. En t\u00e9rminos generales, <strong>la luna de miel<\/strong> sucede cuando la jubilaci\u00f3n se toma como una especie de vacaciones indefinidas y la persona intenta disfrutar de todos los planes que ten\u00eda pendiente. La <strong>actividad continuada<\/strong> significa el cambio de la rutina laboral por otra rutina diferente que incluye actividades de ocio y labores cotidianas. La fase de <strong>descanso<\/strong> se caracteriza por la reducci\u00f3n en el nivel de actividad, algo frecuente en personas que han trabajado mucho.<\/p>\n\n\n\n<h4 class=\"wp-block-heading\">2.2.3. Desencanto y depresi\u00f3n<\/h4>\n\n\n\n<p>Tras la primera fase de jubilaci\u00f3n pueden <strong>aparecer sentimientos de incertidumbre, decepci\u00f3n o de tristeza.<\/strong> Por ejemplo, cuando las expectativas positivas que se ten\u00eda sobre la jubilaci\u00f3n acaban siendo una experiencia m\u00e1s negativa de lo que uno se imaginaba. Es una fase natural en el proceso de adaptaci\u00f3n a esa nueva vida.\u00a0<\/p>\n\n\n\n<h4 class=\"wp-block-heading\">2.2.4. Reorientaci\u00f3n<\/h4>\n\n\n\n<p>Implica una <strong>visi\u00f3n m\u00e1s optimista de la jubilaci\u00f3n <\/strong>y del cambio vital que conlleva. Tras la etapa anterior, la persona valora con <strong>una perspectiva m\u00e1s realista<\/strong> y busca una rutina m\u00e1s satisfactoria. Comienza a explorar nuevas experiencias.<\/p>\n\n\n\n<h4 class=\"wp-block-heading\">2.2.5. Estabilidad o rutina<\/h4>\n\n\n\n<p>La persona jubilada <strong>se adapta de forma definitiva a la jubilaci\u00f3n <\/strong>y establece su propia rutina. Conoce las actividades que le resultan m\u00e1s placenteras y la manera en la que debe enfrentarse a los cambios y dificultades que pueden ir surgiendo.<\/p>\n\n\n\n<h4 class=\"wp-block-heading\">2.2.6. Finalizaci\u00f3n<\/h4>\n\n\n\n<p>La etapa final. Esta fase puede hacer referencia, por ejemplo, a cuando <strong>los adultos mayores <\/strong>llegan a un momento de su vida en el que <strong>empiezan a depender de otras personas.<\/strong><\/p>\n\n\n\n<p>El tiempo para adaptarse al proceso de jubilaci\u00f3n puede ser muy diverso. Es un tiempo particular, distinto para cada persona. La duraci\u00f3n de cada fase tambi\u00e9n puede variar. Algunos estudios han se\u00f1alado que la adaptaci\u00f3n puede lograrse en los primeros seis meses o en el primer a\u00f1o de jubilaci\u00f3n, pero hay personas que han tardado m\u00e1s de un a\u00f1o en adaptarse a esa nueva condici\u00f3n vital.\u00a0\u00a0<\/p>\n\n\n<div class=\"wp-block-image\">\n<figure class=\"aligncenter size-large\"><img decoding=\"async\" width=\"1024\" height=\"683\" src=\"https:\/\/miresi.es\/blog\/wp-content\/uploads\/2022\/04\/grupo-de-amigos-disfrutando-la-jubilacion-1024x683.jpg\" alt=\"Aprende a dedicar el tiempo del que disponen en cultivar nuevas relaciones en la jubilaci\u00f3n\" class=\"wp-image-14782\" srcset=\"https:\/\/miresiblog.imgix.net\/uploads\/2022\/04\/grupo-de-amigos-disfrutando-la-jubilacion-scaled.jpg?auto=format%2Ccompress&fit=crop&h=683&ixlib=php-3.3.0&w=1024&s=32b24c7e7940f8a8ff6c6be4c9aad658 1024w, https:\/\/miresiblog.imgix.net\/uploads\/2022\/04\/grupo-de-amigos-disfrutando-la-jubilacion-scaled.jpg?auto=format%2Ccompress&fit=crop&h=200&ixlib=php-3.3.0&w=300&s=83a64331be0f0fff4bb495e2a76e006e 300w, https:\/\/miresiblog.imgix.net\/uploads\/2022\/04\/grupo-de-amigos-disfrutando-la-jubilacion-scaled.jpg?auto=format%2Ccompress&fit=crop&h=513&ixlib=php-3.3.0&w=768&s=aba06d9e2e1499e7c593564038c148e5 768w, https:\/\/miresiblog.imgix.net\/uploads\/2022\/04\/grupo-de-amigos-disfrutando-la-jubilacion-scaled.jpg?auto=format%2Ccompress&fit=crop&h=1025&ixlib=php-3.3.0&w=1536&s=5b770ce2bef7f6eee1e4a184009ed13a 1536w, https:\/\/miresiblog.imgix.net\/uploads\/2022\/04\/grupo-de-amigos-disfrutando-la-jubilacion-scaled.jpg?auto=format%2Ccompress&fit=crop&h=1367&ixlib=php-3.3.0&w=2048&s=8ebbfeb073e65b693c3ff8bd782b7a6c 2048w, https:\/\/miresiblog.imgix.net\/uploads\/2022\/04\/grupo-de-amigos-disfrutando-la-jubilacion-scaled.jpg?auto=format%2Ccompress&fit=crop&h=240&ixlib=php-3.3.0&w=360&s=ca245e9cb5e3ab10bd1aef43b5b70917 360w, https:\/\/miresiblog.imgix.net\/uploads\/2022\/04\/grupo-de-amigos-disfrutando-la-jubilacion-scaled.jpg?auto=format%2Ccompress&ixlib=php-3.3.0&w=899&s=00ecc30c9a042d5672b084ed2896d90a 899w\" sizes=\"(max-width: 1024px) 100vw, 1024px\" \/><figcaption>Aprende a dedicar el tiempo del que dispones en cultivar nuevas relaciones en la jubilaci\u00f3n<\/figcaption><\/figure>\n<\/div>\n\n\n<h2 class=\"wp-block-heading\">3.\u00a0 Jubilaci\u00f3n y calidad de vida en el adulto mayor<\/h2>\n\n\n\n<p>La docente en Ciencias Sociales Idalia Alp\u00edzar indica tambi\u00e9n <strong>el impacto que puede tener la jubilaci\u00f3n en la calidad de vida de las personas. <\/strong>Para las personas mayores la jubilaci\u00f3n puede significar la transici\u00f3n de una etapa menos activa y puede afectar a su calidad de vida.<\/p>\n\n\n\n<p>Los expertos explican que la jubilaci\u00f3n puede \u201cdesencadenar una serie de afecciones que puede ir en detrimento de la salud f\u00edsica y emocional de la persona y esto sucede porque no se ha podido dar la debido adaptaci\u00f3n\u201d. Por tanto, <strong>es fundamental que el adulto mayor sepa adaptarse a los cambios de la jubilaci\u00f3n, <\/strong>la adaptaci\u00f3n permitir\u00e1 que esa etapa de su vida sea placentera <strong>y que<\/strong> <strong>repercuta de manera positiva en su calidad de vida.\u00a0<\/strong><\/p>\n\n\n\n<p>C\u00f3mo se\u00f1al\u00e1bamos al inicio de este post, el retiro de la producci\u00f3n laboral significa un cambio de rol para la persona que se jubila. Un cambio en el que deja de desempe\u00f1ar un papel que ha sido el que lo ha caracterizado durante gran parte de su vida. Hay personas, adultos mayores, que tras ese cese laboral pueden experimentar <strong>un vac\u00edo existencial, <\/strong>sentimientos de tristeza y pueden pensar incluso que ya \u201cno valen para nada\u201d.<\/p>\n\n\n\n<p>Algunos estereotipos en torno a la jubilaci\u00f3n han hecho que socialmente la veamos como etapa sin productividad y, por este motivo, <strong>algunos adultos mayores han llegado a sentirse in\u00fatiles para la sociedad.<\/strong> Esa imagen de ellos mismos <strong>repercute negativamente en su salud mental y en su autoestima.<\/strong><\/p>\n\n\n\n<p>Muchas personas jubiladas aprenden a disfrutar de la oportunidad de compartir experiencias con su familia, con su pareja o con sus amigos. <strong>Aprenden a dedicar el tiempo del que disponen en cultivar nuevas relaciones.<\/strong> Sin embargo, hay jubilados y jubiladas a quienes les cuesta m\u00e1s compartir ese tiempo con otras personas. <strong>Cosas que antes eran sencillas se vuelven dif\u00edciles,<\/strong> por ejemplo, la convivencia en el hogar puede verse afectada al ser necesario instaurar una nueva rutina. Por eso es importante saber que l<strong>a jubilaci\u00f3n es un proceso de aprendizaje: <\/strong>hay que aprender a c\u00f3mo tratar con uno mismo y con el entorno.<\/p>\n\n\n\n<p>Afrontar la jubilaci\u00f3n no es una tarea sencilla. Al principio para las personas que se jubilan puede ser un momento de euforia, que puede terminar en desencanto si al final no logra adaptarse a esa nueva etapa vital. Por eso es positivo cuando el tiempo disponible se usa para <strong>potenciar nuevos intereses y habilidades,<\/strong> en <strong>adquirir nuevas experiencias<\/strong>, <strong>nuevos gustos, actividad y aficiones\u2026<\/strong> Lo que har\u00eda posible que este proceso fuera menos traum\u00e1tico para el adulto mayor.<\/p>\n\n\n\n<h2 class=\"wp-block-heading\">4.\u00a0 10 consejos para una jubilaci\u00f3n satisfactoria<\/h2>\n\n\n\n<p>En un art\u00edculo sobre este cambio vital, el IMSERSO nos da las claves para una jubilaci\u00f3n satisfactoria. El tiempo de ocio es un tiempo de libertad y durante la jubilaci\u00f3n es posible que algunas personas deban aprender a darle otro sentido a ese tiempo y a esa libertad.<\/p>\n\n\n\n<p>Como se\u00f1ala el texto es importante que las personas jubiladas reflexionen sobre su tiempo, su ocio, sus gustos, sobre lo que desean hacer y que busquen actividades y experiencias que les satisfagan, que les permitan crecer, disfrutar y seguir aprendiendo de ellos mismos.<\/p>\n\n\n\n<p>A continuaci\u00f3n te damos <strong>diez consejos para que puedas disfrutar de una jubilaci\u00f3n satisfactoria.<\/strong> La siguientes recomendaciones han sido seleccionadas a partir de la<a href=\"https:\/\/www.imserso.es\/InterPresent2\/groups\/imserso\/documents\/binario\/guiajubilacion.pdf\"  target=\"_blank\" rel=\"external nofollow\"  target=\"_blank\" rel=\"noreferrer noopener\"  class=\"wp-links-icon\"> Gu\u00eda para una jubilaci\u00f3n satisfactoria del IMSERSO<\/a>:<\/p>\n\n\n\n<ul class=\"wp-block-list\"><li><strong>Evitar el riesgo de aburrimiento y el sedentarismo<\/strong> al que pueden conducir el \u201cno hacer nada\u201d. Volver a practicar nuestras aficiones y descubrir nuevos intereses, actividades y experiencias.<\/li><li>Saber <strong>recuperar la comunicaci\u00f3n con la familia<\/strong> y encontrar nuevos caminos para disfrutar junto a ellos.<\/li><li><strong>Tener confianza en nuestras propias capacidades<\/strong> y abrirnos a los dem\u00e1s desde la base de la libertad, el respeto y la compresi\u00f3n.<\/li><li>Recordar que lo que las personas \u201ccreemos que somos\u201d influye en nuestras expectativas sobre nosotros mismos y en la forma de vivir la vida. Es importante <strong>analizarnos con realismo para saber c\u00f3mo nos vemos y por qu\u00e9.<\/strong><\/li><li>Conocerse a uno mismo para entender c\u00f3mo nos afectan los cambios e <strong>identificar los rasgos de nuestra personalidad que nos dan capacidad de adaptaci\u00f3n.<\/strong><\/li><li><strong>Contar con amistades con las que compartir<\/strong> alegr\u00edas, preocupaciones, intereses, y en las que encontrar apoyo cuando sea necesario. Es importante para evitar sentimientos de soledad.<\/li><li>Aceptar que aunque <strong>el trabajo<\/strong> sea importante en nuestra vida y nos defina como personas <strong>no es lo \u00fanico que nos hace ser quienes somos.<\/strong><\/li><li>Saber <strong>organizar los nuevos ingresos<\/strong> y aprovechar los recursos econ\u00f3micos.<\/li><li><strong>Potenciar una perspectiva optimista de la realidad y de nuestro yo interior.<\/strong> Esto nos ayudar\u00e1 a aceptar las cosas que no podemos cambiar y nos dar\u00e1 la energ\u00eda para actuar en lo que s\u00ed.<\/li><\/ul>\n\n\n\n<ul class=\"wp-block-list\"><li>Aprender a <strong>encontrar los puntos positivos de las cosas en general y de nosotros<\/strong> mismos porque nos ayudar\u00e1 a sentirnos m\u00e1s felices y confiados.<\/li><\/ul>\n\n\n<div class=\"wp-block-image\">\n<figure class=\"aligncenter size-large\"><img decoding=\"async\" width=\"1024\" height=\"768\" src=\"https:\/\/miresi.es\/blog\/wp-content\/uploads\/2022\/04\/Jubilacion-satisfactoria-1024x768.png\" alt=\"Recomendaciones seleccionadas a partir de la Gu\u00eda para una jubilaci\u00f3n satisfactoria del IMSERSO\" class=\"wp-image-14787\" srcset=\"https:\/\/miresiblog.imgix.net\/uploads\/2022\/04\/Jubilacion-satisfactoria.png?auto=format%2Ccompress&fit=crop&h=768&ixlib=php-3.3.0&w=1024&s=02c55ee49506a89cbf5d9d4cacc6c133 1024w, https:\/\/miresiblog.imgix.net\/uploads\/2022\/04\/Jubilacion-satisfactoria.png?auto=format%2Ccompress&fit=crop&h=225&ixlib=php-3.3.0&w=300&s=543c93cfd2fde035051f46b5e2b3c4aa 300w, https:\/\/miresiblog.imgix.net\/uploads\/2022\/04\/Jubilacion-satisfactoria.png?auto=format%2Ccompress&fit=crop&h=576&ixlib=php-3.3.0&w=768&s=3455284fea14497bb9bc4cff712b912f 768w, https:\/\/miresiblog.imgix.net\/uploads\/2022\/04\/Jubilacion-satisfactoria.png?auto=format%2Ccompress&fit=crop&h=1152&ixlib=php-3.3.0&w=1536&s=ba7fcd373d30964d6a3d05b92b475f5c 1536w, https:\/\/miresiblog.imgix.net\/uploads\/2022\/04\/Jubilacion-satisfactoria.png?auto=format%2Ccompress&fit=crop&h=1536&ixlib=php-3.3.0&w=2048&s=b7bbe3e939d197a7bd6202bf5245d660 2048w, https:\/\/miresiblog.imgix.net\/uploads\/2022\/04\/Jubilacion-satisfactoria.png?auto=format%2Ccompress&fit=crop&h=270&ixlib=php-3.3.0&w=360&s=6d435fa3621996e0d954ace44dd00200 360w, https:\/\/miresiblog.imgix.net\/uploads\/2022\/04\/Jubilacion-satisfactoria.png?auto=format%2Ccompress&ixlib=php-3.3.0&w=800&s=60f0c3de05c2a3a350a6358e2a00106c 800w\" sizes=\"(max-width: 1024px) 100vw, 1024px\" \/><figcaption>Recomendaciones seleccionadas a partir de la Gu\u00eda para una jubilaci\u00f3n satisfactoria del IMSERSO<br><\/figcaption><\/figure>\n<\/div>\n\n\n<p>En <strong><a href=\"https:\/\/miresi.es\/buscador\/\"  rel=\"noreferrer noopener\"  rel=\"noreferrer noopener\">miResi<\/a> <\/strong>sabemos lo importante que es tener informaci\u00f3n que ayude a las familias a dar los mejores cuidados a su familiar. Sabemos que encontrar una residencia adaptada a las necesidades de b\u00fasqueda puede ser un proceso dif\u00edcil. Podemos ayudarte a encontrar la mejor opci\u00f3n. No dudes en pedirnos informaci\u00f3n. Ll\u00e1manos o pincha en el bot\u00f3n y te asesoraremos de manera gratuita. <\/p>\n\n\n\n<div class=\"wp-block-buttons is-content-justification-center is-layout-flex wp-container-core-buttons-is-layout-16018d1d wp-block-buttons-is-layout-flex\">\n<div class=\"wp-block-button\"><a href=\"https:\/\/miresi.es\/buscador\/\"  rel=\"noreferrer noopener\"  rel=\"noreferrer noopener\">busca ayuda gratuita<\/a><\/div>\n<\/div>\n\n\n\n<div style=\"height:10px\" aria-hidden=\"true\" class=\"wp-block-spacer\"><\/div>\n\n\n\n<p class=\"has-cyan-bluish-gray-color has-text-color\" style=\"font-size:10px\">Fuentes:<\/p>\n\n\n\n<ul class=\"has-cyan-bluish-gray-color has-text-color wp-block-list\" style=\"font-size:10px\"><li><em>Jubilaci\u00f3n y calidad de vida en la edad adulta mayor<\/em> de Idalia Alp\u00edzar: <a href=\"https:\/\/revistas-colaboracion.juridicas.unam.mx\/index.php\/abra\/article\/download\/37738\/34644\"  target=\"_blank\" rel=\"external nofollow\"  target=\"_blank\" rel=\"noreferrer noopener\"  class=\"wp-links-icon\">https:\/\/revistas-colaboracion.juridicas.unam.mx\/index.php\/abra\/article\/download\/37738\/34644<\/a><\/li><li>Instituto Psicol\u00f3gico Claritas <a href=\"https:\/\/institutoclaritas.com\/tratamiento-psicoterapeutico\/psicologia-para-mayores\/sindrome-del-jubilado\/\"  target=\"_blank\" rel=\"external nofollow\"  target=\"_blank\" rel=\"noreferrer noopener\"  class=\"wp-links-icon\">https:\/\/institutoclaritas.com\/tratamiento-psicoterapeutico\/psicologia-para-mayores\/sindrome-del-jubilado\/<\/a><\/li><li>Cipsia Psic\u00f3logos: <a href=\"https:\/\/www.cipsiapsicologos.com\/trabajo\/jubilacion\/\"  target=\"_blank\" rel=\"external nofollow\"  target=\"_blank\" rel=\"noreferrer noopener\"  class=\"wp-links-icon\">https:\/\/www.cipsiapsicologos.com\/trabajo\/jubilacion\/<\/a><\/li><li>Itae Psicolog\u00eda <a href=\"https:\/\/itaepsicologia.com\/el-impacto-emocional-de-la-jubilacion\/\"  target=\"_blank\" rel=\"external nofollow\"  target=\"_blank\" rel=\"noreferrer noopener\"  class=\"wp-links-icon\">https:\/\/itaepsicologia.com\/el-impacto-emocional-de-la-jubilacion\/<\/a><\/li><li>Psicolog\u00eda y mente: <a href=\"https:\/\/psicologiaymente.com\/psicologia\/fases-jubilacion-robert-atchley\"  target=\"_blank\" rel=\"external nofollow\"  target=\"_blank\" rel=\"noreferrer noopener\"  class=\"wp-links-icon\">https:\/\/psicologiaymente.com\/psicologia\/fases-jubilacion-robert-atchley<\/a><\/li><li>Gu\u00eda IMSERSO:\u00a0<a href=\"https:\/\/www.imserso.es\/InterPresent2\/groups\/imserso\/documents\/binario\/guiajubilacion.pdf\"  target=\"_blank\" rel=\"external nofollow\"  target=\"_blank\" rel=\"noreferrer noopener\"  class=\"wp-links-icon\">https:\/\/www.imserso.es\/InterPresent2\/groups\/imserso\/documents\/binario\/guiajubilacion.pdf<\/a><\/li><\/ul>\n<div style='text-align:center' class='yasr-auto-insert-visitor'><!--Yasr Visitor Votes Shortcode--><div id='yasr_visitor_votes_14bf9f992f546' class='yasr-visitor-votes'><div class=\"yasr-custom-text-vv-before yasr-custom-text-vv-before-14765\">\u00a1Haz clic para puntuar esta entrada!<\/div><div id='yasr-vv-second-row-container-14bf9f992f546'\r\n                                        class='yasr-vv-second-row-container'><div id='yasr-visitor-votes-rater-14bf9f992f546'\r\n                                      class='yasr-rater-stars-vv'\r\n                                      data-rater-postid='14765'\r\n                                      data-rating='3'\r\n                                      data-rater-starsize='32'\r\n                                      data-rater-readonly='false'\r\n                                      data-rater-nonce='df9b54cd3f'\r\n                                      data-issingular='false'\r\n                                    ><\/div><div class=\"yasr-vv-stats-text-container\" id=\"yasr-vv-stats-text-container-14bf9f992f546\"><svg xmlns=\"https:\/\/www.w3.org\/2000\/svg\" width=\"20\" height=\"20\"\r\n                                   class=\"yasr-dashicons-visitor-stats\"\r\n                                   data-postid=\"14765\"\r\n                                   id=\"yasr-stats-dashicon-14bf9f992f546\">\r\n                                   <path d=\"M18 18v-16h-4v16h4zM12 18v-11h-4v11h4zM6 18v-8h-4v8h4z\"><\/path>\r\n                               <\/svg><span id=\"yasr-vv-text-container-14bf9f992f546\" class=\"yasr-vv-text-container\"> (Votos: <span id=\"yasr-vv-votes-number-container-14bf9f992f546\">2<\/span>  Promedio: <span id=\"yasr-vv-average-container-14bf9f992f546\">3<\/span>)<\/span><\/div><div id='yasr-vv-loader-14bf9f992f546' class='yasr-vv-container-loader'><\/div><\/div><div id='yasr-vv-bottom-container-14bf9f992f546'\r\n                              class='yasr-vv-bottom-container'\r\n                              style='display:none'><\/div><\/div><!--End Yasr Visitor Votes Shortcode--><\/div>","protected":false},"excerpt":{"rendered":"<p>En miResi te explicamos qu\u00e9 es el Sindrome del Jubilado y c\u00f3mo afecta a las personas mayores. Te damos algunas recomendaciones para afrontarlo.<\/p>\n","protected":false},"author":13,"featured_media":14768,"comment_status":"open","ping_status":"open","sticky":false,"template":"","format":"standard","meta":{"yasr_overall_rating":0,"yasr_post_is_review":"","yasr_auto_insert_disabled":"","yasr_review_type":"","footnotes":""},"categories":[386,26,369,385],"tags":[534,595,28],"class_list":["post-14765","post","type-post","status-publish","format-standard","has-post-thumbnail","hentry","category-bienestar","category-envejecimiento","category-ocio","category-relaciones","tag-bienestar","tag-calidad-de-vida-jubilacion","tag-tercera-edad"],"yasr_visitor_votes":{"stars_attributes":{"read_only":false,"span_bottom":false},"number_of_votes":2,"sum_votes":6},"_links":{"self":[{"href":"https:\/\/miresi.es\/blog\/wp-json\/wp\/v2\/posts\/14765","targetHints":{"allow":["GET"]}}],"collection":[{"href":"https:\/\/miresi.es\/blog\/wp-json\/wp\/v2\/posts"}],"about":[{"href":"https:\/\/miresi.es\/blog\/wp-json\/wp\/v2\/types\/post"}],"author":[{"embeddable":true,"href":"https:\/\/miresi.es\/blog\/wp-json\/wp\/v2\/users\/13"}],"replies":[{"embeddable":true,"href":"https:\/\/miresi.es\/blog\/wp-json\/wp\/v2\/comments?post=14765"}],"version-history":[{"count":20,"href":"https:\/\/miresi.es\/blog\/wp-json\/wp\/v2\/posts\/14765\/revisions"}],"predecessor-version":[{"id":24714,"href":"https:\/\/miresi.es\/blog\/wp-json\/wp\/v2\/posts\/14765\/revisions\/24714"}],"wp:featuredmedia":[{"embeddable":true,"href":"https:\/\/miresi.es\/blog\/wp-json\/wp\/v2\/media\/14768"}],"wp:attachment":[{"href":"https:\/\/miresi.es\/blog\/wp-json\/wp\/v2\/media?parent=14765"}],"wp:term":[{"taxonomy":"category","embeddable":true,"href":"https:\/\/miresi.es\/blog\/wp-json\/wp\/v2\/categories?post=14765"},{"taxonomy":"post_tag","embeddable":true,"href":"https:\/\/miresi.es\/blog\/wp-json\/wp\/v2\/tags?post=14765"}],"curies":[{"name":"wp","href":"https:\/\/api.w.org\/{rel}","templated":true}]}}