{"id":14884,"date":"2022-04-27T15:37:16","date_gmt":"2022-04-27T14:37:16","guid":{"rendered":"https:\/\/miresi.es\/blog\/?p=14884"},"modified":"2026-04-23T18:08:29","modified_gmt":"2026-04-23T17:08:29","slug":"mareos-en-personas-mayores","status":"publish","type":"post","link":"https:\/\/miresi.es\/blog\/mareos-en-personas-mayores\/","title":{"rendered":"Gu\u00eda Completa con Todas las Causas de los Mareos en Personas Mayores"},"content":{"rendered":"\n<p>El proceso de envejecimiento puede alterar el correcto funcionamiento de nuestras facultades cognitivas y motoras, esenciales para llevar una vida plena y segura.\u00a0 Esto puede derivar, en ocasiones, en mareos en personas mayores.\u00a0<\/p>\n\n\n\n<p>Esta serie de sensaciones que provocan malestar e intranquilidad en el anciano necesitan, en caso de ser recurrentes, ser atendidas por un profesional de la salud. \u00c9ste se encargar\u00e1 de realizar un chequeo del historial m\u00e9dico que servir\u00e1 para diagnosticar las causas de los mareos en tu ser querido.<\/p>\n\n\n\n<p>En miResi, no obstante, nos anticipamos y <strong>te contamos de antemano las distintas causas que pueden estar por detr\u00e1s de esa sensaci\u00f3n de desvanecimiento tan molesta.<\/strong><\/p>\n\n\n\n<div class=\"wp-block-buttons is-content-justification-center is-layout-flex wp-container-core-buttons-is-layout-16018d1d wp-block-buttons-is-layout-flex\">\n<div class=\"wp-block-button\"><a href=\"https:\/\/miresi.es\/buscador\/\"  rel=\"noreferrer noopener\"  rel=\"noreferrer noopener\">descubre las mejores residencias de espa\u00f1a<\/a><\/div>\n<\/div>\n\n\n\n<div style=\"height:10px\" aria-hidden=\"true\" class=\"wp-block-spacer\"><\/div>\n\n\n\n<h2 class=\"wp-block-heading\">1. \u00bfQu\u00e9 son los mareos?<\/h2>\n\n\n\n<p>La sensaci\u00f3n de mareo se caracteriza por el <strong>efecto de inestabilidad, p\u00e9rdida de control o desvanecimiento del anciano<\/strong>. En muchas ocasiones, viene acompa\u00f1ada por una percepci\u00f3n anormal del entorno, en la que parece que\u00a0 estuviese dando vueltas.<\/p>\n\n\n\n<p>Este \u00faltimo s\u00edntoma, referido como v\u00e9rtigo, supone un riesgo para la salud del mayor. <strong>La p\u00e9rdida de coordinaci\u00f3n\u00a0 y de equilibrio puede provocar graves ca\u00eddas<\/strong>. Estas deterioran significativamente la salud del mayor y pueden, incluso, inducir su fallecimiento.<\/p>\n\n\n\n<p><strong>Los mareos est\u00e1n asociados bien con problemas de salud secundarios que no han sido detectados, bien con el consumo de medicamentos que est\u00e1n generando una reacci\u00f3n imprevista.\u00a0<\/strong><\/p>\n\n\n\n<p>No obstante, sea cual sea la fuente de origen, los s\u00edntomas de los mareos son comunes. Por eso, debes conocerlos para poder actuar con rapidez en caso de identificarlos en tu mayor. Te los contamos a continuaci\u00f3n:<\/p>\n\n\n<div class=\"wp-block-image\">\n<figure class=\"aligncenter size-large\"><img decoding=\"async\" width=\"1024\" height=\"683\" src=\"https:\/\/miresi.es\/blog\/wp-content\/uploads\/2022\/04\/concept-for-dizziness-or-vertigo-having-sensation-2021-12-24-18-39-32-utc-1-1024x683.jpg\" alt=\"mareos en personas mayores\" class=\"wp-image-14896\" srcset=\"https:\/\/miresiblog.imgix.net\/uploads\/2022\/04\/concept-for-dizziness-or-vertigo-having-sensation-2021-12-24-18-39-32-utc-1-scaled.jpg?auto=format%2Ccompress&fit=crop&h=683&ixlib=php-3.3.0&w=1024&s=cf1baf1b5fc0dcec83855a88725bfe4d 1024w, https:\/\/miresiblog.imgix.net\/uploads\/2022\/04\/concept-for-dizziness-or-vertigo-having-sensation-2021-12-24-18-39-32-utc-1-scaled.jpg?auto=format%2Ccompress&fit=crop&h=200&ixlib=php-3.3.0&w=300&s=c78274922d28a685eec20c7938a04d72 300w, https:\/\/miresiblog.imgix.net\/uploads\/2022\/04\/concept-for-dizziness-or-vertigo-having-sensation-2021-12-24-18-39-32-utc-1-scaled.jpg?auto=format%2Ccompress&fit=crop&h=512&ixlib=php-3.3.0&w=768&s=3b19712285b088952af9075373a68b11 768w, https:\/\/miresiblog.imgix.net\/uploads\/2022\/04\/concept-for-dizziness-or-vertigo-having-sensation-2021-12-24-18-39-32-utc-1-scaled.jpg?auto=format%2Ccompress&fit=crop&h=1024&ixlib=php-3.3.0&w=1536&s=96bc275d514d91000d75dc5a72a3fe01 1536w, https:\/\/miresiblog.imgix.net\/uploads\/2022\/04\/concept-for-dizziness-or-vertigo-having-sensation-2021-12-24-18-39-32-utc-1-scaled.jpg?auto=format%2Ccompress&fit=crop&h=1366&ixlib=php-3.3.0&w=2048&s=3c2efeaa2288c428edfc91a46f2711ad 2048w, https:\/\/miresiblog.imgix.net\/uploads\/2022\/04\/concept-for-dizziness-or-vertigo-having-sensation-2021-12-24-18-39-32-utc-1-scaled.jpg?auto=format%2Ccompress&fit=crop&h=240&ixlib=php-3.3.0&w=360&s=591bfd2ad0b69874ec2ba00a0239b3ea 360w, https:\/\/miresiblog.imgix.net\/uploads\/2022\/04\/concept-for-dizziness-or-vertigo-having-sensation-2021-12-24-18-39-32-utc-1-scaled.jpg?auto=format%2Ccompress&ixlib=php-3.3.0&w=900&s=33224ba7185d7c34273788717108cebc 900w\" sizes=\"(max-width: 1024px) 100vw, 1024px\" \/><figcaption class=\"wp-element-caption\">El v\u00e9rtigo genera una sensaci\u00f3n de movimiento descontrolado del espacio que nos rodea.<\/figcaption><\/figure>\n<\/div>\n\n\n<h2 class=\"wp-block-heading\">2. S\u00edntomas de los mareos en personas mayores<\/h2>\n\n\n\n<p><strong>El mareo viene acompa\u00f1ado de un conjunto de s\u00edntomas que podr\u00edan estar indicando al mayor la presencia de una enfermedad f\u00edsica o un trastorno de salud mental. <\/strong>Estos se pueden manifestar en cualquier momento. Lo m\u00e1s habitual, no obstante, es que se produzcan mientras se est\u00e1 caminando o al levantarse.<strong>\u00a0<\/strong><\/p>\n\n\n\n<p>Los s\u00edntomas pueden ser:<\/p>\n\n\n\n<ul class=\"wp-block-list\">\n<li>El <strong>desvanecimiento<\/strong>.<\/li>\n\n\n\n<li>La <strong>p\u00e9rdida<\/strong> de la coordinaci\u00f3n y equilibrio, incrementando el riesgo de ca\u00edda.<\/li>\n\n\n\n<li><strong>Desorientaci\u00f3n<\/strong>.<\/li>\n\n\n\n<li>El <strong>v\u00e9rtigo<\/strong>, una percepci\u00f3n distorsionada en la que se siente como si uno mismo o el espacio que te rodea estuviese en movimiento.<\/li>\n<\/ul>\n\n\n\n<p>Estos s\u00edntomas suelen aparecer sin previo aviso y de manera completamente repentina. Se pueden, adem\u00e1s, prolongar a lo largo del tiempo de manera repetitiva.\u00a0<\/p>\n\n\n\n<p>Adem\u00e1s, pueden venir acompa\u00f1ados de otros s\u00edntomas como dolores de cabeza o taquicardias.<\/p>\n\n\n\n<p>Llegada a esta situaci\u00f3n, <strong>es fundamental acudir al m\u00e9dico cu\u00e1nto antes<\/strong>. Solo este especialista sabr\u00e1 dar una respuesta que erradique los mareos de manera definitiva.<\/p>\n\n\n\n<div class=\"wp-block-buttons is-content-justification-center is-layout-flex wp-container-core-buttons-is-layout-16018d1d wp-block-buttons-is-layout-flex\">\n<div class=\"wp-block-button\"><a href=\"https:\/\/miresi.es\/buscador\/\"  rel=\"noreferrer noopener\"  rel=\"noreferrer noopener\">solicita tu plaza en un clic<\/a><\/div>\n<\/div>\n\n\n\n<h2 class=\"wp-block-heading\">3. Causas de los mareos en personas mayores<\/h2>\n\n\n\n<p>Como se ha mencionado anteriormente, <strong>los mareos pueden ser el resultado de numerosas causas<\/strong>. Por eso, es necesario estudiar detenidamente cada una de ellas. Solo entendiendo c\u00f3mo funcionan ser\u00e1 posible aplicar las mejores medidas para combatir los mareos:<\/p>\n\n\n\n<h3 class=\"wp-block-heading\">3.1. Problemas del o\u00eddo interno<\/h3>\n\n\n\n<p>El o\u00eddo es un \u00f3rgano de nuestro cuerpo que juega un papel crucial en nuestra capacidad de equilibrio. El mantenimiento y revisi\u00f3n de su buena salud resulta, entonces, determinante para conservarla. Especialmente, la del o\u00eddo interno. Esto se debe a que este integrante del o\u00eddo se encarga de identificar los movimientos, tanto hacia delante como hacia atr\u00e1s, de nuestro cuerpo.<\/p>\n\n\n\n<p>Un trastorno del o\u00eddo interno implica una incongruencia entre la informaci\u00f3n que recibe nuestro cerebro desde el o\u00eddo y desde los ojos: mientras que el primero manda se\u00f1ales err\u00f3neas sobre nuestro propio movimiento, los ojos env\u00edan informaci\u00f3n real sobre nuestra posici\u00f3n en el entorno.<\/p>\n\n\n\n<p><strong>Esta afecci\u00f3n puede estar causada por una infecci\u00f3n del nervio vestibular, la enfermedad de M\u00e9ni\u00e8re o una migra\u00f1a.<\/strong><\/p>\n\n\n\n<h3 class=\"wp-block-heading\">3.2. Anemia<\/h3>\n\n\n\n<p>La <strong><a href=\"https:\/\/miresi.es\/blog\/anemia-en-ancianos-y-como-tratarla\/\"  target=\"_blank\" rel=\"noreferrer noopener\" title=\"\"  target=\"_blank\" rel=\"noreferrer noopener\" title=\"\">anemia <\/a><\/strong>es una <strong>patolog\u00eda que afecta a los gl\u00f3bulos rojos<\/strong>, disminuyendo la cantidad de hemoglobina presente en los mismos. Esto deriva en una incapacidad para transportar ox\u00edgeno al resto del cuerpo.<\/p>\n\n\n\n<p>Esta afecci\u00f3n puede surgir por:<\/p>\n\n\n\n<ul class=\"wp-block-list\">\n<li><strong>Enfermedad cr\u00f3nica: <\/strong>es la causa m\u00e1s frecuente de anemia en las personas mayores. Aparece como resultado de una enfermedad hep\u00e1tica y la artritis reumatoide entre otras.<\/li>\n\n\n\n<li><strong>D\u00e9ficit de hierro: <\/strong>en la tercera edad, la falta de hierro est\u00e1 estrechamente ligada a afecciones como la gastritis o el c\u00e1ncer colorrectal<\/li>\n\n\n\n<li><strong>Carencia de vitamina B12: <\/strong>esta vitamina es imprescindible para poder crear gl\u00f3bulos rojos en buen estado de salud.<\/li>\n\n\n\n<li><strong>Destrucci\u00f3n de los gl\u00f3bulos rojos: <\/strong>los gl\u00f3bulos se destruyen a un ritmo tan acelerado que la m\u00e9dula \u00f3sea no consigue generar suficientes gl\u00f3bulos rojos a tiempo.\u00a0<\/li>\n<\/ul>\n\n\n\n<p>Los s\u00edntomas de la anemia no se limitan solo a los mareos. Tambi\u00e9n impide respirar con normalidad, incrementa el ritmo del coraz\u00f3n, empalidece el tono de la piel y provoca migra\u00f1as.<\/p>\n\n\n\n<p>Para tratar la anemia, habr\u00e1 que tener en cuenta la causa de la misma. En funci\u00f3n de la patolog\u00eda que la est\u00e1 provocando, se adoptar\u00e1n medidas congruentes. No obstante, la hormona <strong>eritropoyetina, <\/strong>producida por los ri\u00f1ones, se emplea cada vez m\u00e1s para curar m\u00faltiples variedades de anemia.<\/p>\n\n\n\n<h3 class=\"wp-block-heading\">3.3. Parkinson<\/h3>\n\n\n\n<p>Las enfermedades neurodegenerativas son una realidad que afecta a miles de ancianos.<\/p>\n\n\n\n<p><strong>El <a href=\"https:\/\/miresi.es\/blog\/sintomas-del-parkinson\/\"  target=\"_blank\" rel=\"noreferrer noopener\"  target=\"_blank\" rel=\"noreferrer noopener\">Parkinson<\/a>, dentro de esta tipolog\u00eda de patolog\u00edas extremadamente com\u00fan en la vejez,\u00a0 es el segundo trastorno m\u00e1s prevalente despu\u00e9s del <a href=\"https:\/\/miresi.es\/blog\/primeros-sintomas-del-alzheimer\/\"  target=\"_blank\" rel=\"noreferrer noopener\"  target=\"_blank\" rel=\"noreferrer noopener\">Alzheimer<\/a>.\u00a0<\/strong><\/p>\n\n\n\n<p>De naturaleza progresiva, <strong>se caracteriza por destruir neuronas, da\u00f1ando el sistema nervioso<\/strong>. Esto provoca una p\u00e9rdida de dopamina, hormona vital en el traslado de informaci\u00f3n para poder moverse naturalmente, derivando en las convulsiones de las distintas partes del cuerpo.<\/p>\n\n\n\n<p>Pero, adem\u00e1s de los ya mencionados temblores, otros s\u00edntomas que dificultan la vida del enfermo de Parkinson son la <strong>p\u00e9rdida de olfato, el <a href=\"https:\/\/miresi.es\/blog\/insomnio-en-personas-mayores\/\"  target=\"_blank\" rel=\"noreferrer noopener\"  target=\"_blank\" rel=\"noreferrer noopener\">insomnio<\/a>, el estre\u00f1imiento, los mareos debido a la baja presi\u00f3n arterial e incluso los cambios en la voz.<\/strong><\/p>\n\n\n\n<p>Hoy en d\u00eda, infelizmente, no contamos con una cura definitiva que erradique por completo esta enfermedad. No obstante, existen numerosos tratamientos que buscan paliar los s\u00edntomas y mejorar la calidad de vida del mayor.<\/p>\n\n\n\n<p><strong>El tratamiento con medicamentos es el m\u00e1s utilizado<\/strong>, pues se puede personalizar en funci\u00f3n de las necesidades del anciano y permite recuperar la dopamina. Su alternativa es el tratamiento quir\u00fargico, que consiste en la colocaci\u00f3n de electrodos en el cerebro,\u00a0 recomendable solo cuando el tratamiento farmacol\u00f3gico no ha surtido efecto.<\/p>\n\n\n\n<p>Sin embargo, el tratamiento m\u00e1s natural de todos, constituido por <strong>terapias como la <a href=\"https:\/\/miresi.es\/blog\/psicologia-en-residencias\/\"  target=\"_blank\" rel=\"noreferrer noopener\"  target=\"_blank\" rel=\"noreferrer noopener\">psicolog\u00eda<\/a> y la fisioterapia<\/strong>, entre otras, es el que se debe aplicar en cualquier caso.<\/p>\n\n\n\n<div class=\"wp-block-buttons is-content-justification-center is-layout-flex wp-container-core-buttons-is-layout-16018d1d wp-block-buttons-is-layout-flex\">\n<div class=\"wp-block-button\"><a href=\"https:\/\/miresi.es\/buscador\/\"  rel=\"noreferrer noopener\"  rel=\"noreferrer noopener\">buscar residencia para parkinson<\/a><\/div>\n<\/div>\n\n\n\n<h3 class=\"wp-block-heading\">3.4. Ansiedad<\/h3>\n\n\n\n<p>Sentir constantemente estr\u00e9s, sea por el motivo que sea, pasa factura a nuestra salud mental, especialmente cuando nos encontramos en una etapa m\u00e1s vulnerable de nuestra vida como la vejez.\u00a0<\/p>\n\n\n\n<p>Somos m\u00e1s susceptibles de sentirnos abrumados por cualquier situaci\u00f3n de nuestra vida que podamos identificar como un problema o amenaza, llegando\u00a0 a desarrollar incluso un <strong><a href=\"https:\/\/miresi.es\/blog\/trastorno-de-ansiedad-en-el-adulto-mayor\/\"  target=\"_blank\" rel=\"noreferrer noopener\"  target=\"_blank\" rel=\"noreferrer noopener\">trastorno de ansiedad<\/a><\/strong>.<\/p>\n\n\n\n<p>Dicho trastorno se caracteriza por un <strong>malestar psicol\u00f3gico y emocional que se somatiza<\/strong>, derivando en s\u00edntomas f\u00edsicos como el cansancio o el insomnio.<\/p>\n\n\n\n<p>Un mayor con ansiedad no padece dicho trastorno s\u00f3lo por el estr\u00e9s que provocan determinadas situaciones. La gen\u00e9tica, la soledad o los traumas son otras de las causas que pueden alterar profundamente el estado de \u00e1nimo de nuestro ser querido.<\/p>\n\n\n\n<p>Para detectar este trastorno, algo muy complicado en la tercera edad pues se suele malinterpretar o asociar al propio proceso de envejecimiento, es importante que conozcas los s\u00edntomas: <strong>la fatiga, los problemas para concentrarse, la sensaci\u00f3n de ahogo, la hiperactividad o la preocupaci\u00f3n excesiva son solo algunas de las manifestaciones de la ansiedad.<\/strong><\/p>\n\n\n\n<p>Por \u00faltimo, <strong>su tratamiento exige la asistencia de un psic\u00f3logo<\/strong> que, mediante t\u00e9cnicas de psicoterapia, como la reeducaci\u00f3n de pensamientos o los ejercicios de respiraci\u00f3n, ayudan al mayor a superar la ansiedad lenta pero seguramente.\u00a0<\/p>\n\n\n\n<h3 class=\"wp-block-heading\">3.5. Deshidrataci\u00f3n<\/h3>\n\n\n\n<p>Beber agua es fundamental para nuestro organismo. <strong>Nuestra sangre necesita agua para poder llegar a nuestros \u00f3rganos y proporcionarles los nutrientes necesarios para que estos funcionen bien.<\/strong><\/p>\n\n\n\n<p>De lo contrario, nos encontraremos deshidratados, perdiendo m\u00e1s agua de la que necesitamos ingerir, vi\u00e9ndose nuestras funciones vitales muy resentidas. Puede derivar, en el peor de los casos, en graves complicaciones de salud.<\/p>\n\n\n\n<p>Pero, \u00bfc\u00f3mo saber si necesitamos beber m\u00e1s?<strong> Los principales s\u00edntomas de la <a href=\"https:\/\/miresi.es\/blog\/deshidratacion-en-ancianos\/\"  target=\"_blank\" rel=\"noreferrer noopener\"  target=\"_blank\" rel=\"noreferrer noopener\">deshidrataci\u00f3n<\/a> son los mareos, el estre\u00f1imiento, la fatiga y la sequedad de la piel. <\/strong>Asimismo,<strong> facultades mentales como la memoria o el aprendizaje, se ven dr\u00e1sticamente da\u00f1adas.<\/strong>\u00a0<\/p>\n\n\n\n<p>En la tercera edad, la deshidrataci\u00f3n no solo est\u00e1 provocada por el car\u00e1cter olvidadizo que uno desarrolla en su <strong><a href=\"https:\/\/miresi.es\/blog\/que-es-la-vejez\/\"  target=\"_blank\" rel=\"noreferrer noopener\"  target=\"_blank\" rel=\"noreferrer noopener\">vejez<\/a><\/strong>. Tambi\u00e9n puede ser sin\u00f3nimo de diarrea, fiebre o incluso diabetes.<\/p>\n\n\n\n<p>Para combatirla, lo mejor es <strong>implementar una rutina que ayude a recordar paulatinamente al mayor cuando y cuanto tiene que beber<\/strong>. Ingerir verduras y frutas, ricas en agua, es otro bonus m\u00e1s que conveniente que nuestro cuerpo agradecer\u00e1.<\/p>\n\n\n\n<h3 class=\"wp-block-heading\">3.6. Medicamentos<\/h3>\n\n\n\n<p>Algunos medicamentos, como <strong>los<\/strong> <strong>tranquilizantes y los medicamentos contra las convulsiones, pueden producir efectos secundarios<\/strong>. Siendo uno de ellos los mareos, ser\u00e1\u00a0 necesario coment\u00e1rselo al m\u00e9dico. As\u00ed se podr\u00e1 anular la prescripci\u00f3n de este medicamento, reducir su dosis o sustituirlo por otro m\u00e1s adecuado.<\/p>\n\n\n\n<h2 class=\"wp-block-heading\">4. Tratamiento de los mareos en personas mayores<\/h2>\n\n\n\n<p>Los mareos, aunque suelen desaparecer con el tiempo, pueden llegar a persistir y disminuir dr\u00e1sticamente la calidad de vida del anciano. En ese caso, <strong>requieren un tratamiento espec\u00edfico acorde a la causa de los mareos<\/strong>. Este puede ir desde un medicamento que reduzca de manera general la sensaci\u00f3n de v\u00e9rtigo hasta f\u00e1rmacos contra la ansiedad. Todo depender\u00e1 de la patolog\u00eda que est\u00e9 desencadenando esta p\u00e9rdida de equilibrio y sensaci\u00f3n de confusi\u00f3n.<\/p>\n\n\n\n<p>Para eso, ser\u00e1 indispensable marcar una consulta con un especialista que prescriba el mejor tratamiento de manera personalizada para el caso \u00fanico de cada paciente. \u00c9ste se seguir\u00e1 durante el tiempo recomendado y se concluir\u00e1 cuando los s\u00edntomas se hayan desvanecido.<\/p>\n\n\n<div class=\"wp-block-image\">\n<figure class=\"aligncenter size-large\"><img decoding=\"async\" width=\"1024\" height=\"683\" src=\"https:\/\/miresi.es\/blog\/wp-content\/uploads\/2022\/04\/vertigo-senior-woman-suffering-from-vertigo-dizzi-2022-02-05-02-37-02-utc-1024x683.jpg\" alt=\"mareos en personas mayores\" class=\"wp-image-14899\" srcset=\"https:\/\/miresiblog.imgix.net\/uploads\/2022\/04\/vertigo-senior-woman-suffering-from-vertigo-dizzi-2022-02-05-02-37-02-utc-scaled.jpg?auto=format%2Ccompress&fit=crop&h=683&ixlib=php-3.3.0&w=1024&s=475f1ec9a93c8b4d6c5c9b4fda4fa078 1024w, https:\/\/miresiblog.imgix.net\/uploads\/2022\/04\/vertigo-senior-woman-suffering-from-vertigo-dizzi-2022-02-05-02-37-02-utc-scaled.jpg?auto=format%2Ccompress&fit=crop&h=200&ixlib=php-3.3.0&w=300&s=1ef0bf3e0f839175f723e79fa5695430 300w, https:\/\/miresiblog.imgix.net\/uploads\/2022\/04\/vertigo-senior-woman-suffering-from-vertigo-dizzi-2022-02-05-02-37-02-utc-scaled.jpg?auto=format%2Ccompress&fit=crop&h=512&ixlib=php-3.3.0&w=768&s=955b2846ac89767982c875e8062251cf 768w, https:\/\/miresiblog.imgix.net\/uploads\/2022\/04\/vertigo-senior-woman-suffering-from-vertigo-dizzi-2022-02-05-02-37-02-utc-scaled.jpg?auto=format%2Ccompress&fit=crop&h=1024&ixlib=php-3.3.0&w=1536&s=27d69bcceb95b49697e255d73182401e 1536w, https:\/\/miresiblog.imgix.net\/uploads\/2022\/04\/vertigo-senior-woman-suffering-from-vertigo-dizzi-2022-02-05-02-37-02-utc-scaled.jpg?auto=format%2Ccompress&fit=crop&h=1365&ixlib=php-3.3.0&w=2048&s=89682491ce2a5f09b96822d33ba0580b 2048w, https:\/\/miresiblog.imgix.net\/uploads\/2022\/04\/vertigo-senior-woman-suffering-from-vertigo-dizzi-2022-02-05-02-37-02-utc-scaled.jpg?auto=format%2Ccompress&fit=crop&h=240&ixlib=php-3.3.0&w=360&s=c9361ad1628ab317091f3eacc1cbc9da 360w, https:\/\/miresiblog.imgix.net\/uploads\/2022\/04\/vertigo-senior-woman-suffering-from-vertigo-dizzi-2022-02-05-02-37-02-utc-scaled.jpg?auto=format%2Ccompress&ixlib=php-3.3.0&w=900&s=14fa063be256721c05efb032ec77835a 900w\" sizes=\"(max-width: 1024px) 100vw, 1024px\" \/><figcaption class=\"wp-element-caption\">La desorientaci\u00f3n es otro de los s\u00edntomas que acompa\u00f1a a los mareos.<\/figcaption><\/figure>\n<\/div>\n\n\n<h2 class=\"wp-block-heading\">5. \u00bfC\u00f3mo actuar ante un mareo?<\/h2>\n\n\n\n<p>Muchas veces, cuando nos enfrentamos a una situaci\u00f3n estresante, especialmente cuando se trata de un problema de salud, no sabemos qu\u00e9 hacer o dudamos de nuestra capacidad para ayudar.<\/p>\n\n\n\n<p>Es completamente normal. Una situaci\u00f3n nueva o a la que no estamos acostumbrados nos genera la sensaci\u00f3n de que dar un paso en falso puede comprometer el bienestar de nuestro ser querido. Pero, muchas veces, la inacci\u00f3n conlleva peores consecuencias que intentarlo. Y para intentarlo, uno necesita estar informado.<\/p>\n\n\n\n<p>Ante un mareo, <strong>lo primero que hay que hacer es asegurarse de que el mayor no pierde el equilibrio<\/strong>. Nos pondremos a su lado y le ayudaremos a sentarse. Es esencial evitar que se produzca una ca\u00edda, pues podr\u00eda lesionar seriamente a nuestro mayor.<\/p>\n\n\n\n<p><strong>Una vez se haya recuperado, le ayudaremos a levantarse lentamente de manera progresiva<\/strong>. De este modo, la probabilidad de sufrir otro mareo ser\u00e1 menor y el anciano se sentir\u00e1 mucho m\u00e1s c\u00f3modo.<\/p>\n\n\n\n<p><strong>Si los mareos se repiten en el tiempo y, adem\u00e1s,<\/strong> <strong>vienen acompa\u00f1ados de nuevos s\u00edntomas, ser\u00e1 urgente acudir al m\u00e9dico<\/strong>. De este modo, se evitar\u00e1 el desconocimiento de la potencial enfermedad causante de los mareos y se tratar\u00e1 con rapidez.<\/p>\n\n\n\n<p>Como \u00faltimo consejo, <strong>te recomendamos que la disposici\u00f3n del hogar se ajuste lo m\u00e1ximo posible a la movilidad del mayor.<\/strong> Para ello, habr\u00e1 que dotar de mayor espacio a las distintas habitaciones de la casa, moviendo muebles y cualquier tipo de obst\u00e1culo.<\/p>\n\n\n<div class=\"wp-block-image\">\n<figure class=\"aligncenter size-large\"><img decoding=\"async\" width=\"1024\" height=\"681\" src=\"https:\/\/miresi.es\/blog\/wp-content\/uploads\/2022\/04\/asian-daughter-or-care-assistant-helping-support-s-2021-09-01-00-26-29-utc-1024x681.jpg\" alt=\"mareos en personas mayores\" class=\"wp-image-14897\" srcset=\"https:\/\/miresiblog.imgix.net\/uploads\/2022\/04\/asian-daughter-or-care-assistant-helping-support-s-2021-09-01-00-26-29-utc-scaled.jpg?auto=format%2Ccompress&fit=crop&h=681&ixlib=php-3.3.0&w=1024&s=5caa3fc9a6d09d2db505254c32173f98 1024w, https:\/\/miresiblog.imgix.net\/uploads\/2022\/04\/asian-daughter-or-care-assistant-helping-support-s-2021-09-01-00-26-29-utc-scaled.jpg?auto=format%2Ccompress&fit=crop&h=200&ixlib=php-3.3.0&w=300&s=faa85f08608d0212d13f734b2a71b7a3 300w, https:\/\/miresiblog.imgix.net\/uploads\/2022\/04\/asian-daughter-or-care-assistant-helping-support-s-2021-09-01-00-26-29-utc-scaled.jpg?auto=format%2Ccompress&fit=crop&h=511&ixlib=php-3.3.0&w=768&s=cf0f0bdf5ee56b00e377768b1ce8a6df 768w, https:\/\/miresiblog.imgix.net\/uploads\/2022\/04\/asian-daughter-or-care-assistant-helping-support-s-2021-09-01-00-26-29-utc-scaled.jpg?auto=format%2Ccompress&fit=crop&h=1022&ixlib=php-3.3.0&w=1536&s=d14be80e95ff39308d552534d3ccadbe 1536w, https:\/\/miresiblog.imgix.net\/uploads\/2022\/04\/asian-daughter-or-care-assistant-helping-support-s-2021-09-01-00-26-29-utc-scaled.jpg?auto=format%2Ccompress&fit=crop&h=1363&ixlib=php-3.3.0&w=2048&s=844e9f1c0430888729f3e9db3cf84468 2048w, https:\/\/miresiblog.imgix.net\/uploads\/2022\/04\/asian-daughter-or-care-assistant-helping-support-s-2021-09-01-00-26-29-utc-scaled.jpg?auto=format%2Ccompress&fit=crop&h=240&ixlib=php-3.3.0&w=360&s=d3352ee2cc7bb510f8d97951c934deba 360w, https:\/\/miresiblog.imgix.net\/uploads\/2022\/04\/asian-daughter-or-care-assistant-helping-support-s-2021-09-01-00-26-29-utc-scaled.jpg?auto=format%2Ccompress&ixlib=php-3.3.0&w=902&s=ef3a521292be777a6732b557b8a048ec 902w\" sizes=\"(max-width: 1024px) 100vw, 1024px\" \/><figcaption class=\"wp-element-caption\">Es fundamental, en caso de que nuestro mayor sufra un mareo, ayudarle a ganar estabilidad.<\/figcaption><\/figure>\n<\/div>\n\n\n<h2 class=\"wp-block-heading\"><\/h2>\n\n\n\n<p>Los mareos pueden ser el primer indicio de que nuestro mayor padece alguna enfermedad que requiere cuidados especiales de manera permanente. Si es el caso de tu familiar, no dudes en ponerte en\u00a0 <a href=\"https:\/\/miresi.es\/buscador\/\"  rel=\"noreferrer noopener\"  rel=\"noreferrer noopener\"><strong>contacto<\/strong><\/a><strong> <\/strong>con nosotros.\u00a0<\/p>\n\n\n\n<p>En miResi trabajamos con una amplia red de residencias especializadas en atenci\u00f3n m\u00e9dica, adem\u00e1s de psicol\u00f3gica, en todo el territorio nacional. Centros que se acomodan a las necesidades de tu mayor y ofrecen una gran variedad de servicios en instalaciones modernas y adaptadas. <strong>Un espacio en el que tu mayor podr\u00e1 incorporarse a un estilo de vida beneficioso para su salud general, el envejecimiento activo.<\/strong><\/p>\n\n\n\n<p><br>Nuestro equipo de asesoramiento estar\u00e1 encantado de poder resolver cualquier pregunta que tengas y guiarte durante todo el proceso de b\u00fasqueda, encontrando la mejor residencia para tu ser querido.<strong> \ud83d\udc9a<\/strong><\/p>\n\n\n\n<div class=\"wp-block-buttons is-content-justification-center is-layout-flex wp-container-core-buttons-is-layout-16018d1d wp-block-buttons-is-layout-flex\">\n<div class=\"wp-block-button\"><a href=\"https:\/\/miresi.es\/buscador\/\"  rel=\"noreferrer noopener\"  rel=\"noreferrer noopener\">recibe ayuda gratuita<\/a><\/div>\n<\/div>\n\n\n\n<p class=\"has-cyan-bluish-gray-color has-text-color\" style=\"font-size:10px\">Fuentes:<\/p>\n\n\n\n<ul class=\"wp-block-list\">\n<li>Depencare:<a href=\"https:\/\/www.depencare.com\/causas-de-los-mareos-en-las-personas-mayores\"  target=\"_blank\" rel=\"external nofollow\"  target=\"_blank\" rel=\"noreferrer noopener\"  class=\"wp-links-icon\">https:\/\/www.depencare.com\/causas-de-los-mareos-en-las-personas-mayores<\/a>\u00a0<\/li>\n\n\n\n<li>Mayo Clinic: <a href=\"https:\/\/www.mayoclinic.org\/es-es\/diseases-conditions\/dizziness\/symptoms-causes\/syc-20371787\"  target=\"_blank\" rel=\"external nofollow\"  target=\"_blank\" rel=\"noreferrer noopener\"  class=\"wp-links-icon\">https:\/\/www.mayoclinic.org\/es-es\/diseases-conditions\/dizziness\/symptoms-causes\/syc-20371787<\/a><\/li>\n<\/ul>\n<div style='text-align:center' class='yasr-auto-insert-visitor'><!--Yasr Visitor Votes Shortcode--><div id='yasr_visitor_votes_8396215d92aff' class='yasr-visitor-votes'><div class=\"yasr-custom-text-vv-before yasr-custom-text-vv-before-14884\">\u00a1Haz clic para puntuar esta entrada!<\/div><div id='yasr-vv-second-row-container-8396215d92aff'\r\n                                        class='yasr-vv-second-row-container'><div id='yasr-visitor-votes-rater-8396215d92aff'\r\n                                      class='yasr-rater-stars-vv'\r\n                                      data-rater-postid='14884'\r\n                                      data-rating='4.5'\r\n                                      data-rater-starsize='32'\r\n                                      data-rater-readonly='false'\r\n                                      data-rater-nonce='df9b54cd3f'\r\n                                      data-issingular='false'\r\n                                    ><\/div><div class=\"yasr-vv-stats-text-container\" id=\"yasr-vv-stats-text-container-8396215d92aff\"><svg xmlns=\"https:\/\/www.w3.org\/2000\/svg\" width=\"20\" height=\"20\"\r\n                                   class=\"yasr-dashicons-visitor-stats\"\r\n                                   data-postid=\"14884\"\r\n                                   id=\"yasr-stats-dashicon-8396215d92aff\">\r\n                                   <path d=\"M18 18v-16h-4v16h4zM12 18v-11h-4v11h4zM6 18v-8h-4v8h4z\"><\/path>\r\n                               <\/svg><span id=\"yasr-vv-text-container-8396215d92aff\" class=\"yasr-vv-text-container\"> (Votos: <span id=\"yasr-vv-votes-number-container-8396215d92aff\">2<\/span>  Promedio: <span id=\"yasr-vv-average-container-8396215d92aff\">4.5<\/span>)<\/span><\/div><div id='yasr-vv-loader-8396215d92aff' class='yasr-vv-container-loader'><\/div><\/div><div id='yasr-vv-bottom-container-8396215d92aff'\r\n                              class='yasr-vv-bottom-container'\r\n                              style='display:none'><\/div><\/div><!--End Yasr Visitor Votes Shortcode--><\/div>","protected":false},"excerpt":{"rendered":"<p>\u00bfTu familiar ha sentido m\u00e1s de  una vez sensaci\u00f3n de debilidad y p\u00e9rdida de equilibrio? Hoy te contamos las causas de los mareos en personas mayores.<\/p>\n","protected":false},"author":8,"featured_media":14898,"comment_status":"open","ping_status":"open","sticky":false,"template":"","format":"standard","meta":{"yasr_overall_rating":0,"yasr_post_is_review":"","yasr_auto_insert_disabled":"","yasr_review_type":"","footnotes":""},"categories":[12],"tags":[462,756,732,1342,1341,263,1343,872],"class_list":["post-14884","post","type-post","status-publish","format-standard","has-post-thumbnail","hentry","category-patologias","tag-anemia","tag-ansiedad","tag-desorientacion-en-ancianos","tag-desvanecimiento","tag-mareos-en-personas-mayores","tag-parkinson","tag-perdida-de-equilibrio","tag-tratamiento-farmacologico"],"yasr_visitor_votes":{"stars_attributes":{"read_only":false,"span_bottom":false},"number_of_votes":2,"sum_votes":9},"_links":{"self":[{"href":"https:\/\/miresi.es\/blog\/wp-json\/wp\/v2\/posts\/14884","targetHints":{"allow":["GET"]}}],"collection":[{"href":"https:\/\/miresi.es\/blog\/wp-json\/wp\/v2\/posts"}],"about":[{"href":"https:\/\/miresi.es\/blog\/wp-json\/wp\/v2\/types\/post"}],"author":[{"embeddable":true,"href":"https:\/\/miresi.es\/blog\/wp-json\/wp\/v2\/users\/8"}],"replies":[{"embeddable":true,"href":"https:\/\/miresi.es\/blog\/wp-json\/wp\/v2\/comments?post=14884"}],"version-history":[{"count":43,"href":"https:\/\/miresi.es\/blog\/wp-json\/wp\/v2\/posts\/14884\/revisions"}],"predecessor-version":[{"id":24711,"href":"https:\/\/miresi.es\/blog\/wp-json\/wp\/v2\/posts\/14884\/revisions\/24711"}],"wp:featuredmedia":[{"embeddable":true,"href":"https:\/\/miresi.es\/blog\/wp-json\/wp\/v2\/media\/14898"}],"wp:attachment":[{"href":"https:\/\/miresi.es\/blog\/wp-json\/wp\/v2\/media?parent=14884"}],"wp:term":[{"taxonomy":"category","embeddable":true,"href":"https:\/\/miresi.es\/blog\/wp-json\/wp\/v2\/categories?post=14884"},{"taxonomy":"post_tag","embeddable":true,"href":"https:\/\/miresi.es\/blog\/wp-json\/wp\/v2\/tags?post=14884"}],"curies":[{"name":"wp","href":"https:\/\/api.w.org\/{rel}","templated":true}]}}