{"id":14970,"date":"2022-04-29T09:34:33","date_gmt":"2022-04-29T08:34:33","guid":{"rendered":"https:\/\/miresi.es\/blog\/?p=14970"},"modified":"2026-04-23T18:08:26","modified_gmt":"2026-04-23T17:08:26","slug":"alfabetizacion-en-adultos-mayores","status":"publish","type":"post","link":"https:\/\/miresi.es\/blog\/alfabetizacion-en-adultos-mayores\/","title":{"rendered":"\u00bfPor qu\u00e9 es Importante la Alfabetizaci\u00f3n en Adultos Mayores?"},"content":{"rendered":"\n<p><strong>La Alfabetizacion en Adultos Mayores <\/strong>es imprescindible para que la persona pueda desenvolverse sin obst\u00e1culos en cualquier \u00e1mbito social. Es un <strong>derecho fundamental<\/strong> para todo ser humano. La alfabetizaci\u00f3n es una herramienta fundamental que <strong>permite el desarrollo vital y social. <\/strong>Nos permite <strong>participar de manera activa <\/strong>en la sociedad e influye en nuestro comportamiento y en la manera de comunicarnos con los dem\u00e1s.<\/p>\n\n\n\n<p>En <strong><a href=\"https:\/\/miresi.es\/buscador\/\"  rel=\"noreferrer noopener\"  rel=\"noreferrer noopener\">miResi<\/a> <\/strong>hemos preparado este post para contarte por qu\u00e9 <strong>es importante la alfabetizaci\u00f3n en adultos mayores.<\/strong> Te invitamos a seguir leyendo para descubrir los beneficios que tiene para el <strong>envejecimiento activo<\/strong> y para la sociedad en su conjunto.<\/p>\n\n\n\n<div class=\"wp-block-buttons is-layout-flex wp-block-buttons-is-layout-flex\">\n<div class=\"wp-block-button aligncenter\"><a href=\"https:\/\/miresi.es\/buscador\/\"  rel=\"noreferrer noopener\"  rel=\"noreferrer noopener\">encuentra tu residencia<\/a><\/div>\n<\/div>\n\n\n\n<div style=\"height:10px\" aria-hidden=\"true\" class=\"wp-block-spacer\"><\/div>\n\n\n\n<h2 class=\"wp-block-heading\"><strong>1. \u00bfQu\u00e9 es la alfabetizaci\u00f3n?<\/strong><\/h2>\n\n\n\n<p>Antes de explicar qu\u00e9 es la <strong>Alfabetizacion en Adultos Mayores <\/strong>debemos saber que, en t\u00e9rminos generales, la alfabetizaci\u00f3n hace referencia a la <strong>capacidad de poder leer, escribir y realizar c\u00e1lculos y numeraciones.<\/strong> Adem\u00e1s de contar con esa capacidad, la persona debe poder aplicar esas herramientas b\u00e1sicas de conocimiento cuando lo necesite. Hoy en d\u00eda la alfabetizaci\u00f3n es un proceso de aprendizaje continuo, permanente y progresivo. <\/p>\n\n\n\n<p>De manera m\u00e1s espec\u00edfica, la<a href=\"https:\/\/es.unesco.org\/themes\/alfabetizacion\"  target=\"_blank\" rel=\"external nofollow\"  target=\"_blank\" rel=\"noreferrer noopener\"  class=\"wp-links-icon\"> <strong>UNESCO<\/strong><\/a> explica que la alfabetizaci\u00f3n va un paso m\u00e1s all\u00e1 del hecho de ser capaz de leer, escribir y calcular. Determina este proceso de educaci\u00f3n como <strong>\u201cun medio de identificaci\u00f3n, comprensi\u00f3n, interpretaci\u00f3n, creaci\u00f3n y comunicaci\u00f3n<\/strong> en un mundo cada vez m\u00e1s digitalizado\u201d que adem\u00e1s cuenta cada vez con m\u00e1s informaci\u00f3n. La alfabetizaci\u00f3n en adultos mayores es importante porque les da las herramientas necesarias para desenvolverse<strong> <\/strong>en las necesidades de su d\u00eda a d\u00eda. Evita que los m\u00e1s mayores est\u00e9n en desventaja con respecto a los conocimientos b\u00e1sicos que otros grupos etarios s\u00ed tienen.<\/p>\n\n\n\n<h2 class=\"wp-block-heading\"><strong>2. La Alfabetizaci\u00f3n en Adultos Mayores<\/strong><\/h2>\n\n\n\n<p>La alfabetizaci\u00f3n es una fundamental para que podamos desarrollarnos en \u00e1mbitos sociales, pol\u00edticos y econ\u00f3micos, entre otros. La alfabetizaci\u00f3n en adultos mayores es primordial y un <strong>proceso de aprendizaje que debe estar garantizado tambi\u00e9n en la tercera edad.<\/strong><\/p>\n\n\n\n<p>Desde un enfoque general, la alfabetizaci\u00f3n pretende que el adulto mayor sepa leer, escribir y que adquiera otras habilidades b\u00e1sicas como las matem\u00e1ticas. <strong>\u00bfCu\u00e1ndo podr\u00eda considerarse que un adulto mayor est\u00e1 alfabetizado?<\/strong> En t\u00e9rminos generales, cuando cuenta con las herramientas suficientes para desempe\u00f1ar esas tareas (lectura, escritura y c\u00e1lculo) y cuando, adem\u00e1s, puede hacer uso de estos conocimientos en su cotidianidad.<\/p>\n\n\n<div class=\"wp-block-image\">\n<figure class=\"aligncenter size-large\"><img decoding=\"async\" width=\"1024\" height=\"683\" src=\"https:\/\/miresi.es\/blog\/wp-content\/uploads\/2022\/04\/Alfabetizacion-en-personas-mayores-1024x683.jpg\" alt=\"La Alfabetizacion en Adultos Mayores hace referencia a la capacidad de  leer, escribir y realizar c\u00e1lculos.\" class=\"wp-image-14978\" title=\"La Alfabetizacion en Adultos Mayores hace referencia a la capacidad de  leer, escribir y realizar c\u00e1lculos.\" srcset=\"https:\/\/miresiblog.imgix.net\/uploads\/2022\/04\/Alfabetizacion-en-personas-mayores-scaled.jpg?auto=format%2Ccompress&fit=crop&h=683&ixlib=php-3.3.0&w=1024&s=759aa031e3c4e90308f6adb2db1db3c7 1024w, https:\/\/miresiblog.imgix.net\/uploads\/2022\/04\/Alfabetizacion-en-personas-mayores-scaled.jpg?auto=format%2Ccompress&fit=crop&h=200&ixlib=php-3.3.0&w=300&s=2ea84dd1ed12ae17a33795352193862a 300w, https:\/\/miresiblog.imgix.net\/uploads\/2022\/04\/Alfabetizacion-en-personas-mayores-scaled.jpg?auto=format%2Ccompress&fit=crop&h=512&ixlib=php-3.3.0&w=768&s=bebf320576c07061e4923604deeb845f 768w, https:\/\/miresiblog.imgix.net\/uploads\/2022\/04\/Alfabetizacion-en-personas-mayores-scaled.jpg?auto=format%2Ccompress&fit=crop&h=1024&ixlib=php-3.3.0&w=1536&s=a4d02a67531d7ccd012bf9747ef81556 1536w, https:\/\/miresiblog.imgix.net\/uploads\/2022\/04\/Alfabetizacion-en-personas-mayores-scaled.jpg?auto=format%2Ccompress&fit=crop&h=1365&ixlib=php-3.3.0&w=2048&s=ec9c1c24d6f28b920997b1a38afa8785 2048w, https:\/\/miresiblog.imgix.net\/uploads\/2022\/04\/Alfabetizacion-en-personas-mayores-scaled.jpg?auto=format%2Ccompress&fit=crop&h=240&ixlib=php-3.3.0&w=360&s=ff75b83eda4e1aa899be08879a2558dc 360w, https:\/\/miresiblog.imgix.net\/uploads\/2022\/04\/Alfabetizacion-en-personas-mayores-scaled.jpg?auto=format%2Ccompress&ixlib=php-3.3.0&w=900&s=f61aa1d81f50e66ca1b63a7586c5a8a7 900w\" sizes=\"(max-width: 1024px) 100vw, 1024px\" \/><figcaption class=\"wp-element-caption\">La alfabetizaci\u00f3n en adultos mayores se refiere a la capacidad de leer, escribir y calcular.<\/figcaption><\/figure>\n<\/div>\n\n\n<h3 class=\"wp-block-heading\">2.1. La importancia de la Alfabetizaci\u00f3n en Adultos Mayores<\/h3>\n\n\n\n<p>Es importante trabajar la alfabetizaci\u00f3n en adultos mayores. La educaci\u00f3n es un derecho que no debe quedar limitado por cuestiones de edad. La pedagoga Laura Merlos se\u00f1ala que la alfabetizaci\u00f3n \u201cpuede significar la<strong> realizaci\u00f3n de un anhelo postergado<\/strong>\u201d <strong>en las personas mayores.<\/strong><\/p>\n\n\n\n<p>Si pensamos en la infancia y juventud de los adultos mayores, veremos que muchos de ellos <strong>no estudiaron porque no tuvieron acceso a un sistema educativo<\/strong> y no porque no quisieran hacerlo. Su educaci\u00f3n pudo verse truncada por varios motivos. Porque econ\u00f3micamente no pod\u00eda ser una prioridad en el hogar. Porque por la situaci\u00f3n geogr\u00e1fica no pudieron acceder a la educaci\u00f3n, por ejemplo, porque donde viv\u00edan no hab\u00eda escuela. O, incluso, por cuestiones de discriminaci\u00f3n de g\u00e9nero. <\/p>\n\n\n\n<p>La alfabetizaci\u00f3n en adultos mayores <strong>busca garantizar que este grupo etario conozca sus derechos,<\/strong> que mejore su participaci\u00f3n en la sociedad y pueda interactuar con otras personas con sus mismos intereses y necesidades. Es una v\u00eda para<strong> que el adulto mayor descubra sus capacidades y sus puntos fuertes.<\/strong> Y tambi\u00e9n es una forma de contribuir a mejorar la calidad de vida en las personas mayores en t\u00e9rminos de salud y bienestar.<\/p>\n\n\n\n<h3 class=\"wp-block-heading\">2.2. Retos de la Alfabetizaci\u00f3n en  Adultos Mayores<\/h3>\n\n\n\n<p>A continuaci\u00f3n te contamos los retos que implica la alfabetizaci\u00f3n en adultos mayores. Como indica Laura Merlos en su charla <em>Desarrollo evolutivo de la adultez y la vejez<\/em>, trabajar en el aprendizaje con adultos mayores es todo un reto para los educadores. <strong>Los programas de alfabetizaci\u00f3n en adultos mayores se deben adaptar a sus capacidades y necesidades.<\/strong> Es importante conocer los saberes que el adulto mayor tiene y, a partir de esos conocimientos, desarrollar un m\u00e9todo de ense\u00f1anza.<\/p>\n\n\n\n<p>El m\u00e9todo de aprendizaje debe tener en cuenta que en algunos adultos mayores las capacidades f\u00edsicas y mentales van a estar especialmente deterioradas. Durante el aprendizaje se debe adaptar el entorno<strong> <\/strong>para que este sea <strong>un espacio c\u00f3modo.<\/strong> Los expertos se\u00f1alan que \u201cel aprendizaje debe tener en cuenta las necesidad f\u00edsicas del adulto mayor, as\u00ed como los l\u00edmites de capacidades sensoriales para poder adaptar la ense\u00f1anza a los mismos\u201d. Por ejemplo, debe <strong>tener en cuenta los problemas de visi\u00f3n y auditivos.<\/strong><\/p>\n\n\n\n<p>Algunas de las herramientas para la alfabetizaci\u00f3n del adulto mayor son los cuadernos de ejercicios. Es importante que los cuadernos est\u00e9n adaptados en su edici\u00f3n. Por ejemplo, respecto a la tipograf\u00eda, <strong>que la letra sea m\u00e1s grande de lo habitual<\/strong> para que el adulto mayor no tenga dificultad para verla. Otras herramientas muy importantes durante el aprendizaje son las <strong>actividades y los juegos que estimulan la memoria.<\/strong> Son importantes porque permite que el adulto mayor no olvide con el paso de los d\u00edas lo que va aprendiendo en las clases.<\/p>\n\n\n\n<p>Otro punto fundamental durante el <strong>aprendizaje en adultos mayores es el trabajo en grupo.<\/strong> Merlos explica que a trav\u00e9s del trabajo colaborativo se fomenta que el adulto mayor \u201creconozca que tiene conocimientos y experiencia y que el resto del grupo tambi\u00e9n, lo cual fortalece el autoestima y la relaci\u00f3n con los dem\u00e1s\u201d.<\/p>\n\n\n\n<h3 class=\"wp-block-heading\">2.3. Barrera y temores durante el proceso de Alfabetizaci\u00f3n en  Adultos Mayores<\/h3>\n\n\n\n<p>Hoy en d\u00eda la tercera edad cuenta con otra calidad de vida y demanda otras necesidades. Las expectativas del adulto mayor ya no son las que pod\u00eda ser unas d\u00e9cadas a otras. Hay adultos mayores que tienen la necesidad de seguir aprendiendo y creciendo personalmente.<\/p>\n\n\n\n<p>Sin embargo, los <strong>prejuicios <\/strong>que se han ido estableciendo en la sociedad <strong>en torno a la educaci\u00f3n y el envejecimiento,<\/strong> hacen que muchas personas mayores no se atrevan a dar el paso para recibir una educaci\u00f3n.<\/p>\n\n\n\n<p>Los pedagogos, educadores y profesionales de la ense\u00f1anza han observado algunos <strong>temores a los que se enfrenta el adulto mayor<\/strong> durante un proceso de alfabetizaci\u00f3n. A continuaci\u00f3n te contamos algunas de las barreras o temores que los expertos han se\u00f1alado:<\/p>\n\n\n\n<ul class=\"wp-block-list\">\n<li>El adulto mayor puede <strong>temer sentirse en inferioridad de condiciones<\/strong> por su falta de escolaridad. Puede darle verg\u00fcenza asumir que no sabe escribir y leer.<\/li>\n\n\n\n<li>Siente <strong>temor de estar en desventaja<\/strong> respecto al resto de grupo por sus capacidades f\u00edsicas o cognitivas.<\/li>\n\n\n\n<li>El adulto mayor suele <strong>desconfiar en su capacidad<\/strong> de aprendizaje.<\/li>\n\n\n\n<li>Puede <strong>sentir timidez<\/strong> al encontrarse con personas que saben m\u00e1s que ellos.<\/li>\n\n\n\n<li>Otra barrera es que pueden <strong>desilusionarse si no ven \u00e9xito<\/strong> en su aprendizaje. Por eso es importante que entiendan que el aprendizaje es un proceso lento.<\/li>\n<\/ul>\n\n\n\n<p>Para romper estas barreras los expertos recomiendan <strong>crear ambiente de confianza<\/strong> en el que el adulto mayor se sienta c\u00f3modo. Aconsejan investigar en cu\u00e1les son los intereses del adulto mayor para trabajar con sus motivaciones. Es importante <strong>evitar hacer juicios y comentarios negativos.<\/strong> <\/p>\n\n\n\n<p>Hay que <strong>escuchar a los adultos mayores:<\/strong> atender a sus ideas, expresiones, pensamientos y emociones porque son de gran ayuda a la hora de abordar el proceso educativo. Y tambi\u00e9n es importante considerar las distintas formas en las que los adultos mayores pueden desempe\u00f1ar una tarea o una actividad.<\/p>\n\n\n<div class=\"wp-block-image\">\n<figure class=\"aligncenter size-large\"><img decoding=\"async\" width=\"1024\" height=\"683\" src=\"https:\/\/miresi.es\/blog\/wp-content\/uploads\/2022\/04\/Alfabetizacion-en-adultos-mayores-en-grupo-1024x683.jpg\" alt=\"El trabajo en grupo es fundamental para la Alfabetizacion en Adultos Mayores\n\" class=\"wp-image-14980\" srcset=\"https:\/\/miresiblog.imgix.net\/uploads\/2022\/04\/Alfabetizacion-en-adultos-mayores-en-grupo-scaled.jpg?auto=format%2Ccompress&fit=crop&h=683&ixlib=php-3.3.0&w=1024&s=e181a7d015d9d051b9b7e995f7c3803a 1024w, https:\/\/miresiblog.imgix.net\/uploads\/2022\/04\/Alfabetizacion-en-adultos-mayores-en-grupo-scaled.jpg?auto=format%2Ccompress&fit=crop&h=200&ixlib=php-3.3.0&w=300&s=d9ee77dccad1a9fee55cf9ce32c31501 300w, https:\/\/miresiblog.imgix.net\/uploads\/2022\/04\/Alfabetizacion-en-adultos-mayores-en-grupo-scaled.jpg?auto=format%2Ccompress&fit=crop&h=512&ixlib=php-3.3.0&w=768&s=10aa16dd49f1c6a15524bc3a275527dc 768w, https:\/\/miresiblog.imgix.net\/uploads\/2022\/04\/Alfabetizacion-en-adultos-mayores-en-grupo-scaled.jpg?auto=format%2Ccompress&fit=crop&h=1024&ixlib=php-3.3.0&w=1536&s=f61239eb84e8776353a38c0ac9fe8e41 1536w, https:\/\/miresiblog.imgix.net\/uploads\/2022\/04\/Alfabetizacion-en-adultos-mayores-en-grupo-scaled.jpg?auto=format%2Ccompress&fit=crop&h=1365&ixlib=php-3.3.0&w=2048&s=6aebb1cc902f3acf2dfb83da8ff59767 2048w, https:\/\/miresiblog.imgix.net\/uploads\/2022\/04\/Alfabetizacion-en-adultos-mayores-en-grupo-scaled.jpg?auto=format%2Ccompress&fit=crop&h=240&ixlib=php-3.3.0&w=360&s=bab11a00e8f8f5082e1140a89ec0953b 360w, https:\/\/miresiblog.imgix.net\/uploads\/2022\/04\/Alfabetizacion-en-adultos-mayores-en-grupo-scaled.jpg?auto=format%2Ccompress&ixlib=php-3.3.0&w=900&s=d5f7d4d4737acc0760fb9993bb96b8ff 900w\" sizes=\"(max-width: 1024px) 100vw, 1024px\" \/><figcaption class=\"wp-element-caption\">El trabajo en grupo es fundamental para la alfabetizaci\u00f3n en adultos mayores<\/figcaption><\/figure>\n<\/div>\n\n\n<h2 class=\"wp-block-heading\">3. La importancia de una Educaci\u00f3n Permanente<\/h2>\n\n\n\n<p>La educaci\u00f3n tradicional ha perpetuado una forma de aprendizaje que tiene cabida s\u00f3lo en determinadas etapas vitales: vinculadas sobre todo a la infancia y a la juventud. Por suerte, socialmente vamos aceptando que <strong>la educaci\u00f3n es un continuo aprendizaje<\/strong> y que, como tal, debe formar parte de nuestro camino vital. No obstante, todav\u00eda siguen existiendo prejuicios y estereotipos sobre el acceso a la ense\u00f1anza en las personas mayores. Prejuicios y estereotipos negativos acerca de la vejez que la idea de Educaci\u00f3n Permanente quiere combatir. <strong>\u00bfY qu\u00e9 es eso de la Educaci\u00f3n Permanente?<\/strong><\/p>\n\n\n\n<p>En un texto para la revista <em>Horizontes Educacionales<\/em>, Nelson Garc\u00eda explica que la Educaci\u00f3n Permanente es <strong>un movimiento cultural que reclama espacios de aprendizaje<\/strong> para una <strong>poblaci\u00f3n<\/strong> que cada vez es m\u00e1s <strong>longeva<\/strong>. La Educaci\u00f3n Permanente se\u00f1ala que durante el envejecimiento tambi\u00e9n podemos encontrar la capacidad de aprender porque, en cuanto a aprendizaje se refiere, las personas aprendemos a lo largo de toda nuestra vida.<\/p>\n\n\n\n<h3 class=\"wp-block-heading\">3.1. Ventajas de una Educaci\u00f3n Permanente en el adulto mayor<\/h3>\n\n\n\n<p>La <strong>Educaci\u00f3n Permanente<\/strong> tiene como objetivo <strong>fomentar una sociedad m\u00e1s justa<\/strong> e igualitaria, en la que la igualdad de oportunidad sea una realidad para todas las edades. La idea form\u00f3 parte de un programa que la <strong><a href=\"https:\/\/www.unesco.org\/es\"  target=\"_blank\" rel=\"external nofollow\"  target=\"_blank\" rel=\"noreferrer noopener\"  class=\"wp-links-icon\">UNESCO<\/a><\/strong> propuso a finales de los a\u00f1os noventa para concienciar sobre los problemas y soluciones motivadas por tener una esperanza de vida cada vez m\u00e1s prolongada.<\/p>\n\n\n\n<p>En las personas mayores la educaci\u00f3n va dirigida a mejorar su calidad de vida. <strong>\u00bfQu\u00e9 impacto tiene la Educaci\u00f3n Permanente en el adulto mayor?<\/strong> Citando las orientaciones de Nelson Garc\u00eda, mencionamos algunas de las ventajas de este m\u00e9todo educativo:<\/p>\n\n\n\n<ul class=\"wp-block-list\">\n<li>La educaci\u00f3n permanente no tiene puestos sus intereses en la producci\u00f3n, sino en la formaci\u00f3n del individuo para <strong>estimular sus motivaciones m\u00e1s profundas.<\/strong><\/li>\n\n\n\n<li>La educaci\u00f3n permanente<strong> no tiene l\u00edmites<\/strong> ni de edad, ni de formaci\u00f3n previa, ni de ubicaci\u00f3n socioecon\u00f3mica.<\/li>\n\n\n\n<li>Las personas mayores encuentran a trav\u00e9s de ella nuevas formas de organizar su tiempo, no para pasar el rato simplemente, sino buscando <strong>una nueva actitud de vida que le enriquezca personalmente.<\/strong><\/li>\n\n\n\n<li>La educaci\u00f3n permanente <strong>puede hacerse en distintos lugares<\/strong>: asociaciones de jubilados, centros de asistencia, clubes, en las Universidades de la Tercera Edad, etc.\u00a0\u00a0<\/li>\n\n\n\n<li>La educaci\u00f3n permanente puede dar lugar a <strong>cambios significativos en el imaginario social,<\/strong> transformando las actitudes de descalificaci\u00f3n, menosprecio o paternalismo hacia los mayores.<\/li>\n<\/ul>\n\n\n<div class=\"wp-block-image\">\n<figure class=\"aligncenter size-large\"><img decoding=\"async\" width=\"1024\" height=\"683\" src=\"https:\/\/miresi.es\/blog\/wp-content\/uploads\/2022\/04\/Alfabetizacion-digital-en-adultos-mayores-1024x683.jpg\" alt=\"En un mundo que cada vez m\u00e1s conectado la alfabetizaci\u00f3n digital en adultos mayores es fundamental\" class=\"wp-image-14977\" srcset=\"https:\/\/miresiblog.imgix.net\/uploads\/2022\/04\/Alfabetizacion-digital-en-adultos-mayores-scaled.jpg?auto=format%2Ccompress&fit=crop&h=683&ixlib=php-3.3.0&w=1024&s=4d9bd3bcf29a03d5f7c4a6f8be24f3f9 1024w, https:\/\/miresiblog.imgix.net\/uploads\/2022\/04\/Alfabetizacion-digital-en-adultos-mayores-scaled.jpg?auto=format%2Ccompress&fit=crop&h=200&ixlib=php-3.3.0&w=300&s=d8b485be1cc88a85ba0e5d306c52ed3e 300w, https:\/\/miresiblog.imgix.net\/uploads\/2022\/04\/Alfabetizacion-digital-en-adultos-mayores-scaled.jpg?auto=format%2Ccompress&fit=crop&h=512&ixlib=php-3.3.0&w=768&s=fe42cbdf4304cca4097bbe6ea2d44491 768w, https:\/\/miresiblog.imgix.net\/uploads\/2022\/04\/Alfabetizacion-digital-en-adultos-mayores-scaled.jpg?auto=format%2Ccompress&fit=crop&h=1024&ixlib=php-3.3.0&w=1536&s=fdd63eac186e1b3c67f138da1289c6de 1536w, https:\/\/miresiblog.imgix.net\/uploads\/2022\/04\/Alfabetizacion-digital-en-adultos-mayores-scaled.jpg?auto=format%2Ccompress&fit=crop&h=1365&ixlib=php-3.3.0&w=2048&s=1408f474f6b05ede2e094800285e717f 2048w, https:\/\/miresiblog.imgix.net\/uploads\/2022\/04\/Alfabetizacion-digital-en-adultos-mayores-scaled.jpg?auto=format%2Ccompress&fit=crop&h=240&ixlib=php-3.3.0&w=360&s=f2bc22acc57de3f5f4c813131198ab34 360w, https:\/\/miresiblog.imgix.net\/uploads\/2022\/04\/Alfabetizacion-digital-en-adultos-mayores-scaled.jpg?auto=format%2Ccompress&ixlib=php-3.3.0&w=900&s=7a85ee3a8f2666f6ffbf34678b1efeb0 900w\" sizes=\"(max-width: 1024px) 100vw, 1024px\" \/><figcaption class=\"wp-element-caption\">La alfabetizaci\u00f3n digital en adultos mayores es fundamental<\/figcaption><\/figure>\n<\/div>\n\n\n<h2 class=\"wp-block-heading\">4. La alfabetizaci\u00f3n digital en adultos mayores<\/h2>\n\n\n\n<p>En un mundo que cada d\u00eda est\u00e1 m\u00e1s digitalizado <strong>es fundamental que la alfabetizaci\u00f3n de los <\/strong><a href=\"https:\/\/miresi.es\/blog\/la-brecha-digital-las-personas-mayores-y-la-tecnologia\/\"  target=\"_blank\" rel=\"noreferrer noopener\"  target=\"_blank\" rel=\"noreferrer noopener\"><strong>adultos sea tambi\u00e9n aplicada a lo digital.<\/strong><\/a> Como sociedad tenemos que abordar las brechas y desaf\u00edos que impiden que las personas mayores se beneficien de las transformaciones digitales. La inclusi\u00f3n digital debe garantizar la participaci\u00f3n de las personas independientemente de su edad.<\/p>\n\n\n\n<p>\u00bfC\u00f3mo se puede garantizar la inclusi\u00f3n digital para los adultos mayores? Desde <strong>el<a href=\"https:\/\/www.weforum.org\/agenda\/2021\/10\/how-can-we-ensure-digital-inclusion-for-older-adults\/\"  target=\"_blank\" rel=\"external nofollow\"  target=\"_blank\" rel=\"noreferrer noopener\"  class=\"wp-links-icon\"> Foro Econ\u00f3mico Mundial<\/a> dan algunas orientaciones <\/strong>para ello:<\/p>\n\n\n\n<ul class=\"wp-block-list\">\n<li><strong>Dise\u00f1ar tecnolog\u00eda inclusiva<\/strong> que tenga en cuenta las necesidades de los adultos mayores.<\/li>\n\n\n\n<li><strong>Eliminar la discriminaci\u00f3n por edad <\/strong>porque es una barrea para la inclusi\u00f3n digital y limita la percepci\u00f3n que se tiene de las personas mayores y de las Tecnolog\u00edas de la Informaci\u00f3n y la Comunicaci\u00f3n.<\/li>\n\n\n\n<li><strong>Cuestionar la igualdad de datos.<\/strong> Necesitamos entender que todas las edades tienen necesidades \u00fanicas.<\/li>\n\n\n\n<li>Tener en cuenta las <strong>necesidades de las personas mayores<\/strong> que permitan su participaci\u00f3n en la era digital.<\/li>\n\n\n\n<li>No dejar a nadie atr\u00e1s. Garantizar que los adultos mayores tengan <strong>acceso a Internet<\/strong>.<\/li>\n\n\n\n<li>Ofrecer <strong>cursos de alfabetizaci\u00f3n digital <\/strong>que ayuden a que las personas mayores se adapten a nuevos avances tecnol\u00f3gicos y estilos de vida.<\/li>\n<\/ul>\n\n\n\n<div class=\"wp-block-buttons is-layout-flex wp-block-buttons-is-layout-flex\">\n<div class=\"wp-block-button aligncenter\"><a href=\"https:\/\/miresi.es\/buscador\/\"  rel=\"noreferrer noopener\"  rel=\"noreferrer noopener\">Encuentra ayuda personalizada<\/a><\/div>\n<\/div>\n\n\n\n<div style=\"height:10px\" aria-hidden=\"true\" class=\"wp-block-spacer\"><\/div>\n\n\n\n<h2 class=\"wp-block-heading\">5. La alfabetizaci\u00f3n en salud para adultos mayores<\/h2>\n\n\n\n<p>La alfabetizaci\u00f3n en las personas mayores, como en el resto de grupos etarios, repercute en el bienestar de su salud.\u00a0 <strong>\u00bfQu\u00e9 es la alfabetizaci\u00f3n en salud?<\/strong> Es una idea que parte de la alfabetizaci\u00f3n general y a\u00f1ade los conocimientos y competencias que las personas deben tener para <strong>poder acceder a la informaci\u00f3n sobre su salud.<\/strong> En realidad, no solo para poder acceder a esta informaci\u00f3n, tambi\u00e9n para poder <strong>entenderla y evaluarla.<\/strong> Para as\u00ed tomar las decisiones adecuadas en temas relacionados con su salud y con la atenci\u00f3n y cuidado sanitario que puedan necesitar.<\/p>\n\n\n\n<p><strong>Para la <\/strong><a href=\"https:\/\/www.who.int\/es\"  target=\"_blank\" rel=\"external nofollow\"  target=\"_blank\" rel=\"noreferrer noopener\"  class=\"wp-links-icon\"><strong>OMS<\/strong> <\/a><strong>la alfabetizaci\u00f3n en la salud<\/strong> hace referencia a las \u201chabilidades sociocognitivas que posibilitan a los individuos a acceder a la informaci\u00f3n sobre su salud y a entenderla y comprenderla para <strong>promover un estado de vida saludable\u201d.<\/strong>\u00a0<\/p>\n\n\n\n<p>Juan Guerrero y D\u00e1maris Olivares desarrollan la importancia de la<a href=\"http:\/\/www.johamsc.com\/wp-content\/uploads\/2019\/10\/JOHAMSC-42-81-85-2018.pdf\"  target=\"_blank\" rel=\"external nofollow\"  target=\"_blank\" rel=\"noreferrer noopener\"  class=\"wp-links-icon\"> alfabetizaci\u00f3n en salud.<\/a> Explican que \u201cla alfabetizaci\u00f3n en salud ha demostrado tener un importante rol en la determinaci\u00f3n social de la salud, relacion\u00e1ndose su bajo nivel a mayor riesgo de morbilidad, de mortalidad, mal uso de servicios de atenci\u00f3n de urgencia, incumplimiento de tratamientos prescritos\u201d, entre otros.<\/p>\n\n\n\n<p>Como indican los expertos <strong>la alfabetizaci\u00f3n en salud brinda herramientas<\/strong> para que las personas mayores, como cualquier grupo etario, sepa <strong>procesar la informaci\u00f3n sobre su salud desde distintos aspectos.<\/strong> Aspectos que van desde el propio acceso a la informaci\u00f3n y que pasan por su comprensi\u00f3n y entendimiento para que puedan valorar esa informaci\u00f3n y finalmente tomar medidas. Decisiones que afectan a su salud y que puedan estar relacionadas con la <strong>prevenci\u00f3n de enfermedades y con otras cuestiones como la atenci\u00f3n y cuidados sanitarios.<\/strong><\/p>\n\n\n\n<p>En<strong> <a href=\"https:\/\/miresi.es\/\"  target=\"_blank\" rel=\"noreferrer noopener\"  target=\"_blank\" rel=\"noreferrer noopener\">miResi <\/a><\/strong>creemos que la vejez no deber\u00eda ser excusa para continuar aprendiendo. Tampoco para vivir experiencias enriquecedoras. La edad no deber\u00eda ser un factor que impida llevar a cabo esas nuevas ideas que rondan por la cabeza.<\/p>\n\n\n\n<p>El acceso a la informaci\u00f3n es fundamental para la toma de decisiones. Sabemos tambi\u00e9n que buscar una residencia para tu ser querido puede ser un proceso dif\u00edcil. Por eso contamos con una <strong>amplia red de residencias<\/strong> y un <strong>equipo de asesoramiento<\/strong> que te ayudar\u00e1 de forma gratuita y personalizada. Solo tienes que ponerte en contacto con nosotros. <strong>\u00a1Bienvenidos a miResi!<\/strong><\/p>\n\n\n\n<div class=\"wp-block-buttons is-layout-flex wp-block-buttons-is-layout-flex\">\n<div class=\"wp-block-button aligncenter\"><a href=\"https:\/\/miresi.es\/buscador\/\"  rel=\"noreferrer noopener\"  rel=\"noreferrer noopener\">asesoramiento gratuito<\/a><\/div>\n<\/div>\n\n\n\n<div style=\"height:10px\" aria-hidden=\"true\" class=\"wp-block-spacer\"><\/div>\n\n\n\n<p class=\"has-cyan-bluish-gray-color has-text-color\" style=\"font-size:10px\">Fuentes:<\/p>\n\n\n\n<ul class=\"wp-block-list\">\n<li>UNESCO: <a href=\"https:\/\/es.unesco.org\/themes\/alfabetizacion\"  target=\"_blank\" rel=\"external nofollow\"  target=\"_blank\" rel=\"noreferrer noopener\"  class=\"wp-links-icon\">https:\/\/es.unesco.org\/themes\/alfabetizacion<\/a><\/li>\n\n\n\n<li><em>Desarrollo evolutivo de la adultez y la vejez<\/em> de Laura Merlos: <a href=\"https:\/\/youtu.be\/1091ZtHkaEs\"  target=\"_blank\" rel=\"external nofollow\"  target=\"_blank\" rel=\"noreferrer noopener\"  class=\"wp-links-icon\">https:\/\/youtu.be\/1091ZtHkaEs<\/a><\/li>\n\n\n\n<li><em>La educaci\u00f3n con personas mayores en una sociedad que envejece <\/em>de Nelson Garc\u00eda: <a href=\"https:\/\/www.redalyc.org\/articulo.oa?id=97917592006\"  target=\"_blank\" rel=\"external nofollow\"  target=\"_blank\" rel=\"noreferrer noopener\"  class=\"wp-links-icon\">https:\/\/www.redalyc.org\/articulo.oa?id=97917592006<\/a><\/li>\n\n\n\n<li>Foro Econ\u00f3mico Mundial: <a href=\"https:\/\/www.weforum.org\/agenda\/2021\/10\/how-can-we-ensure-digital-inclusion-for-older-adults\/\"  target=\"_blank\" rel=\"external nofollow\"  target=\"_blank\" rel=\"noreferrer noopener\"  class=\"wp-links-icon\">https:\/\/www.weforum.org\/agenda\/2021\/10\/how-can-we-ensure-digital-inclusion-for-older-adults\/<\/a><\/li>\n\n\n\n<li>Universo abierto: <a href=\"https:\/\/universoabierto.org\/2021\/10\/05\/como-podemos-garantizar-la-inclusion-digital-de-los-adultos-mayores\/\"  target=\"_blank\" rel=\"external nofollow\"  target=\"_blank\" rel=\"noreferrer noopener\"  class=\"wp-links-icon\">https:\/\/universoabierto.org\/2021\/10\/05\/como-podemos-garantizar-la-inclusion-digital-de-los-adultos-mayores\/<\/a><\/li>\n\n\n\n<li><em>Alfabetizaci\u00f3n en Salud: Concepto y Aplicaciones <\/em>de Juan Guerrero y D\u00e1maris Olivares: <a href=\"http:\/\/www.johamsc.com\/wp-content\/uploads\/2019\/10\/JOHAMSC-42-81-85-2018.pdf\"  target=\"_blank\" rel=\"external nofollow\"  target=\"_blank\" rel=\"noreferrer noopener\"  class=\"wp-links-icon\">http:\/\/www.johamsc.com\/wp-content\/uploads\/2019\/10\/JOHAMSC-42-81-85-2018.pdf<\/a><\/li>\n<\/ul>\n\n\n\n<p><\/p>\n<div style='text-align:center' class='yasr-auto-insert-visitor'><!--Yasr Visitor Votes Shortcode--><div id='yasr_visitor_votes_ec39c2620a2ff' class='yasr-visitor-votes'><div class=\"yasr-custom-text-vv-before yasr-custom-text-vv-before-14970\">\u00a1Haz clic para puntuar esta entrada!<\/div><div id='yasr-vv-second-row-container-ec39c2620a2ff'\r\n                                        class='yasr-vv-second-row-container'><div id='yasr-visitor-votes-rater-ec39c2620a2ff'\r\n                                      class='yasr-rater-stars-vv'\r\n                                      data-rater-postid='14970'\r\n                                      data-rating='4.7'\r\n                                      data-rater-starsize='32'\r\n                                      data-rater-readonly='false'\r\n                                      data-rater-nonce='df9b54cd3f'\r\n                                      data-issingular='false'\r\n                                    ><\/div><div class=\"yasr-vv-stats-text-container\" id=\"yasr-vv-stats-text-container-ec39c2620a2ff\"><svg xmlns=\"https:\/\/www.w3.org\/2000\/svg\" width=\"20\" height=\"20\"\r\n                                   class=\"yasr-dashicons-visitor-stats\"\r\n                                   data-postid=\"14970\"\r\n                                   id=\"yasr-stats-dashicon-ec39c2620a2ff\">\r\n                                   <path d=\"M18 18v-16h-4v16h4zM12 18v-11h-4v11h4zM6 18v-8h-4v8h4z\"><\/path>\r\n                               <\/svg><span id=\"yasr-vv-text-container-ec39c2620a2ff\" class=\"yasr-vv-text-container\"> (Votos: <span id=\"yasr-vv-votes-number-container-ec39c2620a2ff\">3<\/span>  Promedio: <span id=\"yasr-vv-average-container-ec39c2620a2ff\">4.7<\/span>)<\/span><\/div><div id='yasr-vv-loader-ec39c2620a2ff' class='yasr-vv-container-loader'><\/div><\/div><div id='yasr-vv-bottom-container-ec39c2620a2ff'\r\n                              class='yasr-vv-bottom-container'\r\n                              style='display:none'><\/div><\/div><!--End Yasr Visitor Votes Shortcode--><\/div>","protected":false},"excerpt":{"rendered":"<p>En miResi te explicamos los beneficios de la Alfabetizacion en Adultos Mayores. \u00a1Descubre la importancia de la educaci\u00f3n en la tercera edad!<\/p>\n","protected":false},"author":13,"featured_media":14971,"comment_status":"closed","ping_status":"closed","sticky":false,"template":"","format":"standard","meta":{"yasr_overall_rating":0,"yasr_post_is_review":"","yasr_auto_insert_disabled":"","yasr_review_type":"","footnotes":""},"categories":[386,26,382],"tags":[1047,30,31],"class_list":["post-14970","post","type-post","status-publish","format-standard","has-post-thumbnail","hentry","category-bienestar","category-envejecimiento","category-memoria","tag-educacion-para-ancianos","tag-envejecimiento-activo","tag-salud-en-la-vejez"],"yasr_visitor_votes":{"stars_attributes":{"read_only":false,"span_bottom":false},"number_of_votes":3,"sum_votes":14},"_links":{"self":[{"href":"https:\/\/miresi.es\/blog\/wp-json\/wp\/v2\/posts\/14970","targetHints":{"allow":["GET"]}}],"collection":[{"href":"https:\/\/miresi.es\/blog\/wp-json\/wp\/v2\/posts"}],"about":[{"href":"https:\/\/miresi.es\/blog\/wp-json\/wp\/v2\/types\/post"}],"author":[{"embeddable":true,"href":"https:\/\/miresi.es\/blog\/wp-json\/wp\/v2\/users\/13"}],"replies":[{"embeddable":true,"href":"https:\/\/miresi.es\/blog\/wp-json\/wp\/v2\/comments?post=14970"}],"version-history":[{"count":68,"href":"https:\/\/miresi.es\/blog\/wp-json\/wp\/v2\/posts\/14970\/revisions"}],"predecessor-version":[{"id":24709,"href":"https:\/\/miresi.es\/blog\/wp-json\/wp\/v2\/posts\/14970\/revisions\/24709"}],"wp:featuredmedia":[{"embeddable":true,"href":"https:\/\/miresi.es\/blog\/wp-json\/wp\/v2\/media\/14971"}],"wp:attachment":[{"href":"https:\/\/miresi.es\/blog\/wp-json\/wp\/v2\/media?parent=14970"}],"wp:term":[{"taxonomy":"category","embeddable":true,"href":"https:\/\/miresi.es\/blog\/wp-json\/wp\/v2\/categories?post=14970"},{"taxonomy":"post_tag","embeddable":true,"href":"https:\/\/miresi.es\/blog\/wp-json\/wp\/v2\/tags?post=14970"}],"curies":[{"name":"wp","href":"https:\/\/api.w.org\/{rel}","templated":true}]}}