{"id":15355,"date":"2022-05-03T09:08:50","date_gmt":"2022-05-03T08:08:50","guid":{"rendered":"https:\/\/miresi.es\/blog\/?p=15355"},"modified":"2026-04-23T18:08:16","modified_gmt":"2026-04-23T17:08:16","slug":"beneficios-de-las-zonas-verdes-en-la-tercera-edad","status":"publish","type":"post","link":"https:\/\/miresi.es\/blog\/beneficios-de-las-zonas-verdes-en-la-tercera-edad\/","title":{"rendered":"\u00bfConoces los Beneficios de las Zonas Verdes en la Tercera Edad?"},"content":{"rendered":"\n<p>Los espacios abiertos, el aire limpio y el contacto con la naturaleza son elementos de gran importancia al hablar de<strong> calidad de vida y bienestar.<\/strong>\u00a0 Podemos hablar del<strong> efecto terap\u00e9utico <\/strong>de la naturaleza sobre las personas. Por ello, desde <a href=\"https:\/\/miresi.es\/buscador\/\"  rel=\"noreferrer noopener\" title=\"miResi\"  rel=\"noreferrer noopener\" title=\"miResi\">miResi<\/a> queremos hablarte de los beneficios de las zonas verdes en la salud de nuestros mayores.<\/p>\n\n\n\n<div class=\"wp-block-buttons is-content-justification-center is-layout-flex wp-container-core-buttons-is-layout-16018d1d wp-block-buttons-is-layout-flex\">\n<div class=\"wp-block-button\"><a href=\"https:\/\/miresi.es\/buscador\/\"  rel=\"noreferrer noopener\"  rel=\"noreferrer noopener\">cons\u00faltanos gratis<\/a><\/div>\n<\/div>\n\n\n\n<p style=\"font-size:10px\"><\/p>\n\n\n\n<h2 class=\"wp-block-heading\">1. <strong>\u00bfC\u00f3mo benefician los espacios naturales a la salud?<\/strong><\/h2>\n\n\n\n<p>Est\u00e1 demostrado que los entornos naturales ayudan a <strong>reducir los niveles de estr\u00e9s <\/strong>en las personas y mejoran el estado de \u00e1nimo. El aire puro y la luz del sol son grandes aliados para mejorar dolencias relacionadas con el <strong>sistema respiratorio<\/strong>, la falta de <strong>movilidad<\/strong> o los episodios de <strong>estr\u00e9s<\/strong>.<\/p>\n\n\n\n<div class=\"wp-block-image\"><figure class=\"aligncenter size-large\"><img decoding=\"async\" width=\"1024\" height=\"683\" src=\"https:\/\/miresi.es\/blog\/wp-content\/uploads\/2022\/05\/elderly-woman-watering-plants-in-her-garden-2021-08-26-22-39-39-utc-1024x683.jpg\" alt=\"Anciano disfrutando de un curso de jardiner\u00eda en las zonas verdes de una residencia\" class=\"wp-image-15357\" srcset=\"https:\/\/miresiblog.imgix.net\/uploads\/2022\/05\/elderly-woman-watering-plants-in-her-garden-2021-08-26-22-39-39-utc-scaled.jpg?auto=format%2Ccompress&fit=crop&h=683&ixlib=php-3.3.0&w=1024&s=369584d572faa038eab9fa1fd816f82b 1024w, https:\/\/miresiblog.imgix.net\/uploads\/2022\/05\/elderly-woman-watering-plants-in-her-garden-2021-08-26-22-39-39-utc-scaled.jpg?auto=format%2Ccompress&fit=crop&h=200&ixlib=php-3.3.0&w=300&s=a30740d90192649c34b315beaa82f06d 300w, https:\/\/miresiblog.imgix.net\/uploads\/2022\/05\/elderly-woman-watering-plants-in-her-garden-2021-08-26-22-39-39-utc-scaled.jpg?auto=format%2Ccompress&fit=crop&h=512&ixlib=php-3.3.0&w=768&s=3e26601a9c214be6757955894f601731 768w, https:\/\/miresiblog.imgix.net\/uploads\/2022\/05\/elderly-woman-watering-plants-in-her-garden-2021-08-26-22-39-39-utc-scaled.jpg?auto=format%2Ccompress&fit=crop&h=1024&ixlib=php-3.3.0&w=1536&s=a8a7947cd8e8fa1d048b38b04da66bf3 1536w, https:\/\/miresiblog.imgix.net\/uploads\/2022\/05\/elderly-woman-watering-plants-in-her-garden-2021-08-26-22-39-39-utc-scaled.jpg?auto=format%2Ccompress&fit=crop&h=1365&ixlib=php-3.3.0&w=2048&s=e73c6873a355adf92f0890f311129b8a 2048w, https:\/\/miresiblog.imgix.net\/uploads\/2022\/05\/elderly-woman-watering-plants-in-her-garden-2021-08-26-22-39-39-utc-scaled.jpg?auto=format%2Ccompress&fit=crop&h=240&ixlib=php-3.3.0&w=360&s=40ee63c2f3b0f1c3b8099d9ada6d4686 360w, https:\/\/miresiblog.imgix.net\/uploads\/2022\/05\/elderly-woman-watering-plants-in-her-garden-2021-08-26-22-39-39-utc-scaled.jpg?auto=format%2Ccompress&ixlib=php-3.3.0&w=900&s=4887889ec534367622d193d0ab259522 900w\" sizes=\"(max-width: 1024px) 100vw, 1024px\" \/><figcaption>Anciana disfrutando de los talleres de jardiner\u00eda de su residencia<\/figcaption><\/figure><\/div>\n\n\n\n<h2 class=\"wp-block-heading\">2. <strong>Patolog\u00edas que mejoran con el contacto con la naturaleza<\/strong><\/h2>\n\n\n\n<p>Como hemos comentado, la naturaleza reporta grandes beneficios a las personas. Estos benefician a diversos aspectos de la salud. Los <strong>beneficios f\u00edsicos <\/strong>son bien conocidos, pero hay que tener en cuenta que vivir o visitar asiduamente espacios naturales contribuye a que la <strong>salud mental <\/strong>de nuestros mayores mejore.<\/p>\n\n\n\n<h3 class=\"wp-block-heading\"><strong>2.1. Problemas respiratorios<\/strong><\/h3>\n\n\n\n<p>El<strong> aire puro<\/strong> de las zonas verdes renueva la vida de nuestros pulmones. Es normal observar c\u00f3mo nuestros mayores tienen un \u00e1nimo m\u00e1s vital al encontrarse en espacios naturales. Esto es debido a que el cuerpo se nutre de un aire mucho m\u00e1s puro; <strong>la contaminaci\u00f3n obstruye las fosas nasales y deteriora el aparato respiratorio.<\/strong><\/p>\n\n\n\n<h3 class=\"wp-block-heading\"><strong>2.2. Problemas de movilidad<\/strong><\/h3>\n\n\n\n<p>El campo es un espacio ideal para realizar una <strong>actividad f\u00edsica<\/strong> que se adapte a las capacidades y necesidades de nuestros mayores. El simple hecho de salir a <strong>caminar ya es una rutina muy \u00fatil<\/strong> para las personas ancianas.<\/p>\n\n\n\n<p><strong>Huir del <a href=\"https:\/\/miresi.es\/blog\/sedentarismo-en-personas-mayores\/\"  target=\"_blank\" rel=\"noreferrer noopener\" title=\"El Problema del Sedentarismo en Personas Mayores\"  target=\"_blank\" rel=\"noreferrer noopener\" title=\"El Problema del Sedentarismo en Personas Mayores\">sedentarismo<\/a><\/strong> es siempre importante porque previene la aparici\u00f3n de problemas en las articulaciones. Estos sencillos ejercicios eliminan el problema de la reducci\u00f3n de movilidad en gran medida. Adem\u00e1s, m\u00e1s all\u00e1 de la prevenci\u00f3n, la actividad f\u00edsica controlada para personas con problema de <strong>reuma<\/strong> o <a href=\"https:\/\/miresi.es\/blog\/como-tratar-artrosis-personas-mayores\/\"  title=\"Consejos Para Tratar la Artrosis en Personas Mayores\"  title=\"Consejos Para Tratar la Artrosis en Personas Mayores\">artrosis<\/a>, por ejemplo, son beneficiosas para aminorar los s\u00edntomas de estas patolog\u00edas.<\/p>\n\n\n\n<h3 class=\"wp-block-heading\"><strong>2.3. Patolog\u00edas mentales y estr\u00e9s<\/strong><\/h3>\n\n\n\n<p>Los paseos por el campo ayudan a la <strong>concentraci\u00f3n<\/strong>, ya que requieren de un esfuerzo de atenci\u00f3n mayor que cualquier otro entorno. Esto ayuda a <strong>mantener o mejorar las capacidades cognitivas.<\/strong><\/p>\n\n\n\n<p>De la misma forma, los paraderos tranquilos permiten a los visitantes <strong>rebajar la tensi\u00f3n interna<\/strong>. Esto elimina la hipertensi\u00f3n y aumenta el bienestar an\u00edmico de los mayores. Por otro lado, el cansancio de la actividad <strong>provoca que las personas mayores duerman mejor<\/strong>. Esto es en gran medida gracias a la <strong>dopamina<\/strong> que se libera durante la actividad f\u00edsica. Los mayores se sienten bien, mucho m\u00e1s alegres y satisfechos.<\/p>\n\n\n\n<p>Todo esto repercute en una mejora palpable en la salud mental de nuestros mayores, lo cual siempre es una ventaja para que su estado f\u00edsico mejore. Los mayores que han visto <strong>reducidos sus niveles de estr\u00e9s <\/strong>ven mejor\u00eda en patolog\u00edas como la <a href=\"https:\/\/miresi.es\/blog\/depresion-en-ancianos\/\"  title=\"10 Formas de Tratar la Depresi\u00f3n en Ancianos\"  title=\"10 Formas de Tratar la Depresi\u00f3n en Ancianos\">depresi\u00f3n<\/a> o afecciones como la <a href=\"https:\/\/miresi.es\/blog\/trastorno-de-ansiedad-en-el-adulto-mayor\/\"  title=\"\u00bfSabes C\u00f3mo Afecta el Trastorno de Ansiedad en el Adulto Mayor?\"  title=\"\u00bfSabes C\u00f3mo Afecta el Trastorno de Ansiedad en el Adulto Mayor?\">ansiedad<\/a>.<\/p>\n\n\n\n<h3 class=\"wp-block-heading\"><strong>2.4. Prevenci\u00f3n<\/strong><\/h3>\n\n\n\n<p>El ejercicio f\u00edsico es bueno para la<strong> prevenci\u00f3n de la mayor\u00eda de enfermedades y afecciones<\/strong>. Una vida equilibrada es la clave para evitar problemas para el futuro. El <a href=\"https:\/\/miresi.es\/blog\/ejercicios-de-calentamiento-para-ancianos\/\"  target=\"_blank\" rel=\"noreferrer noopener\" title=\"\u00bfConoces los Mejores Ejercicios de Calentamiento para Ancianos?\"  target=\"_blank\" rel=\"noreferrer noopener\" title=\"\u00bfConoces los Mejores Ejercicios de Calentamiento para Ancianos?\">ejercicio moderado<\/a> (caminatas, deportes ligeros o actividades de meditaci\u00f3n en la naturaleza) contribuye a que <strong>el sistema card\u00edaco funcione mejor<\/strong>, previniendo ataques y <a href=\"https:\/\/miresi.es\/blog\/arritmia-cardiaca-en-ancianos\/\"  target=\"_blank\" rel=\"noreferrer noopener\" title=\"Gu\u00eda Completa sobre la Arritmia Cardiaca en Ancianos\"  target=\"_blank\" rel=\"noreferrer noopener\" title=\"Gu\u00eda Completa sobre la Arritmia Cardiaca en Ancianos\">arritmias<\/a>.\u00a0<\/p>\n\n\n\n<p>Paralelamente, los pulmones pueden descansar en la naturaleza, sobre todo si nuestro mayor vive en una gran ciudad con grandes cargas de poluci\u00f3n en la atm\u00f3sfera. Tambi\u00e9n contribuye el deporte a <strong>aumentar la capacidad pulmonar<\/strong>, lo cual es beneficioso para afecciones como el <a href=\"https:\/\/miresi.es\/blog\/mejores-ejercicios-de-respiracion-para-asma-en-personas-mayores\/\"  target=\"_blank\" rel=\"noreferrer noopener\" title=\"Manual Completo con los Mejores Ejercicios de Respiraci\u00f3n para Asma en Personas Mayores\"  target=\"_blank\" rel=\"noreferrer noopener\" title=\"Manual Completo con los Mejores Ejercicios de Respiraci\u00f3n para Asma en Personas Mayores\">asma<\/a>.<\/p>\n\n\n\n<p>En cuanto a la <a href=\"https:\/\/miresi.es\/blog\/ceguera-en-la-tercera-edad\/\"  target=\"_blank\" rel=\"noreferrer noopener\" title=\"\u00bfCu\u00e1les Son los Problemas de Visi\u00f3n M\u00e1s Comunes en la Tercera Edad?\"  target=\"_blank\" rel=\"noreferrer noopener\" title=\"\u00bfCu\u00e1les Son los Problemas de Visi\u00f3n M\u00e1s Comunes en la Tercera Edad?\">vista<\/a>, <strong>la<\/strong> <strong>luz natural ayuda a que la vista no se canse<\/strong> y, por lo tanto, esta no se deteriore. La luz artificial siempre es un elemento que contribuye a la mala visi\u00f3n. De la misma forma, se estimulan todos los sentidos del mayor, lo cual es bueno para que recupere <strong>agilidad mental y agudeza visual y auditiva.<\/strong><\/p>\n\n\n\n<div class=\"wp-block-buttons is-content-justification-center is-layout-flex wp-container-core-buttons-is-layout-16018d1d wp-block-buttons-is-layout-flex\">\n<div class=\"wp-block-button\"><a href=\"https:\/\/miresi.es\/buscador\/\"  rel=\"noreferrer noopener\"  rel=\"noreferrer noopener\">encuentra residencia<\/a><\/div>\n<\/div>\n\n\n\n<h2 class=\"wp-block-heading\">3. <strong>Actividades para hacer con personas mayores en residencias<\/strong><\/h2>\n\n\n\n<p>Los espacios abiertos naturales siempre son un <strong>escenario m\u00e1s atractivo<\/strong> para la realizaci\u00f3n de actividades de todo tipo. Desde talleres de jardiner\u00eda a excursiones o deporte, la naturaleza ofrece unas condiciones id\u00f3neas.<\/p>\n\n\n\n<h3 class=\"wp-block-heading\"><strong>3.1. Talleres de jardiner\u00eda.<\/strong><\/h3>\n\n\n\n<p>Una de las actividades estrella en el exterior es la <a href=\"https:\/\/miresi.es\/blog\/beneficios-de-la-jardineria-para-personas-mayores\/\"  target=\"_blank\" rel=\"noreferrer noopener\" title=\"Beneficios de la Jardiner\u00eda para Personas Mayores: Las Ra\u00edces para un Mejor Estado de \u00c1nimo\"  target=\"_blank\" rel=\"noreferrer noopener\" title=\"Beneficios de la Jardiner\u00eda para Personas Mayores: Las Ra\u00edces para un Mejor Estado de \u00c1nimo\">jardiner\u00eda<\/a>. Esta promueve el <strong>movimiento<\/strong> y <strong>aumenta el \u00e1nimo<\/strong> de los mayores al implicarlos en el cuidado de un huerto o las flores del jard\u00edn.<\/p>\n\n\n\n<p>Es una <strong>ocupaci\u00f3n sencilla, din\u00e1mica y muy agradecida<\/strong>, por lo que es excelente para ejercitar el cuerpo y las din\u00e1micas sociales mediante el trabajo en equipo.<\/p>\n\n\n\n<h3 class=\"wp-block-heading\"><strong>3.2. Terapia ocupacional<\/strong><\/h3>\n\n\n\n<p>La <a href=\"https:\/\/miresi.es\/blog\/terapia-ocupacional-en-geriatria\/\"  target=\"_blank\" rel=\"noreferrer noopener\" title=\"\u00bfQu\u00e9 es la Terapia Ocupacional en Geriatr\u00eda?\"  target=\"_blank\" rel=\"noreferrer noopener\" title=\"\u00bfQu\u00e9 es la Terapia Ocupacional en Geriatr\u00eda?\">terapia ocupacional <\/a>engloba todas aquellas actividades que busquen <strong>promocionar la movilidad y autonom\u00eda f\u00edsica y cognitiva <\/strong>en los mayores. Cuando llega el buen tiempo, una opci\u00f3n que gusta mucho es la de trasladar las actividades al exterior.<\/p>\n\n\n\n<p>Los mayores <strong>trabajan en equipo<\/strong> para desarrollar una actividad, se entretienen jugando a <strong>juegos de ingenio o simplemente socializan<\/strong> con din\u00e1micas terap\u00e9uticas entre ellos.<\/p>\n\n\n\n<h3 class=\"wp-block-heading\"><strong><\/strong><strong>3.3. Deporte<\/strong><\/h3>\n\n\n\n<p>Siempre decimos que el deporte es uno de los grandes aliados a la hora de prevenir enfermedades. Las residencias ponen mucho empe\u00f1o en que los mayores <strong>no se sedentaricen<\/strong>. La vida sedentaria comporta muchos problemas de salud a la larga, por lo que hay que intentar que los residentes tengan una <strong>rutina m\u00ednima de ejercicios adecuada a su condici\u00f3n f\u00edsica y mental<\/strong>.<\/p>\n\n\n\n<h3 class=\"wp-block-heading\"><strong><\/strong><strong>3.4. Excursiones<\/strong><\/h3>\n\n\n\n<p>En la misma l\u00ednea que el anterior punto, las excursiones ayudan a <strong>activar f\u00edsicamente el organismo<\/strong> de nuestros mayores. En este caso, los residentes se entretienen y disfrutan mucho porque descubren paisajes y lugares de inter\u00e9s que no conoc\u00edan.<\/p>\n\n\n\n<p>Las rutas cortas por v\u00edas verdes o los desplazamientos de corta distancia a <strong>museos, monumentos hist\u00f3ricos o espect\u00e1culos <\/strong>siempre triunfan entre los mayores.<\/p>\n\n\n\n<h3 class=\"wp-block-heading\"><strong><\/strong><strong>3.5. Meditaci\u00f3n<\/strong><\/h3>\n\n\n\n<p>La naturaleza es un lugar privilegiado que <strong>aporta paz e invita a la reflexi\u00f3n.<\/strong> Los mayores siempre aprecian poder respirar aire puro. Los profesionales en las residencias procuran guiarlos mediante ejercicios que <strong>los relajan y les aportan tranquilidad.<\/strong><\/p>\n\n\n\n<figure class=\"wp-block-image size-large\"><img decoding=\"async\" width=\"1024\" height=\"683\" src=\"https:\/\/miresi.es\/blog\/wp-content\/uploads\/2022\/05\/elderly-man-flower-gardening-2021-09-03-07-43-54-utc-1024x683.jpg\" alt=\"Anciano disfrutando de un curso de jardiner\u00eda en las zonas verdes de una residencia\" class=\"wp-image-15365\" srcset=\"https:\/\/miresiblog.imgix.net\/uploads\/2022\/05\/elderly-man-flower-gardening-2021-09-03-07-43-54-utc-scaled.jpg?auto=format%2Ccompress&fit=crop&h=683&ixlib=php-3.3.0&w=1024&s=2088a9ae4768606230e35f87b5112060 1024w, https:\/\/miresiblog.imgix.net\/uploads\/2022\/05\/elderly-man-flower-gardening-2021-09-03-07-43-54-utc-scaled.jpg?auto=format%2Ccompress&fit=crop&h=200&ixlib=php-3.3.0&w=300&s=8a64146df94f9c125345a63cea2fe8ae 300w, https:\/\/miresiblog.imgix.net\/uploads\/2022\/05\/elderly-man-flower-gardening-2021-09-03-07-43-54-utc-scaled.jpg?auto=format%2Ccompress&fit=crop&h=513&ixlib=php-3.3.0&w=768&s=f02ae59487d38abafcd9b1286f7975de 768w, https:\/\/miresiblog.imgix.net\/uploads\/2022\/05\/elderly-man-flower-gardening-2021-09-03-07-43-54-utc-scaled.jpg?auto=format%2Ccompress&fit=crop&h=1025&ixlib=php-3.3.0&w=1536&s=45f0fa591b54e2e8d499b8c894c44cce 1536w, https:\/\/miresiblog.imgix.net\/uploads\/2022\/05\/elderly-man-flower-gardening-2021-09-03-07-43-54-utc-scaled.jpg?auto=format%2Ccompress&fit=crop&h=1367&ixlib=php-3.3.0&w=2048&s=8b11517f28ff22a0a8fa5dd8d0b45a4d 2048w, https:\/\/miresiblog.imgix.net\/uploads\/2022\/05\/elderly-man-flower-gardening-2021-09-03-07-43-54-utc-scaled.jpg?auto=format%2Ccompress&fit=crop&h=240&ixlib=php-3.3.0&w=360&s=ad8cabc2f1a46b67b227e0df07229975 360w, https:\/\/miresiblog.imgix.net\/uploads\/2022\/05\/elderly-man-flower-gardening-2021-09-03-07-43-54-utc-scaled.jpg?auto=format%2Ccompress&ixlib=php-3.3.0&w=899&s=2767deff935c81aaee5d6ec0b3f8ef9c 899w\" sizes=\"(max-width: 1024px) 100vw, 1024px\" \/><figcaption>Anciano disfrutando de un curso de jardiner\u00eda en las zonas verdes de una residencia<\/figcaption><\/figure>\n\n\n\n<h2 class=\"wp-block-heading\">4. <strong>Las 5 residencias con m\u00e1s zonas verdes en Espa\u00f1a<\/strong><\/h2>\n\n\n\n<p>Sabemos que las familias y los mayores son conscientes de la importancia de las zonas verdes. Los mayores valoran mucho estos espacios, por ello, a continuaci\u00f3n te presentamos <strong>algunas de las residencias con m\u00e1s espacios naturales en Espa\u00f1a.<\/strong><\/p>\n\n\n\n<h3 class=\"wp-block-heading\"><strong>4.1. Centro Residencial Torreblanca (Girona)<\/strong><\/h3>\n\n\n\n<p>El centro residencial Torreblanca est\u00e1 situado en el municipio de <strong>Sant Joan les Fonts<\/strong>, en la comarca de la <strong>Garrotxa<\/strong>. El edificio se encuentra ubicado en un barrio residencial y tranquilo, rodeado de un <strong>entorno agr\u00edcola y rural de gran inter\u00e9s natural.<\/strong><\/p>\n\n\n\n<p>A lo largo de los a\u00f1os, el centro ha vivido una gran transformaci\u00f3n con el fin de ampliar y <strong>acondicionar sus espacios<\/strong>, mejorando las instalaciones y dot\u00e1ndolo de mayores equipamientos y recursos para dar un mayor confort a las personas que viven en \u00e9l.<\/p>\n\n\n\n<p>El centro dispone de amplios espacios interiores, as\u00ed como habitaciones grandes caracterizadas por una <strong>gran luminosidad<\/strong>. Uno de los puntos mejor valorados por nuestros usuarios es el jard\u00edn, de gran tama\u00f1o que se encuentra rodeando el edificio. Desde el jard\u00edn se pueden apreciar tanto las vistas al pueblo de Sant Joan les Fonts, como las <strong>monta\u00f1as<\/strong> que lo rodean.<\/p>\n\n\n\n<p>La forma de trabajar del <strong>equipo multidisciplinar de Torreblanca<\/strong>, asegura un buen acompa\u00f1amiento tanto a la persona residente como a la familia en esta decisi\u00f3n tan importante que suele generar dudas. Por ello tienen en cuenta todas las peque\u00f1as particularidades de cada persona.<\/p>\n\n\n\n<p>Desde julio de 2019 el centro residencial Torreblanca ha abierto un <strong>nuevo espacio que ofrece una atenci\u00f3n m\u00e1s individualizada para las personas<\/strong> que viven, que tiene como objetivo facilitar un entorno c\u00f3modo y tranquilo para atender de una forma diferente a los residentes y a sus familias. <\/p>\n\n\n\n<h3 class=\"wp-block-heading\"><strong>4.2. Residencia Hermano G\u00e1rate (Guip\u00fazcoa)<\/strong><\/h3>\n\n\n\n<p>Villa Residencia Hermano G\u00e1rate est\u00e1 situada en un entorno privilegiado de <strong>San Sebasti\u00e1n-Donostia<\/strong>, a los pies del <strong>monte Ul\u00eda<\/strong>. Mediante la f\u00f3rmula de <strong>apartamentos privados<\/strong>, ofrecemos una alternativa de alojamiento diferente a las personas mayores, que combina la intimidad de estar en casa con todas las ventajas de una residencia.<\/p>\n\n\n\n<p>La Villa Residecial Hermano G\u00e1rate cuenta con apartamentos individuales que constan de <strong>sala, uno o dos dormitorios, cuarto de ba\u00f1o y terraza o balc\u00f3n.<\/strong> Los residentes tienen la posibilidad de amueblar y decorar los apartamentos a su gusto, con sus propias pertenencias, o, si lo prefieren,\u00a0 tambi\u00e9n ofrecemos <strong>apartamentos ya amueblados<\/strong>.<\/p>\n\n\n\n<p>Gracias a la opci\u00f3n de apartamentos privados, las personas mayores pueden disfrutar de la libertad e independencia de vivir en su propia casa al tiempo que tienen la seguridad de tener a su disposici\u00f3n una completa gama de <strong>servicios<\/strong> <strong>socio<\/strong>\u2013<strong>sanitarios<\/strong> y una atenci\u00f3n adecuada a sus necesidades particulares.<\/p>\n\n\n\n<p>El centro tambi\u00e9n dispone de espacios comunes como un <strong>amplio sal\u00f3n, sala de m\u00fasica, sala de televisi\u00f3n, cafeter\u00eda, capilla, gimnasio, piscina climatizada, comedores y una gran terraza sobre los jardines<\/strong>. Todo para que nuestros residentes disfruten de unos est\u00e1ndares de calidad y confort extraordinarios.<\/p>\n\n\n\n<h3 class=\"wp-block-heading\"><strong>4.3. Residencia Seniors Tarifa (C\u00e1diz)<\/strong><\/h3>\n\n\n\n<p>Seniors Tarifa se ubica en la puerta sur del <strong>parque natural de los alcornocales,<\/strong> en la provincia de <strong>C\u00e1diz<\/strong>, muy pr\u00f3ximo a las <strong>playas de Bolonia y Punta Paloma<\/strong>. Los paisajes de Tarifa mezclan los ecosistemas costeros con la belleza de la naturaleza verde.<\/p>\n\n\n\n<p>Esta residencia dispone de <strong>amplias zonas verdes<\/strong> y se halla enclavada en un paisaje inigualable. Los mayores pueden disfrutar de los grandes jardines y respirar el aire puro del mar.<\/p>\n\n\n\n<div class=\"wp-block-image\"><figure class=\"aligncenter size-large\"><img decoding=\"async\" width=\"1024\" height=\"683\" src=\"https:\/\/miresi.es\/blog\/wp-content\/uploads\/2022\/05\/a-private-residence-terrace-and-garden-with-a-vie-2022-03-04-02-46-28-utc-1024x683.jpg\" alt=\"Zonas verdes de una residencia\" class=\"wp-image-15362\" srcset=\"https:\/\/miresiblog.imgix.net\/uploads\/2022\/05\/a-private-residence-terrace-and-garden-with-a-vie-2022-03-04-02-46-28-utc-scaled.jpg?auto=format%2Ccompress&fit=crop&h=683&ixlib=php-3.3.0&w=1024&s=fc808ae796dc388cf341c90c1a812f68 1024w, https:\/\/miresiblog.imgix.net\/uploads\/2022\/05\/a-private-residence-terrace-and-garden-with-a-vie-2022-03-04-02-46-28-utc-scaled.jpg?auto=format%2Ccompress&fit=crop&h=200&ixlib=php-3.3.0&w=300&s=c4d79f0bc43426ae3da7ad57b84fc25a 300w, https:\/\/miresiblog.imgix.net\/uploads\/2022\/05\/a-private-residence-terrace-and-garden-with-a-vie-2022-03-04-02-46-28-utc-scaled.jpg?auto=format%2Ccompress&fit=crop&h=512&ixlib=php-3.3.0&w=768&s=96f04aeb5bdeb2a0e4286c7936b9a9fb 768w, https:\/\/miresiblog.imgix.net\/uploads\/2022\/05\/a-private-residence-terrace-and-garden-with-a-vie-2022-03-04-02-46-28-utc-scaled.jpg?auto=format%2Ccompress&fit=crop&h=1024&ixlib=php-3.3.0&w=1536&s=9eaa2d3db5a95a1eb61339662f92c023 1536w, https:\/\/miresiblog.imgix.net\/uploads\/2022\/05\/a-private-residence-terrace-and-garden-with-a-vie-2022-03-04-02-46-28-utc-scaled.jpg?auto=format%2Ccompress&fit=crop&h=1365&ixlib=php-3.3.0&w=2048&s=fa885ca033ad415e613227400b88bf90 2048w, https:\/\/miresiblog.imgix.net\/uploads\/2022\/05\/a-private-residence-terrace-and-garden-with-a-vie-2022-03-04-02-46-28-utc-scaled.jpg?auto=format%2Ccompress&fit=crop&h=240&ixlib=php-3.3.0&w=360&s=c29bfb26d151b59d11fcbb1c33da1152 360w, https:\/\/miresiblog.imgix.net\/uploads\/2022\/05\/a-private-residence-terrace-and-garden-with-a-vie-2022-03-04-02-46-28-utc-scaled.jpg?auto=format%2Ccompress&ixlib=php-3.3.0&w=900&s=311c9de2e8aacdc9cf4c6aa961ff1c63 900w\" sizes=\"(max-width: 1024px) 100vw, 1024px\" \/><figcaption>Las zonas verdes en residencias son altamente beneficiosas para los mayores<\/figcaption><\/figure><\/div>\n\n\n\n<h3 class=\"wp-block-heading\"><strong>4.4. Residencia Fuente Recreo (Cuenca)<\/strong><\/h3>\n\n\n\n<p>Residencia Fuente Recreo es un centro cuyo principal objetivo es el bienestar de nuestros mayores mediante la cobertura integral de sus necesidades.\u00a0 Buscamos una una atenci\u00f3n caracterizada no s\u00f3lo por su calidad, sino tambi\u00e9n por su \u201c<strong>calidez<\/strong>\u201d, lo <strong>m\u00e1s personalizada y humana posible.<\/strong><\/p>\n\n\n\n<p>Por ello, cuidamos muy especialmente la <strong>preparaci\u00f3n de nuestro personal y la calidad de los servicios e instalaciones. <\/strong>Pero, sobre todo, aplicamos un sistema de gesti\u00f3n que garantiza una alta calidad asistencial y unos <strong>servicios especializados y personalizados<\/strong>, en un contexto de pleno respeto a los derechos de los usuarios.<\/p>\n\n\n\n<p>Incorporamos en la din\u00e1mica de nuestro centro la participaci\u00f3n de residentes y familiares, a los que animamos a intervenir en las actividades que se realizan, potenciando la comunicaci\u00f3n y generando redes de relaci\u00f3n y solidaridad.<\/p>\n\n\n\n<p>Nos distinguen de los dem\u00e1s, la alta inversi\u00f3n en un servicio de restauraci\u00f3n de calidad con <strong>men\u00fas para situaciones especiales, desayunos y meriendas variados<\/strong>, as\u00ed como la inclusi\u00f3n sin coste adicional de una amplia gama de servicios, tales como <a href=\"https:\/\/miresi.es\/blog\/fisioterapia-en-residencias\/\"  title=\"\u00bfConoces los Beneficios de la Fisioterapia en Residencias?\"  title=\"\u00bfConoces los Beneficios de la Fisioterapia en Residencias?\">fisioterapia<\/a> y terapia ocupacional.<\/p>\n\n\n\n<h3 class=\"wp-block-heading\"><strong>4.5. Residencia Colis\u00e9e Santa Marta (Salamanca)<\/strong><\/h3>\n\n\n\n<p>Colis\u00e9e Santa Marta se ubica en la localidad de <strong>Santa Marta de Tormes<\/strong>, a 10 minutos del centro de la ciudad y con amplia franja horaria de autobuses para facilitar el acceso tanto de residentes como de familiares y visitantes.\u00a0<\/p>\n\n\n\n<p>La residencia cuenta con <strong>194 plazas mixtas <\/strong>y posee amplios jardines que permiten el paseo y disfrute del aire libre. Su centro neur\u00e1lgico es la galer\u00eda principal y sus cristaleras, que dotan de autonom\u00eda a los residentes.\u00a0<\/p>\n\n\n\n<p>El centro, destaca tambi\u00e9n por su <strong>excelencia asistencial:<\/strong> apostamos por un servicio personalizado y de calidad a trav\u00e9s de un gran equipo humano con larga experiencia y cualificaci\u00f3n profesional en distintas especialidades que ofrece un ambiente familiar y cercano hacia sus residentes y familias.<\/p>\n\n\n\n<div class=\"wp-block-buttons is-content-justification-center is-layout-flex wp-container-core-buttons-is-layout-16018d1d wp-block-buttons-is-layout-flex\">\n<div class=\"wp-block-button\"><a href=\"https:\/\/miresi.es\/buscador\/\"  rel=\"noreferrer noopener\"  rel=\"noreferrer noopener\">pide ayuda gratis<\/a><\/div>\n<\/div>\n\n\n\n<p><strong>La normativa de residencias obliga a los centros a disponer de zonas verdes <\/strong>en las que los mayores puedan relacionarse. Est\u00e1 comprobado que estos espacios y las actividades al aire libre son beneficiosas para los mayores. <strong>\u00a1Demos a nuestros mayores la calidad de vida que merecen!\u00a0<\/strong><\/p>\n\n\n\n<p class=\"has-small-font-size\">Fuentes:<\/p>\n\n\n\n<ul class=\"has-small-font-size wp-block-list\"><li>Fundaci\u00f3n San Rafael: <a href=\"https:\/\/fundacionsanrafael.org\/5-beneficios-contacto-con-la-naturaleza\/\"  target=\"_blank\" rel=\"external nofollow\"  target=\"_blank\" rel=\"noreferrer noopener\"  class=\"wp-links-icon\">https:\/\/fundacionsanrafael.org\/5-beneficios-contacto-con-la-naturaleza\/<\/a>\u00a0<\/li><li>Centro para el Control y la Prevenci\u00f3n de Enfermedades: <a href=\"https:\/\/www.cdc.gov\/spanish\/cancer\/skin\/basic_info\/outdoors.htm\"  target=\"_blank\" rel=\"external nofollow\"  target=\"_blank\" rel=\"noreferrer noopener\"  class=\"wp-links-icon\">https:\/\/www.cdc.gov\/spanish\/cancer\/skin\/basic_info\/outdoors.htm<\/a><\/li><\/ul>\n<div style='text-align:center' class='yasr-auto-insert-visitor'><!--Yasr Visitor Votes Shortcode--><div id='yasr_visitor_votes_29fd20602a9c6' class='yasr-visitor-votes'><div class=\"yasr-custom-text-vv-before yasr-custom-text-vv-before-15355\">\u00a1Haz clic para puntuar esta entrada!<\/div><div id='yasr-vv-second-row-container-29fd20602a9c6'\r\n                                        class='yasr-vv-second-row-container'><div id='yasr-visitor-votes-rater-29fd20602a9c6'\r\n                                      class='yasr-rater-stars-vv'\r\n                                      data-rater-postid='15355'\r\n                                      data-rating='0'\r\n                                      data-rater-starsize='32'\r\n                                      data-rater-readonly='false'\r\n                                      data-rater-nonce='df9b54cd3f'\r\n                                      data-issingular='false'\r\n                                    ><\/div><div class=\"yasr-vv-stats-text-container\" id=\"yasr-vv-stats-text-container-29fd20602a9c6\"><svg xmlns=\"https:\/\/www.w3.org\/2000\/svg\" width=\"20\" height=\"20\"\r\n                                   class=\"yasr-dashicons-visitor-stats\"\r\n                                   data-postid=\"15355\"\r\n                                   id=\"yasr-stats-dashicon-29fd20602a9c6\">\r\n                                   <path d=\"M18 18v-16h-4v16h4zM12 18v-11h-4v11h4zM6 18v-8h-4v8h4z\"><\/path>\r\n                               <\/svg><span id=\"yasr-vv-text-container-29fd20602a9c6\" class=\"yasr-vv-text-container\"> (Votos: <span id=\"yasr-vv-votes-number-container-29fd20602a9c6\">0<\/span>  Promedio: <span id=\"yasr-vv-average-container-29fd20602a9c6\">0<\/span>)<\/span><\/div><div id='yasr-vv-loader-29fd20602a9c6' class='yasr-vv-container-loader'><\/div><\/div><div id='yasr-vv-bottom-container-29fd20602a9c6'\r\n                              class='yasr-vv-bottom-container'\r\n                              style='display:none'><\/div><\/div><!--End Yasr Visitor Votes Shortcode--><\/div>","protected":false},"excerpt":{"rendered":"<p>Los espacios naturales son beneficiosos para la salud. En el caso de los mayores, las zonas verdes son esenciales en su d\u00eda a d\u00eda en las residencias<\/p>\n","protected":false},"author":10,"featured_media":15360,"comment_status":"open","ping_status":"open","sticky":false,"template":"","format":"standard","meta":{"yasr_overall_rating":0,"yasr_post_is_review":"","yasr_auto_insert_disabled":"","yasr_review_type":"","footnotes":""},"categories":[386,362],"tags":[1364,534,1363,22,1362],"class_list":["post-15355","post","type-post","status-publish","format-standard","has-post-thumbnail","hentry","category-bienestar","category-residencias-de-mayores","tag-beneficios-de-la-naturaleza","tag-bienestar","tag-naturaleza","tag-residencias-de-mayores","tag-zonas-verdes"],"yasr_visitor_votes":{"stars_attributes":{"read_only":false,"span_bottom":false},"number_of_votes":0,"sum_votes":0},"_links":{"self":[{"href":"https:\/\/miresi.es\/blog\/wp-json\/wp\/v2\/posts\/15355","targetHints":{"allow":["GET"]}}],"collection":[{"href":"https:\/\/miresi.es\/blog\/wp-json\/wp\/v2\/posts"}],"about":[{"href":"https:\/\/miresi.es\/blog\/wp-json\/wp\/v2\/types\/post"}],"author":[{"embeddable":true,"href":"https:\/\/miresi.es\/blog\/wp-json\/wp\/v2\/users\/10"}],"replies":[{"embeddable":true,"href":"https:\/\/miresi.es\/blog\/wp-json\/wp\/v2\/comments?post=15355"}],"version-history":[{"count":6,"href":"https:\/\/miresi.es\/blog\/wp-json\/wp\/v2\/posts\/15355\/revisions"}],"predecessor-version":[{"id":24701,"href":"https:\/\/miresi.es\/blog\/wp-json\/wp\/v2\/posts\/15355\/revisions\/24701"}],"wp:featuredmedia":[{"embeddable":true,"href":"https:\/\/miresi.es\/blog\/wp-json\/wp\/v2\/media\/15360"}],"wp:attachment":[{"href":"https:\/\/miresi.es\/blog\/wp-json\/wp\/v2\/media?parent=15355"}],"wp:term":[{"taxonomy":"category","embeddable":true,"href":"https:\/\/miresi.es\/blog\/wp-json\/wp\/v2\/categories?post=15355"},{"taxonomy":"post_tag","embeddable":true,"href":"https:\/\/miresi.es\/blog\/wp-json\/wp\/v2\/tags?post=15355"}],"curies":[{"name":"wp","href":"https:\/\/api.w.org\/{rel}","templated":true}]}}