{"id":15367,"date":"2022-05-04T09:16:00","date_gmt":"2022-05-04T08:16:00","guid":{"rendered":"https:\/\/miresi.es\/blog\/?p=15367"},"modified":"2026-04-23T18:08:11","modified_gmt":"2026-04-23T17:08:11","slug":"ayuda-a-la-dependencia-castilla-y-leon","status":"publish","type":"post","link":"https:\/\/miresi.es\/blog\/ayuda-a-la-dependencia-castilla-y-leon\/","title":{"rendered":"Descubre C\u00f3mo Solicitar la Ayuda a la Dependencia en Castilla y Le\u00f3n"},"content":{"rendered":"\n<p>Las <a href=\"https:\/\/leydedependencia.es\/\"  target=\"_blank\" rel=\"external nofollow\"  title=\"\"  class=\"wp-links-icon\">personas que se encuentran en situaci\u00f3n de dependencia<\/a> <strong>requieren de grandes cantidades de dinero para promocionar la autonom\u00eda <\/strong>de los mayores e incentivar el desarrollo de su vida. Para ello, es necesario que profesionales cuiden a las personas que m\u00e1s lo requieren, modificar los espacios para el acceso o ingresar a las personas con demencia en centros especializados. Por ello, desde <a href=\"https:\/\/miresi.es\/buscador\/\"  rel=\"nofollow\" title=\"miResi\"  rel=\"nofollow\" title=\"miResi\">miResi<\/a> te hablamos sobre la ayuda a la dependencia en Castilla y Le\u00f3n.<\/p>\n\n\n\n<div class=\"wp-block-buttons is-content-justification-center is-layout-flex wp-container-core-buttons-is-layout-16018d1d wp-block-buttons-is-layout-flex\">\n<div class=\"wp-block-button has-custom-font-size has-medium-font-size\"><a href=\"https:\/\/leydedependencia.es\/\"  target=\"_blank\" rel=\"external nofollow\"  rel=\"nofollow\"  class=\"wp-links-icon\"><strong>CONTACTA CON UN EXPERTO DE LA LEY DE DEPENDENCIA<\/strong><\/a><\/div>\n<\/div>\n\n\n\n<p style=\"font-size:10px\"><\/p>\n\n\n\n<h2 class=\"wp-block-heading\">1. <strong>Qu\u00e9 es la dependencia<\/strong><\/h2>\n\n\n\n<p>La <a href=\"https:\/\/leydedependencia.es\/\"  target=\"_blank\" rel=\"external nofollow\"  target=\"_blank\" title=\"\"  class=\"wp-links-icon\">dependencia<\/a> es una situaci\u00f3n en la que las personas <strong>dejan de tener -temporal o definitivamente- las capacidades necesarias<\/strong> para realizar determinadas tareas. Esto significa que la dependencia est\u00e1 ligada a cualquier <strong>deterioro en las facultades mentales o f\u00edsicas <\/strong>que impliquen una reducci\u00f3n de la autonom\u00eda del mayor.<\/p>\n\n\n\n<p>Hay <strong>tres grados <\/strong>de demencia en relaci\u00f3n con las capacidades que se han perdido.<\/p>\n\n\n\n<p><strong>-Dependencia moderada<\/strong>: Este es el grado m\u00e1s bajo. En este estadio de la dependencia todav\u00eda se goza de una alta autonom\u00eda. Lo \u00fanico que necesitan los mayores en este punto es un acompa\u00f1amiento puntual en las tareas cotidianas.<\/p>\n\n\n\n<p><strong>-Dependencia severa<\/strong>: En este punto, la dependencia ya impide hacer gran parte de las tareas cotidianas. El mayor requiere de una persona que se implique de una forma m\u00e1s constante en su cuidado.<\/p>\n\n\n\n<p><strong>-Gran dependencia<\/strong>: Este es el grado m\u00e1s alto de dependencia. La persona con demencia no tiene autonom\u00eda suficiente para desarrollarse por s\u00ed misma, por lo que requiere de personal especializado que conviva con ellos.<\/p>\n\n\n<div class=\"wp-block-image\">\n<figure class=\"aligncenter size-large\"><img decoding=\"async\" width=\"1024\" height=\"683\" src=\"https:\/\/miresi.es\/blog\/wp-content\/uploads\/2022\/05\/talking-with-social-assistance-2021-08-28-14-12-35-utc-1024x683.jpg\" alt=\"Anciana que disfruta de la ayuda a la dependencia Castilla y Le\u00f3n\" class=\"wp-image-15369\" srcset=\"https:\/\/miresiblog.imgix.net\/uploads\/2022\/05\/talking-with-social-assistance-2021-08-28-14-12-35-utc-scaled.jpg?auto=format%2Ccompress&fit=crop&h=683&ixlib=php-3.3.0&w=1024&s=a0f7407568ddd1cabe0b7e6d575734da 1024w, https:\/\/miresiblog.imgix.net\/uploads\/2022\/05\/talking-with-social-assistance-2021-08-28-14-12-35-utc-scaled.jpg?auto=format%2Ccompress&fit=crop&h=200&ixlib=php-3.3.0&w=300&s=50ed84c5870ee2b7024fa4c2fbf85705 300w, https:\/\/miresiblog.imgix.net\/uploads\/2022\/05\/talking-with-social-assistance-2021-08-28-14-12-35-utc-scaled.jpg?auto=format%2Ccompress&fit=crop&h=512&ixlib=php-3.3.0&w=768&s=2c226726cb8e2a7898c5c978beceb27f 768w, https:\/\/miresiblog.imgix.net\/uploads\/2022\/05\/talking-with-social-assistance-2021-08-28-14-12-35-utc-scaled.jpg?auto=format%2Ccompress&fit=crop&h=1024&ixlib=php-3.3.0&w=1536&s=4d05eef165051af88c04a8005571c7b6 1536w, https:\/\/miresiblog.imgix.net\/uploads\/2022\/05\/talking-with-social-assistance-2021-08-28-14-12-35-utc-scaled.jpg?auto=format%2Ccompress&fit=crop&h=1365&ixlib=php-3.3.0&w=2048&s=bb8a7784c9bcefe1deeb1caa7f451fd8 2048w, https:\/\/miresiblog.imgix.net\/uploads\/2022\/05\/talking-with-social-assistance-2021-08-28-14-12-35-utc-scaled.jpg?auto=format%2Ccompress&fit=crop&h=240&ixlib=php-3.3.0&w=360&s=3935ed5926e08a6aed45b9559191660d 360w, https:\/\/miresiblog.imgix.net\/uploads\/2022\/05\/talking-with-social-assistance-2021-08-28-14-12-35-utc-scaled.jpg?auto=format%2Ccompress&ixlib=php-3.3.0&w=900&s=5b14235dde5a867e00995336979e6ff3 900w\" sizes=\"(max-width: 1024px) 100vw, 1024px\" \/><figcaption class=\"wp-element-caption\">Mujer dependiente residente en un centro especializado<\/figcaption><\/figure>\n<\/div>\n\n\n<div class=\"wp-block-buttons is-content-justification-center is-layout-flex wp-container-core-buttons-is-layout-16018d1d wp-block-buttons-is-layout-flex\">\n<div class=\"wp-block-button has-custom-font-size has-medium-font-size\"><a href=\"https:\/\/leydedependencia.es\/\"  target=\"_blank\" rel=\"external nofollow\"   class=\"wp-links-icon\"><strong>CONOCE M\u00c1S INFORMACI\u00d3N SOBRE LOS GRADOS DE DEPENDENCIA<\/strong><\/a><\/div>\n<\/div>\n\n\n\n<h2 class=\"wp-block-heading\">2. <strong>\u00bfHay ayudas a la dependencia en Castilla y Le\u00f3n?<\/strong><\/h2>\n\n\n\n<p>Al igual que el resto de comunidades, Castilla y Le\u00f3n destina parte de su financiaci\u00f3n en <a href=\"https:\/\/leydedependencia.es\/\"  target=\"_blank\" rel=\"external nofollow\"  title=\"\"  class=\"wp-links-icon\">ayudas concretas a la dependencia<\/a>. Estas van <strong>desde la teleasistencia<\/strong> <strong>a las prestaciones para adaptar la<\/strong> <strong>vivienda<\/strong>.<\/p>\n\n\n\n<p>Para tramitar cualquier ayuda a la dependencia lo esencial es que la comunidad expida un <strong>certificado que acredite la situaci\u00f3n de dependencia.<\/strong> Los documentos a aportar son los siguientes y la entrega se puede realizar <a href=\"https:\/\/www.tramitacastillayleon.jcyl.es\/web\/jcyl\/AdministracionElectronica\/es\/Plantilla100Detalle\/1251181050732\/Tramite\/1259395711876\/Tramite\"  target=\"_blank\" rel=\"external nofollow\"  target=\"_blank\"  class=\"wp-links-icon\">online<\/a> o presencialmente en los <strong>Centros de Acci\u00f3n Social \u201cCEAS\u201d:<\/strong><\/p>\n\n\n\n<ol class=\"wp-block-list\">\n<li><strong>Documentos de identidad.\u00a0<\/strong><\/li>\n\n\n\n<li><strong>Informe m\u00e9dico.<\/strong><\/li>\n\n\n\n<li>Fotocopia del<strong> Libro de Familia.<\/strong><\/li>\n\n\n\n<li><strong>Informe con los ingresos de la unidad familiar.<\/strong><\/li>\n\n\n\n<li>Documento que especifique la <strong><a href=\"https:\/\/miresi.es\/blog\/incapacitacion-tramites\/\"  target=\"_blank\" rel=\"noreferrer noopener\" title=\"C\u00f3mo se Tramita una Incapacitaci\u00f3n [Gu\u00eda Completa 2022]\"  target=\"_blank\" rel=\"noreferrer noopener\" title=\"C\u00f3mo se Tramita una Incapacitaci\u00f3n [Gu\u00eda Completa 2022]\">representaci\u00f3n <\/a><\/strong>del mayor (en caso de que este cuente con un representante).<\/li>\n<\/ol>\n\n\n\n<p>El <strong>proceso<\/strong> completo cuenta con estos pasos:<\/p>\n\n\n\n<ol class=\"wp-block-list\">\n<li>Pedir <strong>cita previa<\/strong> para acudir al CEAS.<\/li>\n\n\n\n<li><strong>Presentar la documentaci\u00f3n<\/strong> que hemos especificado anteriormente.<\/li>\n<\/ol>\n\n\n\n<p>En el caso <strong>digital<\/strong>, los pasos son los siguientes:<\/p>\n\n\n\n<ol class=\"wp-block-list\">\n<li>Rellenar el <a href=\"https:\/\/www.ae.jcyl.es\/dicitecwform\/index.html?app=GSS&form=P1454_F1036\"  target=\"_blank\" rel=\"external nofollow\"  target=\"_blank\"  class=\"wp-links-icon\">formulario<\/a> con los datos.<\/li>\n\n\n\n<li><a href=\"https:\/\/www.ae.jcyl.es\/dicitecwform\/index.html?app=GSS&form=P1454_F6455\"  target=\"_blank\" rel=\"external nofollow\"  target=\"_blank\"  class=\"wp-links-icon\">Adjuntar el resto de documentos.<\/a><\/li>\n<\/ol>\n\n\n\n<h3 class=\"wp-block-heading\"><a href=\"https:\/\/serviciossociales.jcyl.es\/web\/jcyl\/ServiciosSociales\/es\/Plantilla100Detalle\/1246991411473\/_\/1284658798609\/Informe\"  target=\"_blank\" rel=\"external nofollow\"  target=\"_blank\" rel=\"noreferrer noopener\"  class=\"wp-links-icon\"><strong>2.1. Ayuda a la teleasistencia<\/strong><\/a><\/h3>\n\n\n\n<p>La teleasistencia es un servicio que emplea <strong>un dispositivo para dar una se\u00f1al de auxilio directa a los servicios de emergencias.<\/strong> Esto se establece en los hogares donde vive un anciano que se puede valer por s\u00ed mismo, pero que tiene riesgo de sufrir ca\u00eddas y accidentes.\u00a0<\/p>\n\n\n\n<p>Esta ayuda se puede solicitar en el <strong>Centro de Acci\u00f3n Social (CEAS) municipal.\u00a0<\/strong><\/p>\n\n\n\n<p>Los <a href=\"https:\/\/leydedependencia.es\/\"  target=\"_blank\" rel=\"external nofollow\"  title=\"\"  class=\"wp-links-icon\"><strong>requisitos<\/strong> para esta prestaci\u00f3n<\/a> son los siguientes:<\/p>\n\n\n\n<ol class=\"wp-block-list\">\n<li>Acreditar una <strong>edad avanzada<\/strong> (superior a los 80 a\u00f1os) <strong>o discapacidad.<\/strong><\/li>\n\n\n\n<li><strong>Empadronamiento<\/strong> en cualquier municipio de Castilla y Le\u00f3n.<\/li>\n\n\n\n<li>Tener las <strong>facultades m\u00ednimas<\/strong> para hacer uso del sistema.<\/li>\n\n\n\n<li>Contar con una <strong>vivienda<\/strong>, una <strong>l\u00ednea telef\u00f3nica y electricidad <\/strong>en el domicilio.<\/li>\n<\/ol>\n\n\n\n<div class=\"wp-block-buttons is-content-justification-center is-layout-flex wp-container-core-buttons-is-layout-16018d1d wp-block-buttons-is-layout-flex\">\n<div class=\"wp-block-button has-custom-font-size has-medium-font-size\"><a href=\"https:\/\/leydedependencia.es\/\"  target=\"_blank\" rel=\"external nofollow\"  rel=\"nofollow\"  class=\"wp-links-icon\"><strong>SOLICITA GRATIS TODA LA INFORMACI\u00d3N QUE NECESITES SOBRE LEY DE DEPENDENCIA AQU\u00cd<\/strong><\/a><\/div>\n<\/div>\n\n\n\n<h3 class=\"wp-block-heading\"><a href=\"https:\/\/serviciossociales.jcyl.es\/web\/jcyl\/ServiciosSociales\/es\/Plantilla100Detalle\/1246991411473\/_\/1284658802548\/Informe\"  target=\"_blank\" rel=\"external nofollow\"  target=\"_blank\" rel=\"noreferrer noopener\"  class=\"wp-links-icon\"><strong>2.2. Servicio de ayuda a domicilio<\/strong><\/a><\/h3>\n\n\n\n<p>Las personas dependientes, seg\u00fan se van desarrollando sus<a href=\"https:\/\/leydedependencia.es\/\"  target=\"_blank\" rel=\"external nofollow\"  title=\"\"  class=\"wp-links-icon\"> situaciones de dependencia<\/a>, requieren de <strong>una asistencia m\u00e1s personalizada, directa y continua<\/strong>. Pero <strong>los profesionales que prestan servicio en hogares no son baratos<\/strong>, as\u00ed que esta subvenci\u00f3n se centra en abaratar los servicios de psicolog\u00eda, acompa\u00f1amiento en la vida diaria y funciones sociosanitarias.<\/p>\n\n\n\n<p>La ayuda econ\u00f3mica se puede solicitar en el <strong>Centro de Acci\u00f3n Social (CEAS) municipal.<\/strong><\/p>\n\n\n\n<p>Los <strong>requisitos<\/strong> m\u00ednimos son:<\/p>\n\n\n\n<ol class=\"wp-block-list\">\n<li><strong>Residir<\/strong> en Castilla\u00a0 y Le\u00f3n (o encontrarse temporalmente por la raz\u00f3n de \u201creunificaci\u00f3n familiar\u201d.<\/li>\n\n\n\n<li>Ser <strong>anciano<\/strong> (m\u00e1s de 80 a\u00f1os) o tener un certificado de <strong>discapacidad<\/strong> o problemas severos que reduzcan la autonom\u00eda.<\/li>\n<\/ol>\n\n\n\n<h3 class=\"wp-block-heading\"><a href=\"https:\/\/serviciossociales.jcyl.es\/web\/jcyl\/ServiciosSociales\/es\/Plantilla100Detalle\/1246991411473\/_\/1284656242765\/Informe\"  target=\"_blank\" rel=\"external nofollow\"  target=\"_blank\" rel=\"noreferrer noopener\"  class=\"wp-links-icon\"><strong>2.3. Centros de d\u00eda\u00a0<\/strong><\/a><\/h3>\n\n\n\n<p>Una opci\u00f3n muy buscada por las personas que trabajan durante la ma\u00f1ana y tienen un mayor a cargo es la de los <strong>centros de d\u00eda<\/strong>. Estos cubren las horas de la ma\u00f1ana de cuidados y actividades.<\/p>\n\n\n\n<p>La documentaci\u00f3n para pedir plaza en este tipo de centros se entregar\u00e1 en las <strong>Gerencias Territoriales de Servicios Sociales y en los centros dependientes de las Gerencias Territoriales de Servicios Sociales y en los Centros de Acci\u00f3n Social.<\/strong><\/p>\n\n\n\n<p>Los puntos claves que hay que reunir para solicitar esta ayuda son:<\/p>\n\n\n\n<ol class=\"wp-block-list\">\n<li>Certificar una <strong>discapacidad<\/strong>.<\/li>\n\n\n\n<li>Ser <strong>mayor de 65 a\u00f1os<\/strong> (o menores con limitaciones funcionales severas).<\/li>\n\n\n\n<li><strong>Residir<\/strong> en Castilla y Le\u00f3n (por lo menos 2 a\u00f1os antes de la solicitud).<\/li>\n\n\n\n<li>Que <strong>ninguna patolog\u00eda ps\u00edquica o de conducta<\/strong> interfiera la vida en comunidad.<\/li>\n\n\n\n<li>Disponer de familiares o personas cercanas que puedan prestar<strong> ayuda las horas en las que el centro de d\u00eda no opera.<\/strong><\/li>\n<\/ol>\n\n\n<div class=\"wp-block-image\">\n<figure class=\"aligncenter size-large\"><img decoding=\"async\" width=\"1024\" height=\"683\" src=\"https:\/\/miresi.es\/blog\/wp-content\/uploads\/2022\/05\/sad-paralyzed-elderly-man-in-the-wheelchair-in-the-2021-08-26-15-45-17-utc-1024x683.jpg\" alt=\"Anciano sujeto a la ayuda a la dependencia Castilla y Le\u00f3n\" class=\"wp-image-15370\" srcset=\"https:\/\/miresiblog.imgix.net\/uploads\/2022\/05\/sad-paralyzed-elderly-man-in-the-wheelchair-in-the-2021-08-26-15-45-17-utc-scaled.jpg?auto=format%2Ccompress&fit=crop&h=683&ixlib=php-3.3.0&w=1024&s=9054a8b3908c9ee5a21b746d2deb07a7 1024w, https:\/\/miresiblog.imgix.net\/uploads\/2022\/05\/sad-paralyzed-elderly-man-in-the-wheelchair-in-the-2021-08-26-15-45-17-utc-scaled.jpg?auto=format%2Ccompress&fit=crop&h=200&ixlib=php-3.3.0&w=300&s=ba971f584c96e2b82cad9a683f6f9450 300w, https:\/\/miresiblog.imgix.net\/uploads\/2022\/05\/sad-paralyzed-elderly-man-in-the-wheelchair-in-the-2021-08-26-15-45-17-utc-scaled.jpg?auto=format%2Ccompress&fit=crop&h=512&ixlib=php-3.3.0&w=768&s=db576e7e4f918ac8a5b7ad71383dfd8f 768w, https:\/\/miresiblog.imgix.net\/uploads\/2022\/05\/sad-paralyzed-elderly-man-in-the-wheelchair-in-the-2021-08-26-15-45-17-utc-scaled.jpg?auto=format%2Ccompress&fit=crop&h=1024&ixlib=php-3.3.0&w=1536&s=7fa289642ad3723fb8b55e9ec652f9c9 1536w, https:\/\/miresiblog.imgix.net\/uploads\/2022\/05\/sad-paralyzed-elderly-man-in-the-wheelchair-in-the-2021-08-26-15-45-17-utc-scaled.jpg?auto=format%2Ccompress&fit=crop&h=1365&ixlib=php-3.3.0&w=2048&s=a7828dae373823f4652f055527a0ab6c 2048w, https:\/\/miresiblog.imgix.net\/uploads\/2022\/05\/sad-paralyzed-elderly-man-in-the-wheelchair-in-the-2021-08-26-15-45-17-utc-scaled.jpg?auto=format%2Ccompress&fit=crop&h=240&ixlib=php-3.3.0&w=360&s=aebe3e79fbffd0dac4b89c299188c0f6 360w, https:\/\/miresiblog.imgix.net\/uploads\/2022\/05\/sad-paralyzed-elderly-man-in-the-wheelchair-in-the-2021-08-26-15-45-17-utc-scaled.jpg?auto=format%2Ccompress&ixlib=php-3.3.0&w=900&s=08fd1be5f0efd9fce70b0963885260c2 900w\" sizes=\"(max-width: 1024px) 100vw, 1024px\" \/><figcaption class=\"wp-element-caption\">Anciano disfrutando de las instalaciones de un centro de d\u00eda <\/figcaption><\/figure>\n<\/div>\n\n\n<h3 class=\"wp-block-heading\"><a href=\"https:\/\/serviciossociales.jcyl.es\/web\/es\/personas-mayores\/residencias-para-personas-mayores.html\"  target=\"_blank\" rel=\"external nofollow\"  target=\"_blank\" rel=\"noreferrer noopener\"  class=\"wp-links-icon\"><strong>2.4. Servicio de centros residenciales para personas mayores<\/strong><\/a><\/h3>\n\n\n\n<p>Las residencias cuentan con un servicio especializado en el tratamiento de las patolog\u00edas que llevan a las personas a ser dependientes. Adem\u00e1s, los espacios y los servicios son pensados a conciencia para integrar a todos los residentes y promover su autonom\u00eda.<\/p>\n\n\n\n<p>Las plazas para que los mayores accedan a estas instituciones se piden en los <strong>Servicios Sociales.<\/strong><\/p>\n\n\n\n<p>Los <strong>requisitos<\/strong> que se exigen son:<\/p>\n\n\n\n<ol class=\"wp-block-list\">\n<li>Tener <strong>m\u00e1s de 65 a\u00f1os<\/strong> (o 60 a\u00f1os con alguna discapacidad de tipo <a href=\"https:\/\/miresi.es\/blog\/como-es-vivir-con-una-persona-con-alzheimer\/\"  target=\"_blank\" rel=\"noreferrer noopener\" title=\"\u00bfC\u00f3mo Es Vivir con una Persona con Alzheimer?\"  target=\"_blank\" rel=\"noreferrer noopener\" title=\"\u00bfC\u00f3mo Es Vivir con una Persona con Alzheimer?\">Alzheimer<\/a>).<\/li>\n\n\n\n<li>Ser el <strong>acompa\u00f1ante de un familiar aceptado<\/strong> (c\u00f3nyuges).<\/li>\n\n\n\n<li><strong>Residir<\/strong> en la Comunidad de Castilla y Le\u00f3n (por lo menos 2 a\u00f1os antes de presentar la solicitud).<\/li>\n\n\n\n<li><strong>No tener una enfermedad infecciosa y contagiosa<\/strong> que necesite de asistencia continuada.<\/li>\n<\/ol>\n\n\n\n<h3 class=\"wp-block-heading\"><a href=\"https:\/\/comunicacion.jcyl.es\/web\/jcyl\/Comunicacion\/es\/Plantilla100Detalle\/1284721258421\/NotaPrensa\/1285126990085\/Comunicacion#:~:text=De%20este%20modo%2C%20las%20personas,83%20euros%20para%20grado%20I.\"  target=\"_blank\" rel=\"external nofollow\"  target=\"_blank\" rel=\"noreferrer noopener\"  class=\"wp-links-icon\"><strong>2.5. Prestaci\u00f3n por dependencia<\/strong><\/a><\/h3>\n\n\n\n<p><a href=\"https:\/\/leydedependencia.es\/\"  target=\"_blank\" rel=\"external nofollow\"  title=\"\"  class=\"wp-links-icon\">Este soporte econ\u00f3mico busca dignificar la vida de las personas con dependencia.<\/a> Los pilares b\u00e1sicos son: la <strong>promoci\u00f3n de la autonom\u00eda del mayor y el acompa\u00f1amiento del anciano en su d\u00eda a d\u00eda.<\/strong><\/p>\n\n\n\n<p>Esta ayuda se solicita en las oficinas de <strong>Servicios Sociales provinciales.<\/strong><\/p>\n\n\n\n<p>Los <strong>requisitos<\/strong> m\u00ednimos b\u00e1sicos son los siguientes:<\/p>\n\n\n\n<ol class=\"wp-block-list\">\n<li>Que el mayor certifique la situaci\u00f3n de <strong>dependencia<\/strong>.<\/li>\n\n\n\n<li>Haber <strong>residido<\/strong> en Espa\u00f1a un m\u00ednimo de 5 a\u00f1os (2 de los cuales tienen que ser los inmediatamente anteriores a la solicitud).<\/li>\n<\/ol>\n\n\n\n<div class=\"wp-block-buttons is-content-justification-center is-layout-flex wp-container-core-buttons-is-layout-16018d1d wp-block-buttons-is-layout-flex\">\n<div class=\"wp-block-button has-custom-font-size has-medium-font-size\"><a href=\"https:\/\/leydedependencia.es\/\"  target=\"_blank\" rel=\"external nofollow\"  rel=\"nofollow\"  class=\"wp-links-icon\"><strong>CONOCE M\u00c1S INFORMACI\u00d3N SOBRE LOS GRADOS DE DEPENDENCIA<\/strong><\/a><\/div>\n<\/div>\n\n\n\n<p><\/p>\n\n\n\n<p>Muchas veces el <strong>factor econ\u00f3mico<\/strong> es el que hace que las familias no tengan servicios de calidad. Esto es algo que desde el sector p\u00fablico no se puede permitir, por ello, las partidas presupuestarias prev\u00e9n una cantidad de dinero a invertir en este sector. <strong>El objetivo es mejorar las vidas de estas personas.<\/strong>\u00a0<\/p>\n\n\n\n<p class=\"has-small-font-size\">Fuentes:<\/p>\n\n\n\n<ul class=\"wp-block-list has-small-font-size\">\n<li>Gobierno de Castilla y Le\u00f3n: <a href=\"https:\/\/serviciossociales.jcyl.es\/web\/es\/dependencia-discapacidad\/dependencia.html\"  target=\"_blank\" rel=\"external nofollow\"  target=\"_blank\"  class=\"wp-links-icon\">https:\/\/serviciossociales.jcyl.es\/web\/es\/dependencia-discapacidad\/dependencia.html<\/a><\/li>\n<\/ul>\n\n\n\n<p><\/p>\n<div style='text-align:center' class='yasr-auto-insert-visitor'><!--Yasr Visitor Votes Shortcode--><div id='yasr_visitor_votes_689fc6b260076' class='yasr-visitor-votes'><div class=\"yasr-custom-text-vv-before yasr-custom-text-vv-before-15367\">\u00a1Haz clic para puntuar esta entrada!<\/div><div id='yasr-vv-second-row-container-689fc6b260076'\r\n                                        class='yasr-vv-second-row-container'><div id='yasr-visitor-votes-rater-689fc6b260076'\r\n                                      class='yasr-rater-stars-vv'\r\n                                      data-rater-postid='15367'\r\n                                      data-rating='0'\r\n                                      data-rater-starsize='32'\r\n                                      data-rater-readonly='false'\r\n                                      data-rater-nonce='89baa36421'\r\n                                      data-issingular='false'\r\n                                    ><\/div><div class=\"yasr-vv-stats-text-container\" id=\"yasr-vv-stats-text-container-689fc6b260076\"><svg xmlns=\"https:\/\/www.w3.org\/2000\/svg\" width=\"20\" height=\"20\"\r\n                                   class=\"yasr-dashicons-visitor-stats\"\r\n                                   data-postid=\"15367\"\r\n                                   id=\"yasr-stats-dashicon-689fc6b260076\">\r\n                                   <path d=\"M18 18v-16h-4v16h4zM12 18v-11h-4v11h4zM6 18v-8h-4v8h4z\"><\/path>\r\n                               <\/svg><span id=\"yasr-vv-text-container-689fc6b260076\" class=\"yasr-vv-text-container\"> (Votos: <span id=\"yasr-vv-votes-number-container-689fc6b260076\">0<\/span>  Promedio: <span id=\"yasr-vv-average-container-689fc6b260076\">0<\/span>)<\/span><\/div><div id='yasr-vv-loader-689fc6b260076' class='yasr-vv-container-loader'><\/div><\/div><div id='yasr-vv-bottom-container-689fc6b260076'\r\n                              class='yasr-vv-bottom-container'\r\n                              style='display:none'><\/div><\/div><!--End Yasr Visitor Votes Shortcode--><\/div>","protected":false},"excerpt":{"rendered":"<p>La dependencia es una condici\u00f3n bastante extendida en nuestro pa\u00eds. Es importante conocer c\u00f3mo se organizan las ayudas a la dependencia en Castilla y Le\u00f3n<\/p>\n","protected":false},"author":10,"featured_media":15371,"comment_status":"open","ping_status":"open","sticky":false,"template":"","format":"standard","meta":{"yasr_overall_rating":0,"yasr_post_is_review":"","yasr_auto_insert_disabled":"","yasr_review_type":"","footnotes":""},"categories":[387,951],"tags":[1122,1365,1366,781,1066],"class_list":["post-15367","post","type-post","status-publish","format-standard","has-post-thumbnail","hentry","category-ayudas","category-leyes","tag-ayuda-a-la-dependencia","tag-ayuda-a-la-dependencia-en-castilla-y-leon","tag-castilla-y-leon","tag-dependencia","tag-subvenciones-en-la-tercera-edad"],"yasr_visitor_votes":{"stars_attributes":{"read_only":false,"span_bottom":false},"number_of_votes":0,"sum_votes":0},"_links":{"self":[{"href":"https:\/\/miresi.es\/blog\/wp-json\/wp\/v2\/posts\/15367","targetHints":{"allow":["GET"]}}],"collection":[{"href":"https:\/\/miresi.es\/blog\/wp-json\/wp\/v2\/posts"}],"about":[{"href":"https:\/\/miresi.es\/blog\/wp-json\/wp\/v2\/types\/post"}],"author":[{"embeddable":true,"href":"https:\/\/miresi.es\/blog\/wp-json\/wp\/v2\/users\/10"}],"replies":[{"embeddable":true,"href":"https:\/\/miresi.es\/blog\/wp-json\/wp\/v2\/comments?post=15367"}],"version-history":[{"count":9,"href":"https:\/\/miresi.es\/blog\/wp-json\/wp\/v2\/posts\/15367\/revisions"}],"predecessor-version":[{"id":23923,"href":"https:\/\/miresi.es\/blog\/wp-json\/wp\/v2\/posts\/15367\/revisions\/23923"}],"wp:featuredmedia":[{"embeddable":true,"href":"https:\/\/miresi.es\/blog\/wp-json\/wp\/v2\/media\/15371"}],"wp:attachment":[{"href":"https:\/\/miresi.es\/blog\/wp-json\/wp\/v2\/media?parent=15367"}],"wp:term":[{"taxonomy":"category","embeddable":true,"href":"https:\/\/miresi.es\/blog\/wp-json\/wp\/v2\/categories?post=15367"},{"taxonomy":"post_tag","embeddable":true,"href":"https:\/\/miresi.es\/blog\/wp-json\/wp\/v2\/tags?post=15367"}],"curies":[{"name":"wp","href":"https:\/\/api.w.org\/{rel}","templated":true}]}}