{"id":15373,"date":"2022-05-04T20:14:00","date_gmt":"2022-05-04T19:14:00","guid":{"rendered":"https:\/\/miresi.es\/blog\/?p=15373"},"modified":"2026-04-23T18:08:03","modified_gmt":"2026-04-23T17:08:03","slug":"ayuda-a-la-dependencia-cantabria","status":"publish","type":"post","link":"https:\/\/miresi.es\/blog\/ayuda-a-la-dependencia-cantabria\/","title":{"rendered":"Descubre C\u00f3mo Solicitar Ayuda a la Dependencia en Cantabria"},"content":{"rendered":"\n<p>Las personas en situaci\u00f3n de dependencia <strong>requieren de unos cuidados constantes que no son baratos<\/strong>. Al tratarse de una situaci\u00f3n sobrevenida, la administraci\u00f3n p\u00fablica ayuda a paliar este gran gasto. Por ello y porque sabemos que esta situaci\u00f3n no es f\u00e1cil, desde <a href=\"https:\/\/miresi.es\/buscador\/\"  rel=\"nofollow\" title=\"miResi \"  rel=\"nofollow\" title=\"miResi \">miResi <\/a>queremos darte todas las claves sobre la<a href=\"https:\/\/leydedependencia.es\/\"  target=\"_blank\" rel=\"external nofollow\"  title=\"\"  class=\"wp-links-icon\"> <strong>ayuda a la dependencia <\/strong><\/a><strong>Cantabria.<\/strong><\/p>\n\n\n\n<div class=\"wp-block-buttons is-content-justification-center is-layout-flex wp-container-core-buttons-is-layout-16018d1d wp-block-buttons-is-layout-flex\">\n<div class=\"wp-block-button has-custom-font-size has-medium-font-size\"><a href=\"https:\/\/leydedependencia.es\/\"  target=\"_blank\" rel=\"external nofollow\"  rel=\"nofollow\"  class=\"wp-links-icon\"><strong>CONTACTA CON UN EXPERTO DE LA LEY DE DEPENDENCIA<\/strong><\/a><\/div>\n<\/div>\n\n\n\n<p style=\"font-size:10px\"><\/p>\n\n\n\n<h2 class=\"wp-block-heading\">1. <strong>Qu\u00e9 es la dependencia<\/strong><\/h2>\n\n\n\n<p>Las capacidades de las personas en situaci\u00f3n de <a href=\"https:\/\/leydedependencia.es\/\"  target=\"_blank\" rel=\"external nofollow\"  target=\"_blank\" title=\"\"  class=\"wp-links-icon\">dependencia<\/a> desaparecen -temporal o definitivamente-, lo cual imposibilita realizar determinadas tareas. Esto significa que la dependencia est\u00e1 ligada a cualquier <strong>deterioro en las facultades mentales o f\u00edsicas<\/strong> que impliquen una reducci\u00f3n de la autonom\u00eda del mayor.<\/p>\n\n\n\n<p>Hay<strong> tres grados<\/strong> de demencia en relaci\u00f3n con las capacidades que se han perdido.<\/p>\n\n\n\n<p><strong>-Dependencia moderada<\/strong>: Este es el grado m\u00e1s bajo. En este estadio de la dependencia todav\u00eda se goza de una alta autonom\u00eda. Lo \u00fanico que necesitan los mayores en este punto es un acompa\u00f1amiento puntual en las tareas cotidianas.<\/p>\n\n\n\n<p><strong>-Dependencia severa<\/strong>: En este punto, la dependencia ya impide hacer gran parte de las tareas cotidianas. El mayor requiere de una persona que se implique de una forma m\u00e1s constante en su cuidado.<\/p>\n\n\n\n<p><strong>-Gran dependencia<\/strong>: Este es el grado m\u00e1s alto de dependencia. La persona con demencia no tiene autonom\u00eda suficiente para desarrollarse por s\u00ed misma, por lo que requiere de personal especializado que conviva con ellos.<\/p>\n\n\n\n<p>El primer paso a la hora de solicitar ayudas a la dependencia es <strong>certificar dicha condici\u00f3n<\/strong>. Este proceso en Cantabria se puede realizar en las oficinas de <strong>Servicios Sociales <\/strong>o en la <a href=\"https:\/\/sede.cantabria.es\/sede\/catalogo-de-tramites\/tramite\/reconocimiento-de-la-situacion-de-dependencia-y-del-derecho-a-las-prestaciones-del-sistema-para-la-autonomia-y-atencion-a-la-dependencia\/770\"  target=\"_blank\" rel=\"external nofollow\"  target=\"_blank\"  class=\"wp-links-icon\">sede online del Gobierno de Cantabria<\/a>.<\/p>\n\n\n\n<p>Las personas que deseen acceder a esta solicitud deben:<\/p>\n\n\n\n<ol class=\"wp-block-list\">\n<li><strong>Residir<\/strong> en cualquier municipio c\u00e1ntabro.<\/li>\n<\/ol>\n\n\n\n<p>La <strong>documentaci\u00f3n<\/strong> que se solicita es la siguiente:<\/p>\n\n\n\n<ol class=\"wp-block-list\">\n<li>Fotocopia del <strong>DNI<\/strong> del solicitante y el representante (en caso de que lo haya).<\/li>\n\n\n\n<li>Sentencia judicial con la concesi\u00f3n de <strong>tutela o <a href=\"https:\/\/miresi.es\/blog\/incapacitacion-tramites\/\"  target=\"_blank\" rel=\"noreferrer noopener\" title=\"C\u00f3mo se Tramita una Incapacitaci\u00f3n [Gu\u00eda Completa 2022]\"  target=\"_blank\" rel=\"noreferrer noopener\" title=\"C\u00f3mo se Tramita una Incapacitaci\u00f3n [Gu\u00eda Completa 2022]\">incapacitaci\u00f3n<\/a><\/strong> (actualmente denominada provisi\u00f3n de apoyo), solo en caso de que haya una sentencia de estas caracter\u00edsticas.<\/li>\n\n\n\n<li><strong>Empadronamiento<\/strong> en cualquier municipio c\u00e1ntabro.<\/li>\n\n\n\n<li>5 a\u00f1os de <strong>residencia<\/strong> en Espa\u00f1a (siendo los 2 anteriores a la solicitud obligatorios).<\/li>\n\n\n\n<li><strong>Informe m\u00e9dico completo.<\/strong><\/li>\n\n\n\n<li>Reconocimiento de grado de <strong>discapacidad<\/strong>.<\/li>\n\n\n\n<li>Declaraci\u00f3n sobre la <strong>situaci\u00f3n econ\u00f3mica <\/strong>del solicitante y su c\u00f3nyuge (de tenerlo).<\/li>\n\n\n\n<li>La \u00faltima Declaraci\u00f3n del <strong>IRPF<\/strong>.<\/li>\n\n\n\n<li>Documento acreditativo de las <strong>pensiones<\/strong> percibidas.<\/li>\n\n\n\n<li><strong>Informaci\u00f3n bancaria<\/strong> del interesado.<\/li>\n\n\n\n<li>\u00daltima <strong>Declaraci\u00f3n del Impuesto de Patrimonio<\/strong> (si la presenta).<\/li>\n\n\n\n<li><strong>Informe catastral.<\/strong><\/li>\n<\/ol>\n\n\n\n<p>Adem\u00e1s, se presentar\u00e1:<\/p>\n\n\n\n<ol class=\"wp-block-list\">\n<li><a href=\"https:\/\/sede.cantabria.es\/sede\/catalogo-de-tramites\/tramite\/reconocimiento-de-la-situacion-de-dependencia-y-del-derecho-a-las-prestaciones-del-sistema-para-la-autonomia-y-atencion-a-la-dependencia\/5361\/4039\/8658fa6e7127a8ae0191032eafab2ecb516cedca364173b07f8a2ac5dbe86932\/Solicitud%20de%20revision.pdf\"  target=\"_blank\" rel=\"external nofollow\"  target=\"_blank\"  class=\"wp-links-icon\">Solicitud de revisi\u00f3n<\/a><\/li>\n\n\n\n<li><a href=\"https:\/\/sede.cantabria.es\/sede\/catalogo-de-tramites\/tramite\/reconocimiento-de-la-situacion-de-dependencia-y-del-derecho-a-las-prestaciones-del-sistema-para-la-autonomia-y-atencion-a-la-dependencia\/5361\/4038\/43c4668eb5fb07c989d21b7b276b27767c40e351a43a6c9d77dcc9348cf275cf\/Compromiso%20persona%20cuidadora.pdf\"  target=\"_blank\" rel=\"external nofollow\"  target=\"_blank\"  class=\"wp-links-icon\">Compromiso de la persona cuidadora<\/a><\/li>\n\n\n\n<li><a href=\"https:\/\/sede.cantabria.es\/sede\/catalogo-de-tramites\/tramite\/reconocimiento-de-la-situacion-de-dependencia-y-del-derecho-a-las-prestaciones-del-sistema-para-la-autonomia-y-atencion-a-la-dependencia\/5361\/4037\/f6523205181732e31c970a1b9d6e51f3cd5893adafc4948dc8dec8b4c1cdc4da\/ficha_de_tercero.pdf\"  target=\"_blank\" rel=\"external nofollow\"  target=\"_blank\"  class=\"wp-links-icon\">Ficha de tercero<\/a><\/li>\n\n\n\n<li><a href=\"https:\/\/sede.cantabria.es\/sede\/catalogo-de-tramites\/tramite\/reconocimiento-de-la-situacion-de-dependencia-y-del-derecho-a-las-prestaciones-del-sistema-para-la-autonomia-y-atencion-a-la-dependencia\/5361\/4034\/691beb11733aeed63d50faa8e79ed25cb1cbe31b152a889ee5f4934f9482f3fb\/Informe%20Condiciones%20Salud.pdf\"  target=\"_blank\" rel=\"external nofollow\"  target=\"_blank\"  class=\"wp-links-icon\">Informe Condiciones de Salud<\/a><\/li>\n\n\n\n<li><a href=\"https:\/\/sede.cantabria.es\/sede\/catalogo-de-tramites\/tramite\/reconocimiento-de-la-situacion-de-dependencia-y-del-derecho-a-las-prestaciones-del-sistema-para-la-autonomia-y-atencion-a-la-dependencia\/5361\/4035\/2a1485916047d1833d133f27e84a34a2656d49b062599106a8600a174e47b79c\/Declaraci%C3%B3n%20de%20guarda%20de%20hecho.pdf\"  target=\"_blank\" rel=\"external nofollow\"  target=\"_blank\"  class=\"wp-links-icon\">Declaraci\u00f3n de guarda de hecho<\/a><\/li>\n\n\n\n<li><a href=\"https:\/\/sede.cantabria.es\/sede\/catalogo-de-tramites\/tramite\/reconocimiento-de-la-situacion-de-dependencia-y-del-derecho-a-las-prestaciones-del-sistema-para-la-autonomia-y-atencion-a-la-dependencia\/5361\/4033\/bdbd33636ddabfea5f0da0076d098d175cff4a1a7ec2c3cd5ae1d2c0673782a1\/Solicitud%20completa%20(incluida%20declaracion%20c%C3%B3nyuge%20e%20instrucciones).pdf\"  target=\"_blank\" rel=\"external nofollow\"  target=\"_blank\"  class=\"wp-links-icon\">Solicitud completa (incluida declaraci\u00f3n c\u00f3nyuge e instrucciones)<\/a><\/li>\n\n\n\n<li><a href=\"https:\/\/sede.cantabria.es\/sede\/catalogo-de-tramites\/tramite\/reconocimiento-de-la-situacion-de-dependencia-y-del-derecho-a-las-prestaciones-del-sistema-para-la-autonomia-y-atencion-a-la-dependencia\/5361\/4036\/87bf5ee296ba69bbd1b58bc8626e4b86232e8d362e5bebe2b4f3b9a3f45472c0\/Autorizacion%20de%20representaci%C3%B3n%20ante%20el%20ICASS.pdf\"  target=\"_blank\" rel=\"external nofollow\"  target=\"_blank\"  class=\"wp-links-icon\">Autorizaci\u00f3n de representaci\u00f3n ante el ICASS<\/a><\/li>\n<\/ol>\n\n\n<div class=\"wp-block-image\">\n<figure class=\"aligncenter size-large\"><img decoding=\"async\" width=\"1024\" height=\"750\" src=\"https:\/\/miresi.es\/blog\/wp-content\/uploads\/2022\/05\/nurse-assisting-elderly-woman-2022-03-04-01-47-10-utc-1024x750.jpg\" alt=\"Anciana beneficiaria de la ayuda a la dependencia Cantabria\" class=\"wp-image-15375\" srcset=\"https:\/\/miresiblog.imgix.net\/uploads\/2022\/05\/nurse-assisting-elderly-woman-2022-03-04-01-47-10-utc-scaled.jpg?auto=format%2Ccompress&fit=crop&h=750&ixlib=php-3.3.0&w=1024&s=cd02f0c9bf0dc5e3238f68d4a3461cf6 1024w, https:\/\/miresiblog.imgix.net\/uploads\/2022\/05\/nurse-assisting-elderly-woman-2022-03-04-01-47-10-utc-scaled.jpg?auto=format%2Ccompress&fit=crop&h=220&ixlib=php-3.3.0&w=300&s=ac416a502ab8800f24cb35dd54ea950e 300w, https:\/\/miresiblog.imgix.net\/uploads\/2022\/05\/nurse-assisting-elderly-woman-2022-03-04-01-47-10-utc-scaled.jpg?auto=format%2Ccompress&fit=crop&h=563&ixlib=php-3.3.0&w=768&s=1c96648b416cdfc775027376ac4a4206 768w, https:\/\/miresiblog.imgix.net\/uploads\/2022\/05\/nurse-assisting-elderly-woman-2022-03-04-01-47-10-utc-scaled.jpg?auto=format%2Ccompress&fit=crop&h=1126&ixlib=php-3.3.0&w=1536&s=77e2e53ea3f4867a6396cfbc0abe259b 1536w, https:\/\/miresiblog.imgix.net\/uploads\/2022\/05\/nurse-assisting-elderly-woman-2022-03-04-01-47-10-utc-scaled.jpg?auto=format%2Ccompress&fit=crop&h=1501&ixlib=php-3.3.0&w=2048&s=daa89003d45a264de63596502f4cc0b5 2048w, https:\/\/miresiblog.imgix.net\/uploads\/2022\/05\/nurse-assisting-elderly-woman-2022-03-04-01-47-10-utc-scaled.jpg?auto=format%2Ccompress&fit=crop&h=264&ixlib=php-3.3.0&w=360&s=3eb59af935ca2d1f1033e53fd0d37a95 360w, https:\/\/miresiblog.imgix.net\/uploads\/2022\/05\/nurse-assisting-elderly-woman-2022-03-04-01-47-10-utc-scaled.jpg?auto=format%2Ccompress&ixlib=php-3.3.0&w=819&s=750c20c8415b23475bd55c81b44754bf 819w\" sizes=\"(max-width: 1024px) 100vw, 1024px\" \/><figcaption class=\"wp-element-caption\">Anciana dependiente residente en un centro especializado<\/figcaption><\/figure>\n<\/div>\n\n\n<h2 class=\"wp-block-heading\">2. <strong>\u00bfHay ayudas a la dependencia en Cantabria?<\/strong><\/h2>\n\n\n\n<p>Claro, la administraci\u00f3n p\u00fablica c\u00e1ntabra tiene en cuenta la dimensi\u00f3n real de la <a href=\"https:\/\/leydedependencia.es\/\"  target=\"_blank\" rel=\"external nofollow\"  title=\"\"  class=\"wp-links-icon\">dependencia<\/a>. Es consciente de que la dependencia requiere de un <strong>apoyo<\/strong> <strong>social<\/strong>, <strong>econ\u00f3mico y pol\u00edtico para<\/strong> <strong>mejorar las vidas de nuestros mayores<\/strong>.<\/p>\n\n\n\n<p>Los tr\u00e1mites se llevan a cabo mediante la mediaci\u00f3n de los <strong>Servicios Sociales<\/strong>, los cuales se pueden encontrar en unas oficinas asociadas a los <strong>ayuntamientos<\/strong> <strong>municipales<\/strong>. Para las poblaci\u00f3n con menor poblaci\u00f3n se habilita el servicio a nivel comarcal o asociado a las ciudades m\u00e1s pr\u00f3ximas.<\/p>\n\n\n\n<h2 class=\"wp-block-heading\"><strong>2.1. Servicio de teleasistencia<\/strong><\/h2>\n\n\n\n<p>El servicio de <a href=\"https:\/\/miresi.es\/blog\/teleasistencia\/\"  target=\"_blank\" rel=\"noreferrer noopener\" title=\"Teleasistencia: Otra Alternativa para Cuidar a tu Mayor\"  target=\"_blank\" rel=\"noreferrer noopener\" title=\"Teleasistencia: Otra Alternativa para Cuidar a tu Mayor\">teleasistencia<\/a> busca que los mayores se encuentren acompa\u00f1ados en todo momento mediante <strong>sistemas de alarma que conectan con el tel\u00e9fono de emergencias<\/strong>. Esto previene que los mayores no puedan alertar a nadie en caso de requerir ayuda.<\/p>\n\n\n\n<p>Este apoyo se puede solicitar presencialmente en el <strong>Registro Delegado del Instituto C\u00e1ntabro de Servicios Sociales<\/strong>, en cualquier otro registro de la Comunidad Aut\u00f3noma o de la Administraci\u00f3n General del Estado o en Oficinas de <strong>Correos<\/strong>.<\/p>\n\n\n\n<p>El <strong>perfil<\/strong> beneficiado por estas ayudas es:<\/p>\n\n\n\n<ol class=\"wp-block-list\">\n<li><a href=\"https:\/\/leydedependencia.es\/\"  target=\"_blank\" rel=\"external nofollow\"  title=\"\"  class=\"wp-links-icon\">Personas en situaci\u00f3n de <strong>dependencia<\/strong> (con certificado)<\/a>.<\/li>\n\n\n\n<li><strong>Ancianos<\/strong>.<\/li>\n\n\n\n<li><strong>Residentes<\/strong> en Cantabria.<\/li>\n\n\n\n<li>Disponer de un <strong>Programa Individual de Atenci\u00f3n (PIA).<\/strong><\/li>\n<\/ol>\n\n\n\n<p>La <strong>documentaci\u00f3n<\/strong> a presentar ser\u00e1:<\/p>\n\n\n\n<ol class=\"wp-block-list\">\n<li>Certificado acreditativo de la situaci\u00f3n de <strong>dependencia<\/strong>.<\/li>\n\n\n\n<li>Fotocopia del <strong>DNI<\/strong>.<\/li>\n\n\n\n<li><strong>Residencia<\/strong> y <strong>empadronamiento<\/strong> en la comunidad aut\u00f3noma de Cantabria.<\/li>\n<\/ol>\n\n\n\n<h3 class=\"wp-block-heading\"><strong>2.2. Servicio de ayuda a domicilio<\/strong><\/h3>\n\n\n\n<p>Para motivar<strong> que los mayores puedan continuar residiendo en sus hogares<\/strong>, la administraci\u00f3n p\u00fablica destina una parte de su presupuesto a garantizar el acceso al cuidado a domicilio.<\/p>\n\n\n\n<p>Esta ayuda se puede solicitar en los <strong>Servicios Sociales de Atenci\u00f3n Primaria<\/strong> del ayuntamiento de residencia o en los <strong>Centros de Salud de Atenci\u00f3n Primaria<\/strong>.<\/p>\n\n\n\n<p>Los <strong>requisitos<\/strong> para obtener este servicio son:<\/p>\n\n\n\n<ol class=\"wp-block-list\">\n<li>Certificar la situaci\u00f3n de <strong>dependencia<\/strong>.<\/li>\n\n\n\n<li>Disfrutar de los servicios del <strong>Programa Individual de Atenci\u00f3n.<\/strong><\/li>\n\n\n\n<li><strong>Personas ancianas aisladas socialmente.<\/strong><\/li>\n\n\n\n<li><strong>Residir<\/strong> en Cantabria.<\/li>\n<\/ol>\n\n\n\n<p>Los <strong>documentos<\/strong> necesarios para realizar el tr\u00e1mite son los siguientes:<\/p>\n\n\n\n<ol class=\"wp-block-list\">\n<li>Certificado con el grado de <strong>dependencia<\/strong>.<\/li>\n\n\n\n<li>Acreditaci\u00f3n de la <strong>discapacidad<\/strong>.<\/li>\n\n\n\n<li>Una resoluci\u00f3n del <strong>Programa Individual de Atenci\u00f3n (PIA).<\/strong><\/li>\n\n\n\n<li>Fotocopia del <strong>DNI<\/strong>.<\/li>\n\n\n\n<li>Acreditaci\u00f3n que indique la <strong>residencia<\/strong> y el <strong>empadronamiento<\/strong>.<\/li>\n<\/ol>\n\n\n\n<div class=\"wp-block-buttons is-content-justification-center is-layout-flex wp-container-core-buttons-is-layout-16018d1d wp-block-buttons-is-layout-flex\">\n<div class=\"wp-block-button has-custom-font-size has-medium-font-size\"><a href=\"https:\/\/leydedependencia.es\/\"  target=\"_blank\" rel=\"external nofollow\"  rel=\"nofollow\"  class=\"wp-links-icon\"><strong>CONOCE M\u00c1S INFORMACI\u00d3N SOBRE LOS GRADOS DE DEPENDENCIA<\/strong><\/a><\/div>\n<\/div>\n\n\n\n<h3 class=\"wp-block-heading\"><strong>2.3. Servicio de comida a domicilio para personas en situaci\u00f3n de dependencia<\/strong><\/h3>\n\n\n\n<p>Este servicio contribuye a que los mayores en <a href=\"https:\/\/leydedependencia.es\/\"  target=\"_blank\" rel=\"external nofollow\"  title=\"\"  class=\"wp-links-icon\">situaci\u00f3n de dependencia<\/a> tengan una <strong>alimentaci\u00f3n equilibrada<\/strong>. El Gobierno c\u00e1ntabro se asegura de que aquellas personas que no pueden desarrollar con autonom\u00eda su d\u00eda a d\u00eda no carezcan de algo tan b\u00e1sico como un <strong>men\u00fa diario.<\/strong><\/p>\n\n\n\n<p>La solicitud se puede presentar person\u00e1ndose en el <strong>Registro del Instituto C\u00e1ntabro de Servicios Sociales.<\/strong><\/p>\n\n\n\n<p>Los <strong>requisitos<\/strong> para poder gozar de esta ayuda son:<\/p>\n\n\n\n<ol class=\"wp-block-list\">\n<li>Certificar que el mayor se encuentra en una <a href=\"https:\/\/leydedependencia.es\/\"  target=\"_blank\" rel=\"external nofollow\"  title=\"\"  class=\"wp-links-icon\">situaci\u00f3n de <strong>dependencia<\/strong><\/a>.<\/li>\n\n\n\n<li>Demostrar que <strong>no hay familiares que se puedan hacer cargo <\/strong>de esta funci\u00f3n.<\/li>\n\n\n\n<li><strong>Residir<\/strong> en cualquier municipio c\u00e1ntabro.<\/li>\n<\/ol>\n\n\n\n<p>Por ello, los mayores deben aportar la siguiente <strong>documentaci\u00f3n<\/strong>:<\/p>\n\n\n\n<ol class=\"wp-block-list\">\n<li>Fotocopia del <strong>DNI<\/strong>.<\/li>\n\n\n\n<li>Certificado con el grado de <strong>dependencia<\/strong>.<\/li>\n\n\n\n<li><strong>Empadronamiento<\/strong> y <strong>residencia<\/strong> en la comunidad.<\/li>\n<\/ol>\n\n\n\n<h3 class=\"wp-block-heading\"><strong>2.4. Servicio de centros de d\u00eda<\/strong><\/h3>\n\n\n\n<p>Los centros de d\u00eda son espacios donde <strong>los mayores son atendidos y disfrutan de la compa\u00f1\u00eda<\/strong> en un horario donde sus familiares trabajan y no pueden hacerse cargo de ellos.<\/p>\n\n\n\n<p>La solicitud a estas plazas se realiza presencialmente en los <strong>Servicios Sociales de Atenci\u00f3n Primaria del ayuntamiento <\/strong>de residencia o en los <strong>Centros de Salud de Atenci\u00f3n Primaria.<\/strong><\/p>\n\n\n\n<p>Los <strong>requisitos<\/strong> para poder disfrutar de este servicio son los siguientes:<\/p>\n\n\n\n<ol class=\"wp-block-list\">\n<li>Certificar que el mayor se encuentra en una situaci\u00f3n de <strong>dependencia<\/strong>.<\/li>\n\n\n\n<li>Acreditar que <strong>los familiares no pueden encargarse del mayor<\/strong> durante las horas del d\u00eda, pero s\u00ed el resto.<\/li>\n\n\n\n<li><strong>Residir<\/strong> en cualquier municipio c\u00e1ntabro.<\/li>\n<\/ol>\n\n\n\n<p>La <strong>documentaci\u00f3n<\/strong> a aportar a las instituciones p\u00fablicas ser\u00e1:<\/p>\n\n\n\n<ol class=\"wp-block-list\">\n<li>Fotocopia del <strong>DNI<\/strong>.\u00a0<\/li>\n\n\n\n<li>Reconocimiento y grado de <strong>dependencia<\/strong>.<\/li>\n\n\n\n<li>Certificado de <strong>empadronamiento<\/strong> y <strong>residencia<\/strong> en cualquier municipio c\u00e1ntabro.<\/li>\n<\/ol>\n\n\n\n<h3 class=\"wp-block-heading\"><strong>2.5. Servicio de atenci\u00f3n residencial temporal y permanente<\/strong><\/h3>\n\n\n\n<p>En ocasiones, los mayores <strong>necesitan un centro residencial en determinados momentos y no siempre<\/strong>; en otras muchas, las personas con <a href=\"https:\/\/leydedependencia.es\/\"  target=\"_blank\" rel=\"external nofollow\"  title=\"\"  class=\"wp-links-icon\">dependencia <\/a>requieren de una atenci\u00f3n y cuidado constante. Las residencias son un ambiente id\u00f3neo.<\/p>\n\n\n\n<p>La ayuda se pide presencialmente en los <strong>Servicios Sociales de Atenci\u00f3n Primaria<\/strong> del ayuntamiento de residencia o en los <strong>Centros de Salud de Atenci\u00f3n Primaria<\/strong>.<\/p>\n\n\n\n<p>Los <strong>requisitos<\/strong> para iniciar el proceso son:<\/p>\n\n\n\n<ol class=\"wp-block-list\">\n<li>Tener una edad<strong> entre los 18 y los 65 a\u00f1os.<\/strong><\/li>\n\n\n\n<li>Acreditar la <strong>dependencia<\/strong> en forma de informe de los Servicios Sociales.<\/li>\n\n\n\n<li>Disponer de un <strong>Programa Individual de Atenci\u00f3n.<\/strong><\/li>\n<\/ol>\n\n\n\n<p>Los documentos a facilitar son:<\/p>\n\n\n\n<ol start=\"4\" class=\"wp-block-list\">\n<li>Fotocopia del <strong>DNI<\/strong>.\u00a0<\/li>\n\n\n\n<li>Reconocimiento y grado de <strong>dependencia<\/strong>.<\/li>\n\n\n\n<li>Certificado de <strong>empadronamiento<\/strong> y <strong>residencia<\/strong> en cualquier municipio c\u00e1ntabro.<\/li>\n<\/ol>\n\n\n\n<div class=\"wp-block-buttons is-content-justification-center is-layout-flex wp-container-core-buttons-is-layout-16018d1d wp-block-buttons-is-layout-flex\">\n<div class=\"wp-block-button has-custom-font-size has-medium-font-size\"><a href=\"https:\/\/leydedependencia.es\/\"  target=\"_blank\" rel=\"external nofollow\"   class=\"wp-links-icon\"><strong>CONOCE M\u00c1S INFORMACI\u00d3N SOBRE LOS BENEFICIOS QUE TE CORRESPONDEN<\/strong><\/a><\/div>\n<\/div>\n\n\n\n<h3 class=\"wp-block-heading\"><strong>2.6. Servicio de centros de rehabilitaci\u00f3n psicosocial<\/strong><\/h3>\n\n\n\n<p>Para aquellas personas que presentan patolog\u00edas mentales, el sector p\u00fablico promociona unas <strong>plazas en centros especializados<\/strong>. En estas instituciones, los mayores son atendidos por <strong>especialistas en el sector de la psiquiatr\u00eda y los cuidados.<\/strong><\/p>\n\n\n\n<p>Estas plazas se solicitan presentando la documentaci\u00f3n pertinente en persona en los <strong>Servicios Sociales de Atenci\u00f3n Primaria <\/strong>del ayuntamiento de residencia o en los<strong> Centros de Salud de Atenci\u00f3n Primaria.<\/strong><\/p>\n\n\n\n<p>Los <strong>requisitos<\/strong> b\u00e1sicos para conseguir una plaza en estos centros especializados son:<\/p>\n\n\n\n<ol class=\"wp-block-list\">\n<li>Tener una edad <strong>entre los 18 y los 65 a\u00f1os<\/strong>.<\/li>\n\n\n\n<li>Acreditar mediante informe m\u00e9dico que se padece una <strong>patolog\u00eda mental grave y\/o cr\u00f3nica.<\/strong><\/li>\n\n\n\n<li>Demostrar que el mayor se encuentra en una situaci\u00f3n de <strong>dependencia<\/strong>.<\/li>\n\n\n\n<li>Disponer de un <strong>Programa Individual de Atenci\u00f3n (PIA).<\/strong><\/li>\n<\/ol>\n\n\n\n<p>La <strong>documentaci\u00f3n<\/strong> que se requiere es:<\/p>\n\n\n\n<ol class=\"wp-block-list\">\n<li>Fotocopia del <strong>DNI<\/strong>.<\/li>\n\n\n\n<li>Certificado de <strong>dependencia<\/strong> expedido en la comunidad aut\u00f3noma de Cantabria.<\/li>\n\n\n\n<li><strong>Programa Individual de Atenci\u00f3n <\/strong>redactado por un trabajador social.<\/li>\n\n\n\n<li><strong>Empadronamiento<\/strong> y <strong>residencia<\/strong> en cualquier municipio c\u00e1ntabro.<\/li>\n<\/ol>\n\n\n<div class=\"wp-block-image\">\n<figure class=\"aligncenter size-large\"><img decoding=\"async\" width=\"1024\" height=\"683\" src=\"https:\/\/miresi.es\/blog\/wp-content\/uploads\/2022\/05\/elderly-man-in-a-wheelchair-posing-for-the-camera-2021-09-03-21-02-42-utc-1024x683.jpg\" alt=\"Anciano disfrutando de la ayuda a la dependencia Cantabria\" class=\"wp-image-15383\" srcset=\"https:\/\/miresiblog.imgix.net\/uploads\/2022\/05\/elderly-man-in-a-wheelchair-posing-for-the-camera-2021-09-03-21-02-42-utc-scaled.jpg?auto=format%2Ccompress&fit=crop&h=683&ixlib=php-3.3.0&w=1024&s=eaa3eb754e59c40b62220e12611bac49 1024w, https:\/\/miresiblog.imgix.net\/uploads\/2022\/05\/elderly-man-in-a-wheelchair-posing-for-the-camera-2021-09-03-21-02-42-utc-scaled.jpg?auto=format%2Ccompress&fit=crop&h=200&ixlib=php-3.3.0&w=300&s=6a9333fef06bc6a23e66bf5df2943df8 300w, https:\/\/miresiblog.imgix.net\/uploads\/2022\/05\/elderly-man-in-a-wheelchair-posing-for-the-camera-2021-09-03-21-02-42-utc-scaled.jpg?auto=format%2Ccompress&fit=crop&h=512&ixlib=php-3.3.0&w=768&s=5b5cf2cb763a2a6a04d8cad858b9b38d 768w, https:\/\/miresiblog.imgix.net\/uploads\/2022\/05\/elderly-man-in-a-wheelchair-posing-for-the-camera-2021-09-03-21-02-42-utc-scaled.jpg?auto=format%2Ccompress&fit=crop&h=1024&ixlib=php-3.3.0&w=1536&s=7b1c884542b5533232149a09a4c5f2e0 1536w, https:\/\/miresiblog.imgix.net\/uploads\/2022\/05\/elderly-man-in-a-wheelchair-posing-for-the-camera-2021-09-03-21-02-42-utc-scaled.jpg?auto=format%2Ccompress&fit=crop&h=1365&ixlib=php-3.3.0&w=2048&s=72dc372f220286356e376fadeb2977a8 2048w, https:\/\/miresiblog.imgix.net\/uploads\/2022\/05\/elderly-man-in-a-wheelchair-posing-for-the-camera-2021-09-03-21-02-42-utc-scaled.jpg?auto=format%2Ccompress&fit=crop&h=240&ixlib=php-3.3.0&w=360&s=9b1d69efef1f3bbbb9fc489ffe5ca158 360w, https:\/\/miresiblog.imgix.net\/uploads\/2022\/05\/elderly-man-in-a-wheelchair-posing-for-the-camera-2021-09-03-21-02-42-utc-scaled.jpg?auto=format%2Ccompress&ixlib=php-3.3.0&w=900&s=4c999b55ce8dc85bcce20dcd96ae900e 900w\" sizes=\"(max-width: 1024px) 100vw, 1024px\" \/><figcaption class=\"wp-element-caption\">Anciano disfrutando de los servicios de un centro de d\u00eda<\/figcaption><\/figure>\n<\/div>\n\n\n<h3 class=\"wp-block-heading\"><strong>2.7. Prestaciones econ\u00f3micas individuales en materia de servicios sociales para la promoci\u00f3n de la vida aut\u00f3noma<\/strong><\/h3>\n\n\n\n<p>Estas ayudas van destinadas a garantizar el acceso a una serie de servicios vinculados con la <strong>promoci\u00f3n de la autonom\u00eda<\/strong> de las <a href=\"https:\/\/leydedependencia.es\/\"  target=\"_blank\" rel=\"external nofollow\"  title=\"\"  class=\"wp-links-icon\">personas en situaci\u00f3n de dependencia<\/a>. Estas <strong>\u00e1reas<\/strong> son:<\/p>\n\n\n\n<ol class=\"wp-block-list\">\n<li>Servicios de <strong>atenci\u00f3n domiciliaria.<\/strong><\/li>\n\n\n\n<li><strong>Adaptaci\u00f3n de la vivienda.<\/strong><\/li>\n\n\n\n<li><strong>Eliminaci\u00f3n de barreras arquitect\u00f3nicas.<\/strong><\/li>\n\n\n\n<li>Ayudas t\u00e9cnicas y <strong>productos de apoyo.<\/strong><\/li>\n\n\n\n<li>Ayudas para la <strong>adquisici\u00f3n de veh\u00edculos <\/strong>y la adaptaci\u00f3n de los mismos.<\/li>\n\n\n\n<li>Compra de <strong>material prot\u00e9sico, dental y \u00f3ptico.<\/strong><\/li>\n\n\n\n<li><strong>Ayuda al transporte<\/strong> fuera del domicilio.<\/li>\n\n\n\n<li>Plazas en <strong>centros especializados.<\/strong><\/li>\n\n\n\n<li>Servicio de<strong> comida a domicilio.<\/strong><\/li>\n\n\n\n<li>Compra de <strong>electrodom\u00e9sticos imprescindibles.<\/strong><\/li>\n\n\n\n<li>Ayudas para el estudio del <strong>certificado de conducci\u00f3n.<\/strong><\/li>\n\n\n\n<li>Tratamientos para la prevenci\u00f3n de <strong>trastornos en desarrollo o de recuperaci\u00f3n m\u00e9dico-funcional.<\/strong><\/li>\n<\/ol>\n\n\n\n<p>Los tr\u00e1mites, como en el resto de casos, se realizar\u00e1n en los <strong>Servicios Sociales de Atenci\u00f3n Primaria<\/strong> del ayuntamiento de residencia, en la <strong>Consejera de Empleo y Bienestar Social <\/strong>o en los <strong>Centros de Salud de Atenci\u00f3n Primaria.<\/strong><\/p>\n\n\n\n<p>Los <strong>requisitos<\/strong> para conseguir estos apoyos econ\u00f3micos son los siguientes:<\/p>\n\n\n\n<ol class=\"wp-block-list\">\n<li>Ser <strong>mayor de 65 a\u00f1os.<\/strong><\/li>\n\n\n\n<li>Presentar un grado de<strong> discapacidad igual o superior al 33%.<\/strong><\/li>\n\n\n\n<li><strong>Residir<\/strong> y estar <strong>empadronado<\/strong> en cualquier municipio c\u00e1ntabro.<\/li>\n<\/ol>\n\n\n\n<p>Con el fin de acreditar que se cumple con los requisitos, la <strong>documentaci\u00f3n<\/strong> necesaria es:<\/p>\n\n\n\n<ol class=\"wp-block-list\">\n<li>Un certificado de <strong>discapacidad<\/strong>.<\/li>\n\n\n\n<li>Un <strong>informe<\/strong> elaborado por un trabajador o trabajadora social en el que se indiquen las necesidades espec\u00edficas del mayor.<\/li>\n\n\n\n<li>Fotocopia del <strong>DNI<\/strong> del beneficiario.<\/li>\n\n\n\n<li>Certificado de <strong>empadronamiento<\/strong> y <strong>residencia<\/strong>.<\/li>\n<\/ol>\n\n\n<div class=\"wp-block-image\">\n<figure class=\"aligncenter size-large\"><img decoding=\"async\" width=\"1024\" height=\"683\" src=\"https:\/\/miresi.es\/blog\/wp-content\/uploads\/2022\/05\/providing-care-for-elderly-doctor-visiting-elderl-2021-08-26-22-39-28-utc-1024x683.jpg\" alt=\"Anciana sujeta a la ayuda a la dependencia Cantabria\" class=\"wp-image-15384\" srcset=\"https:\/\/miresiblog.imgix.net\/uploads\/2022\/05\/providing-care-for-elderly-doctor-visiting-elderl-2021-08-26-22-39-28-utc-scaled.jpg?auto=format%2Ccompress&fit=crop&h=683&ixlib=php-3.3.0&w=1024&s=18c624a171b478cdeebdcf93420e3dfd 1024w, https:\/\/miresiblog.imgix.net\/uploads\/2022\/05\/providing-care-for-elderly-doctor-visiting-elderl-2021-08-26-22-39-28-utc-scaled.jpg?auto=format%2Ccompress&fit=crop&h=200&ixlib=php-3.3.0&w=300&s=540bb5b74b55db9a7b91d4813ea6f2c1 300w, https:\/\/miresiblog.imgix.net\/uploads\/2022\/05\/providing-care-for-elderly-doctor-visiting-elderl-2021-08-26-22-39-28-utc-scaled.jpg?auto=format%2Ccompress&fit=crop&h=512&ixlib=php-3.3.0&w=768&s=da9133f2c9a86eafdf353159d6d34682 768w, https:\/\/miresiblog.imgix.net\/uploads\/2022\/05\/providing-care-for-elderly-doctor-visiting-elderl-2021-08-26-22-39-28-utc-scaled.jpg?auto=format%2Ccompress&fit=crop&h=1024&ixlib=php-3.3.0&w=1536&s=48ee2eb4f3320d5720cf8ace8c06b6e3 1536w, https:\/\/miresiblog.imgix.net\/uploads\/2022\/05\/providing-care-for-elderly-doctor-visiting-elderl-2021-08-26-22-39-28-utc-scaled.jpg?auto=format%2Ccompress&fit=crop&h=1365&ixlib=php-3.3.0&w=2048&s=dd62b67c13ee3e89bf59e6176b59cb86 2048w, https:\/\/miresiblog.imgix.net\/uploads\/2022\/05\/providing-care-for-elderly-doctor-visiting-elderl-2021-08-26-22-39-28-utc-scaled.jpg?auto=format%2Ccompress&fit=crop&h=240&ixlib=php-3.3.0&w=360&s=48ff2d8350efa937e4065749e08d4b10 360w, https:\/\/miresiblog.imgix.net\/uploads\/2022\/05\/providing-care-for-elderly-doctor-visiting-elderl-2021-08-26-22-39-28-utc-scaled.jpg?auto=format%2Ccompress&ixlib=php-3.3.0&w=900&s=0b9f741095d97077fa5fd0668bd7b977 900w\" sizes=\"(max-width: 1024px) 100vw, 1024px\" \/><figcaption class=\"wp-element-caption\">Anciana residente en un centro residencial especializado<\/figcaption><\/figure>\n<\/div>\n\n\n<h3 class=\"wp-block-heading\"><strong>2.8. Prestaciones por dependencia<\/strong><\/h3>\n\n\n\n<p>La <a href=\"https:\/\/leydedependencia.es\/\"  target=\"_blank\" rel=\"external nofollow\"  title=\"\"  class=\"wp-links-icon\">prestaci\u00f3n por dependencia<\/a> suple todas aquellas necesidades econ\u00f3micas derivadas de la situaci\u00f3n de dependencia.<\/p>\n\n\n\n<p>El tr\u00e1mite para su concesi\u00f3n se realiza en los <strong>Servicios Sociales de Atenci\u00f3n Primaria <\/strong>del ayuntamiento de residencia o en los <strong>Centros de Salud de Atenci\u00f3n Primaria<\/strong>.<\/p>\n\n\n\n<p>Los requisitos para acceder a este tr\u00e1mite son:<\/p>\n\n\n\n<ol class=\"wp-block-list\">\n<li>Haber <strong>residido<\/strong> 5 a\u00f1os en Espa\u00f1a (obligatoriamente los 2 anteriores a la solicitud se habr\u00e1 residido en alguna zona del pa\u00eds).<\/li>\n\n\n\n<li>Encontrarse en una situaci\u00f3n de <strong>dependencia<\/strong> (independientemente del grado).<\/li>\n<\/ol>\n\n\n\n<p>Por tanto, la <strong>documentaci\u00f3n<\/strong> necesaria para que se tramite la solicitud ser\u00e1:<\/p>\n\n\n\n<ol class=\"wp-block-list\">\n<li><strong>Documentos de identificaci\u00f3n<\/strong> del solicitante y su representante (si lo tiene).<\/li>\n\n\n\n<li>Certificado que acredite la <strong>dependencia<\/strong>.<\/li>\n\n\n\n<li><strong>Empadronamiento<\/strong> y <strong>residencia<\/strong> en Espa\u00f1a y en la comunidad aut\u00f3noma de Cantabria.<\/li>\n<\/ol>\n\n\n\n<div class=\"wp-block-buttons is-content-justification-center is-layout-flex wp-container-core-buttons-is-layout-16018d1d wp-block-buttons-is-layout-flex\">\n<div class=\"wp-block-button has-custom-font-size has-medium-font-size\"><a href=\"https:\/\/leydedependencia.es\/\"  target=\"_blank\" rel=\"external nofollow\"   class=\"wp-links-icon\"><strong>SOLICITA GRATIS EL LISTADO DE PRESTACIONES POR DEPENDENCIA<\/strong><\/a><\/div>\n<\/div>\n\n\n\n<h3 class=\"wp-block-heading\"><strong>2.9. Servicio de transporte adaptado<\/strong><\/h3>\n\n\n\n<p>Los mayores en situaci\u00f3n de dependencia no disponen de las posibilidades de movimiento que el resto tenemos. Salir de casa para desarrollar la vida cotidiana es un reto que esta ayuda intenta paliar. El Gobierno c\u00e1ntabro pone a disposici\u00f3n de las <a href=\"https:\/\/leydedependencia.es\/\"  target=\"_blank\" rel=\"external nofollow\"  title=\"\"  class=\"wp-links-icon\">personas con dependencia<\/a> que no puedan desplazarse una serie de <strong>veh\u00edculos que los llevan a centros de atenci\u00f3n, al puesto de trabajo o a centros ocupacionales.<\/strong><\/p>\n\n\n\n<p>Esta ayuda se solicita presencialmente en\u00a0los <strong>Servicios Sociales<\/strong>.<\/p>\n\n\n\n<p>Los <strong>requisitos<\/strong> que se demandan desde la administraci\u00f3n p\u00fablica son los siguientes:<\/p>\n\n\n\n<ol class=\"wp-block-list\">\n<li>Certificar la <strong>dependencia<\/strong> y\/o una <strong>discapacidad grave<\/strong>.<\/li>\n\n\n\n<li>Estar inscrito en un centro de atenci\u00f3n.<\/li>\n\n\n\n<li>Justificar que la situaci\u00f3n de <strong>falta de autonom\u00eda imposibilita el transporte mediante la oferta de transporte p\u00fablico<\/strong>.<\/li>\n\n\n\n<li><strong>No disponer de ning\u00fan familiar<\/strong> que se pueda hacer cargo de esta funci\u00f3n.<\/li>\n<\/ol>\n\n\n\n<p>Por tanto, la <strong>documentaci\u00f3n<\/strong> que se ha de aportar es esta:<\/p>\n\n\n\n<ol class=\"wp-block-list\">\n<li>Certificado de <strong>dependencia<\/strong> donde se indique el grado.<\/li>\n\n\n\n<li>Certificado de <strong>discapacidad<\/strong>.<\/li>\n\n\n\n<li><strong>Justificantes de asistencia a un centro de atenci\u00f3n.<\/strong><\/li>\n\n\n\n<li><strong>Residencia<\/strong> y <strong>empadronamiento<\/strong> en cualquier municipio c\u00e1ntabro.<\/li>\n\n\n\n<li>Fotocopia compulsada del <strong>DNI<\/strong> del interesado y de un familiar que le represente (solo en caso de que se d\u00e9 esta situaci\u00f3n).<\/li>\n<\/ol>\n\n\n\n<div class=\"wp-block-buttons is-content-justification-center is-layout-flex wp-container-core-buttons-is-layout-16018d1d wp-block-buttons-is-layout-flex\">\n<div class=\"wp-block-button has-custom-font-size has-medium-font-size\"><a href=\"https:\/\/leydedependencia.es\/\"  target=\"_blank\" rel=\"external nofollow\"  rel=\"nofollow\"  class=\"wp-links-icon\"><strong>SOLICITA GRATIS TODA LA INFORMACI\u00d3N QUE NECESITES SOBRE LEY DE DEPENDENCIA AQU\u00cd<\/strong><\/a><\/div>\n<\/div>\n\n\n\n<p>Los mayores se merecen tener una vida c\u00f3moda y digna. <strong>La dependencia es una situaci\u00f3n delicada para mayores y familiares,<\/strong> por ello, lo menos que podemos intentar es <strong>promocionar su autonom\u00eda y su felicidad <\/strong>en la medida de lo posible. La ayuda econ\u00f3mica es un acompa\u00f1amiento importante que da acceso a cuidados de calidad. Por eso desde miResi <strong>estamos comprometidos con que este tipo de<\/strong> <strong>informaci\u00f3n llegue al mayor n\u00famero de personas.<\/strong><\/p>\n\n\n\n<p class=\"has-small-font-size\">Fuentes:<\/p>\n\n\n\n<ul class=\"wp-block-list has-small-font-size\">\n<li>Gobierno de Cantabria: <a href=\"https:\/\/sede.cantabria.es\/sede\/catalogo-de-tramites\/tramite\/reconocimiento-de-la-situacion-de-dependencia-y-del-derecho-a-las-prestaciones-del-sistema-para-la-autonomia-y-atencion-a-la-dependencia\/770\"  target=\"_blank\" rel=\"external nofollow\"  target=\"_blank\"  class=\"wp-links-icon\">https:\/\/sede.cantabria.es\/sede\/catalogo-de-tramites\/tramite\/reconocimiento-de-la-situacion-de-dependencia-y-del-derecho-a-las-prestaciones-del-sistema-para-la-autonomia-y-atencion-a-la-dependencia\/770<\/a>\u00a0<\/li>\n\n\n\n<li>Servicios Sociales del Gobierno de Cantabria: <a href=\"https:\/\/www.serviciossocialescantabria.org\/\"  target=\"_blank\" rel=\"external nofollow\"  target=\"_blank\"  class=\"wp-links-icon\">https:\/\/www.serviciossocialescantabria.org\/<\/a><\/li>\n<\/ul>\n<div style='text-align:center' class='yasr-auto-insert-visitor'><!--Yasr Visitor Votes Shortcode--><div id='yasr_visitor_votes_9209f3bb16574' class='yasr-visitor-votes'><div class=\"yasr-custom-text-vv-before yasr-custom-text-vv-before-15373\">\u00a1Haz clic para puntuar esta entrada!<\/div><div id='yasr-vv-second-row-container-9209f3bb16574'\r\n                                        class='yasr-vv-second-row-container'><div id='yasr-visitor-votes-rater-9209f3bb16574'\r\n                                      class='yasr-rater-stars-vv'\r\n                                      data-rater-postid='15373'\r\n                                      data-rating='0'\r\n                                      data-rater-starsize='32'\r\n                                      data-rater-readonly='false'\r\n                                      data-rater-nonce='df9b54cd3f'\r\n                                      data-issingular='false'\r\n                                    ><\/div><div class=\"yasr-vv-stats-text-container\" id=\"yasr-vv-stats-text-container-9209f3bb16574\"><svg xmlns=\"https:\/\/www.w3.org\/2000\/svg\" width=\"20\" height=\"20\"\r\n                                   class=\"yasr-dashicons-visitor-stats\"\r\n                                   data-postid=\"15373\"\r\n                                   id=\"yasr-stats-dashicon-9209f3bb16574\">\r\n                                   <path d=\"M18 18v-16h-4v16h4zM12 18v-11h-4v11h4zM6 18v-8h-4v8h4z\"><\/path>\r\n                               <\/svg><span id=\"yasr-vv-text-container-9209f3bb16574\" class=\"yasr-vv-text-container\"> (Votos: <span id=\"yasr-vv-votes-number-container-9209f3bb16574\">0<\/span>  Promedio: <span id=\"yasr-vv-average-container-9209f3bb16574\">0<\/span>)<\/span><\/div><div id='yasr-vv-loader-9209f3bb16574' class='yasr-vv-container-loader'><\/div><\/div><div id='yasr-vv-bottom-container-9209f3bb16574'\r\n                              class='yasr-vv-bottom-container'\r\n                              style='display:none'><\/div><\/div><!--End Yasr Visitor Votes Shortcode--><\/div>","protected":false},"excerpt":{"rendered":"<p>Siempre es \u00fatil conocer los apoyos econ\u00f3micos que uno tiene a su alcance. Por ello, desde miResi hablamos de la ayuda a la dependencia Cantabria<\/p>\n","protected":false},"author":10,"featured_media":15376,"comment_status":"open","ping_status":"open","sticky":false,"template":"","format":"standard","meta":{"yasr_overall_rating":0,"yasr_post_is_review":"","yasr_auto_insert_disabled":"","yasr_review_type":"","footnotes":""},"categories":[387,951],"tags":[1122,1367,1308,498,781],"class_list":["post-15373","post","type-post","status-publish","format-standard","has-post-thumbnail","hentry","category-ayudas","category-leyes","tag-ayuda-a-la-dependencia","tag-ayuda-a-la-dependencia-en-cantabria","tag-ayudas-y-subvenciones","tag-cantabria","tag-dependencia"],"yasr_visitor_votes":{"stars_attributes":{"read_only":false,"span_bottom":false},"number_of_votes":0,"sum_votes":0},"_links":{"self":[{"href":"https:\/\/miresi.es\/blog\/wp-json\/wp\/v2\/posts\/15373","targetHints":{"allow":["GET"]}}],"collection":[{"href":"https:\/\/miresi.es\/blog\/wp-json\/wp\/v2\/posts"}],"about":[{"href":"https:\/\/miresi.es\/blog\/wp-json\/wp\/v2\/types\/post"}],"author":[{"embeddable":true,"href":"https:\/\/miresi.es\/blog\/wp-json\/wp\/v2\/users\/10"}],"replies":[{"embeddable":true,"href":"https:\/\/miresi.es\/blog\/wp-json\/wp\/v2\/comments?post=15373"}],"version-history":[{"count":8,"href":"https:\/\/miresi.es\/blog\/wp-json\/wp\/v2\/posts\/15373\/revisions"}],"predecessor-version":[{"id":23917,"href":"https:\/\/miresi.es\/blog\/wp-json\/wp\/v2\/posts\/15373\/revisions\/23917"}],"wp:featuredmedia":[{"embeddable":true,"href":"https:\/\/miresi.es\/blog\/wp-json\/wp\/v2\/media\/15376"}],"wp:attachment":[{"href":"https:\/\/miresi.es\/blog\/wp-json\/wp\/v2\/media?parent=15373"}],"wp:term":[{"taxonomy":"category","embeddable":true,"href":"https:\/\/miresi.es\/blog\/wp-json\/wp\/v2\/categories?post=15373"},{"taxonomy":"post_tag","embeddable":true,"href":"https:\/\/miresi.es\/blog\/wp-json\/wp\/v2\/tags?post=15373"}],"curies":[{"name":"wp","href":"https:\/\/api.w.org\/{rel}","templated":true}]}}