{"id":15389,"date":"2022-05-04T11:20:00","date_gmt":"2022-05-04T10:20:00","guid":{"rendered":"https:\/\/miresi.es\/blog\/?p=15389"},"modified":"2026-04-23T18:08:05","modified_gmt":"2026-04-23T17:08:05","slug":"ayuda-a-la-dependencia-pais-vasco","status":"publish","type":"post","link":"https:\/\/miresi.es\/blog\/ayuda-a-la-dependencia-pais-vasco\/","title":{"rendered":"Descubre C\u00f3mo Solicitar la Ayuda a la Dependencia en el Pa\u00eds Vasco"},"content":{"rendered":"\n<p>La <a href=\"https:\/\/leydedependencia.es\/\"  target=\"_blank\" rel=\"external nofollow\"  title=\"\"  class=\"wp-links-icon\">dependencia <\/a>es una situaci\u00f3n sobrevenida en la que los mayores necesitan cuidados continuos para poder desarrollar su rutina cotidiana. Los gastos en cuidados en el domicilio o en centros, <strong>la<\/strong> <strong>adaptaci\u00f3n de los espacios y la compra de material ortop\u00e9dico <\/strong>es siempre elevado. Pero hay apoyo p\u00fablico para reducir este impacto. Por ello, en <a href=\"https:\/\/miresi.es\/buscador\/\"  rel=\"nofollow\" title=\"miResi\"  rel=\"nofollow\" title=\"miResi\">miResi<\/a> te resumimos las posibilidades de la <strong><a href=\"https:\/\/leydedependencia.es\/\"  target=\"_blank\" rel=\"external nofollow\"  title=\"\"  class=\"wp-links-icon\">ayuda a la dependencia Pa\u00eds Vasco.<\/a><\/strong><\/p>\n\n\n\n<div class=\"wp-block-buttons is-content-justification-center is-layout-flex wp-container-core-buttons-is-layout-16018d1d wp-block-buttons-is-layout-flex\">\n<div class=\"wp-block-button has-custom-font-size has-medium-font-size\"><a href=\"https:\/\/leydedependencia.es\/\"  target=\"_blank\" rel=\"external nofollow\"  rel=\"nofollow\"  class=\"wp-links-icon\"><strong>CONTACTA CON UN EXPERTO DE LA LEY DE DEPENDENCIA<\/strong><\/a><\/div>\n<\/div>\n\n\n\n<p style=\"font-size:10px\"><\/p>\n\n\n\n<h2 class=\"wp-block-heading\">1. <strong>Qu\u00e9 es la dependencia<\/strong><\/h2>\n\n\n\n<p>La <a href=\"https:\/\/leydedependencia.es\/\"  target=\"_blank\" rel=\"external nofollow\"  target=\"_blank\" title=\"\"  class=\"wp-links-icon\">dependencia<\/a> es una situaci\u00f3n en la que las personas dejan de tener -temporal o definitivamente- las capacidades necesarias para realizar determinadas tareas. Esto significa que la dependencia est\u00e1 ligada a cualquier <strong>deterioro en las facultades mentales o f\u00edsicas <\/strong>que impliquen una reducci\u00f3n de la autonom\u00eda del mayor.<\/p>\n\n\n\n<p>Hay <strong>tres grados<\/strong> de demencia en relaci\u00f3n con las capacidades que se han perdido.<\/p>\n\n\n\n<p><strong>-Dependencia moderada<\/strong>: Este es el grado m\u00e1s bajo. En este estadio de la dependencia todav\u00eda se goza de una alta autonom\u00eda. Lo \u00fanico que necesitan los mayores en este punto es un acompa\u00f1amiento puntual en las tareas cotidianas.<\/p>\n\n\n\n<p><strong>-Dependencia severa<\/strong>: En este punto, la dependencia ya impide hacer gran parte de las tareas cotidianas. El mayor requiere de una persona que se implique de una forma m\u00e1s constante en su cuidado.<\/p>\n\n\n\n<p><strong>-Gran dependencia<\/strong>: Este es el grado m\u00e1s alto de dependencia. La persona con demencia no tiene autonom\u00eda suficiente para desarrollarse por s\u00ed misma, por lo que requiere de personal especializado que conviva con ellos.<\/p>\n\n\n\n<p>El paso imprescindible es <strong><a href=\"https:\/\/leydedependencia.es\/\"  target=\"_blank\" rel=\"external nofollow\"  title=\"\"  class=\"wp-links-icon\">certificar la dependencia<\/a><\/strong>. Para ello, hay que comenzar el tr\u00e1mite de forma telem\u00e1tica en la <a href=\"https:\/\/www.ebizkaia.eus\/es\/catalogo-de-tramites-y-servicios?procID=155\"  target=\"_blank\" rel=\"external nofollow\"  target=\"_blank\"  class=\"wp-links-icon\">web de la administraci\u00f3n vasca<\/a> (en este caso de la provincia de Vizcaya)\u00a0 o personarse en la oficina de <strong>Servicios Sociales del ayuntamiento<\/strong> en el que se resida.<\/p>\n\n\n\n<p>Los <strong>pasos<\/strong> son los siguientes:<\/p>\n\n\n\n<ol class=\"wp-block-list\">\n<li>Presentar la <strong>documentaci\u00f3n<\/strong> en las oficinas de Servicios Sociales.<\/li>\n\n\n\n<li>La administraci\u00f3n agendar\u00e1 una<strong> fecha para realizar una revisi\u00f3n <\/strong>del mayor.<\/li>\n\n\n\n<li>Se comunicar\u00e1 el <strong>resultado<\/strong> al interesado.<\/li>\n\n\n\n<li>Los<strong> Servicios Sociales aconsejar\u00e1n<\/strong>, en caso de que se <a href=\"https:\/\/leydedependencia.es\/\"  target=\"_blank\" rel=\"external nofollow\"  title=\"\"  class=\"wp-links-icon\">acredite la dependencia, en lo relativo a ayudas.<\/a>\u00a0<\/li>\n<\/ol>\n\n\n\n<p>La <strong>documentaci\u00f3n<\/strong> a presentar es:<\/p>\n\n\n\n<ol class=\"wp-block-list\">\n<li>Fotocopia del <strong>DNI<\/strong>.<\/li>\n\n\n\n<li><strong>Empadronamiento<\/strong>.\u00a0<\/li>\n\n\n\n<li><a href=\"https:\/\/www.ebizkaia.eus\/es\/catalogo-de-tramites-y-servicios?p_p_id=EWSJ001C_WAR_EWSJ001C&p_p_lifecycle=2&p_p_state=normal&p_p_mode=view&p_p_resource_id=j_idt1197&p_p_cacheability=cacheLevelPage&p_p_col_id=sedeAncho16de16&p_p_col_count=1&_EWSJ001C_WAR_EWSJ001C_id=a6bd091b-febe-4f2c-9ff7-966abe90720f&_EWSJ001C_WAR_EWSJ001C_operacionVista=contenidoFilenet&_EWSJ001C_WAR_EWSJ001C_IDIOMA=es\"  target=\"_blank\" rel=\"external nofollow\"  target=\"_blank\"  class=\"wp-links-icon\">Informe de salud para valoraci\u00f3n de dependencia\u00a0<\/a><\/li>\n\n\n\n<li><a href=\"https:\/\/www.ebizkaia.eus\/es\/catalogo-de-tramites-y-servicios?p_p_id=EWSJ001C_WAR_EWSJ001C&p_p_lifecycle=2&p_p_state=normal&p_p_mode=view&p_p_resource_id=j_idt1215&p_p_cacheability=cacheLevelPage&p_p_col_id=sedeAncho16de16&p_p_col_count=1&_EWSJ001C_WAR_EWSJ001C_id=2e0d0138-ab18-4da3-a512-4d2b41eb5313%3B1.0&_EWSJ001C_WAR_EWSJ001C_operacionVista=contenidoFilenet&_EWSJ001C_WAR_EWSJ001C_IDIOMA=es\"  target=\"_blank\" rel=\"external nofollow\"  target=\"_blank\"  class=\"wp-links-icon\">Ficha bancaria de servicios sociales<\/a><\/li>\n\n\n\n<li><strong>Tarjeta Sanitaria de la Seguridad Social.<\/strong><\/li>\n\n\n\n<li><strong>Libro de Familia.<\/strong><\/li>\n\n\n\n<li>Sentencia judicial con la concesi\u00f3n de <strong><a href=\"https:\/\/miresi.es\/blog\/incapacitacion-tramites\/\"  title=\"C\u00f3mo se Tramita una Incapacitaci\u00f3n [Gu\u00eda Completa 2022]\"  title=\"C\u00f3mo se Tramita una Incapacitaci\u00f3n [Gu\u00eda Completa 2022]\">tutela<\/a><\/strong> (en caso de que el mayor se encuentre representado por un familiar).<\/li>\n\n\n\n<li><a href=\"https:\/\/www.ebizkaia.eus\/es\/catalogo-de-tramites-y-servicios?p_p_id=EWSJ001C_WAR_EWSJ001C&p_p_lifecycle=2&p_p_state=normal&p_p_mode=view&p_p_resource_id=j_idt1262&p_p_cacheability=cacheLevelPage&p_p_col_id=sedeAncho16de16&p_p_col_count=1&_EWSJ001C_WAR_EWSJ001C_id=054e5fd5-052f-423e-be36-95b3d8da2735%3B1.0&_EWSJ001C_WAR_EWSJ001C_operacionVista=contenidoFilenet&_EWSJ001C_WAR_EWSJ001C_IDIOMA=es\"  target=\"_blank\" rel=\"external nofollow\"  target=\"_blank\"  class=\"wp-links-icon\">Otorgamiento de representaci\u00f3n voluntaria para el Departamento de Acci\u00f3n Social<\/a><\/li>\n\n\n\n<li><a href=\"https:\/\/www.ebizkaia.eus\/es\/catalogo-de-tramites-y-servicios?p_p_id=EWSJ001C_WAR_EWSJ001C&p_p_lifecycle=2&p_p_state=normal&p_p_mode=view&p_p_resource_id=j_idt1281&p_p_cacheability=cacheLevelPage&p_p_col_id=sedeAncho16de16&p_p_col_count=1&_EWSJ001C_WAR_EWSJ001C_id=3e736416-72d8-4902-a1ab-9cca2c627cf2%3B3.0&_EWSJ001C_WAR_EWSJ001C_operacionVista=contenidoFilenet&_EWSJ001C_WAR_EWSJ001C_IDIOMA=es\"  target=\"_blank\" rel=\"external nofollow\"  target=\"_blank\"  class=\"wp-links-icon\">Declaraci\u00f3n responsable de guarda de hecho para Servicios Sociales\u00a0<\/a><\/li>\n\n\n\n<li><strong>Empadronamiento<\/strong>.<\/li>\n<\/ol>\n\n\n<div class=\"wp-block-image\">\n<figure class=\"aligncenter size-large\"><img decoding=\"async\" width=\"1024\" height=\"683\" src=\"https:\/\/miresi.es\/blog\/wp-content\/uploads\/2022\/05\/senior-woman-lying-on-bed-at-hospital-2022-01-25-17-52-54-utc-1024x683.jpg\" alt=\"Anciana sujeta a la ayuda a la dependencia Pa\u00eds Vasco\" class=\"wp-image-15391\" srcset=\"https:\/\/miresiblog.imgix.net\/uploads\/2022\/05\/senior-woman-lying-on-bed-at-hospital-2022-01-25-17-52-54-utc-scaled.jpg?auto=format%2Ccompress&fit=crop&h=683&ixlib=php-3.3.0&w=1024&s=8a07f73d6f9e60f31cf6d85c83ddd0a2 1024w, https:\/\/miresiblog.imgix.net\/uploads\/2022\/05\/senior-woman-lying-on-bed-at-hospital-2022-01-25-17-52-54-utc-scaled.jpg?auto=format%2Ccompress&fit=crop&h=200&ixlib=php-3.3.0&w=300&s=4a92bfc9fdbd7d2832af1d2c749d72a3 300w, https:\/\/miresiblog.imgix.net\/uploads\/2022\/05\/senior-woman-lying-on-bed-at-hospital-2022-01-25-17-52-54-utc-scaled.jpg?auto=format%2Ccompress&fit=crop&h=512&ixlib=php-3.3.0&w=768&s=c7745ce7e022569f6a5adcb35e49bcbc 768w, https:\/\/miresiblog.imgix.net\/uploads\/2022\/05\/senior-woman-lying-on-bed-at-hospital-2022-01-25-17-52-54-utc-scaled.jpg?auto=format%2Ccompress&fit=crop&h=1024&ixlib=php-3.3.0&w=1536&s=b8be8899d1e51e65c95e9e6209feb540 1536w, https:\/\/miresiblog.imgix.net\/uploads\/2022\/05\/senior-woman-lying-on-bed-at-hospital-2022-01-25-17-52-54-utc-scaled.jpg?auto=format%2Ccompress&fit=crop&h=1365&ixlib=php-3.3.0&w=2048&s=7c6cc0ba92b5b0fc4700f6d214ce4d43 2048w, https:\/\/miresiblog.imgix.net\/uploads\/2022\/05\/senior-woman-lying-on-bed-at-hospital-2022-01-25-17-52-54-utc-scaled.jpg?auto=format%2Ccompress&fit=crop&h=240&ixlib=php-3.3.0&w=360&s=12befa345f5d443017ce5291aa9906a6 360w, https:\/\/miresiblog.imgix.net\/uploads\/2022\/05\/senior-woman-lying-on-bed-at-hospital-2022-01-25-17-52-54-utc-scaled.jpg?auto=format%2Ccompress&ixlib=php-3.3.0&w=900&s=c0eb49f491ab9bae5c8c23a5f49850cd 900w\" sizes=\"(max-width: 1024px) 100vw, 1024px\" \/><figcaption class=\"wp-element-caption\">Anciana dependiente recibiendo servicios m\u00e9dicos en una residencia<\/figcaption><\/figure>\n<\/div>\n\n\n<h2 class=\"wp-block-heading\">2. <strong>\u00bfHay ayudas a la dependencia en el Pa\u00eds Vasco?<\/strong><\/h2>\n\n\n\n<p>Claro, en el Pa\u00eds Vasco hay una serie de ayudas econ\u00f3micas para apoyar a las <a href=\"https:\/\/leydedependencia.es\/\"  target=\"_blank\" rel=\"external nofollow\"  title=\"\"  class=\"wp-links-icon\">personas con dependencia<\/a> y sus familias en lo econ\u00f3mico.<\/p>\n\n\n\n<p>Como en el resto de comunidades aut\u00f3nomas, las ayudas a la dependencia se tramitan a trav\u00e9s de los Servicios Sociales, es decir, a nivel municipal o comarcal. <strong>La mayor\u00eda de tr\u00e1mites presenciales se presentan en las oficinas de Servicios Sociales<\/strong> de los ayuntamientos; lo que provoca que los procesos online se dividan en funci\u00f3n de provincias, y municipios.<\/p>\n\n\n\n<div class=\"wp-block-buttons is-content-justification-center is-layout-flex wp-container-core-buttons-is-layout-16018d1d wp-block-buttons-is-layout-flex\">\n<div class=\"wp-block-button has-custom-font-size has-medium-font-size\"><a href=\"https:\/\/leydedependencia.es\/\"  target=\"_blank\" rel=\"external nofollow\"   class=\"wp-links-icon\"><strong>CONOCE M\u00c1S INFORMACI\u00d3N SOBRE LOS GRADOS DE DEPENDENCIA<\/strong><\/a><\/div>\n<\/div>\n\n\n\n<h3 class=\"wp-block-heading\"><strong>2.1. Centros de d\u00eda para personas dependientes<\/strong><\/h3>\n\n\n\n<p>Los centros de d\u00eda son lugares donde los mayores pueden pasar la ma\u00f1ana entre <strong>profesionales que se encargan de prestarles cuidados y acompa\u00f1arlos<\/strong>.<\/p>\n\n\n\n<p>La solicitud de plaza en este tipo de centros presencialmente en las oficinas municipales de<strong> Servicios Sociales<\/strong> y telem\u00e1ticamente en <a href=\"https:\/\/www.euskadi.eus\/anuncio_contratacion\/prestacion-del-servicio-atencion-diurna-personas-mayores\/web01-tramite\/es\/\"  target=\"_blank\" rel=\"external nofollow\"  target=\"_blank\"  class=\"wp-links-icon\">el portal digital del Gobierno del Pa\u00eds Vasco<\/a>.\u00a0<\/p>\n\n\n\n<p>La <strong>documentaci\u00f3n<\/strong> requerida para acceder al tr\u00e1mite es:<\/p>\n\n\n\n<ol class=\"wp-block-list\">\n<li>\u00a0<a href=\"https:\/\/www.ebizkaia.eus\/es\/catalogo-de-tramites-y-servicios?p_p_id=EWSJ001C_WAR_EWSJ001C&p_p_lifecycle=2&p_p_state=normal&p_p_mode=view&p_p_resource_id=j_idt1464&p_p_cacheability=cacheLevelPage&p_p_col_id=sedeAncho16de16&p_p_col_count=1&_EWSJ001C_WAR_EWSJ001C_id=03044473-53f8-4a67-bbb2-b0e956f4c372%3B1.0&_EWSJ001C_WAR_EWSJ001C_operacionVista=contenidoFilenet&_EWSJ001C_WAR_EWSJ001C_IDIOMA=es\"  target=\"_blank\" rel=\"external nofollow\"  target=\"_blank\"  class=\"wp-links-icon\">Solicitud de centro de d\u00eda para personas en situaci\u00f3n de dependencia\u00a0<\/a><\/li>\n\n\n\n<li><a href=\"https:\/\/www.ebizkaia.eus\/es\/catalogo-de-tramites-y-servicios?p_p_id=EWSJ001C_WAR_EWSJ001C&p_p_lifecycle=2&p_p_state=normal&p_p_mode=view&p_p_resource_id=j_idt1481&p_p_cacheability=cacheLevelPage&p_p_col_id=sedeAncho16de16&p_p_col_count=1&_EWSJ001C_WAR_EWSJ001C_id=cca2f6d6-3e92-4682-a3f0-dfc9a2dd9bc8%3B1.0&_EWSJ001C_WAR_EWSJ001C_operacionVista=contenidoFilenet&_EWSJ001C_WAR_EWSJ001C_IDIOMA=es\"  target=\"_blank\" rel=\"external nofollow\"  target=\"_blank\"  class=\"wp-links-icon\">Autorizaci\u00f3n al tratamiento de datos personales de la unidad de convivencia\u00a0<\/a><\/li>\n\n\n\n<li><a href=\"https:\/\/www.ebizkaia.eus\/es\/catalogo-de-tramites-y-servicios?p_p_id=EWSJ001C_WAR_EWSJ001C&p_p_lifecycle=2&p_p_state=normal&p_p_mode=view&p_p_resource_id=j_idt1197&p_p_cacheability=cacheLevelPage&p_p_col_id=sedeAncho16de16&p_p_col_count=1&_EWSJ001C_WAR_EWSJ001C_id=2e0d0138-ab18-4da3-a512-4d2b41eb5313%3B1.0&_EWSJ001C_WAR_EWSJ001C_operacionVista=contenidoFilenet&_EWSJ001C_WAR_EWSJ001C_IDIOMA=es\"  target=\"_blank\" rel=\"external nofollow\"  target=\"_blank\"  class=\"wp-links-icon\">Informe sobre datos bancarios<\/a><\/li>\n\n\n\n<li>Solicitud de <strong>traslado de centro de d\u00eda<\/strong><\/li>\n\n\n\n<li>Fotocopia del <strong>DNI<\/strong>.<\/li>\n\n\n\n<li>Sentencia judicial de <a href=\"https:\/\/miresi.es\/blog\/incapacitacion-tramites\/\"  target=\"_blank\" rel=\"noreferrer noopener\" title=\"C\u00f3mo se Tramita una Incapacitaci\u00f3n [Gu\u00eda Completa 2022]\"  target=\"_blank\" rel=\"noreferrer noopener\" title=\"C\u00f3mo se Tramita una Incapacitaci\u00f3n [Gu\u00eda Completa 2022]\">incapacitaci\u00f3n<\/a> (actualmente denominada proceso de provisi\u00f3n de apoyo) (en caso de que el mayor tenga un representante legal).<\/li>\n\n\n\n<li><a href=\"https:\/\/www.ebizkaia.eus\/es\/catalogo-de-tramites-y-servicios?p_p_id=EWSJ001C_WAR_EWSJ001C&p_p_lifecycle=2&p_p_state=normal&p_p_mode=view&p_p_resource_id=j_idt3153&p_p_cacheability=cacheLevelPage&p_p_col_id=sedeAncho16de16&p_p_col_count=1&_EWSJ001C_WAR_EWSJ001C_id=054e5fd5-052f-423e-be36-95b3d8da2735%3B1.0&_EWSJ001C_WAR_EWSJ001C_operacionVista=contenidoFilenet&_EWSJ001C_WAR_EWSJ001C_IDIOMA=es\"  target=\"_blank\" rel=\"external nofollow\"  target=\"_blank\"  class=\"wp-links-icon\">Otorgamiento de representaci\u00f3n voluntaria para el Departamento de Acci\u00f3n Social\u00a0<\/a><\/li>\n\n\n\n<li><a href=\"https:\/\/www.ebizkaia.eus\/es\/catalogo-de-tramites-y-servicios?p_p_id=EWSJ001C_WAR_EWSJ001C&p_p_lifecycle=2&p_p_state=normal&p_p_mode=view&p_p_resource_id=j_idt1943&p_p_cacheability=cacheLevelPage&p_p_col_id=sedeAncho16de16&p_p_col_count=1&_EWSJ001C_WAR_EWSJ001C_id=3e736416-72d8-4902-a1ab-9cca2c627cf2%3B3.0&_EWSJ001C_WAR_EWSJ001C_operacionVista=contenidoFilenet&_EWSJ001C_WAR_EWSJ001C_IDIOMA=es\"  target=\"_blank\" rel=\"external nofollow\"  target=\"_blank\"  class=\"wp-links-icon\">Declaraci\u00f3n responsable de guarda de hecho para Servicios Sociales<\/a><\/li>\n<\/ol>\n\n\n\n<p>El <strong>perfil<\/strong> de los solicitantes es:<\/p>\n\n\n\n<ol class=\"wp-block-list\">\n<li><strong><a href=\"https:\/\/leydedependencia.es\/\"  target=\"_blank\" rel=\"external nofollow\"  title=\"\"  class=\"wp-links-icon\">Mayores de 60 a\u00f1os con una dependencia en grado II o III<\/a> <\/strong>con familiares que se puedan hacer cargo de \u00e9l.<\/li>\n\n\n\n<li><strong><a href=\"https:\/\/leydedependencia.es\/\"  target=\"_blank\" rel=\"external nofollow\"  title=\"\"  class=\"wp-links-icon\">Mayores de 60 a\u00f1os con dependencia en grado I <\/a><\/strong>sin familiares que se puedan hacer cargo de \u00e9l.<\/li>\n<\/ol>\n\n\n\n<h3 class=\"wp-block-heading\"><strong>2.2. Ayudas para el acceso a residencias p\u00fablicas<\/strong><\/h3>\n\n\n\n<p>Para solicitar una plaza se puede realizar el tr\u00e1mite en la <a href=\"https:\/\/www.bizkaia.eus\/home2\/Temas\/DetalleTema.asp?bnetmobile=0&dpto_biz=3&idioma=CA&Tem_Codigo=1470\"  target=\"_blank\" rel=\"external nofollow\"  target=\"_blank\"  class=\"wp-links-icon\">web de la administraci\u00f3n vasca<\/a> o en las <strong>oficinas de registro provinciales.<\/strong><\/p>\n\n\n\n<p>Los <strong>requisitos<\/strong> para esta ayuda son:<\/p>\n\n\n\n<ol class=\"wp-block-list\">\n<li>Tener <strong>m\u00e1s de 60 a\u00f1os<\/strong> (o ser dependiente).<\/li>\n\n\n\n<li>Certificar que se tiene<strong><a href=\"https:\/\/leydedependencia.es\/\"  target=\"_blank\" rel=\"external nofollow\"  title=\"\"  class=\"wp-links-icon\"> dependencia en grado I o II<\/a>.<\/strong><\/li>\n\n\n\n<li>Que el <strong>Programa Individual de Atenci\u00f3n (PIA) avale<\/strong> la necesidad de una residencia.<\/li>\n\n\n\n<li>Certificado de <strong>empadronamiento<\/strong> y <strong>residencia<\/strong>.<\/li>\n<\/ol>\n\n\n\n<p>La <strong>documentaci\u00f3n<\/strong> que se presentar\u00e1 ser\u00e1:<\/p>\n\n\n\n<ol class=\"wp-block-list\">\n<li>Certificado de <strong>dependencia<\/strong>.<\/li>\n\n\n\n<li><strong>Informe m\u00e9dico.<\/strong><\/li>\n\n\n\n<li><strong>Situaci\u00f3n financiera.<\/strong><\/li>\n\n\n\n<li><strong>Identificaci\u00f3n<\/strong> del interesado y sus familiares.<\/li>\n<\/ol>\n\n\n\n<h3 class=\"wp-block-heading\"><strong>2.4. Servicios para personas con discapacidad<\/strong><\/h3>\n\n\n\n<p>Estas prestaciones de servicio incluyen: <strong>centros especializados en discapacidad mental<\/strong>, <strong>residencias para personas con discapacidades f\u00edsicas<\/strong>, <strong>centros de d\u00eda<\/strong>, <strong>centros ocupacionales<\/strong> y <strong>servicios de ocio<\/strong>.<\/p>\n\n\n\n<p>Este tipo de prestaciones se solicitan en las <strong>oficinas de Servicios Sociales a nivel municipal <\/strong>(o comarcal en las pedan\u00edas y municipios que por n\u00famero de habitantes no cuenten con estos servicios).<\/p>\n\n\n\n<p>Los <strong>requisitos<\/strong> b\u00e1sicos para acceder a estas instituciones son:<\/p>\n\n\n\n<ol class=\"wp-block-list\">\n<li>Acreditar una situaci\u00f3n de <strong>dependencia<\/strong>.<\/li>\n\n\n\n<li><strong>No disponer de familiares<\/strong> <strong>que se puedan hacer cargo<\/strong> del cuidado diario del mayor.<\/li>\n<\/ol>\n\n\n\n<div class=\"wp-block-buttons is-content-justification-center is-layout-flex wp-container-core-buttons-is-layout-16018d1d wp-block-buttons-is-layout-flex\">\n<div class=\"wp-block-button has-custom-font-size has-medium-font-size\"><a href=\"https:\/\/leydedependencia.es\/\"  target=\"_blank\" rel=\"external nofollow\"  rel=\"nofollow\"  class=\"wp-links-icon\"><strong>CONOCE M\u00c1S INFORMACI\u00d3N SOBRE LOS BENEFICIOS QUE TE CORRESPONDEN<\/strong><\/a><\/div>\n<\/div>\n\n\n\n<h3 class=\"wp-block-heading\"><strong>2.5. Ayudas para personas con discapacidad<\/strong><\/h3>\n\n\n\n<p>Estas ayudas se dan en el territorio hist\u00f3rico de <strong>\u00c1lava<\/strong>. Tienen un car\u00e1cter muy variado y se solicitan en las <strong>oficinas de Servicios Sociales municipales, los Centro de Valoraci\u00f3n y Orientaci\u00f3n de Personas con discapacidad o en el Instituto Foral de Bienestar Social<\/strong>, o de forma telem\u00e1tica en <a href=\"https:\/\/web.araba.eus\/es\/servicios-sociales\/ayudas-economicas#personascondiscapacidad\"  target=\"_blank\" rel=\"external nofollow\"  target=\"_blank\"  class=\"wp-links-icon\">la web de la administraci\u00f3n provincial alavesa<\/a>.\u00a0<\/p>\n\n\n\n<p>Los <strong>distintos tipos de ayudas<\/strong> son:<\/p>\n\n\n\n<p>\u00a0-Ayudas para el<strong> desenvolvimiento personal.\u00a0<\/strong><\/p>\n\n\n\n<p>-Ayudas <strong>t\u00e9cnicas dom\u00e9sticas<\/strong> (para el cuidado e higiene personal).\u00a0<\/p>\n\n\n\n<p>-Ayudas para <strong>actividades<\/strong> <strong>dom\u00e9sticas<\/strong>.\u00a0<\/p>\n\n\n\n<p>-Ayudas para la potenciaci\u00f3n de <strong>relaciones con el entorno<\/strong>.\u00a0<\/p>\n\n\n\n<p>-Ayudas para el aumento de la capacidad de <strong>desplazamiento<\/strong>.\u00a0<\/p>\n\n\n\n<p><strong>-Asistencia especializada.<\/strong><\/p>\n\n\n\n<p>Los <strong>requisitos<\/strong> son:<\/p>\n\n\n\n<ol class=\"wp-block-list\">\n<li>Estar <strong>empadronado<\/strong> en \u00c1lava.<\/li>\n\n\n\n<li>Contar con un certificado de <strong>discapacidad<\/strong>.<\/li>\n\n\n\n<li>No superar el <strong>l\u00edmite econ\u00f3mico\u00a0de renta<\/strong> especificado.<\/li>\n<\/ol>\n\n\n\n<h3 class=\"wp-block-heading\"><strong>2.6. Prestaci\u00f3n por dependencia<\/strong><\/h3>\n\n\n\n<p>La <a href=\"https:\/\/leydedependencia.es\/\"  target=\"_blank\" rel=\"external nofollow\"  title=\"\"  class=\"wp-links-icon\">prestaci\u00f3n por dependencia <\/a>se basa en una <strong>ayuda econ\u00f3mica vinculada a la promoci\u00f3n de la autonom\u00eda de los mayores y a paliar sus necesidades.<\/strong>\u00a0<\/p>\n\n\n\n<p>Estas tienen car\u00e1cter auton\u00f3mico y se solicitan en el <strong>Instituto Foral de Bienestar Social.<\/strong><\/p>\n\n\n\n<p>Los <strong>requisitos<\/strong> exigidos por la administraci\u00f3n p\u00fablica son los siguientes:<\/p>\n\n\n\n<ol class=\"wp-block-list\">\n<li>Certificar la <strong>dependencia<\/strong> del solicitante.<\/li>\n\n\n\n<li><strong>Residir<\/strong> en Espa\u00f1a (por lo menos 5 a\u00f1os antes de la presentaci\u00f3n de la solicitud, siendo los 2 inmediatamente anteriores obligatorios).<\/li>\n<\/ol>\n\n\n\n<h3 class=\"wp-block-heading\"><strong>2.7. Servicio de teleasistencia<\/strong><\/h3>\n\n\n\n<p>La <a href=\"https:\/\/miresi.es\/blog\/teleasistencia\/\"  target=\"_blank\" rel=\"noreferrer noopener\" title=\"Teleasistencia: Otra Alternativa para Cuidar a tu Mayor\"  target=\"_blank\" rel=\"noreferrer noopener\" title=\"Teleasistencia: Otra Alternativa para Cuidar a tu Mayor\">teleasistencia<\/a> es una prestaci\u00f3n que <strong>pone en contacto a los mayores con los servicios de emergencia<\/strong>. Esto ayuda de una forma sencilla y accesible a que los mayores no pasen horas tendidos en el suelo o encerrados en casa sin poder salir, por poner dos ejemplos de emergencias cotidianas.<\/p>\n\n\n\n<p>La solicitud se puede efectuar en las <strong>oficinas de Servicios Sociales municipales<\/strong> o digitalmente a trav\u00e9s de <a href=\"https:\/\/www.euskadi.eus\/teleasistencia-betion\/web01-tramite\/es\/\"  target=\"_blank\" rel=\"external nofollow\"  target=\"_blank\"  class=\"wp-links-icon\">la web p\u00fablica del Gobierno vasco<\/a>.<\/p>\n\n\n\n<p>Los <strong>requisitos<\/strong> que se piden a los solicitantes son:<\/p>\n\n\n\n<ol class=\"wp-block-list\">\n<li><strong>No residir con ning\u00fan familiar.<\/strong><\/li>\n\n\n\n<li>Guardar las <strong>capacidades suficientes<\/strong> para dar buen uso al dispositivo.<\/li>\n\n\n\n<li><strong>Empadronamiento<\/strong> en un municipio vasco.<\/li>\n\n\n\n<li><strong>Residir<\/strong> en alguna de las 3 provincias vascas (por lo menos 3 de los 10 a\u00f1os anteriores a la solicitud).<\/li>\n\n\n\n<li>Tener la <strong>nacionalidad<\/strong> de alg\u00fan estado dentro de la Uni\u00f3n Europea.<\/li>\n\n\n\n<li>Tener <strong>m\u00e1s de 75 a\u00f1os<\/strong> y <strong>vivir solo<\/strong>.<\/li>\n\n\n\n<li>Certificado de <strong>dependencia<\/strong>.<\/li>\n<\/ol>\n\n\n\n<h3 class=\"wp-block-heading\"><strong>2.8. Servicio de ayuda a domicilio<\/strong><\/h3>\n\n\n\n<p>El servicio de cuidado a domicilio es imprescindible para las personas en<a href=\"https:\/\/leydedependencia.es\/\"  target=\"_blank\" rel=\"external nofollow\"  title=\"\"  class=\"wp-links-icon\"> <strong>situaci\u00f3n de dependencia<\/strong><\/a>, ya que estas se necesitan asistencia en su d\u00eda a d\u00eda, en su propio domicilio.<\/p>\n\n\n\n<p>Se puede solicitar en persona en las <strong>oficinas de Servicios Sociales<\/strong> o telem\u00e1ticamente en <a href=\"https:\/\/www.euskadi.eus\/gobierno-vasco\/-\/anuncio_contratacion\/servicio-ayuda-domicilio\/\"  target=\"_blank\" rel=\"external nofollow\"  target=\"_blank\"  class=\"wp-links-icon\">la web de la administraci\u00f3n del Pa\u00eds Vasco<\/a>.\u00a0<\/p>\n\n\n\n<p>Los requisitos que se piden para poder acceder a la ayuda son:<\/p>\n\n\n\n<ol class=\"wp-block-list\">\n<li><strong>Residencia<\/strong> y <strong>empadronamiento<\/strong> en el Pa\u00eds Vasco.<\/li>\n\n\n\n<li>Acreditar que se encuentra en una situaci\u00f3n de <strong>dependencia<\/strong>.<\/li>\n<\/ol>\n\n\n<div class=\"wp-block-image\">\n<figure class=\"aligncenter size-large\"><img decoding=\"async\" width=\"683\" height=\"1024\" src=\"https:\/\/miresi.es\/blog\/wp-content\/uploads\/2022\/05\/elderly-unwell-woman-lying-on-medical-bed-in-hospi-2022-03-30-00-01-01-utc-683x1024.jpg\" alt=\"Anciana sujeta a la ayuda a la dependencia Pa\u00eds Vasco\" class=\"wp-image-15394\" srcset=\"https:\/\/miresiblog.imgix.net\/uploads\/2022\/05\/elderly-unwell-woman-lying-on-medical-bed-in-hospi-2022-03-30-00-01-01-utc-scaled.jpg?auto=format%2Ccompress&fit=crop&h=1024&ixlib=php-3.3.0&w=683&s=ed935905b008013e042cf6cf453da38a 683w, https:\/\/miresiblog.imgix.net\/uploads\/2022\/05\/elderly-unwell-woman-lying-on-medical-bed-in-hospi-2022-03-30-00-01-01-utc-scaled.jpg?auto=format%2Ccompress&fit=crop&h=300&ixlib=php-3.3.0&w=200&s=a5db1a86a9856fd2085e9428c8ad143f 200w, https:\/\/miresiblog.imgix.net\/uploads\/2022\/05\/elderly-unwell-woman-lying-on-medical-bed-in-hospi-2022-03-30-00-01-01-utc-scaled.jpg?auto=format%2Ccompress&fit=crop&h=1152&ixlib=php-3.3.0&w=768&s=f47ed6c3c7a5b6b4be263ee195c73d52 768w, https:\/\/miresiblog.imgix.net\/uploads\/2022\/05\/elderly-unwell-woman-lying-on-medical-bed-in-hospi-2022-03-30-00-01-01-utc-scaled.jpg?auto=format%2Ccompress&fit=crop&h=1536&ixlib=php-3.3.0&w=1024&s=701d7eeaca64145d82eabf7130d7f9e7 1024w, https:\/\/miresiblog.imgix.net\/uploads\/2022\/05\/elderly-unwell-woman-lying-on-medical-bed-in-hospi-2022-03-30-00-01-01-utc-scaled.jpg?auto=format%2Ccompress&fit=crop&h=2048&ixlib=php-3.3.0&w=1365&s=42ccb6a23d06f10963acbbdff79da1d6 1365w, https:\/\/miresiblog.imgix.net\/uploads\/2022\/05\/elderly-unwell-woman-lying-on-medical-bed-in-hospi-2022-03-30-00-01-01-utc-scaled.jpg?auto=format%2Ccompress&fit=crop&h=540&ixlib=php-3.3.0&w=360&s=9490429e9e95967fb817d78a60eb179c 360w, https:\/\/miresiblog.imgix.net\/uploads\/2022\/05\/elderly-unwell-woman-lying-on-medical-bed-in-hospi-2022-03-30-00-01-01-utc-scaled.jpg?auto=format%2Ccompress&ixlib=php-3.3.0&w=400&s=38a78de6df32083f25dc5729cc1ce15e 400w\" sizes=\"(max-width: 683px) 100vw, 683px\" \/><figcaption class=\"wp-element-caption\">Mujer dependiente residente en un centro de cuidados especializado<\/figcaption><\/figure>\n<\/div>\n\n\n<h3 class=\"wp-block-heading\"><strong>2.9. Prestaci\u00f3n Econ\u00f3mica para Cuidados en el Entorno Familiar y Apoyo a Personas Cuidadoras No Profesionales (PECEF)<\/strong><\/h3>\n\n\n\n<p>Esta ayuda econ\u00f3mica va dirigida a todas aquellas <strong>personas que cuidan de personas con dependencia sin formaci\u00f3n<\/strong>. Estos suelen ser los familiares directos. Estos, en muchas ocasiones, deben <strong>abandonar sus puestos de trabajo o reducir la jornada<\/strong>. Todo son gastos derivados de este trabajo de cuidados, por lo que se requiere de un apoyo econ\u00f3mico.<\/p>\n\n\n\n<p>La ayuda se puede solicitar presencialmente en las <strong>oficinas municipales de Servicios Sociales.<\/strong><\/p>\n\n\n\n<p>Los <strong>requisitos<\/strong> principales para poder disfrutar de esta prestaci\u00f3n son:<\/p>\n\n\n\n<ol class=\"wp-block-list\">\n<li><strong>Empadronamiento<\/strong> del mayor asistido en el mismo domicilio que la persona que presta los cuidados. \u00a0<\/li>\n\n\n\n<li>Que el mayor sea <strong>dependiente<\/strong> en cualquier grado.<\/li>\n\n\n\n<li><strong>Nacionalidad<\/strong> espa\u00f1ola.<\/li>\n\n\n\n<li>Disfrutar de cuidados por parte de un <strong>familiar<\/strong> desde antes de la solicitud.<\/li>\n\n\n\n<li>Disponer de una <strong>vivienda<\/strong> con las condiciones m\u00ednimas de habitabilidad y accesibilidad.<\/li>\n\n\n\n<li>Pasar la pertinente <strong>inspecci\u00f3n de Servicios Sociales.<\/strong><\/li>\n\n\n\n<li><strong>Mayor\u00eda de edad del cuidador o cuidadora.<\/strong><\/li>\n\n\n\n<li>Certificar la <strong>residencia<\/strong> vasca de la persona cuidadora.<\/li>\n\n\n\n<li>Que la persona prestadora de atenci\u00f3n tenga las <strong>capacidades f\u00edsicas, mentales e intelectuales<\/strong> y el tiempo para prestar los servicios.<\/li>\n\n\n\n<li>Que cuidador y cuidado tengan un <strong>parentesco directo <\/strong>(o no sean parientes, pero sean prestados por religiosos) y convivan.<\/li>\n\n\n\n<li>Participar en <strong>cursos de formaci\u00f3n<\/strong> en cuidados.<\/li>\n<\/ol>\n\n\n\n<p>La <strong>documentaci\u00f3n<\/strong> a aportar es:<\/p>\n\n\n\n<ol class=\"wp-block-list\">\n<li>Fotocopia del <strong>DNI<\/strong> de la persona prestadora de cuidados.<\/li>\n\n\n\n<li><a href=\"https:\/\/w390w.gipuzkoa.net\/WAS\/CORP\/LIAIzapideakWEB\/api\/v1\/documento\/2723\"  target=\"_blank\" rel=\"external nofollow\"  target=\"_blank\"  class=\"wp-links-icon\">Solicitud firmada<\/a>.<\/li>\n\n\n\n<li>Informe sobre los<strong> movimientos bancarios del solicitante.<\/strong><\/li>\n\n\n\n<li>5 a\u00f1os de <strong>empadronamiento<\/strong> en Espa\u00f1a (los 2 anteriores a la solicitud en el Pa\u00eds Vasco).<\/li>\n\n\n\n<li>Fotocopia del <strong>Libro de Familia y acta de divorcio<\/strong> (en caso de separaci\u00f3n o divorcio).<\/li>\n\n\n\n<li>\u00daltima <strong>declaraci\u00f3n de la renta.<\/strong><\/li>\n\n\n\n<li>Documento de<strong> compromiso del cuidador o cuidadora.<\/strong><\/li>\n<\/ol>\n\n\n\n<div class=\"wp-block-buttons is-content-justification-center is-layout-flex wp-container-core-buttons-is-layout-16018d1d wp-block-buttons-is-layout-flex\">\n<div class=\"wp-block-button has-custom-font-size has-medium-font-size\"><a href=\"https:\/\/leydedependencia.es\/\"  target=\"_blank\" rel=\"external nofollow\"   class=\"wp-links-icon\"><strong>SOLICITA GRATIS EL LISTADO DE PRESTACIONES POR LEY DE DEPENDENCIA<\/strong><\/a><\/div>\n<\/div>\n\n\n\n<h3 class=\"wp-block-heading\"><strong>2.10. Ayuda econ\u00f3mica para la realizaci\u00f3n de adaptaciones en la vivienda habitual y en los veh\u00edculos particulares<\/strong><\/h3>\n\n\n\n<p><a href=\"https:\/\/leydedependencia.es\/\"  target=\"_blank\" rel=\"external nofollow\"  title=\"\"  class=\"wp-links-icon\">Las personas en situaci\u00f3n de dependencia <\/a>necesitan <strong>adaptar los espacios y medios <\/strong>para poder disfrutar su vida con el mayor grado de bienestar posible.<\/p>\n\n\n\n<p>Esta ayuda se puede solicitar en las <strong>oficinas municipales de los Servicios Sociales.<\/strong><\/p>\n\n\n\n<p>Los <strong>requerimientos<\/strong> para entrar en el concurso de esta ayuda son:<\/p>\n\n\n\n<ol class=\"wp-block-list\">\n<li>Estar <strong>empadronado<\/strong> en un municipio vasco (por lo menos 1 a\u00f1o antes de la solicitud).<\/li>\n\n\n\n<li><strong>Residir<\/strong> en alguna de las tres provincias del Pa\u00eds Vasco.<\/li>\n\n\n\n<li>Certificar una <strong>discapacidad igual o superior al 33%.<\/strong><\/li>\n\n\n\n<li>Acreditar la <strong>necesidad de adaptaci\u00f3n del entorno cotidiano<\/strong> mediante un informe que apunte a una situaci\u00f3n de dependencia.<\/li>\n\n\n\n<li>Adjuntar el <strong>proyecto de reforma.<\/strong><\/li>\n\n\n\n<li><strong>No haber gozado de ninguna otra ayuda <\/strong>de similares caracter\u00edsticas en los \u00faltimos 10 a\u00f1os.<\/li>\n\n\n\n<li>Disponer de un <strong>domicilio<\/strong> que cumpla con las condiciones de habitabilidad.<\/li>\n\n\n\n<li><strong>No disponer de los<\/strong> <strong>medios econ\u00f3micos <\/strong>para realizar las adaptaciones por cuenta propia.<\/li>\n<\/ol>\n\n\n\n<h3 class=\"wp-block-heading\"><strong>2.11. Servicio de transporte adaptado<\/strong><\/h3>\n\n\n\n<p>La administraci\u00f3n p\u00fablica vasca pone a disposici\u00f3n de las personas con dependencia un <strong>servicio de transporte <\/strong>(en r\u00e9gimen de <strong>copago<\/strong>). Esta ayuda consiste en que los mayores puedan acceder al material pertinente para desarrollar su vida fuera del domicilio con normalidad.<\/p>\n\n\n\n<p>Esta ayuda se solicita presencialmente en las <strong>oficinas municipales de Servicios Sociales.<\/strong><\/p>\n\n\n\n<p>Los <strong>requisitos<\/strong> para poder gozar de este servicio son los siguientes:<\/p>\n\n\n\n<ol class=\"wp-block-list\">\n<li>Acreditar un <strong>grado de dependencia del II o el III.<\/strong><\/li>\n\n\n\n<li><strong>Residir<\/strong> en el propio domicilio o en un centro de atenci\u00f3n primaria.<\/li>\n\n\n\n<li>Demostrar que <strong>no se puede dar uso al transporte p\u00fablico.<\/strong><\/li>\n\n\n\n<li><strong>No tener coche propio<\/strong> ni familiares con coche.<\/li>\n<\/ol>\n\n\n\n<div class=\"wp-block-buttons is-content-justification-center is-layout-flex wp-container-core-buttons-is-layout-16018d1d wp-block-buttons-is-layout-flex\">\n<div class=\"wp-block-button has-custom-font-size has-medium-font-size\"><a href=\"https:\/\/leydedependencia.es\/\"  target=\"_blank\" rel=\"external nofollow\"  rel=\"nofollow\"  class=\"wp-links-icon\"><strong>SOLICITA GRATIS TODA LA INFORMACI\u00d3N QUE NECESITES SOBRE LEY DE DEPENDENCIA AQU\u00cd<\/strong><\/a><\/div>\n<\/div>\n\n\n\n<p><a href=\"https:\/\/leydedependencia.es\/\"  target=\"_blank\" rel=\"external nofollow\"  title=\"\"  class=\"wp-links-icon\"><strong>Los mayores en situaci\u00f3n de dependencia son especialmente vulnerables<\/strong>.<\/a> La disminuci\u00f3n de sus capacidades cognitivas y f\u00edsicas provoca que se encuentren m\u00e1s expuestos y requieran de una atenci\u00f3n constante. Por ello, y porque sabemos que no es un momento f\u00e1cil, <strong>en miResi queremos ofrecer la m\u00e1xima informaci\u00f3n posible.<\/strong><\/p>\n\n\n\n<p class=\"has-small-font-size\">Fuentes:<\/p>\n\n\n\n<ul class=\"wp-block-list has-small-font-size\">\n<li>Diputaci\u00f3n Foral de \u00c1lava: <a href=\"https:\/\/web.araba.eus\/es\/servicios-sociales\/ayudas-economicas\"  target=\"_blank\" rel=\"external nofollow\"  target=\"_blank\"  class=\"wp-links-icon\">https:\/\/web.araba.eus\/es\/servicios-sociales\/ayudas-economicas<\/a>\u00a0<\/li>\n\n\n\n<li>Diputaci\u00f3n Foral de Vizcaya: <a href=\"https:\/\/www.bizkaia.eus\/home2\/Temas\/DetalleTema.asp?Tem_Codigo=6692&idioma=CA&dpto_biz=3&codpath_biz=3\"  target=\"_blank\" rel=\"external nofollow\"  target=\"_blank\"  class=\"wp-links-icon\">https:\/\/www.bizkaia.eus\/home2\/Temas\/DetalleTema.asp?Tem_Codigo=6692&idioma=CA&dpto_biz=3&codpath_biz=3<\/a>\u00a0<\/li>\n\n\n\n<li>Diputaci\u00f3n Foral de Guip\u00fazcoa: <a href=\"https:\/\/egoitza.gipuzkoa.eus\/es\/listado-tramites\/-\/tramiteak\/xehetasuna\/843\"  target=\"_blank\" rel=\"external nofollow\"  target=\"_blank\"  class=\"wp-links-icon\">https:\/\/egoitza.gipuzkoa.eus\/es\/listado-tramites\/-\/tramiteak\/xehetasuna\/843<\/a>\u00a0<\/li>\n\n\n\n<li>Gobierno de Euskadi: <a href=\"https:\/\/www.euskadi.eus\/servicios-sociales-dependencia-riesgo-de-dependencia\/web01-a2gizar\/es\/\"  target=\"_blank\" rel=\"external nofollow\"  target=\"_blank\"  class=\"wp-links-icon\">https:\/\/www.euskadi.eus\/servicios-sociales-dependencia-riesgo-de-dependencia\/web01-a2gizar\/es\/<\/a><\/li>\n<\/ul>\n<div style='text-align:center' class='yasr-auto-insert-visitor'><!--Yasr Visitor Votes Shortcode--><div id='yasr_visitor_votes_c3996af1d8290' class='yasr-visitor-votes'><div class=\"yasr-custom-text-vv-before yasr-custom-text-vv-before-15389\">\u00a1Haz clic para puntuar esta entrada!<\/div><div id='yasr-vv-second-row-container-c3996af1d8290'\r\n                                        class='yasr-vv-second-row-container'><div id='yasr-visitor-votes-rater-c3996af1d8290'\r\n                                      class='yasr-rater-stars-vv'\r\n                                      data-rater-postid='15389'\r\n                                      data-rating='0'\r\n                                      data-rater-starsize='32'\r\n                                      data-rater-readonly='false'\r\n                                      data-rater-nonce='89baa36421'\r\n                                      data-issingular='false'\r\n                                    ><\/div><div class=\"yasr-vv-stats-text-container\" id=\"yasr-vv-stats-text-container-c3996af1d8290\"><svg xmlns=\"https:\/\/www.w3.org\/2000\/svg\" width=\"20\" height=\"20\"\r\n                                   class=\"yasr-dashicons-visitor-stats\"\r\n                                   data-postid=\"15389\"\r\n                                   id=\"yasr-stats-dashicon-c3996af1d8290\">\r\n                                   <path d=\"M18 18v-16h-4v16h4zM12 18v-11h-4v11h4zM6 18v-8h-4v8h4z\"><\/path>\r\n                               <\/svg><span id=\"yasr-vv-text-container-c3996af1d8290\" class=\"yasr-vv-text-container\"> (Votos: <span id=\"yasr-vv-votes-number-container-c3996af1d8290\">0<\/span>  Promedio: <span id=\"yasr-vv-average-container-c3996af1d8290\">0<\/span>)<\/span><\/div><div id='yasr-vv-loader-c3996af1d8290' class='yasr-vv-container-loader'><\/div><\/div><div id='yasr-vv-bottom-container-c3996af1d8290'\r\n                              class='yasr-vv-bottom-container'\r\n                              style='display:none'><\/div><\/div><!--End Yasr Visitor Votes Shortcode--><\/div>","protected":false},"excerpt":{"rendered":"<p>La dependencia conlleva un gran gasto para las familias; por ello, desde miResi te explicamos la ayuda a la dependencia en Pa\u00eds Vasco<\/p>\n","protected":false},"author":10,"featured_media":15392,"comment_status":"open","ping_status":"open","sticky":false,"template":"","format":"standard","meta":{"yasr_overall_rating":0,"yasr_post_is_review":"","yasr_auto_insert_disabled":"","yasr_review_type":"","footnotes":""},"categories":[387,951],"tags":[1122,1371,781,1370],"class_list":["post-15389","post","type-post","status-publish","format-standard","has-post-thumbnail","hentry","category-ayudas","category-leyes","tag-ayuda-a-la-dependencia","tag-ayuda-a-la-dependencia-en-pais-vasco","tag-dependencia","tag-subvenciones-y-ayudas"],"yasr_visitor_votes":{"stars_attributes":{"read_only":false,"span_bottom":false},"number_of_votes":0,"sum_votes":0},"_links":{"self":[{"href":"https:\/\/miresi.es\/blog\/wp-json\/wp\/v2\/posts\/15389","targetHints":{"allow":["GET"]}}],"collection":[{"href":"https:\/\/miresi.es\/blog\/wp-json\/wp\/v2\/posts"}],"about":[{"href":"https:\/\/miresi.es\/blog\/wp-json\/wp\/v2\/types\/post"}],"author":[{"embeddable":true,"href":"https:\/\/miresi.es\/blog\/wp-json\/wp\/v2\/users\/10"}],"replies":[{"embeddable":true,"href":"https:\/\/miresi.es\/blog\/wp-json\/wp\/v2\/comments?post=15389"}],"version-history":[{"count":6,"href":"https:\/\/miresi.es\/blog\/wp-json\/wp\/v2\/posts\/15389\/revisions"}],"predecessor-version":[{"id":23919,"href":"https:\/\/miresi.es\/blog\/wp-json\/wp\/v2\/posts\/15389\/revisions\/23919"}],"wp:featuredmedia":[{"embeddable":true,"href":"https:\/\/miresi.es\/blog\/wp-json\/wp\/v2\/media\/15392"}],"wp:attachment":[{"href":"https:\/\/miresi.es\/blog\/wp-json\/wp\/v2\/media?parent=15389"}],"wp:term":[{"taxonomy":"category","embeddable":true,"href":"https:\/\/miresi.es\/blog\/wp-json\/wp\/v2\/categories?post=15389"},{"taxonomy":"post_tag","embeddable":true,"href":"https:\/\/miresi.es\/blog\/wp-json\/wp\/v2\/tags?post=15389"}],"curies":[{"name":"wp","href":"https:\/\/api.w.org\/{rel}","templated":true}]}}