{"id":15499,"date":"2022-05-09T12:07:49","date_gmt":"2022-05-09T11:07:49","guid":{"rendered":"https:\/\/miresi.es\/blog\/?p=15499"},"modified":"2026-04-23T18:07:48","modified_gmt":"2026-04-23T17:07:48","slug":"ayuda-a-la-dependencia-la-rioja","status":"publish","type":"post","link":"https:\/\/miresi.es\/blog\/ayuda-a-la-dependencia-la-rioja\/","title":{"rendered":"Descubre C\u00f3mo Solicitar la Ayuda a la Dependencia en La Rioja"},"content":{"rendered":"\n<p><a href=\"https:\/\/leydedependencia.es\/\"  target=\"_blank\" rel=\"external nofollow\"  title=\"\"  class=\"wp-links-icon\">Los mayores en situaci\u00f3n de dependencia<\/a> son <strong>especialmente vulnerables.<\/strong> Los gastos derivados de la necesidad de adaptar los espacios son muy altos. Los ancianos requieren de constante apoyo econ\u00f3mico para poder expandir su autonom\u00eda. Por ello, desde <a href=\"https:\/\/miresi.es\/buscador\/\"  rel=\"nofollow\" title=\"miResi\"  rel=\"nofollow\" title=\"miResi\">miResi<\/a> te hablamos de la <strong>ayuda a la dependencia en La Rioja.<\/strong><\/p>\n\n\n\n<div class=\"wp-block-buttons is-content-justification-center is-layout-flex wp-container-core-buttons-is-layout-16018d1d wp-block-buttons-is-layout-flex\">\n<div class=\"wp-block-button has-custom-font-size has-medium-font-size\"><a href=\"https:\/\/leydedependencia.es\/\"  target=\"_blank\" rel=\"external nofollow\"  rel=\"nofollow\"  class=\"wp-links-icon\"><strong>CONTACTA CON UN EXPERTO DE LA LEY DE DEPENDENCIA EN LA RIOJA<\/strong><\/a><\/div>\n<\/div>\n\n\n\n<p style=\"font-size:10px\"><\/p>\n\n\n\n<h2 class=\"wp-block-heading\">1. <strong>Qu\u00e9 es la dependencia<\/strong><\/h2>\n\n\n\n<p>La <a href=\"https:\/\/leydedependencia.es\/\"  target=\"_blank\" rel=\"external nofollow\"  target=\"_blank\" title=\"\"  class=\"wp-links-icon\">dependencia<\/a> es una situaci\u00f3n en la que las personas <strong>dejan de tener -temporal o definitivamente- las capacidades necesarias<\/strong> para realizar determinadas tareas. Esto significa que la dependencia est\u00e1 ligada a cualquier deterioro en las facultades mentales o f\u00edsicas que impliquen una <strong>reducci\u00f3n de la autonom\u00eda<\/strong> del mayor.<\/p>\n\n\n\n<p>Hay <strong><a href=\"https:\/\/leydedependencia.es\/\"  target=\"_blank\" rel=\"external nofollow\"  title=\"\"  class=\"wp-links-icon\">tres grados de dependencia<\/a> <\/strong>en relaci\u00f3n con las capacidades que se han perdido.<\/p>\n\n\n\n<p><strong>-Dependencia moderada<\/strong>: Este es el grado m\u00e1s bajo. En este estadio de la dependencia todav\u00eda se goza de una alta autonom\u00eda. Lo \u00fanico que necesitan los mayores en este punto es un acompa\u00f1amiento puntual en las tareas cotidianas.<\/p>\n\n\n\n<p><strong>-Dependencia severa<\/strong>: En este punto, la dependencia ya impide hacer gran parte de las tareas cotidianas. El mayor requiere de una persona que se implique de una forma m\u00e1s constante en su cuidado.<\/p>\n\n\n\n<p><strong>-Gran dependencia<\/strong>: Este es el grado m\u00e1s alto de dependencia. La persona con demencia no tiene autonom\u00eda suficiente para desarrollarse por s\u00ed misma, por lo que requiere de personal especializado que conviva con ellos.<\/p>\n\n\n<div class=\"wp-block-image\">\n<figure class=\"aligncenter size-large\"><img decoding=\"async\" width=\"1024\" height=\"683\" src=\"https:\/\/miresi.es\/blog\/wp-content\/uploads\/2022\/05\/upset-elderly-man-sitting-in-wheelchair-in-chamber-2021-09-03-16-43-58-utc-1024x683.jpg\" alt=\"Anciano sujeto a la ayuda a la dependencia La Rioja\" class=\"wp-image-15502\" srcset=\"https:\/\/miresiblog.imgix.net\/uploads\/2022\/05\/upset-elderly-man-sitting-in-wheelchair-in-chamber-2021-09-03-16-43-58-utc-scaled.jpg?auto=format%2Ccompress&fit=crop&h=683&ixlib=php-3.3.0&w=1024&s=0646bf623bb6d0d6f4fa42a1cc18d9f4 1024w, https:\/\/miresiblog.imgix.net\/uploads\/2022\/05\/upset-elderly-man-sitting-in-wheelchair-in-chamber-2021-09-03-16-43-58-utc-scaled.jpg?auto=format%2Ccompress&fit=crop&h=200&ixlib=php-3.3.0&w=300&s=492d57fb290c761b6620bf7d08d81a31 300w, https:\/\/miresiblog.imgix.net\/uploads\/2022\/05\/upset-elderly-man-sitting-in-wheelchair-in-chamber-2021-09-03-16-43-58-utc-scaled.jpg?auto=format%2Ccompress&fit=crop&h=513&ixlib=php-3.3.0&w=768&s=1e2fbb6365d7646bff01e9fcbc7af8a7 768w, https:\/\/miresiblog.imgix.net\/uploads\/2022\/05\/upset-elderly-man-sitting-in-wheelchair-in-chamber-2021-09-03-16-43-58-utc-scaled.jpg?auto=format%2Ccompress&fit=crop&h=1025&ixlib=php-3.3.0&w=1536&s=ec60818fc4bca64135b7a00a26e2d554 1536w, https:\/\/miresiblog.imgix.net\/uploads\/2022\/05\/upset-elderly-man-sitting-in-wheelchair-in-chamber-2021-09-03-16-43-58-utc-scaled.jpg?auto=format%2Ccompress&fit=crop&h=1367&ixlib=php-3.3.0&w=2048&s=4a3fcbed6403799b0817dee5935b62e7 2048w, https:\/\/miresiblog.imgix.net\/uploads\/2022\/05\/upset-elderly-man-sitting-in-wheelchair-in-chamber-2021-09-03-16-43-58-utc-scaled.jpg?auto=format%2Ccompress&fit=crop&h=240&ixlib=php-3.3.0&w=360&s=b8ce3d8b0facd385470a02112fd6403e 360w, https:\/\/miresiblog.imgix.net\/uploads\/2022\/05\/upset-elderly-man-sitting-in-wheelchair-in-chamber-2021-09-03-16-43-58-utc-scaled.jpg?auto=format%2Ccompress&ixlib=php-3.3.0&w=899&s=3fdef0e81aab9f9f388228ae85b9f4cc 899w\" sizes=\"(max-width: 1024px) 100vw, 1024px\" \/><figcaption class=\"wp-element-caption\">Anciano dependiente residente en un centro especializado<\/figcaption><\/figure>\n<\/div>\n\n\n<h2 class=\"wp-block-heading\">2. <strong>\u00bfHay ayudas a la dependencia en La Rioja?<\/strong><\/h2>\n\n\n\n<p><strong>S\u00ed<\/strong>, en la comunidad riojana. El gobierno auton\u00f3mico publica una serie de <a href=\"https:\/\/leydedependencia.es\/\"  target=\"_blank\" rel=\"external nofollow\"  title=\"\"  class=\"wp-links-icon\">ayudas para las personas con dependencia<\/a>.<\/p>\n\n\n\n<p>Lo primero que hay que hacer para acceder a estas ayudas es ver reconocida por los Servicios Sociales riojanos la situaci\u00f3n de dependencia. Este tr\u00e1mite se realiza <a href=\"https:\/\/www.larioja.org\/larioja-client\/cm\/oficina-electronica?web=&proc=03767\"  target=\"_blank\" rel=\"external nofollow\"  target=\"_blank\"  class=\"wp-links-icon\">telem\u00e1ticamente<\/a> o presencialmente en el <strong>Registro de las Consejer\u00edas, en las oficinas de Atenci\u00f3n al Ciudadano, en el registro de la Consejer\u00eda de Servicios Sociales y Gobernanza P\u00fablica o en el registro del Edificio Multiconsejer\u00edas.\u00a0<\/strong><\/p>\n\n\n\n<p>Tras presentar la solicitud, los Servicios Sociales<strong> conciertan una cita para hacer una revisi\u00f3n al mayor.<\/strong> Si el diagn\u00f3stico es positivo, los trabajadores sociales emitir\u00e1n un informe en el que especificar\u00e1n las ayudas a las que se puede acoger el mayor en situaci\u00f3n de dependencia.<\/p>\n\n\n\n<p>La <strong>documentaci\u00f3n<\/strong> a presentar es la siguiente:<\/p>\n\n\n\n<ol class=\"wp-block-list\">\n<li><a href=\"https:\/\/www.larioja.org\/oficina-electronica\/es?web=000&proc=15867\"  target=\"_blank\" rel=\"external nofollow\"  target=\"_blank\"  class=\"wp-links-icon\">Solicitud<\/a>\u00a0<\/li>\n\n\n\n<li><strong>Empadronamiento<\/strong> y <strong>residencia<\/strong> en cualquier municipio riojano.<\/li>\n\n\n\n<li><strong>Informe del estado de salud.<\/strong><\/li>\n<\/ol>\n\n\n\n<div class=\"wp-block-buttons is-content-justification-center is-layout-flex wp-container-core-buttons-is-layout-16018d1d wp-block-buttons-is-layout-flex\">\n<div class=\"wp-block-button has-custom-font-size has-medium-font-size\"><a href=\"https:\/\/leydedependencia.es\/\"  target=\"_blank\" rel=\"external nofollow\"   class=\"wp-links-icon\"><strong>CONOCE M\u00c1S INFORMACI\u00d3N SOBRE LOS GRADOS DE DEPENDENCIA<\/strong> <strong>EN LA RIOJA<\/strong><\/a><\/div>\n<\/div>\n\n\n\n<h3 class=\"wp-block-heading\"><strong>2.1. Servicio de teleasistencia<\/strong><\/h3>\n\n\n\n<p>El servicio de <a href=\"https:\/\/miresi.es\/blog\/teleasistencia\/\"  target=\"_blank\" rel=\"noreferrer noopener\" title=\"Teleasistencia: Otra Alternativa para Cuidar a tu Mayor\"  target=\"_blank\" rel=\"noreferrer noopener\" title=\"Teleasistencia: Otra Alternativa para Cuidar a tu Mayor\">teleasistencia<\/a> est\u00e1 ideado para que las personas mayores puedan vivir solas sin el peligro que esto conlleva. Este se trata de una serie de dispositivos que <strong>alertan a los servicios de emergencias <\/strong>cuando los mayores se encuentran en situaci\u00f3n de peligro.<\/p>\n\n\n\n<p>Esta ayuda se puede solicitar presencialmente en las oficinas de registro o telem\u00e1ticamente en la <a href=\"https:\/\/www.larioja.org\/oficina-electronica\/es?proc=20609\"  target=\"_blank\" rel=\"external nofollow\"  target=\"_blank\"  class=\"wp-links-icon\">oficina electr\u00f3nica del Gobierno riojano<\/a>.<\/p>\n\n\n\n<p>La <strong>documentaci\u00f3n<\/strong> a aportar es:<\/p>\n\n\n\n<ol class=\"wp-block-list\">\n<li><a href=\"https:\/\/ias1.larioja.org\/\/cex\/sistemas\/GenericoServlet?servlet=cex.sistemas.cap.portal.ImgServletSis&code=oumCvWIgBUGXelHYg2UTkPhXhSM_FmcHdGfzdyhPW0fApHyqPVxRsljcT6EwZHkZLEXZYSr1AOEM%0A1VMOLfD_NbwaUmoAMucgR0iQBN2fFEqK7GVBQJnoAPPMGhOGWvpIZTMQDY7w0aG5Oi0OqFxoQtg1%0AnL9lqAwVnuqZpP2bemY%3D\"  target=\"_blank\" rel=\"external nofollow\"  target=\"_blank\"  class=\"wp-links-icon\">Solicitud cumplimentada<\/a><\/li>\n\n\n\n<li><a href=\"https:\/\/ias1.larioja.org\/\/cex\/sistemas\/GenericoServlet?servlet=cex.sistemas.cap.portal.ImgServletSis&code=oumCvWIgBUF6lChv9ZDgP_hXhSM_FmcHdGfzdyhPW0fApHyqPVxRsljcT6EwZHkZLEXZYSr1AOHu%0As47BJN5vmCywUgNHOFGwhabCnRwK6Rk2tFpx0nfIjg%3D%3D\"  target=\"_blank\" rel=\"external nofollow\"  target=\"_blank\"  class=\"wp-links-icon\">Informe social expedida por un trabajador social<\/a><\/li>\n\n\n\n<li><strong>Empadronamiento<\/strong> y <strong>residencia<\/strong> en La Rioja.<\/li>\n<\/ol>\n\n\n\n<p>Los <strong>requisitos<\/strong> propios de este tr\u00e1mite son:<\/p>\n\n\n\n<ol class=\"wp-block-list\">\n<li><a href=\"https:\/\/leydedependencia.es\/\"  target=\"_blank\" rel=\"external nofollow\"  title=\"\"  class=\"wp-links-icon\">Tener reconocida la situaci\u00f3n de <strong>dependencia<\/strong>.<\/a><\/li>\n\n\n\n<li>Disponer de un <strong>Programa Individual de Atenci\u00f3n (PIA)<\/strong> redactado por un trabajador o trabajadora social.<\/li>\n\n\n\n<li>Disponer de una <strong>vivienda, acceso a electricidad y red de tel\u00e9fono fijo.<\/strong><\/li>\n\n\n\n<li>Tener las <strong>suficientes capacidades mentales y f\u00edsicas<\/strong> para utilizar el servicio de forma correcta.<\/li>\n<\/ol>\n\n\n\n<h3 class=\"wp-block-heading\"><strong>2.2. Servicio de ayuda a domicilio<\/strong><\/h3>\n\n\n\n<p>Es normal que los familiares de personas en situaci\u00f3n de dependencia contraten servicios de cuidado a domicilio. El hogar se convierte en un lugar hostil cuando los mayores ven reducidas sus capacidades f\u00edsicas y mentales, por ello, <strong>es necesario que una persona se encargue<\/strong> <strong>de los cuidados en el entorno<\/strong> <strong>m\u00e1s cercano<\/strong>.<\/p>\n\n\n\n<p>Esta prestaci\u00f3n de servicios se puede solicitar en persona en las oficinas de Servicios Sociales vinculadas a un <strong>ayuntamiento o en las oficinas de registro<\/strong>; o telem\u00e1ticamente en <a href=\"https:\/\/www.larioja.org\/oficina-electronica\/es?proc=16167\"  target=\"_blank\" rel=\"external nofollow\"  target=\"_blank\"  class=\"wp-links-icon\">la versi\u00f3n web de la administraci\u00f3n p\u00fablica del Gobierno de La Rioja<\/a>.<\/p>\n\n\n\n<p>Los <strong>requisitos<\/strong> demandados para obtener dicha ayuda son:<\/p>\n\n\n\n<ol class=\"wp-block-list\">\n<li>Encontrarse en una <a href=\"https:\/\/leydedependencia.es\/\"  target=\"_blank\" rel=\"external nofollow\"  title=\"\"  class=\"wp-links-icon\">situaci\u00f3n de <strong>dependencia<\/strong> acreditable<\/a>.<\/li>\n\n\n\n<li><strong>Residir<\/strong> y estar <strong>empadronado<\/strong> en La Rioja.<\/li>\n\n\n\n<li>Disponer de una <strong>vivienda<\/strong> en la que se puedan prestar los servicios.<\/li>\n<\/ol>\n\n\n\n<p>Por lo tanto, la <strong>documentaci\u00f3n<\/strong> requerida es la siguiente:<\/p>\n\n\n\n<ol class=\"wp-block-list\">\n<li>Fotocopia del <strong>DNI<\/strong>\u00a0<\/li>\n\n\n\n<li>Reconocimiento de la <strong>dependencia<\/strong> acreditado mediante certificado.<\/li>\n\n\n\n<li><a href=\"https:\/\/ias1.larioja.org\/\/cex\/sistemas\/GenericoServlet?servlet=cex.sistemas.cap.portal.ImgServletSis&code=oumCvWIgBUGXelHYg2UTkPhXhSM_FmcHcNvQW8STtq7ApHyqPVxRsljcT6EwZHkZLEXZYSr1AOEl%0AtgLef0RIjPWuwvn6BEvMufgYy9PxAVxyEVrZ5bOCYw%3D%3D\"  target=\"_blank\" rel=\"external nofollow\"  target=\"_blank\"  class=\"wp-links-icon\">Solicitud de prestaciones econ\u00f3micas<\/a><\/li>\n\n\n\n<li><a href=\"https:\/\/ias1.larioja.org\/\/cex\/sistemas\/GenericoServlet?servlet=cex.sistemas.cap.portal.ImgServletSis&code=oumCvWIgBUF6lChv9ZDgP_hXhSM_FmcHcNvQW8STtq7ApHyqPVxRsljcT6EwZHkZLEXZYSr1AOHd%0Aggs0wMiACmH8L1IxV6wpMwfm5-MqG_Se6pmk_Zt6Zg%3D%3D\"  target=\"_blank\" rel=\"external nofollow\"  target=\"_blank\"  class=\"wp-links-icon\">Declaraci\u00f3n de responsabilidad del cuidador<\/a><\/li>\n\n\n\n<li><a href=\"https:\/\/ias1.larioja.org\/\/cex\/sistemas\/GenericoServlet?servlet=cex.sistemas.cap.portal.ImgServletSis&code=oumCvWIgBUGgOB1kQh2mLvhXhSM_FmcHcNvQW8STtq7ApHyqPVxRsljcT6EwZHkZLEXZYSr1AOHd%0Aggs0wMiACl46o7a7urZ4T3Oba80HNNJu02bMlziybw%3D%3D\"  target=\"_blank\" rel=\"external nofollow\"  target=\"_blank\"  class=\"wp-links-icon\">Declaraci\u00f3n de responsabilidad del dependiente<\/a><\/li>\n\n\n\n<li><a href=\"https:\/\/ias1.larioja.org\/\/cex\/sistemas\/GenericoServlet?servlet=cex.sistemas.cap.portal.ImgServletSis&code=oumCvWIgBUGpHTkbXFRaD_hXhSM_FmcHcNvQW8STtq7ApHyqPVxRsljcT6EwZHkZLEXZYSr1AOHk%0ArvG9SIQwHevIdsGewNq4pF7-D9uDasVS201fFXECMQ%3D%3D\"  target=\"_blank\" rel=\"external nofollow\"  target=\"_blank\"  class=\"wp-links-icon\">Informe sobre situaci\u00f3n bancaria<\/a><\/li>\n\n\n\n<li><a href=\"https:\/\/ias1.larioja.org\/\/cex\/sistemas\/GenericoServlet?servlet=cex.sistemas.cap.portal.ImgServletSis&code=oumCvWIgBUGlAPNQqVOuaPhXhSM_FmcHcNvQW8STtq7ApHyqPVxRsljcT6EwZHkZLEXZYSr1AOHd%0Aggs0wMiACtd4XfM8086pWkPaamRLrbNWNA0_rVLaHktd8N-EFYrI\"  target=\"_blank\" rel=\"external nofollow\"  target=\"_blank\"  class=\"wp-links-icon\">Guardador de hecho<\/a>\u00a0<\/li>\n<\/ol>\n\n\n\n<div class=\"wp-block-buttons is-content-justification-center is-layout-flex wp-container-core-buttons-is-layout-16018d1d wp-block-buttons-is-layout-flex\">\n<div class=\"wp-block-button has-custom-font-size has-medium-font-size\"><a href=\"https:\/\/leydedependencia.es\/\"  target=\"_blank\" rel=\"external nofollow\"   class=\"wp-links-icon\"><strong>SOLICITA GRATIS TODA LA INFORMACI\u00d3N QUE NECESITES SOBRE LEY DE DEPENDENCIA AQU\u00cd<\/strong><\/a><\/div>\n<\/div>\n\n\n\n<h3 class=\"wp-block-heading\"><strong>2.3. Centros de d\u00eda\u00a0<\/strong><\/h3>\n\n\n\n<p>Los centros de d\u00eda son lugares en los que <strong>los mayores pueden pasar las horas del d\u00eda<\/strong> (normalmente aquellas en las que los familiares se encuentran trabajando). El sector p\u00fablico presenta <strong>plazas p\u00fablicas o concertadas<\/strong>. El procedimiento se lleva a cabo en persona en la <strong>Direcci\u00f3n General en materia de Personas Mayores o en el Servicio de Atenci\u00f3n al Ciudadano<\/strong>, o virtualmente en <a href=\"https:\/\/www.larioja.org\/oficina-electronica\/es?proc=03427\"  target=\"_blank\" rel=\"external nofollow\"  target=\"_blank\"  class=\"wp-links-icon\">la web del Gobierno de La Rioja<\/a>.\u00a0<\/p>\n\n\n\n<p>Las <strong>caracter\u00edsticas<\/strong> de las personas solicitantes son las siguientes:<\/p>\n\n\n\n<ol class=\"wp-block-list\">\n<li>Reconocimiento de la<a href=\"https:\/\/leydedependencia.es\/\"  target=\"_blank\" rel=\"external nofollow\"  title=\"\"  class=\"wp-links-icon\"> situaci\u00f3n de <strong>dependencia<\/strong>.<\/a><\/li>\n\n\n\n<li>Disponer de un <strong>Programa Individual de Atenci\u00f3n (PIA)<\/strong> redactado por un trabajador social.<\/li>\n\n\n\n<li>Demostrar la <strong>residencia<\/strong>, por lo menos de 5 a\u00f1os en Espa\u00f1a (teniendo que haber vivido en Espa\u00f1a obligatoriamente los 2 a\u00f1os anteriores a la solicitud).<\/li>\n\n\n\n<li>Tener <strong>m\u00e1s de 60 a\u00f1os<\/strong> (o menos pero tener la dependencia reconocida).<\/li>\n<\/ol>\n\n\n\n<p>La <strong>documentaci\u00f3n<\/strong> a presentar es la siguiente:<\/p>\n\n\n\n<ol class=\"wp-block-list\">\n<li><a href=\"https:\/\/ias1.larioja.org\/\/cex\/sistemas\/GenericoServlet?servlet=cex.sistemas.cap.portal.ImgServletSis&code=oumCvWIgBUGXelHYg2UTkPhXhSM_FmcHnpKhCgn-eRTApHyqPVxRsljcT6EwZHkZLEXZYSr1AOGo%0AS5eLj8_L0O5p5hQyvcJCfRjIPTriGmbz1Sge6zQVIf6YskhVWE1GB5KtZTo00WH-MrbGzEzOgA%3D%3D\"  target=\"_blank\" rel=\"external nofollow\"  target=\"_blank\"  class=\"wp-links-icon\">Clasificaci\u00f3n de los centros de d\u00eda<\/a><\/li>\n\n\n\n<li><a href=\"https:\/\/ias1.larioja.org\/\/cex\/sistemas\/GenericoServlet?servlet=cex.sistemas.cap.portal.ImgServletSis&code=oumCvWIgBUF6lChv9ZDgP_hXhSM_FmcHnpKhCgn-eRTApHyqPVxRsljcT6EwZHkZLEXZYSr1AOEn%0AiOAHDhK3TQvuCRWrFhLNCDa65z1D6w9VXPs0atwjQ9edSfq0567Nj1L0OK9bih25S5h2UHD_C3iJ%0Ac28vkNYNtK0cAOZsm-8%3D\"  target=\"_blank\" rel=\"external nofollow\"  target=\"_blank\"  class=\"wp-links-icon\">Solicitud<\/a>\u00a0<\/li>\n\n\n\n<li>Fotocopia del <strong>DNI<\/strong>.<\/li>\n\n\n\n<li>Resoluci\u00f3n judicial con el reconocimiento de la situaci\u00f3n de <strong>dependencia<\/strong>.<\/li>\n\n\n\n<li>Un <strong>informe m\u00e9dico.<\/strong><\/li>\n<\/ol>\n\n\n\n<h3 class=\"wp-block-heading\"><strong>2.4. Residencias p\u00fablicas para mayores dependientes<\/strong><\/h3>\n\n\n\n<p>Muchas veces la soluci\u00f3n m\u00e1s \u00fatil es que el mayor pase a vivir en un centro en el que va a recibir <strong>la ayuda, los cuidados y la compa\u00f1\u00eda de la mano de profesionales cualificados<\/strong>. La comunidad de La Rioja tramita la adjudicaci\u00f3n en formato <a href=\"https:\/\/www.larioja.org\/oficina-electronica\/es?web=&proc=02387\"  target=\"_blank\" rel=\"external nofollow\"  target=\"_blank\"  class=\"wp-links-icon\">online<\/a> o de forma presencial en las <strong>oficinas de registro.<\/strong><\/p>\n\n\n\n<p>Los <strong>requisitos<\/strong> que fija la administraci\u00f3n riojana son:<\/p>\n\n\n\n<ol class=\"wp-block-list\">\n<li><a href=\"https:\/\/leydedependencia.es\/\"  target=\"_blank\" rel=\"external nofollow\"  title=\"\"  class=\"wp-links-icon\">Tener reconocido un grado de <strong>dependencia de grado II o III.<\/strong><\/a><\/li>\n\n\n\n<li>Demostrar la <strong>residencia<\/strong> en alg\u00fan municipio de La Rioja.<\/li>\n\n\n\n<li>Haber <strong>residido<\/strong> en Espa\u00f1a (por lo menos 5 a\u00f1os antes de la solicitud).<\/li>\n\n\n\n<li>Ser <strong>mayor de 60 a\u00f1os.<\/strong><\/li>\n<\/ol>\n\n\n\n<p>La <strong>documentaci\u00f3n<\/strong> que debe solicitar el interesado para presentar a la administraci\u00f3n p\u00fablica es la siguiente:<\/p>\n\n\n\n<ol class=\"wp-block-list\">\n<li><strong>Residencia<\/strong> en Espa\u00f1a.<\/li>\n\n\n\n<li><strong>Declaraci\u00f3n de la renta.<\/strong><\/li>\n\n\n\n<li>Contrato de <strong>arrendamiento<\/strong> (en caso de que el mayor viva arrendado).<\/li>\n\n\n\n<li><strong>Informe sobre las cuentas bancarias.<\/strong><\/li>\n<\/ol>\n\n\n\n<div class=\"wp-block-buttons is-content-justification-center is-layout-flex wp-container-core-buttons-is-layout-16018d1d wp-block-buttons-is-layout-flex\">\n<div class=\"wp-block-button has-custom-font-size has-medium-font-size\"><a href=\"https:\/\/leydedependencia.es\/\"  target=\"_blank\" rel=\"external nofollow\"  rel=\"nofollow\"  class=\"wp-links-icon\"><strong>CONOCE M\u00c1S INFORMACI\u00d3N SOBRE LOS GRADOS DE DEPENDENCIA<\/strong> <strong>EN LA RIOJA<\/strong><\/a><\/div>\n<\/div>\n\n\n\n<h3 class=\"wp-block-heading\"><strong>2.5. Ayudas econ\u00f3micas a personas con discapacidad para hacer frente a gastos extraordinarios derivados de la misma<\/strong><\/h3>\n\n\n\n<p>Las <strong>ayudas a las personas con un grado de discapacidad<\/strong> reconocido reciben esta ayuda para gastarlo en varias \u00e1reas:<\/p>\n\n\n\n<ol class=\"wp-block-list\">\n<li>Para <strong>tratamientos<\/strong>.\u00a0<\/li>\n\n\n\n<li>Para <strong>movilidad y comunicaci\u00f3n.\u00a0<\/strong><\/li>\n\n\n\n<li>Para <strong>alojamientos<\/strong>.<\/li>\n<\/ol>\n\n\n\n<p>Se puede pedir esta ayuda en cualquier <strong>oficina de los Servicios Sociales municipales,<\/strong> o en <a href=\"https:\/\/www.larioja.org\/oficina-electronica\/es?web=000&proc=23652\"  target=\"_blank\" rel=\"external nofollow\"  target=\"_blank\"  class=\"wp-links-icon\">la versi\u00f3n web de la administraci\u00f3n riojana<\/a>.<\/p>\n\n\n\n<p>Los <strong>requisitos<\/strong> para solicitar estas ayudas son:<\/p>\n\n\n\n<ol class=\"wp-block-list\">\n<li><strong>Residir<\/strong> en La Rioja.<\/li>\n\n\n\n<li>Certificar una <strong>discapacidad igual o superior al 33%<\/strong> (concedido, por lo menos, 3 meses antes de la solicitud de las ayudas).<\/li>\n\n\n\n<li><strong>No disfrutar de otra ayuda p\u00fablica con el mismo fin.<\/strong><\/li>\n\n\n\n<li><strong>No disponer de medios econ\u00f3micos<\/strong> ni familiares que procuren los cuidados.<\/li>\n\n\n\n<li>Que el <strong>gasto se realice despu\u00e9s de la concesi\u00f3n de la ayuda<\/strong> y no antes.<\/li>\n<\/ol>\n\n\n\n<p>La <strong>documentaci\u00f3n<\/strong> demandada por el sector p\u00fablico con el fin de entrar a concurso de estas ayuda es la siguiente:<\/p>\n\n\n\n<ol class=\"wp-block-list\">\n<li>Fotocopia del <strong>DNI<\/strong>.<\/li>\n\n\n\n<li><strong>Empadronamiento<\/strong> y <strong>residencia<\/strong> en cualquier municipio riojano (por lo menos medio a\u00f1o antes).<\/li>\n\n\n\n<li>Certificar la <strong>discapacidad<\/strong>.<\/li>\n\n\n\n<li>Disponer de un <strong>informe m\u00e9dico.<\/strong><\/li>\n\n\n\n<li>Factura del <strong>coste de los servicios<\/strong> que se pretenden pagar con la ayuda (del a\u00f1o anterior).<\/li>\n\n\n\n<li><a href=\"https:\/\/ias1.larioja.org\/\/cex\/sistemas\/GenericoServlet?servlet=cex.sistemas.cap.portal.ImgServletSis&code=oumCvWIgBUGXelHYg2UTkPhXhSM_FmcHMTMWAL3tnQLApHyqPVxRsljcT6EwZHkZLEXZYSr1AOHZ%0AFaw1tjUsTyhjxetNSyc8JDoHOFann7e72Wjcgqetuktd8N-EFYrI\"  target=\"_blank\" rel=\"external nofollow\"  target=\"_blank\"  class=\"wp-links-icon\">Solicitud de Ayudas para Personas con discapacidad<\/a><\/li>\n\n\n\n<li><a href=\"https:\/\/ias1.larioja.org\/\/cex\/sistemas\/GenericoServlet?servlet=cex.sistemas.cap.portal.ImgServletSis&code=oumCvWIgBUF6lChv9ZDgP_hXhSM_FmcHMTMWAL3tnQLApHyqPVxRsljcT6EwZHkZLEXZYSr1AOGR%0AYKAhGb3KfOvIdsGewNq4v5U4-HISyOD4Db1SvczazA%3D%3D\"  target=\"_blank\" rel=\"external nofollow\"  target=\"_blank\"  class=\"wp-links-icon\">Informe bancario del solicitante<\/a>\u00a0<\/li>\n<\/ol>\n\n\n\n<h3 class=\"wp-block-heading\"><strong>2.6. Prestaciones para la dependencia<\/strong><\/h3>\n\n\n\n<p>La<a href=\"https:\/\/leydedependencia.es\/\"  target=\"_blank\" rel=\"external nofollow\"  title=\"\"  class=\"wp-links-icon\"> prestaci\u00f3n a la dependencia<\/a> es una <strong>ayuda econ\u00f3mica de car\u00e1cter general <\/strong>que busca financiar la promoci\u00f3n de la autonom\u00eda, la compra de material adaptado y la adaptaci\u00f3n de los espacios.<\/p>\n\n\n\n<p>La solicitud se puede realizar a trav\u00e9s del <a href=\"http:\/\/tramites.administracion.gob.es\/comunidad\/tramites\/recurso\/prestaciones-economicas-del-sistema-riojano-para\/23ef186c-fcc4-488b-9148-4eb6cf592141\"  target=\"_blank\" rel=\"external nofollow\"  target=\"_blank\"  class=\"wp-links-icon\">portal de la administraci\u00f3n riojana<\/a> o presencialmente en las <strong>Oficinas de Atenci\u00f3n al Ciudadano del Gobierno de La Rioja o en el registro auxiliar de la Consejer\u00eda de Servicios Sociales.<\/strong><\/p>\n\n\n\n<p>Las <strong>exigencias<\/strong> que se piden para poder acceder a este apoyo econ\u00f3mico son:<\/p>\n\n\n\n<ol class=\"wp-block-list\">\n<li>Ser <strong>mayor de 18 a\u00f1os.<\/strong><\/li>\n\n\n\n<li><strong>Residir<\/strong> en La Rioja.<\/li>\n\n\n\n<li><a href=\"https:\/\/leydedependencia.es\/\"  target=\"_blank\" rel=\"external nofollow\"  title=\"\"  class=\"wp-links-icon\">Certificar la <strong>dependencia<\/strong>.<\/a><\/li>\n\n\n\n<li>Disponer de un <strong>Programa Individual de Atenci\u00f3n (PIA)<\/strong> que recomiende la concesi\u00f3n de estas prestaciones econ\u00f3micas.<\/li>\n<\/ol>\n\n\n\n<p>La <strong>documentaci\u00f3n<\/strong> que se pide para acceder a la prestaci\u00f3n es:<\/p>\n\n\n\n<ol class=\"wp-block-list\">\n<li><a href=\"https:\/\/ias1.larioja.org\/\/cex\/sistemas\/GenericoServlet?servlet=cex.sistemas.cap.portal.ImgServletSis&code=oumCvWIgBUGXelHYg2UTkPhXhSM_FmcHcNvQW8STtq7ApHyqPVxRsljcT6EwZHkZLEXZYSr1AOEl%0AtgLef0RIjPWuwvn6BEvMufgYy9PxAVxyEVrZ5bOCYw%3D%3D\"  target=\"_blank\" rel=\"external nofollow\"  target=\"_blank\"  class=\"wp-links-icon\">Solicitud de las prestaciones econ\u00f3micas<\/a><\/li>\n\n\n\n<li><a href=\"https:\/\/ias1.larioja.org\/\/cex\/sistemas\/GenericoServlet?servlet=cex.sistemas.cap.portal.ImgServletSis&code=oumCvWIgBUF6lChv9ZDgP_hXhSM_FmcHcNvQW8STtq7ApHyqPVxRsljcT6EwZHkZLEXZYSr1AOHd%0Aggs0wMiACmH8L1IxV6wpMwfm5-MqG_Se6pmk_Zt6Zg%3D%3D\"  target=\"_blank\" rel=\"external nofollow\"  target=\"_blank\"  class=\"wp-links-icon\">Declaraci\u00f3n de responsabilidad del cuidador<\/a><\/li>\n\n\n\n<li><a href=\"https:\/\/ias1.larioja.org\/\/cex\/sistemas\/GenericoServlet?servlet=cex.sistemas.cap.portal.ImgServletSis&code=oumCvWIgBUGgOB1kQh2mLvhXhSM_FmcHcNvQW8STtq7ApHyqPVxRsljcT6EwZHkZLEXZYSr1AOHd%0Aggs0wMiACl46o7a7urZ4T3Oba80HNNJu02bMlziybw%3D%3D\"  target=\"_blank\" rel=\"external nofollow\"  target=\"_blank\"  class=\"wp-links-icon\">Declaraci\u00f3n de responsabilidad del dependiente<\/a><\/li>\n\n\n\n<li><a href=\"https:\/\/ias1.larioja.org\/\/cex\/sistemas\/GenericoServlet?servlet=cex.sistemas.cap.portal.ImgServletSis&code=oumCvWIgBUGpHTkbXFRaD_hXhSM_FmcHcNvQW8STtq7ApHyqPVxRsljcT6EwZHkZLEXZYSr1AOHk%0ArvG9SIQwHevIdsGewNq4pF7-D9uDasVS201fFXECMQ%3D%3D\"  target=\"_blank\" rel=\"external nofollow\"  target=\"_blank\"  class=\"wp-links-icon\">Informaci\u00f3n bancaria<\/a><\/li>\n\n\n\n<li><a href=\"https:\/\/ias1.larioja.org\/\/cex\/sistemas\/GenericoServlet?servlet=cex.sistemas.cap.portal.ImgServletSis&code=oumCvWIgBUGlAPNQqVOuaPhXhSM_FmcHcNvQW8STtq7ApHyqPVxRsljcT6EwZHkZLEXZYSr1AOHd%0Aggs0wMiACtd4XfM8086pWkPaamRLrbNWNA0_rVLaHktd8N-EFYrI\"  target=\"_blank\" rel=\"external nofollow\"  target=\"_blank\"  class=\"wp-links-icon\">Guardador de hecho<\/a>\u00a0<\/li>\n\n\n\n<li>Fotocopia del <strong>DNI<\/strong><\/li>\n<\/ol>\n\n\n<div class=\"wp-block-image\">\n<figure class=\"aligncenter size-large\"><img decoding=\"async\" width=\"1024\" height=\"681\" src=\"https:\/\/miresi.es\/blog\/wp-content\/uploads\/2022\/05\/the-home-nursing-volunteer-take-care-of-the-elderl-2021-09-03-13-42-54-utc-1024x681.jpg\" alt=\"Anciana disfrutando de la ayuda a la dependencia La Rioja\" class=\"wp-image-15506\" srcset=\"https:\/\/miresiblog.imgix.net\/uploads\/2022\/05\/the-home-nursing-volunteer-take-care-of-the-elderl-2021-09-03-13-42-54-utc-scaled.jpg?auto=format%2Ccompress&fit=crop&h=681&ixlib=php-3.3.0&w=1024&s=340a586da4fbf821076ee1d0c470a7bc 1024w, https:\/\/miresiblog.imgix.net\/uploads\/2022\/05\/the-home-nursing-volunteer-take-care-of-the-elderl-2021-09-03-13-42-54-utc-scaled.jpg?auto=format%2Ccompress&fit=crop&h=200&ixlib=php-3.3.0&w=300&s=8b8a6f66c996b781a0092f82d091369e 300w, https:\/\/miresiblog.imgix.net\/uploads\/2022\/05\/the-home-nursing-volunteer-take-care-of-the-elderl-2021-09-03-13-42-54-utc-scaled.jpg?auto=format%2Ccompress&fit=crop&h=511&ixlib=php-3.3.0&w=768&s=80a4dd151b05e9b923510d9babb86132 768w, https:\/\/miresiblog.imgix.net\/uploads\/2022\/05\/the-home-nursing-volunteer-take-care-of-the-elderl-2021-09-03-13-42-54-utc-scaled.jpg?auto=format%2Ccompress&fit=crop&h=1022&ixlib=php-3.3.0&w=1536&s=224fe0477c2ad58cd9b10209ef48b430 1536w, https:\/\/miresiblog.imgix.net\/uploads\/2022\/05\/the-home-nursing-volunteer-take-care-of-the-elderl-2021-09-03-13-42-54-utc-scaled.jpg?auto=format%2Ccompress&fit=crop&h=1363&ixlib=php-3.3.0&w=2048&s=378fb443176803d287908c05847b53b6 2048w, https:\/\/miresiblog.imgix.net\/uploads\/2022\/05\/the-home-nursing-volunteer-take-care-of-the-elderl-2021-09-03-13-42-54-utc-scaled.jpg?auto=format%2Ccompress&fit=crop&h=240&ixlib=php-3.3.0&w=360&s=7ecd1306f713810a5004e983de5959a6 360w, https:\/\/miresiblog.imgix.net\/uploads\/2022\/05\/the-home-nursing-volunteer-take-care-of-the-elderl-2021-09-03-13-42-54-utc-scaled.jpg?auto=format%2Ccompress&ixlib=php-3.3.0&w=902&s=a35caf4a3e4a7d3a6813c056c94bc533 902w\" sizes=\"(max-width: 1024px) 100vw, 1024px\" \/><figcaption class=\"wp-element-caption\">Anciana dependiente disfrutando de los servicios de cuidados<\/figcaption><\/figure>\n<\/div>\n\n\n<h3 class=\"wp-block-heading\"><strong>2.7. Fondo solidario de ayudas t\u00e9cnicas<\/strong><\/h3>\n\n\n\n<p>Esta ayuda est\u00e1 pensada para que los mayores en <a href=\"https:\/\/leydedependencia.es\/\"  target=\"_blank\" rel=\"external nofollow\"  title=\"\"  class=\"wp-links-icon\">situaci\u00f3n de dependencia<\/a> puedan <strong>acceder al material t\u00e9cnico que necesiten<\/strong>. Los <a href=\"https:\/\/miresi.es\/blog\/mejores-bastones-para-ancianos\/\"  target=\"_blank\" rel=\"noreferrer noopener\" title=\"5 Mejores Bastones para Ancianos\"  target=\"_blank\" rel=\"noreferrer noopener\" title=\"5 Mejores Bastones para Ancianos\">bastones<\/a>, <a href=\"https:\/\/miresi.es\/blog\/las-mejores-sillas-de-ruedas-para-personas-mayores\/\"  target=\"_blank\" rel=\"noreferrer noopener\" title=\"Las mejores sillas de ruedas para personas mayores\"  target=\"_blank\" rel=\"noreferrer noopener\" title=\"Las mejores sillas de ruedas para personas mayores\">las sillas de ruedas<\/a>, los <a href=\"https:\/\/miresi.es\/blog\/mejores-andadores-para-ancianos\/\"  target=\"_blank\" rel=\"noreferrer noopener\" title=\"10 Mejores Andadores para Ancianos del 2022\"  target=\"_blank\" rel=\"noreferrer noopener\" title=\"10 Mejores Andadores para Ancianos del 2022\">andadores<\/a> o las <a href=\"https:\/\/miresi.es\/blog\/gruas-para-personas-mayores\/\"  target=\"_blank\" rel=\"noreferrer noopener\" title=\"Gu\u00eda para Elegir Gr\u00faas para Personas Mayores\"  target=\"_blank\" rel=\"noreferrer noopener\" title=\"Gu\u00eda para Elegir Gr\u00faas para Personas Mayores\">gr\u00faas<\/a> son elementos esenciales para promover la autonom\u00eda de los ancianos pese a que pueden llegar a ser muy caros.<\/p>\n\n\n\n<p>Estas ayudas se pueden solicitar presencialmente en las <strong>Oficinas de Atenci\u00f3n al Ciudadano del Gobierno de La Rioja o<\/strong> en el <strong>registro auxiliar de la Consejer\u00eda<\/strong> <strong>de Servicios Sociales<\/strong>; tambi\u00e9n se pueden solicitar <a href=\"https:\/\/www.larioja.org\/oficina-electronica\/es?proc=02307\"  target=\"_blank\" rel=\"external nofollow\"  target=\"_blank\"  class=\"wp-links-icon\">digitalmente en la web del Gobierno de La Rioja<\/a>.\u00a0<\/p>\n\n\n\n<p>Los <strong>requisitos<\/strong> que se piden para esta ayuda son:<\/p>\n\n\n\n<ol class=\"wp-block-list\">\n<li>Un grado de <strong>discapacidad igual o superior al 33%.<\/strong><\/li>\n\n\n\n<li><strong>Residir<\/strong> en La Rioja.<\/li>\n\n\n\n<li>Acreditar la<strong> falta de medios econ\u00f3micos <\/strong>para comprarse los elementos de apoyo t\u00e9cnico necesarios.<\/li>\n<\/ol>\n\n\n\n<p>Por otro lado, la <strong>documentaci\u00f3n<\/strong> que se exige es la siguiente:<\/p>\n\n\n\n<ol class=\"wp-block-list\">\n<li>Fotocopia del <strong>DNI<\/strong> del beneficiario (o del representante legal, en caso de tener un representante).<\/li>\n\n\n\n<li><strong>Informe m\u00e9dico.<\/strong><\/li>\n\n\n\n<li>Certificado de <strong>discapacidad<\/strong>.<\/li>\n\n\n\n<li><strong>Declaraci\u00f3n responsable de ingresos<\/strong> de la unidad familiar de convivencia.<\/li>\n\n\n\n<li><a href=\"https:\/\/ias1.larioja.org\/\/cex\/sistemas\/GenericoServlet?servlet=cex.sistemas.cap.portal.ImgServletSis&code=oumCvWIgBUGXelHYg2UTkPhXhSM_FmcHx5u_hDluXyLApHyqPVxRsljcT6EwZHkZLEXZYSr1AOHZ%0AFaw1tjUsTyhjxetNSyc8Fi6Ok8WiqPy-ULWHCdm3C3_-cH8eaRDb\"  target=\"_blank\" rel=\"external nofollow\"  target=\"_blank\"  class=\"wp-links-icon\">Solicitud de cesi\u00f3n de ayudas t\u00e9cnicas del Fondo Solidario<\/a><\/li>\n<\/ol>\n\n\n\n<p>Es importante saber qu\u00e9 ayudas econ\u00f3micas presta la administraci\u00f3n p\u00fablica porque puede significar la <strong>accesibilidad a muchos recursos necesarios<\/strong>. Las subvenciones pueden aliviar mucho la <a href=\"https:\/\/leydedependencia.es\/\"  target=\"_blank\" rel=\"external nofollow\"  title=\"\"  class=\"wp-links-icon\">situaci\u00f3n de dependencia.<\/a> Por ello, desde miResi creemos que <strong>es importante que las familias conozcan este tipo de informaci\u00f3n.<\/strong><\/p>\n\n\n\n<div class=\"wp-block-buttons is-content-justification-center is-layout-flex wp-container-core-buttons-is-layout-16018d1d wp-block-buttons-is-layout-flex\">\n<div class=\"wp-block-button has-custom-font-size has-medium-font-size\"><a href=\"https:\/\/leydedependencia.es\/\"  target=\"_blank\" rel=\"external nofollow\"  rel=\"nofollow\"  class=\"wp-links-icon\"><strong>DESCUBRE M\u00c1S INFORMACI\u00d3N SOBRE LOS GRADOS DE DEPENDENCIA EN LA RIOJA<\/strong><\/a><\/div>\n<\/div>\n\n\n\n<p class=\"has-small-font-size\">Fuentes:<\/p>\n\n\n\n<ul class=\"wp-block-list\">\n<li>Gobierno de La Rioja: <a href=\"https:\/\/www.larioja.org\/servicios-sociales\/es\/entidades-centros-servicios\/personas-discapacidad\/centro-valoracion-discapacidad-dependencia\/reconocimiento-valoracion-situacion-dependencia-emision-dic\"  target=\"_blank\" rel=\"external nofollow\"  target=\"_blank\"  class=\"wp-links-icon\">https:\/\/www.larioja.org\/servicios-sociales\/es\/entidades-centros-servicios\/personas-discapacidad\/centro-valoracion-discapacidad-dependencia\/reconocimiento-valoracion-situacion-dependencia-emision-dic<\/a>\u00a0<\/li>\n\n\n\n<li>-Gobierno de La Rioja: <a href=\"https:\/\/www.larioja.org\/servicios-sociales\/es\/dependencia\"  target=\"_blank\" rel=\"external nofollow\"  target=\"_blank\"  class=\"wp-links-icon\">https:\/\/www.larioja.org\/servicios-sociales\/es\/dependencia<\/a><\/li>\n<\/ul>\n<div style='text-align:center' class='yasr-auto-insert-visitor'><!--Yasr Visitor Votes Shortcode--><div id='yasr_visitor_votes_c4599b76ffc62' class='yasr-visitor-votes'><div class=\"yasr-custom-text-vv-before yasr-custom-text-vv-before-15499\">\u00a1Haz clic para puntuar esta entrada!<\/div><div id='yasr-vv-second-row-container-c4599b76ffc62'\r\n                                        class='yasr-vv-second-row-container'><div id='yasr-visitor-votes-rater-c4599b76ffc62'\r\n                                      class='yasr-rater-stars-vv'\r\n                                      data-rater-postid='15499'\r\n                                      data-rating='5'\r\n                                      data-rater-starsize='32'\r\n                                      data-rater-readonly='false'\r\n                                      data-rater-nonce='4d05b5a2cb'\r\n                                      data-issingular='false'\r\n                                    ><\/div><div class=\"yasr-vv-stats-text-container\" id=\"yasr-vv-stats-text-container-c4599b76ffc62\"><svg xmlns=\"https:\/\/www.w3.org\/2000\/svg\" width=\"20\" height=\"20\"\r\n                                   class=\"yasr-dashicons-visitor-stats\"\r\n                                   data-postid=\"15499\"\r\n                                   id=\"yasr-stats-dashicon-c4599b76ffc62\">\r\n                                   <path d=\"M18 18v-16h-4v16h4zM12 18v-11h-4v11h4zM6 18v-8h-4v8h4z\"><\/path>\r\n                               <\/svg><span id=\"yasr-vv-text-container-c4599b76ffc62\" class=\"yasr-vv-text-container\"> (Votos: <span id=\"yasr-vv-votes-number-container-c4599b76ffc62\">1<\/span>  Promedio: <span id=\"yasr-vv-average-container-c4599b76ffc62\">5<\/span>)<\/span><\/div><div id='yasr-vv-loader-c4599b76ffc62' class='yasr-vv-container-loader'><\/div><\/div><div id='yasr-vv-bottom-container-c4599b76ffc62'\r\n                              class='yasr-vv-bottom-container'\r\n                              style='display:none'><\/div><\/div><!--End Yasr Visitor Votes Shortcode--><\/div>","protected":false},"excerpt":{"rendered":"<p>La administraci\u00f3n p\u00fablica proyecta el apoyo econ\u00f3mico para las personas en situaci\u00f3n de dependencia. En miResi hablamos de la ayuda a la dependencia La Rioja<\/p>\n","protected":false},"author":10,"featured_media":15503,"comment_status":"open","ping_status":"open","sticky":false,"template":"","format":"standard","meta":{"yasr_overall_rating":0,"yasr_post_is_review":"","yasr_auto_insert_disabled":"","yasr_review_type":"","footnotes":""},"categories":[387,951],"tags":[1122,1381,1308,781,1380],"class_list":["post-15499","post","type-post","status-publish","format-standard","has-post-thumbnail","hentry","category-ayudas","category-leyes","tag-ayuda-a-la-dependencia","tag-ayuda-a-la-dependencia-la-rioja","tag-ayudas-y-subvenciones","tag-dependencia","tag-la-rioja"],"yasr_visitor_votes":{"stars_attributes":{"read_only":false,"span_bottom":false},"number_of_votes":1,"sum_votes":5},"_links":{"self":[{"href":"https:\/\/miresi.es\/blog\/wp-json\/wp\/v2\/posts\/15499","targetHints":{"allow":["GET"]}}],"collection":[{"href":"https:\/\/miresi.es\/blog\/wp-json\/wp\/v2\/posts"}],"about":[{"href":"https:\/\/miresi.es\/blog\/wp-json\/wp\/v2\/types\/post"}],"author":[{"embeddable":true,"href":"https:\/\/miresi.es\/blog\/wp-json\/wp\/v2\/users\/10"}],"replies":[{"embeddable":true,"href":"https:\/\/miresi.es\/blog\/wp-json\/wp\/v2\/comments?post=15499"}],"version-history":[{"count":10,"href":"https:\/\/miresi.es\/blog\/wp-json\/wp\/v2\/posts\/15499\/revisions"}],"predecessor-version":[{"id":23943,"href":"https:\/\/miresi.es\/blog\/wp-json\/wp\/v2\/posts\/15499\/revisions\/23943"}],"wp:featuredmedia":[{"embeddable":true,"href":"https:\/\/miresi.es\/blog\/wp-json\/wp\/v2\/media\/15503"}],"wp:attachment":[{"href":"https:\/\/miresi.es\/blog\/wp-json\/wp\/v2\/media?parent=15499"}],"wp:term":[{"taxonomy":"category","embeddable":true,"href":"https:\/\/miresi.es\/blog\/wp-json\/wp\/v2\/categories?post=15499"},{"taxonomy":"post_tag","embeddable":true,"href":"https:\/\/miresi.es\/blog\/wp-json\/wp\/v2\/tags?post=15499"}],"curies":[{"name":"wp","href":"https:\/\/api.w.org\/{rel}","templated":true}]}}