{"id":15611,"date":"2022-05-13T12:29:00","date_gmt":"2022-05-13T11:29:00","guid":{"rendered":"https:\/\/miresi.es\/blog\/?p=15611"},"modified":"2026-04-23T18:07:14","modified_gmt":"2026-04-23T17:07:14","slug":"miedos-nocturnos-en-ancianos","status":"publish","type":"post","link":"https:\/\/miresi.es\/blog\/miedos-nocturnos-en-ancianos\/","title":{"rendered":"\u00bfSabes C\u00f3mo Son los Miedos Nocturnos en Ancianos?"},"content":{"rendered":"\n<p>El insomnio no es el \u00fanico problema al que se pueden enfrentar los mayores a la hora de dormir. <strong>Los miedos nocturnos o nictofobia son una afecci\u00f3n que puede deteriorar la calidad de vida<\/strong> de nuestros mayores. Por eso, en <a href=\"https:\/\/miresi.es\/buscador\/\"  rel=\"noreferrer noopener\" title=\"miResi\"  rel=\"noreferrer noopener\" title=\"miResi\">miResi<\/a> te explicamos en qu\u00e9 consiste y los posibles remedios para los miedos nocturnos en ancianos.<\/p>\n\n\n\n<div class=\"wp-block-buttons is-content-justification-center is-layout-flex wp-container-core-buttons-is-layout-16018d1d wp-block-buttons-is-layout-flex\">\n<div class=\"wp-block-button\"><a href=\"https:\/\/miresi.es\/buscador\/\"  rel=\"noreferrer noopener\"  rel=\"noreferrer noopener\">p\u00eddenos consejo gratuito<\/a><\/div>\n<\/div>\n\n\n\n<p style=\"font-size:10px\"><\/p>\n\n\n\n<h2 class=\"wp-block-heading\">1. <strong>\u00bfQu\u00e9 son los miedos nocturnos en ancianos?<\/strong><\/h2>\n\n\n\n<p>Los<strong> miedos nocturnos<\/strong> o la <strong>nictofobia<\/strong> son episodios de pesadillas nocturnas. La diferencia con una pesadilla com\u00fan es que en estos momentos los mayores no pueden despertarse. Esto provoca que<strong> no sean capaces de salir del sue\u00f1o.<\/strong><\/p>\n\n\n\n<p>Lo com\u00fan es que se den <strong>al principio de la noche<\/strong>, y que los ancianos no recuerden gran parte del sue\u00f1o que han tenido.\u00a0<\/p>\n\n\n<div class=\"wp-block-image\">\n<figure class=\"aligncenter size-large\"><img decoding=\"async\" width=\"1024\" height=\"683\" src=\"https:\/\/miresi.es\/blog\/wp-content\/uploads\/2022\/05\/senior-caucasian-woman-sleeping-on-sofa-and-her-hu-2022-05-01-23-09-55-utc-1024x683.jpg\" alt=\"Mujer con miedos nocturnos en ancianos\" class=\"wp-image-15615\" srcset=\"https:\/\/miresiblog.imgix.net\/uploads\/2022\/05\/senior-caucasian-woman-sleeping-on-sofa-and-her-hu-2022-05-01-23-09-55-utc-scaled.jpg?auto=format%2Ccompress&fit=crop&h=683&ixlib=php-3.3.0&w=1024&s=929f8eb662edb215a76a9f9bdb461022 1024w, https:\/\/miresiblog.imgix.net\/uploads\/2022\/05\/senior-caucasian-woman-sleeping-on-sofa-and-her-hu-2022-05-01-23-09-55-utc-scaled.jpg?auto=format%2Ccompress&fit=crop&h=200&ixlib=php-3.3.0&w=300&s=198e6575099607d39b890a41d742e909 300w, https:\/\/miresiblog.imgix.net\/uploads\/2022\/05\/senior-caucasian-woman-sleeping-on-sofa-and-her-hu-2022-05-01-23-09-55-utc-scaled.jpg?auto=format%2Ccompress&fit=crop&h=512&ixlib=php-3.3.0&w=768&s=9f38475c597107dc363f34426626a171 768w, https:\/\/miresiblog.imgix.net\/uploads\/2022\/05\/senior-caucasian-woman-sleeping-on-sofa-and-her-hu-2022-05-01-23-09-55-utc-scaled.jpg?auto=format%2Ccompress&fit=crop&h=1024&ixlib=php-3.3.0&w=1536&s=ed0a6c9d73fd092d76e3a2375957425e 1536w, https:\/\/miresiblog.imgix.net\/uploads\/2022\/05\/senior-caucasian-woman-sleeping-on-sofa-and-her-hu-2022-05-01-23-09-55-utc-scaled.jpg?auto=format%2Ccompress&fit=crop&h=1365&ixlib=php-3.3.0&w=2048&s=b182eafe69e93cf677b2e21826ff77b4 2048w, https:\/\/miresiblog.imgix.net\/uploads\/2022\/05\/senior-caucasian-woman-sleeping-on-sofa-and-her-hu-2022-05-01-23-09-55-utc-scaled.jpg?auto=format%2Ccompress&fit=crop&h=240&ixlib=php-3.3.0&w=360&s=09da1ebe415eba4f5b866b6e1c6a4433 360w, https:\/\/miresiblog.imgix.net\/uploads\/2022\/05\/senior-caucasian-woman-sleeping-on-sofa-and-her-hu-2022-05-01-23-09-55-utc-scaled.jpg?auto=format%2Ccompress&ixlib=php-3.3.0&w=900&s=c07769084f05ebc7f799bdd66332eec2 900w\" sizes=\"(max-width: 1024px) 100vw, 1024px\" \/><figcaption>Hombre arropando a su mujer<\/figcaption><\/figure>\n<\/div>\n\n\n<h2 class=\"wp-block-heading\">2. <strong>Caracter\u00edsticas de los miedos nocturnos en ancianos<\/strong><\/h2>\n\n\n\n<p>Los episodios de terrores nocturnos se caracterizan por la <strong>agitaci\u00f3n de los mayores<\/strong> que se encuentran en la cama. En un primer momento, los ancianos dan vueltas en la cama, su <strong>respiraci\u00f3n se agita<\/strong> y comienzan a <strong>patalear<\/strong>.<\/p>\n\n\n\n<p><strong>La intensidad del malestar va en aumento.<\/strong> Los mayores no pueden despertar, por lo que se encuentran atrapados creyendo que esto es la realidad. <strong>Los movimientos son cada vez m\u00e1s bruscos<\/strong>, como si el anciano estuviera escapando. Los <strong>gritos<\/strong> pidiendo ayuda son normales.<\/p>\n\n\n\n<p>Al despertar (y conseguir esto es normalmente complicado), el mayor se encuentra en un estado de <strong>gran agitaci\u00f3n<\/strong>. En este punto, es complicado calmarle. Los mayores rara vez vuelven a conciliar el sue\u00f1o.\u00a0<\/p>\n\n\n\n<p>En resumen, los <strong>s\u00edntomas<\/strong> para saber si nuestro mayor se enfrenta a miedos nocturnos son los siguientes:<\/p>\n\n\n\n<ul class=\"wp-block-list\"><li><strong>Respiraci\u00f3n agitada.<\/strong><\/li><li><strong>Gritos y alaridos.<\/strong><\/li><li><strong>Imposibilidad de despertar.<\/strong><\/li><li><strong>Pupilas dilatadas.<\/strong><\/li><li><strong>Pulso acelerado.<\/strong><\/li><li><strong>Sudores fr\u00edos.<\/strong><\/li><li><strong>Dificultad para volver a la calma.<\/strong><\/li><li><strong>Estado de incertidumbre, desorientaci\u00f3n.<\/strong><\/li><li><strong>Tener problemas para recordar el sue\u00f1o.<\/strong><\/li><li><strong>Pataleos y movimientos bruscos.<\/strong><\/li><li><strong>Posibles comportamientos relacionados con el sonambulismo.<\/strong><\/li><\/ul>\n\n\n\n<h2 class=\"wp-block-heading\">3. <strong>\u00bfCu\u00e1les son las causas de los miedos nocturnos?<\/strong><\/h2>\n\n\n\n<p>Las <strong>causas<\/strong> de estos episodios de terror mientras se duerme son <strong>diversas<\/strong>. A diferencia de otros trastornos, los doctores y doctoras no pueden establecer una causalidad firme.<\/p>\n\n\n\n<p>Los diferentes <strong>or\u00edgenes posibles<\/strong> son los siguientes:<\/p>\n\n\n\n<ol class=\"wp-block-list\"><li><strong>Problemas respiratorios<\/strong> ligados a trastornos del sue\u00f1o (patolog\u00edas que hacen complicado respirar en las horas de sue\u00f1o).<\/li><li>El <strong>S\u00edndrome de las piernas inquietas <\/strong>(espasmos involuntarios en las extremidades en momentos de relajaci\u00f3n o calma).<\/li><li>Sufrir <strong>estr\u00e9s postraum\u00e1tico.<\/strong><\/li><li>Estados de agitaci\u00f3n fruto de altas tasas de <strong><a href=\"https:\/\/miresi.es\/blog\/trastorno-de-ansiedad-en-el-adulto-mayor\/\"  target=\"_blank\" rel=\"noreferrer noopener\" title=\"\u00bfSabes C\u00f3mo Afecta el Trastorno de Ansiedad en el Adulto Mayor?\"  target=\"_blank\" rel=\"noreferrer noopener\" title=\"\u00bfSabes C\u00f3mo Afecta el Trastorno de Ansiedad en el Adulto Mayor?\">estr\u00e9s o ansiedad.<\/a><\/strong><\/li><li>La <strong><a href=\"https:\/\/miresi.es\/blog\/depresion-en-ancianos\/\"  target=\"_blank\" rel=\"noreferrer noopener\" title=\"10 Formas de Tratar la Depresi\u00f3n en Ancianos\"  target=\"_blank\" rel=\"noreferrer noopener\" title=\"10 Formas de Tratar la Depresi\u00f3n en Ancianos\">depresi\u00f3n<\/a><\/strong> aumenta las posibilidades de experimentar estas afecciones.<\/li><li>Efectos secundarios de medicamentos vinculados al <strong>sistema nervioso<\/strong>.<\/li><li><strong>Antecedentes familiares<\/strong> de personas con sonambulismo (sobre todo los padres).<\/li><li>El consumo de <strong>alcohol\u00a0 y\/o drogas<\/strong> (incluyendo los f\u00e1rmacos que activen el sistema nervioso) tambi\u00e9n puede provocar estos episodios.<\/li><li>Un <strong>ambiente poco adecuado para el descanso<\/strong> incentiva estas situaciones (ruido, excesiva luz,\u2026).<\/li><\/ol>\n\n\n\n<div class=\"wp-block-buttons is-content-justification-center is-layout-flex wp-container-core-buttons-is-layout-16018d1d wp-block-buttons-is-layout-flex\">\n<div class=\"wp-block-button\"><a href=\"https:\/\/miresi.es\/buscador\/\"  rel=\"noreferrer noopener\"  rel=\"noreferrer noopener\">encuentra residencia hoy<\/a><\/div>\n<\/div>\n\n\n\n<h2 class=\"wp-block-heading\">4. <strong>\u00bfHay remedio para los miedos nocturnos?<\/strong><\/h2>\n\n\n\n<p>Los terrores nocturnos son complicaciones que enturbian las noches de nuestros mayores, lo cual no quiere decir que no tengan remedio. Estos episodios se pueden controlar <strong>gracias al tratamiento psicol\u00f3gico<\/strong> y <strong>la participaci\u00f3n del mayor<\/strong>.<\/p>\n\n\n\n<p>Es importante que nuestro mayor tenga <strong>rutinas de sue\u00f1o <\/strong>que le permitan dormir las ocho horas recomendadas. Por esto se deber\u00eda <strong>crear un ambiente adecuado<\/strong>. Controlar la <strong>iluminaci\u00f3n, la ventilaci\u00f3n, los ruidos del exterior,\u2026 <\/strong>son medidas fundamentales para que nuestros mayores descansen.<\/p>\n\n\n\n<p>Si los motivos de las pesadillas son <strong>inseguridades, estr\u00e9s derivado de situaciones traum\u00e1ticas o miedos<\/strong> vinculados con sucesos de la vida, la respuesta es el tratamiento psicol\u00f3gico. Los y las profesionales pueden dar las <strong>herramientas necesarias para que los mayores no sufran de episodios de p\u00e1nico.<\/strong> Siempre recordamos que es importante prestar atenci\u00f3n a la <a href=\"https:\/\/miresi.es\/blog\/salud-dental-en-ancianos\/\"  target=\"_blank\" rel=\"noreferrer noopener\" title=\"10 Motivos para Cuidar la Salud Dental en Ancianos\"  target=\"_blank\" rel=\"noreferrer noopener\" title=\"10 Motivos para Cuidar la Salud Dental en Ancianos\">salud mental<\/a> de nuestros mayores, ya que estos pueden no darle importancia, pero es imprescindible para el bienestar f\u00edsico y general.<\/p>\n\n\n\n<figure class=\"wp-block-image size-large\"><img decoding=\"async\" width=\"1024\" height=\"657\" src=\"https:\/\/miresi.es\/blog\/wp-content\/uploads\/2022\/05\/elderly-woman-taking-care-of-an-elderly-man-2022-03-30-20-23-37-utc-1024x657.jpg\" alt=\"Mujer que padece miedos nocturnos en ancianos\" class=\"wp-image-15616\" srcset=\"https:\/\/miresiblog.imgix.net\/uploads\/2022\/05\/elderly-woman-taking-care-of-an-elderly-man-2022-03-30-20-23-37-utc-scaled.jpg?auto=format%2Ccompress&fit=crop&h=657&ixlib=php-3.3.0&w=1024&s=72d595eaca20701a57d48ebf78960f70 1024w, https:\/\/miresiblog.imgix.net\/uploads\/2022\/05\/elderly-woman-taking-care-of-an-elderly-man-2022-03-30-20-23-37-utc-scaled.jpg?auto=format%2Ccompress&fit=crop&h=193&ixlib=php-3.3.0&w=300&s=f84ec355dac3448c2844f9a0ebb17722 300w, https:\/\/miresiblog.imgix.net\/uploads\/2022\/05\/elderly-woman-taking-care-of-an-elderly-man-2022-03-30-20-23-37-utc-scaled.jpg?auto=format%2Ccompress&fit=crop&h=493&ixlib=php-3.3.0&w=768&s=e89a97f7f11131fc2d808e1e81d897a0 768w, https:\/\/miresiblog.imgix.net\/uploads\/2022\/05\/elderly-woman-taking-care-of-an-elderly-man-2022-03-30-20-23-37-utc-scaled.jpg?auto=format%2Ccompress&fit=crop&h=986&ixlib=php-3.3.0&w=1536&s=f72b58a63402e8bd6e2bd6e64f6e19ec 1536w, https:\/\/miresiblog.imgix.net\/uploads\/2022\/05\/elderly-woman-taking-care-of-an-elderly-man-2022-03-30-20-23-37-utc-scaled.jpg?auto=format%2Ccompress&fit=crop&h=1315&ixlib=php-3.3.0&w=2048&s=169cc1db2b5754e3dbbac5f25f56d5a7 2048w, https:\/\/miresiblog.imgix.net\/uploads\/2022\/05\/elderly-woman-taking-care-of-an-elderly-man-2022-03-30-20-23-37-utc-scaled.jpg?auto=format%2Ccompress&fit=crop&h=231&ixlib=php-3.3.0&w=360&s=e6a4c63e464d8e35203b32bba5e0efbb 360w, https:\/\/miresiblog.imgix.net\/uploads\/2022\/05\/elderly-woman-taking-care-of-an-elderly-man-2022-03-30-20-23-37-utc-scaled.jpg?auto=format%2Ccompress&ixlib=php-3.3.0&w=934&s=c877740880fa384d5a27bb9c16f60f71 934w\" sizes=\"(max-width: 1024px) 100vw, 1024px\" \/><figcaption>Anciana a la que su marido est\u00e1 consolando despu\u00e9s de un episodio de miedos nocturnos<\/figcaption><\/figure>\n\n\n\n<p>La alimentaci\u00f3n tambi\u00e9n juega un papel clave. El consumo de <strong>alcohol<\/strong> y <strong>cafe\u00edna<\/strong> es contraproducente, de la misma forma que lo es comer en exceso justo antes de dormir. A lo que podr\u00edamos sumar la realizaci\u00f3n de <strong>actividad f\u00edsica<\/strong>. El cansancio generado por una rutina diaria de deporte ayuda a conciliar el sue\u00f1o f\u00e1cilmente.<\/p>\n\n\n\n<p>Otra alternativa es la <strong>opci\u00f3n farmacol\u00f3gica<\/strong>. Las pastillas para dormir evitan que los mayores permanezcan despiertos, pero siempre son mirados con mayor recelo por las familias.<\/p>\n\n\n\n<h2 class=\"wp-block-heading\">5. <strong>\u00bfC\u00f3mo pueden afectar los miedos nocturnos a las personas mayores?<\/strong><\/h2>\n\n\n\n<p>Pese a que los miedos nocturnos no constituyen un problema grave para la salud de los ancianos, hay problemas derivados de estos problemas. Las complicaciones son las <strong>lesiones<\/strong> por la agresividad de los movimientos, la falta de <strong>sue\u00f1o<\/strong> y el <strong>cansancio<\/strong> continuo.<\/p>\n\n\n\n<p>Esta situaci\u00f3n puede derivar en <strong>altas tasas de estr\u00e9s, ansiedad e incluso depresi\u00f3n<\/strong>. Vinculado a esto est\u00e1 la <strong>verg\u00fcenza<\/strong> que algunos mayores sienten por el hecho de experimentar estos momentos de terror. Sienten que es cosa de ni\u00f1os (cosa que no es cierta) y que se convierten en una carga para sus familiares. Por ello,<strong> hay que explicarles que esto no es as\u00ed.\u00a0<\/strong><\/p>\n\n\n\n<div class=\"wp-block-buttons is-content-justification-center is-layout-flex wp-container-core-buttons-is-layout-16018d1d wp-block-buttons-is-layout-flex\">\n<div class=\"wp-block-button\"><a href=\"https:\/\/miresi.es\/buscador\/\"  rel=\"noreferrer noopener\"  rel=\"noreferrer noopener\">consulta a nuestros agentes<\/a><\/div>\n<\/div>\n\n\n\n<p><strong>Los miedos nocturnos pueden cambiar las rutinas diarias de nuestros mayores<\/strong>. El cansancio se apodera de ellos y no se encuentran bien para realizar ninguna actividad. Por eso, <strong>es importante conocer las<\/strong> <strong>causa y el tratamiento<\/strong> que se les puede dar para atajar este problema.<\/p>\n\n\n\n<p class=\"has-small-font-size\">Fuentes:<\/p>\n\n\n\n<ul class=\"has-small-font-size wp-block-list\"><li>Mayo Clinic: <a href=\"https:\/\/www.mayoclinic.org\/es-es\/diseases-conditions\/sleep-terrors\/symptoms-causes\/syc-20353524#:~:text=Los%20terrores%20nocturnos%20son%20episodios,en%20combinaci%C3%B3n%20con%20el%20sonambulismo\"  target=\"_blank\" rel=\"external nofollow\"  target=\"_blank\" rel=\"noreferrer noopener\"  class=\"wp-links-icon\">https:\/\/www.mayoclinic.org\/es-es\/diseases-conditions\/sleep-terrors\/symptoms-causes\/syc-20353524#:~:text=Los%20terrores%20nocturnos%20son%20episodios,en%20combinaci%C3%B3n%20con%20el%20sonambulismo<\/a>.\u00a0<\/li><li>Sanitas: <a href=\"https:\/\/www.sanitas.es\/sanitas\/seguros\/es\/particulares\/biblioteca-de-salud\/estilo-vida\/controlar-pesadillas.html\"  target=\"_blank\" rel=\"external nofollow\"  target=\"_blank\" rel=\"noreferrer noopener\"  class=\"wp-links-icon\">https:\/\/www.sanitas.es\/sanitas\/seguros\/es\/particulares\/biblioteca-de-salud\/estilo-vida\/controlar-pesadillas.html<\/a><\/li><\/ul>\n<div style='text-align:center' class='yasr-auto-insert-visitor'><!--Yasr Visitor Votes Shortcode--><div id='yasr_visitor_votes_92099a776fecc' class='yasr-visitor-votes'><div class=\"yasr-custom-text-vv-before yasr-custom-text-vv-before-15611\">\u00a1Haz clic para puntuar esta entrada!<\/div><div id='yasr-vv-second-row-container-92099a776fecc'\r\n                                        class='yasr-vv-second-row-container'><div id='yasr-visitor-votes-rater-92099a776fecc'\r\n                                      class='yasr-rater-stars-vv'\r\n                                      data-rater-postid='15611'\r\n                                      data-rating='5'\r\n                                      data-rater-starsize='32'\r\n                                      data-rater-readonly='false'\r\n                                      data-rater-nonce='df9b54cd3f'\r\n                                      data-issingular='false'\r\n                                    ><\/div><div class=\"yasr-vv-stats-text-container\" id=\"yasr-vv-stats-text-container-92099a776fecc\"><svg xmlns=\"https:\/\/www.w3.org\/2000\/svg\" width=\"20\" height=\"20\"\r\n                                   class=\"yasr-dashicons-visitor-stats\"\r\n                                   data-postid=\"15611\"\r\n                                   id=\"yasr-stats-dashicon-92099a776fecc\">\r\n                                   <path d=\"M18 18v-16h-4v16h4zM12 18v-11h-4v11h4zM6 18v-8h-4v8h4z\"><\/path>\r\n                               <\/svg><span id=\"yasr-vv-text-container-92099a776fecc\" class=\"yasr-vv-text-container\"> (Votos: <span id=\"yasr-vv-votes-number-container-92099a776fecc\">3<\/span>  Promedio: <span id=\"yasr-vv-average-container-92099a776fecc\">5<\/span>)<\/span><\/div><div id='yasr-vv-loader-92099a776fecc' class='yasr-vv-container-loader'><\/div><\/div><div id='yasr-vv-bottom-container-92099a776fecc'\r\n                              class='yasr-vv-bottom-container'\r\n                              style='display:none'><\/div><\/div><!--End Yasr Visitor Votes Shortcode--><\/div>","protected":false},"excerpt":{"rendered":"<p>Uno de los problemas de cuidar a un anciano son los miedos nocturnos en ancianos. Por ello, desde miResi te hablamos sobre ellos<\/p>\n","protected":false},"author":10,"featured_media":15614,"comment_status":"open","ping_status":"open","sticky":false,"template":"","format":"standard","meta":{"yasr_overall_rating":0,"yasr_post_is_review":"","yasr_auto_insert_disabled":"","yasr_review_type":"","footnotes":""},"categories":[26,12],"tags":[565,1387,1389,1388,1390],"class_list":["post-15611","post","type-post","status-publish","format-standard","has-post-thumbnail","hentry","category-envejecimiento","category-patologias","tag-insomnio-en-personas-mayores","tag-miedos-nocturnos","tag-patologias-del-sueno","tag-rutinas-de-sueno","tag-sonambulismo-en-personas-mayores"],"yasr_visitor_votes":{"stars_attributes":{"read_only":false,"span_bottom":false},"number_of_votes":3,"sum_votes":15},"_links":{"self":[{"href":"https:\/\/miresi.es\/blog\/wp-json\/wp\/v2\/posts\/15611","targetHints":{"allow":["GET"]}}],"collection":[{"href":"https:\/\/miresi.es\/blog\/wp-json\/wp\/v2\/posts"}],"about":[{"href":"https:\/\/miresi.es\/blog\/wp-json\/wp\/v2\/types\/post"}],"author":[{"embeddable":true,"href":"https:\/\/miresi.es\/blog\/wp-json\/wp\/v2\/users\/10"}],"replies":[{"embeddable":true,"href":"https:\/\/miresi.es\/blog\/wp-json\/wp\/v2\/comments?post=15611"}],"version-history":[{"count":8,"href":"https:\/\/miresi.es\/blog\/wp-json\/wp\/v2\/posts\/15611\/revisions"}],"predecessor-version":[{"id":24665,"href":"https:\/\/miresi.es\/blog\/wp-json\/wp\/v2\/posts\/15611\/revisions\/24665"}],"wp:featuredmedia":[{"embeddable":true,"href":"https:\/\/miresi.es\/blog\/wp-json\/wp\/v2\/media\/15614"}],"wp:attachment":[{"href":"https:\/\/miresi.es\/blog\/wp-json\/wp\/v2\/media?parent=15611"}],"wp:term":[{"taxonomy":"category","embeddable":true,"href":"https:\/\/miresi.es\/blog\/wp-json\/wp\/v2\/categories?post=15611"},{"taxonomy":"post_tag","embeddable":true,"href":"https:\/\/miresi.es\/blog\/wp-json\/wp\/v2\/tags?post=15611"}],"curies":[{"name":"wp","href":"https:\/\/api.w.org\/{rel}","templated":true}]}}