{"id":15701,"date":"2022-05-13T11:07:06","date_gmt":"2022-05-13T10:07:06","guid":{"rendered":"https:\/\/miresi.es\/blog\/?p=15701"},"modified":"2026-04-23T18:07:16","modified_gmt":"2026-04-23T17:07:16","slug":"consejos-para-convivir-con-familiares-ancianos","status":"publish","type":"post","link":"https:\/\/miresi.es\/blog\/consejos-para-convivir-con-familiares-ancianos\/","title":{"rendered":"Consejos Para Convivir con Familiares Ancianos"},"content":{"rendered":"\n<p>La tercera edad es una bonita etapa, por eso en <a href=\"https:\/\/miresi.es\/buscador\/\"  rel=\"noreferrer noopener\" title=\"miResi \"  rel=\"noreferrer noopener\" title=\"miResi \">miResi <\/a>queremos que tengas <strong>toda la informaci\u00f3n posible sobre los ancianos y sus necesidades<\/strong>. Cuando alcanzamos la vejez, aparecen ciertos problemas, tanto f\u00edsicos como mentales.\u00a0Algunas veces este contexto nos lleva a<strong> convivir con familiares ancianos<\/strong>, una tarea para la que debemos prepararnos.<\/p>\n\n\n\n<p>Hoy os traemos una gu\u00eda sobre c\u00f3mo convivir con familiares ancianos, \u00a1veamos!<\/p>\n\n\n\n<h2 class=\"wp-block-heading\">1. Cubrir las necesidades de tu familiar anciano<\/h2>\n\n\n\n<p>Las personas pueden volverse dependientes durante la tercera edad. Cu\u00e1ndo un familiar llega a esta situaci\u00f3n, debemos tener en cuenta muchos factores. Cada caso es diferente, antes de convivir con un familiar anciano, hay que establecer ciertas pautas<strong>. Debemos prepararnos para que la convivencia sea lo m\u00e1s beneficiosa posible<\/strong>.<\/p>\n\n\n\n<div style=\"height:28px\" aria-hidden=\"true\" class=\"wp-block-spacer\"><\/div>\n\n\n\n<div class=\"wp-block-buttons is-content-justification-center is-layout-flex wp-container-core-buttons-is-layout-16018d1d wp-block-buttons-is-layout-flex\">\n<div class=\"wp-block-button\"><a href=\"https:\/\/miresi.es\/buscador\/\"  rel=\"noreferrer noopener\"  rel=\"noreferrer noopener\">INFORMACI\u00d3N SORBE RESIDENCIAS<\/a><\/div>\n<\/div>\n\n\n\n<div style=\"height:17px\" aria-hidden=\"true\" class=\"wp-block-spacer\"><\/div>\n\n\n\n<h2 class=\"wp-block-heading\">2. Convivir con familiares ancianos, una lecci\u00f3n de vida<\/h2>\n\n\n\n<p>Antes de entrar en materia,<strong> vemos necesario hablar acerca de los valores personales y familiares<\/strong>. Vivir con un familiar dependiente puede suponer un reto, pero no deber\u00eda ser nunca una experiencia negativa.<\/p>\n\n\n\n<p>Nuestros mayores han dedicado su vida a cubrir nuestras necesidades primarias y secundarias. Estos actos desinteresados nunca fueron hechos con el objetivo de ser devueltos. Cuando un familiar se vuelve dependiente, <strong>debemos cambiar los papeles y cuidarlos de la mejor manera<\/strong>.<\/p>\n\n\n\n<p>Convivir con un familiar anciano no debe ser algo negativo. El hecho de <strong>estar con un mayor y cuidarle supone una lecci\u00f3n de vida.<\/strong> Los ancianos nos ayudan a valorar muchos aspectos vitales. Debemos fomentar pasar tiempo con personas mayores, estos <strong>nos ense\u00f1an a luchar contra las limitaciones y a aprovechar la etapa en la que vivimos.<\/strong><\/p>\n\n\n\n<h2 class=\"wp-block-heading\">3. Analizar la situaci\u00f3n antes de convivir con tu familiar anciano:<\/h2>\n\n\n\n<p>La tercera edad es una etapa de constante cambio, en algunos casos el anciano se vuelve dependiente. Ante de decidir vivir con tu familiar querido, debemos tener escuchar los deseos de nuestro ser querido. A continuaci\u00f3n, os informaremos acerca de unos par\u00e1metros a tener en cuenta cuando convivimos con el anciano:<\/p>\n\n\n\n<h3 class=\"wp-block-heading\">3.1 Escucha activa con tu familiar anciano<\/h3>\n\n\n\n<p>En las primeras etapas de la vejez, suelen aparecer ciertos pensamientos negativos. Las personas tienen nuevas limitaciones, algo que les crea malestar. <strong>Debemos tener en<\/strong> <strong>cuenta el estado emocional de nuestro familiar<\/strong>.<\/p>\n\n\n\n<p>Cu\u00e1ndo estamos valorando traer al anciano a nuestra casa, debemos escuchar muy bien cu\u00e1les son sus deseos. Es muy importante valorar los sentimientos de nuestro familiar. Hay que<strong> respetar cu\u00e1les son sus deseos y necesidades<\/strong>.<\/p>\n\n\n\n<p>Cuando un ser querido llega a la vejez, es vital que <strong>los familiares le ofrezcan tiempo y cari\u00f1o<\/strong>. Hay que estar por ellos e intentar mejorar su calidad de vida, as\u00ed podremos trabajar la parte emocional.<\/p>\n\n\n\n<h3 class=\"wp-block-heading\">3.2 Convivencia para mejorar la vida de un familiar anciano<\/h3>\n\n\n\n<p>Cuando un familiar llega a la vejez, pueden aparecer ciertas limitaciones f\u00edsicas. Si la persona mayor se vuelve dependiente, debemos comunicarnos con \u00e9l. El primer afectado de estas limitaciones es el anciano, <strong>conoce su realidad mejor que nadie<\/strong>.<\/p>\n\n\n\n<p>Si tu familiar tiene ciertas dependencias, es necesario que<strong> busques alternativas para mejorar su vida<\/strong>. Cu\u00e1ndo estamos hablando de cuidados, podemos barajar diferentes opciones. Dependiendo del grado de dependencia, veremos cu\u00e1l es la mejor alternativa.<\/p>\n\n\n\n<p>Las limitaciones f\u00edsicas a veces provocan que el anciano no pueda valerse por s\u00ed mismo. Si nuestro ser querido vive con nosotros, <strong>podremos ayudarle con aspectos d\u00f3nde tiene m\u00e1s dependencia.\u00a0<\/strong><\/p>\n\n\n\n<p>Cu\u00e1ndo convivimos con un familiar anciano, lo hacemos con<strong> el objetivo de poder suplir aquellas necesidades que \u00e9l no puede<\/strong>. Las personas mayores que viven en n\u00facleos familiares tienen un mayor grado de envejecimiento activo.<\/p>\n\n\n\n<figure class=\"wp-block-image size-large\"><img decoding=\"async\" width=\"1024\" height=\"549\" src=\"https:\/\/miresi.es\/blog\/wp-content\/uploads\/2022\/05\/grandfather-growing-organic-vegetables-with-grandc-2021-08-26-17-30-42-utc-1-1024x549.jpg\" alt=\"convivencia-ancianos\" class=\"wp-image-15775\" srcset=\"https:\/\/miresiblog.imgix.net\/uploads\/2022\/05\/grandfather-growing-organic-vegetables-with-grandc-2021-08-26-17-30-42-utc-1-scaled.jpg?auto=format%2Ccompress&fit=crop&h=549&ixlib=php-3.3.0&w=1024&s=0a25f7e9c18b699a11aba1f7849b426f 1024w, https:\/\/miresiblog.imgix.net\/uploads\/2022\/05\/grandfather-growing-organic-vegetables-with-grandc-2021-08-26-17-30-42-utc-1-scaled.jpg?auto=format%2Ccompress&fit=crop&h=161&ixlib=php-3.3.0&w=300&s=e851be91f94eb2a4542e419d7f6b76dc 300w, https:\/\/miresiblog.imgix.net\/uploads\/2022\/05\/grandfather-growing-organic-vegetables-with-grandc-2021-08-26-17-30-42-utc-1-scaled.jpg?auto=format%2Ccompress&fit=crop&h=412&ixlib=php-3.3.0&w=768&s=a65cc40fea65b5f446c55a9b1c765d13 768w, https:\/\/miresiblog.imgix.net\/uploads\/2022\/05\/grandfather-growing-organic-vegetables-with-grandc-2021-08-26-17-30-42-utc-1-scaled.jpg?auto=format%2Ccompress&fit=crop&h=824&ixlib=php-3.3.0&w=1536&s=55eecd6fe260ad36bb56adced9859809 1536w, https:\/\/miresiblog.imgix.net\/uploads\/2022\/05\/grandfather-growing-organic-vegetables-with-grandc-2021-08-26-17-30-42-utc-1-scaled.jpg?auto=format%2Ccompress&fit=crop&h=1099&ixlib=php-3.3.0&w=2048&s=bed4addbc968479ee7b6c3d9b195e8ec 2048w, https:\/\/miresiblog.imgix.net\/uploads\/2022\/05\/grandfather-growing-organic-vegetables-with-grandc-2021-08-26-17-30-42-utc-1-scaled.jpg?auto=format%2Ccompress&fit=crop&h=193&ixlib=php-3.3.0&w=360&s=0b14fd1797983b0278b7a8a6fc7eb1ea 360w, https:\/\/miresiblog.imgix.net\/uploads\/2022\/05\/grandfather-growing-organic-vegetables-with-grandc-2021-08-26-17-30-42-utc-1-scaled.jpg?auto=format%2Ccompress&ixlib=php-3.3.0&w=1118&s=5af184b7f27e3d1782919287c8bbc195 1118w\" sizes=\"(max-width: 1024px) 100vw, 1024px\" \/><figcaption>Convivir con familiares ancianos<\/figcaption><\/figure>\n\n\n\n<h2 class=\"wp-block-heading\">4. \u00bfQu\u00e9 debemos tener en cuenta antes de convivir con un familiar anciano?<\/h2>\n\n\n\n<h3 class=\"wp-block-heading\">4.1 Limitaciones del  anciano<\/h3>\n\n\n\n<p>Las personas mayores con dependencia tienen limitaciones f\u00edsicas. Antes de empezar a convivir con el familiar anciano, debemos saber<strong> cu\u00e1les son las limitaciones y trabajar para acabar con ellas.<\/strong><\/p>\n\n\n\n<p>Al hablar de bienestar, tambi\u00e9n debemos conocer cu\u00e1les son las<strong> limitaciones emocionales <\/strong>de nuestro ser querido. Como hemos comentado anteriormente, la vejez tambi\u00e9n tiene ciertas consecuencias negativas para nuestros sentimientos.<\/p>\n\n\n\n<p>Si el anciano convive contigo, podr\u00e9is trabajar la parte emocional con mayor facilidad. Las personas mayores que viven con sus familiares tienden a<strong> mejorar su estado de \u00e1nimo y su salud cognitiva.<\/strong><\/p>\n\n\n\n<h3 class=\"wp-block-heading\">4.2 Adaptar la casa para convivir con familiares ancianos<\/h3>\n\n\n\n<p>Cu\u00e1ndo convivimos con un anciano, <strong>debemos adaptar la casa para que sea segura<\/strong>. Las personas mayores tienen ciertas limitaciones f\u00edsicas.<strong> Debemos tener un hogar seguro<\/strong>, <strong>d\u00f3nde no haya riesgos<\/strong> o dificultades para el anciano.<\/p>\n\n\n\n<p>El riesgo de ca\u00edda es uno de los factores que debemos tener en cuenta. Un estudio de la <a href=\"https:\/\/www.who.int\/es\"  target=\"_blank\" rel=\"external nofollow\"  target=\"_blank\" rel=\"noreferrer noopener\" title=\"Organizaci\u00f3n Mundial de la Salud\"  class=\"wp-links-icon\">Organizaci\u00f3n Mundial de la Salud<\/a> ( OMS) revela que cada a\u00f1o mueren 68400 personas debido a ca\u00eddas. La mayor\u00eda de estas muertes se produc\u00eda en personas mayores de 60 a\u00f1os.<\/p>\n\n\n\n<p>Antes de que el familiar anciano conviva con vosotros, deb\u00e9is <strong>evaluar la vivienda y modificarla para que no haya riesgos<\/strong>.<\/p>\n\n\n\n<p>En resumen, debemos<strong> tener conciencia de las limitaciones f\u00edsicas de la persona y adaptar la casa a estas<\/strong>. Si tienes alguna duda, te recomendamos que consultes con alg\u00fan profesional para que hag\u00e1is una evaluaci\u00f3n individual del caso. En el an\u00e1lisis, el experto har\u00e1 un estudio de las limitaciones del anciano y posibles riesgos que podr\u00eda correr en la casa.<\/p>\n\n\n\n<h2 class=\"wp-block-heading\">5. Bienestar del familiar anciano en el hogar<\/h2>\n\n\n\n<p>Una vez adaptamos nuestra vivienda al anciano, debemos valorar <strong>qu\u00e9 podemos hacer para mejorar su calidad de vida<\/strong>. Las personas mayores deben ejercitarse con frecuencia y tener una dieta saludable. La tercera edad es una etapa en la que debemos llevar<strong> h\u00e1bitos que beneficien a nuestra salud<\/strong>.<\/p>\n\n\n\n<p>\u00a0Es muy importante que <strong>nuestros mayores cumplan una rutina teniendo en cuenta su bienestar f\u00edsico y menta<\/strong>l. De este modo, el paso de los a\u00f1os no tendr\u00e1 tanto peso y envejecer\u00e1n de la mejor manera posible.\u00a0<\/p>\n\n\n\n<p>Al hablar de h\u00e1bitos de vida saludable,<strong> debemos dar importancia a tres conceptos: la dieta, la actividad f\u00edsica y socializar.<\/strong> Nuestros mayores deben tener h\u00e1bitos enfocados a su salud que les ayuden a envejecer y que prevengan enfermedades de todo tipo, es b\u00e1sico evitar sedentarismos.<\/p>\n\n\n\n<h3 class=\"wp-block-heading\">5.1 Bienestar f\u00edsico del familiar anciano<\/h3>\n\n\n\n<p>La tercera edad tiene ciertas consecuencias sobre nuestro cuerpo. Aparecen nuevas limitaciones que la persona nunca hab\u00eda experimentado. Si queremos envejecer de la mejor manera posible, debemos fomentar el ejercicio f\u00edsico. Una <strong>rutina de entrenamiento constante nos ayudar\u00e1 a tener un organismo sano y evitar enfermedades<\/strong>.<\/p>\n\n\n\n<p>Los ejercicios f\u00edsicos enfocados a la tercera edad nos permitir\u00e1n <strong>mejorar nuestra psicomotricidad y fomentar el envejecimiento activo del anciano<\/strong>. El sedentarismo es un problema real para la tercera edad. El miedo a ca\u00eddas y las limitaciones f\u00edsicas son algunos de los motivos por los cu\u00e1les los ancianos no hacen ejercicio.\u00a0\u00a0<\/p>\n\n\n\n<h4 class=\"wp-block-heading\">5.1.1 Rutina de ejercicios con familiares ancianos<\/h4>\n\n\n\n<p>Existen muchas actividades f\u00edsicas enfocadas a la gente mayor. A lo largo del tiempo, en este blog hemos hablado de <a href=\"https:\/\/miresi.es\/blog\/gimnasia-en-la-tercera-edad\/\"  target=\"_blank\" rel=\"noreferrer noopener\"  target=\"_blank\" rel=\"noreferrer noopener\">gimnasia<\/a>, <a href=\"https:\/\/miresi.es\/blog\/el-mejor-yoga-para-mayores\/\"  target=\"_blank\" rel=\"noreferrer noopener\"  target=\"_blank\" rel=\"noreferrer noopener\">Yoga<\/a>, <a href=\"https:\/\/miresi.es\/blog\/aquagym-para-mayores\/\"  target=\"_blank\" rel=\"noreferrer noopener\"  target=\"_blank\" rel=\"noreferrer noopener\">Aquagym<\/a> y muchas otras opciones adaptadas a esta edad.<\/p>\n\n\n\n<p>Si vas a establecer una rutina de ejercicios para tu mayor.<strong> Es recomendable que contactes con alg\u00fan experto para que adapte el entrenamiento a las limitaciones y capacidades<\/strong> del anciano.<\/p>\n\n\n\n<p>Realizar ejercicio no solo es beneficioso para la mente. La Organizaci\u00f3n Mundial de la Salud (OMS) afirma que<strong> la actividad f\u00edsica es buena para la salud mental<\/strong>, nos ayuda a:<\/p>\n\n\n\n<ul class=\"wp-block-list\"><li>Reduce el riesgo de depresi\u00f3n y deterioro cognitivo<\/li><li>Retrasa la demencia<\/li><li>Mejora nuestro estado de \u00e1nimo<\/li><\/ul>\n\n\n\n<h3 class=\"wp-block-heading\">5.2 La dieta, importante para convivir con ancianos<\/h3>\n\n\n\n<p>La vejez provoca una serie de cambios en el organismo, algo que crea nuevas necesidades a nivel nutricional. Las personas de la <strong>tercera edad deben cuidar su dieta e ingerir los nutrientes que necesita su organismo<\/strong>.\u00a0<\/p>\n\n\n\n<figure class=\"wp-block-image size-large is-style-default\"><img decoding=\"async\" width=\"1024\" height=\"683\" src=\"https:\/\/miresi.es\/blog\/wp-content\/uploads\/2022\/05\/grandfather-growing-organic-vegetables-with-grandc-2021-08-26-17-31-31-utc-1-1024x683.jpg\" alt=\"\" class=\"wp-image-15783\" srcset=\"https:\/\/miresiblog.imgix.net\/uploads\/2022\/05\/grandfather-growing-organic-vegetables-with-grandc-2021-08-26-17-31-31-utc-1-scaled.jpg?auto=format%2Ccompress&fit=crop&h=683&ixlib=php-3.3.0&w=1024&s=e3eddbb52e16e93211652c01c77ae596 1024w, https:\/\/miresiblog.imgix.net\/uploads\/2022\/05\/grandfather-growing-organic-vegetables-with-grandc-2021-08-26-17-31-31-utc-1-scaled.jpg?auto=format%2Ccompress&fit=crop&h=200&ixlib=php-3.3.0&w=300&s=4474030960ea471abb0416e387ae307d 300w, https:\/\/miresiblog.imgix.net\/uploads\/2022\/05\/grandfather-growing-organic-vegetables-with-grandc-2021-08-26-17-31-31-utc-1-scaled.jpg?auto=format%2Ccompress&fit=crop&h=512&ixlib=php-3.3.0&w=768&s=8c2ff141bafbe65c0b195c2350c55eff 768w, https:\/\/miresiblog.imgix.net\/uploads\/2022\/05\/grandfather-growing-organic-vegetables-with-grandc-2021-08-26-17-31-31-utc-1-scaled.jpg?auto=format%2Ccompress&fit=crop&h=1024&ixlib=php-3.3.0&w=1536&s=93fe3e2294d908711509bd0ed367fa6b 1536w, https:\/\/miresiblog.imgix.net\/uploads\/2022\/05\/grandfather-growing-organic-vegetables-with-grandc-2021-08-26-17-31-31-utc-1-scaled.jpg?auto=format%2Ccompress&fit=crop&h=1365&ixlib=php-3.3.0&w=2048&s=389e9bfec12772f432a1a8813cfd6638 2048w, https:\/\/miresiblog.imgix.net\/uploads\/2022\/05\/grandfather-growing-organic-vegetables-with-grandc-2021-08-26-17-31-31-utc-1-scaled.jpg?auto=format%2Ccompress&fit=crop&h=240&ixlib=php-3.3.0&w=360&s=6fa3daa86b9faa81d035853854ea9dfd 360w, https:\/\/miresiblog.imgix.net\/uploads\/2022\/05\/grandfather-growing-organic-vegetables-with-grandc-2021-08-26-17-31-31-utc-1-scaled.jpg?auto=format%2Ccompress&ixlib=php-3.3.0&w=900&s=4a4b74077a354ef4e7fff1d5908c6e05 900w\" sizes=\"(max-width: 1024px) 100vw, 1024px\" \/><figcaption>Convivir con familiares ancianos puede suponer una lecci\u00f3n de vida<\/figcaption><\/figure>\n\n\n\n<p><strong>Somos lo que comemos<\/strong>, es por eso que en miResi os traemos informaci\u00f3n importante sobre la nutrici\u00f3n durante la vejez:<\/p>\n\n\n\n<h4 class=\"wp-block-heading\">\u00a05.2.1. Dietas saludables para el d\u00eda a d\u00eda.<\/h4>\n\n\n\n<p>La nutrici\u00f3n en la tercera edad juega un papel fundamental, su rutina debe contener todo tipo de alimentos. La dieta puede aportar diferentes beneficios para las personas mayores, alimentos que <strong>ayuden a su energ\u00eda, protejan enfermedades <\/strong>y que les ayude en cuanto a regenerar c\u00e9lulas del organismo.\u00a0<\/p>\n\n\n\n<h5 class=\"wp-block-heading\">5.2.1.1. Alimentos con valor energ\u00e9tico<\/h5>\n\n\n\n<p>\u00a0Los <strong>alimentos que aporten valor energ\u00e9tico<\/strong> ser\u00e1n muy beneficiosos en las rutinas de los mayores, a veces hay una latente falta de energ\u00eda en estas edades. Para evitar este tipo de problemas, <strong>debemos optar por alimentos como grasas, cereales y aceite<\/strong>. Estos ser\u00e1n clave para que las personas se sientan con energ\u00eda y tengan fuerza para realizar sus actividades.\u00a0<\/p>\n\n\n\n<h5 class=\"wp-block-heading\">5.2.1.2 Alimentos que previenen enfermedades<\/h5>\n\n\n\n<p>\u00a0Los <strong>alimentos que protegen de enfermedade<\/strong>s son b\u00e1sicos para las personas mayores, el paso del tiempo debilita nuestro organismo y aparecen enfermedades. La ingesta de alimentos como <strong>verduras y frutas<\/strong> nos ayudar\u00e1n a evitar este tipo de problemas tan presentes durante la vejez.<\/p>\n\n\n\n<h5 class=\"wp-block-heading\">5.2.1.3 Alimentos que ayudan a la regeneraci\u00f3n celular<\/h5>\n\n\n\n<p>La <strong>regeneraci\u00f3n celular es un proceso con el que renovamos o sustituimos nuestras c\u00e9lulas, tejidos e in<\/strong>cluso \u00f3rganos. Durante la tercera edad, es clave tener en cuenta esta regeneraci\u00f3n celular. Debemos consumir ciertos alimentos que fomentan esta \u201cactualizaci\u00f3n\u201d del organismo. Para cumplir con esta funci\u00f3n, podemos <strong>ingerir alimentos como carne, pescado, l\u00e1cteos, huevos.<\/strong><\/p>\n\n\n\n<p>Al hablar de <strong>h\u00e1bitos de vida saludable, la nutrici\u00f3n es un pilar clave<\/strong>. Las personas mayores deben seguir una serie de pautas alimenticias para envejecer mejor y evitar posibles enfermedades patol\u00f3gicas debido a la edad.\u00a0<\/p>\n\n\n\n<p>Los alimentos con mucho alimento energ\u00e9tico, los que previenen enfermedades y los que ayudan a la regeneraci\u00f3n celular. Son vitales para mantener una<strong> dieta adecuada a las personas que est\u00e1n en la tercera edad<\/strong>. Aceptar que has llegado a la tercera edad y empezar a seguir estos pasos no implica nada negativo, es importante cuidarse y seguir viviendo de la misma manera.<strong> La edad es tan solo un n\u00famero<\/strong> <strong>si te cuidas bien.<\/strong><\/p>\n\n\n\n<h3 class=\"wp-block-heading\">5.3. Bienestar emocional para convivir con tu familiar anciano<\/h3>\n\n\n\n<p>La vejez puede provocarnos una serie de <strong>pensamientos negativos que afecten a nuestro estado emocional<\/strong>. Esto ocurre principalmente en las primeras etapas de la vejez, debido a nuevos problemas f\u00edsicos, sentimiento de soledad, aburrimiento, etc.<\/p>\n\n\n\n<p><strong>La compa\u00f1\u00eda es el mejor remedio para lograr el bienestar emocional<\/strong> <strong>de nuestros ancianos<\/strong>. Si la persona vive en un n\u00facleo familiar, estar\u00e1 en contacto con personas de otras edades, algo muy bueno para sus emociones.<\/p>\n\n\n\n<p>Est\u00e1 demostrado que<strong> el bienestar emocional influye en nuestra salud cognitiva.<\/strong> Nuestros mayores deben estar en <strong>espacios d\u00f3nde haya positividad y se fomente la interacci\u00f3n <\/strong>entre personas. Como ser\u00eda el caso de una residencia.<\/p>\n\n\n\n<div class=\"wp-block-buttons is-layout-flex wp-block-buttons-is-layout-flex\">\n<div class=\"wp-block-button aligncenter\"><a href=\"https:\/\/miresi.es\/buscador\/\"  rel=\"noreferrer noopener\"  rel=\"noreferrer noopener\">ENCUENTRA RESIDENCIA<\/a><\/div>\n<\/div>\n\n\n\n<h2 class=\"wp-block-heading\">6. Centros de d\u00eda para familiares<\/h2>\n\n\n\n<p><strong>A veces no podemos suplir todas las necesidades de nuestro ser querido<\/strong>. El alto ritmo de vida y las exigencias laborales pueden hacer que no estemos disponibles para nuestro ser querido durante todas las horas del d\u00eda.<\/p>\n\n\n\n<p>Por eso en miResi, queremos traerte algunos <strong>centros de d\u00eda<\/strong>, <strong>d\u00f3nde los ancianos podr\u00e1n realizar actividades y ser\u00e1n atendidos<\/strong> durante el d\u00eda:<\/p>\n\n\n\n<h3 class=\"wp-block-heading\">6.1 Centro De D\u00eda Stima Embajadores<\/h3>\n\n\n\n<div class=\"wp-block-image\"><figure class=\"aligncenter size-full\"><img decoding=\"async\" width=\"800\" height=\"600\" src=\"https:\/\/miresi.es\/blog\/wp-content\/uploads\/2022\/05\/UNADJUSTEDNONRAW_thumb_11c40-Pablo-Sole-1.jpg\" alt=\"\" class=\"wp-image-15746\" srcset=\"https:\/\/miresiblog.imgix.net\/uploads\/2022\/05\/UNADJUSTEDNONRAW_thumb_11c40-Pablo-Sole-1.jpg?auto=format%2Ccompress&ixlib=php-3.3.0&w=800&s=0198b2a1c133da88af6bd36e0e7c8717 800w, https:\/\/miresiblog.imgix.net\/uploads\/2022\/05\/UNADJUSTEDNONRAW_thumb_11c40-Pablo-Sole-1.jpg?auto=format%2Ccompress&fit=crop&h=225&ixlib=php-3.3.0&w=300&s=bb66a5ebbabac83bb693bd8c511180a9 300w, https:\/\/miresiblog.imgix.net\/uploads\/2022\/05\/UNADJUSTEDNONRAW_thumb_11c40-Pablo-Sole-1.jpg?auto=format%2Ccompress&fit=crop&h=576&ixlib=php-3.3.0&w=768&s=8278e9f6783f59b0d7b33f3d8c73064b 768w, https:\/\/miresiblog.imgix.net\/uploads\/2022\/05\/UNADJUSTEDNONRAW_thumb_11c40-Pablo-Sole-1.jpg?auto=format%2Ccompress&fit=crop&h=270&ixlib=php-3.3.0&w=360&s=98f283153958989c5afd7335fc825e9f 360w\" sizes=\"(max-width: 800px) 100vw, 800px\" \/><figcaption>Centro de D\u00eda Stima Embajadores<\/figcaption><\/figure><\/div>\n\n\n\n<p><a href=\"https:\/\/miresi.es\/centros-de-dia-madrid\/madrid\/centro-de-dia-stima-embajadores\/\"  target=\"_blank\" rel=\"noreferrer noopener\" title=\"Centro De D\u00eda Stim\"  target=\"_blank\" rel=\"noreferrer noopener\" title=\"Centro De D\u00eda Stim\">Centro De D\u00eda Stim<\/a><a href=\"https:\/\/miresi.es\/centros-de-dia-madrid\/madrid\/centro-de-dia-stima-embajadores\/\"  target=\"_blank\" rel=\"noreferrer noopener\" title=\"a Embajadores\"  target=\"_blank\" rel=\"noreferrer noopener\" title=\"a Embajadores\">a Embajadores<\/a> dispone de un establecimiento con unas instalaciones modernas y amplias, altos techos y generosos ventanales. Esta ubicado en una zona muy tranquila, pero con un r\u00e1pido<strong> acceso desde la Calle Embajadores<\/strong>.<\/p>\n\n\n\n<p>Dispone de 2 amplias salas para llevar a cabo todo tipo de actividades, una sala de gimnasia totalmente equipada de grandes dimensiones y una sala de estimulaci\u00f3n multisensorial, que lo convierte en el primer centro de d\u00eda en Madrid con una sala de estas caracter\u00edsticas. Para aquellos de nuestros usuarios amantes de la flora, disponen tambi\u00e9n de un peque\u00f1o huerto urbano para no dejar de lado el contacto con la tierra.<\/p>\n\n\n\n<h3 class=\"wp-block-heading\">6.2 Centro De D\u00eda Col\u00f2nia G\u00fcell ( Barcelona)<\/h3>\n\n\n\n<div class=\"wp-block-image\"><figure class=\"aligncenter size-full\"><img decoding=\"async\" width=\"800\" height=\"533\" src=\"https:\/\/miresi.es\/blog\/wp-content\/uploads\/2022\/05\/Residencia-Colonia-Guell-1-1.jpg\" alt=\"\" class=\"wp-image-15758\" srcset=\"https:\/\/miresiblog.imgix.net\/uploads\/2022\/05\/Residencia-Colonia-Guell-1-1.jpg?auto=format%2Ccompress&ixlib=php-3.3.0&w=800&s=141fb3d3e7d72933d4ffb4baeccf0158 800w, https:\/\/miresiblog.imgix.net\/uploads\/2022\/05\/Residencia-Colonia-Guell-1-1.jpg?auto=format%2Ccompress&fit=crop&h=200&ixlib=php-3.3.0&w=300&s=3ed71c86e75ac28727b569021af6eeba 300w, https:\/\/miresiblog.imgix.net\/uploads\/2022\/05\/Residencia-Colonia-Guell-1-1.jpg?auto=format%2Ccompress&fit=crop&h=512&ixlib=php-3.3.0&w=768&s=5502709288aa08dc43f8fd96f895a5e3 768w, https:\/\/miresiblog.imgix.net\/uploads\/2022\/05\/Residencia-Colonia-Guell-1-1.jpg?auto=format%2Ccompress&fit=crop&h=240&ixlib=php-3.3.0&w=360&s=7580a4cfc2065dd3cc7183b1b5dfca9c 360w\" sizes=\"(max-width: 800px) 100vw, 800px\" \/><figcaption>Centro De D\u00eda Col\u00f2nia G\u00fcell<\/figcaption><\/figure><\/div>\n\n\n\n<p><a href=\"https:\/\/miresi.es\/barcelona\/barcelona\/residencial-colonia-guell\/\"  target=\"_blank\" rel=\"noreferrer noopener\" title=\"Centro De\"  target=\"_blank\" rel=\"noreferrer noopener\" title=\"Centro De\">Centro De<\/a><a href=\"https:\/\/miresi.es\/barcelona\/barcelona\/residencial-colonia-guell\/\"  target=\"_blank\" rel=\"noreferrer noopener\" title=\" D\u00eda Col\u00f2nia G\u00fcell\"  target=\"_blank\" rel=\"noreferrer noopener\" title=\" D\u00eda Col\u00f2nia G\u00fcell\"> D\u00eda Col\u00f2nia G\u00fcell<\/a> est\u00e1 situado justo detr\u00e1s de la <strong>Cripta de Gaud\u00ed, <\/strong>en un entorno privilegiado, rodeado de bosque y tranquilidad y a 20 min de Barcelona. Se puede llegar en coche con aparcamiento gratuito o venir en transporte p\u00fablico; los Ferrocarriles os dejan a 100 metros de la entrada principal.<\/p>\n\n\n\n<p>El centro dispone de diferentes zonas, repartidas en 3 unidades de convivencia, facilitando la comunicaci\u00f3n y el acompa\u00f1amiento a las personas atendidas seg\u00fan las necesidades de cada uno.<\/p>\n\n\n\n<h3 class=\"wp-block-heading\">6.3 Centro De D\u00eda Torreblanca ( Garrotxa)<\/h3>\n\n\n\n<div class=\"wp-block-image\"><figure class=\"aligncenter size-full\"><img decoding=\"async\" width=\"997\" height=\"642\" src=\"https:\/\/miresi.es\/blog\/wp-content\/uploads\/2022\/05\/Captura-de-pantalla-2022-05-13-111442-1.png\" alt=\"\" class=\"wp-image-15770\" srcset=\"https:\/\/miresiblog.imgix.net\/uploads\/2022\/05\/Captura-de-pantalla-2022-05-13-111442-1.png?auto=format%2Ccompress&ixlib=php-3.3.0&w=997&s=989bc8987c4a1c9715466b207498aabb 997w, https:\/\/miresiblog.imgix.net\/uploads\/2022\/05\/Captura-de-pantalla-2022-05-13-111442-1.png?auto=format%2Ccompress&fit=crop&h=193&ixlib=php-3.3.0&w=300&s=91c44a3acceb591d0eaa38da20e63b33 300w, https:\/\/miresiblog.imgix.net\/uploads\/2022\/05\/Captura-de-pantalla-2022-05-13-111442-1.png?auto=format%2Ccompress&fit=crop&h=495&ixlib=php-3.3.0&w=768&s=1cb068e258fd2bc401bbd4885b6a7a8d 768w, https:\/\/miresiblog.imgix.net\/uploads\/2022\/05\/Captura-de-pantalla-2022-05-13-111442-1.png?auto=format%2Ccompress&fit=crop&h=232&ixlib=php-3.3.0&w=360&s=4ce75d6d67d0f6ff0c73169807890d8d 360w\" sizes=\"(max-width: 997px) 100vw, 997px\" \/><\/figure><\/div>\n\n\n\n<p><a href=\"https:\/\/miresi.es\/girona\/sant-joan-les-fonts\/centro-residencial-torreblanca\/\"  target=\"_blank\" rel=\"noreferrer noopener\" title=\"Centro De D\u00eda Torreblanca \"  target=\"_blank\" rel=\"noreferrer noopener\" title=\"Centro De D\u00eda Torreblanca \">Centro De D\u00eda Torreblanca <\/a>est\u00e1 situado en el municipio de Sant Joan les Fonts, en la comarca de la Garrotxa. El edificio se encuentra ubicado en un barrio residencial y tranquilo, rodeado de un entorno agr\u00edcola y rural de gran inter\u00e9s natural.<\/p>\n\n\n\n<p>A lo largo de los a\u00f1os, el centro ha vivido una gran transformaci\u00f3n con el fin de ampliar y acondicionar sus espacios, mejorando las instalaciones y dot\u00e1ndolo de mayores equipamientos y recursos para dar un mayor confort a las personas que viven en \u00e9l.<\/p>\n\n\n\n<p>La forma de trabajar del equipo multidisciplinar de Torreblanca, asegura un buen acompa\u00f1amiento tanto a la persona residente como a la familia en esta decisi\u00f3n tan importante que suele generar dudas. Por ello tienen en cuenta todas las peque\u00f1as particularidades de cada persona.<\/p>\n\n\n\n<p>En <a href=\"https:\/\/miresi.es\/buscador\/\"  rel=\"noreferrer noopener\" title=\"miResi\"  rel=\"noreferrer noopener\" title=\"miResi\">miResi<\/a>,<strong> queremos mejorar la calidad de vida de los ancianos y sus familias<\/strong>. Sabemos de la importancia que tiene esta bonita etapa de la vida, por eso queremos darte todos los consejos y facilidades posibles.<\/p>\n\n\n\n<p>Si tienes alguna duda acerca de residencias o cuidados, no dudes en contactar con nosotros, estaremos encantados de ayudarte.<\/p>\n\n\n\n<p class=\"has-small-font-size\">Bibliograf\u00eda:<\/p>\n\n\n\n<ul class=\"has-small-font-size wp-block-list\"><li>Organizaci\u00f3n Mundial de la Salud ( OMS): <a href=\"https:\/\/www.who.int\/health-topics\/\"  target=\"_blank\" rel=\"external nofollow\"  target=\"_blank\" rel=\"noreferrer noopener\" title=\"\"  class=\"wp-links-icon\">https:\/\/www.who.int\/es\/news-room\/campains\/connecting<\/a><\/li><li>DKV: <a href=\"https:\/\/quierocuidarme.dkv.es\/salud-para-mayores\"  target=\"_blank\" rel=\"external nofollow\"  target=\"_blank\" rel=\"noreferrer noopener\"  class=\"wp-links-icon\">https:\/\/quierocuidarme.dkv.es\/salud-para-mayores<\/a><\/li><li>Cl\u00ednica Universidad de Navarra: <a href=\"https:\/\/www.cun.es\/chequeos-salud\/vida-sana\/nutricion\/dieta-anciano\"  target=\"_blank\" rel=\"external nofollow\"   class=\"wp-links-icon\">https:\/\/www.cun.es\/chequeos-salud\/vida-sana\/nutricion\/dieta-anciano<\/a><\/li><\/ul>\n\n\n\n<p><\/p>\n<div style='text-align:center' class='yasr-auto-insert-visitor'><!--Yasr Visitor Votes Shortcode--><div id='yasr_visitor_votes_2e96162bfcae5' class='yasr-visitor-votes'><div class=\"yasr-custom-text-vv-before yasr-custom-text-vv-before-15701\">\u00a1Haz clic para puntuar esta entrada!<\/div><div id='yasr-vv-second-row-container-2e96162bfcae5'\r\n                                        class='yasr-vv-second-row-container'><div id='yasr-visitor-votes-rater-2e96162bfcae5'\r\n                                      class='yasr-rater-stars-vv'\r\n                                      data-rater-postid='15701'\r\n                                      data-rating='0'\r\n                                      data-rater-starsize='32'\r\n                                      data-rater-readonly='false'\r\n                                      data-rater-nonce='df9b54cd3f'\r\n                                      data-issingular='false'\r\n                                    ><\/div><div class=\"yasr-vv-stats-text-container\" id=\"yasr-vv-stats-text-container-2e96162bfcae5\"><svg xmlns=\"https:\/\/www.w3.org\/2000\/svg\" width=\"20\" height=\"20\"\r\n                                   class=\"yasr-dashicons-visitor-stats\"\r\n                                   data-postid=\"15701\"\r\n                                   id=\"yasr-stats-dashicon-2e96162bfcae5\">\r\n                                   <path d=\"M18 18v-16h-4v16h4zM12 18v-11h-4v11h4zM6 18v-8h-4v8h4z\"><\/path>\r\n                               <\/svg><span id=\"yasr-vv-text-container-2e96162bfcae5\" class=\"yasr-vv-text-container\"> (Votos: <span id=\"yasr-vv-votes-number-container-2e96162bfcae5\">0<\/span>  Promedio: <span id=\"yasr-vv-average-container-2e96162bfcae5\">0<\/span>)<\/span><\/div><div id='yasr-vv-loader-2e96162bfcae5' class='yasr-vv-container-loader'><\/div><\/div><div id='yasr-vv-bottom-container-2e96162bfcae5'\r\n                              class='yasr-vv-bottom-container'\r\n                              style='display:none'><\/div><\/div><!--End Yasr Visitor Votes Shortcode--><\/div>","protected":false},"excerpt":{"rendered":"<p>La tercera edad es una bonita etapa, por eso en miResi queremos que tengas toda&#8230;<\/p>\n","protected":false},"author":14,"featured_media":15779,"comment_status":"open","ping_status":"open","sticky":false,"template":"","format":"standard","meta":{"yasr_overall_rating":0,"yasr_post_is_review":"","yasr_auto_insert_disabled":"","yasr_review_type":"","footnotes":""},"categories":[386,385],"tags":[286,31],"class_list":["post-15701","post","type-post","status-publish","format-standard","has-post-thumbnail","hentry","category-bienestar","category-relaciones","tag-bienestar-personas-mayores","tag-salud-en-la-vejez"],"yasr_visitor_votes":{"stars_attributes":{"read_only":false,"span_bottom":false},"number_of_votes":0,"sum_votes":0},"_links":{"self":[{"href":"https:\/\/miresi.es\/blog\/wp-json\/wp\/v2\/posts\/15701","targetHints":{"allow":["GET"]}}],"collection":[{"href":"https:\/\/miresi.es\/blog\/wp-json\/wp\/v2\/posts"}],"about":[{"href":"https:\/\/miresi.es\/blog\/wp-json\/wp\/v2\/types\/post"}],"author":[{"embeddable":true,"href":"https:\/\/miresi.es\/blog\/wp-json\/wp\/v2\/users\/14"}],"replies":[{"embeddable":true,"href":"https:\/\/miresi.es\/blog\/wp-json\/wp\/v2\/comments?post=15701"}],"version-history":[{"count":18,"href":"https:\/\/miresi.es\/blog\/wp-json\/wp\/v2\/posts\/15701\/revisions"}],"predecessor-version":[{"id":24668,"href":"https:\/\/miresi.es\/blog\/wp-json\/wp\/v2\/posts\/15701\/revisions\/24668"}],"wp:featuredmedia":[{"embeddable":true,"href":"https:\/\/miresi.es\/blog\/wp-json\/wp\/v2\/media\/15779"}],"wp:attachment":[{"href":"https:\/\/miresi.es\/blog\/wp-json\/wp\/v2\/media?parent=15701"}],"wp:term":[{"taxonomy":"category","embeddable":true,"href":"https:\/\/miresi.es\/blog\/wp-json\/wp\/v2\/categories?post=15701"},{"taxonomy":"post_tag","embeddable":true,"href":"https:\/\/miresi.es\/blog\/wp-json\/wp\/v2\/tags?post=15701"}],"curies":[{"name":"wp","href":"https:\/\/api.w.org\/{rel}","templated":true}]}}