{"id":16237,"date":"2022-06-04T10:03:00","date_gmt":"2022-06-04T09:03:00","guid":{"rendered":"https:\/\/miresi.es\/blog\/?p=16237"},"modified":"2026-04-23T18:06:22","modified_gmt":"2026-04-23T17:06:22","slug":"normativa-de-residencias-en-cataluna","status":"publish","type":"post","link":"https:\/\/miresi.es\/blog\/normativa-de-residencias-en-cataluna\/","title":{"rendered":"Gu\u00eda Completa 2023: Normativa de Residencias en Catalu\u00f1a"},"content":{"rendered":"\n<p>Conocer los derechos y obligaciones de cada usuario es fundamental. En el caso de los mayores, los familiares deben hacerse cargo de este conocimiento. Pero el lenguaje jur\u00eddico y legislativo puede ser una barrera a la hora de conocer los derechos. Por eso, desde <a href=\"https:\/\/miresi.es\/buscador\/?utm_source=blog\"  rel=\"noreferrer noopener\" title=\"miResi\"  rel=\"noreferrer noopener\" title=\"miResi\">miResi<\/a> te resumimos la normativa de residencias de ancianos en la Comunidad Valenciana.<\/p>\n\n\n\n<p>La normativa que regula esta actividad se rige por el <strong>decreto 92\/2002.<\/strong><\/p>\n\n\n\n<div class=\"wp-block-buttons is-layout-flex wp-block-buttons-is-layout-flex\">\n<div class=\"wp-block-button aligncenter\"><a href=\"https:\/\/miresi.es\/buscador\/?utm_source=blog\"  rel=\"noreferrer noopener\"  rel=\"noreferrer noopener\">P\u00eddenos consejo gratuito<\/a><\/div>\n<\/div>\n\n\n\n<p style=\"font-size:10px\"><\/p>\n\n\n\n<h2 class=\"wp-block-heading\"><strong>1. Derechos<\/strong><\/h2>\n\n\n\n<p>Las familias y los mayores necesitan la garant\u00eda de saber que <strong>sus derechos van a estar reconocidos.<\/strong> De la misma forma, los centros residenciales necesitan tener seguridades legales para desarrollar su actividad.<\/p>\n\n\n\n<h3 class=\"wp-block-heading\"><strong>1.1. Derechos de las residencias<\/strong><\/h3>\n\n\n\n<p>Las residencias tienen <strong>reconocidos los derechos a no continuar prestando servicio a aquellas personas que desobedezcan el reglamento p\u00fablico<\/strong>. Ocurre lo mismo cuando <strong>los pagos dejan de realizarse<\/strong>.<\/p>\n\n\n\n<p>Las residencias tienen el <strong>derecho a expulsar a un residente<\/strong> en los siguientes casos:<\/p>\n\n\n\n<ol class=\"wp-block-list\">\n<li>Cuando el residente deba ser <strong>sancionado por una actitud <\/strong>que dificulte la vida en comunidad.<\/li>\n\n\n\n<li><strong>No respetar el reglamento<\/strong> publicado del centro.<\/li>\n<\/ol>\n\n\n\n<p>En este momento, se desarrolla todo un <strong>proceso judicial<\/strong> iniciado con un <strong>expediente<\/strong> que se estudiar\u00e1 para tramitar la expulsi\u00f3n.<\/p>\n\n\n\n<h3 class=\"wp-block-heading\"><strong>1.2. Derechos de los residentes<\/strong><\/h3>\n\n\n\n<p>Los principales <strong>derechos<\/strong> reconocidos a los residentes son:<\/p>\n\n\n\n<ol class=\"wp-block-list\">\n<li>La <strong>atenci\u00f3n particular <\/strong>a cada paciente.<\/li>\n\n\n\n<li>Derecho a la<strong> gesti\u00f3n de los datos de forma privada <\/strong>y a la <strong>intimidad<\/strong>.<\/li>\n\n\n\n<li>La promoci\u00f3n de la <strong>participaci\u00f3n<\/strong> en las actividades del centro.<\/li>\n\n\n\n<li>Asegurarse <strong>cuidados, alimentaci\u00f3n y manutenci\u00f3n.<\/strong><\/li>\n\n\n\n<li>Poder optar a la <strong>formaci\u00f3n<\/strong> y <strong>promoci\u00f3n cultural e intelectual.<\/strong><\/li>\n\n\n\n<li>Ser conocedor del <strong>reglamento<\/strong>.<\/li>\n\n\n\n<li><strong>Saber el precio <\/strong>de los servicios antes de pagar.<\/li>\n\n\n\n<li>Derecho a imponer <strong>quejas y reclamaciones<\/strong> a la administraci\u00f3n del centro residencial.<\/li>\n\n\n\n<li><strong>Abandonar<\/strong> la residencia libremente (o cuando lo deseen sus familiares en caso de dependencia o incapacidad).<\/li>\n\n\n\n<li>Que la residencia figure como <strong>domicilio propio del mayor<\/strong> a nivel legal.<\/li>\n<\/ol>\n\n\n<div class=\"wp-block-image\">\n<figure class=\"aligncenter size-large\"><img decoding=\"async\" width=\"1024\" height=\"576\" src=\"https:\/\/miresi.es\/blog\/wp-content\/uploads\/2022\/06\/hospital-bed-and-wheelchair-at-hospital-room-2021-09-03-19-40-56-utc-1024x576.jpg\" alt=\"Centro que cumple la normativa de residencias de Catalu\u00f1a\" class=\"wp-image-16238\" srcset=\"https:\/\/miresiblog.imgix.net\/uploads\/2022\/06\/hospital-bed-and-wheelchair-at-hospital-room-2021-09-03-19-40-56-utc-scaled.jpg?auto=format%2Ccompress&fit=crop&h=576&ixlib=php-3.3.0&w=1024&s=2f52dfb865680ec32445a5f8762f5c7b 1024w, https:\/\/miresiblog.imgix.net\/uploads\/2022\/06\/hospital-bed-and-wheelchair-at-hospital-room-2021-09-03-19-40-56-utc-scaled.jpg?auto=format%2Ccompress&fit=crop&h=169&ixlib=php-3.3.0&w=300&s=4add81e78f4cc34e6514512bc5be24b7 300w, https:\/\/miresiblog.imgix.net\/uploads\/2022\/06\/hospital-bed-and-wheelchair-at-hospital-room-2021-09-03-19-40-56-utc-scaled.jpg?auto=format%2Ccompress&fit=crop&h=432&ixlib=php-3.3.0&w=768&s=7f9e48844fd242700668088ae0dc2e1f 768w, https:\/\/miresiblog.imgix.net\/uploads\/2022\/06\/hospital-bed-and-wheelchair-at-hospital-room-2021-09-03-19-40-56-utc-scaled.jpg?auto=format%2Ccompress&fit=crop&h=864&ixlib=php-3.3.0&w=1536&s=d37a81a22291dabe6a4c6e16fb567b77 1536w, https:\/\/miresiblog.imgix.net\/uploads\/2022\/06\/hospital-bed-and-wheelchair-at-hospital-room-2021-09-03-19-40-56-utc-scaled.jpg?auto=format%2Ccompress&fit=crop&h=1152&ixlib=php-3.3.0&w=2048&s=73a63d0ad61d67afda08799c030d34f8 2048w, https:\/\/miresiblog.imgix.net\/uploads\/2022\/06\/hospital-bed-and-wheelchair-at-hospital-room-2021-09-03-19-40-56-utc-scaled.jpg?auto=format%2Ccompress&fit=crop&h=203&ixlib=php-3.3.0&w=360&s=b3a987473e6662e9cb4f1db76b39d2cd 360w, https:\/\/miresiblog.imgix.net\/uploads\/2022\/06\/hospital-bed-and-wheelchair-at-hospital-room-2021-09-03-19-40-56-utc-scaled.jpg?auto=format%2Ccompress&ixlib=php-3.3.0&w=1067&s=589b6559d2b8c8b51b62470485199142 1067w\" sizes=\"(max-width: 1024px) 100vw, 1024px\" \/><figcaption class=\"wp-element-caption\">Las residencias est\u00e1n sujetas a una serie de obligaciones y derechos<\/figcaption><\/figure>\n<\/div>\n\n\n<h2 class=\"wp-block-heading\"><strong>2. Obligaciones<\/strong><\/h2>\n\n\n\n<p>Para <strong>disfrutar de derechos, los usuarios y los profesionales <\/strong>deben respetar una serie de normas que incentiven la convivencia y el entendimiento.<\/p>\n\n\n\n<h3 class=\"wp-block-heading\"><strong>2.1. Obligaciones de las residencias<\/strong><\/h3>\n\n\n\n<p>La directiva de los centros y sus profesionales deben acogerse a una serie de obligaciones. De no ser as\u00ed,<strong> la administraci\u00f3n p\u00fablica tiene la potestad de cesar su actividad.<\/strong><\/p>\n\n\n\n<p>Estas <strong>obligaciones<\/strong> son las siguientes:<\/p>\n\n\n\n<ol class=\"wp-block-list\">\n<li>Los centros deben <strong>tener en cuenta los derechos de las personas<\/strong> que residen en ellos y respetarlos.<\/li>\n\n\n\n<li>Deben disponer de un <strong>libro de registro<\/strong> con los datos de los usuarios que ingresan en el centro (datos de identificaci\u00f3n, datos de ingreso, acuerdo comercial firmado, datos sanitarios,\u2026).<\/li>\n\n\n\n<li><strong>Datos financieros <\/strong>con el estado de las cuentas del centro.<\/li>\n\n\n\n<li><strong>Ficha con el precio<\/strong> de los servicios a la vista de los mayores, sus familias y el p\u00fablico general.<\/li>\n\n\n\n<li>Tendr\u00e1n que colocar en lugar p\u00fablico, accesible y visible el <strong>manual con la normativa interna<\/strong> del centro residencial.<\/li>\n\n\n\n<li>Ser\u00e1 obligatorio contar con un <strong>fichero con los datos sociosanitario.<\/strong><\/li>\n\n\n\n<li>Contar con un <strong>r\u00e9gimen de visitas estable<\/strong>, pero flexible (con un m\u00ednimo de 10 horas semanales).<\/li>\n\n\n\n<li>Informe positivo sobre las <strong>condiciones higi\u00e9nicosanitarias y de seguridad del centro.<\/strong><\/li>\n<\/ol>\n\n\n\n<p>Los <strong>servicios<\/strong> que est\u00e1n obligados a ofrecer los centros son estos:<\/p>\n\n\n\n<ol class=\"wp-block-list\">\n<li><strong>Acogida y alojamiento.<\/strong><\/li>\n\n\n\n<li><strong>Programa de alimentaci\u00f3n diaria <\/strong>que tenga en cuenta las necesidades de cada usuario y establezca una dieta equilibrada.<\/li>\n\n\n\n<li>Actividades que <strong>estimulen el ocio y la convivencia<\/strong> entre residentes.<\/li>\n\n\n\n<li>Un servicio de <strong>asistencia m\u00e9dica <\/strong>durante toda su estancia.<\/li>\n\n\n\n<li>Departamento de <strong>enfermer\u00eda y farmacolog\u00eda.<\/strong><\/li>\n\n\n\n<li>Profesionales del campo del<strong> trabajo social<\/strong> y de la <strong>terapia ocupacional.<\/strong><\/li>\n\n\n\n<li>Servicios de <strong>mantenimiento y limpieza <\/strong>de las instalaciones.<\/li>\n\n\n\n<li>Departamento de <strong>rehabilitaci\u00f3n<\/strong>.<\/li>\n<\/ol>\n\n\n\n<h3 class=\"wp-block-heading\"><strong>2.2. Obligaciones de los residentes<\/strong><\/h3>\n\n\n\n<p>Los residentes deben cumplir una serie de <strong>requisitos para ser aceptados en una residencia.<\/strong><\/p>\n\n\n\n<ul class=\"wp-block-list\">\n<li>Tener <strong>m\u00e1s de 65 a\u00f1os<\/strong> (o tener 60 y ser pensionista).<\/li>\n\n\n\n<li>No estar <strong>incapacitado<\/strong> ni personas con una dependencia severa.<\/li>\n\n\n\n<li>Firma del <strong>contrato<\/strong> con el centro aceptando las condiciones.<\/li>\n\n\n\n<li><strong>Aceptaci\u00f3n t\u00e1cita del reglamento<\/strong> del centro residencial.<\/li>\n<\/ul>\n\n\n\n<p>Aportar los siguientes <strong>documentos<\/strong>:<\/p>\n\n\n\n<ol class=\"wp-block-list\">\n<li><strong>DNI<\/strong> del solicitante de plaza y su representante (en caso de tenerlo).<\/li>\n\n\n\n<li><strong>Sentencia judicial <\/strong>que demuestre la incapacitaci\u00f3n (solo en caso de que el mayor est\u00e9 sujeto a una incapacitaci\u00f3n).<\/li>\n\n\n\n<li><strong>Datos de car\u00e1cter personal <\/strong>como el nombre y los apellidos.<\/li>\n\n\n\n<li><strong>N\u00famero de la Seguridad Social<\/strong> o S.I.P. (con fotocopia de la cartilla).<\/li>\n\n\n\n<li><strong>Datos financieros.<\/strong><\/li>\n\n\n\n<li><strong>Informe social <\/strong>expedido por un trabajador o trabajadora social.<\/li>\n\n\n\n<li>Una <strong>lista con los objetos personales<\/strong> que el mayor se lleva al centro.<\/li>\n\n\n\n<li><strong>Informe m\u00e9dico, historial cl\u00ednico y valoraci\u00f3n geri\u00e1trica de la persona mayor.<\/strong><\/li>\n\n\n\n<li>Informe con el grado de <strong>dependencia<\/strong> del mayor.<\/li>\n\n\n\n<li><strong>Plan Individualizado de Atenci\u00f3n (PIA).<\/strong><\/li>\n<\/ol>\n\n\n\n<div class=\"wp-block-buttons is-layout-flex wp-block-buttons-is-layout-flex\">\n<div class=\"wp-block-button aligncenter\"><a href=\"https:\/\/miresi.es\/buscador\/?utm_source=blog\"  rel=\"noreferrer noopener\"  rel=\"noreferrer noopener\">cons\u00faltanos gratis<\/a><\/div>\n<\/div>\n\n\n\n<h2 class=\"wp-block-heading\"><strong>3. Requisitos sobre material e instalaciones<\/strong><\/h2>\n\n\n\n<p>Los centros residenciales est\u00e1n en la obligaci\u00f3n de cumplir una serie de <strong>condiciones arquitect\u00f3nicas y de emplazamiento <\/strong>para poder operar con normalidad.<\/p>\n\n\n\n<p>El emplazamiento debe ser<strong> salubre y no peligroso<\/strong> (de la misma forma que el interior de los edificios debe cumplir con los m\u00ednimos de higiene, seguridad, iluminacion y\u00a0 ventilaci\u00f3n estipulados). El acceso a las residencias debe ser sencillo, por ello, las <strong>v\u00edas deben estar despejadas y ser lo suficientemente anchas<\/strong> (con una anchura m\u00ednima de 1\u20195 metros) como para que se pueda acceder en caso de emergencia.<\/p>\n\n\n\n<p><strong>Los espacios interiores deben encontrarse despejados<\/strong>, sin obst\u00e1culos que dificulten el movimiento o provoquen ca\u00eddas. Las salas deben estar proyectadas para evitar las aglomeraciones. Los centros tendr\u00e1n que disponer, como m\u00ednimo, de <strong>2 metros cuadrados por residente <\/strong>(siendo la superficie m\u00ednima de 20 metros cuadrados).<\/p>\n\n\n\n<p>Las escaleras contar\u00e1n con <strong>pasamanos<\/strong> (al igual que los pasillos y el interior de los ascensores) y estar\u00e1n dise\u00f1adas para que quepan, al menos, dos personas simult\u00e1neamente. Tambi\u00e9n se podr\u00e1 contar con <strong>ascensor<\/strong>, siempre que este tenga una medidas m\u00ednimas de 1\u20192 metros por 2\u20191. Mientras que las paredes deben tener una altura m\u00ednima de 2 metros.<\/p>\n\n\n\n<p><strong>Las dependencias<\/strong> con las que deben contar las residencias son las siguientes:<\/p>\n\n\n\n<ol class=\"wp-block-list\">\n<li><strong>Sala de rehabilitaci\u00f3n<\/strong> (con tantos metros cuadrados como residentes haya en el centro, siendo el m\u00ednimo de 50 metros cuadrados). Los profesionales deben contar con paralelas, escalera, espejo, rueda, escalera de dedos y poleas.<\/li>\n\n\n\n<li>Espacio para tratamientos de <strong>terapia ocupacional<\/strong> (con una superficie m\u00ednima de 25 metros cuadrados).<\/li>\n\n\n\n<li>Espacio de <strong>farmacia y almac\u00e9n de medicamentos.<\/strong><\/li>\n\n\n\n<li><strong>Ba\u00f1os y duchas adaptadas <\/strong>(1 para cada 8 camas).<\/li>\n\n\n\n<li><strong>Habitaciones<\/strong> con armarios individuales, asientos para familiares, sistemas de aviso en caso de emergencia, control de enfermer\u00eda en cada planta y camas (1 o 2 por habitaci\u00f3n, siendo la superficie m\u00ednima por cada cama de 9 metros cuadrados).<\/li>\n\n\n\n<li>Unidad de <strong>enfermer\u00eda<\/strong> en cada planta.<\/li>\n\n\n\n<li><strong>Almacenes<\/strong>.<\/li>\n\n\n\n<li>Espacios multifunci\u00f3n, como <strong>salas comunes, salas de estar o estancias de ocio <\/strong>(con una superficie m\u00ednima de 3 metros cuadrados por residente).<\/li>\n\n\n\n<li><strong>Aseos comunes<\/strong> (1 por cada 25 mayores).<\/li>\n\n\n\n<li><strong>Mortuorio<\/strong> con acceso separado del principal.<\/li>\n\n\n\n<li><strong>Cocina y comedor<\/strong> (con c\u00e1mara frigor\u00edfica, contenedores y salida directa al exterior). La superficie ser\u00e1 como m\u00ednimo de 12\u20195 metros cuadrados en caso de tener 25 residentes o m\u00e1s (sum\u00e1ndose 0\u20195 por cada residente de m\u00e1s).<\/li>\n\n\n\n<li><strong>Lavander\u00eda<\/strong>.<\/li>\n\n\n\n<li><strong>Centros sociosanitarios <\/strong>con salas de RX y laboratorios.<\/li>\n\n\n\n<li>Despachos para la <strong>administraci\u00f3n y la directiva<\/strong> (como m\u00ednimo 3 espacios cerrados).<\/li>\n<\/ol>\n\n\n\n<h2 class=\"wp-block-heading\"><strong>4. Requisitos de personal y servicios<\/strong><\/h2>\n\n\n\n<p>La legislaci\u00f3n tambi\u00e9n estipula una <strong>plantilla de trabajadores m\u00ednimos<\/strong> para poder desarrollar la actividad de forma correcta.<\/p>\n\n\n\n<ol class=\"wp-block-list\">\n<li><strong>Doctores y doctoras.<\/strong><\/li>\n\n\n\n<li><strong>Equipo de enfermer\u00eda.<\/strong><\/li>\n\n\n\n<li><strong>Trabajadores y trabajadoras sociales.<\/strong><\/li>\n\n\n\n<li><strong>Fisioterapeutas.<\/strong><\/li>\n\n\n\n<li><strong>Responsables asistenciales.<\/strong><\/li>\n\n\n\n<li><strong>Personal de mantenimiento <\/strong>de las instalaciones y prestadores de servicios administrativos, de lavander\u00eda y de limpieza.<\/li>\n<\/ol>\n\n\n\n<figure class=\"wp-block-image size-large\"><img decoding=\"async\" width=\"1024\" height=\"576\" src=\"https:\/\/miresi.es\/blog\/wp-content\/uploads\/2022\/06\/elderly-man-in-wheelchair-exercising-2021-08-29-23-39-08-utc-1024x576.jpg\" alt=\"Centro que cumple la normativa de residencias\" class=\"wp-image-16239\" srcset=\"https:\/\/miresiblog.imgix.net\/uploads\/2022\/06\/elderly-man-in-wheelchair-exercising-2021-08-29-23-39-08-utc-scaled.jpg?auto=format%2Ccompress&fit=crop&h=576&ixlib=php-3.3.0&w=1024&s=6977027f6b99f3e8b42769b282a56df8 1024w, https:\/\/miresiblog.imgix.net\/uploads\/2022\/06\/elderly-man-in-wheelchair-exercising-2021-08-29-23-39-08-utc-scaled.jpg?auto=format%2Ccompress&fit=crop&h=169&ixlib=php-3.3.0&w=300&s=d15101782251c7343b8bcb43b4a85545 300w, https:\/\/miresiblog.imgix.net\/uploads\/2022\/06\/elderly-man-in-wheelchair-exercising-2021-08-29-23-39-08-utc-scaled.jpg?auto=format%2Ccompress&fit=crop&h=432&ixlib=php-3.3.0&w=768&s=b3727b2ec9f5891ba22be61688214cc1 768w, https:\/\/miresiblog.imgix.net\/uploads\/2022\/06\/elderly-man-in-wheelchair-exercising-2021-08-29-23-39-08-utc-scaled.jpg?auto=format%2Ccompress&fit=crop&h=864&ixlib=php-3.3.0&w=1536&s=c196fc71b2dfb78cce8dfb44611bae19 1536w, https:\/\/miresiblog.imgix.net\/uploads\/2022\/06\/elderly-man-in-wheelchair-exercising-2021-08-29-23-39-08-utc-scaled.jpg?auto=format%2Ccompress&fit=crop&h=1152&ixlib=php-3.3.0&w=2048&s=77479b5861e6b814cdc342207e3a275c 2048w, https:\/\/miresiblog.imgix.net\/uploads\/2022\/06\/elderly-man-in-wheelchair-exercising-2021-08-29-23-39-08-utc-scaled.jpg?auto=format%2Ccompress&fit=crop&h=203&ixlib=php-3.3.0&w=360&s=2e1570cbd8f5a3942f3170cfbb4c2188 360w, https:\/\/miresiblog.imgix.net\/uploads\/2022\/06\/elderly-man-in-wheelchair-exercising-2021-08-29-23-39-08-utc-scaled.jpg?auto=format%2Ccompress&ixlib=php-3.3.0&w=1067&s=4b7e75dd22bbdb38196bff0f72581178 1067w\" sizes=\"(max-width: 1024px) 100vw, 1024px\" \/><figcaption class=\"wp-element-caption\">Sala de rehabilitaci\u00f3n<\/figcaption><\/figure>\n\n\n\n<h2 class=\"wp-block-heading\"><strong>5. Regulaci\u00f3n de los precios<\/strong><\/h2>\n\n\n\n<p><strong>Los centros privados regulan los precios seg\u00fan los gastos y la demanda<\/strong>. A\u00fan as\u00ed, los cambios en los precios deben ser notificados a los residentes y a la instituci\u00f3n competente, por lo menos, con un mes de antelaci\u00f3n.<\/p>\n\n\n\n<p>Las residencias p\u00fablicas son, en todo caso, gratuitas, por lo que su precio no var\u00eda. La estipulaci\u00f3n general es que los residentes deben <strong>aportar el 80% de su pensi\u00f3n para el pago de su estancia<\/strong>. Operan de la misma forma las plazas parcialmente financiadas o concertadas, es decir, aquellas habitaciones financiadas en parte por las arcas p\u00fablicas pero que se encuentran en un centro privado.\u00a0<\/p>\n\n\n\n<h2 class=\"wp-block-heading\"><strong>6. Sistemas de evaluaci\u00f3n de calidad<\/strong><\/h2>\n\n\n\n<p>Las <strong>auditor\u00edas peri\u00f3dicas<\/strong> que se realizan a los centros servir\u00e1n para acreditar la calidad de las instituciones. Si estas no cumplieran con las condiciones m\u00ednimas, recibiendo una valoraci\u00f3n negativa, se enfrentan a <strong>sanciones<\/strong>. La suma de estas puede derivar en la <strong>suspensi\u00f3n del servicio.<\/strong><\/p>\n\n\n\n<h2 class=\"wp-block-heading\"><strong>7. \u00bfD\u00f3nde puedo reclamar?<\/strong><\/h2>\n\n\n\n<p>Se puede denunciar a la <strong>Consejer\u00eda<\/strong>. Las denuncias se tramitar\u00e1n en un <strong>juzgado de guardia, comisar\u00eda<\/strong> o en la <strong>fiscal\u00eda<\/strong>. Si la actividad nociva fuera continuada, se puede recurrir a otras instituciones como el <strong>Defensor del Pueblo<\/strong> (o del Mayor, en el caso de que el ayuntamiento en el que se est\u00e9 censado tenga esta figura).<\/p>\n\n\n\n<div class=\"wp-block-buttons is-layout-flex wp-block-buttons-is-layout-flex\">\n<div class=\"wp-block-button aligncenter\"><a href=\"https:\/\/miresi.es\/buscador\/?utm_source=blog\"  rel=\"noreferrer noopener\"  rel=\"noreferrer noopener\">consigue residencia hoy<\/a><\/div>\n<\/div>\n\n\n\n<p>Las residencias son los espacios donde nuestros mayores pasan una parte importante de su vida. Como en cualquier lugar, pueden surgir diferencias entre los centros y los familiares o los propios residentes, por ello, es necesaria toda una legislaci\u00f3n que proteja a todos de posibles abusos.<strong> \u00a1Esperamos que esta informaci\u00f3n te haya sido de ayuda!<\/strong><\/p>\n\n\n\n<p class=\"has-small-font-size\">Fuentes:<\/p>\n\n\n\n<ul class=\"wp-block-list\">\n<li>Diario Oficial de la Generalitat de Catalu\u00f1a: <a href=\"https:\/\/pnsd.sanidad.gob.es\/pnsd\/legislacion\/pdfCCAA\/legislaAUT65.pdf\"  target=\"_blank\" rel=\"external nofollow\"  target=\"_blank\"  class=\"wp-links-icon\">https:\/\/pnsd.sanidad.gob.es\/pnsd\/legislacion\/pdfCCAA\/legislaAUT65.pdf<\/a><\/li>\n<\/ul>\n<div style='text-align:center' class='yasr-auto-insert-visitor'><!--Yasr Visitor Votes Shortcode--><div id='yasr_visitor_votes_64cc9726affdf' class='yasr-visitor-votes'><div class=\"yasr-custom-text-vv-before yasr-custom-text-vv-before-16237\">\u00a1Haz clic para puntuar esta entrada!<\/div><div id='yasr-vv-second-row-container-64cc9726affdf'\r\n                                        class='yasr-vv-second-row-container'><div id='yasr-visitor-votes-rater-64cc9726affdf'\r\n                                      class='yasr-rater-stars-vv'\r\n                                      data-rater-postid='16237'\r\n                                      data-rating='4.5'\r\n                                      data-rater-starsize='32'\r\n                                      data-rater-readonly='false'\r\n                                      data-rater-nonce='df9b54cd3f'\r\n                                      data-issingular='false'\r\n                                    ><\/div><div class=\"yasr-vv-stats-text-container\" id=\"yasr-vv-stats-text-container-64cc9726affdf\"><svg xmlns=\"https:\/\/www.w3.org\/2000\/svg\" width=\"20\" height=\"20\"\r\n                                   class=\"yasr-dashicons-visitor-stats\"\r\n                                   data-postid=\"16237\"\r\n                                   id=\"yasr-stats-dashicon-64cc9726affdf\">\r\n                                   <path d=\"M18 18v-16h-4v16h4zM12 18v-11h-4v11h4zM6 18v-8h-4v8h4z\"><\/path>\r\n                               <\/svg><span id=\"yasr-vv-text-container-64cc9726affdf\" class=\"yasr-vv-text-container\"> (Votos: <span id=\"yasr-vv-votes-number-container-64cc9726affdf\">2<\/span>  Promedio: <span id=\"yasr-vv-average-container-64cc9726affdf\">4.5<\/span>)<\/span><\/div><div id='yasr-vv-loader-64cc9726affdf' class='yasr-vv-container-loader'><\/div><\/div><div id='yasr-vv-bottom-container-64cc9726affdf'\r\n                              class='yasr-vv-bottom-container'\r\n                              style='display:none'><\/div><\/div><!--End Yasr Visitor Votes Shortcode--><\/div>","protected":false},"excerpt":{"rendered":"<p>Es importante saber las leyes a las que est\u00e1n sujetas las residencias. Desde miResi te presentamos una gu\u00eda completa con la normativa de residencias en Catalu\u00f1a<\/p>\n","protected":false},"author":10,"featured_media":16241,"comment_status":"open","ping_status":"open","sticky":false,"template":"","format":"standard","meta":{"yasr_overall_rating":0,"yasr_post_is_review":"","yasr_auto_insert_disabled":"","yasr_review_type":"","footnotes":""},"categories":[951],"tags":[1313,1166,884,1015,949,950,1167],"class_list":["post-16237","post","type-post","status-publish","format-standard","has-post-thumbnail","hentry","category-leyes","tag-cataluna","tag-derechos-de-las-residencias","tag-derechos-de-los-mayores","tag-derechos-y-obligaciones-en-la-tercera-edad","tag-normativa-de-residencias","tag-obligaciones-de-las-residencias","tag-obligaciones-de-los-residentes"],"yasr_visitor_votes":{"stars_attributes":{"read_only":false,"span_bottom":false},"number_of_votes":2,"sum_votes":9},"_links":{"self":[{"href":"https:\/\/miresi.es\/blog\/wp-json\/wp\/v2\/posts\/16237","targetHints":{"allow":["GET"]}}],"collection":[{"href":"https:\/\/miresi.es\/blog\/wp-json\/wp\/v2\/posts"}],"about":[{"href":"https:\/\/miresi.es\/blog\/wp-json\/wp\/v2\/types\/post"}],"author":[{"embeddable":true,"href":"https:\/\/miresi.es\/blog\/wp-json\/wp\/v2\/users\/10"}],"replies":[{"embeddable":true,"href":"https:\/\/miresi.es\/blog\/wp-json\/wp\/v2\/comments?post=16237"}],"version-history":[{"count":6,"href":"https:\/\/miresi.es\/blog\/wp-json\/wp\/v2\/posts\/16237\/revisions"}],"predecessor-version":[{"id":20711,"href":"https:\/\/miresi.es\/blog\/wp-json\/wp\/v2\/posts\/16237\/revisions\/20711"}],"wp:featuredmedia":[{"embeddable":true,"href":"https:\/\/miresi.es\/blog\/wp-json\/wp\/v2\/media\/16241"}],"wp:attachment":[{"href":"https:\/\/miresi.es\/blog\/wp-json\/wp\/v2\/media?parent=16237"}],"wp:term":[{"taxonomy":"category","embeddable":true,"href":"https:\/\/miresi.es\/blog\/wp-json\/wp\/v2\/categories?post=16237"},{"taxonomy":"post_tag","embeddable":true,"href":"https:\/\/miresi.es\/blog\/wp-json\/wp\/v2\/tags?post=16237"}],"curies":[{"name":"wp","href":"https:\/\/api.w.org\/{rel}","templated":true}]}}