{"id":16265,"date":"2022-06-11T12:54:00","date_gmt":"2022-06-11T11:54:00","guid":{"rendered":"https:\/\/miresi.es\/blog\/?p=16265"},"modified":"2026-04-23T18:06:07","modified_gmt":"2026-04-23T17:06:07","slug":"tarjeta-de-estacionamiento-para-personas-con-discapacidad","status":"publish","type":"post","link":"https:\/\/miresi.es\/blog\/tarjeta-de-estacionamiento-para-personas-con-discapacidad\/","title":{"rendered":"\u00bfSabes C\u00f3mo Se Solicita la Tarjeta de Estacionamiento para Personas con Discapacidad? Te lo Explicamos"},"content":{"rendered":"\n<p>Las personas con un grado de discapacidad reconocido necesitan la concesi\u00f3n de una tarjeta de estacionamiento para personas con discapacidad. El motivo es que <strong>los mayores necesitan con problemas de movilidad necesitan tener plaza de aparcamiento cerca que aseguren que se van a hacer el desplazamiento m\u00e1s corto<\/strong> para llegar a un lugar concreto. Desde <a href=\"https:\/\/miresi.es\/buscador\/?utm_source=blog\"  rel=\"noreferrer noopener\" title=\"miResi\"  rel=\"noreferrer noopener\" title=\"miResi\">miResi<\/a> te informamos sobre la<strong> tarjeta de estacionamiento para personas con discapacidad.<\/strong><\/p>\n\n\n\n<div class=\"wp-block-buttons is-layout-flex wp-block-buttons-is-layout-flex\">\n<div class=\"wp-block-button aligncenter\"><a href=\"https:\/\/miresi.es\/buscador\/?utm_source=blog\"  rel=\"noreferrer noopener\"  rel=\"noreferrer noopener\">p\u00eddenos consejo gratis<\/a><\/div>\n<\/div>\n\n\n\n<p style=\"font-size:10px\"><\/p>\n\n\n\n<h2 class=\"wp-block-heading\">1. <strong>\u00bfPara qu\u00e9 sirven las tarjetas de estacionamiento para personas con discapacidad?<\/strong><\/h2>\n\n\n\n<p>Las tarjetas de estacionamiento est\u00e1n pensadas para que <strong>las personas con movilidad reducida tengan asegurada, como m\u00ednimo, una plaza de aparcamiento.<\/strong> Esto se debe a que las personas en esta situaci\u00f3n necesitan que el camino a los establecimientos, monumentos o organismos p\u00fablicos, por ejemplo, sea lo m\u00e1s corto posible. Por eso <strong>las plazas est\u00e1n situadas a muy corta distancia de la entrada.<\/strong><\/p>\n\n\n\n<p>Es por esto que hay que hacer un <strong>ejercicio de responsabilidad y no invadir estas plazas<\/strong>, ya que hay personas que dependen de ellas por no poder caminar. Como la administraci\u00f3n p\u00fablica ya prev\u00e9 situaciones de abuso, se cre\u00f3 una tarjeta para que las autoridades puedan comprobar que el coche estacionado no est\u00e1 infringiendo la ley.<\/p>\n\n\n\n<p>La tarjeta de estacionamiento <strong>no es m\u00e1s que una identificaci\u00f3n que da permiso para aparcar en las zonas se\u00f1alizadas.<\/strong><\/p>\n\n\n\n<figure class=\"wp-block-image size-large\"><img decoding=\"async\" width=\"1024\" height=\"683\" src=\"https:\/\/miresi.es\/blog\/wp-content\/uploads\/2022\/06\/restricted-parking-zone-for-disabled-on-a-residenc-2021-08-26-18-12-47-utc-1024x683.jpg\" alt=\"Plaza donde hace falta la tarjeta de estacionamiento para personas mayores discapacitadas\" class=\"wp-image-16268\" srcset=\"https:\/\/miresiblog.imgix.net\/uploads\/2022\/06\/restricted-parking-zone-for-disabled-on-a-residenc-2021-08-26-18-12-47-utc-scaled.jpg?auto=format%2Ccompress&fit=crop&h=683&ixlib=php-3.3.0&w=1024&s=35c91cacb933489d836b3499f5a1195c 1024w, https:\/\/miresiblog.imgix.net\/uploads\/2022\/06\/restricted-parking-zone-for-disabled-on-a-residenc-2021-08-26-18-12-47-utc-scaled.jpg?auto=format%2Ccompress&fit=crop&h=200&ixlib=php-3.3.0&w=300&s=cf8401e8ce3cad5b6c9e802eb8ecbd35 300w, https:\/\/miresiblog.imgix.net\/uploads\/2022\/06\/restricted-parking-zone-for-disabled-on-a-residenc-2021-08-26-18-12-47-utc-scaled.jpg?auto=format%2Ccompress&fit=crop&h=512&ixlib=php-3.3.0&w=768&s=308b7b8c46938b6fd1c09c8df54ec32e 768w, https:\/\/miresiblog.imgix.net\/uploads\/2022\/06\/restricted-parking-zone-for-disabled-on-a-residenc-2021-08-26-18-12-47-utc-scaled.jpg?auto=format%2Ccompress&fit=crop&h=1024&ixlib=php-3.3.0&w=1536&s=7cb1416c9540f66d3622445674552ef3 1536w, https:\/\/miresiblog.imgix.net\/uploads\/2022\/06\/restricted-parking-zone-for-disabled-on-a-residenc-2021-08-26-18-12-47-utc-scaled.jpg?auto=format%2Ccompress&fit=crop&h=1365&ixlib=php-3.3.0&w=2048&s=25b682abfa69b6614de4610d7918e36d 2048w, https:\/\/miresiblog.imgix.net\/uploads\/2022\/06\/restricted-parking-zone-for-disabled-on-a-residenc-2021-08-26-18-12-47-utc-scaled.jpg?auto=format%2Ccompress&fit=crop&h=240&ixlib=php-3.3.0&w=360&s=22daf22ee3afacfb4f9dbfa3c7e9bb82 360w, https:\/\/miresiblog.imgix.net\/uploads\/2022\/06\/restricted-parking-zone-for-disabled-on-a-residenc-2021-08-26-18-12-47-utc-scaled.jpg?auto=format%2Ccompress&ixlib=php-3.3.0&w=900&s=628d8c924060671316cac69774ef5296 900w\" sizes=\"(max-width: 1024px) 100vw, 1024px\" \/><figcaption>Plaza destinada para personas con discapacidad<\/figcaption><\/figure>\n\n\n\n<h2 class=\"wp-block-heading\">2. <strong>\u00bfSe pueden solicitar en Espa\u00f1a?<\/strong><\/h2>\n\n\n\n<p><strong>Claro<\/strong>, la administraci\u00f3n p\u00fablica espa\u00f1ola tiene <strong>una serie de mecanismos para la solicitud de la tarjeta de estacionamiento<\/strong>. Los procesos son sencillos, por lo que no conviene preocuparse en exceso.<\/p>\n\n\n\n<p>A continuaci\u00f3n, te dejamos una <strong>lista con los procedimientos por comunidad aut\u00f3noma.<\/strong><\/p>\n\n\n\n<h3 class=\"wp-block-heading\"><strong>2.1. Arag\u00f3n<\/strong><\/h3>\n\n\n\n<p>La solicitud de la tarjeta de estacionamiento en Arag\u00f3n se puede realizar a trav\u00e9s de las <strong>oficinas de registro de los Servicios Sociales<\/strong> o telem\u00e1ticamente en <a href=\"https:\/\/www.zaragoza.es\/sede\/servicio\/tramite\/217#internet\"  target=\"_blank\" rel=\"external nofollow\"  target=\"_blank\"  class=\"wp-links-icon\">el portal online de la administraci\u00f3n aragonesa<\/a>.<\/p>\n\n\n\n<p>Los <strong>requisitos<\/strong> pedidos por el Gobierno aragon\u00e9s son los siguientes:<\/p>\n\n\n\n<ol class=\"wp-block-list\"><li><strong>Residir<\/strong> en cualquier municipio de la comunidad aragonesa.<\/li><li>Que el due\u00f1o (o un familiar directo o en segundo grado) aporte un certificado de <strong>discapacidad<\/strong> del IASS (Instituto Aragon\u00e9s de Servicios Sociales).<\/li><\/ol>\n\n\n\n<p>La <strong>documentaci\u00f3n<\/strong> a aportar es la siguiente:<\/p>\n\n\n\n<ol class=\"wp-block-list\"><li><a href=\"http:\/\/www.zaragoza.es\/contenidos\/tramites\/impresos\/Alta-Tarjeta-Discapacidad-19.pdf\"  target=\"_blank\" rel=\"external nofollow\"  target=\"_blank\"  class=\"wp-links-icon\">Solicitud cumplimentada<\/a>.<\/li><li>Certificado de <strong>minusval\u00eda<\/strong> expedido por el IASS.<\/li><li><strong>Residencia<\/strong> y <strong>empadronamiento<\/strong> del interesado en cualquier municipio aragon\u00e9s.<\/li><li><strong>DNI<\/strong> del solicitante y su representante (solo en caso de que est\u00e9 representado por alguien).<\/li><\/ol>\n\n\n\n<h3 class=\"wp-block-heading\"><strong>2.2. Asturias<\/strong><\/h3>\n\n\n\n<p>La tarjeta de estacionamiento en Asturias se puede solicitar a trav\u00e9s de las <strong>oficinas de Servicios Sociales <\/strong>de cada ayuntamiento o en la <a href=\"https:\/\/sede.oviedo.es\/tramites\/policia-trafico-vehiculos-permisos-\/solicitud-de-tarjeta-de-estacionamiento-para-personas-con-movilidad-reducida?inheritRedirect=true\"  target=\"_blank\" rel=\"external nofollow\"  target=\"_blank\"  class=\"wp-links-icon\">sede digital de cada ayuntamiento<\/a> (en este caso la de Oviedo).<\/p>\n\n\n\n<p>Los <strong>requisitos<\/strong> demandados son los siguientes:<\/p>\n\n\n\n<ol class=\"wp-block-list\"><li><strong>Residir<\/strong> y estar <strong>empadronado<\/strong> en el Principado de Asturias.<\/li><li>Acreditar problemas de <strong>movilidad<\/strong>.<\/li><\/ol>\n\n\n\n<p>Por ello, la <strong>documentaci\u00f3n<\/strong> necesaria para iniciar el proceso es la siguiente:<\/p>\n\n\n\n<ol class=\"wp-block-list\"><li><a href=\"https:\/\/sede.oviedo.es\/documents\/25047\/25387\/SOLICITUD_DE_TARJETA_ESTACIONAMIENTO.pdf\/94b7b307-060f-4932-b20f-aad77df873c8\"  target=\"_blank\" rel=\"external nofollow\"  target=\"_blank\"  class=\"wp-links-icon\">Solicitud cumplimentada<\/a>.<\/li><li><strong>DNI<\/strong> del solicitante y su representante (en caso de que est\u00e9 representado).<\/li><li>Certificado de <strong>discapacidad<\/strong>.<\/li><li><strong>Fotograf\u00eda<\/strong> a tama\u00f1o carn\u00e9.<\/li><li><strong>Sentencia<\/strong> judicial con la adjudicaci\u00f3n de la representaci\u00f3n (en caso de que el mayor se encuentre representado).<\/li><\/ol>\n\n\n\n<h3 class=\"wp-block-heading\"><strong>2.3. Cantabria<\/strong><\/h3>\n\n\n\n<p>La tarjeta de estacionamiento en Cantabria se puede solicitar a trav\u00e9s de los <strong>ayuntamientos de los distintos municipios<\/strong>, o de forma no presencial en <a href=\"https:\/\/www.serviciossocialescantabria.org\/index.php?page=tarjeta-de-estacionamiento-de-vehiculos-para-personas-con-movilidad-reducida\"  target=\"_blank\" rel=\"external nofollow\"  target=\"_blank\"  class=\"wp-links-icon\">la versi\u00f3n web del Gobierno c\u00e1ntabro<\/a>.<\/p>\n\n\n\n<p>Los <strong>requisitos<\/strong> solicitados son los siguientes:<\/p>\n\n\n\n<ol class=\"wp-block-list\"><li><strong>Residir<\/strong> y estar <strong>empadronado<\/strong> en cualquier municipio c\u00e1ntabro.<\/li><li>Acreditar un grado de <strong>discapacidad<\/strong> igual o superior al 33%.<\/li><li>Aportar un documento donde se especifique la m<strong>ovilidad reducida o la discapacidad visual.<\/strong><\/li><\/ol>\n\n\n\n<p>Por tanto, la <strong>documentaci\u00f3n<\/strong> que se pide es esta:<\/p>\n\n\n\n<ol class=\"wp-block-list\"><li><strong>Solicitud<\/strong> cumplimentada.<\/li><li><strong>DNI<\/strong> del solicitante y su representante (solo en caso de que el mayor se encuentre representado).<\/li><li><strong>2 fotograf\u00edas<\/strong> a tama\u00f1o carn\u00e9 del solicitante.<\/li><li><strong>Resoluci\u00f3n<\/strong> legal con la concesi\u00f3n de la tutela (solo en caso de que el mayor se encuentre representado).<\/li><li>Certificado de la situaci\u00f3n de <strong>discapacidad<\/strong>.<\/li><li><strong>Informe<\/strong> del Equipo de Valoraci\u00f3n y Orientaci\u00f3n favorable a la concesi\u00f3n.<\/li><\/ol>\n\n\n\n<h3 class=\"wp-block-heading\"><strong>2.4. Castilla-La Mancha<\/strong><\/h3>\n\n\n\n<p>La tarjeta de estacionamiento manchega se puede pedir presencialmente en el <strong>registro de la Consejer\u00eda competente en materia de Servicios Sociales <\/strong>o en sus Delegaciones Provinciales, o telem\u00e1ticamente en <a href=\"https:\/\/www.jccm.es\/tramitesygestiones\/tarjeta-de-estacionamiento-para-personas-con-discapacidad-con-movilidad-reducida\"  target=\"_blank\" rel=\"external nofollow\"  target=\"_blank\"  class=\"wp-links-icon\">la web de la administraci\u00f3n p\u00fablica de Castilla-La Mancha<\/a>.<\/p>\n\n\n\n<p>Los <strong>requisitos<\/strong> que se piden para poder conseguir esta acreditaci\u00f3n son los siguientes:<\/p>\n\n\n\n<ol class=\"wp-block-list\"><li><strong>Residir<\/strong> y estar <strong>empadronada<\/strong> en la comunidad de Castilla-La Mancha (o residir en un centro de rehabilitaci\u00f3n de la regi\u00f3n).<\/li><li>Disponer de una certificaci\u00f3n que acredite la <strong>discapacidad<\/strong>.<\/li><li>Poder demostrar las <strong>dificultades en la movilidad<\/strong> o en las facultades visuales.<\/li><\/ol>\n\n\n\n<p>Por tanto, la <strong>documentaci\u00f3n<\/strong> que se pide desde los servicios sociales es esta:<\/p>\n\n\n\n<ol class=\"wp-block-list\"><li><strong>Informe m\u00e9dico.<\/strong><\/li><li>Certificado de <strong>residencia<\/strong> en un centro para personas con discapacidad (\u00fanicamente en el caso de residir en un centro o unidad hospitalaria con estas caracter\u00edsticas).<\/li><li>Documento que indique la <strong>propiedad del veh\u00edculo.<\/strong><\/li><li>Documento identificativo (<strong>DNI<\/strong>) del solicitante y su representante (solo en caso de estar representado por un tutor).<\/li><\/ol>\n\n\n\n<figure class=\"wp-block-image size-large\"><img decoding=\"async\" width=\"1024\" height=\"684\" src=\"https:\/\/miresi.es\/blog\/wp-content\/uploads\/2022\/06\/disabled-parking-sign-painted-on-the-floor-exampl-2022-05-06-02-21-05-utc-1024x684.jpg\" alt=\"Plaza donde hace falta la tarjeta de estacionamiento para personas mayores discapacitadas\" class=\"wp-image-16271\" srcset=\"https:\/\/miresiblog.imgix.net\/uploads\/2022\/06\/disabled-parking-sign-painted-on-the-floor-exampl-2022-05-06-02-21-05-utc-scaled.jpg?auto=format%2Ccompress&fit=crop&h=684&ixlib=php-3.3.0&w=1024&s=d001bde17496a137bc62e65927bdd316 1024w, https:\/\/miresiblog.imgix.net\/uploads\/2022\/06\/disabled-parking-sign-painted-on-the-floor-exampl-2022-05-06-02-21-05-utc-scaled.jpg?auto=format%2Ccompress&fit=crop&h=200&ixlib=php-3.3.0&w=300&s=40bbebc1cbdde2aa68a6d1cefe958f60 300w, https:\/\/miresiblog.imgix.net\/uploads\/2022\/06\/disabled-parking-sign-painted-on-the-floor-exampl-2022-05-06-02-21-05-utc-scaled.jpg?auto=format%2Ccompress&fit=crop&h=513&ixlib=php-3.3.0&w=768&s=8203bde724697bb2423be435c9a7e27b 768w, https:\/\/miresiblog.imgix.net\/uploads\/2022\/06\/disabled-parking-sign-painted-on-the-floor-exampl-2022-05-06-02-21-05-utc-scaled.jpg?auto=format%2Ccompress&fit=crop&h=1025&ixlib=php-3.3.0&w=1536&s=5b58f4326888fa04d5d9ca540bddf073 1536w, https:\/\/miresiblog.imgix.net\/uploads\/2022\/06\/disabled-parking-sign-painted-on-the-floor-exampl-2022-05-06-02-21-05-utc-scaled.jpg?auto=format%2Ccompress&fit=crop&h=1367&ixlib=php-3.3.0&w=2048&s=37d8f74af182112e4efad56064adcaad 2048w, https:\/\/miresiblog.imgix.net\/uploads\/2022\/06\/disabled-parking-sign-painted-on-the-floor-exampl-2022-05-06-02-21-05-utc-scaled.jpg?auto=format%2Ccompress&fit=crop&h=240&ixlib=php-3.3.0&w=360&s=fe84b53746d199cf5971e78767ce8428 360w, https:\/\/miresiblog.imgix.net\/uploads\/2022\/06\/disabled-parking-sign-painted-on-the-floor-exampl-2022-05-06-02-21-05-utc-scaled.jpg?auto=format%2Ccompress&ixlib=php-3.3.0&w=899&s=03de0666481dd97d22e3763811f4318a 899w\" sizes=\"(max-width: 1024px) 100vw, 1024px\" \/><figcaption>Espacio destinado a las plazas para personas con discapacidad<\/figcaption><\/figure>\n\n\n\n<h3 class=\"wp-block-heading\"><strong>2.5. Castilla y Le\u00f3n<\/strong><\/h3>\n\n\n\n<p>La tarjeta de estacionamiento en Castilla y Le\u00f3n se solicita en las <strong>oficinas municipales de Servicios Sociales<\/strong>, o no presencialmente en <a href=\"https:\/\/www.tramitacastillayleon.jcyl.es\/web\/jcyl\/AdministracionElectronica\/es\/Plantilla100DetalleFeed\/1251181050732\/Tramite\/1220528096072\/Tramite\"  target=\"_blank\" rel=\"external nofollow\"  target=\"_blank\"  class=\"wp-links-icon\">la versi\u00f3n web de la administraci\u00f3n de Castilla y Le\u00f3n<\/a>.<\/p>\n\n\n\n<p>Los <strong>requisitos<\/strong> b\u00e1sicos que se piden para el tr\u00e1mite son los siguientes:<\/p>\n\n\n\n<ol class=\"wp-block-list\"><li>Certificar una <strong>discapacidad<\/strong> igual o superior al 33%.<\/li><li>Poseer un <strong>informe<\/strong> donde un o una trabajadora social acredite la necesidad de este servicio.<\/li><li><strong>Residir<\/strong> y estar <strong>empadronado<\/strong> en la regi\u00f3n de Castilla y Le\u00f3n.<\/li><\/ol>\n\n\n\n<p>Por ello, los <strong>documentos<\/strong> que se piden a la hora de iniciar el tr\u00e1mite son los siguientes:<\/p>\n\n\n\n<ol class=\"wp-block-list\"><li><strong>Informe m\u00e9dico.<\/strong><\/li><li>Certificado de <strong>residencia<\/strong> en un centro para personas con discapacidad (\u00fanicamente en el caso de residir en un centro o unidad hospitalaria con estas caracter\u00edsticas).<\/li><li>Documento que indique la <strong>propiedad del veh\u00edculo.<\/strong><\/li><li>Documento identificativo (<strong>DNI<\/strong>) del solicitante y su representante (solo en caso de estar representado por un tutor).<\/li><\/ol>\n\n\n\n<h3 class=\"wp-block-heading\"><strong>2.6. Catalu\u00f1a<\/strong><\/h3>\n\n\n\n<p>La tarjeta de estacionamiento catalana se solicita a trav\u00e9s de las <strong>oficinas de Servicios Sociales de los ayuntamiento de los distintos municipios<\/strong>, o telem\u00e1ticamente en <a href=\"https:\/\/ajuntament.barcelona.cat\/accessible\/es\/guia-recursos\/obtencion-tarjeta-aparcamiento\"  target=\"_blank\" rel=\"external nofollow\"  target=\"_blank\"  class=\"wp-links-icon\">la web de cada ayuntamiento <\/a>(en este caso, el de Barcelona).<\/p>\n\n\n\n<p>Los <strong>requisitos<\/strong> que se piden para poder hacerse con la tarjeta son los siguientes:<\/p>\n\n\n\n<ol class=\"wp-block-list\"><li>Certificar una <strong>discapacidad<\/strong> igual o superior al 33%.<\/li><li>Poseer un <strong>informe<\/strong> donde un o una trabajadora social acredite la necesidad de este servicio.<\/li><li><strong>Residir<\/strong> y estar <strong>empadronado<\/strong> en la regi\u00f3n de Catalu\u00f1a.<\/li><\/ol>\n\n\n\n<p>Para acreditar que se re\u00fanen los <strong>requisitos<\/strong>, la documentaci\u00f3n que se pide es esta:<\/p>\n\n\n\n<ol class=\"wp-block-list\"><li><strong>Informe m\u00e9dico.<\/strong><\/li><li>Certificado de <strong>residencia<\/strong> en un centro para personas con discapacidad (\u00fanicamente en el caso de residir en un centro o unidad hospitalaria con estas caracter\u00edsticas).<\/li><li>Documento que indique la <strong>propiedad del veh\u00edculo.<\/strong><\/li><li>Documento identificativo (<strong>DNI<\/strong>) del solicitante y su representante (solo en caso de estar representado por un tutor).<\/li><\/ol>\n\n\n\n<h3 class=\"wp-block-heading\"><strong>2.7. Ceuta<\/strong><\/h3>\n\n\n\n<p>La tarjeta de estacionamiento en la ciudad aut\u00f3noma de Ceuta se puede solicitar tanto presencial como telem\u00e1ticamente. En el primer caso, se puede formalizar en las<strong> oficinas del IMSERSO.<\/strong><\/p>\n\n\n\n<p>Los <strong>requisitos<\/strong> para acceder a esta ayuda son los siguientes:<\/p>\n\n\n\n<ol class=\"wp-block-list\"><li>Certificar una <strong>discapacidad<\/strong> igual o superior al 33%.<\/li><li>Poseer un <strong>informe<\/strong> donde un o una trabajadora social acredite la necesidad de este servicio.<\/li><li><strong>Residir<\/strong> y estar <strong>empadronado<\/strong> en la regi\u00f3n de Catalu\u00f1a.<\/li><\/ol>\n\n\n\n<p>La <strong>documentaci\u00f3n<\/strong> requerida para el procedimiento es la siguiente:<\/p>\n\n\n\n<ol class=\"wp-block-list\"><li><strong>Informe m\u00e9dico.<\/strong><\/li><li>Certificado de <strong>residencia<\/strong> en un centro para personas con discapacidad (\u00fanicamente en el caso de residir en un centro o unidad hospitalaria con estas caracter\u00edsticas).<\/li><li>Documento que indique la <strong>propiedad del veh\u00edculo.<\/strong><\/li><li>Documento identificativo (<strong>DNI<\/strong>) del solicitante y su representante (solo en caso de estar representado por un tutor).<\/li><\/ol>\n\n\n\n<h3 class=\"wp-block-heading\"><strong>2.8. Comunidad Valenciana<\/strong><\/h3>\n\n\n\n<p>La tarjeta de estacionamiento en la Comunidad Valenciana se solicita, al igual que en el resto de Espa\u00f1a, en las <strong>oficinas\u00a0de Servicios Sociales.<\/strong><\/p>\n\n\n\n<p>Los <strong>requisitos<\/strong> que se exigen para poder disfrutar de la tarjeta son los siguientes:<\/p>\n\n\n\n<ol class=\"wp-block-list\"><li><strong>Residir<\/strong> y estar <strong>empadronado<\/strong> en cualquier localidad de la Comunidad Valenciana.<\/li><li>Tener <strong>m\u00e1s de 3 a\u00f1os.<\/strong><\/li><li>Disponer de un <strong>certificado<\/strong> con el grado de discapacidad.<\/li><li>Acreditar problemas de <strong>movilidad<\/strong> graves que impidan emplear el transporte p\u00fablico.<\/li><\/ol>\n\n\n\n<p>Por ello, la <strong>documentaci\u00f3n<\/strong> que se pide para\u00a0<\/p>\n\n\n\n<ol class=\"wp-block-list\"><li><strong>Empadronamiento<\/strong> y <strong>residencia<\/strong> en la Comunidad Valenciana.<\/li><li><strong>DNI<\/strong> del solicitante y su representante (solo en caso de que el mayor est\u00e1 representante).<\/li><li><a href=\"https:\/\/pai.gva.es\/documents\/162018290\/162077432\/Formulario-Acceso-General-Plataforma-de-Intermediacion-de-Datos.doc\/a55b8a81-aa6b-4b8f-a0a6-2296343eaefa\"  target=\"_blank\" rel=\"external nofollow\"  target=\"_blank\"  class=\"wp-links-icon\">Formulario de solicitud cumplimentado<\/a>.<\/li><\/ol>\n\n\n\n<h3 class=\"wp-block-heading\"><strong>2.9. Galicia<\/strong><\/h3>\n\n\n\n<p>La tarjeta de estacionamiento en la comunidad aut\u00f3noma de Galicia se solicita presencialmente en <strong>el registro general del ayuntamiento <\/strong>en el que se resida, o telem\u00e1ticamente en <a href=\"https:\/\/www.coruna.gal\/movilidad\/es\/tramites-y-normativa\/detalle-tramite\/tarjeta-para-estacionamiento-en-lugares-reservados-para-personas-con-diversidad-funcional\/contenido\/1144274928772?argIdioma=es\"  target=\"_blank\" rel=\"external nofollow\"  target=\"_blank\"  class=\"wp-links-icon\">la web del Gobierno gallego<\/a>.<\/p>\n\n\n\n<p>Los <strong>requisitos<\/strong> que se piden para la concesi\u00f3n de esta acreditaci\u00f3n son los siguientes:<\/p>\n\n\n\n<ol class=\"wp-block-list\"><li>Estar <strong>empadronado<\/strong> y <strong>residir <\/strong>en cualquier municipio gallego.<\/li><li>Disponer de un certificado de <strong>discapacidad<\/strong> igual o superior al 75%.<\/li><li>Que un <strong>informe del Equipo de Valoraci\u00f3n (EVO)<\/strong> acredite la necesidad de este reconocimiento.\u00a0<\/li><\/ol>\n\n\n\n<p>Por tanto, los <strong>documentos<\/strong> necesarios para conseguir la tarjeta son estos:<\/p>\n\n\n\n<ol class=\"wp-block-list\"><li><strong>Empadronamiento<\/strong> y <strong>residencia<\/strong> en cualquier municipio gallego.<\/li><li>Certificado donde se indique el grado de <strong>discapacidad<\/strong>.<\/li><li><strong>Informe del Equipo de Valoraci\u00f3n (EVO).<\/strong><\/li><li><strong>Solicitud<\/strong> cumplimentada.<\/li><li><strong>2 fotograf\u00edas <\/strong>tama\u00f1o carn\u00e9.<\/li><li><strong>DNI<\/strong> del solicitante y su representante (solo en caso de que el mayor se encuentre representado).<\/li><\/ol>\n\n\n\n<div class=\"wp-block-buttons is-layout-flex wp-block-buttons-is-layout-flex\">\n<div class=\"wp-block-button aligncenter\"><a class=\"wp-block-button__link\" href=\"\" target=\"_blank\" rel=\"noreferrer noopener nofollow\">P\u00eddenos ayuda sin compromiso<\/a><\/div>\n<\/div>\n\n\n\n<h3 class=\"wp-block-heading\"><strong>2.10. La Rioja<\/strong><\/h3>\n\n\n\n<p>La tarjeta de estacionamiento en La Rioja se puede presentar presencialmente en <strong>las Oficinas de Atenci\u00f3n al Ciudadano del Gobierno de La Rioja, en el registro auxiliar de la Consejer\u00eda de Servicios Sociales<\/strong>, o telem\u00e1ticamente en <strong>\u00a0<\/strong><a href=\"https:\/\/www.larioja.org\/servicios-sociales\/en\/personas-discapacidad\/programas-sociales\/tarjeta-estacionamiento-personas-discapacidad-dificultades\"  target=\"_blank\" rel=\"external nofollow\"  target=\"_blank\"  class=\"wp-links-icon\">el portal digital de la administraci\u00f3n riojana<\/a>.<\/p>\n\n\n\n<p>Los <strong>requisitos<\/strong> b\u00e1sicos que se solicitan para poder acceder a esta acreditaci\u00f3n son:<\/p>\n\n\n\n<ol class=\"wp-block-list\"><li><strong>Residir<\/strong> y estar <strong>empadronado<\/strong> en cualquier municipio de La Rioja.<\/li><li>Tener reconocido un grado de <strong>discapacidad<\/strong> igual o superior al 33%.<\/li><\/ol>\n\n\n\n<p>Por ello, los <strong>documentos<\/strong> solicitados son los siguientes:<\/p>\n\n\n\n<ol class=\"wp-block-list\"><li><strong>Empadronamiento<\/strong> y <strong>residencia<\/strong> en cualquier municipio gallego.<\/li><li>Certificado donde se indique el grado de <strong>discapacidad<\/strong>.<\/li><li><strong>Informe del Equipo de Valoraci\u00f3n (EVO).<\/strong><\/li><li><strong>Solicitud<\/strong> cumplimentada.<\/li><li><strong>2 fotograf\u00edas<\/strong> tama\u00f1o carn\u00e9.<\/li><li><strong>DNI<\/strong> del solicitante y su representante (solo en caso de que el mayor se encuentre representado).<\/li><\/ol>\n\n\n\n<h3 class=\"wp-block-heading\"><strong>2.11. Comunidad de Madrid<\/strong><\/h3>\n\n\n\n<p>La tarjeta de estacionamiento en Madrid se puede solicitar en <strong>las oficinas madrile\u00f1as de Servicios Sociales<\/strong>, o digitalmente en <a href=\"https:\/\/sede.madrid.es\/portal\/site\/tramites\/menuitem.62876cb64654a55e2dbd7003a8a409a0\/?vgnextoid=2be3dcd842bed010VgnVCM2000000c205a0aRCRD&vgnextchannel=24fbaface27e0210VgnVCM100000171f5a0aRCRD\"  target=\"_blank\" rel=\"external nofollow\"  target=\"_blank\"  class=\"wp-links-icon\">la sede electr\u00f3nica de la Comunidad de Madrid<\/a>.\u00a0<\/p>\n\n\n\n<p>Los <strong>requisitos<\/strong> b\u00e1sicos que se demandan para su concesi\u00f3n son los siguientes:<\/p>\n\n\n\n<ol class=\"wp-block-list\"><li>Tener reconocida la situaci\u00f3n de <strong>dependencia<\/strong> relativa a la reducci\u00f3n de la movilidad o audiovisual.<\/li><li><strong>Residir<\/strong> y estar <strong>empadronado<\/strong> en la Comunidad de Madrid.<\/li><\/ol>\n\n\n\n<p>Para acreditar la idoneidad, la <strong>documentaci\u00f3n<\/strong> a entregar es la siguiente:<\/p>\n\n\n\n<ol class=\"wp-block-list\"><li><strong>Formulario<\/strong> cumplimentado.<\/li><li><strong>2 fotograf\u00edas<\/strong> tama\u00f1o carn\u00e9 del solicitante.<\/li><li><strong>Prescripci\u00f3n<\/strong> m\u00e9dica.<\/li><li><strong>Informe<\/strong> que apunte a la idoneidad de la concesi\u00f3n.<\/li><\/ol>\n\n\n\n<h3 class=\"wp-block-heading\"><strong>2.12. Melilla<\/strong><\/h3>\n\n\n\n<p>La tarjeta de estacionamiento en la ciudad aut\u00f3noma de Melilla se puede solicitar tanto en la <strong>Oficina de Informaci\u00f3n y Atenci\u00f3n al Ciudadano de la Ciudad Aut\u00f3noma<\/strong>, como en la <a href=\"https:\/\/www.melilla.es\/melillaportal\/contenedor.jsp?seccion=s_fdoc_d4_v1.jsp&contenido=20757&nivel=1400&tipo=5&codMenu=29&codMenuPN=602&codMenuSN=608\"  target=\"_blank\" rel=\"external nofollow\"  target=\"_blank\"  class=\"wp-links-icon\">versi\u00f3n digital de la administraci\u00f3n p\u00fablica melillense<\/a>.\u00a0<\/p>\n\n\n\n<p>Los <strong>requisitos<\/strong> que se piden para conseguir la acreditaci\u00f3n son los siguientes:<\/p>\n\n\n\n<ol class=\"wp-block-list\"><li><strong>Residir<\/strong> y estar <strong>empadronado<\/strong> en Melilla.<\/li><li><strong>No tener deudas de circulaci\u00f3n o tr\u00e1fico.<\/strong><\/li><li>Certificar una <strong>discapacidad<\/strong> igual o superior al 33%.<\/li><\/ol>\n\n\n\n<p>Por tanto, los <strong>documentos<\/strong> que se piden para conseguir esta acreditaci\u00f3n son los siguientes:<\/p>\n\n\n\n<ol class=\"wp-block-list\"><li><strong>Empadronamiento<\/strong> y <strong>residencia<\/strong> en la ciudad aut\u00f3noma de Melilla.<\/li><li><strong>Informe<\/strong> del estado financiero.<\/li><li>Certificado de <strong>discapacidad<\/strong>.<\/li><li><strong>Formulario<\/strong> cumplimentado.<\/li><li><strong>2 fotograf\u00edas<\/strong> tama\u00f1o carn\u00e9 del solicitante.<\/li><\/ol>\n\n\n\n<h3 class=\"wp-block-heading\"><strong>2.13. Murcia<\/strong><\/h3>\n\n\n\n<p>La tarjeta de estacionamiento en Murcia se solicita a trav\u00e9s de las <strong>oficinas de Servicios Sociales de cada ayuntamiento<\/strong>, o bien telem\u00e1ticamente en <a href=\"https:\/\/sede.murcia.es\/ficha-procedimiento?idioma=es&id=3882\"  target=\"_blank\" rel=\"external nofollow\"  target=\"_blank\"  class=\"wp-links-icon\">la sede electr\u00f3nica del Gobierno de la Regi\u00f3n de Murcia<\/a>.<\/p>\n\n\n\n<p>Los <strong>requisitos<\/strong> que se piden para la concesi\u00f3n son los siguientes:<\/p>\n\n\n\n<ol class=\"wp-block-list\"><li><strong>Residir<\/strong> y estar <strong>empadronado<\/strong> en Murcia.<\/li><li>Demostrar una <strong>discapacidad<\/strong> que limite las capacidades de movilidad.<\/li><\/ol>\n\n\n\n<p>La <strong>documentaci\u00f3n<\/strong> que hay que presentar es la siguiente:<\/p>\n\n\n\n<ol class=\"wp-block-list\"><li><a href=\"https:\/\/sede.murcia.es\/ficha-procedimiento?p_p_id=fichatramite_WAR_FichaTramiteMurciaportlet_INSTANCE_AJBVgcLv38Bc&p_p_lifecycle=2&p_p_state=normal&p_p_mode=view&p_p_cacheability=cacheLevelPage&p_p_col_id=column-1&p_p_col_pos=1&p_p_col_count=3&_fichatramite_WAR_FichaTramiteMurciaportlet_INSTANCE_AJBVgcLv38Bc_relacionada=false&_fichatramite_WAR_FichaTramiteMurciaportlet_INSTANCE_AJBVgcLv38Bc_docName=Solicitud\"  target=\"_blank\" rel=\"external nofollow\"  target=\"_blank\" rel=\"noreferrer noopener\"  class=\"wp-links-icon\"><strong>Solicitud<\/strong><\/a><\/li><li>Fotocopia del <strong>D.N.I.<\/strong> del solicitante y su representante (solo en caso de que el mayor se encuentre representado).<\/li><li>Fotocopia del <strong>Permiso de Circulaci\u00f3n del Veh\u00edculo.<\/strong><\/li><li>Certificado de estar al <strong>corriente de pago del Impuesto de Veh\u00edculos de Tracci\u00f3n Mec\u00e1nica.<\/strong><\/li><\/ol>\n\n\n\n<h3 class=\"wp-block-heading\"><strong>2.14. Navarra<\/strong><\/h3>\n\n\n\n<p>La tarjeta de estacionamiento navarra se puede solicitar en el \u00e1<strong>rea de Movilidad de los distintos ayuntamientos navarros<\/strong>, o telem\u00e1ticamente en <a href=\"https:\/\/sedeelectronica.pamplona.es\/FichaTramite.aspx?id=20-55992\"  target=\"_blank\" rel=\"external nofollow\"  target=\"_blank\"  class=\"wp-links-icon\">la sede electr\u00f3nica de los distintos ayuntamientos navarros<\/a> (en este caso el de Iru\u00f1a).\u00a0<\/p>\n\n\n\n<p>Los <strong>requisitos<\/strong> que se piden son los siguientes:<\/p>\n\n\n\n<ol class=\"wp-block-list\"><li>Estar <strong>empadronado<\/strong> y <strong>residir<\/strong> en la Comunidad Foral de Navarra.<\/li><li>Tener reconocida una <strong>discapacidad<\/strong> igual o superior al 33%.<\/li><li>Estar dada de alta en el <strong>Impuesto de Actividades Econ\u00f3micas (IAE) <\/strong>en el ayuntamiento en el que se solicite la tarjeta.<\/li><\/ol>\n\n\n\n<p>La <strong>documentaci\u00f3n<\/strong> que se solicita es la siguiente:<\/p>\n\n\n\n<ol class=\"wp-block-list\"><li><a href=\"https:\/\/sedeelectronica.pamplona.es\/FichaTramite.aspx?id=20-55992\"  target=\"_blank\" rel=\"external nofollow\"  target=\"_blank\"  class=\"wp-links-icon\">Solicitud cumplimentada<\/a>.<\/li><li>Fotocopia y original del Certificado de <strong>Discapacidad<\/strong>.<\/li><li><strong>DNI<\/strong> del solicitante y su representante (solo en caso de que el mayor se encuentre representado).<\/li><li><strong>Fotograf\u00eda<\/strong> tama\u00f1o carn\u00e9.<\/li><\/ol>\n\n\n\n<figure class=\"wp-block-image size-large\"><img decoding=\"async\" width=\"1024\" height=\"489\" src=\"https:\/\/miresi.es\/blog\/wp-content\/uploads\/2022\/06\/drone-aerial-view-of-parking-lots-with-cars-at-nig-2022-01-30-02-08-14-utc-1-1024x489.jpg\" alt=\"Plazas para personas con tarjetas de estacionamiento para personas con discapacidad\" class=\"wp-image-16284\" srcset=\"https:\/\/miresiblog.imgix.net\/uploads\/2022\/06\/drone-aerial-view-of-parking-lots-with-cars-at-nig-2022-01-30-02-08-14-utc-1-scaled.jpg?auto=format%2Ccompress&fit=crop&h=489&ixlib=php-3.3.0&w=1024&s=eb9350f6a3918036fd7984045f1bfd70 1024w, https:\/\/miresiblog.imgix.net\/uploads\/2022\/06\/drone-aerial-view-of-parking-lots-with-cars-at-nig-2022-01-30-02-08-14-utc-1-scaled.jpg?auto=format%2Ccompress&fit=crop&h=143&ixlib=php-3.3.0&w=300&s=2ad30b451b020464af868cf7e5ddccb7 300w, https:\/\/miresiblog.imgix.net\/uploads\/2022\/06\/drone-aerial-view-of-parking-lots-with-cars-at-nig-2022-01-30-02-08-14-utc-1-scaled.jpg?auto=format%2Ccompress&fit=crop&h=366&ixlib=php-3.3.0&w=768&s=df5ada791c8fc1a3ff5a84839e24a75b 768w, https:\/\/miresiblog.imgix.net\/uploads\/2022\/06\/drone-aerial-view-of-parking-lots-with-cars-at-nig-2022-01-30-02-08-14-utc-1-scaled.jpg?auto=format%2Ccompress&fit=crop&h=733&ixlib=php-3.3.0&w=1536&s=edac081e07a7a944ee0bbd0168cbb1e7 1536w, https:\/\/miresiblog.imgix.net\/uploads\/2022\/06\/drone-aerial-view-of-parking-lots-with-cars-at-nig-2022-01-30-02-08-14-utc-1-scaled.jpg?auto=format%2Ccompress&fit=crop&h=977&ixlib=php-3.3.0&w=2048&s=97d146567167353be1365164428fb30b 2048w, https:\/\/miresiblog.imgix.net\/uploads\/2022\/06\/drone-aerial-view-of-parking-lots-with-cars-at-nig-2022-01-30-02-08-14-utc-1-scaled.jpg?auto=format%2Ccompress&fit=crop&h=172&ixlib=php-3.3.0&w=360&s=04ae6ac3151034e0dd6011a42ac650bc 360w, https:\/\/miresiblog.imgix.net\/uploads\/2022\/06\/drone-aerial-view-of-parking-lots-with-cars-at-nig-2022-01-30-02-08-14-utc-1-scaled.jpg?auto=format%2Ccompress&ixlib=php-3.3.0&w=1200&s=4e5fc1bd73dbe7bdec52bea42a2716bf 1200w\" sizes=\"(max-width: 1024px) 100vw, 1024px\" \/><figcaption>Plazas de aparcamiento destinadas a personas con discapacidad<\/figcaption><\/figure>\n\n\n\n<h3 class=\"wp-block-heading\"><strong>2.15. Pa\u00eds Vasco<\/strong><\/h3>\n\n\n\n<p>La tarjeta de estacionamiento en el Pa\u00eds Vasco se pide en las <strong>oficinas de Servicios Sociales de cada ayuntamiento<\/strong>, o telem\u00e1ticamente en <a href=\"https:\/\/www.donostia.eus\/info\/udalinfo\/Tramites.nsf\/vTramites\/72B2C14B8F1133EEC125814500390D10?OpenDocument&idioma=cas\"  target=\"_blank\" rel=\"external nofollow\"  target=\"_blank\"  class=\"wp-links-icon\">el espacio online de los ayuntamientos vascos<\/a> (en este caso, el de Donostia).\u00a0<\/p>\n\n\n\n<p>Los <strong>requisitos<\/strong> para poder comenzar con el tr\u00e1mite son los siguientes:<\/p>\n\n\n\n<ol class=\"wp-block-list\"><li>Una <strong>discapacidad<\/strong> igual o superior al 33%.<\/li><li>Certificar la situaci\u00f3n de <strong>dependencia<\/strong> del solicitante.<\/li><li><strong>Residir<\/strong> y estar <strong>empadronado<\/strong> en el municipio vasco en el que se solicite.<\/li><\/ol>\n\n\n\n<p>Por lo tanto, la <strong>documentaci\u00f3n<\/strong> necesaria para pedir la tarjeta es la siguiente:<\/p>\n\n\n\n<ol class=\"wp-block-list\"><li><strong>Solicitud<\/strong> cumplimentada.<\/li><li><strong>DNI<\/strong> del solicitante y su representante (solo en el caso de que el mayor se encuentre representado).<\/li><li><strong>2 fotograf\u00edas<\/strong> tama\u00f1o carn\u00e9.<\/li><li><strong>Sentencia judicial<\/strong> con la adjudicaci\u00f3n de la tutela (solo en caso de encontrarse tutelado).<\/li><li><strong>Informe favorable del Servicio de Valoraci\u00f3n y Orientaci\u00f3n de la Diputaci\u00f3n Foral o informe de osakidetza o incapacitaci\u00f3n por la Seguridad Social.<\/strong><\/li><\/ol>\n\n\n\n<h3 class=\"wp-block-heading\"><strong>2.16. Extremadura<\/strong><\/h3>\n\n\n\n<p>La tarjeta de estacionamiento en Extremadura se solicita en las <strong>oficinas de Servicios Sociales <\/strong>de los distintos ayuntamientos, o telem\u00e1ticamente en <a href=\"https:\/\/ciudadano.gobex.es\/web\/transportes\/registro-extremeno-tarjetas-estacionamiento\"  target=\"_blank\" rel=\"external nofollow\"  target=\"_blank\"  class=\"wp-links-icon\">el Portal Ciudadano del Gobierno de Extremadura<\/a>.<\/p>\n\n\n\n<p>Los <strong>requisitos<\/strong> que se piden son los siguientes:<\/p>\n\n\n\n<ol class=\"wp-block-list\"><li>Tener reconocido un grado de <strong>discapacidad<\/strong> igual o superior al 33%.<\/li><li><strong>No poder emplear el transporte p\u00fablico.<\/strong><\/li><li><strong>Residir<\/strong> y estar <strong>empadronado<\/strong> en Extremadura.<\/li><\/ol>\n\n\n\n<p>Por ello, la <strong>documentaci\u00f3n<\/strong> que se pide desde la administraci\u00f3n es la siguiente:\u00a0<\/p>\n\n\n\n<ol class=\"wp-block-list\"><li><a href=\"https:\/\/sede.caceres.es\/sta\/docs\/GetDocumentServlet?CUD=13066622242567533020&HASH_CUD=7a8f804f3a460b3b58921ab93bccce5505af8a48&APP_CODE=STA\"  target=\"_blank\" rel=\"external nofollow\"  target=\"_blank\"  class=\"wp-links-icon\">Solicitud cumplimentada<\/a>.<\/li><li><strong>Empadronamiento<\/strong> y <strong>residencia<\/strong> en Extremadura.<\/li><li><strong>DNI<\/strong> del solicitante y su representante (solo en el caso de que el mayor se encuentre representado).<\/li><li>Certificado de <strong>discapacidad<\/strong>.<\/li><li><strong>2 fotograf\u00edas <\/strong>tama\u00f1o carn\u00e9.<\/li><\/ol>\n\n\n\n<h3 class=\"wp-block-heading\"><strong>2.17. Islas Baleares<\/strong><\/h3>\n\n\n\n<p>La tarjeta de estacionamiento en el archipi\u00e9lago balear se solicita en las <strong>oficinas de los Servicios Sociales,<\/strong> o en <a href=\"https:\/\/seuelectronica.palma.es\/portal\/PALMA\/sede\/se_contenedor2.jsp?seccion=s_ftra_d4_v1.jsp&contenido=20419&nivel=1400&tipo=4&codResi=1&language=es\"  target=\"_blank\" rel=\"external nofollow\"  target=\"_blank\"  class=\"wp-links-icon\">la versi\u00f3n digital de la administraci\u00f3n de cada ayuntamiento balear<\/a> (en este caso, el ayuntamiento de Palma).<\/p>\n\n\n\n<p>Los <strong>requisitos<\/strong> necesarios para conseguir esta acreditaci\u00f3n son los siguientes:<\/p>\n\n\n\n<ol class=\"wp-block-list\"><li>Tener reconocido un grado de <strong>discapacidad<\/strong> igual o superior al 33%.<\/li><li><strong>No poder emplear el transporte p\u00fablico.<\/strong><\/li><li><strong>Residir<\/strong> y estar <strong>empadronado<\/strong> en Baleares.<\/li><\/ol>\n\n\n\n<p>Por ello, los <strong>documentos<\/strong> que se piden son estos:<\/p>\n\n\n\n<ol class=\"wp-block-list\"><li><a href=\"https:\/\/www.palma.cat\/portal\/PALMA\/RecursosWeb\/DOCUMENTOS\/1\/102_6946_2.pdf\"  target=\"_blank\" rel=\"external nofollow\"  target=\"_blank\"  class=\"wp-links-icon\">Solicitud cumplimentada<\/a>.<\/li><li><strong>DNI<\/strong> del solicitante y su representante (solo en el caso de que el mayor se encuentre representado).<\/li><li><strong>2 fotograf\u00eda<\/strong> tama\u00f1o carn\u00e9.<\/li><li>Certificado de <strong>discapacidad<\/strong>.<\/li><li>Permiso de <strong>residencia<\/strong> y <strong>empadronamiento<\/strong>.<\/li><\/ol>\n\n\n\n<h3 class=\"wp-block-heading\"><strong>2.18. Islas Canarias<\/strong><\/h3>\n\n\n\n<p>La tarjeta de estacionamiento en el archipi\u00e9lago canario se solicita en la <strong>Direcci\u00f3n General de Bienestar Social o en los registros<\/strong>, o en <a href=\"https:\/\/sede.gobiernodecanarias.org\/sede\/tramites\/4643\"  target=\"_blank\" rel=\"external nofollow\"  target=\"_blank\"  class=\"wp-links-icon\">la versi\u00f3n digital de la administraci\u00f3n canaria<\/a>.<\/p>\n\n\n\n<p>Los <strong>requisitos<\/strong> necesarios para conseguir esta acreditaci\u00f3n son los siguientes:<\/p>\n\n\n\n<ol class=\"wp-block-list\"><li>Tener reconocido un grado de <strong>discapacidad<\/strong> igual o superior al 33%.<\/li><li><strong>No poder emplear el transporte p\u00fablico.<\/strong><\/li><li><strong>Residir<\/strong> y estar <strong>empadronado<\/strong> en Canarias.<\/li><\/ol>\n\n\n\n<p>Por ello, los <strong>documentos<\/strong> que se piden son estos:<\/p>\n\n\n\n<ol class=\"wp-block-list\"><li><strong>DNI<\/strong> del solicitante y su representante (solo en el caso de que el mayor se encuentre representado).<\/li><li>1 <strong>fotograf\u00eda<\/strong> tama\u00f1o carn\u00e9.<\/li><li><strong>Empadronamiento<\/strong> y <strong>residencia<\/strong> en Extremadura.<\/li><li>Resoluci\u00f3n por la que se reconoce el grado de <strong>discapacidad<\/strong>.<\/li><li><strong>Dictamen t\u00e9cnico facultativo<\/strong> en el que se reconozca la movilidad reducida o el d\u00e9ficit visual.<\/li><li>Acreditaci\u00f3n de la <strong>representaci\u00f3n<\/strong> (solo en caso de que el mayor se encuentre representado).<\/li><li><a href=\"https:\/\/sede.gobiernodecanarias.org\/-\/action\/c002ea10-8036-11df-9987-52c39c0cc1c2\/9515fb70-73a8-11df-8da5-b36e3e9e1a8c\/es_ES\/f79fd150-84fe-11df-8f9e-da38f72cc377\/descargaDocumento?file=KLOCVL89gjBq8ISuAqsX&actuacion=4643&i3l=es_ES&i3csrf=70ef5180-e261-11ec-9f93-3df259ca9800&i3id=4643&i3sc&i3ct=321b9560-73a9-11df-8da5-bf2cae36f426&i3d=9515fb70-73a8-11df-8da5-b36e3e9e1a8c&i3pt=C\"  target=\"_blank\" rel=\"external nofollow\"  target=\"_blank\"  class=\"wp-links-icon\">Solicitud<\/a>.<\/li><\/ol>\n\n\n\n<h3 class=\"wp-block-heading\"><strong>2.19. Andaluc\u00eda<\/strong><\/h3>\n\n\n\n<p>La tarjeta de estacionamiento andaluza se puede solicitar en las <strong>Delegaciones Provinciales de la Consejer\u00eda para la Igualdad y Bienestar Social, <\/strong>o telem\u00e1ticamente en la <a href=\"https:\/\/www.juntadeandalucia.es\/organismos\/igualdadpoliticassocialesyconciliacion\/areas\/discapacidad\/accesibilidad\/paginas\/tarjeta-aparcamiento.html\"  target=\"_blank\" rel=\"external nofollow\"  target=\"_blank\"  class=\"wp-links-icon\">web de la administraci\u00f3n andaluza<\/a>.\u00a0<\/p>\n\n\n\n<p>Los <strong>requisitos<\/strong> que se piden para poder gozar de esta acreditaci\u00f3n son los siguientes:<\/p>\n\n\n\n<ol class=\"wp-block-list\"><li>Tener reconocido un grado de <strong>discapacidad<\/strong> igual o superior al 33%.<\/li><li><strong>No poder emplear el transporte p\u00fablico.<\/strong><\/li><li><strong>Residir<\/strong> y estar <strong>empadronado<\/strong> en Canarias.<\/li><\/ol>\n\n\n\n<p>Para acreditarlo de cara a la administraci\u00f3n p\u00fablica se requiere la siguiente <strong>documentaci\u00f3n<\/strong>:<\/p>\n\n\n\n<ol class=\"wp-block-list\"><li><strong>DNI<\/strong> del solicitante y su representante (solo en el caso de que el mayor se encuentre representado).<\/li><li>1 <strong>fotograf\u00eda<\/strong> tama\u00f1o carn\u00e9.<\/li><li><strong>Empadronamiento<\/strong> y <strong>residencia<\/strong> en Extremadura.<\/li><li>Resoluci\u00f3n por la que se reconoce el grado de <strong>discapacidad<\/strong>.<\/li><li><strong>Dictamen t\u00e9cnico facultativo<\/strong> en el que se reconozca la movilidad reducida o el d\u00e9ficit visual.<\/li><li>Acreditaci\u00f3n de la <strong>representaci\u00f3n<\/strong> (solo en caso de que el mayor se encuentre representado).<\/li><li><a href=\"https:\/\/sede.gobiernodecanarias.org\/-\/action\/c002ea10-8036-11df-9987-52c39c0cc1c2\/9515fb70-73a8-11df-8da5-b36e3e9e1a8c\/es_ES\/f79fd150-84fe-11df-8f9e-da38f72cc377\/descargaDocumento?file=KLOCVL89gjBq8ISuAqsX&actuacion=4643&i3l=es_ES&i3csrf=70ef5180-e261-11ec-9f93-3df259ca9800&i3id=4643&i3sc&i3ct=321b9560-73a9-11df-8da5-bf2cae36f426&i3d=9515fb70-73a8-11df-8da5-b36e3e9e1a8c&i3pt=C\"  target=\"_blank\" rel=\"external nofollow\"  target=\"_blank\"  class=\"wp-links-icon\">Solicitud<\/a>.<\/li><\/ol>\n\n\n\n<div class=\"wp-block-buttons is-layout-flex wp-block-buttons-is-layout-flex\">\n<div class=\"wp-block-button aligncenter\"><a href=\"https:\/\/miresi.es\/buscador\/?utm_source=blog\"  rel=\"noreferrer noopener\"  rel=\"noreferrer noopener\">encuentra residenica hoy<\/a><\/div>\n<\/div>\n\n\n\n<p>Como has visto, los procesos de solicitud no son complicados. <strong>Esperamos que la informaci\u00f3n de este art\u00edculo te haya sido de ayuda, y que pod\u00e1is disfrutar de esta ayuda.<\/strong> Pero reiteramos que lo importante es el respeto de estos espacios.\u00a0<\/p>\n\n\n\n<p class=\"has-small-font-size\">Fuentes:<\/p>\n\n\n\n<ul class=\"has-small-font-size wp-block-list\"><li>Gobierno de Espa\u00f1a: <a href=\"https:\/\/administracion.gob.es\/pag_Home\/Tu-espacio-europeo\/derechos-obligaciones\/ciudadanos\/vehiculos\/tarjeta-aparcar-movilidad-reducida.html\"  target=\"_blank\" rel=\"external nofollow\"  target=\"_blank\"  class=\"wp-links-icon\">https:\/\/administracion.gob.es\/pag_Home\/Tu-espacio-europeo\/derechos-obligaciones\/ciudadanos\/vehiculos\/tarjeta-aparcar-movilidad-reducida.html<\/a><\/li><\/ul>\n<div style='text-align:center' class='yasr-auto-insert-visitor'><!--Yasr Visitor Votes Shortcode--><div id='yasr_visitor_votes_6fe366d70a932' class='yasr-visitor-votes'><div class=\"yasr-custom-text-vv-before yasr-custom-text-vv-before-16265\">\u00a1Haz clic para puntuar esta entrada!<\/div><div id='yasr-vv-second-row-container-6fe366d70a932'\r\n                                        class='yasr-vv-second-row-container'><div id='yasr-visitor-votes-rater-6fe366d70a932'\r\n                                      class='yasr-rater-stars-vv'\r\n                                      data-rater-postid='16265'\r\n                                      data-rating='0'\r\n                                      data-rater-starsize='32'\r\n                                      data-rater-readonly='false'\r\n                                      data-rater-nonce='df9b54cd3f'\r\n                                      data-issingular='false'\r\n                                    ><\/div><div class=\"yasr-vv-stats-text-container\" id=\"yasr-vv-stats-text-container-6fe366d70a932\"><svg xmlns=\"https:\/\/www.w3.org\/2000\/svg\" width=\"20\" height=\"20\"\r\n                                   class=\"yasr-dashicons-visitor-stats\"\r\n                                   data-postid=\"16265\"\r\n                                   id=\"yasr-stats-dashicon-6fe366d70a932\">\r\n                                   <path d=\"M18 18v-16h-4v16h4zM12 18v-11h-4v11h4zM6 18v-8h-4v8h4z\"><\/path>\r\n                               <\/svg><span id=\"yasr-vv-text-container-6fe366d70a932\" class=\"yasr-vv-text-container\"> (Votos: <span id=\"yasr-vv-votes-number-container-6fe366d70a932\">0<\/span>  Promedio: <span id=\"yasr-vv-average-container-6fe366d70a932\">0<\/span>)<\/span><\/div><div id='yasr-vv-loader-6fe366d70a932' class='yasr-vv-container-loader'><\/div><\/div><div id='yasr-vv-bottom-container-6fe366d70a932'\r\n                              class='yasr-vv-bottom-container'\r\n                              style='display:none'><\/div><\/div><!--End Yasr Visitor Votes Shortcode--><\/div>","protected":false},"excerpt":{"rendered":"<p> Los mayores con problemas de movilidad necesitan la tarjeta de estacionamiento para personas con discapacidad. Desde miResi te explicamos c\u00f3mo solicitarla<\/p>\n","protected":false},"author":10,"featured_media":16270,"comment_status":"open","ping_status":"open","sticky":false,"template":"","format":"standard","meta":{"yasr_overall_rating":0,"yasr_post_is_review":"","yasr_auto_insert_disabled":"","yasr_review_type":"","footnotes":""},"categories":[387,951],"tags":[1420,1308,913,1419],"class_list":["post-16265","post","type-post","status-publish","format-standard","has-post-thumbnail","hentry","category-ayudas","category-leyes","tag-ancianos-con-discapacidad","tag-ayudas-y-subvenciones","tag-discapacidad","tag-tarjeta-de-estacionamiento"],"yasr_visitor_votes":{"stars_attributes":{"read_only":false,"span_bottom":false},"number_of_votes":0,"sum_votes":0},"_links":{"self":[{"href":"https:\/\/miresi.es\/blog\/wp-json\/wp\/v2\/posts\/16265","targetHints":{"allow":["GET"]}}],"collection":[{"href":"https:\/\/miresi.es\/blog\/wp-json\/wp\/v2\/posts"}],"about":[{"href":"https:\/\/miresi.es\/blog\/wp-json\/wp\/v2\/types\/post"}],"author":[{"embeddable":true,"href":"https:\/\/miresi.es\/blog\/wp-json\/wp\/v2\/users\/10"}],"replies":[{"embeddable":true,"href":"https:\/\/miresi.es\/blog\/wp-json\/wp\/v2\/comments?post=16265"}],"version-history":[{"count":8,"href":"https:\/\/miresi.es\/blog\/wp-json\/wp\/v2\/posts\/16265\/revisions"}],"predecessor-version":[{"id":20687,"href":"https:\/\/miresi.es\/blog\/wp-json\/wp\/v2\/posts\/16265\/revisions\/20687"}],"wp:featuredmedia":[{"embeddable":true,"href":"https:\/\/miresi.es\/blog\/wp-json\/wp\/v2\/media\/16270"}],"wp:attachment":[{"href":"https:\/\/miresi.es\/blog\/wp-json\/wp\/v2\/media?parent=16265"}],"wp:term":[{"taxonomy":"category","embeddable":true,"href":"https:\/\/miresi.es\/blog\/wp-json\/wp\/v2\/categories?post=16265"},{"taxonomy":"post_tag","embeddable":true,"href":"https:\/\/miresi.es\/blog\/wp-json\/wp\/v2\/tags?post=16265"}],"curies":[{"name":"wp","href":"https:\/\/api.w.org\/{rel}","templated":true}]}}