{"id":16471,"date":"2024-09-09T09:34:56","date_gmt":"2024-09-09T08:34:56","guid":{"rendered":"https:\/\/miresi.es\/blog\/?p=16471"},"modified":"2026-04-23T17:56:44","modified_gmt":"2026-04-23T16:56:44","slug":"dinamicas-en-grupo-con-personas-mayores","status":"publish","type":"post","link":"https:\/\/miresi.es\/blog\/dinamicas-en-grupo-con-personas-mayores\/","title":{"rendered":"7 din\u00e1micas en grupo con personas mayores"},"content":{"rendered":"\n<p>Las din\u00e1micas en grupo con personas mayores son herramientas poderosas que fomentan cambios positivos dentro de comunidades, especialmente en contextos como las residencias para adultos mayores. Estas actividades no solo establecen objetivos claros y efectivos, sino que tambi\u00e9n promueven la cohesi\u00f3n y el sentido de pertenencia.<\/p>\n\n\n\n<p>En <a href=\"http:\/\/www.miresi.es\"  target=\"_blank\" title=\"\"  target=\"_blank\" title=\"\">miResi<\/a>, sabemos que estas din\u00e1micas juegan un papel crucial en mejorar la comunicaci\u00f3n, la convivencia, y el bienestar social a trav\u00e9s de actividades entretenidas y enriquecedoras. En este blog, te contamos c\u00f3mo implementar estas din\u00e1micas puede transformar la vida social de las personas mayores y contribuir a su felicidad y prosperidad.<\/p>\n\n\n\n<div class=\"wp-block-buttons is-layout-flex wp-block-buttons-is-layout-flex\">\n<div class=\"wp-block-button has-custom-font-size aligncenter has-medium-font-size\"><a href=\"https:\/\/miresi.es\/informacion-residencias\/\"  rel=\"nofollow\"  rel=\"nofollow\"><strong>Forma parte de la red de residenciencias de calidad de miResi<\/strong><\/a><\/div>\n<\/div>\n\n\n\n<div style=\"height:10px\" aria-hidden=\"true\" class=\"wp-block-spacer\"><\/div>\n\n\n\n<h2 class=\"wp-block-heading\"><strong>1. Funciones de las din\u00e1micas en grupo con personas mayores<\/strong><\/h2>\n\n\n\n<p>Seg\u00fan la docente Ang\u00e9lica Razo, las din\u00e1micas grupales son una t\u00e9cnica efectiva para la intervenci\u00f3n gerontol\u00f3gica, dise\u00f1ada para cumplir varias funciones esenciales:<\/p>\n\n\n\n<ul class=\"wp-block-list\">\n<li><strong>Atenci\u00f3n a Intereses y Preocupaciones:<\/strong>\u00a0Abordan los temas que m\u00e1s importan a los mayores.<\/li>\n\n\n\n<li><strong>Desarrollo de Objetivos Comunes:<\/strong>\u00a0Fomentan la colaboraci\u00f3n y el trabajo hacia metas compartidas.<\/li>\n\n\n\n<li><strong>Estimulaci\u00f3n de Capacidades:<\/strong>\u00a0A trav\u00e9s de actividades, potencian habilidades y talentos.<\/li>\n\n\n\n<li><strong>Elevaci\u00f3n de la Autoestima:<\/strong>\u00a0Ayudan a los participantes a sentirse m\u00e1s seguros y valorados.<\/li>\n\n\n\n<li><strong>Apoyo al Autocuidado:<\/strong>\u00a0Promueven pr\u00e1cticas saludables y el cuidado personal.<\/li>\n\n\n\n<li><strong>Actitud Positiva:<\/strong>\u00a0Fomentan un enfoque optimista hacia la vida y los retos.<\/li>\n\n\n\n<li><strong>Participaci\u00f3n Comunitaria:<\/strong>\u00a0Animan a involucrarse y ser activos en su entorno social.<\/li>\n<\/ul>\n\n\n\n<p>Estas funciones no solo enriquecen la vida diaria, sino que tambi\u00e9n fortalecen el sentido de comunidad entre las personas mayores.<\/p>\n\n\n<div class=\"wp-block-image\">\n<figure class=\"aligncenter size-large\"><img decoding=\"async\" src=\"https:\/\/miresiblog.imgix.net\/uploads\/2024\/07\/verano-2.png?auto=format%2Ccompress&fit=crop&h=858&ixlib=php-3.3.0&w=1024&s=bbe96f6dd7dafab27aa3930d09af147c\" alt=\"Din\u00e1micas en Grupo con Personas Mayores para fomentar la cohesi\u00f3n\" class=\"wp-image-22703\" title=\"Dinamicas en Grupo con Personas Mayores para fomentar la cohesi\u00f3n\" srcset=\"https:\/\/miresiblog.imgix.net\/uploads\/2024\/07\/verano-2.png?auto=format%2Ccompress&fit=crop&h=858&ixlib=php-3.3.0&w=1024&s=bbe96f6dd7dafab27aa3930d09af147c 1024w, https:\/\/miresiblog.imgix.net\/uploads\/2024\/07\/verano-2.png?auto=format%2Ccompress&fit=crop&h=251&ixlib=php-3.3.0&w=300&s=7fdc5cd20dbb8d7441ff087636fc3877 300w, https:\/\/miresiblog.imgix.net\/uploads\/2024\/07\/verano-2.png?auto=format%2Ccompress&fit=crop&h=644&ixlib=php-3.3.0&w=768&s=4f354df379b9669e8e6a2150c0647524 768w, https:\/\/miresiblog.imgix.net\/uploads\/2024\/07\/verano-2.png?auto=format%2Ccompress&fit=crop&h=302&ixlib=php-3.3.0&w=360&s=d7aa8ac1f04590faf13483f1848fe82f 360w, https:\/\/miresiblog.imgix.net\/uploads\/2024\/07\/verano-2.png?auto=format%2Ccompress&ixlib=php-3.3.0&w=716&s=940cf8374a12177683c09911ad6cc528 716w\" sizes=\"(max-width: 1024px) 100vw, 1024px\" data-recalc-dims=\"1\" \/><\/figure>\n<\/div>\n\n\n<p>Las din\u00e1micas en grupo con personas mayores parten de la idea de <strong>din\u00e1mica grupal <\/strong>como herramienta de trabajo para explicar <strong>cambios dentro de un colectivo. <\/strong>Tambi\u00e9n para ver c\u00f3mo influyen ciertas condiciones en los miembros del mismo. Por ejemplo, la din\u00e1mica grupal ayuda a observar la reacci\u00f3n de los integrantes o a contribuir en situaciones de <strong>aprendizaje<\/strong>.<\/p>\n\n\n\n<p>Como afirma la docente los procesos de grupo no son fijos ni est\u00e1ticos. Son creados en un momento determinado para <strong>dar<\/strong> <strong>respuesta<\/strong> a una serie de <strong>necesidades<\/strong>. Son procesos que van evolucionando a lo largo del tiempo y tienen varias dimensiones. Entre las cuales Razo menciona las siguientes:<\/p>\n\n\n\n<ul class=\"wp-block-list\">\n<li><strong>Cognitiva<\/strong> o capacidad para actuar con un prop\u00f3sito, decidir y enfrentarse de forma eficaz al medio.<\/li>\n\n\n\n<li><strong>Afectiva<\/strong>. Sensibilidad y disposici\u00f3n ante las personas.<\/li>\n\n\n\n<li><strong>Social<\/strong>. Se refiere a las relaciones interpersonales.<\/li>\n\n\n\n<li><strong>Moral<\/strong>. Facultades que concierne al respeto y la convivencia humana.<\/li>\n\n\n\n<li><strong>F\u00edsica<\/strong>. Se refiere al ambiente grupal.<\/li>\n<\/ul>\n\n\n\n<div class=\"wp-block-buttons is-content-justification-center is-layout-flex wp-container-core-buttons-is-layout-16018d1d wp-block-buttons-is-layout-flex\">\n<div class=\"wp-block-button\"><a href=\"https:\/\/miresi.es\/buscador\/\"  ><strong>Solicita informaci\u00f3n sobre din\u00e1micas en grupo con personas mayores en miResi<\/strong><\/a><\/div>\n<\/div>\n\n\n\n<h2 class=\"wp-block-heading\"><strong>2. Din\u00e1micas en grupo con personas mayores: t\u00e9cnicas para facilitar el proceso grupal<\/strong><\/h2>\n\n\n\n<p>\u00a0Uno de los principales objetivos de las din\u00e1micas en grupo para personas mayores es lograr que cada participante se sienta parte integral de los logros colectivos del grupo. Existen varias t\u00e9cnicas que facilitan estos procesos grupales, destac\u00e1ndose la comunicaci\u00f3n, la colaboraci\u00f3n, la pertenencia, la cohesi\u00f3n y el cambio, como menciona Ang\u00e9lica Razo.<\/p>\n\n\n\n<h3 class=\"wp-block-heading\"><strong>La comunicaci\u00f3n en grupo: un pilar fundamental<\/strong><\/h3>\n\n\n\n<p>Establecer una comunicaci\u00f3n efectiva dentro del grupo es crucial. Una buena comunicaci\u00f3n propicia la cooperaci\u00f3n, mejora la convivencia y fomenta la colaboraci\u00f3n y el sentido de comunidad. Razo destaca c\u00f3mo la calidad de la comunicaci\u00f3n interpersonal puede influir en los grupos:<\/p>\n\n\n\n<ul class=\"wp-block-list\">\n<li><strong>Buena comunicaci\u00f3n interpersonal<\/strong>: Crea un clima de bienestar psicol\u00f3gico, satisfacci\u00f3n, armon\u00eda, expansi\u00f3n y evoluci\u00f3n personal, promoviendo la salud mental.<\/li>\n\n\n\n<li><strong>Mala comunicaci\u00f3n interpersonal<\/strong>: Conduce a experiencias de conflicto, incomprensi\u00f3n, rechazo, frustraci\u00f3n y agresividad, resultando en un clima de amargura e involuci\u00f3n.<\/li>\n<\/ul>\n\n\n\n<p>Para promover una comunicaci\u00f3n efectiva, se recomienda implementar actividades que fomenten el conocimiento interpersonal y grupal, desarrollen habilidades como la escucha activa y gu\u00eden a la reflexi\u00f3n. Estas t\u00e9cnicas no solo mejoran el entendimiento mutuo, sino que tambi\u00e9n fortalecen la cohesi\u00f3n y el bienestar del grupo.<\/p>\n\n\n\n<figure class=\"wp-block-image size-large\"><img decoding=\"async\" src=\"https:\/\/miresiblog.imgix.net\/uploads\/2024\/05\/1.jpg?auto=format%2Ccompress&fit=crop&h=684&ixlib=php-3.3.0&w=1024&s=73b4794920e6f1e91385c1c59d5a806f\" alt=\"\" class=\"wp-image-22407\" srcset=\"https:\/\/miresiblog.imgix.net\/uploads\/2024\/05\/1-scaled.jpg?auto=format%2Ccompress&fit=crop&h=684&ixlib=php-3.3.0&w=1024&s=c9f480de59d81b6202c2d34afbcdbccf 1024w, https:\/\/miresiblog.imgix.net\/uploads\/2024\/05\/1-scaled.jpg?auto=format%2Ccompress&fit=crop&h=200&ixlib=php-3.3.0&w=300&s=a6c1b33fb4353932ac179462e53d297e 300w, https:\/\/miresiblog.imgix.net\/uploads\/2024\/05\/1-scaled.jpg?auto=format%2Ccompress&fit=crop&h=513&ixlib=php-3.3.0&w=768&s=b48f5d09cb04c57280987145f735c0bc 768w, https:\/\/miresiblog.imgix.net\/uploads\/2024\/05\/1-scaled.jpg?auto=format%2Ccompress&fit=crop&h=1025&ixlib=php-3.3.0&w=1536&s=73ea349205de50d0fd57d68c465d2e3a 1536w, https:\/\/miresiblog.imgix.net\/uploads\/2024\/05\/1-scaled.jpg?auto=format%2Ccompress&fit=crop&h=1367&ixlib=php-3.3.0&w=2048&s=4ed119c0026c460bf8ef301add9858eb 2048w, https:\/\/miresiblog.imgix.net\/uploads\/2024\/05\/1-scaled.jpg?auto=format%2Ccompress&fit=crop&h=240&ixlib=php-3.3.0&w=360&s=1fc071e3fe2100fa11ca711518e8a60a 360w, https:\/\/miresiblog.imgix.net\/uploads\/2024\/05\/1-scaled.jpg?auto=format%2Ccompress&ixlib=php-3.3.0&w=899&s=73f711758516ff35acd17412bf6825d3 899w\" sizes=\"(max-width: 1024px) 100vw, 1024px\" data-recalc-dims=\"1\" \/><figcaption class=\"wp-element-caption\">Las din\u00e1micas en grupo con personas mayores fomentar la comunicaci\u00f3n y tienen como objetivo evitar el aislamiento. <\/figcaption><\/figure>\n\n\n\n<h2 class=\"wp-block-heading\"><strong>2.1. Tipos de din\u00e1micas en grupo y c\u00f3mo aplicarlas<\/strong><\/h2>\n\n\n\n<p>Existen diversos tipos de din\u00e1micas en grupo para personas mayores. Exploraremos <strong>tres din\u00e1micas <\/strong>desarrolladas por <strong><a href=\"https:\/\/www.unicef.es\/?ac=AC-7401&utm_source=google&utm_medium=cpc&utm_content=pros&utm_campaign=CUERNO_DE_AFRICA&tc_alt=77775&n_o_pst=n_o_pst&gclsrc=aw.ds&&tc_alt=70052&n_o_pst=n_o_pst&n_okw=unicef%20espa%C3%B1a_e__c_125367528678&gclid=CjwKCAjwqauVBhBGEiwAXOepkQgzp77VS7kos8qO1W7NBWGfN2w5sLk8fPwtibng2e3z-xPIfLm4yxoC-0QQAvD_BwE\"  target=\"_blank\" rel=\"external nofollow\"  target=\"_blank\" title=\"UNICEF \"  class=\"wp-links-icon\">UNICEF <\/a><\/strong>y otras organizaciones como Prodemu en un texto titulado<a href=\"https:\/\/www.unicef.cl\/centrodoc\/tesuenafamiliar\/02%20Dinamicas.pdf\"  target=\"_blank\" rel=\"external nofollow\"  target=\"_blank\" rel=\"noreferrer noopener\"  class=\"wp-links-icon\"> <strong>Din\u00e1micas y juegos<\/strong><\/a><strong>.<\/strong> <\/p>\n\n\n\n<h3 class=\"wp-block-heading\"><strong>2.1.1. Din\u00e1micas de presentaci\u00f3n<\/strong><\/h3>\n\n\n\n<p>Las din\u00e1micas de presentaci\u00f3n son juegos sencillos dise\u00f1ados para facilitar el primer contacto y establecer relaciones en el grupo. Estas actividades ayudan a los participantes a aprender los nombres y caracter\u00edsticas de sus compa\u00f1eros, fomentando un ambiente de familiaridad.<\/p>\n\n\n\n<p><strong>Ejemplo: \u201cEl Ovillo de Lana\u201d<\/strong><br>Los integrantes del grupo se colocan en un c\u00edrculo. El gu\u00eda comienza sosteniendo un ovillo de lana, comparte su nombre, ocupaci\u00f3n y pasatiempos, y luego lanza el ovillo a otro participante, manteniendo el extremo. El proceso contin\u00faa, cada persona se presenta antes de lanzar el ovillo, formando una \u201ctela de ara\u00f1a\u201d que deber\u00e1n desenredar al final, simbolizando el entramado de sus nuevas conexiones.<\/p>\n\n\n\n<h3 class=\"wp-block-heading\"><strong>2.1.2. Din\u00e1micas de confianza y cohesi\u00f3n grupal<\/strong><\/h3>\n\n\n\n<p>Estas din\u00e1micas est\u00e1n enfocadas en construir confianza dentro del grupo y promover actitudes de solidaridad y trabajo conjunto.<\/p>\n\n\n\n<p><strong>Ejemplo: \u201cSigue la Historia\u201d<\/strong><br>El primer participante inicia con un relato de un minuto. Posteriormente, cada miembro del grupo a\u00f1ade una parte a la historia de manera sucesiva. Esta actividad no solo involucra a todos en una narraci\u00f3n colectiva, sino que tambi\u00e9n fortalece la cohesi\u00f3n grupal a trav\u00e9s de la creatividad compartida.<\/p>\n\n\n\n<h3 class=\"wp-block-heading\"><strong>2.1.3. Din\u00e1micas para el contacto emocional<\/strong><\/h3>\n\n\n\n<p>Dise\u00f1adas para facilitar el contacto personal y emocional, estas din\u00e1micas ayudan a los participantes a desarrollar una conciencia afectiva y a integrarla en su vida diaria.<\/p>\n\n\n\n<p><strong>Prop\u00f3sito:<\/strong><br>Fomentan la expresi\u00f3n de emociones y sentimientos, promoviendo una mayor conexi\u00f3n emp\u00e1tica y afectiva entre los miembros del grupo.<\/p>\n\n\n\n<div class=\"wp-block-buttons is-layout-flex wp-block-buttons-is-layout-flex\">\n<div class=\"wp-block-button has-custom-font-size aligncenter has-medium-font-size\"><a href=\"https:\/\/miresi.es\/buscador\/\"  rel=\"nofollow\"  rel=\"nofollow\"><strong>Contacta con nuestros expertos en residencias de ancianos<\/strong><\/a><\/div>\n<\/div>\n\n\n\n<h2 class=\"wp-block-heading\"><strong>3. 5. Explora m\u00e1s din\u00e1micas en grupo con personas mayores<\/strong><\/h2>\n\n\n\n<p>Aqu\u00ed te presentamos siete din\u00e1micas en grupo con personas mayores. Estas actividades son sencillas y no requieren muchos recursos, pero fomentan el bienestar social y la convivencia.<\/p>\n\n\n\n<h3 class=\"wp-block-heading\"><strong>3.1. El bingo de presentaci\u00f3n<\/strong><\/h3>\n\n\n\n<p>El gu\u00eda del grupo entrega a cada miembro una <strong>ficha<\/strong> y les dice que escriban su <strong>nombre<\/strong> y se la devuelvan. Despu\u00e9s entrega un cart\u00f3n en blanco donde los participantes deben apuntar el <strong>nombre propio y el del resto de miembros<\/strong> del grupo en el orden que quiera cada uno: por ejemplo, apunta seis nombres en cada fila. Cuando todos tienen el cart\u00f3n preparado comienza el juego. El gu\u00eda ir\u00e1 <strong>nombrando a los participante<\/strong>, sacando las fichas en las que ha escrito su nombre. El nombre se marca en el cart\u00f3n. La persona que complete m\u00e1s nombres en la primera fila recibe diez puntos. Se repite cuantas veces se quiera.<\/p>\n\n\n\n<h3 class=\"wp-block-heading\"><strong>3.2. Las palmas<\/strong><\/h3>\n\n\n\n<p>Se trata de decir el nombre propio y el de otra persona llevando el ritmo marcado. En c\u00edrculo, <strong>el gu\u00eda marca el ritmo<\/strong>; un golpe con las palmas de las manos sobre las piernas, una palmada, mano derecha hacia atr\u00e1s por encima del hombro y lo mismo con la mano izquierda. Al llevar la derecha hacia atr\u00e1s hay que decir el nombre de uno mismo y al llevar la izquierda el de otra persona del grupo. La persona nombrada dice <strong>su nombre y el de otra persona.<\/strong> As\u00ed sucesivamente hasta ser presentados todos, sin perder el ritmo.<\/p>\n\n\n\n<h3 class=\"wp-block-heading\"><strong>3.3. \u201cFulanito\u201d llama a \u201cMenganito\u201d<\/strong><\/h3>\n\n\n\n<p>El objetivo de esta din\u00e1mica es lograr que los miembros del grupo memoricen los nombres de sus compa\u00f1eros, as\u00ed como sus rostros y actitudes divertidas de los participantes. Se forma un c\u00edrculo con los participantes, todos ellos sentados. El jugador que est\u00e1 a la cabeza comienza diciendo <strong>su nombre y llamando a otro jugador,<\/strong> por ejemplo: \u201cJuan llama a Dolores\u201d, Dolores responde \u201cDolores llama a Vicente\u201d, Vicente dice \u201cVicente llama a Remedios\u201d, etc. El que no responda r\u00e1pido a su nombre tiene que cumplir una penitencia, por ejemplo, deber\u00e1 contar un chiste o cantar algo.<\/p>\n\n\n\n<figure class=\"wp-block-image size-full is-resized\"><img decoding=\"async\" width=\"730\" height=\"409\" src=\"https:\/\/miresiblog.imgix.net\/uploads\/2024\/09\/Captura-de-pantalla-2025-03-05-115943.png?auto=format%2Ccompress&ixlib=php-3.3.0&s=e25e2e04c6822f051349d4e66b76fc6c\" alt=\"Actividades y juegos en residencias de mayores que fomentan la sociabilizaci\u00f3n.\" class=\"wp-image-23822\" style=\"width:1170px;height:auto\" srcset=\"https:\/\/miresiblog.imgix.net\/uploads\/2024\/09\/Captura-de-pantalla-2025-03-05-115943.png?auto=format%2Ccompress&ixlib=php-3.3.0&w=730&s=6885d0cb3495f6f6075e27f2ac7c1eb4 730w, https:\/\/miresiblog.imgix.net\/uploads\/2024\/09\/Captura-de-pantalla-2025-03-05-115943.png?auto=format%2Ccompress&fit=crop&h=168&ixlib=php-3.3.0&w=300&s=69c32f1fc7f580c72441a1d2f8da8bc2 300w, https:\/\/miresiblog.imgix.net\/uploads\/2024\/09\/Captura-de-pantalla-2025-03-05-115943.png?auto=format%2Ccompress&fit=crop&h=202&ixlib=php-3.3.0&w=360&s=124037ac76743725ecefc916b0db42f0 360w\" sizes=\"(max-width: 730px) 100vw, 730px\" \/><\/figure>\n\n\n\n<h3 class=\"wp-block-heading\"><strong>3.4. Tres verdades y una mentira<\/strong><\/h3>\n\n\n\n<p>Todos escriben sus nombres y <strong>tres cosas verdaderas <\/strong>y una falsa acerca de s\u00ed mismos en una hoja grande de papel. Por ejemplo, \u201cA Rogelio le gusta cantar, le encanta jugar al parch\u00eds, se divorci\u00f3 cinco veces y le encanta la \u00f3pera\u201d. Los participantes se unen en parejas con sus hojas de papel. Ense\u00f1an a sus parejas el papel y deben tratar de <strong>adivinar la informaci\u00f3n que es mentira.<\/strong> Los miembros se van intercambiando de parejas para continuar adivinando.<\/p>\n\n\n\n<h3 class=\"wp-block-heading\"><strong>3.5. \u00bfQui\u00e9n soy?<\/strong><\/h3>\n\n\n\n<p>La actividad consiste en poner el nombre de una <strong>persona famosa<\/strong> pegado a la espalda de cada participante, de tal forma que \u00e9ste no pueda verlo. Los participantes pasean por la sala y tienen que hacerse preguntas los unos sobre los otros para lograr <strong>identificar<\/strong> el nombre del personaje famoso que les ha tocado. El juego contin\u00faa hasta que todos hayan descubierto qui\u00e9nes son.<\/p>\n\n\n\n<div class=\"wp-block-buttons is-content-justification-center is-layout-flex wp-container-core-buttons-is-layout-16018d1d wp-block-buttons-is-layout-flex\">\n<div class=\"wp-block-button\"><a href=\"https:\/\/miresi.es\/buscador\/\"  ><strong>Encuentra la residencia de ancianos ideal con miResi<\/strong><\/a><\/div>\n<\/div>\n\n\n\n<h3 class=\"wp-block-heading\"><strong>3.6. Pasar energ\u00eda<\/strong><\/h3>\n\n\n\n<p>La actividad consiste en poner el <strong>nombre de una personas famosa<\/strong> pegado a la espalda de cada participante, de tal forma que \u00e9ste no pueda verlo. Los participantes pasean por la sala y tienen que hacerse preguntas los unos sobre los otros para lograr identificar el nombre del personaje famoso que les ha tocado. El juego contin\u00faa hasta que todos hayan descubierto qui\u00e9nes son.<\/p>\n\n\n\n<p>Los miembros del grupo se colocan en c\u00edrculo. Se toman las manos los unos a los otros. Deben estar concentrados y en silencio. El gu\u00eda de la actividad comienza enviando una serie de \u201c<strong>pulsaciones<\/strong>\u201d en ambas direcciones alrededor del grupo <strong>apretando<\/strong> con <strong>discreci\u00f3n las manos<\/strong> de los que est\u00e1n junto a \u00e9l o a ella. Los participantes pasan estas pulsaciones a trav\u00e9s del c\u00edrculo, como si fuera corriente el\u00e9ctrica, apretando la mano de la persona junto a ellos y literalmente \u201cenergizando\u201d al grupo.<\/p>\n\n\n\n<h3 class=\"wp-block-heading\"><strong>3.7. Imagen de espejo<\/strong><\/h3>\n\n\n\n<p>Los participantes se dividen entre ellos en parejas. Cada <strong>pareja<\/strong> decide cu\u00e1l de ellos va a ser el <strong>\u201cespejo\u201d. <\/strong>Entonces esta persona <strong>imita<\/strong> (refleja) las acciones de su pareja. Despu\u00e9s de un tiempo, el gu\u00eda del juego pide a la pareja que cambie los roles de la actividad, y as\u00ed la otra persona puede ser el \u201cespejo\u201d.<\/p>\n\n\n\n<p>Participar en din\u00e1micas de grupo puede transformar significativamente la calidad de vida de las personas mayores, ofreciendo oportunidades para fortalecer lazos sociales, estimular la mente y el cuerpo, y promover el bienestar emocional. <\/p>\n\n\n\n<figure class=\"wp-block-image size-full\"><img decoding=\"async\" width=\"736\" height=\"406\" src=\"https:\/\/miresiblog.imgix.net\/uploads\/2024\/09\/Captura-de-pantalla-2025-03-05-115818.png?auto=format%2Ccompress&ixlib=php-3.3.0&s=322a975fc076b465bbbce3e2056e23f7\" alt=\"Ideas de juegos para personas mayores \" class=\"wp-image-23827\" srcset=\"https:\/\/miresiblog.imgix.net\/uploads\/2024\/09\/Captura-de-pantalla-2025-03-05-115818.png?auto=format%2Ccompress&ixlib=php-3.3.0&w=736&s=af807b00c0638800f6af2b6b425653ba 736w, https:\/\/miresiblog.imgix.net\/uploads\/2024\/09\/Captura-de-pantalla-2025-03-05-115818.png?auto=format%2Ccompress&fit=crop&h=165&ixlib=php-3.3.0&w=300&s=f889c35c0a6e457be362b5b5589ee7d0 300w, https:\/\/miresiblog.imgix.net\/uploads\/2024\/09\/Captura-de-pantalla-2025-03-05-115818.png?auto=format%2Ccompress&fit=crop&h=199&ixlib=php-3.3.0&w=360&s=e721bb529f847928de6417261f755a2c 360w\" sizes=\"(max-width: 736px) 100vw, 736px\" \/><\/figure>\n\n\n\n<p>Estas actividades sencillas no solo enriquecen el d\u00eda a d\u00eda, sino que tambi\u00e9n fomentan un sentido de comunidad y pertenencia. Al integrar din\u00e1micas como las mencionadas en este art\u00edculo, podemos contribuir al desarrollo personal y colectivo, y crear entornos en los que todos se sientan valorados y conectados. <\/p>\n\n\n\n<p>En <strong><a href=\"https:\/\/miresi.es\/buscador\/?utm_source=blog\"  rel=\"nofollow\"  rel=\"nofollow\">miResi<\/a><\/strong> sabemos lo importante que es la animaci\u00f3n sociocultural para las personas mayores, por eso trabajamos con m\u00e1s de 1.200 residencias de mayores en Espa\u00f1a que tienen en cuenta este factor de salud y de ocio entre sus servicios. Trabajamos para que nuestros mayores tengan los cuidados que se merecen y para que se encuentren en las mejores manos. <\/p>\n\n\n\n<p>Cont\u00e1ctanos y te ayudamos gratis a encontrar la residencia o centro de d\u00eda que ofrecen din\u00e1micas en grupo con personas mayores, profesionales dedicados al cuido, alimentaci\u00f3n especializada y dem\u00e1s servicios exclusivos para personas de la tercera edad. <\/p>\n\n\n\n<div class=\"wp-block-buttons is-layout-flex wp-block-buttons-is-layout-flex\">\n<div class=\"wp-block-button has-custom-font-size aligncenter has-medium-font-size\"><a href=\"https:\/\/miresi.es\/informacion-residencias\/\"  rel=\"nofollow\"  rel=\"nofollow\"><strong>Solicita gratis informaci\u00f3n sobre nuestra red de residencias<\/strong><\/a><\/div>\n<\/div>\n\n\n\n<h2 class=\"wp-block-heading\"><strong>4. \u00danete a nuestra red de residencias<\/strong><\/h2>\n\n\n\n<p>En miResi, nos enorgullece conectar a las familias con las residencias de ancianos m\u00e1s confiables y de alta calidad. Si representas una residencia y deseas formar parte de nuestra creciente red, nos encantar\u00eda escucharte.<\/p>\n\n\n\n<h3 class=\"wp-block-heading\"><strong>4.1 \u00bfPor qu\u00e9 unirse a miResi?<\/strong><\/h3>\n\n\n\n<ul class=\"wp-block-list\">\n<li><strong>Visibilidad mejorada:<\/strong>\u00a0Al unirte a nuestra red, tu residencia ganar\u00e1 mayor visibilidad entre las familias que buscan el mejor cuidado para sus seres queridos.<\/li>\n\n\n\n<li><strong>Acceso a una comunidad amplia:<\/strong>\u00a0Forma parte de un sistema que conecta residencias con familias en b\u00fasqueda de atenci\u00f3n especializada, aumentando tus oportunidades de conectar con nuevos residentes.<\/li>\n\n\n\n<li><strong>Soporte Continuo:<\/strong>\u00a0Ofrecemos herramientas y recursos para ayudarte a destacar tus servicios, instalaciones, y la calidad del cuidado que provees.<\/li>\n<\/ul>\n\n\n\n<h3 class=\"wp-block-heading\"><strong>4.2 Contacto y proceso de afiliaci\u00f3n:<\/strong><\/h3>\n\n\n\n<ul class=\"wp-block-list\">\n<li><strong>Consulta inicial:<\/strong>\u00a0Comienza con una conversaci\u00f3n sobre c\u00f3mo podemos integrar tu residencia a nuestra red y los beneficios que esto conlleva.<\/li>\n\n\n\n<li><strong>Facilidad de proceso:<\/strong>\u00a0Nuestro equipo te guiar\u00e1 a trav\u00e9s del sencillo proceso de afiliaci\u00f3n y se asegurar\u00e1 de que todo est\u00e9 listo para comenzar.<\/li>\n\n\n\n<li><strong>Asesor\u00eda personalizada:<\/strong>\u00a0Recibe recomendaciones personalizadas sobre c\u00f3mo optimizar el perfil de tu residencia para atraer a m\u00e1s familias.<\/li>\n<\/ul>\n\n\n\n<p>Nuestro equipo de profesionales estar\u00e1 siempre disponible para discutir sobre c\u00f3mo podemos trabajar juntos. Si est\u00e1s interesado en formar parte de nuestra comunidad en miResi, no dudes en contactarnos. \u00a1Esperamos recibirte y ayudarte a destacar tus servicios de cuidado!<\/p>\n\n\n\n<div class=\"wp-block-buttons is-content-justification-center is-layout-flex wp-container-core-buttons-is-layout-16018d1d wp-block-buttons-is-layout-flex\">\n<div class=\"wp-block-button has-custom-font-size has-medium-font-size\"><a href=\"https:\/\/miresi.es\/informacion-residencias\/\"  ><strong>Contacta con nosotros para conocer nuestra red de residencias<\/strong><\/a><\/div>\n<\/div>\n\n\n\n<div style=\"height:0px\" aria-hidden=\"true\" class=\"wp-block-spacer\"><\/div>\n\n\n\n<p class=\"has-cyan-bluish-gray-color has-text-color\" style=\"font-size:10px\">Fuentes:\u00a0\u00a0<\/p>\n\n\n\n<ul style=\"font-size:10px\" class=\"wp-block-list has-cyan-bluish-gray-color has-text-color\">\n<li><em>La din\u00e1mica grupal con adultos mayores <\/em>de Adela G\u00f3mez:<a href=\"https:\/\/angelrazo.files.wordpress.com\/2013\/07\/la-dinamica-grupal-con-adultos-mayores.pdf\"  target=\"_blank\" rel=\"external nofollow\"  target=\"_blank\"  class=\"wp-links-icon\"> https:\/\/angelrazo.files.wordpress.com\/2013\/07\/la-dinamica-grupal-con-adultos-mayores.pdf<\/a><\/li>\n\n\n\n<li>Dinamicasgrupales.com:<a href=\"https:\/\/campuseducativo.santafe.edu.ar\/wp-content\/uploads\/700-Din%C3%A1micas-grupales.pdf\"  target=\"_blank\" rel=\"external nofollow\"  target=\"_blank\"  class=\"wp-links-icon\"> https:\/\/campuseducativo.santafe.edu.ar\/wp-content\/uploads\/700-Din%C3%A1micas-grupales.pdf<\/a><\/li>\n\n\n\n<li>\u00bfTe suena familiar?:<a href=\"https:\/\/campuseducativo.santafe.edu.ar\/wp-content\/uploads\/700-Din%C3%A1micas-grupales.pdf\"  target=\"_blank\" rel=\"external nofollow\"  target=\"_blank\"  class=\"wp-links-icon\"> https:\/\/campuseducativo.santafe.edu.ar\/wp-content\/uploads\/700-Din%C3%A1micas-grupales.pdf<\/a><\/li>\n<\/ul>\n<div style='text-align:center' class='yasr-auto-insert-visitor'><!--Yasr Visitor Votes Shortcode--><div id='yasr_visitor_votes_a29f26756d464' class='yasr-visitor-votes'><div class=\"yasr-custom-text-vv-before yasr-custom-text-vv-before-16471\">\u00a1Haz clic para puntuar esta entrada!<\/div><div id='yasr-vv-second-row-container-a29f26756d464'\r\n                                        class='yasr-vv-second-row-container'><div id='yasr-visitor-votes-rater-a29f26756d464'\r\n                                      class='yasr-rater-stars-vv'\r\n                                      data-rater-postid='16471'\r\n                                      data-rating='4.4'\r\n                                      data-rater-starsize='32'\r\n                                      data-rater-readonly='false'\r\n                                      data-rater-nonce='4d05b5a2cb'\r\n                                      data-issingular='false'\r\n                                    ><\/div><div class=\"yasr-vv-stats-text-container\" id=\"yasr-vv-stats-text-container-a29f26756d464\"><svg xmlns=\"https:\/\/www.w3.org\/2000\/svg\" width=\"20\" height=\"20\"\r\n                                   class=\"yasr-dashicons-visitor-stats\"\r\n                                   data-postid=\"16471\"\r\n                                   id=\"yasr-stats-dashicon-a29f26756d464\">\r\n                                   <path d=\"M18 18v-16h-4v16h4zM12 18v-11h-4v11h4zM6 18v-8h-4v8h4z\"><\/path>\r\n                               <\/svg><span id=\"yasr-vv-text-container-a29f26756d464\" class=\"yasr-vv-text-container\"> (Votos: <span id=\"yasr-vv-votes-number-container-a29f26756d464\">11<\/span>  Promedio: <span id=\"yasr-vv-average-container-a29f26756d464\">4.4<\/span>)<\/span><\/div><div id='yasr-vv-loader-a29f26756d464' class='yasr-vv-container-loader'><\/div><\/div><div id='yasr-vv-bottom-container-a29f26756d464'\r\n                              class='yasr-vv-bottom-container'\r\n                              style='display:none'><\/div><\/div><!--End Yasr Visitor Votes Shortcode--><\/div>","protected":false},"excerpt":{"rendered":"<p>Las Dinamicas en Grupo con Personas Mayores es una forma de fomentar el bienestar social durante la tercera edad. En el siguiente post encontrar\u00e1s siete propuestas.<\/p>\n","protected":false},"author":13,"featured_media":16472,"comment_status":"open","ping_status":"open","sticky":false,"template":"","format":"standard","meta":{"yasr_overall_rating":0,"yasr_post_is_review":"","yasr_auto_insert_disabled":"","yasr_review_type":"","footnotes":""},"categories":[26,390,385],"tags":[545,286,30],"class_list":["post-16471","post","type-post","status-publish","format-standard","has-post-thumbnail","hentry","category-envejecimiento","category-planes","category-relaciones","tag-actividades-residencias","tag-bienestar-personas-mayores","tag-envejecimiento-activo"],"yasr_visitor_votes":{"stars_attributes":{"read_only":false,"span_bottom":false},"number_of_votes":11,"sum_votes":48},"_links":{"self":[{"href":"https:\/\/miresi.es\/blog\/wp-json\/wp\/v2\/posts\/16471","targetHints":{"allow":["GET"]}}],"collection":[{"href":"https:\/\/miresi.es\/blog\/wp-json\/wp\/v2\/posts"}],"about":[{"href":"https:\/\/miresi.es\/blog\/wp-json\/wp\/v2\/types\/post"}],"author":[{"embeddable":true,"href":"https:\/\/miresi.es\/blog\/wp-json\/wp\/v2\/users\/13"}],"replies":[{"embeddable":true,"href":"https:\/\/miresi.es\/blog\/wp-json\/wp\/v2\/comments?post=16471"}],"version-history":[{"count":34,"href":"https:\/\/miresi.es\/blog\/wp-json\/wp\/v2\/posts\/16471\/revisions"}],"predecessor-version":[{"id":24261,"href":"https:\/\/miresi.es\/blog\/wp-json\/wp\/v2\/posts\/16471\/revisions\/24261"}],"wp:featuredmedia":[{"embeddable":true,"href":"https:\/\/miresi.es\/blog\/wp-json\/wp\/v2\/media\/16472"}],"wp:attachment":[{"href":"https:\/\/miresi.es\/blog\/wp-json\/wp\/v2\/media?parent=16471"}],"wp:term":[{"taxonomy":"category","embeddable":true,"href":"https:\/\/miresi.es\/blog\/wp-json\/wp\/v2\/categories?post=16471"},{"taxonomy":"post_tag","embeddable":true,"href":"https:\/\/miresi.es\/blog\/wp-json\/wp\/v2\/tags?post=16471"}],"curies":[{"name":"wp","href":"https:\/\/api.w.org\/{rel}","templated":true}]}}