{"id":16659,"date":"2022-06-25T19:13:00","date_gmt":"2022-06-25T18:13:00","guid":{"rendered":"https:\/\/miresi.es\/blog\/?p=16659"},"modified":"2026-04-23T18:05:06","modified_gmt":"2026-04-23T17:05:06","slug":"infeccion-de-orina-en-ancianos-con-alzheimer","status":"publish","type":"post","link":"https:\/\/miresi.es\/blog\/infeccion-de-orina-en-ancianos-con-alzheimer\/","title":{"rendered":"\u00bfConoces las complicaciones de la infecci\u00f3n de orina en ancianos con Alzheimer?"},"content":{"rendered":"\n<p>La infecci\u00f3n de orina se da con frecuencia entre la poblaci\u00f3n anciana. Todos sabemos c\u00f3mo se desarrolla una infecci\u00f3n de orina, pero <strong>escasamente reparamos en c\u00f3mo se vive desde la perspectiva de un anciano con demencia<\/strong>. Por ello, desde <a href=\"https:\/\/miresi.es\/buscador\/\"  rel=\"noreferrer noopener\" title=\"miResi\"  rel=\"noreferrer noopener\" title=\"miResi\">miResi<\/a> queremos darte las claves para entender c\u00f3mo s e vive la infecci\u00f3n de orina en ancianos con Alzheimer.<\/p>\n\n\n\n<div class=\"wp-block-buttons is-layout-flex wp-block-buttons-is-layout-flex\">\n<div class=\"wp-block-button aligncenter\"><a href=\"https:\/\/miresi.es\/buscador\/?utm_source=blog\"  rel=\"noreferrer noopener\"  rel=\"noreferrer noopener\">p\u00eddenos consejo sin compromiso<\/a><\/div>\n<\/div>\n\n\n\n<h2 class=\"wp-block-heading\">1. <strong>\u00bfQu\u00e9 es la infecci\u00f3n de orina?<\/strong><\/h2>\n\n\n\n<p>La infecci\u00f3n de orina es la <strong>respuesta inmunol\u00f3gica <\/strong>que el cuerpo da a una situaci\u00f3n en el que la uretra (el vaso por el que circula la orina y posibilita la micci\u00f3n) se llena de <strong>g\u00e9rmenes<\/strong>. Esto\u00a0 deriva en una infecci\u00f3n con una sintomatolog\u00eda muy molesta que puede romper las rutinas de nuestros mayores.<\/p>\n\n\n\n<h2 class=\"wp-block-heading\">2. <strong>\u00bfC\u00f3mo afecta la infecci\u00f3n de orina en ancianos con Alzheimer?<\/strong><\/h2>\n\n\n\n<p>Los s\u00edntomas no difieren mucho entre la poblaci\u00f3n anciana y la joven. Lo principal es un <strong>intenso dolor al miccionar<\/strong>. Esto se suma a la <strong>necesidad de ir al ba\u00f1o continuamente.<\/strong> A esto se suman s\u00edntomas m\u00e1s graves como <strong>la fiebre, los escalofr\u00edos o la inflamaci\u00f3n.<\/strong><\/p>\n\n\n\n<p>Lo que s\u00ed cambia con la edad es la frecuencia con la que se contrae la infecci\u00f3n de orina. Durante la vejez, <strong>debido al deterioro del sistema inmunol\u00f3gico, es m\u00e1s frecuente que los mayores padezcan esta afecci\u00f3n.<\/strong><\/p>\n\n\n\n<p>En el caso de mayores que padecen patolog\u00edas como el <a href=\"https:\/\/miresi.es\/blog\/residencias-mayores-con-alzheimer-pais-vasco\/\"  target=\"_blank\" rel=\"noreferrer noopener\" title=\"8 Residencias para Mayores con Alzheimer en Pa\u00eds Vasco\"  target=\"_blank\" rel=\"noreferrer noopener\" title=\"8 Residencias para Mayores con Alzheimer en Pa\u00eds Vasco\">Alzheimer<\/a>, la infecci\u00f3n de orina puede constituir un problema mayor. Los mayores que tienen p\u00e9rdidas de memoria <strong>no pueden llevar una rutina higi\u00e9nica adecuada.<\/strong> En ocasiones no recuerdan si se han cambiado la ropa interior o tienen <a href=\"https:\/\/miresi.es\/blog\/panales-para-adultos\/\"  target=\"_blank\" rel=\"noreferrer noopener\" title=\"Hablando sin Prejuicios: Mejores Pa\u00f1ales para Adultos\"  target=\"_blank\" rel=\"noreferrer noopener\" title=\"Hablando sin Prejuicios: Mejores Pa\u00f1ales para Adultos\">p\u00e9rdidas de orina.\u00a0<\/a><\/p>\n\n\n\n<p>Durante estos episodios, los mayores experimentan<a href=\"https:\/\/miresi.es\/blog\/trastorno-de-ansiedad-en-el-adulto-mayor\/\"  target=\"_blank\" rel=\"noreferrer noopener\" title=\"\u00bfSabes C\u00f3mo Afecta el Trastorno de Ansiedad en el Adulto Mayor?\"  target=\"_blank\" rel=\"noreferrer noopener\" title=\"\u00bfSabes C\u00f3mo Afecta el Trastorno de Ansiedad en el Adulto Mayor?\"> episodios de estr\u00e9s<\/a> que pueden derivar en ansiedad.<\/p>\n\n\n\n<figure class=\"wp-block-image size-large\"><img decoding=\"async\" width=\"1024\" height=\"683\" src=\"https:\/\/miresi.es\/blog\/wp-content\/uploads\/2022\/06\/man-cover-his-groin-by-hands-men-s-health-urolog-2021-08-29-17-47-06-utc-1024x683.jpg\" alt=\"La infecci\u00f3n de orina en ancianos con Alzheimer es normal\" class=\"wp-image-16661\" srcset=\"https:\/\/miresiblog.imgix.net\/uploads\/2022\/06\/man-cover-his-groin-by-hands-men-s-health-urolog-2021-08-29-17-47-06-utc-scaled.jpg?auto=format%2Ccompress&fit=crop&h=683&ixlib=php-3.3.0&w=1024&s=e9f52f1636c221550dbf7bfe14f5026c 1024w, https:\/\/miresiblog.imgix.net\/uploads\/2022\/06\/man-cover-his-groin-by-hands-men-s-health-urolog-2021-08-29-17-47-06-utc-scaled.jpg?auto=format%2Ccompress&fit=crop&h=200&ixlib=php-3.3.0&w=300&s=d91440cc1d96efa294365f0460bed918 300w, https:\/\/miresiblog.imgix.net\/uploads\/2022\/06\/man-cover-his-groin-by-hands-men-s-health-urolog-2021-08-29-17-47-06-utc-scaled.jpg?auto=format%2Ccompress&fit=crop&h=512&ixlib=php-3.3.0&w=768&s=a302c84fd55ad02655357dac3f2e04f3 768w, https:\/\/miresiblog.imgix.net\/uploads\/2022\/06\/man-cover-his-groin-by-hands-men-s-health-urolog-2021-08-29-17-47-06-utc-scaled.jpg?auto=format%2Ccompress&fit=crop&h=1024&ixlib=php-3.3.0&w=1536&s=2dd44eafa9cd63b26605a927f6f291e4 1536w, https:\/\/miresiblog.imgix.net\/uploads\/2022\/06\/man-cover-his-groin-by-hands-men-s-health-urolog-2021-08-29-17-47-06-utc-scaled.jpg?auto=format%2Ccompress&fit=crop&h=1365&ixlib=php-3.3.0&w=2048&s=1d1215b9455a2a9ade2c7818e2142ea0 2048w, https:\/\/miresiblog.imgix.net\/uploads\/2022\/06\/man-cover-his-groin-by-hands-men-s-health-urolog-2021-08-29-17-47-06-utc-scaled.jpg?auto=format%2Ccompress&fit=crop&h=240&ixlib=php-3.3.0&w=360&s=14d9176c08f669e2e28ec4ca67fb98eb 360w, https:\/\/miresiblog.imgix.net\/uploads\/2022\/06\/man-cover-his-groin-by-hands-men-s-health-urolog-2021-08-29-17-47-06-utc-scaled.jpg?auto=format%2Ccompress&ixlib=php-3.3.0&w=900&s=97432ec59a1ec2b1b58e8ef287a0381a 900w\" sizes=\"(max-width: 1024px) 100vw, 1024px\" \/><figcaption>La infecci\u00f3n de orina causa la sensaci\u00f3n de tener que ir al ba\u00f1o constante<\/figcaption><\/figure>\n\n\n\n<h2 class=\"wp-block-heading\">3. <strong>\u00bfRequiere la infecci\u00f3n de orina en ancianos con Alzheimer un tratamiento especial?<\/strong><\/h2>\n\n\n\n<p>El tratamiento para la infecci\u00f3n de orina es el mismo que si no se padeciera Alzheimer. La medicaci\u00f3n que se receta son, normalmente, <strong>antibi\u00f3ticos<\/strong>.<\/p>\n\n\n\n<p>Lo que hay que tener en cuenta es el estado an\u00edmico. Los mayores con demencia no pueden ser sometidos a estr\u00e9s, por ello, <strong>no es conveniente enfadarse, re\u00f1ir o culpabilizarles. <\/strong>Por otra parte, puede ocurrir que los mayores con Alzheimer no recuerden las cosas.\u00a0\u00a0<\/p>\n\n\n\n<p>Por ello, es importante que <strong>las familias est\u00e9n atentas a sus mayores<\/strong>. Puede que este no comunique las cosas porque las olvida por su situaci\u00f3n. No por ello las experimenta o sufre menos. Se debe tener una especial atenci\u00f3n con lo que ocurre con los ancianos con Alzheimer.<\/p>\n\n\n\n<h2 class=\"wp-block-heading\">4. <strong>5 centro especializados en el cuidado de personas con Alzheimer en Espa\u00f1a<\/strong><\/h2>\n\n\n\n<p>Las personas con patolog\u00edas como el Alzheimer requieren de unos cuidados personalizados de calidad. Hay centros que centran su actividad en <strong>la recuperaci\u00f3n y el acompa\u00f1amiento a mayores con Alzheimer.<\/strong><\/p>\n\n\n\n<p>Para facilitar la b\u00fasqueda, aqu\u00ed te dejamos un <strong>listado con centros de d\u00eda y residencias especializadas<\/strong> en el cuidado de personas con Alzheimer y demencia.<\/p>\n\n\n\n<h3 class=\"wp-block-heading\">4.1. <strong>Centro de d\u00eda Manava (Madrid)<\/strong><\/h3>\n\n\n\n<p>El Centro De D\u00eda Manava es un centro de d\u00eda y <strong>terapia especializado y pionero en terapias No Farmacol\u00f3gicas y neurorehabilitadores<\/strong>, que proporciona una atenci\u00f3n especializada a personas con diferentes demencias en diferentes fases de la enfermedad: tipo Alzheimer, demencia vascular, mixta, enfermedad de Parkinson\u2026 as\u00ed como personas que necesiten una <strong>rehabilitaci\u00f3n neurol\u00f3gica<\/strong> a consecuencia de un Da\u00f1o Cerebral Adquirido (ICTUS, ACV, Traumatismos Craneoencef\u00e1licos, Tumores), de manera integral y especializada. Adem\u00e1s de prestar servicios a todas aquellas personas mayores que quieren poner el foco en continuar teniendo un <a href=\"https:\/\/miresi.es\/blog\/que-es-el-envejecimiento-activo\/\"  target=\"_blank\" rel=\"noreferrer noopener\" title=\"\u00bfQu\u00e9 es el envejecimiento activo?\"  target=\"_blank\" rel=\"noreferrer noopener\" title=\"\u00bfQu\u00e9 es el envejecimiento activo?\">envejecimiento activo<\/a>. De manera que quieran trabajar para mantener sus capacidades sin ninguna patolog\u00eda .<\/p>\n\n\n\n<p>Prestamos nuestros servicios en el \u00e1mbito geogr\u00e1fico del municipio de <strong>Madrid y alrededores<\/strong>, y dirigimos nuestros esfuerzo en promover la autonom\u00eda personal de nuestros usuarios y el aliviar la situaci\u00f3n de las familias que los atienden. El centro se encuentra a escasos 150 metros del parque Agust\u00edn Rodr\u00edguez Sahag\u00fan, en el<strong> distrito de Tetu\u00e1n.\u00a0<\/strong><\/p>\n\n\n\n<p>En Manava aplicamos un\u00a0 enfoque neurorehabilitador de <strong>terapias\u00a0 individuales y grupales<\/strong>. Las terapias son variadas y adaptadas a cada usuario, bas\u00e1ndonos en el<a href=\"https:\/\/miresi.es\/blog\/atencion-centrada-en-la-persona-con-demencia\/\"  target=\"_blank\" rel=\"noreferrer noopener\" title=\"\u00bfQu\u00e9 es la Atenci\u00f3n Centrada en la Persona con Demencia?\"  target=\"_blank\" rel=\"noreferrer noopener\" title=\"\u00bfQu\u00e9 es la Atenci\u00f3n Centrada en la Persona con Demencia?\"> Modelo de Atenci\u00f3n Centrada en la Persona<\/a>. Los grupos de trabajo son homog\u00e9neos, reducidos y diferenciados posibilitando as\u00ed una mejor atenci\u00f3n, adem\u00e1s hacemos desarrollamos un programa de ocio y socializaci\u00f3n.<\/p>\n\n\n\n<h3 class=\"wp-block-heading\">4.2. <a href=\"https:\/\/miresi.es\/barcelona\/igualada\/residencia-y-centro-de-dia-pare-vilaseca\/\"  target=\"_blank\" rel=\"noreferrer noopener\"  target=\"_blank\" rel=\"noreferrer noopener\"><strong>Centro de d\u00eda y residencia<\/strong><\/a><strong> (Barcelona)<\/strong><\/h3>\n\n\n\n<p>La Residencia y Centro de D\u00eda Pare Vilaseca sigue el modelo de atenci\u00f3n centrada en la persona, atendiendo las preferencias de cada uno de nuestros residentes para dar un servicio de m\u00e1xima calidad y adaptado a las necesidades individuales de cada persona. Disponemos de <strong>5 unidades diferenciadas adaptadas a distintos perfiles de usuarios<\/strong>, en funci\u00f3n de su grado de dependencia, su estado f\u00edsico y su estado cognitivo. De esta forma aseguramos un servicio personalizado y una buena convivencia en las unidades.<\/p>\n\n\n\n<p>Nuestro equipo de profesionales se ocupa del <strong>mantenimiento de la salud f\u00edsica, ps\u00edquica, emocional y relacional de los residentes<\/strong>, con el objetivo de que mantengan el m\u00e1ximo grado de autonom\u00eda personal y social.<\/p>\n\n\n\n<p>Tenemos la suerte de estar situados en una extensa <strong>finca de 10.744 m2 <\/strong>que nos permite tener m\u00faltiples jardines equipados con aparatos donde nuestros residentes pueden practicar ejercicio, un espacio para los<strong> talleres de horticultura, zonas de paseo y lectura<\/strong>, un parque infantil para los visitantes, y una gran sala polivalente donde se realizan sesiones de cine, m\u00fasica, actuaciones, talleres y servicio religioso. Tenemos una<strong> sala de estimulaci\u00f3n sensorial Snoezelen, una sala de fisioterapia y gimnasia, salas de talleres, salas de visitas y biblioteca.<\/strong><\/p>\n\n\n\n<p>Ofrecemos un gran abanico de actividades incluyendo sesiones de cine y de m\u00fasica, terapia asistida con perros, paseos con acompa\u00f1ante, sesiones de estimulaci\u00f3n Snoezelen, gimnasia, bingo, talleres de cocina, talleres de manualidades y de costura, <strong>talleres de memoria, talleres de horticultura y la celebraci\u00f3n de todas las fiestas tradicionales.\u00a0<\/strong><\/p>\n\n\n\n<h3 class=\"wp-block-heading\">4.3. <a href=\"https:\/\/miresi.es\/valencia\/el-puig-de-santa-maria\/la-saleta-el-puig\/\"  target=\"_blank\" rel=\"noreferrer noopener\"  target=\"_blank\" rel=\"noreferrer noopener\"><strong>Residencia La Saleta El Puig<\/strong><\/a><strong> (Valencia)<\/strong><\/h3>\n\n\n\n<p>La Saleta El Puig se encuentra en una zona de <strong>calma y sosiego<\/strong>, junto al Monasterio de Nuestra Se\u00f1ora de El Puig, a cinco minutos del centro de la localidad.\u00a0<\/p>\n\n\n\n<p>Las personas que viven en el centro encuentran <strong>espacios interiores c\u00e1lidos, iluminados y abiertos,<\/strong> al mismo tiempo que disponen de instalaciones y equipamientos accesibles que facilitan sus actividades del d\u00eda a d\u00eda. Todo ello, se ve complementado por <strong>jardines y zonas verdes <\/strong>que ayudan a encontrar la tranquilidad y el contacto con la naturaleza.<\/p>\n\n\n\n<p>Asimismo, ofrecen un total de 140 plazas residenciales, tanto en su vertiente p\u00fablica como privada. Tambi\u00e9n disponen de plazas de <strong>atenci\u00f3n diurna para ayudar a mantener la autonom\u00eda de las personas y su integraci\u00f3n social.<\/strong><\/p>\n\n\n\n<figure class=\"wp-block-image size-large\"><img decoding=\"async\" width=\"1024\" height=\"683\" src=\"https:\/\/miresi.es\/blog\/wp-content\/uploads\/2022\/06\/woman-on-the-toilet-bowl-2021-12-09-04-40-11-utc-1024x683.jpg\" alt=\"La infecci\u00f3n de orina en ancianos con Alzheimer es normal\" class=\"wp-image-16665\" srcset=\"https:\/\/miresiblog.imgix.net\/uploads\/2022\/06\/woman-on-the-toilet-bowl-2021-12-09-04-40-11-utc-scaled.jpg?auto=format%2Ccompress&fit=crop&h=683&ixlib=php-3.3.0&w=1024&s=aebce508496ddd7ae46f6e1624ac61fc 1024w, https:\/\/miresiblog.imgix.net\/uploads\/2022\/06\/woman-on-the-toilet-bowl-2021-12-09-04-40-11-utc-scaled.jpg?auto=format%2Ccompress&fit=crop&h=200&ixlib=php-3.3.0&w=300&s=33ad340c448ba224a3662de5658a624a 300w, https:\/\/miresiblog.imgix.net\/uploads\/2022\/06\/woman-on-the-toilet-bowl-2021-12-09-04-40-11-utc-scaled.jpg?auto=format%2Ccompress&fit=crop&h=513&ixlib=php-3.3.0&w=768&s=cb1410e3d7bcb06d2da0f8970ef866c2 768w, https:\/\/miresiblog.imgix.net\/uploads\/2022\/06\/woman-on-the-toilet-bowl-2021-12-09-04-40-11-utc-scaled.jpg?auto=format%2Ccompress&fit=crop&h=1025&ixlib=php-3.3.0&w=1536&s=f6cb32f6bcac0027b8261a5c395af076 1536w, https:\/\/miresiblog.imgix.net\/uploads\/2022\/06\/woman-on-the-toilet-bowl-2021-12-09-04-40-11-utc-scaled.jpg?auto=format%2Ccompress&fit=crop&h=1367&ixlib=php-3.3.0&w=2048&s=122f2795a53bd86a5c0955d9968d0ff7 2048w, https:\/\/miresiblog.imgix.net\/uploads\/2022\/06\/woman-on-the-toilet-bowl-2021-12-09-04-40-11-utc-scaled.jpg?auto=format%2Ccompress&fit=crop&h=240&ixlib=php-3.3.0&w=360&s=016c3b97a2bbbba9dc044ed3d7ea60b1 360w, https:\/\/miresiblog.imgix.net\/uploads\/2022\/06\/woman-on-the-toilet-bowl-2021-12-09-04-40-11-utc-scaled.jpg?auto=format%2Ccompress&ixlib=php-3.3.0&w=899&s=ff3de8d07ff92af69987fcd8b818826a 899w\" sizes=\"(max-width: 1024px) 100vw, 1024px\" \/><figcaption>La infecci\u00f3n de orina provoca dolores a la hora de miccionar<\/figcaption><\/figure>\n\n\n\n<h3 class=\"wp-block-heading\">4.4 <a href=\"https:\/\/miresi.es\/sevilla\/sevilla\/santisimo-cristo-de-los-dolores\/\"  ><strong>Residencia Sant\u00edsimo Cristo de los Dolores<\/strong><\/a><strong> (Sevilla)<\/strong><\/h3>\n\n\n\n<p>La Residencia Sant\u00edsimo Cristo De Los Dolores para personas mayores Sant\u00edsimo Cristo de los Dolores es un centro que <strong>cuida al m\u00e1ximo la protecci\u00f3n y la seguridad de sus mayores. <\/strong>Por eso, el trabajo del equipo es excepcional, velando siempre por la promoci\u00f3n y la autonom\u00eda de los mayores.\u00a0<\/p>\n\n\n\n<p>Cuentan con un total de <strong>58 plazas para sus residentes<\/strong>. Ofrecen actividades de ocio y terapias orientadas a reducir los da\u00f1os psicol\u00f3gicos y f\u00edsicos de los confinamientos prolongados.\u00a0<\/p>\n\n\n\n<p>Adem\u00e1s, son un <strong>centro especializado en demencias y otras patolog\u00edas<\/strong>. Por lo que lo convierte en un centro \u00fanico de gran calidad asistencias.<\/p>\n\n\n\n<h3 class=\"wp-block-heading\">4.5. <a href=\"https:\/\/miresi.es\/jaen\/la-carolina\/seniors-vina-del-rey\/\"  target=\"_blank\" rel=\"noreferrer noopener\"  target=\"_blank\" rel=\"noreferrer noopener\"><strong>Residencia Seniors Vi\u00f1a Del Rey<\/strong><\/a><strong> (Ja\u00e9n)<\/strong><\/h3>\n\n\n\n<p>La Residencia Seniors Vi\u00f1a Del Rey se encuentra emplazada en la ciudad de La Carolina en la comarca de Sierra Morena. Nuestro centro consta con una <strong>superficie de 6.300 m2 de los cuales 1.500 m2 son zonas ajardinadas al aire libre<\/strong>. Construido en 2006 cuenta con todos los avances en instrumental y material geri\u00e1trico para lograr nuestro principal objetivo, la m\u00e1xima calidad en nuestro servicio.<\/p>\n\n\n\n<p>La residencia para mayores Vi\u00f1a del Rey dispone de <strong>88 plazas de residencia y 38 plazas de Unidad de Estancias Diurnas<\/strong> (Centro de D\u00eda).<\/p>\n\n\n\n<div class=\"wp-block-buttons is-layout-flex wp-block-buttons-is-layout-flex\">\n<div class=\"wp-block-button aligncenter\"><a href=\"https:\/\/miresi.es\/buscador\/?utm_source=blog\"  rel=\"noreferrer noopener\"  rel=\"noreferrer noopener\">consigue residencia hoy<\/a><\/div>\n<\/div>\n\n\n\n<p>Como hemos visto, la infecci\u00f3n de orina <strong>no es un problema que deba quitar el sue\u00f1o de nuestros mayores,<\/strong> pero es muy inc\u00f3modo, por lo que convendr\u00eda tratarlo de inmediato. Desde miResi estamos comprometidos con procurar las claves a las familias para que los mayores se encuentren bien atendidos. <strong>Esperamos que esta informaci\u00f3n sea de utilidad en caso de que el mayor desarrolle una infecci\u00f3n de orina.<\/strong><\/p>\n\n\n\n<p class=\"has-small-font-size\">Fuentes:<\/p>\n\n\n\n<ul class=\"has-small-font-size wp-block-list\"><li>Cuidum: <a href=\"https:\/\/www.cuidum.com\/blog\/infeccion-de-orina-en-ancianos\/\"  target=\"_blank\" rel=\"external nofollow\"  target=\"_blank\"  class=\"wp-links-icon\">https:\/\/www.cuidum.com\/blog\/infeccion-de-orina-en-ancianos\/<\/a>\u00a0<\/li><li>Aiudo: <a href=\"https:\/\/aiudo.es\/infeccion-de-orina-ancianos-personas-mayores\/\"  target=\"_blank\" rel=\"external nofollow\"  target=\"_blank\"  class=\"wp-links-icon\">https:\/\/aiudo.es\/infeccion-de-orina-ancianos-personas-mayores\/<\/a><\/li><\/ul>\n<div style='text-align:center' class='yasr-auto-insert-visitor'><!--Yasr Visitor Votes Shortcode--><div id='yasr_visitor_votes_cdeebf9692b66' class='yasr-visitor-votes'><div class=\"yasr-custom-text-vv-before yasr-custom-text-vv-before-16659\">\u00a1Haz clic para puntuar esta entrada!<\/div><div id='yasr-vv-second-row-container-cdeebf9692b66'\r\n                                        class='yasr-vv-second-row-container'><div id='yasr-visitor-votes-rater-cdeebf9692b66'\r\n                                      class='yasr-rater-stars-vv'\r\n                                      data-rater-postid='16659'\r\n                                      data-rating='0'\r\n                                      data-rater-starsize='32'\r\n                                      data-rater-readonly='false'\r\n                                      data-rater-nonce='df9b54cd3f'\r\n                                      data-issingular='false'\r\n                                    ><\/div><div class=\"yasr-vv-stats-text-container\" id=\"yasr-vv-stats-text-container-cdeebf9692b66\"><svg xmlns=\"https:\/\/www.w3.org\/2000\/svg\" width=\"20\" height=\"20\"\r\n                                   class=\"yasr-dashicons-visitor-stats\"\r\n                                   data-postid=\"16659\"\r\n                                   id=\"yasr-stats-dashicon-cdeebf9692b66\">\r\n                                   <path d=\"M18 18v-16h-4v16h4zM12 18v-11h-4v11h4zM6 18v-8h-4v8h4z\"><\/path>\r\n                               <\/svg><span id=\"yasr-vv-text-container-cdeebf9692b66\" class=\"yasr-vv-text-container\"> (Votos: <span id=\"yasr-vv-votes-number-container-cdeebf9692b66\">0<\/span>  Promedio: <span id=\"yasr-vv-average-container-cdeebf9692b66\">0<\/span>)<\/span><\/div><div id='yasr-vv-loader-cdeebf9692b66' class='yasr-vv-container-loader'><\/div><\/div><div id='yasr-vv-bottom-container-cdeebf9692b66'\r\n                              class='yasr-vv-bottom-container'\r\n                              style='display:none'><\/div><\/div><!--End Yasr Visitor Votes Shortcode--><\/div>","protected":false},"excerpt":{"rendered":"<p>La infecci\u00f3n de orina es algo normal y se trata de una forma sencilla. Desde miResi te hablamos de la infecci\u00f3n de orina en ancianos con Alzheimer<\/p>\n","protected":false},"author":10,"featured_media":16660,"comment_status":"open","ping_status":"open","sticky":false,"template":"","format":"standard","meta":{"yasr_overall_rating":0,"yasr_post_is_review":"","yasr_auto_insert_disabled":"","yasr_review_type":"","footnotes":""},"categories":[386,12],"tags":[85,804,1451,289,440],"class_list":["post-16659","post","type-post","status-publish","format-standard","has-post-thumbnail","hentry","category-bienestar","category-patologias","tag-alzheimer","tag-infeccion-de-orina","tag-infeccion-de-orina-en-ancianos-con-alzheimer","tag-patologias-en-personas-mayores","tag-salud"],"yasr_visitor_votes":{"stars_attributes":{"read_only":false,"span_bottom":false},"number_of_votes":0,"sum_votes":0},"_links":{"self":[{"href":"https:\/\/miresi.es\/blog\/wp-json\/wp\/v2\/posts\/16659","targetHints":{"allow":["GET"]}}],"collection":[{"href":"https:\/\/miresi.es\/blog\/wp-json\/wp\/v2\/posts"}],"about":[{"href":"https:\/\/miresi.es\/blog\/wp-json\/wp\/v2\/types\/post"}],"author":[{"embeddable":true,"href":"https:\/\/miresi.es\/blog\/wp-json\/wp\/v2\/users\/10"}],"replies":[{"embeddable":true,"href":"https:\/\/miresi.es\/blog\/wp-json\/wp\/v2\/comments?post=16659"}],"version-history":[{"count":10,"href":"https:\/\/miresi.es\/blog\/wp-json\/wp\/v2\/posts\/16659\/revisions"}],"predecessor-version":[{"id":20642,"href":"https:\/\/miresi.es\/blog\/wp-json\/wp\/v2\/posts\/16659\/revisions\/20642"}],"wp:featuredmedia":[{"embeddable":true,"href":"https:\/\/miresi.es\/blog\/wp-json\/wp\/v2\/media\/16660"}],"wp:attachment":[{"href":"https:\/\/miresi.es\/blog\/wp-json\/wp\/v2\/media?parent=16659"}],"wp:term":[{"taxonomy":"category","embeddable":true,"href":"https:\/\/miresi.es\/blog\/wp-json\/wp\/v2\/categories?post=16659"},{"taxonomy":"post_tag","embeddable":true,"href":"https:\/\/miresi.es\/blog\/wp-json\/wp\/v2\/tags?post=16659"}],"curies":[{"name":"wp","href":"https:\/\/api.w.org\/{rel}","templated":true}]}}