{"id":16670,"date":"2022-06-24T09:46:16","date_gmt":"2022-06-24T08:46:16","guid":{"rendered":"https:\/\/miresi.es\/blog\/?p=16670"},"modified":"2026-04-23T18:05:22","modified_gmt":"2026-04-23T17:05:22","slug":"viajes-imserso-2022","status":"publish","type":"post","link":"https:\/\/miresi.es\/blog\/viajes-imserso-2022\/","title":{"rendered":"Viajes IMSERSO 2022 Destinos y Fechas de Salida: Turismo Termal"},"content":{"rendered":"\n<p>\u00bfConoces los <strong>Viajes IMSERSO 2022 Destinos y Fechas de Salida<\/strong>? El Imserso pretende proporcionar a las personas mayores estancias en diversos puntos de Espa\u00f1a con el objetivo de que disfruten de viajes y experiencias que fomenten el bienestar y una calidad de vida que repercuta en su salud general.<\/p>\n\n\n\n<p>En este post te hablamos de los <strong>Viajes IMSERSO 2022 Destinos y Fechas de Salida,<\/strong> concretamente, te hablamos de las ofertas de Turismo Termal que todav\u00eda pueden disfrutarse este a\u00f1o.\u00a0<\/p>\n\n\n\n<div class=\"wp-block-buttons is-layout-flex wp-block-buttons-is-layout-flex\">\n<div class=\"wp-block-button aligncenter\"><a href=\"https:\/\/miresi.es\/buscador\/?utm_source=blog\"  rel=\"noreferrer noopener\"  rel=\"noreferrer noopener\">encuentra residencia<\/a><\/div>\n<\/div>\n\n\n\n<div style=\"height:10px\" aria-hidden=\"true\" class=\"wp-block-spacer\"><\/div>\n\n\n\n<h2 class=\"wp-block-heading\">1. Requisitos Viajes IMSERSO 2022 Destinos y Fechas de Salida<\/h2>\n\n\n\n<p>En la <a href=\"https:\/\/www.imserso.es\/imserso_01\/envejecimiento_activo\/termalismo\/normativa\/index.htm\"  target=\"_blank\" rel=\"external nofollow\"  target=\"_blank\" rel=\"noreferrer noopener\"  class=\"wp-links-icon\"><strong>P\u00e1gina del Imserso<\/strong><\/a> se detalla la informaci\u00f3n respecto al <strong>Programa de Termalismo <\/strong>dirigido a pensionista que por <strong>prescripci\u00f3n<\/strong> facultativa precisen los tratamientos que se prestan en los balnearios y re\u00fanan los requisitos.<\/p>\n\n\n\n<p>Los programas ofrecen una <strong>reducci\u00f3n del precio<\/strong> en este tipo de establecimientos como parte de la promoci\u00f3n y fomento del <strong>envejecimiento activo<\/strong> que busca contribuir a mejorar la calidad de vida de las personas mayores y mejorar su salud. \u00bfQu\u00e9 requisitos debe cumplir la persona que quiera solicitar dicho programa?<\/p>\n\n\n\n<p>El art\u00edculo 3 de la<a href=\"https:\/\/www.boe.es\/diario_boe\/txt.php?id=BOE-A-2021-19629\"  target=\"_blank\" rel=\"external nofollow\"  target=\"_blank\" rel=\"noreferrer noopener\"  class=\"wp-links-icon\"> <strong>Resoluci\u00f3n del Imserso de 16 de noviembre de 2021<\/strong><\/a> recoge los <strong>requisitos<\/strong> establecidos en 2022 para poder hacer uso del Programa.<\/p>\n\n\n\n<p>En el Programa de Termalismo del Imserso podr\u00e1n participar las personas <strong>residentes en Espa\u00f1a <\/strong>que re\u00fanan alguno de los siguientes puntos o requisitos:<\/p>\n\n\n\n<ul class=\"wp-block-list\"><li>Ser pensionista de jubilaci\u00f3n o incapacidad permanente del Sistema de Seguridad Social espa\u00f1ol.<\/li><li>Ser pensionista de viudedad con cincuenta y cinco o m\u00e1s a\u00f1os de edad del Sistema de Seguridad Social espa\u00f1ol.<\/li><li>Ser pensionista por otros conceptos o perceptor de prestaciones o subsidios de desempleo, con sesenta o m\u00e1s a\u00f1os del Sistema de Seguridad Social espa\u00f1ol.<\/li><li>Ser persona asegurada o beneficiaria del Sistema de la Seguridad Social espa\u00f1ol, con sesenta y cinco o m\u00e1s a\u00f1os.<\/li><\/ul>\n\n\n\n<p>Las personas usuarias de plaza deben <strong>cumplir con otros requisitos <\/strong>como poder valerse por s\u00ed mismas para realizar las actividades b\u00e1sicas rutinarias, necesitar los <strong>tratamientos<\/strong> termales que soliciten del programa y <strong>carecer<\/strong> de <strong>objeciones m\u00e9dicas <\/strong>que impiden realizar las actividades. Pueden<a href=\"https:\/\/www.imserso.es\/imserso_01\/envejecimiento_activo\/termalismo\/requisitos\/index.htm\"  target=\"_blank\" rel=\"external nofollow\"  target=\"_blank\" rel=\"noreferrer noopener\"  class=\"wp-links-icon\"> leerse de forma m\u00e1s expl\u00edcita en la <strong>p\u00e1gina del Imserso.<\/strong><\/a><\/p>\n\n\n<div class=\"wp-block-image\">\n<figure class=\"aligncenter size-large\"><img decoding=\"async\" width=\"1024\" height=\"683\" src=\"https:\/\/miresi.es\/blog\/wp-content\/uploads\/2022\/06\/Viajes-IMSERSO-2022-destinos-y-fechas-de-salida-3-1024x683.jpg\" alt=\"Viajes IMSERSO 2022 Destinos y Fechas de Salida: Turismo Termal\n\" class=\"wp-image-16675\" title=\"Viajes IMSERSO 2022 Destinos y Fechas de Salida: Turismo Termal\" srcset=\"https:\/\/miresiblog.imgix.net\/uploads\/2022\/06\/Viajes-IMSERSO-2022-destinos-y-fechas-de-salida-3-scaled.jpg?auto=format%2Ccompress&fit=crop&h=683&ixlib=php-3.3.0&w=1024&s=da47b3ae20500b598718f5d1d0871085 1024w, https:\/\/miresiblog.imgix.net\/uploads\/2022\/06\/Viajes-IMSERSO-2022-destinos-y-fechas-de-salida-3-scaled.jpg?auto=format%2Ccompress&fit=crop&h=200&ixlib=php-3.3.0&w=300&s=8b7eb1bc12c8127b37037c25e91ed212 300w, https:\/\/miresiblog.imgix.net\/uploads\/2022\/06\/Viajes-IMSERSO-2022-destinos-y-fechas-de-salida-3-scaled.jpg?auto=format%2Ccompress&fit=crop&h=512&ixlib=php-3.3.0&w=768&s=29c8d10e768dbb08a841e3352be6de0c 768w, https:\/\/miresiblog.imgix.net\/uploads\/2022\/06\/Viajes-IMSERSO-2022-destinos-y-fechas-de-salida-3-scaled.jpg?auto=format%2Ccompress&fit=crop&h=1024&ixlib=php-3.3.0&w=1536&s=d3608903da904c40a736d7e3ce4f9756 1536w, https:\/\/miresiblog.imgix.net\/uploads\/2022\/06\/Viajes-IMSERSO-2022-destinos-y-fechas-de-salida-3-scaled.jpg?auto=format%2Ccompress&fit=crop&h=1365&ixlib=php-3.3.0&w=2048&s=8dde093c93b7988b0f202710571e5fdd 2048w, https:\/\/miresiblog.imgix.net\/uploads\/2022\/06\/Viajes-IMSERSO-2022-destinos-y-fechas-de-salida-3-scaled.jpg?auto=format%2Ccompress&fit=crop&h=240&ixlib=php-3.3.0&w=360&s=b0b2f1bdf1b1737f1456d4f1221cfeea 360w, https:\/\/miresiblog.imgix.net\/uploads\/2022\/06\/Viajes-IMSERSO-2022-destinos-y-fechas-de-salida-3-scaled.jpg?auto=format%2Ccompress&ixlib=php-3.3.0&w=900&s=89a3fd97f78f9155718d5450f5c07384 900w\" sizes=\"(max-width: 1024px) 100vw, 1024px\" \/><figcaption>Viajes IMSERSO 2022 Destinos y Fechas de Salida, envejecimiento activo<\/figcaption><\/figure>\n<\/div>\n\n\n<h2 class=\"wp-block-heading\">2. Solicitud Viajes IMSERSO 2022 Destinos y Fechas de Salida<\/h2>\n\n\n\n<p>Tal y como establece<a href=\"https:\/\/www.boe.es\/diario_boe\/txt.php?id=BOE-A-2021-19629\"  target=\"_blank\" rel=\"external nofollow\"  target=\"_blank\"  class=\"wp-links-icon\"> el art\u00edculo 5 de la Resoluci\u00f3n de convocatoria<\/a>, las <strong>solicitudes<\/strong> de <strong>participaci\u00f3n<\/strong> en el programa de <strong>termalismo<\/strong> para 2022 deber\u00e1n ser presentadas en los plazos establecidos.<\/p>\n\n\n\n<p>Para participar en el proceso de <strong>adjudicaci\u00f3n<\/strong> de <strong>plaza<\/strong>, para los turnos de febrero a agosto el plazo de solicitud est\u00e1 cerrado. Respecto a los turnos de los meses de <strong>septiembre a diciembre<\/strong>, el plazo de solicitud estuvo abierto hasta mayo de 2022.<\/p>\n\n\n\n<p>Por tanto, \u00bfcu\u00e1les quedan <strong>abiertos<\/strong>? Los de la <strong>Lista de Espera,<\/strong> con la finalidad de cubrir las plazas que vayan quedando disponibles por <strong>renuncias<\/strong> u otros motivos. En esta convocatoria de lista de espera el plazo disponible para enviar la solicitud, respecto a los turnos que van desde septiembre a diciembre, estar\u00e1 <strong>abierta hasta el d\u00eda 30 de octubre de 2022.<\/strong><\/p>\n\n\n\n<div class=\"wp-block-buttons is-layout-flex wp-block-buttons-is-layout-flex\">\n<div class=\"wp-block-button aligncenter\"><a href=\"https:\/\/miresi.es\/buscador\/\"  rel=\"noreferrer noopener\"  rel=\"noreferrer noopener\">ayuda personalizada<\/a><\/div>\n<\/div>\n\n\n\n<p>Como recoge<a href=\"https:\/\/www.boe.es\/diario_boe\/txt.php?id=BOE-A-2021-19629\"  target=\"_blank\" rel=\"external nofollow\"  target=\"_blank\"  class=\"wp-links-icon\"> el art\u00edculo 5 de la Resoluci\u00f3n del Imserso de 16 de noviembre de 2021<\/a>, la solicitud se formalizar\u00e1 en el <strong>modelo oficial<\/strong> junto con la <strong>declaraci\u00f3n<\/strong> responsable correspondiente; las solicitudes de participaci\u00f3n en el programa de termalismo para 2022, deber\u00e1n ser presentadas seg\u00fan los plazos establecidos. \u00bf<strong>C\u00f3mo<\/strong> <strong>puede realizarse la solicitud?<\/strong> A trav\u00e9s de varios medios, como se\u00f1alan desde la p\u00e1gina de la instituci\u00f3n:<\/p>\n\n\n\n<ul class=\"wp-block-list\"><li>Por su sencillez, rapidez y seguridad, se recomienda la presentaci\u00f3n de nuevas solicitudes de forma <strong>telem\u00e1tica<\/strong> a trav\u00e9s de la <strong>sede electr\u00f3nica del Imserso. <\/strong>No requiere autenticaci\u00f3n electr\u00f3nica.<\/li><li><strong>Descargando<\/strong> de la p\u00e1gina web del Imserso<a href=\"https:\/\/www.imserso.es\/interpresent3\/groups\/imserso\/documents\/binario\/solicitud_bal.pdf\"  target=\"_blank\" rel=\"external nofollow\"   class=\"wp-links-icon\"> el <\/a><strong><a href=\"https:\/\/www.imserso.es\/interpresent3\/groups\/imserso\/documents\/binario\/solicitud_bal.pdf\"  target=\"_blank\" rel=\"external nofollow\"  target=\"_blank\"  class=\"wp-links-icon\">modelo de solicitud<\/a><\/strong><a href=\"https:\/\/www.imserso.es\/interpresent3\/groups\/imserso\/documents\/binario\/solicitud_bal.pdf\"  target=\"_blank\" rel=\"external nofollow\"  target=\"_blank\"  class=\"wp-links-icon\"> de participaci\u00f3n<\/a> en el programa de termalismo. Una vez cumplimentado deber\u00e1 remitirse por alguno de los siguientes medios: A trav\u00e9s de los <strong>registros electr\u00f3nicos y oficinas<\/strong> relacionados en el art\u00edculo 9 de la Orden SSI\/1688\/2015, de 30 de julio, por la que se regula el programa de termalismo del Imserso. O bien, en un <strong>sobre franqueado,<\/strong> no por correo certificado, a la direcci\u00f3n: Programa de Termalismo del Imserso, apartado de correos 61.285 28080 Madrid.<\/li><\/ul>\n\n\n\n<h2 class=\"wp-block-heading\">3. Viajes IMSERSO 2022 Destinos y Fechas de Salida: Turismo Termal<\/h2>\n\n\n\n<p>El Programa de Termalismo del Imserso se efectuar\u00e1 durante el per\u00edodo que va desde el mes de <strong>febrero<\/strong> al mes de <strong>diciembre<\/strong> de 2022. Los turnos pueden ser de doce d\u00edas (once noches) o de diez d\u00edas (nueve noches) en r\u00e9gimen de <strong>pensi\u00f3n completa<\/strong>. Entre los servicios disponibles se encuentran: habitaciones dobles con instalaci\u00f3n de ba\u00f1o completo o ducha, agua caliente, comedor y salones sociales para la realizaci\u00f3n de actividades recreativas, entre otros.<\/p>\n\n\n\n<h3 class=\"wp-block-heading\">3.1. Balnearios del Programa Turismo Termal<\/h3>\n\n\n\n<p>Los tratamientos termales que ofrece el programa, seg\u00fan la estancia termal escogida, son los que se detallan en cada <strong>balneario participante<\/strong>. \u00bfCu\u00e1les son los balnearios que participan? Los<a href=\"https:\/\/www.imserso.es\/imserso_01\/envejecimiento_activo\/termalismo\/b_participantes\/index.htm\"  target=\"_blank\" rel=\"external nofollow\"  target=\"_blank\" rel=\"noreferrer noopener\"  class=\"wp-links-icon\"> <strong>balnearios que participan<\/strong> en el programa<\/a> se pueden encontrar detallados en la web del <strong>Imserso<\/strong>.<\/p>\n\n\n\n<p>A continuaci\u00f3n mencionamos <strong>5 propuestas <\/strong>de balnearios, una peque\u00f1a muestra de los muchos establecimientos que participan en el programa:<\/p>\n\n\n\n<h4 class=\"wp-block-heading\">3.1.1.\u00a0 Balneario Graena\u00a0<\/h4>\n\n\n\n<p>El balneario se ubica en el municipio <strong>granadino<\/strong> de Guadix. En la \u00e9poca nazar\u00ed ya se usaban las propiedades de las aguas del balneario, ubicado entre Cortes y Graena. Los clientes podr\u00e1n descubrir los distintos beneficios de sus <strong>aguas hipertermales.<\/strong> Son aguas sulfatadas, c\u00e1lcicas, con otra gran variedad de cationes como hierro. Tiene m\u00faltiples <strong>propiedades<\/strong> y son efectivas, seg\u00fan se\u00f1alan en la web del balneario, para combatir algunas <strong>dolencias<\/strong>, adem\u00e1s de proporcionar una \u201cincre\u00edble sensaci\u00f3n de relax y bienestar\u201d.<\/p>\n\n\n\n<p>Los programas incluyen una serie de <strong>tratamientos<\/strong>, que pueden combinarse con la oferta de <strong>alojamiento<\/strong> y r\u00e9gimen que se elija. Entre los tratamientos, dentro de las acciones por t\u00e9cnicas de aplicaci\u00f3n espec\u00edfica, se puede encontrar:<\/p>\n\n\n\n<ul class=\"wp-block-list\"><li><strong>Ba\u00f1os generales y locales.<\/strong> Ba\u00f1os individuales o colectivos que aportan las caracter\u00edsticas f\u00edsicas de las aguas, sus factores mec\u00e1nicos y de temperatura. Ba\u00f1os locales como maniluvios, pediluvios o ba\u00f1os de asientos para partes del cuerpo espec\u00edficas.<\/li><li><strong>Chorros<\/strong> a presi\u00f3n, ducha circular y ducha de Vichy.<\/li><li>Peloides o lodos naturales del balneario.<\/li><li>Estufas o ba\u00f1o turco. Ba\u00f1o turco desde donde se pueden respirar los <strong>gases emanados del manantial<\/strong>.<\/li><li>Inhaladores de gota gruesa y otras <strong>aplicaciones por inhalaci\u00f3n.<\/strong> Facilitan la eliminaci\u00f3n del moco, ya que lo hacen m\u00e1s fluido (acci\u00f3n mucol\u00edtica) y adem\u00e1s, al relajar la musculatura de los bronquios, tienen efecto broncodilatador.<\/li><\/ul>\n\n\n\n<h4 class=\"wp-block-heading\">3.1.2. Balneario las Caldas de Besaya<\/h4>\n\n\n\n<p>El balneario se encuentra en Cantabria y tiene tres edificios situados a ambos lados de la carretera comarcal que se comunican por las pasarelas. El edificio principal tiene unas setenta habitaciones de <strong>estilo decimon\u00f3nico<\/strong>. Las instalaciones cuentan asimismo con <strong>servicios<\/strong> <strong>completos<\/strong> de comedor, cafeter\u00eda, fonda, capilla, lavander\u00eda, albornoces, toallas, parking vigilado y se organizan reuniones para juegos de mesa, bailes, charlas comerciales, excursiones, etc.<\/p>\n\n\n\n<p>El tipo de sus <strong>aguas<\/strong> son <strong>manantiales<\/strong>. Aguas mineromedicinales, cloruradas, bicarbonatadas, s\u00f3dicas, azoadas y moderadamente radioactivas, con temperaturas de m\u00e1s de treinta y seis grados. Clasificadas oficialmente por su acci\u00f3n terap\u00e9utica para procedimientos reum\u00e1ticos, aparato respiratorio y <strong>sistema<\/strong> <strong>circulatorio<\/strong> nervioso.<\/p>\n\n\n\n<p>Algunas de las <strong>t\u00e9cnicas<\/strong> <strong>de tratamiento<\/strong> en cabinas individuales son:<\/p>\n\n\n\n<ul class=\"wp-block-list\"><li>\u00a0<strong>Ba\u00f1os<\/strong> de placer.<\/li><li>\u00a0Chorros manuales de presi\u00f3n.<\/li><li>\u00a0Contraste de presi\u00f3n.<\/li><li>Ba\u00f1os de <strong>hidromasaje<\/strong>.<\/li><li>Ba\u00f1os de burbujas.<\/li><li>Duchas circulares.<\/li><li>Masaje de <strong>t\u00e9cnicas manuales<\/strong>.<\/li><\/ul>\n\n\n<div class=\"wp-block-image\">\n<figure class=\"aligncenter size-large\"><img decoding=\"async\" width=\"1024\" height=\"683\" src=\"https:\/\/miresi.es\/blog\/wp-content\/uploads\/2022\/06\/Viajes-IMSERSO-2022-destinos-y-fechas-de-salida-1-1024x683.jpg\" alt=\"Viajes IMSERSO 2022 Destinos y Fechas de Salida: tratamientos termales\" class=\"wp-image-16677\" title=\"Viajes IMSERSO 2022 Destinos y Fechas de Salida: tratamientos termales\" srcset=\"https:\/\/miresiblog.imgix.net\/uploads\/2022\/06\/Viajes-IMSERSO-2022-destinos-y-fechas-de-salida-1-scaled.jpg?auto=format%2Ccompress&fit=crop&h=683&ixlib=php-3.3.0&w=1024&s=5aca4f3be32d48563a3a1e345e6cf11c 1024w, https:\/\/miresiblog.imgix.net\/uploads\/2022\/06\/Viajes-IMSERSO-2022-destinos-y-fechas-de-salida-1-scaled.jpg?auto=format%2Ccompress&fit=crop&h=200&ixlib=php-3.3.0&w=300&s=6fd0b61aac6a3fb6c181150c18d96db1 300w, https:\/\/miresiblog.imgix.net\/uploads\/2022\/06\/Viajes-IMSERSO-2022-destinos-y-fechas-de-salida-1-scaled.jpg?auto=format%2Ccompress&fit=crop&h=512&ixlib=php-3.3.0&w=768&s=6bbef8685e94ee978d88ba2da1982c6d 768w, https:\/\/miresiblog.imgix.net\/uploads\/2022\/06\/Viajes-IMSERSO-2022-destinos-y-fechas-de-salida-1-scaled.jpg?auto=format%2Ccompress&fit=crop&h=1024&ixlib=php-3.3.0&w=1536&s=9795ac903629fac4f83d16fc4d01c7ed 1536w, https:\/\/miresiblog.imgix.net\/uploads\/2022\/06\/Viajes-IMSERSO-2022-destinos-y-fechas-de-salida-1-scaled.jpg?auto=format%2Ccompress&fit=crop&h=1366&ixlib=php-3.3.0&w=2048&s=910b785ece423073ed3c3c2d0a4bc1b9 2048w, https:\/\/miresiblog.imgix.net\/uploads\/2022\/06\/Viajes-IMSERSO-2022-destinos-y-fechas-de-salida-1-scaled.jpg?auto=format%2Ccompress&fit=crop&h=240&ixlib=php-3.3.0&w=360&s=6a431a1c8d1c4e14fa12d236560db58b 360w, https:\/\/miresiblog.imgix.net\/uploads\/2022\/06\/Viajes-IMSERSO-2022-destinos-y-fechas-de-salida-1-scaled.jpg?auto=format%2Ccompress&ixlib=php-3.3.0&w=900&s=372525163346df459aac2794dea774d3 900w\" sizes=\"(max-width: 1024px) 100vw, 1024px\" \/><figcaption>Viajes IMSERSO 2022 Destinos y Fechas de Salida: tratamientos termales<br><\/figcaption><\/figure>\n<\/div>\n\n\n<h4 class=\"wp-block-heading\">3.1.3. Balneario de Prats<\/h4>\n\n\n\n<p>Se encuentra situado en Caldes de Malavella, Girona. Durante la <strong>\u00e9poca romana <\/strong>se convirti\u00f3 en lugar de <strong>peregrinaje<\/strong> debido al reconocimiento de sus <strong>aguas termales. <\/strong>En el siglo XIX la burgues\u00eda se vio atra\u00edda por las \u201cpropiedades curativas\u201d de las aguas termales, como indican en su p\u00e1gina web. En la actualidad el balneario es tambi\u00e9n un hotel.\u00a0<\/p>\n\n\n\n<p>El agua del Balneari Prats fluye a una temperatura entre <strong>cincuenta y seis y sesenta grados, <\/strong>con una composici\u00f3n <strong>mineral\u00f3gica<\/strong> y qu\u00edmica de bicarbonato s\u00f3dico, alcalino, litio y fluorado. Contiene silicio, litio, aluminio, calcio, potasio y manganeso.<\/p>\n\n\n\n<p>Los programas del balneario est\u00e1n pensados para <strong>beneficiarse<\/strong> de las \u201cpropiedades <strong>mineromedicinales<\/strong> del agua termal\u201d. Por eso, en cada uno de ellos se utiliza, por lo menos, una t\u00e9cnica de <strong>hidroterapia<\/strong>. Algunos de sus programas termales son:<\/p>\n\n\n\n<ul class=\"wp-block-list\"><li><strong>Antiestr\u00e9s<\/strong>: Ducha a presi\u00f3n o ba\u00f1o de burbujas, masaje general, envoltura de arcilla, ducha masaje.<\/li><li>Circulatorio: Ducha a presi\u00f3n, drenaje linf\u00e1tico, envoltura de arcilla, presoterapia.<\/li><li>Puesta en <strong>forma<\/strong>: Ducha a presi\u00f3n o reflexoterapia, entre otros.<\/li><li><strong>Belleza. <\/strong>Ducha a presi\u00f3n, ba\u00f1o de algas, higiene facial personalizada.<\/li><\/ul>\n\n\n\n<h3 class=\"wp-block-heading\">3.1.4. Balneario Fuencaliente<\/h3>\n\n\n\n<p>Situado en la localidad de Fuencaliente, en Sierra Morena. Como se\u00f1alan en la p\u00e1gina web, aunque la zona de Fuencaliente ha estado poblada por diferentes civilizaciones desde tiempos prehist\u00f3ricos, el pueblo debe su origen a un <strong>manantial de aguas termales<\/strong> que nacen debajo de la Iglesia. Sobre este manantial se construy\u00f3 una ermita siglos atr\u00e1s que dio origen a la actual poblaci\u00f3n.<\/p>\n\n\n\n<p>Respecto a las propiedades del agua de Fuencaliente, estas son: bicarbonatada, magn\u00e9sica, silicatada y ferromanganosa. La temperatura consta de entre treinta y siete y treinta y ocho grados durante todo el a\u00f1o. Conocida desde el siglo XII. \u201cDeclarada de utilidad p\u00fablica el 8 de junio de 1869. Recomendada para mantener un buen estado de salud y especialmente indicada para el <strong>tratamiento de procesos reum\u00e1ticos,<\/strong> musculares y traumatol\u00f3gicos; patolog\u00edas respiratorias no al\u00e9rgicas; relax y estr\u00e9s\u201d, indican desde el establecimiento.<\/p>\n\n\n\n<p>Los programas incluyen una serie de tratamientos, entre los que se encuentra:<\/p>\n\n\n\n<ul class=\"wp-block-list\"><li><strong>Chorro de Presi\u00f3n. <\/strong>Aplicaci\u00f3n corporal de un chorro de agua termal mineromedicinal a diferentes presiones y temperaturas.<\/li><li><strong>Ducha Circular. <\/strong>Aplicaci\u00f3n de agua termal mineromedicinal por medio de m\u00faltiples duchas de baja presi\u00f3n situadas a diferentes alturas.<\/li><li>Ba\u00f1o de Burbujas. Modalidad de masaje subacu\u00e1tico con burbujas producidas por inyectores de aire. Aplicado en ba\u00f1era individual con agua termal.<\/li><li>Ducha <strong>Vichy<\/strong>. Masaje aplicado por personal cualificado combinando con agua termal mineromedicinal en chorros, con la t\u00e9cnica de masaje tradicional.<\/li><li><strong>Aerosoles<\/strong>. Aplicaci\u00f3n de aerosoles seg\u00fan prescripci\u00f3n m\u00e9dica para el tratamiento de procesos bronquiales y de v\u00edas respiratorias altas que no sean de car\u00e1cter al\u00e9rgico.<\/li><\/ul>\n\n\n<div class=\"wp-block-image\">\n<figure class=\"aligncenter size-large\"><img decoding=\"async\" width=\"1024\" height=\"576\" src=\"https:\/\/miresi.es\/blog\/wp-content\/uploads\/2022\/06\/portrait-of-senior-woman-in-indoor-swimming-pool-2021-09-02-15-10-34-utc-1024x576.jpg\" alt=\"Las propiedades  del agua termal y beneficios para la salud\" class=\"wp-image-16680\" srcset=\"https:\/\/miresiblog.imgix.net\/uploads\/2022\/06\/portrait-of-senior-woman-in-indoor-swimming-pool-2021-09-02-15-10-34-utc-scaled.jpg?auto=format%2Ccompress&fit=crop&h=576&ixlib=php-3.3.0&w=1024&s=446c91725106d3c4bfec30d5b131c23d 1024w, https:\/\/miresiblog.imgix.net\/uploads\/2022\/06\/portrait-of-senior-woman-in-indoor-swimming-pool-2021-09-02-15-10-34-utc-scaled.jpg?auto=format%2Ccompress&fit=crop&h=169&ixlib=php-3.3.0&w=300&s=9ea05d5d491b34a086a21beca6a9d05d 300w, https:\/\/miresiblog.imgix.net\/uploads\/2022\/06\/portrait-of-senior-woman-in-indoor-swimming-pool-2021-09-02-15-10-34-utc-scaled.jpg?auto=format%2Ccompress&fit=crop&h=432&ixlib=php-3.3.0&w=768&s=76cf6d247f7ec7a68174f57cc9ec1d15 768w, https:\/\/miresiblog.imgix.net\/uploads\/2022\/06\/portrait-of-senior-woman-in-indoor-swimming-pool-2021-09-02-15-10-34-utc-scaled.jpg?auto=format%2Ccompress&fit=crop&h=864&ixlib=php-3.3.0&w=1536&s=a96e6adf0c574e12dd157a3b4a57a2c0 1536w, https:\/\/miresiblog.imgix.net\/uploads\/2022\/06\/portrait-of-senior-woman-in-indoor-swimming-pool-2021-09-02-15-10-34-utc-scaled.jpg?auto=format%2Ccompress&fit=crop&h=1152&ixlib=php-3.3.0&w=2048&s=ba9a45e6cd5fa85a5f0f5533e062cc17 2048w, https:\/\/miresiblog.imgix.net\/uploads\/2022\/06\/portrait-of-senior-woman-in-indoor-swimming-pool-2021-09-02-15-10-34-utc-scaled.jpg?auto=format%2Ccompress&fit=crop&h=203&ixlib=php-3.3.0&w=360&s=6abcef829cdb055f978d68bf5c5b0ed8 360w, https:\/\/miresiblog.imgix.net\/uploads\/2022\/06\/portrait-of-senior-woman-in-indoor-swimming-pool-2021-09-02-15-10-34-utc-scaled.jpg?auto=format%2Ccompress&ixlib=php-3.3.0&w=1067&s=94b0aa930be2ed971fad9529a9ba8a6a 1067w\" sizes=\"(max-width: 1024px) 100vw, 1024px\" \/><figcaption>Las propiedades del agua termal pueden tener beneficios para la salud<\/figcaption><\/figure>\n<\/div>\n\n\n<h4 class=\"wp-block-heading\">3.1.5. Balneario de Alange<\/h4>\n\n\n\n<p>El Balneario de Alange se encuentra en Badajoz. Cuenta con <strong>termas romanas <\/strong>de m\u00e1s de dos mil a\u00f1os de antig\u00fcedad. Las primeras construcciones del balneario son de origen romano, de esa construcci\u00f3n original han llegado, como indican en la web de la estancia, \u201cdos termas circulares techadas en c\u00fapula declaradas Patrimonio de la Humanidad\u201d.<\/p>\n\n\n\n<p>A partir de los a\u00f1os setenta se da un <strong>auge de la cultura termal<\/strong> y el balneario \u201cconoce entonces un importante impulso\u201d. Se ampl\u00edan sus instalaciones y las t\u00e9cnicas, y se comienza a construir el hotel Varinia Serena y, a\u00f1os m\u00e1s tarde, el Gran Hotel Aqualange. El balneario fue declarado Patrimonio de la Humanidad por la UNESCO en 1993.<\/p>\n\n\n\n<p>Como se\u00f1alan desde el balneario, \u201cel agua mineromedicinal es la raz\u00f3n de ser del Balneario de Alange y la base de todos los <strong>tratamientos hidrotermales<\/strong> y de <strong>belleza<\/strong>. Su especial composici\u00f3n la dota de propiedades terap\u00e9uticas que alivian diferentes dolencias y proporcionan descanso y bienestar\u201d. Respecto a las composiciones y propiedades terap\u00e9uticas, indican que el <strong>agua<\/strong> de Alange se origina en \u201ccapas muy <strong>profundas<\/strong>\u201d de la tierra enriqueci\u00e9ndose en su ascenso. <\/p>\n\n\n\n<p>En <a href=\"https:\/\/miresi.es\/buscador\/\"  rel=\"noreferrer noopener\"  rel=\"noreferrer noopener\"><strong>miResi<\/strong><\/a> sabemos lo importante que es las actividades sociocultural para las personas mayores. Trabajamos con una amplia red de residencias que tienen en cuenta este factor de salud y de ocio entre sus servicios. Si est\u00e1s buscando una residencia para tu familiar y necesitas ayuda, no dudes en contactarnos. Nuestro equipo te asesorar\u00e1 de forma gratuita y personalizada. <strong>\u00a1Bienvenidos a miResi!<\/strong><\/p>\n\n\n\n<div class=\"wp-block-buttons is-layout-flex wp-block-buttons-is-layout-flex\">\n<div class=\"wp-block-button aligncenter\"><a href=\"https:\/\/miresi.es\/buscador\/?utm_source=blog\"  rel=\"noreferrer noopener\"  rel=\"noreferrer noopener\">asesoramiento gratuito<\/a><\/div>\n<\/div>\n\n\n\n<div style=\"height:20px\" aria-hidden=\"true\" class=\"wp-block-spacer\"><\/div>\n\n\n\n<p class=\"has-cyan-bluish-gray-color has-text-color\" style=\"font-size:10px\">Fuentes:<\/p>\n\n\n\n<ul class=\"has-cyan-bluish-gray-color has-text-color wp-block-list\" style=\"font-size:10px\"><li>IMSERSO: <a href=\"https:\/\/www.imserso.es\/imserso_01\/envejecimiento_activo\/vacaciones\/index.htm\"  target=\"_blank\" rel=\"external nofollow\"  target=\"_blank\"  class=\"wp-links-icon\">https:\/\/www.imserso.es\/imserso_01\/envejecimiento_activo\/vacaciones\/index.htm<\/a> <a href=\"https:\/\/www.imserso.es\/imserso_01\/envejecimiento_activo\/termalismo\/b_participantes\/index.htm\"  target=\"_blank\" rel=\"external nofollow\"   class=\"wp-links-icon\">https:\/\/www.imserso.es\/imserso_01\/envejecimiento_activo\/termalismo\/b_participantes\/index.htm<\/a><\/li><li>Balneario Graena:<a href=\"https:\/\/www.balneario-graena.com\/\"  target=\"_blank\" rel=\"external nofollow\"  target=\"_blank\"  class=\"wp-links-icon\"> https:\/\/www.balneario-graena.com\/<\/a><\/li><li>Balneario Las Caldas de Besaya: <a href=\"http:\/\/www.balneariolascaldasdebesaya.com\/index.php\/instalaciones-2\/\"  target=\"_blank\" rel=\"external nofollow\"  target=\"_blank\"  class=\"wp-links-icon\">http:\/\/www.balneariolascaldasdebesaya.com\/index.php\/instalaciones-2\/<\/a><\/li><li>Balneario de Prats:<a href=\"https:\/\/www.balneariprats.com\/\"  target=\"_blank\" rel=\"external nofollow\"  target=\"_blank\"  class=\"wp-links-icon\"> https:\/\/www.balneariprats.com\/<\/a><\/li><li>Balneario Fuencaliente:<a href=\"https:\/\/www.balneariofuencaliente.com\/\"  target=\"_blank\" rel=\"external nofollow\"  target=\"_blank\" title=\"\"  class=\"wp-links-icon\"> https:\/\/www.balneariofuencaliente.com\/<\/a><\/li><li>Balneario de Alange:<a href=\"https:\/\/balneariodealange.com\/hotel_varinia.html\"  target=\"_blank\" rel=\"external nofollow\"  target=\"_blank\"  class=\"wp-links-icon\"> https:\/\/balneariodealange.com\/hotel_varinia.html<\/a><\/li><\/ul>\n<div style='text-align:center' class='yasr-auto-insert-visitor'><!--Yasr Visitor Votes Shortcode--><div id='yasr_visitor_votes_65b6995f77c39' class='yasr-visitor-votes'><div class=\"yasr-custom-text-vv-before yasr-custom-text-vv-before-16670\">\u00a1Haz clic para puntuar esta entrada!<\/div><div id='yasr-vv-second-row-container-65b6995f77c39'\r\n                                        class='yasr-vv-second-row-container'><div id='yasr-visitor-votes-rater-65b6995f77c39'\r\n                                      class='yasr-rater-stars-vv'\r\n                                      data-rater-postid='16670'\r\n                                      data-rating='0'\r\n                                      data-rater-starsize='32'\r\n                                      data-rater-readonly='false'\r\n                                      data-rater-nonce='4d05b5a2cb'\r\n                                      data-issingular='false'\r\n                                    ><\/div><div class=\"yasr-vv-stats-text-container\" id=\"yasr-vv-stats-text-container-65b6995f77c39\"><svg xmlns=\"https:\/\/www.w3.org\/2000\/svg\" width=\"20\" height=\"20\"\r\n                                   class=\"yasr-dashicons-visitor-stats\"\r\n                                   data-postid=\"16670\"\r\n                                   id=\"yasr-stats-dashicon-65b6995f77c39\">\r\n                                   <path d=\"M18 18v-16h-4v16h4zM12 18v-11h-4v11h4zM6 18v-8h-4v8h4z\"><\/path>\r\n                               <\/svg><span id=\"yasr-vv-text-container-65b6995f77c39\" class=\"yasr-vv-text-container\"> (Votos: <span id=\"yasr-vv-votes-number-container-65b6995f77c39\">0<\/span>  Promedio: <span id=\"yasr-vv-average-container-65b6995f77c39\">0<\/span>)<\/span><\/div><div id='yasr-vv-loader-65b6995f77c39' class='yasr-vv-container-loader'><\/div><\/div><div id='yasr-vv-bottom-container-65b6995f77c39'\r\n                              class='yasr-vv-bottom-container'\r\n                              style='display:none'><\/div><\/div><!--End Yasr Visitor Votes Shortcode--><\/div>","protected":false},"excerpt":{"rendered":"<p>En el siguiente post te contamos los programas de Turismo Termal dentro de los  Viajes IMSERSO 2022 Destinos y Fechas de Salida<\/p>\n","protected":false},"author":13,"featured_media":16672,"comment_status":"open","ping_status":"open","sticky":false,"template":"","format":"standard","meta":{"yasr_overall_rating":0,"yasr_post_is_review":"","yasr_auto_insert_disabled":"","yasr_review_type":"","footnotes":""},"categories":[386,26,385],"tags":[286,478,440,477],"class_list":["post-16670","post","type-post","status-publish","format-standard","has-post-thumbnail","hentry","category-bienestar","category-envejecimiento","category-relaciones","tag-bienestar-personas-mayores","tag-ocio-para-mayores","tag-salud","tag-viajes-imserso-espana"],"yasr_visitor_votes":{"stars_attributes":{"read_only":false,"span_bottom":false},"number_of_votes":0,"sum_votes":0},"_links":{"self":[{"href":"https:\/\/miresi.es\/blog\/wp-json\/wp\/v2\/posts\/16670","targetHints":{"allow":["GET"]}}],"collection":[{"href":"https:\/\/miresi.es\/blog\/wp-json\/wp\/v2\/posts"}],"about":[{"href":"https:\/\/miresi.es\/blog\/wp-json\/wp\/v2\/types\/post"}],"author":[{"embeddable":true,"href":"https:\/\/miresi.es\/blog\/wp-json\/wp\/v2\/users\/13"}],"replies":[{"embeddable":true,"href":"https:\/\/miresi.es\/blog\/wp-json\/wp\/v2\/comments?post=16670"}],"version-history":[{"count":30,"href":"https:\/\/miresi.es\/blog\/wp-json\/wp\/v2\/posts\/16670\/revisions"}],"predecessor-version":[{"id":20650,"href":"https:\/\/miresi.es\/blog\/wp-json\/wp\/v2\/posts\/16670\/revisions\/20650"}],"wp:featuredmedia":[{"embeddable":true,"href":"https:\/\/miresi.es\/blog\/wp-json\/wp\/v2\/media\/16672"}],"wp:attachment":[{"href":"https:\/\/miresi.es\/blog\/wp-json\/wp\/v2\/media?parent=16670"}],"wp:term":[{"taxonomy":"category","embeddable":true,"href":"https:\/\/miresi.es\/blog\/wp-json\/wp\/v2\/categories?post=16670"},{"taxonomy":"post_tag","embeddable":true,"href":"https:\/\/miresi.es\/blog\/wp-json\/wp\/v2\/tags?post=16670"}],"curies":[{"name":"wp","href":"https:\/\/api.w.org\/{rel}","templated":true}]}}