{"id":16698,"date":"2022-06-26T09:33:00","date_gmt":"2022-06-26T08:33:00","guid":{"rendered":"https:\/\/miresi.es\/blog\/?p=16698"},"modified":"2026-04-23T18:05:05","modified_gmt":"2026-04-23T17:05:05","slug":"solicitar-una-silla-de-ruedas","status":"publish","type":"post","link":"https:\/\/miresi.es\/blog\/solicitar-una-silla-de-ruedas\/","title":{"rendered":"Te Contamos C\u00f3mo Solicitar una Silla de Ruedas en la Seguridad Social"},"content":{"rendered":"\n<p>En situaciones de dependencia,<strong> las personas mayores necesitan de apoyo t\u00e9cnico para vivir.<\/strong> Los servicios p\u00fablicos tratan de hacerles llegar todas las herramientas que les permitan vivir con la mayor autonom\u00eda. Las sillas de ruedas son uno de estos apoyos que presta la Seguridad Social. Por ello, desde <a href=\"https:\/\/miresi.es\/buscador\/?utm_source=blog\"  title=\"miResi\"  title=\"miResi\">miResi<\/a> te informamos sobre <strong>c\u00f3mo y d\u00f3nde se puede solicitar una silla de ruedas.<\/strong><\/p>\n\n\n\n<p>La concesi\u00f3n de material ortop\u00e9dico y su <strong>subvenci\u00f3n se realiza desde la administraci\u00f3n p\u00fablica<\/strong>. Estas competencias (Sanidad y Dependencia) est\u00e1n transferidas a las comunidades aut\u00f3nomas y las 2 ciudades aut\u00f3nomas. La gesti\u00f3n y el presupuesto los gestiona la administraci\u00f3n auton\u00f3mica a trav\u00e9s de los <strong>Servicios Sociales (IMSERSO).<\/strong><\/p>\n\n\n\n<p>Pese a esto, los procesos, <strong>tiempos de espera y requisitos<\/strong> no cambian demasiado entre comunidades. Por ello, trataremos de hacer un esquema b\u00e1sico para que se comprenda c\u00f3mo solicitar esta ayuda.<\/p>\n\n\n\n<p>Adem\u00e1s, es importante contar con la informaci\u00f3n y recursos necesarios para mantener tu movilidad y calidad de vida. Por eso, te presentamos <strong><a href=\"https:\/\/senior.market\/\"  target=\"_blank\" rel=\"external nofollow\"  title=\"\"  class=\"wp-links-icon\">Senior Market<\/a><\/strong>, una tienda en l\u00ednea que proporciona productos y servicios para personas mayores. Aqu\u00ed, encontrar\u00e1s una <strong>amplia gama de sillas de ruedas para personas mayores<\/strong>, dise\u00f1adas para ofrecer comodidad, seguridad y autonom\u00eda. <\/p>\n\n\n<div class=\"wp-block-image\">\n<figure class=\"aligncenter size-full is-resized\"><a href=\"https:\/\/senior.market\/\"  target=\"_blank\" rel=\"external nofollow\"  ><img decoding=\"async\" width=\"914\" height=\"432\" src=\"https:\/\/miresiblog.imgix.net\/uploads\/2022\/06\/Captura-de-pantalla-2025-01-30-122918.png?auto=format%2Ccompress&ixlib=php-3.3.0&s=c168917bcfc9b9e1e19800f05aa8daf0\" alt=\"\" class=\"wp-image-23438\" style=\"width:584px;height:auto\" srcset=\"https:\/\/miresiblog.imgix.net\/uploads\/2022\/06\/Captura-de-pantalla-2025-01-30-122918.png?auto=format%2Ccompress&ixlib=php-3.3.0&w=914&s=27da8e1f110b54e635a82fea2248122e 914w, https:\/\/miresiblog.imgix.net\/uploads\/2022\/06\/Captura-de-pantalla-2025-01-30-122918.png?auto=format%2Ccompress&fit=crop&h=142&ixlib=php-3.3.0&w=300&s=596a17aaee2ae49e8a43d5857e1fdb87 300w, https:\/\/miresiblog.imgix.net\/uploads\/2022\/06\/Captura-de-pantalla-2025-01-30-122918.png?auto=format%2Ccompress&fit=crop&h=363&ixlib=php-3.3.0&w=768&s=a4127b19c6af910667dffe4e0a9c5339 768w, https:\/\/miresiblog.imgix.net\/uploads\/2022\/06\/Captura-de-pantalla-2025-01-30-122918.png?auto=format%2Ccompress&fit=crop&h=170&ixlib=php-3.3.0&w=360&s=c677c4e23c04f71b64c11cfc8638e47a 360w\" sizes=\"(max-width: 914px) 100vw, 914px\" \/><\/a><figcaption class=\"wp-element-caption\">Algunas de las sillas de ruedas que puedes encontrar en el cat\u00e1logo de Senior Market<\/figcaption><\/figure>\n<\/div>\n\n\n<p>Desde modelos manuales hasta el\u00e9ctricos, dispone de una gran variedad de opciones para adaptarse a tus necesidades individuales. <strong>Visita Senior Market <\/strong>y explora la selecci\u00f3n de <strong>sillas de ruedas<\/strong>, mientras esperas la respuesta de la Seguridad Social. Podemos ayudarte a encontrar la silla de ruedas que mejor se adapta a tu estilo de vida.<\/p>\n\n\n\n<div class=\"wp-block-buttons is-layout-flex wp-block-buttons-is-layout-flex\">\n<div class=\"wp-block-button has-custom-font-size aligncenter has-medium-font-size\"><a href=\"https:\/\/senior.market\/\"  target=\"_blank\" rel=\"external nofollow\"   class=\"wp-links-icon\"><strong>Visita Senior Market<\/strong><\/a><\/div>\n<\/div>\n\n\n\n<h2 class=\"wp-block-heading\">1. <strong>\u00bfCu\u00e1ndo puedo solicitar una silla de ruedas?<\/strong><\/h2>\n\n\n\n<p>Este servicio se brinda a todas aquellas personas que tengan una <strong>prescripci\u00f3n m\u00e9dica<\/strong> que diga que requieren de esta. Es importante saber que la concesi\u00f3n solo se realiza si lo determina un o una m\u00e9dica de la Seguridad Social. Si la recomendaci\u00f3n es por parte del doctor o doctora de un seguro privado, no vale.<\/p>\n\n\n\n<p>En este caso, no se aplica el copago, por lo que no se tienen en cuenta las rentas individuales ni la contribuci\u00f3n a la Seguridad Social. Como es evidente, s\u00ed ser\u00e1 necesario <strong>justificar que se es un usuario adscrito a la Seguridad Social sin deudas.<\/strong><\/p>\n\n\n\n<h2 class=\"wp-block-heading\">2. <strong>\u00bfC\u00f3mo se solicita una silla de ruedas a la Seguridad Social?<\/strong><\/h2>\n\n\n\n<p>Cuando tengamos la prescripci\u00f3n m\u00e9dica, tenemos que pensar en la documentaci\u00f3n que nos hace falta. Los papeles que se piden no son complicados de encontrar. Como son documentos que siempre llevamos a mano (<strong>el DNI y la SIP<\/strong>), pese a que no es lo normal y no se puede exigir esto, quiz\u00e1s los administrativos nos pueden hacer la fotocopia requerida.<\/p>\n\n\n<div class=\"wp-block-image\">\n<figure class=\"aligncenter size-large\"><img decoding=\"async\" width=\"1024\" height=\"681\" src=\"https:\/\/miresi.es\/blog\/wp-content\/uploads\/2022\/06\/adult-disabled-man-in-wheelchair-reading-a-book-2022-01-18-23-55-16-utc-1024x681.jpg\" alt=\"Anciano que sabe c\u00f3mo solicitar una silla de ruedas\" class=\"wp-image-16712\" srcset=\"https:\/\/miresiblog.imgix.net\/uploads\/2022\/06\/adult-disabled-man-in-wheelchair-reading-a-book-2022-01-18-23-55-16-utc-scaled.jpg?auto=format%2Ccompress&fit=crop&h=681&ixlib=php-3.3.0&w=1024&s=73cb672d3b5a3f441183f742ebfff748 1024w, https:\/\/miresiblog.imgix.net\/uploads\/2022\/06\/adult-disabled-man-in-wheelchair-reading-a-book-2022-01-18-23-55-16-utc-scaled.jpg?auto=format%2Ccompress&fit=crop&h=200&ixlib=php-3.3.0&w=300&s=9df74aabf9f8bbc75dd37bbd5a37717d 300w, https:\/\/miresiblog.imgix.net\/uploads\/2022\/06\/adult-disabled-man-in-wheelchair-reading-a-book-2022-01-18-23-55-16-utc-scaled.jpg?auto=format%2Ccompress&fit=crop&h=511&ixlib=php-3.3.0&w=768&s=27d57423245c7e5180cfa5aff55f2e8b 768w, https:\/\/miresiblog.imgix.net\/uploads\/2022\/06\/adult-disabled-man-in-wheelchair-reading-a-book-2022-01-18-23-55-16-utc-scaled.jpg?auto=format%2Ccompress&fit=crop&h=1022&ixlib=php-3.3.0&w=1536&s=006cf54acb10e714261bc79d74d7a439 1536w, https:\/\/miresiblog.imgix.net\/uploads\/2022\/06\/adult-disabled-man-in-wheelchair-reading-a-book-2022-01-18-23-55-16-utc-scaled.jpg?auto=format%2Ccompress&fit=crop&h=1363&ixlib=php-3.3.0&w=2048&s=ad842859988c2e45ddfb514a67016e0e 2048w, https:\/\/miresiblog.imgix.net\/uploads\/2022\/06\/adult-disabled-man-in-wheelchair-reading-a-book-2022-01-18-23-55-16-utc-scaled.jpg?auto=format%2Ccompress&fit=crop&h=240&ixlib=php-3.3.0&w=360&s=4dff167461672f06b4600ee12f868ba3 360w, https:\/\/miresiblog.imgix.net\/uploads\/2022\/06\/adult-disabled-man-in-wheelchair-reading-a-book-2022-01-18-23-55-16-utc-scaled.jpg?auto=format%2Ccompress&ixlib=php-3.3.0&w=902&s=a0fad52567ff7b2c7b83828466e9868d 902w\" sizes=\"(max-width: 1024px) 100vw, 1024px\" \/><figcaption class=\"wp-element-caption\">Muchas personas mayores necesitan sillas de ruedas a una edad avanzada<\/figcaption><\/figure>\n<\/div>\n\n\n<h3 class=\"wp-block-heading\"><strong>2.1. Documentaci\u00f3n necesaria<\/strong> para solicitar una silla de ruedas <\/h3>\n\n\n\n<p>La <strong>documentaci\u00f3n<\/strong> que se nos pedir\u00e1 desde los Servicios Sociales es la siguiente:<\/p>\n\n\n\n<ol class=\"wp-block-list\">\n<li><strong>Receta m\u00e9dica<\/strong> que recomiende la concesi\u00f3n (por parte de un m\u00e9dico de la Sanidad p\u00fablica).<\/li>\n\n\n\n<li><strong>Factura<\/strong> con el importe de la silla de ruedas que se ha adquirido (solo en caso de que se haya recomendado la compra y no se haya prestado una de las que se tienen en los hospitales).<\/li>\n\n\n\n<li><strong>DNI<\/strong> del solicitante y de su representante (solo en caso de que los tr\u00e1mites los realice una persona autorizada judicialmente para gestionar sus asuntos legales).<\/li>\n\n\n\n<li>Fotocopia de la<strong> tarjeta sanitaria<\/strong> de la Seguridad Social del mayor.<\/li>\n\n\n\n<li><strong>Datos bancarios<\/strong> (para realizar la devoluci\u00f3n del dinero).<\/li>\n<\/ol>\n\n\n\n<h3 class=\"wp-block-heading\"><strong>2.2. Proceso para solicitar una silla de ruedas a la Seguridad Social<\/strong><\/h3>\n\n\n\n<p>Cuando hayamos recopilado todos los papeles que se nos pide, solo debemos acudir a la <strong>secretar\u00eda del centro de salud para entregarlos<\/strong>. All\u00ed, la persona encargada lo tramitar\u00e1 con los datos que le hemos dado.<\/p>\n\n\n\n<p>No hay que hacer nada m\u00e1s. Como hemos visto, el proceso es muy sencillo y est\u00e1 muy guiado.<strong> Ni siquiera hace falta salir del centro de salud para conseguir la concesi\u00f3n.<\/strong><\/p>\n\n\n\n<h2 class=\"wp-block-heading\">3. <strong>\u00bfTengo que pagar algo?<\/strong><\/h2>\n\n\n\n<p><strong>No<\/strong>. En todos los casos, <strong>la Seguridad Social corre con los gastos<\/strong>. Esto es paralelo en todas las comunidades porque se sabe que este es un gasto imprevisto vinculado a una necesidad urgente. Se pueden dar dos situaciones que nos dan dos formas de financiaci\u00f3n:<\/p>\n\n\n\n<h3 class=\"wp-block-heading\"><strong>3.1. Si la silla se necesita para siempre<\/strong><\/h3>\n\n\n\n<p>Si los mayores necesitan la silla de ruedas para siempre, <strong>se tendr\u00e1 que comprar una<\/strong>. La receta del m\u00e9dico ya expl\u00edcita el tipo de silla que se debe comprar. Solo hay que ir a una tienda de ortopedia con la receta.<\/p>\n\n\n\n<p>Presentando la factura en la Seguridad Social, comenzar\u00e1 el tr\u00e1mite para que al mayor o sus familiares se les reembolse el dinero. No hay que tramitar nada, los empleados de administraci\u00f3n tramitar\u00e1n todo lo necesario. <strong>No hace falta nada m\u00e1s que la factura de la compra.<\/strong><\/p>\n\n\n\n<p>Como es evidente, la Seguridad Social se hace cargo de pagar el modelo de silla que ha prescrito. <strong>En caso de que se quiera otra (m\u00e1s moderna, con m\u00e1s funciones,\u2026) la administraci\u00f3n p\u00fablica no se har\u00e1 cargo.<\/strong><\/p>\n\n\n\n<p>Los plazos de <strong>devoluci\u00f3n<\/strong> no son fijos y var\u00edan seg\u00fan la comunidad aut\u00f3noma en la que se soliciten. Suele tardarse unos meses, pero todo depender\u00e1 de la rapidez de la administraci\u00f3n.<\/p>\n\n\n\n<p>Cuando el mayor no necesite m\u00e1s la silla por fallecimiento, <strong>la silla se dar\u00e1 a la Seguridad Social<\/strong>. Por lo tanto, Sanidad est\u00e1 financiando un material que posteriormente emplear\u00e1.<\/p>\n\n\n\n<p>De la misma forma, si nuestro mayor fallece y no hemos cobrado la devoluci\u00f3n, lo \u00fanico que tenemos que hacer es no cerrar la cuenta bancaria que di\u00e9ramos para que se realizara la <strong>devoluci\u00f3n<\/strong>. Los familiares est\u00e1n en su derecho de cobrar el reintegro.<\/p>\n\n\n\n<div class=\"wp-block-buttons is-layout-flex wp-block-buttons-is-layout-flex\">\n<div class=\"wp-block-button aligncenter\"><a href=\"https:\/\/miresi.es\/buscador\/?utm_source=blog\"  rel=\"nofollow\"  rel=\"nofollow\">consigue residencia hoy<\/a><\/div>\n<\/div>\n\n\n\n<h3 class=\"wp-block-heading\"><strong>3.2. Si la silla se necesita solo por un per\u00edodo de tiempo<\/strong><\/h3>\n\n\n\n<p>En cambio, si el mayor solo necesita la silla por un corto per\u00edodo de tiempo,<strong> la Seguridad Social le cede una de las que ya tiene<\/strong>. Como es normal, el material no abunda, por lo que hay que ser consciente de que pueden producirse <strong>retrasos<\/strong>.<\/p>\n\n\n\n<p>Como es un material que se va a emplear por un per\u00edodo corto (con esto nos referimos a un espacio de tiempo que no se considere para siempre -puede ir de los 2 meses a los 2 a\u00f1os, por ejemplo). Pese a que se d\u00e9 esta situaci\u00f3n, si el centro de salud no cuenta con material, <strong>se puede pedir al mayor que compre la silla para despu\u00e9s abonarle el importe.<\/strong><\/p>\n\n\n\n<p>Este material, como es evidente, <strong>se debe devolver al centro de salud cuando no se necesite m\u00e1s.<\/strong><\/p>\n\n\n\n<h2 class=\"wp-block-heading\">4. <strong>\u00bfQu\u00e9 hay del resto de material ortop\u00e9dico?<\/strong><\/h2>\n\n\n\n<p>De la misma forma que se prestan sillas de ruedas (o se reintegran los gastos por su adquisici\u00f3n), el resto de <strong>material ortop\u00e9dico est\u00e1 cubierto por la Sanidad p\u00fablica<\/strong>. Ser\u00eda raro que se subvencionaran las sillas de ruedas, pero no el resto de material, ya que la necesidad y funciones son las mismas.<\/p>\n\n\n\n<p>El proceso y la documentaci\u00f3n necesaria para pedir este material son exactamente los mismos que los que hemos comentado en el art\u00edculo para las sillas de ruedas.<\/p>\n\n\n\n<p>Est\u00e1 claro que hay <strong>material ortop\u00e9dico que por su modo de utilizaci\u00f3n (pr\u00f3tesis, acoples,\u2026) no se pueden devolver<\/strong>, pero el proceso de financiaci\u00f3n es el mismo.<\/p>\n\n\n\n<h2 class=\"wp-block-heading\">5. <strong>\u00bfC\u00f3mo se devuelve?<\/strong><\/h2>\n\n\n\n<p>En el caso de que la silla se necesitara \u00fanicamente para un per\u00edodo corto de tiempo, <strong>la silla se devolver\u00e1 en el mismo centro de salud en el que se diera<\/strong>. No hay que hacer ning\u00fan tr\u00e1mite para su devoluci\u00f3n. Las personas de la administraci\u00f3n se har\u00e1n cargo de anotar que la silla ha vuelto.<\/p>\n\n\n\n<p>Normalmente, los hospitales y centros de salud saben el tiempo que va a hacer falta la silla (contando siempre con cierto margen). Cuando el material ya no haga falta, <strong>se podr\u00e1 devolver en un plazo de tiempo previamente establecido<\/strong>. Si no es as\u00ed, el centro se pondr\u00e1 en contacto con el mayor para exigir su devoluci\u00f3n.<\/p>\n\n\n<div class=\"wp-block-image\">\n<figure class=\"aligncenter size-large\"><img decoding=\"async\" width=\"1024\" height=\"609\" src=\"https:\/\/miresi.es\/blog\/wp-content\/uploads\/2022\/06\/young-woman-talking-to-elderly-woman-in-a-wheelcha-2021-08-30-05-29-30-utc-1024x609.jpg\" alt=\"Anciana que sabe c\u00f3mo solicitar una silla de ruedas\" class=\"wp-image-16714\" srcset=\"https:\/\/miresiblog.imgix.net\/uploads\/2022\/06\/young-woman-talking-to-elderly-woman-in-a-wheelcha-2021-08-30-05-29-30-utc-scaled.jpg?auto=format%2Ccompress&fit=crop&h=609&ixlib=php-3.3.0&w=1024&s=bd3d20b879f87068ae796941ce2577c7 1024w, https:\/\/miresiblog.imgix.net\/uploads\/2022\/06\/young-woman-talking-to-elderly-woman-in-a-wheelcha-2021-08-30-05-29-30-utc-scaled.jpg?auto=format%2Ccompress&fit=crop&h=178&ixlib=php-3.3.0&w=300&s=0be3355ed710955c02db703cba456e3b 300w, https:\/\/miresiblog.imgix.net\/uploads\/2022\/06\/young-woman-talking-to-elderly-woman-in-a-wheelcha-2021-08-30-05-29-30-utc-scaled.jpg?auto=format%2Ccompress&fit=crop&h=457&ixlib=php-3.3.0&w=768&s=3b323156f8fba48adcae89f5f17d402c 768w, https:\/\/miresiblog.imgix.net\/uploads\/2022\/06\/young-woman-talking-to-elderly-woman-in-a-wheelcha-2021-08-30-05-29-30-utc-scaled.jpg?auto=format%2Ccompress&fit=crop&h=914&ixlib=php-3.3.0&w=1536&s=b8fe939f51dab3388a593ba2c1ddee7a 1536w, https:\/\/miresiblog.imgix.net\/uploads\/2022\/06\/young-woman-talking-to-elderly-woman-in-a-wheelcha-2021-08-30-05-29-30-utc-scaled.jpg?auto=format%2Ccompress&fit=crop&h=1218&ixlib=php-3.3.0&w=2048&s=65f55c2ea49788c4fb16977ee5ad08fe 2048w, https:\/\/miresiblog.imgix.net\/uploads\/2022\/06\/young-woman-talking-to-elderly-woman-in-a-wheelcha-2021-08-30-05-29-30-utc-scaled.jpg?auto=format%2Ccompress&fit=crop&h=214&ixlib=php-3.3.0&w=360&s=e682f5165a8a7c5258a966e4016a0d49 360w, https:\/\/miresiblog.imgix.net\/uploads\/2022\/06\/young-woman-talking-to-elderly-woman-in-a-wheelcha-2021-08-30-05-29-30-utc-scaled.jpg?auto=format%2Ccompress&ixlib=php-3.3.0&w=1009&s=d1fc3a014d16873f46712b5a852e633c 1009w\" sizes=\"(max-width: 1024px) 100vw, 1024px\" \/><figcaption class=\"wp-element-caption\">Anciana que disfruta de una silla de ruedas de la Seguridad Social<\/figcaption><\/figure>\n<\/div>\n\n\n<h2 class=\"wp-block-heading\">6. <strong>\u00bfMe pueden multar por el mal uso?<\/strong><\/h2>\n\n\n\n<p>Si el material que se presta sufre da\u00f1os o se pierde, el usuario al que se le prest\u00f3 <strong>deber\u00e1 pagar los da\u00f1os o la sustituci\u00f3n del material<\/strong>. Las sillas de ruedas son caras, pero son una necesidad para muchas personas. Por eso, debemos tomar conciencia y comprometernos a cuidar el material.<\/p>\n\n\n\n<p>En un primer momento, <strong>la administraci\u00f3n del centro de salud se pondr\u00e1 en contacto con los familiares para notificar si se trata de un error.<\/strong> Si no se justifica el retraso, la administraci\u00f3n abrir\u00e1 diligencias contra el mayor por un <strong>delito de da\u00f1o contra bienes p\u00fablicos.<\/strong> Este puede terminar en multa, servicios comunitarios o en c\u00e1rcel (dependiendo de lo que determine un juez o jueza en funci\u00f3n del da\u00f1o cometido).<\/p>\n\n\n\n<p><strong>Esto es un delito<\/strong>, ya que da\u00f1ar cualquier material p\u00fablico est\u00e1 castigado con una sanci\u00f3n econ\u00f3mica (incluso c\u00e1rcel en caso de que los da\u00f1os sean graves). M\u00e1s all\u00e1 de las sanciones, hay que tener civismo y asegurar que <strong>el material prestado vaya a volver en las mismas condiciones en las que se tom\u00f3.<\/strong> Es responsabilidad de todos que este material no sufra da\u00f1os.<\/p>\n\n\n\n<div class=\"wp-block-buttons is-layout-flex wp-block-buttons-is-layout-flex\">\n<div class=\"wp-block-button aligncenter\"><a href=\"https:\/\/miresi.es\/buscador\/?utm_source=blog\"  rel=\"nofollow\"  rel=\"nofollow\">p\u00eddenos consejo gratis<\/a><\/div>\n<\/div>\n\n\n\n<p><strong>Muchas personas dependen de los pr\u00e9stamos de material que hace la Seguridad Social. <\/strong>Por eso, necesitamos que el sector p\u00fablico siga pudiendo prestar este apoyo. Lo que podemos hacer es respetar el material y utilizarlo solo en caso de que lo necesitemos. <strong>Entre todos podemos conseguir que nadie se quede sin este apoyo.<\/strong><\/p>\n\n\n\n<p class=\"has-small-font-size\">Fuentes:<\/p>\n\n\n\n<ul class=\"wp-block-list has-small-font-size\">\n<li>Servicio de Informaci\u00f3n sobre Discapacidad: <a href=\"https:\/\/sid-inico.usal.es\/noticias\/como-puedo-conseguir-una-silla-de-ruedas-por-la-seguridad-social\/\"  target=\"_blank\" rel=\"external nofollow\"  target=\"_blank\"  class=\"wp-links-icon\">https:\/\/sid-inico.usal.es\/noticias\/como-puedo-conseguir-una-silla-de-ruedas-por-la-seguridad-social\/<\/a>\u00a0<\/li>\n\n\n\n<li>Comunidad de Madrid: <a href=\"https:\/\/tramita.comunidad.madrid\/ayudas-becas-subvenciones\/reintegro-gasto-prestacion-ortoprotesica\"  target=\"_blank\" rel=\"external nofollow\"  target=\"_blank\"  class=\"wp-links-icon\">https:\/\/tramita.comunidad.madrid\/ayudas-becas-subvenciones\/reintegro-gasto-prestacion-ortoprotesica<\/a>\u00a0<\/li>\n\n\n\n<li>Ministerio de Sanidad: <a href=\"https:\/\/www.sanidad.gob.es\/profesionales\/prestacionesSanitarias\/CarteraDeServicios\/ContenidoCS\/6PrestacionOrtoprotesica\/home.htm\"  target=\"_blank\" rel=\"external nofollow\"  target=\"_blank\"  class=\"wp-links-icon\">https:\/\/www.sanidad.gob.es\/profesionales\/prestacionesSanitarias\/CarteraDeServicios\/ContenidoCS\/6PrestacionOrtoprotesica\/home.htm<\/a>\u00a0<\/li>\n\n\n\n<li>Bolet\u00edn Oficial del Estado (BOE): <a href=\"https:\/\/www.boe.es\/diario_boe\/txt.php?id=BOE-A-2019-856\"  target=\"_blank\" rel=\"external nofollow\"  target=\"_blank\"  class=\"wp-links-icon\">https:\/\/www.boe.es\/diario_boe\/txt.php?id=BOE-A-2019-856<\/a>\u00a0<\/li>\n<\/ul>\n<div style='text-align:center' class='yasr-auto-insert-visitor'><!--Yasr Visitor Votes Shortcode--><div id='yasr_visitor_votes_968bfab6a120b' class='yasr-visitor-votes'><div class=\"yasr-custom-text-vv-before yasr-custom-text-vv-before-16698\">\u00a1Haz clic para puntuar esta entrada!<\/div><div id='yasr-vv-second-row-container-968bfab6a120b'\r\n                                        class='yasr-vv-second-row-container'><div id='yasr-visitor-votes-rater-968bfab6a120b'\r\n                                      class='yasr-rater-stars-vv'\r\n                                      data-rater-postid='16698'\r\n                                      data-rating='5'\r\n                                      data-rater-starsize='32'\r\n                                      data-rater-readonly='false'\r\n                                      data-rater-nonce='df9b54cd3f'\r\n                                      data-issingular='false'\r\n                                    ><\/div><div class=\"yasr-vv-stats-text-container\" id=\"yasr-vv-stats-text-container-968bfab6a120b\"><svg xmlns=\"https:\/\/www.w3.org\/2000\/svg\" width=\"20\" height=\"20\"\r\n                                   class=\"yasr-dashicons-visitor-stats\"\r\n                                   data-postid=\"16698\"\r\n                                   id=\"yasr-stats-dashicon-968bfab6a120b\">\r\n                                   <path d=\"M18 18v-16h-4v16h4zM12 18v-11h-4v11h4zM6 18v-8h-4v8h4z\"><\/path>\r\n                               <\/svg><span id=\"yasr-vv-text-container-968bfab6a120b\" class=\"yasr-vv-text-container\"> (Votos: <span id=\"yasr-vv-votes-number-container-968bfab6a120b\">1<\/span>  Promedio: <span id=\"yasr-vv-average-container-968bfab6a120b\">5<\/span>)<\/span><\/div><div id='yasr-vv-loader-968bfab6a120b' class='yasr-vv-container-loader'><\/div><\/div><div id='yasr-vv-bottom-container-968bfab6a120b'\r\n                              class='yasr-vv-bottom-container'\r\n                              style='display:none'><\/div><\/div><!--End Yasr Visitor Votes Shortcode--><\/div>","protected":false},"excerpt":{"rendered":"<p>Los mayores pueden necesitar material de apoyo. La Seguridad Social se hace cargo. Por eso, desde miResi te informamos sobre c\u00f3mo solicitar una silla de ruedas<\/p>\n","protected":false},"author":10,"featured_media":16699,"comment_status":"open","ping_status":"open","sticky":false,"template":"","format":"standard","meta":{"yasr_overall_rating":0,"yasr_post_is_review":"","yasr_auto_insert_disabled":"","yasr_review_type":"","footnotes":""},"categories":[386],"tags":[1455,1453,1454,1443],"class_list":["post-16698","post","type-post","status-publish","format-standard","has-post-thumbnail","hentry","category-bienestar","tag-material-ortopedico","tag-silla-de-ruedas","tag-solicitar-silla-de-ruedas","tag-tramites"],"yasr_visitor_votes":{"stars_attributes":{"read_only":false,"span_bottom":false},"number_of_votes":1,"sum_votes":5},"_links":{"self":[{"href":"https:\/\/miresi.es\/blog\/wp-json\/wp\/v2\/posts\/16698","targetHints":{"allow":["GET"]}}],"collection":[{"href":"https:\/\/miresi.es\/blog\/wp-json\/wp\/v2\/posts"}],"about":[{"href":"https:\/\/miresi.es\/blog\/wp-json\/wp\/v2\/types\/post"}],"author":[{"embeddable":true,"href":"https:\/\/miresi.es\/blog\/wp-json\/wp\/v2\/users\/10"}],"replies":[{"embeddable":true,"href":"https:\/\/miresi.es\/blog\/wp-json\/wp\/v2\/comments?post=16698"}],"version-history":[{"count":7,"href":"https:\/\/miresi.es\/blog\/wp-json\/wp\/v2\/posts\/16698\/revisions"}],"predecessor-version":[{"id":23440,"href":"https:\/\/miresi.es\/blog\/wp-json\/wp\/v2\/posts\/16698\/revisions\/23440"}],"wp:featuredmedia":[{"embeddable":true,"href":"https:\/\/miresi.es\/blog\/wp-json\/wp\/v2\/media\/16699"}],"wp:attachment":[{"href":"https:\/\/miresi.es\/blog\/wp-json\/wp\/v2\/media?parent=16698"}],"wp:term":[{"taxonomy":"category","embeddable":true,"href":"https:\/\/miresi.es\/blog\/wp-json\/wp\/v2\/categories?post=16698"},{"taxonomy":"post_tag","embeddable":true,"href":"https:\/\/miresi.es\/blog\/wp-json\/wp\/v2\/tags?post=16698"}],"curies":[{"name":"wp","href":"https:\/\/api.w.org\/{rel}","templated":true}]}}