{"id":16718,"date":"2022-06-27T10:37:00","date_gmt":"2022-06-27T09:37:00","guid":{"rendered":"https:\/\/miresi.es\/blog\/?p=16718"},"modified":"2026-04-23T18:05:02","modified_gmt":"2026-04-23T17:05:02","slug":"bono-social-de-la-luz","status":"publish","type":"post","link":"https:\/\/miresi.es\/blog\/bono-social-de-la-luz\/","title":{"rendered":"\u00bfSabes C\u00f3mo Funciona el Bono Social de la Luz?"},"content":{"rendered":"\n<p><strong>Muchas personas tienen problemas para hacer frente a la factura de la luz<\/strong>. La electricidad es un bien de primera necesidad, lo cual no exime que se especule con \u00e9l. Nuestros mayores pueden no llegar a fin de mes o tener dificultades para hacer frente al pago. Por eso, desde <a href=\"https:\/\/miresi.es\/buscador\/?utm_source=blog\"  rel=\"noreferrer noopener\" title=\"miResi\"  rel=\"noreferrer noopener\" title=\"miResi\">miResi<\/a> te damos las claves para solicitar el bono social de la luz.<\/p>\n\n\n\n<div class=\"wp-block-buttons is-layout-flex wp-block-buttons-is-layout-flex\">\n<div class=\"wp-block-button aligncenter\"><a href=\"https:\/\/miresi.es\/buscador\/?utm_source=blog\"  rel=\"noreferrer noopener\"  rel=\"noreferrer noopener\">p\u00eddenos consejo sin compromiso<\/a><\/div>\n<\/div>\n\n\n\n<p style=\"font-size:10px\"><\/p>\n\n\n\n<h2 class=\"wp-block-heading\">1. <strong>\u00bfQu\u00e9 es el bono social de la luz?<\/strong><\/h2>\n\n\n\n<p>El bono social de la luz es <strong>un descuento que se hace en la factura<\/strong>. Esta es una iniciativa gubernamental para aquellas personas en situaci\u00f3n de<strong> exclusi\u00f3n social por razones econ\u00f3micas<\/strong>. El descuento se aplica directamente a la factura de la luz, por lo que se cobra (si lo tenemos domiciliado) con el importe restado.<\/p>\n\n\n\n<p>Adem\u00e1s, se <strong>proh\u00edbe cortar la luz<\/strong> a las personas que se encuentren acogidas a esta ayuda por riesgo de exclusi\u00f3n social y <strong>los tiempos de demora para pagar las facturas atrasadas son mayores.<\/strong><\/p>\n\n\n\n<h2 class=\"wp-block-heading\">2. <strong>\u00bfDe cu\u00e1nto son los descuentos?<\/strong><\/h2>\n\n\n\n<p>El porcentaje de descuento no es el mismo en todos los casos. <strong>Siguiendo los criterios de concesi\u00f3n, el descuento ser\u00e1 mayor cuanto m\u00e1s evidente sea la situaci\u00f3n de vulnerabilidad.\u00a0<\/strong><\/p>\n\n\n\n<p>En el caso de cumplir los requisitos b\u00e1sicos que se piden en la convocatoria, el descuento que se aplicar\u00e1 por factura ser\u00e1 de un <strong>25%<\/strong>. Esta se eleva hasta el <strong>40%<\/strong> en caso de que se trate de una vulnerabilidad severa.<\/p>\n\n\n\n<p>En caso de poder acreditar el riesgo de exclusi\u00f3n social (mediante documentaci\u00f3n de los Servicios Sociales), <strong>se financiar\u00e1 completamente la factura.<\/strong><\/p>\n\n\n\n<figure class=\"wp-block-image size-large\"><img decoding=\"async\" width=\"1024\" height=\"683\" src=\"https:\/\/miresi.es\/blog\/wp-content\/uploads\/2022\/06\/concentrated-elderly-man-changing-a-lightbulb-in-h-2021-09-04-10-00-10-utc-1024x683.jpg\" alt=\"Anciano que necesita el bono social de la luz\" class=\"wp-image-16728\" srcset=\"https:\/\/miresiblog.imgix.net\/uploads\/2022\/06\/concentrated-elderly-man-changing-a-lightbulb-in-h-2021-09-04-10-00-10-utc-scaled.jpg?auto=format%2Ccompress&fit=crop&h=683&ixlib=php-3.3.0&w=1024&s=7f67f3bf539dc98cb377472e543e1238 1024w, https:\/\/miresiblog.imgix.net\/uploads\/2022\/06\/concentrated-elderly-man-changing-a-lightbulb-in-h-2021-09-04-10-00-10-utc-scaled.jpg?auto=format%2Ccompress&fit=crop&h=200&ixlib=php-3.3.0&w=300&s=7ed3f8ceb613bab2e9c734f27edca882 300w, https:\/\/miresiblog.imgix.net\/uploads\/2022\/06\/concentrated-elderly-man-changing-a-lightbulb-in-h-2021-09-04-10-00-10-utc-scaled.jpg?auto=format%2Ccompress&fit=crop&h=512&ixlib=php-3.3.0&w=768&s=861ddb97ea71ecca774ede7fc2787f9e 768w, https:\/\/miresiblog.imgix.net\/uploads\/2022\/06\/concentrated-elderly-man-changing-a-lightbulb-in-h-2021-09-04-10-00-10-utc-scaled.jpg?auto=format%2Ccompress&fit=crop&h=1024&ixlib=php-3.3.0&w=1536&s=50c5dafa4bfc9cc2632b10d3d51998c1 1536w, https:\/\/miresiblog.imgix.net\/uploads\/2022\/06\/concentrated-elderly-man-changing-a-lightbulb-in-h-2021-09-04-10-00-10-utc-scaled.jpg?auto=format%2Ccompress&fit=crop&h=1365&ixlib=php-3.3.0&w=2048&s=cf9f8924db38cebf5618f1d5ae63ba12 2048w, https:\/\/miresiblog.imgix.net\/uploads\/2022\/06\/concentrated-elderly-man-changing-a-lightbulb-in-h-2021-09-04-10-00-10-utc-scaled.jpg?auto=format%2Ccompress&fit=crop&h=240&ixlib=php-3.3.0&w=360&s=1b949bc224e86c36f41eb969d58336d7 360w, https:\/\/miresiblog.imgix.net\/uploads\/2022\/06\/concentrated-elderly-man-changing-a-lightbulb-in-h-2021-09-04-10-00-10-utc-scaled.jpg?auto=format%2Ccompress&ixlib=php-3.3.0&w=900&s=60273fe9988a71752989db734a879ac2 900w\" sizes=\"(max-width: 1024px) 100vw, 1024px\" \/><figcaption>Algunos mayores no pueden a un recurso b\u00e1sico como es la electricidad<\/figcaption><\/figure>\n\n\n\n<h2 class=\"wp-block-heading\">3. <strong>\u00bfC\u00f3mo se solicita?<\/strong><\/h2>\n\n\n\n<p>El proceso se se puede realizar por 2 v\u00edas: la <strong>telem\u00e1tica<\/strong> o <strong>en persona.\u00a0<\/strong><\/p>\n\n\n\n<p>La solicitud es <strong>gratuita<\/strong> en todos los casos. Hay que tener cuidado con ciertas empresas que se dedican a gestionar el proceso, pero esto no es necesario. El proceso no es tan complejo como para necesitar de ayuda externa. <strong>Con ayuda de un familiar, todos los mayores que lo necesiten podr\u00e1n acceder a esta ayuda.<\/strong><\/p>\n\n\n\n<p>Al <strong>comunicar a la comercializadora que se desea obtener el bono<\/strong> y adjuntar toda la <strong>documentaci\u00f3n<\/strong> requerida, ser\u00e1 la propia empresa la que gestionar\u00e1 el proceso. La notificaci\u00f3n nos llegar\u00e1 por la v\u00eda que solicitemos con el visto bueno o la negativa.\u00a0<\/p>\n\n\n\n<p>Tambi\u00e9n es <strong>la propia empresa la que aplica directamente el porcentaje de descuento<\/strong> en la factura. De la misma forma que controla el gasto que se hace para que est\u00e9 dentro de los par\u00e1metros establecidos.<\/p>\n\n\n\n<h3 class=\"wp-block-heading\"><strong>2.1. Solicitud telem\u00e1tica<\/strong><\/h3>\n\n\n\n<p>En la primera opci\u00f3n se nos dan diversas opciones. Se puede realizar <strong>por correo electr\u00f3nico, correo ordinario, por tel\u00e9fono o de la p\u00e1gina web.<\/strong> El contacto no es con el ministerio o los Servicios Sociales, sino con la comercializadora de electricidad con la que se tenga firmado el contrato. Es decir, habr\u00e1 que ponerse en contacto con <strong>Endesa, Iberdrola, Curenerg\u00eda, Gas & Power, Baser, R\u00c9GSITI, COR Energ\u00e9tico, Teramelcor y Energ\u00eda Ceuta XXI<\/strong>, entre otras. La <a href=\"https:\/\/sede.cnmc.gob.es\/listado\/censo\/2\"  target=\"_blank\" rel=\"external nofollow\"  target=\"_blank\"  class=\"wp-links-icon\">lista completa de comercializadoras <\/a>con tel\u00e9fono de contacto y direcci\u00f3n se puede consultar en la web del ministerio.<\/p>\n\n\n\n<h3 class=\"wp-block-heading\"><strong>2.2 Solicitud en persona<\/strong><\/h3>\n\n\n\n<p>Si para nuestro mayor es m\u00e1s c\u00f3modo desplazarse hasta el lugar para realizar el tr\u00e1mite, puede<strong> personarse en las oficinas de la distribuidora de electricidad con la que tenga el contrato.<\/strong><\/p>\n\n\n\n<p>All\u00ed, el tr\u00e1mite ser\u00e1 similar al que se realiza telem\u00e1ticamente. <strong>La documentaci\u00f3n se puede presentar en f\u00edsico y la resoluci\u00f3n se enviar\u00e1 v\u00eda correo ordinario<\/strong>, a no ser que el solicitante pida que se le notifique de otra forma.\u00a0<\/p>\n\n\n\n<h3 class=\"wp-block-heading\"><strong>2.1. \u00bfQu\u00e9 papeles me van a pedir para la tramitaci\u00f3n?<\/strong><\/h3>\n\n\n\n<p><strong>No se exige un gran n\u00famero de papeles<\/strong>, pero s\u00ed se necesita informaci\u00f3n para asegurar que el beneficiario es merecedor de la ayuda.<\/p>\n\n\n\n<p>Los <strong>documentos<\/strong> que se nos pedir\u00e1n son los siguientes:<\/p>\n\n\n\n<ol class=\"wp-block-list\"><li><a href=\"https:\/\/energia.gob.es\/bono-social\/Documents\/00Modelo_solicitud_declaracion_responsable_07-04-22.pdf\"  target=\"_blank\" rel=\"external nofollow\"  target=\"_blank\"  class=\"wp-links-icon\">Solicitud cumplimentada<\/a>.\u00a0<\/li><li>Declaraci\u00f3n de la <strong>Renta<\/strong> e informaci\u00f3n financiera.<\/li><li><strong>Informe de los Servicios Sociales <\/strong>que acredite la situaci\u00f3n de vulnerabilidad econ\u00f3mica del solicitante (temporal o prolongada).<\/li><li><strong>DNI<\/strong> del solicitante y su representante legal (solo en caso de tenerlo).<\/li><li><strong>Libro de familia<\/strong> o certificaci\u00f3n de la hoja individual del Registro Civil de cada miembro del n\u00facleo familiar.<\/li><li>Certificado de <strong>empadronamiento<\/strong> de todos los miembros de la unidad familiar.<\/li><li>Certificado que acredite la <strong>familia numerosa, discapacidad superior al 33% y\/o dependencia, v\u00edctimas de violencia de g\u00e9nero, familias monoparentales o supervivientes de atentados terroristas<\/strong> (solo en caso de acogerse a uno de estos supuestos).<\/li><\/ol>\n\n\n\n<div class=\"wp-block-buttons is-layout-flex wp-block-buttons-is-layout-flex\">\n<div class=\"wp-block-button aligncenter\"><a href=\"https:\/\/miresi.es\/buscador\/?utm_source=blog\"  rel=\"noreferrer noopener\"  rel=\"noreferrer noopener\">Consigue residencia hoy<\/a><\/div>\n<\/div>\n\n\n\n<h2 class=\"wp-block-heading\">4. <strong>\u00bfPuede acceder todo el mundo al bono social de la luz?<\/strong><\/h2>\n\n\n\n<p>Esta ayuda va dirigida a<strong> personas vulnerables<\/strong>, es decir, a aquellas personas que no puedan hacer frente al pago. Para esto, hay que demostrar que los niveles de renta no superan un m\u00e1ximo.<\/p>\n\n\n\n<ol class=\"wp-block-list\"><li>La factura tiene que ser <strong>regulada (PVPC).<\/strong><\/li><li>La <strong>renta anual debe ser inferior al <a href=\"http:\/\/www.iprem.com.es\/2022.html\"  target=\"_blank\" rel=\"external nofollow\"  target=\"_blank\"  class=\"wp-links-icon\">IPREM<\/a> <\/strong>(esta es una cifra que cuenta el Salario M\u00ednimo Interprofesional, el nivel de las pensiones y el IPC para la concesi\u00f3n de subvenciones). Actualmente es de 8.106,28 euros anuales.<\/li><li>Ser <strong>familia numerosa<\/strong> (no obligatorio).<\/li><li>Ser <strong>pensionista<\/strong> de la Seguridad Social y percibir la pensi\u00f3n m\u00ednima sin ingresos paralelos superiores a los 500 euros.<\/li><li>Que alg\u00fan miembro de la familia reciba el <strong>Ingreso M\u00ednimo Vital <\/strong>(no obligatorio).<\/li><\/ol>\n\n\n\n<h3 class=\"wp-block-heading\"><strong>4.1. \u00bfC\u00f3mo s\u00e9 si tengo una tarifa PVPC?<\/strong><\/h3>\n\n\n\n<p>El Precio Voluntario al Peque\u00f1o Consumidor (PVPC) es el tipo de contrato que <strong>establece el Gobierno<\/strong>. El precio final es el nivel al que est\u00e1 la electricidad en el <strong>mercado internacional no regulada por el Gobierno ni por las empresas<\/strong> (sino por los productores de la energ\u00eda), los <strong>impuestos gubernamentales <\/strong>y los <strong>peajes<\/strong>.\u00a0<\/p>\n\n\n\n<p>Para saber qu\u00e9 tipo de contrato se tiene, simplemente hay que mirar lo que indica en concepto de <strong>\u201ctipo de contrato\u201d<\/strong> en todas las facturas. En la parte superior nos indicar\u00e1n si estamos acogidos a una \u201ctarifa regulada o PVPC\u201d. Esto es lo contrario a la tarifa en el mercado libre (donde las empresas marcan el precio de la electricidad).<\/p>\n\n\n\n<h2 class=\"wp-block-heading\">5. <strong>\u00bfHay l\u00edmites al consumo?<\/strong><\/h2>\n\n\n\n<p>Al tratarse de una ayuda p\u00fablica, se establecen unos l\u00edmites para <strong>controlar que no se haga un uso indebido de la electricidad<\/strong>. As\u00ed se evitan abusos por parte de las personas que reciben estas ayudas econ\u00f3micas.<\/p>\n\n\n\n<p>Los <strong>l\u00edmites<\/strong> se estipulan en funci\u00f3n de situaciones espec\u00edficas:<\/p>\n\n\n\n<ol class=\"wp-block-list\"><li><strong>Pensionistas: 1.932 kWh anuales.<\/strong><\/li><li><strong>Familias numerosas: 4.140 kWh anuales.<\/strong><\/li><li><strong>Sin menores a cargo: 1.380 kWh anuales.<\/strong><\/li><li><strong>Con un menor a cargo: 1.932 kWh anuales.<\/strong><\/li><li><strong>Con dos menores a cargo: 2.346 kWh anuales.<\/strong><\/li><\/ol>\n\n\n\n<p><strong>Gastar m\u00e1s de lo acordado puede derivar en una sanci\u00f3n<\/strong> o, si esto se da de forma repetida, en la retirada del bono social de la luz. Como es evidente, la administraci\u00f3n p\u00fablica no puede permitir que se abuse de las ayudas, por lo que realizan un <strong>trabajo de auditor\u00eda para evitar abusos<\/strong>. Tambi\u00e9n hay que ser c\u00edvico y no pedir ayudas que no se necesiten ni hacer mal uso de las mismas.<\/p>\n\n\n\n<figure class=\"wp-block-image size-large\"><img decoding=\"async\" width=\"1024\" height=\"683\" src=\"https:\/\/miresi.es\/blog\/wp-content\/uploads\/2022\/06\/senior-woman-sitting-at-table-with-paperwork-and-c-2022-03-31-23-19-05-utc-1024x683.jpg\" alt=\"Anciana que necesita el bono social de la luz\" class=\"wp-image-16731\" srcset=\"https:\/\/miresiblog.imgix.net\/uploads\/2022\/06\/senior-woman-sitting-at-table-with-paperwork-and-c-2022-03-31-23-19-05-utc-scaled.jpg?auto=format%2Ccompress&fit=crop&h=683&ixlib=php-3.3.0&w=1024&s=3df93a16fc586ccade0d7f36913c0567 1024w, https:\/\/miresiblog.imgix.net\/uploads\/2022\/06\/senior-woman-sitting-at-table-with-paperwork-and-c-2022-03-31-23-19-05-utc-scaled.jpg?auto=format%2Ccompress&fit=crop&h=200&ixlib=php-3.3.0&w=300&s=c760e3bdf57944358aa03fdc9cf950f3 300w, https:\/\/miresiblog.imgix.net\/uploads\/2022\/06\/senior-woman-sitting-at-table-with-paperwork-and-c-2022-03-31-23-19-05-utc-scaled.jpg?auto=format%2Ccompress&fit=crop&h=513&ixlib=php-3.3.0&w=768&s=3c88389fd870f0b48bc0b903dbcbc2bc 768w, https:\/\/miresiblog.imgix.net\/uploads\/2022\/06\/senior-woman-sitting-at-table-with-paperwork-and-c-2022-03-31-23-19-05-utc-scaled.jpg?auto=format%2Ccompress&fit=crop&h=1025&ixlib=php-3.3.0&w=1536&s=379aabd8034b475e7fcfb1e0d62d6855 1536w, https:\/\/miresiblog.imgix.net\/uploads\/2022\/06\/senior-woman-sitting-at-table-with-paperwork-and-c-2022-03-31-23-19-05-utc-scaled.jpg?auto=format%2Ccompress&fit=crop&h=1367&ixlib=php-3.3.0&w=2048&s=fbb50382d2e996392d3b7fcab9cc214d 2048w, https:\/\/miresiblog.imgix.net\/uploads\/2022\/06\/senior-woman-sitting-at-table-with-paperwork-and-c-2022-03-31-23-19-05-utc-scaled.jpg?auto=format%2Ccompress&fit=crop&h=240&ixlib=php-3.3.0&w=360&s=a93af85c0eddb51816c21493be4c40a5 360w, https:\/\/miresiblog.imgix.net\/uploads\/2022\/06\/senior-woman-sitting-at-table-with-paperwork-and-c-2022-03-31-23-19-05-utc-scaled.jpg?auto=format%2Ccompress&ixlib=php-3.3.0&w=899&s=287922274717a252e1701a5c69e0af9c 899w\" sizes=\"(max-width: 1024px) 100vw, 1024px\" \/><figcaption>Anciana que necesita el bono social de la luz<\/figcaption><\/figure>\n\n\n\n<h2 class=\"wp-block-heading\">6. <strong>\u00bfTengo que volver a hacer la solicitud cada a\u00f1o?<\/strong><\/h2>\n\n\n\n<p><strong>No<\/strong>. La propia administraci\u00f3n revisa el estado de la ayuda cada 2 a\u00f1os. En estas revisiones se aseguran de que la situaci\u00f3n de dependencia no haya cambiado. Si es as\u00ed, la concesi\u00f3n del bono social continuar\u00e1 vigente, <strong>renov\u00e1ndose autom\u00e1ticamente por otros 2 a\u00f1os.<\/strong><\/p>\n\n\n\n<p>Si, por el contrario, el mayor ya no se encuentra en situaci\u00f3n de necesitar la ayuda, se le retirar\u00e1 la reducci\u00f3n en la factura de la luz. <strong>Por lo que volver\u00e1 a pagar el 100% de la misma.<\/strong><\/p>\n\n\n\n<h2 class=\"wp-block-heading\">7. <strong>\u00bfQu\u00e9 hay del gas? \u00bfexiste un bono social del gas?<\/strong><\/h2>\n\n\n\n<p>Tambi\u00e9n existe el <strong>bono social del gas<\/strong>. Este se puede solicitar solo cuando ya se sea beneficiario del bono social de la luz. Por lo tanto, los requisitos y la documentaci\u00f3n necesaria son exactamente los mismos. Pero <strong>no hay que hacer un nuevo proceso<\/strong>, sino que al ser beneficiarios del primero, se nos gestionar\u00e1 el del gas.<\/p>\n\n\n\n<p>La gran diferencia entre ambos es que en el caso del gas no se trata de un descuento. <strong>El bono social t\u00e9rmico es un pago anual que hace el Gobierno al beneficiario<\/strong> (como una subvenci\u00f3n o ayuda econ\u00f3mica). El importe de este cambia anualmente.<\/p>\n\n\n\n<p>Esta cantidad cambia en funci\u00f3n de <strong>2 criterios b\u00e1sicos<\/strong> que ayudan a medir la situaci\u00f3n en la que se encuentran las familias y el consumo que hacen:<\/p>\n\n\n\n<ol class=\"wp-block-list\"><li>El <strong>nivel de renta<\/strong> del solicitante.<\/li><li>La <strong>situaci\u00f3n geogr\u00e1fica<\/strong> del hogar (seg\u00fan zonas clim\u00e1ticas).<\/li><\/ol>\n\n\n\n<div class=\"wp-block-buttons is-layout-flex wp-block-buttons-is-layout-flex\">\n<div class=\"wp-block-button aligncenter\"><a href=\"https:\/\/miresi.es\/buscador\/?utm_source=blog\"  rel=\"noreferrer noopener\"  rel=\"noreferrer noopener\">consigue residencia hoy<\/a><\/div>\n<\/div>\n\n\n\n<p>No es justo que nuestros mayores se queden sin algo tan importante como la electricidad por no disponer de recursos econ\u00f3micos.<strong> En miResi estamos comprometidos con la justicia social, y creemos que todo el mundo tiene derecho al acceso a los recursos b\u00e1sicos<\/strong> independientemente de su situaci\u00f3n econ\u00f3mica.<\/p>\n\n\n\n<p>Fuentes:<\/p>\n\n\n\n<p>-Endesa: <a href=\"https:\/\/www.endesa.com\/es\/te-ayudamos\/bonosocial\/bono-social\"  target=\"_blank\" rel=\"external nofollow\"   class=\"wp-links-icon\">https:\/\/www.endesa.com\/es\/te-ayudamos\/bonosocial\/bono-social<\/a>\u00a0<\/p>\n\n\n\n<p>-Endesa: <a href=\"https:\/\/www.endesa.com\/es\/blog\/blog-de-endesa\/climatizacion\/bono-social-termico\"  target=\"_blank\" rel=\"external nofollow\"   class=\"wp-links-icon\">https:\/\/www.endesa.com\/es\/blog\/blog-de-endesa\/climatizacion\/bono-social-termico<\/a>\u00a0<\/p>\n\n\n\n<p>-Ministerio de Transici\u00f3n Ecol\u00f3gica y Reto Demogr\u00e1fico: <a href=\"https:\/\/energia.gob.es\/bono-social\/Paginas\/bono-social.aspx\"  target=\"_blank\" rel=\"external nofollow\"   class=\"wp-links-icon\">https:\/\/energia.gob.es\/bono-social\/Paginas\/bono-social.aspx<\/a>\u00a0<\/p>\n<div style='text-align:center' class='yasr-auto-insert-visitor'><!--Yasr Visitor Votes Shortcode--><div id='yasr_visitor_votes_a7f298f9e08c6' class='yasr-visitor-votes'><div class=\"yasr-custom-text-vv-before yasr-custom-text-vv-before-16718\">\u00a1Haz clic para puntuar esta entrada!<\/div><div id='yasr-vv-second-row-container-a7f298f9e08c6'\r\n                                        class='yasr-vv-second-row-container'><div id='yasr-visitor-votes-rater-a7f298f9e08c6'\r\n                                      class='yasr-rater-stars-vv'\r\n                                      data-rater-postid='16718'\r\n                                      data-rating='5'\r\n                                      data-rater-starsize='32'\r\n                                      data-rater-readonly='false'\r\n                                      data-rater-nonce='df9b54cd3f'\r\n                                      data-issingular='false'\r\n                                    ><\/div><div class=\"yasr-vv-stats-text-container\" id=\"yasr-vv-stats-text-container-a7f298f9e08c6\"><svg xmlns=\"https:\/\/www.w3.org\/2000\/svg\" width=\"20\" height=\"20\"\r\n                                   class=\"yasr-dashicons-visitor-stats\"\r\n                                   data-postid=\"16718\"\r\n                                   id=\"yasr-stats-dashicon-a7f298f9e08c6\">\r\n                                   <path d=\"M18 18v-16h-4v16h4zM12 18v-11h-4v11h4zM6 18v-8h-4v8h4z\"><\/path>\r\n                               <\/svg><span id=\"yasr-vv-text-container-a7f298f9e08c6\" class=\"yasr-vv-text-container\"> (Votos: <span id=\"yasr-vv-votes-number-container-a7f298f9e08c6\">1<\/span>  Promedio: <span id=\"yasr-vv-average-container-a7f298f9e08c6\">5<\/span>)<\/span><\/div><div id='yasr-vv-loader-a7f298f9e08c6' class='yasr-vv-container-loader'><\/div><\/div><div id='yasr-vv-bottom-container-a7f298f9e08c6'\r\n                              class='yasr-vv-bottom-container'\r\n                              style='display:none'><\/div><\/div><!--End Yasr Visitor Votes Shortcode--><\/div>","protected":false},"excerpt":{"rendered":"<p>Con la subida de la luz se hace m\u00e1s dif\u00edcil pagar la factura. Pero existen ayudas como el bono social de la luz para que los mayores no pasen por dificultades<\/p>\n","protected":false},"author":10,"featured_media":16727,"comment_status":"open","ping_status":"open","sticky":false,"template":"","format":"standard","meta":{"yasr_overall_rating":0,"yasr_post_is_review":"","yasr_auto_insert_disabled":"","yasr_review_type":"","footnotes":""},"categories":[387,389,951],"tags":[1308,1456,1458,1457],"class_list":["post-16718","post","type-post","status-publish","format-standard","has-post-thumbnail","hentry","category-ayudas","category-descuentos","category-leyes","tag-ayudas-y-subvenciones","tag-bono-social-de-la-luz","tag-descuentos","tag-mayores-sin-recursos"],"yasr_visitor_votes":{"stars_attributes":{"read_only":false,"span_bottom":false},"number_of_votes":1,"sum_votes":5},"_links":{"self":[{"href":"https:\/\/miresi.es\/blog\/wp-json\/wp\/v2\/posts\/16718","targetHints":{"allow":["GET"]}}],"collection":[{"href":"https:\/\/miresi.es\/blog\/wp-json\/wp\/v2\/posts"}],"about":[{"href":"https:\/\/miresi.es\/blog\/wp-json\/wp\/v2\/types\/post"}],"author":[{"embeddable":true,"href":"https:\/\/miresi.es\/blog\/wp-json\/wp\/v2\/users\/10"}],"replies":[{"embeddable":true,"href":"https:\/\/miresi.es\/blog\/wp-json\/wp\/v2\/comments?post=16718"}],"version-history":[{"count":6,"href":"https:\/\/miresi.es\/blog\/wp-json\/wp\/v2\/posts\/16718\/revisions"}],"predecessor-version":[{"id":20636,"href":"https:\/\/miresi.es\/blog\/wp-json\/wp\/v2\/posts\/16718\/revisions\/20636"}],"wp:featuredmedia":[{"embeddable":true,"href":"https:\/\/miresi.es\/blog\/wp-json\/wp\/v2\/media\/16727"}],"wp:attachment":[{"href":"https:\/\/miresi.es\/blog\/wp-json\/wp\/v2\/media?parent=16718"}],"wp:term":[{"taxonomy":"category","embeddable":true,"href":"https:\/\/miresi.es\/blog\/wp-json\/wp\/v2\/categories?post=16718"},{"taxonomy":"post_tag","embeddable":true,"href":"https:\/\/miresi.es\/blog\/wp-json\/wp\/v2\/tags?post=16718"}],"curies":[{"name":"wp","href":"https:\/\/api.w.org\/{rel}","templated":true}]}}