{"id":16742,"date":"2022-06-26T18:53:00","date_gmt":"2022-06-26T17:53:00","guid":{"rendered":"https:\/\/miresi.es\/blog\/?p=16742"},"modified":"2026-04-23T18:05:03","modified_gmt":"2026-04-23T17:05:03","slug":"solicitar-grado-de-discapacidad","status":"publish","type":"post","link":"https:\/\/miresi.es\/blog\/solicitar-grado-de-discapacidad\/","title":{"rendered":"Ent\u00e9rate de C\u00f3mo se Solicita el Grado de Discapacidad de Forma Sencilla"},"content":{"rendered":"\n<p>El reconocimiento del grado de discapacidad (al igual que el de dependencia) es un <strong>tr\u00e1mite sencillo<\/strong>, pero que hay que realizar. Este se realiza a nivel comunitario, en <strong>los Servicios Sociales de cada comunidad aut\u00f3noma<\/strong> (pese a que el reconocimiento sea a nivel nacional). La administraci\u00f3n lo pone f\u00e1cil porque es un documento que hace mucha falta a los mayores y sus familias. El certificado de grado de discapacidad es la llave para poder <strong>acceder a ayudas econ\u00f3micas para la promoci\u00f3n de su autonom\u00eda y bienestar<\/strong>. Por eso, desde <a href=\"https:\/\/miresi.es\/buscador\/?utm_source=blog\"  rel=\"noreferrer noopener\" title=\"miResi\"  rel=\"noreferrer noopener\" title=\"miResi\">miResi<\/a> te damos las claves para solicitar grado de discapacidad para tus familiares.<\/p>\n\n\n\n<div class=\"wp-block-buttons is-layout-flex wp-block-buttons-is-layout-flex\">\n<div class=\"wp-block-button aligncenter\"><a href=\"https:\/\/miresi.es\/buscador\/?utm_source=blog\"  rel=\"noreferrer noopener\"  rel=\"noreferrer noopener\">consigue residencia hoy<\/a><\/div>\n<\/div>\n\n\n\n<p style=\"font-size:10px\"><\/p>\n\n\n\n<h2 class=\"wp-block-heading\">1. <strong>\u00bfQu\u00e9 es el reconocimiento del grado de discapacidad?<\/strong><\/h2>\n\n\n\n<p>El grado de discapacidad no es m\u00e1s que el<strong> reconocimiento por parte de la administraci\u00f3n p\u00fablica de la situaci\u00f3n de vulnerabilidad<\/strong> de una persona. La discapacidad la dictamina un o una profesional de la salud, no los Servicios Sociales.<\/p>\n\n\n\n<p>No tener el grado de discapacidad reconocido<strong> no quiere decir que nuestro mayor no sea discapacidad<\/strong>. El certificado es solo un documento administrativo (pese a que sea importante tramitarlo) que registra la situaci\u00f3n.<\/p>\n\n\n\n<p>Cuando un m\u00e9dico acredite que nuestro mayor padece una discapacidad, ya tendremos la confirmaci\u00f3n de la situaci\u00f3n que vive. Despu\u00e9s, la administraci\u00f3n p\u00fablica se har\u00e1 eco de este escenario. <strong>Los Servicios Sociales redactan un informe sobre la situaci\u00f3n del mayor y las ayudas a las que puede acceder.<\/strong><\/p>\n\n\n\n<figure class=\"wp-block-image size-large\"><img decoding=\"async\" width=\"1024\" height=\"576\" src=\"https:\/\/miresi.es\/blog\/wp-content\/uploads\/2022\/06\/consultation-for-elderly-disabled-woman-2021-08-28-22-39-40-utc-1024x576.jpg\" alt=\"Anciano que sabe c\u00f3mo solicitar grado de discapacidad\" class=\"wp-image-16743\" srcset=\"https:\/\/miresiblog.imgix.net\/uploads\/2022\/06\/consultation-for-elderly-disabled-woman-2021-08-28-22-39-40-utc-scaled.jpg?auto=format%2Ccompress&fit=crop&h=576&ixlib=php-3.3.0&w=1024&s=553e15488fdb11a3945f70d1d7057b69 1024w, https:\/\/miresiblog.imgix.net\/uploads\/2022\/06\/consultation-for-elderly-disabled-woman-2021-08-28-22-39-40-utc-scaled.jpg?auto=format%2Ccompress&fit=crop&h=169&ixlib=php-3.3.0&w=300&s=0a90a6f79999fbbc46cc74dcc1275a2a 300w, https:\/\/miresiblog.imgix.net\/uploads\/2022\/06\/consultation-for-elderly-disabled-woman-2021-08-28-22-39-40-utc-scaled.jpg?auto=format%2Ccompress&fit=crop&h=432&ixlib=php-3.3.0&w=768&s=e4f1da53d20632373c83ab7fd45f9f59 768w, https:\/\/miresiblog.imgix.net\/uploads\/2022\/06\/consultation-for-elderly-disabled-woman-2021-08-28-22-39-40-utc-scaled.jpg?auto=format%2Ccompress&fit=crop&h=864&ixlib=php-3.3.0&w=1536&s=13a110a06da7d37598a9cc08940ccf82 1536w, https:\/\/miresiblog.imgix.net\/uploads\/2022\/06\/consultation-for-elderly-disabled-woman-2021-08-28-22-39-40-utc-scaled.jpg?auto=format%2Ccompress&fit=crop&h=1152&ixlib=php-3.3.0&w=2048&s=f024ce2904157706a46c0e4462093937 2048w, https:\/\/miresiblog.imgix.net\/uploads\/2022\/06\/consultation-for-elderly-disabled-woman-2021-08-28-22-39-40-utc-scaled.jpg?auto=format%2Ccompress&fit=crop&h=203&ixlib=php-3.3.0&w=360&s=d7a00c523d9d640f17bc10a85a8cab22 360w, https:\/\/miresiblog.imgix.net\/uploads\/2022\/06\/consultation-for-elderly-disabled-woman-2021-08-28-22-39-40-utc-scaled.jpg?auto=format%2Ccompress&ixlib=php-3.3.0&w=1067&s=4896e8d9409e85583f8bddcbef07bd74 1067w\" sizes=\"(max-width: 1024px) 100vw, 1024px\" \/><figcaption>Anciana pasando una revisi\u00f3n para certificar la discapacidad<\/figcaption><\/figure>\n\n\n\n<h2 class=\"wp-block-heading\">2. <strong>C\u00f3mo solicitar grado de discapacidad<\/strong><\/h2>\n\n\n\n<p>Lo primero que hay que hacer es <strong>solicitar una cita previa a los Servicios Sociales<\/strong> para adjuntar la documentaci\u00f3n. All\u00ed, se nos citar\u00e1 para que un trabajador o trabajadora social estudie nuestro caso.<\/p>\n\n\n\n<p>La <strong>documentaci\u00f3n<\/strong> que se nos va a pedir es la siguiente:<\/p>\n\n\n\n<ol class=\"wp-block-list\"><li><a href=\"https:\/\/www.imserso.es\/InterPresent1\/groups\/imserso\/documents\/binario\/gradodiscapacidad.pdf\"  target=\"_blank\" rel=\"external nofollow\"  target=\"_blank\"  class=\"wp-links-icon\">Solicitud cumplimentada<\/a>.<\/li><li><strong>DNI<\/strong> del solicitante y su tutor (solo en caso de que el mayor est\u00e9 representado por un familiar).<\/li><li>Informe expedido por un trabajador o trabajadora social (<strong>Dictamen T\u00e9cnico Facultativo<\/strong>).<\/li><li><strong>Tarjeta Sanitaria <\/strong>de la Seguridad Social.<\/li><li><strong>Informe m\u00e9dico<\/strong> que acredite la discapacidad.<\/li><li><strong>Resoluci\u00f3n judicial <\/strong>con la adjudicaci\u00f3n de la tutela (en caso de contar con un representante).<\/li><li><strong>Empadronamiento<\/strong>.<\/li><li><strong>Historial cl\u00ednico<\/strong>.<\/li><\/ol>\n\n\n\n<h3 class=\"wp-block-heading\"><strong>2.1. Procedimiento para la solicitud<\/strong><\/h3>\n\n\n\n<p>Este es el <strong>proceso<\/strong> que hay que seguir para tramitar la solicitud:<\/p>\n\n\n\n<ol class=\"wp-block-list\"><li><strong>Acudir a un m\u00e9dico<\/strong> para que examine a nuestro familiar.<\/li><li>Enviar la documentaci\u00f3n v\u00eda <a href=\"https:\/\/tramita.comunidad.madrid\/autorizaciones-licencias-permisos-carnes\/reconocimiento-grado-discapacidad\"  target=\"_blank\" rel=\"external nofollow\"  target=\"_blank\"  class=\"wp-links-icon\">telem\u00e1tica en la web de la comunidad aut\u00f3noma en la que se est\u00e9 empadronado<\/a> (en este caso, enlazamos a la de Madrid) o <strong>person\u00e1ndose<\/strong> en el centro de salud o la oficina de Servicios Sociales de su municipio (solicitando antes cita previa).<\/li><li>(Cuando se haya dado el visto bueno a la documentaci\u00f3n)<strong> Solicitar cita<\/strong> para que un o una trabajadora social haga un chequeo a nuestro mayor para comprobar su situaci\u00f3n.<\/li><li>Hacer los tr\u00e1mites para conseguir la <strong>Tarjeta de grado de discapacidad.<\/strong><\/li><\/ol>\n\n\n\n<h2 class=\"wp-block-heading\">3. <strong>\u00bfQu\u00e9 grados de discapacidad existen?<\/strong><\/h2>\n\n\n\n<p>La administraci\u00f3n comienza a <strong>tener en cuenta la discapacidad cuando esta supera el 33%<\/strong>. Aqu\u00ed es cuando se da la tarjeta de reconocimiento de discapacidad. Tambi\u00e9n es el porcentaje m\u00ednimo que se exige para acceder a las ayudas y servicios.<\/p>\n\n\n\n<p>Independientemente de que se coloque el 33% como un m\u00ednimo, cada persona presenta un porcentaje distinto que puede ir <strong>desde el 0%<\/strong> (persona sin discapacidad) <strong>al 100% <\/strong>(persona con una discapacidad total).<\/p>\n\n\n\n<h3 class=\"wp-block-heading\">3.1. <strong>Porcentajes de discapacidad por tramos<\/strong><\/h3>\n\n\n\n<ul class=\"wp-block-list\"><li>25%-<strong>Discapacidad leve<\/strong><\/li><li>25-49%-<strong>Discapacidad moderada<\/strong><\/li><li>50-70%-<strong>Discapacidad grave<\/strong><\/li><li>M\u00e1s del 75%-<strong>Discapacidad muy grave<\/strong><\/li><\/ul>\n\n\n\n<p>Se suelen tener en cuenta dos porcentajes: <strong>el 33 y el 66%<\/strong>. Estos sirven para tramitar la ayuda, ya que son dos tramos significativos para la administraci\u00f3n. Se entiende que se <strong>necesita mayor cantidad de ayuda econ\u00f3mica seg\u00fan aumenta el grado de discapacidad<\/strong>. Por ello, las prestaciones y las ayudas a las que se tiene acceso son mayores. Teniendo los segundos preferencia frente a los primero.<\/p>\n\n\n\n<p>Tambi\u00e9n hay que tener en cuenta que hay <strong>muchos tipos de discapacidad<\/strong>. Estas pueden combinarse o no, pero se puede presentar una discapacidad audiovisual y que esta no afecte al resto de sentidos. Se puede dar lo que se conoce como discapacidad m\u00faltiple, la cual afecta a gran parte del organismo y sus funciones. Los <strong>principales tipos de discapacidad<\/strong> son los siguientes:<\/p>\n\n\n\n<ul class=\"wp-block-list\"><li><strong>Discapacidad visual.<\/strong><\/li><li><strong>Discapacidad auditiva.<\/strong><\/li><li><strong>Discapacidad cognitiva y\/o intelectual.<\/strong><\/li><li><strong>Discapacidad visceral.<\/strong><\/li><li><strong>Discapacidad ps\u00edquica o mental.<\/strong><\/li><li><strong>Discapacidad sensorial.<\/strong><\/li><\/ul>\n\n\n\n<div class=\"wp-block-buttons is-layout-flex wp-block-buttons-is-layout-flex\">\n<div class=\"wp-block-button aligncenter\"><a href=\"https:\/\/miresi.es\/buscador\/?utm_source=blog\"  rel=\"noreferrer noopener\"  rel=\"noreferrer noopener\">p\u00eddenos consejo gratis<\/a><\/div>\n<\/div>\n\n\n\n<h2 class=\"wp-block-heading\">4. <strong>\u00bfEn qu\u00e9 consisten las revisiones que se hacen a los mayores?<\/strong><\/h2>\n\n\n\n<p>En las<strong> revisiones o chequeos <\/strong>que se hacen por parte de los y las profesionales de la salud y los y las trabajadoras sociales, se comprueba <strong>qu\u00e9 grado de autonom\u00eda tienen los mayores para realizar tareas b\u00e1sicas del d\u00eda a d\u00eda.\u00a0<\/strong><\/p>\n\n\n\n<p>En estas sesiones se estudia la <strong>psicomotricidad<\/strong>, el grado de <strong>capacidad comunicativa y de entendimiento<\/strong>, capacidad para <strong>desplazarse<\/strong> o grado de <strong>coordinaci\u00f3n<\/strong> entre capacidades cognitivas y motoras.<\/p>\n\n\n\n<p>Si un profesional de la salud y otro del trabajo social determinan que el mayor no se puede valer por s\u00ed mismo a causa de no estar en pleno uso de sus facultades mentales, cognitivos y\/o f\u00edsicas, <strong>se da el visto bueno para que se le reconozca la discapacidad<\/strong>.<\/p>\n\n\n\n<h2 class=\"wp-block-heading\">5. <strong>\u00bfPara qu\u00e9 sirve tener reconocida la discapacidad?<\/strong><\/h2>\n\n\n\n<p>Este reconocimiento se tramita, normalmente, para poder <strong>acceder a subvenciones, ayudas y servicios <\/strong>que las personas con discapacidad requieren. Es importante que la administraci\u00f3n reconozca la situaci\u00f3n de vulnerabilidad en este tipo de casos porque los mayores con discapacidad se enfrentan a gastos elevados por <strong>adaptaci\u00f3n de espacios, material ortop\u00e9dico o cuidados.<\/strong><\/p>\n\n\n\n<p>Las <strong>ayudas<\/strong> a las que se pueden acoger las personas con discapacidad son las siguientes:<\/p>\n\n\n\n<ul class=\"wp-block-list\"><li><strong>Descuentos en el transporte<\/strong> p\u00fablico y Renfe<\/li><li><strong>Reducciones en las cargas fiscale<\/strong>s (propias y de familiares que se hagan cargo de ellos).<\/li><li>Plazas de <strong>trabajo<\/strong> para trabajadores con discapacidad.<\/li><li><strong>Jubilaci\u00f3n anticipada.<\/strong><\/li><li>Consideraci\u00f3n de<strong> familia numerosa.<\/strong><\/li><li><strong>Programa de respiro familiar y de vacaciones <\/strong>(incluyendo termalismo).<\/li><li>Reducci\u00f3n o <strong>exenci\u00f3n de tasas en actividades de ocio, culturales y educativas.<\/strong><\/li><li><strong>Tarjeta de estacionamiento.<\/strong><\/li><li><strong>Veh\u00edculos adaptados.<\/strong><\/li><li>Financiaci\u00f3n para la <strong>adaptaci\u00f3n de la vivienda.<\/strong><\/li><li><strong>Bono social de la luz y el gas.<\/strong><\/li><\/ul>\n\n\n\n<p>Una de las razones de peso para solicitar este reconocimiento es que nos servir\u00e1 para gestionar la solicitud de la dependencia, lo que nos dar\u00e1 acceso a un gran n\u00famero de ayudas, servicios y subvenciones.<\/p>\n\n\n\n<h2 class=\"wp-block-heading\">6. <strong>\u00bfSe puede revocar la discapacidad?<\/strong><\/h2>\n\n\n\n<p>El certificado tiene una <strong>validez determinada.<\/strong> Hay que realizar <strong>revisiones peri\u00f3dicas<\/strong>. Esta se pedir\u00e1 <strong>3 meses antes de que caduque el certificado.<\/strong> De la misma forma, hay que tener en cuenta que <strong>hay resoluciones que no caducan<\/strong>, ya que se expiden ya como definitivas.<\/p>\n\n\n\n<p><strong>Si lo solicitan las familias<\/strong>, el mayor se puede someter a una revisi\u00f3n de su situaci\u00f3n. Lo com\u00fan no es que esto recale en la cancelaci\u00f3n del certificado de discapacidad. Todo lo contrario, lo que suele ocurrir es que el <strong>grado de discapacidad o minusval\u00eda haya aumentado desde la \u00faltima revisi\u00f3n del mayor.<\/strong><\/p>\n\n\n\n<p>No es com\u00fan que los mayores dejen de ser reconocidos como discapacitados, pero si cualquier intervenci\u00f3n, pr\u00f3tesis o terapia hace que su autonom\u00eda aumente, podr\u00eda llegar a<strong> quitarse la certificaci\u00f3n de esta condici\u00f3n.<\/strong><\/p>\n\n\n\n<figure class=\"wp-block-image size-large\"><img decoding=\"async\" width=\"1024\" height=\"638\" src=\"https:\/\/miresi.es\/blog\/wp-content\/uploads\/2022\/06\/disabled-grandfather-and-granddaughter-play-chess-2022-01-18-23-55-18-utc-1024x638.jpg\" alt=\"Anciano que sabe c\u00f3mo solicitar el grado de discapacidad\" class=\"wp-image-16745\" srcset=\"https:\/\/miresiblog.imgix.net\/uploads\/2022\/06\/disabled-grandfather-and-granddaughter-play-chess-2022-01-18-23-55-18-utc-scaled.jpg?auto=format%2Ccompress&fit=crop&h=638&ixlib=php-3.3.0&w=1024&s=b6daa35c624b2399a1458192cd49d20c 1024w, https:\/\/miresiblog.imgix.net\/uploads\/2022\/06\/disabled-grandfather-and-granddaughter-play-chess-2022-01-18-23-55-18-utc-scaled.jpg?auto=format%2Ccompress&fit=crop&h=187&ixlib=php-3.3.0&w=300&s=3c3b3779bb6e81feb03700bb904a6410 300w, https:\/\/miresiblog.imgix.net\/uploads\/2022\/06\/disabled-grandfather-and-granddaughter-play-chess-2022-01-18-23-55-18-utc-scaled.jpg?auto=format%2Ccompress&fit=crop&h=478&ixlib=php-3.3.0&w=768&s=fab86c794c3fd87411dbdac70d643d5f 768w, https:\/\/miresiblog.imgix.net\/uploads\/2022\/06\/disabled-grandfather-and-granddaughter-play-chess-2022-01-18-23-55-18-utc-scaled.jpg?auto=format%2Ccompress&fit=crop&h=957&ixlib=php-3.3.0&w=1536&s=d0474766e4f11a4cbf89c1969c3a137b 1536w, https:\/\/miresiblog.imgix.net\/uploads\/2022\/06\/disabled-grandfather-and-granddaughter-play-chess-2022-01-18-23-55-18-utc-scaled.jpg?auto=format%2Ccompress&fit=crop&h=1276&ixlib=php-3.3.0&w=2048&s=30898a714b650e7715b394567b93a0b2 2048w, https:\/\/miresiblog.imgix.net\/uploads\/2022\/06\/disabled-grandfather-and-granddaughter-play-chess-2022-01-18-23-55-18-utc-scaled.jpg?auto=format%2Ccompress&fit=crop&h=224&ixlib=php-3.3.0&w=360&s=1e8c216cde51a6d77f9b0b055f614ba8 360w, https:\/\/miresiblog.imgix.net\/uploads\/2022\/06\/disabled-grandfather-and-granddaughter-play-chess-2022-01-18-23-55-18-utc-scaled.jpg?auto=format%2Ccompress&ixlib=php-3.3.0&w=963&s=a2da74a575b5c0d7e887456af3fc6771 963w\" sizes=\"(max-width: 1024px) 100vw, 1024px\" \/><figcaption>La discapacidad es una condici\u00f3n que requiere de cuidados y material espec\u00edfico<\/figcaption><\/figure>\n\n\n\n<h2 class=\"wp-block-heading\">7. <strong>Tarjeta de grado de discapacidad<\/strong><\/h2>\n\n\n\n<p>La tarjeta de grado de discapacidad es una <strong>acreditaci\u00f3n para justificar de forma sencilla y r\u00e1pida la discapacidad<\/strong>. En vez de llevar encima el certificado de discapacidad, es mucho m\u00e1s c\u00f3modo llevar una tarjeta de pl\u00e1stico en la cartera. <strong>Es m\u00e1s pr\u00e1ctico y permite que los mayores la lleven encima sin que sea una molestia y asegur\u00e1ndonos de que no la olviden.<\/strong><\/p>\n\n\n\n<p>Se debe realizar un tr\u00e1mite posterior al del certificado para obtenerla, pero es muy sencillo. <strong>En la misma p\u00e1gina en la que se ha solicitado el certificado de grado de dependencia, nos dan la opci\u00f3n de solicitar la tarjeta<\/strong>. En este caso, como ya hemos hecho llegar toda nuestra documentaci\u00f3n, solo har\u00e1 falta a\u00f1adir el certificado que se nos ha concedido.<\/p>\n\n\n\n<div class=\"wp-block-buttons is-layout-flex wp-block-buttons-is-layout-flex\"><\/div>\n\n\n\n<div class=\"wp-block-buttons is-layout-flex wp-block-buttons-is-layout-flex\">\n<div class=\"wp-block-button aligncenter\"><a href=\"https:\/\/miresi.es\/buscador\/?utm_source=blog\"  rel=\"noreferrer noopener\"  rel=\"noreferrer noopener\">cons\u00faltanos sin compromiso<\/a><\/div>\n<\/div>\n\n\n\n<p>Los mayores con discapacidad requieren de cuidados, material especializado y reformas en el hogar. Esto conlleva un gran desembolso de dinero que muchas familias no pueden asumir. Por eso, <strong>es imprescindible que la administraci\u00f3n p\u00fablica dedique parte de su presupuesto a ayudar a que los mayores tengan acceso a ayudas y subvenciones espec\u00edficas para su situaci\u00f3n.<\/strong><\/p>\n\n\n\n<p class=\"has-small-font-size\">Fuentes:<\/p>\n\n\n\n<ul class=\"has-small-font-size wp-block-list\"><li>Comunidad de Madrid: <a href=\"https:\/\/tramita.comunidad.madrid\/autorizaciones-licencias-permisos-carnes\/reconocimiento-grado-discapacidad\"  target=\"_blank\" rel=\"external nofollow\"  target=\"_blank\"  class=\"wp-links-icon\">https:\/\/tramita.comunidad.madrid\/autorizaciones-licencias-permisos-carnes\/reconocimiento-grado-discapacidad<\/a>\u00a0<\/li><li>Fremap: <a href=\"https:\/\/www.fremap.es\/Paginas\/Inicio.aspx\"  target=\"_blank\" rel=\"external nofollow\"  target=\"_blank\"  class=\"wp-links-icon\">https:\/\/www.fremap.es\/Paginas\/Inicio.aspx<\/a>\u00a0<\/li><li>Asociaci\u00f3n de Discapacitados de Santurtzi: <a href=\"http:\/\/www.adisasanturtzi.es\/index.php\/noticias\/13-gradosn-de-discapacidad\"  target=\"_blank\" rel=\"external nofollow\"  target=\"_blank\"  class=\"wp-links-icon\">http:\/\/www.adisasanturtzi.es\/index.php\/noticias\/13-gradosn-de-discapacidad<\/a>\u00a0<\/li><li>Blog Psicolog\u00eda y Mente: <a href=\"https:\/\/psicologiaymente.com\/salud\/tipos-de-discapacidad\"  target=\"_blank\" rel=\"external nofollow\"  target=\"_blank\"  class=\"wp-links-icon\">https:\/\/psicologiaymente.com\/salud\/tipos-de-discapacidad<\/a>\u00a0<\/li><\/ul>\n<div style='text-align:center' class='yasr-auto-insert-visitor'><!--Yasr Visitor Votes Shortcode--><div id='yasr_visitor_votes_7f966ac9f2f15' class='yasr-visitor-votes'><div class=\"yasr-custom-text-vv-before yasr-custom-text-vv-before-16742\">\u00a1Haz clic para puntuar esta entrada!<\/div><div id='yasr-vv-second-row-container-7f966ac9f2f15'\r\n                                        class='yasr-vv-second-row-container'><div id='yasr-visitor-votes-rater-7f966ac9f2f15'\r\n                                      class='yasr-rater-stars-vv'\r\n                                      data-rater-postid='16742'\r\n                                      data-rating='5'\r\n                                      data-rater-starsize='32'\r\n                                      data-rater-readonly='false'\r\n                                      data-rater-nonce='df9b54cd3f'\r\n                                      data-issingular='false'\r\n                                    ><\/div><div class=\"yasr-vv-stats-text-container\" id=\"yasr-vv-stats-text-container-7f966ac9f2f15\"><svg xmlns=\"https:\/\/www.w3.org\/2000\/svg\" width=\"20\" height=\"20\"\r\n                                   class=\"yasr-dashicons-visitor-stats\"\r\n                                   data-postid=\"16742\"\r\n                                   id=\"yasr-stats-dashicon-7f966ac9f2f15\">\r\n                                   <path d=\"M18 18v-16h-4v16h4zM12 18v-11h-4v11h4zM6 18v-8h-4v8h4z\"><\/path>\r\n                               <\/svg><span id=\"yasr-vv-text-container-7f966ac9f2f15\" class=\"yasr-vv-text-container\"> (Votos: <span id=\"yasr-vv-votes-number-container-7f966ac9f2f15\">1<\/span>  Promedio: <span id=\"yasr-vv-average-container-7f966ac9f2f15\">5<\/span>)<\/span><\/div><div id='yasr-vv-loader-7f966ac9f2f15' class='yasr-vv-container-loader'><\/div><\/div><div id='yasr-vv-bottom-container-7f966ac9f2f15'\r\n                              class='yasr-vv-bottom-container'\r\n                              style='display:none'><\/div><\/div><!--End Yasr Visitor Votes Shortcode--><\/div>","protected":false},"excerpt":{"rendered":"<p>La administraci\u00f3n p\u00fablica necesita certificados como el de grado de discapacidad para muchos tr\u00e1mites. Desde miResi te contamos c\u00f3mo solicitarlo<\/p>\n","protected":false},"author":10,"featured_media":16744,"comment_status":"open","ping_status":"open","sticky":false,"template":"","format":"standard","meta":{"yasr_overall_rating":0,"yasr_post_is_review":"","yasr_auto_insert_disabled":"","yasr_review_type":"","footnotes":""},"categories":[387,951],"tags":[781,913,1431,631,289],"class_list":["post-16742","post","type-post","status-publish","format-standard","has-post-thumbnail","hentry","category-ayudas","category-leyes","tag-dependencia","tag-discapacidad","tag-enfermedades-neurodegenerativas","tag-grados-de-discapacidad","tag-patologias-en-personas-mayores"],"yasr_visitor_votes":{"stars_attributes":{"read_only":false,"span_bottom":false},"number_of_votes":1,"sum_votes":5},"_links":{"self":[{"href":"https:\/\/miresi.es\/blog\/wp-json\/wp\/v2\/posts\/16742","targetHints":{"allow":["GET"]}}],"collection":[{"href":"https:\/\/miresi.es\/blog\/wp-json\/wp\/v2\/posts"}],"about":[{"href":"https:\/\/miresi.es\/blog\/wp-json\/wp\/v2\/types\/post"}],"author":[{"embeddable":true,"href":"https:\/\/miresi.es\/blog\/wp-json\/wp\/v2\/users\/10"}],"replies":[{"embeddable":true,"href":"https:\/\/miresi.es\/blog\/wp-json\/wp\/v2\/comments?post=16742"}],"version-history":[{"count":5,"href":"https:\/\/miresi.es\/blog\/wp-json\/wp\/v2\/posts\/16742\/revisions"}],"predecessor-version":[{"id":20638,"href":"https:\/\/miresi.es\/blog\/wp-json\/wp\/v2\/posts\/16742\/revisions\/20638"}],"wp:featuredmedia":[{"embeddable":true,"href":"https:\/\/miresi.es\/blog\/wp-json\/wp\/v2\/media\/16744"}],"wp:attachment":[{"href":"https:\/\/miresi.es\/blog\/wp-json\/wp\/v2\/media?parent=16742"}],"wp:term":[{"taxonomy":"category","embeddable":true,"href":"https:\/\/miresi.es\/blog\/wp-json\/wp\/v2\/categories?post=16742"},{"taxonomy":"post_tag","embeddable":true,"href":"https:\/\/miresi.es\/blog\/wp-json\/wp\/v2\/tags?post=16742"}],"curies":[{"name":"wp","href":"https:\/\/api.w.org\/{rel}","templated":true}]}}