{"id":16799,"date":"2022-06-29T09:09:01","date_gmt":"2022-06-29T08:09:01","guid":{"rendered":"https:\/\/miresi.es\/blog\/?p=16799"},"modified":"2026-04-23T18:04:48","modified_gmt":"2026-04-23T17:04:48","slug":"deduccion-por-mayor-a-cargo","status":"publish","type":"post","link":"https:\/\/miresi.es\/blog\/deduccion-por-mayor-a-cargo\/","title":{"rendered":"Deducci\u00f3n por Mayor a Cargo: C\u00f3mo y D\u00f3nde Solicitarlo"},"content":{"rendered":"\n<p>Las personas que se ven obligadas a cuidar de familiares tienen una serie de <strong>gastos asociados<\/strong> a esta obligaci\u00f3n. La administraci\u00f3n p\u00fablica entiende que es complicado gestionar la vida teniendo que asistir a un familiar. Esto, adem\u00e1s de un <strong>problema para la conciliaci\u00f3n<\/strong>, es una actividad que cuesta una partida de dinero importante. Por eso, desde <a href=\"https:\/\/miresi.es\/buscador\/?utm_source=blog\"  rel=\"noreferrer noopener\" title=\"miResi\"  rel=\"noreferrer noopener\" title=\"miResi\">miResi<\/a> hablamos de la deducci\u00f3n por mayor a cargo.<\/p>\n\n\n\n<div class=\"wp-block-buttons is-layout-flex wp-block-buttons-is-layout-flex\">\n<div class=\"wp-block-button aligncenter\"><a href=\"https:\/\/miresi.es\/buscador\/?utm_source=blog\"  rel=\"noreferrer noopener\"  rel=\"noreferrer noopener\">encuentra residencia hoy<\/a><\/div>\n<\/div>\n\n\n\n<p><\/p>\n\n\n\n<h2 class=\"wp-block-heading\">1. <strong>\u00bfQu\u00e9 es la Deducci\u00f3n por mayor a cargo?<\/strong><\/h2>\n\n\n\n<p>La deducci\u00f3n por mayor a cargo es una <strong>rebaja en la renta<\/strong>. Esto es un beneficio que se da a las personas que cuidan de forma continuada a una persona que depende de ellos completamente.\u00a0<\/p>\n\n\n\n<p>La rebaja en la Declaraci\u00f3n de la Renta incide en que <strong>los usuarios paguen menos porque tienen que sostener la manutenci\u00f3n de otra persona.<\/strong><\/p>\n\n\n\n<h2 class=\"wp-block-heading\">2. <strong>\u00bfC\u00f3mo se tramita la deducci\u00f3n por mayor a cargo?<\/strong><\/h2>\n\n\n\n<p><strong>Esta condici\u00f3n se debe acreditar a la hora de hacer la Declaraci\u00f3n de la Renta<\/strong>. Como el resto de condiciones que se explicitan en la declaraci\u00f3n, se debe marcar la casilla donde se indica que tenemos mayores a nuestro cargo.<\/p>\n\n\n\n<p>La administraci\u00f3n comprobar\u00e1 que esto es cierto mediante la documentaci\u00f3n. Una vez se compruebe, ser\u00e1 una de las razones que conducir\u00e1n a conocer qu\u00e9 impuestos se pagar\u00e1n. Esta situaci\u00f3n, al igual que la de tener hijos a su cargo, <strong>desgrava<\/strong>.<\/p>\n\n\n<div class=\"wp-block-image\">\n<figure class=\"aligncenter size-large\"><img decoding=\"async\" width=\"1024\" height=\"683\" src=\"https:\/\/miresi.es\/blog\/wp-content\/uploads\/2022\/06\/close-up-of-a-businessman-using-calculator-in-offi-2021-09-14-01-41-21-utc-1024x683.jpg\" alt=\"hombre calcula la deducci\u00f3n por mayor a cargo\" class=\"wp-image-16801\" srcset=\"https:\/\/miresiblog.imgix.net\/uploads\/2022\/06\/close-up-of-a-businessman-using-calculator-in-offi-2021-09-14-01-41-21-utc-scaled.jpg?auto=format%2Ccompress&fit=crop&h=683&ixlib=php-3.3.0&w=1024&s=791b76ea22124f47572790e5740b14e6 1024w, https:\/\/miresiblog.imgix.net\/uploads\/2022\/06\/close-up-of-a-businessman-using-calculator-in-offi-2021-09-14-01-41-21-utc-scaled.jpg?auto=format%2Ccompress&fit=crop&h=200&ixlib=php-3.3.0&w=300&s=64a4a7e89f10f64dc23aead7fd77151d 300w, https:\/\/miresiblog.imgix.net\/uploads\/2022\/06\/close-up-of-a-businessman-using-calculator-in-offi-2021-09-14-01-41-21-utc-scaled.jpg?auto=format%2Ccompress&fit=crop&h=512&ixlib=php-3.3.0&w=768&s=1e89f525eef459299296d4bcbcc6c373 768w, https:\/\/miresiblog.imgix.net\/uploads\/2022\/06\/close-up-of-a-businessman-using-calculator-in-offi-2021-09-14-01-41-21-utc-scaled.jpg?auto=format%2Ccompress&fit=crop&h=1024&ixlib=php-3.3.0&w=1536&s=918970b8e2c92c8dd188d3e666330807 1536w, https:\/\/miresiblog.imgix.net\/uploads\/2022\/06\/close-up-of-a-businessman-using-calculator-in-offi-2021-09-14-01-41-21-utc-scaled.jpg?auto=format%2Ccompress&fit=crop&h=1365&ixlib=php-3.3.0&w=2048&s=035142a199096e00339c15318a2379a2 2048w, https:\/\/miresiblog.imgix.net\/uploads\/2022\/06\/close-up-of-a-businessman-using-calculator-in-offi-2021-09-14-01-41-21-utc-scaled.jpg?auto=format%2Ccompress&fit=crop&h=240&ixlib=php-3.3.0&w=360&s=892df77effad7293b4be9f08baf62d18 360w, https:\/\/miresiblog.imgix.net\/uploads\/2022\/06\/close-up-of-a-businessman-using-calculator-in-offi-2021-09-14-01-41-21-utc-scaled.jpg?auto=format%2Ccompress&ixlib=php-3.3.0&w=900&s=9e6f3310ea92538d81350d3a2730fe64 900w\" sizes=\"(max-width: 1024px) 100vw, 1024px\" \/><figcaption>Hombre calculando su declaraci\u00f3n de la Renta<\/figcaption><\/figure>\n<\/div>\n\n\n<h3 class=\"wp-block-heading\"><strong>2.1. Documentaci\u00f3n necesaria<\/strong><\/h3>\n\n\n\n<p>En el proceso se debe <strong>certificar el parentesco<\/strong> entre la persona que realiza la Declaraci\u00f3n de la Renta y el mayor del que se cuida. Hay que demostrar que el mayor en cuesti\u00f3n <strong>vive en la casa del o la beneficiaria<\/strong>.<\/p>\n\n\n\n<p>Hay que acreditar que el mayor convive con la persona que presenta la declaraci\u00f3n. Adem\u00e1s, hay que documentar<strong> la realidad del mayor<\/strong> (ingresos anuales, edad, situaci\u00f3n o no de dependencia y\/o discapacidad,\u2026).\u00a0<\/p>\n\n\n\n<h2 class=\"wp-block-heading\">3. <strong>\u00bfCualquiera puede pedir la deducci\u00f3n?<\/strong><\/h2>\n\n\n\n<p>Cualquier persona que presente la Declaraci\u00f3n de la Renta debe indicar cual es su <strong>situaci\u00f3n familiar, adem\u00e1s de sus ingresos y los bienes <\/strong>con los que cuenta.\u00a0<\/p>\n\n\n\n<p>Las personas que se pueden beneficiar de esta deducci\u00f3n deben acreditar que cuidan de <strong>mayores de 65 a\u00f1os o menores de 65 a\u00f1os con una discapacidad igual o superior al 33%<\/strong>. Este mayores debe residir con la persona que realiza la declaraci\u00f3n, <strong>por lo menos la mitad del a\u00f1o<\/strong>. Si los ancianos est\u00e1n internados en un centro que est\u00e1n financiando sus familiares, tambi\u00e9n podr\u00e1n optar a la obtenci\u00f3n de esta ayuda.<\/p>\n\n\n\n<div class=\"wp-block-buttons is-layout-flex wp-block-buttons-is-layout-flex\">\n<div class=\"wp-block-button aligncenter\"><a href=\"https:\/\/miresi.es\/buscador\/?utm_source=blog\"  rel=\"noreferrer noopener\"  rel=\"noreferrer noopener\">cons\u00faltanos sin compromiso<\/a><\/div>\n<\/div>\n\n\n\n<p>Por lo que respecta a los ingresos del mayor, estos no podr\u00e1n ser superiores a los <strong>8.000 euros anuales<\/strong> y que presente declaraci\u00f3n del <strong>IRPF sin rentas superiores a los 1.800 euros.<\/strong><\/p>\n\n\n\n<p><strong>Estar\u00e1n fuera <\/strong>de esta deducci\u00f3n los mayores que se encuentren en las siguientes situaciones:<\/p>\n\n\n\n<ol class=\"wp-block-list\"><li>Mayores que vivan <strong>m\u00e1s de 30 d\u00edas al a\u00f1o en una residencia <\/strong>(que no sean para rehabilitaci\u00f3n).<\/li><li>Que la<strong> base imponible general no supere:<\/strong><\/li><\/ol>\n\n\n\n<ul class=\"wp-block-list\"><li><strong>27.000<\/strong> <strong>euros<\/strong> en tributaci\u00f3n individual.<\/li><li><strong>36.000<\/strong> <strong>euros<\/strong> en tributaci\u00f3n conjunta.<\/li><\/ul>\n\n\n\n<h2 class=\"wp-block-heading\">4. <strong>\u00bfCu\u00e1les son las deducciones por mayor a cargo?<\/strong><\/h2>\n\n\n\n<p>Las reducciones en la Declaraci\u00f3n de la Renta <strong>cambian en funci\u00f3n del n\u00famero de mayores que tengan a su cargo.<\/strong><\/p>\n\n\n\n<p>Para aquellos que cuiden a <strong>mayores de 75 a\u00f1os<\/strong>, la reducci\u00f3n es de <strong>1.150 euros anuales por cada uno<\/strong> de ellos. Mientras que la reducci\u00f3n es de <strong>1.400 euros <\/strong>anuales si el mayor es <strong>dependiente y tiene menos de 65 a\u00f1os.<\/strong><\/p>\n\n\n\n<figure class=\"wp-block-image size-large\"><img decoding=\"async\" width=\"1024\" height=\"768\" src=\"https:\/\/miresi.es\/blog\/wp-content\/uploads\/2022\/06\/office-worker-working-late-in-the-office-2021-08-26-22-39-50-utc-1024x768.jpg\" alt=\"hombre calculando la deducci\u00f3n por mayor a cargo \" class=\"wp-image-16806\" srcset=\"https:\/\/miresiblog.imgix.net\/uploads\/2022\/06\/office-worker-working-late-in-the-office-2021-08-26-22-39-50-utc-scaled.jpg?auto=format%2Ccompress&fit=crop&h=768&ixlib=php-3.3.0&w=1024&s=8141680bd3805d9f27251726fc9328dc 1024w, https:\/\/miresiblog.imgix.net\/uploads\/2022\/06\/office-worker-working-late-in-the-office-2021-08-26-22-39-50-utc-scaled.jpg?auto=format%2Ccompress&fit=crop&h=225&ixlib=php-3.3.0&w=300&s=a3e98cb340c322198c9ee5fac23d6d61 300w, https:\/\/miresiblog.imgix.net\/uploads\/2022\/06\/office-worker-working-late-in-the-office-2021-08-26-22-39-50-utc-scaled.jpg?auto=format%2Ccompress&fit=crop&h=576&ixlib=php-3.3.0&w=768&s=fe8a761aa274896d260a5f6a429cc1fd 768w, https:\/\/miresiblog.imgix.net\/uploads\/2022\/06\/office-worker-working-late-in-the-office-2021-08-26-22-39-50-utc-scaled.jpg?auto=format%2Ccompress&fit=crop&h=1152&ixlib=php-3.3.0&w=1536&s=407378fe7b347efd59204caa7a91c994 1536w, https:\/\/miresiblog.imgix.net\/uploads\/2022\/06\/office-worker-working-late-in-the-office-2021-08-26-22-39-50-utc-scaled.jpg?auto=format%2Ccompress&fit=crop&h=1536&ixlib=php-3.3.0&w=2048&s=8deb7076148658cae4af0f219092d211 2048w, https:\/\/miresiblog.imgix.net\/uploads\/2022\/06\/office-worker-working-late-in-the-office-2021-08-26-22-39-50-utc-scaled.jpg?auto=format%2Ccompress&fit=crop&h=270&ixlib=php-3.3.0&w=360&s=4fd1c328195f38dca457a8ce9fb4e14b 360w, https:\/\/miresiblog.imgix.net\/uploads\/2022\/06\/office-worker-working-late-in-the-office-2021-08-26-22-39-50-utc-scaled.jpg?auto=format%2Ccompress&ixlib=php-3.3.0&w=800&s=9ac4f0dca0bbd9d918528dc29dc0aa1d 800w\" sizes=\"(max-width: 1024px) 100vw, 1024px\" \/><figcaption>Hombre calculando la declaraci\u00f3n de la Renta<\/figcaption><\/figure>\n\n\n\n<h2 class=\"wp-block-heading\">5. <strong>\u00bfQu\u00e9 es un ascendente a cargo?<\/strong><\/h2>\n\n\n\n<p>Un ascendente a cargo es todo aquel familiar directo que no sea hijo, sobrino o nieto, es decir, que preceda en edad al sujeto. Por tanto, los <strong>ascendentes ser\u00edan los padres, abuelos y bisabuelos.<\/strong><\/p>\n\n\n\n<p>Pese a que entren en la definici\u00f3n de ascendentes, <strong>los t\u00edos, por ejemplo, no se tienen en consideraci\u00f3n<\/strong> porque no son familiares directos.\u00a0<\/p>\n\n\n\n<p>El ascendente a cargo es lo contrario al <strong>descendiente a cargo<\/strong>. Los hijos menores de edad desgravan en la Declaraci\u00f3n de la Renta porque son dependientes respecto a sus padres.<\/p>\n\n\n\n<p>De la misma forma,\u00a0 los mayores hay mayores que dependen del cuidado de sus hijos. Ya sea porque <strong>no se valen por s\u00ed mismos o porque no cuentan con los recursos necesarios<\/strong>, en ocasiones, son dos descendientes los que deben hacerse cargo del cuidado de sus mayores.<\/p>\n\n\n\n<div class=\"wp-block-buttons is-layout-flex wp-block-buttons-is-layout-flex\">\n<div class=\"wp-block-button aligncenter\"><a href=\"https:\/\/miresi.es\/buscador\/?utm_source=blog\"  rel=\"noreferrer noopener\"  rel=\"noreferrer noopener\">p\u00eddenos asesoramiento<\/a><\/div>\n<\/div>\n\n\n\n<p>Las personas que tienen familiares que dependen de sus cuidados, gastan tiempo y dinero en ellos. Por eso, se piensa en ellos a la hora de realizar la contribuci\u00f3n. Hacienda reconoce la situaci\u00f3n de <strong>desventaja<\/strong> y la intenta suplir con una reducci\u00f3n de la carga fiscal. Desde miResi, como siempre,<strong> esperamos que este art\u00edculo sea de utilidad.<\/strong><\/p>\n\n\n\n<p class=\"has-small-font-size\">Fuentes:<\/p>\n\n\n\n<ul class=\"has-small-font-size wp-block-list\"><li>Agencia Tributaria: <a href=\"https:\/\/sede.agenciatributaria.gob.es\/Sede\/ayuda\/manuales-videos-folletos\/manuales-practicos\/irpf-2021\/capitulo-17-deducciones-autonomicas-cuota\/comunidad-autonoma-castilla-mancha\/cuidado-ascendientes-mayores-75-anos.html\"  target=\"_blank\" rel=\"external nofollow\"  target=\"_blank\"  class=\"wp-links-icon\">https:\/\/sede.agenciatributaria.gob.es\/Sede\/ayuda\/manuales-videos-folletos\/manuales-practicos\/irpf-2021\/capitulo-17-deducciones-autonomicas-cuota\/comunidad-autonoma-castilla-mancha\/cuidado-ascendientes-mayores-75-anos.html<\/a>\u00a0<\/li><li>Agencia Tributaria: <a href=\"https:\/\/sede.agenciatributaria.gob.es\/Sede\/ayuda\/manuales-videos-folletos\/manuales-practicos\/irpf-2021\/capitulo-14-adecuacion-impuesto-circunstancias-personales\/minimo-ascendientes.html\"  target=\"_blank\" rel=\"external nofollow\"  target=\"_blank\"  class=\"wp-links-icon\">https:\/\/sede.agenciatributaria.gob.es\/Sede\/ayuda\/manuales-videos-folletos\/manuales-practicos\/irpf-2021\/capitulo-14-adecuacion-impuesto-circunstancias-personales\/minimo-ascendientes.html<\/a><\/li><\/ul>\n<div style='text-align:center' class='yasr-auto-insert-visitor'><!--Yasr Visitor Votes Shortcode--><div id='yasr_visitor_votes_df09b5c082657' class='yasr-visitor-votes'><div class=\"yasr-custom-text-vv-before yasr-custom-text-vv-before-16799\">\u00a1Haz clic para puntuar esta entrada!<\/div><div id='yasr-vv-second-row-container-df09b5c082657'\r\n                                        class='yasr-vv-second-row-container'><div id='yasr-visitor-votes-rater-df09b5c082657'\r\n                                      class='yasr-rater-stars-vv'\r\n                                      data-rater-postid='16799'\r\n                                      data-rating='0'\r\n                                      data-rater-starsize='32'\r\n                                      data-rater-readonly='false'\r\n                                      data-rater-nonce='4d05b5a2cb'\r\n                                      data-issingular='false'\r\n                                    ><\/div><div class=\"yasr-vv-stats-text-container\" id=\"yasr-vv-stats-text-container-df09b5c082657\"><svg xmlns=\"https:\/\/www.w3.org\/2000\/svg\" width=\"20\" height=\"20\"\r\n                                   class=\"yasr-dashicons-visitor-stats\"\r\n                                   data-postid=\"16799\"\r\n                                   id=\"yasr-stats-dashicon-df09b5c082657\">\r\n                                   <path d=\"M18 18v-16h-4v16h4zM12 18v-11h-4v11h4zM6 18v-8h-4v8h4z\"><\/path>\r\n                               <\/svg><span id=\"yasr-vv-text-container-df09b5c082657\" class=\"yasr-vv-text-container\"> (Votos: <span id=\"yasr-vv-votes-number-container-df09b5c082657\">0<\/span>  Promedio: <span id=\"yasr-vv-average-container-df09b5c082657\">0<\/span>)<\/span><\/div><div id='yasr-vv-loader-df09b5c082657' class='yasr-vv-container-loader'><\/div><\/div><div id='yasr-vv-bottom-container-df09b5c082657'\r\n                              class='yasr-vv-bottom-container'\r\n                              style='display:none'><\/div><\/div><!--End Yasr Visitor Votes Shortcode--><\/div>","protected":false},"excerpt":{"rendered":"<p>Existen rebajas fiscales para las personas que se ven obligadas a cuidar de sus familiares. Por eso, desde miResi hablamos de la deducci\u00f3n por mayores a cargo<\/p>\n","protected":false},"author":10,"featured_media":16800,"comment_status":"open","ping_status":"open","sticky":false,"template":"","format":"standard","meta":{"yasr_overall_rating":0,"yasr_post_is_review":"","yasr_auto_insert_disabled":"","yasr_review_type":"","footnotes":""},"categories":[387,389],"tags":[1463,1461,1462,1464],"class_list":["post-16799","post","type-post","status-publish","format-standard","has-post-thumbnail","hentry","category-ayudas","category-descuentos","tag-declaracion-de-la-renta","tag-deduccion-por-persona-a-cargo","tag-impuestos","tag-rebajas-fiscales"],"yasr_visitor_votes":{"stars_attributes":{"read_only":false,"span_bottom":false},"number_of_votes":0,"sum_votes":0},"_links":{"self":[{"href":"https:\/\/miresi.es\/blog\/wp-json\/wp\/v2\/posts\/16799","targetHints":{"allow":["GET"]}}],"collection":[{"href":"https:\/\/miresi.es\/blog\/wp-json\/wp\/v2\/posts"}],"about":[{"href":"https:\/\/miresi.es\/blog\/wp-json\/wp\/v2\/types\/post"}],"author":[{"embeddable":true,"href":"https:\/\/miresi.es\/blog\/wp-json\/wp\/v2\/users\/10"}],"replies":[{"embeddable":true,"href":"https:\/\/miresi.es\/blog\/wp-json\/wp\/v2\/comments?post=16799"}],"version-history":[{"count":8,"href":"https:\/\/miresi.es\/blog\/wp-json\/wp\/v2\/posts\/16799\/revisions"}],"predecessor-version":[{"id":20624,"href":"https:\/\/miresi.es\/blog\/wp-json\/wp\/v2\/posts\/16799\/revisions\/20624"}],"wp:featuredmedia":[{"embeddable":true,"href":"https:\/\/miresi.es\/blog\/wp-json\/wp\/v2\/media\/16800"}],"wp:attachment":[{"href":"https:\/\/miresi.es\/blog\/wp-json\/wp\/v2\/media?parent=16799"}],"wp:term":[{"taxonomy":"category","embeddable":true,"href":"https:\/\/miresi.es\/blog\/wp-json\/wp\/v2\/categories?post=16799"},{"taxonomy":"post_tag","embeddable":true,"href":"https:\/\/miresi.es\/blog\/wp-json\/wp\/v2\/tags?post=16799"}],"curies":[{"name":"wp","href":"https:\/\/api.w.org\/{rel}","templated":true}]}}