{"id":16888,"date":"2022-07-05T11:32:21","date_gmt":"2022-07-05T10:32:21","guid":{"rendered":"https:\/\/miresi.es\/blog\/?p=16888"},"modified":"2026-04-23T18:04:35","modified_gmt":"2026-04-23T17:04:35","slug":"talleres-de-memoria-para-ancianos","status":"publish","type":"post","link":"https:\/\/miresi.es\/blog\/talleres-de-memoria-para-ancianos\/","title":{"rendered":"Descubre los mejores talleres de Memoria para Ancianos"},"content":{"rendered":"\n<p>\u00bf Sabes en qu\u00e9 consisten los talleres de memoria para ancianos? Te contamos\u2026 las personas de la <strong>tercera edad <\/strong>experimentan ciertos cambios debidos al paso del tiempo. A lo largo de la vejez, es posible que aparezcan ciertas limitaciones <strong>cognitivas<\/strong>. Para hacer frente a este tipo de trastornos ps\u00edquicos, es recomendable realizar diferentes actividades. En <a href=\"https:\/\/miresi.es\/buscador\/?utm_source=blog\"  rel=\"nofollow\" title=\"miResi\"  rel=\"nofollow\" title=\"miResi\">miResi<\/a>, hemos querido contarte una de ellas: \u00a1los <strong>talleres de memoria para ancianos!.<\/strong><\/p>\n\n\n\n<div style=\"height:39px\" aria-hidden=\"true\" class=\"wp-block-spacer\"><\/div>\n\n\n\n<div class=\"wp-block-buttons is-content-justification-center is-layout-flex wp-container-core-buttons-is-layout-16018d1d wp-block-buttons-is-layout-flex\">\n<div class=\"wp-block-button has-custom-font-size has-medium-font-size\"><a href=\"https:\/\/miresi.es\/buscador\/?utm_source=blog\"  rel=\"nofollow\"  rel=\"nofollow\"><strong>BUSCAR RESIDENCIA<\/strong><\/a><\/div>\n<\/div>\n\n\n\n<div style=\"height:35px\" aria-hidden=\"true\" class=\"wp-block-spacer\"><\/div>\n\n\n\n<h2 class=\"wp-block-heading\">1. \u00bfQu\u00e9 son los talleres de memoria para ancianos?<\/h2>\n\n\n\n<p>Antes de entrar en materia, es importante especificar que son los <strong>talleres de memoria<\/strong> para ancianos. Estas <strong>din\u00e1micas <\/strong>consisten en agrupar personas para desarrollar <strong>actividades <\/strong>que fomenten la <strong>salud cognitiva.<\/strong><\/p>\n\n\n\n<p>Los talleres de memoria para ancianos est\u00e1n enfocados en el <strong>envejecimiento activo<\/strong> de nuestras capacidades cognitivas. A menudo, las personas mayores ven las <strong>actividades de memoria como un ejercicio aburrido<\/strong>. En este aspecto, el hecho de realizarlo en grupo puede ser m\u00e1s <strong>divertido <\/strong>y entretenido.<\/p>\n\n\n\n<p>Desde miResi, conocemos la importancia de realizar este tipo de talleres para frenar el deterioro cognitivo y mejorar el bienestar de las personas mayores. Por eso, te brindamos soluciones accesibles y profesionales para que encuentres los mejores cuidados para tu mayor. Te presentamos <strong><a href=\"https:\/\/senior.market\/\"  target=\"_blank\" rel=\"external nofollow\"  title=\"\"  class=\"wp-links-icon\">Senior Market<\/a><\/strong> y te invitamos a descubrir una amplia gama de productos y servicios para personas mayores dise\u00f1ados para mejorar su calidad de vida. <\/p>\n\n\n\n<p>Esta tienda online ofrece, entre otros, un destacado cat\u00e1logo de <strong><a href=\"https:\/\/senior.market\/collections\/cuidados-a-domicilio\"  target=\"_blank\" rel=\"external nofollow\"  title=\"\"  class=\"wp-links-icon\">cuidados a domicilio<\/a><\/strong>, como servicios de enfermer\u00eda a domicilio y o de fisioterapia a domicilio, todos realizados por profesionales del sector altamente cualificados. <\/p>\n\n\n\n<p>Estos servicios se enfocan en la atenci\u00f3n personalizada, por lo que, si tu mayor lo necesita, podr\u00e1 realizar ejercicios espec\u00edficos para estimular la memoria con el profesional sanitario. Con <a href=\"https:\/\/senior.market\/\"  target=\"_blank\" rel=\"external nofollow\"  title=\"\"  class=\"wp-links-icon\"><strong>Senior Market<\/strong><\/a>, potenciar el bienestar integral de tu familiar mayor nunca fue tan accesible. No dudes en <strong><a href=\"https:\/\/senior.market\/\"  target=\"_blank\" rel=\"external nofollow\"  title=\"\"  class=\"wp-links-icon\">visitar la plataforma<\/a><\/strong> y explorar las ayudas que se te brindan para cuidar y mejorar la calidad de vida de las personas mayores.<\/p>\n\n\n<div class=\"wp-block-image\">\n<figure class=\"aligncenter size-large is-resized\"><a href=\"https:\/\/senior.market\/\"  target=\"_blank\" rel=\"external nofollow\"  ><img decoding=\"async\" width=\"830\" height=\"600\" src=\"https:\/\/miresiblog.imgix.net\/uploads\/2022\/07\/Captura-de-pantalla-2025-01-31-093420.png?auto=format%2Ccompress&ixlib=php-3.3.0&s=d4923149340ed49383c1cb3cac3d5c75\" alt=\"\" class=\"wp-image-23522\" style=\"width:540px;height:auto\" srcset=\"https:\/\/miresiblog.imgix.net\/uploads\/2022\/07\/Captura-de-pantalla-2025-01-31-093420.png?auto=format%2Ccompress&ixlib=php-3.3.0&w=830&s=6a9fd00796a7da14a4288d1e173fc813 830w, https:\/\/miresiblog.imgix.net\/uploads\/2022\/07\/Captura-de-pantalla-2025-01-31-093420.png?auto=format%2Ccompress&fit=crop&h=217&ixlib=php-3.3.0&w=300&s=9f00f266ba48322cf52612768f4fe97b 300w, https:\/\/miresiblog.imgix.net\/uploads\/2022\/07\/Captura-de-pantalla-2025-01-31-093420.png?auto=format%2Ccompress&fit=crop&h=740&ixlib=php-3.3.0&w=1024&s=34b38086923bc47f0ff989077c8b7f04 1024w, https:\/\/miresiblog.imgix.net\/uploads\/2022\/07\/Captura-de-pantalla-2025-01-31-093420.png?auto=format%2Ccompress&fit=crop&h=555&ixlib=php-3.3.0&w=768&s=988e143d500cc6623cd4e44006e97abf 768w, https:\/\/miresiblog.imgix.net\/uploads\/2022\/07\/Captura-de-pantalla-2025-01-31-093420.png?auto=format%2Ccompress&fit=crop&h=260&ixlib=php-3.3.0&w=360&s=cc83c407ccda15cff9c3c91a09c47f68 360w\" sizes=\"(max-width: 830px) 100vw, 830px\" \/><\/a><figcaption class=\"wp-element-caption\">\u00a1Descubre Senior Market!<\/figcaption><\/figure>\n<\/div>\n\n\n<div class=\"wp-block-buttons is-content-justification-center is-layout-flex wp-container-core-buttons-is-layout-16018d1d wp-block-buttons-is-layout-flex\">\n<div class=\"wp-block-button has-custom-font-size has-medium-font-size\"><a href=\"https:\/\/senior.market\/collections\/servicios\/servicios\"  target=\"_blank\" rel=\"external nofollow\"   class=\"wp-links-icon\"><strong>Accede a los servicios de Senior Market<\/strong><\/a><\/div>\n<\/div>\n\n\n\n<h2 class=\"wp-block-heading\">2. Talleres de memoria para ancianos: Una tarea vital <\/h2>\n\n\n\n<p>Las <strong>personas ancianas<\/strong> suelen tener problemas cognitivos de car\u00e1cter <strong>degenerativo<\/strong>. Con el paso de los a\u00f1os, nuestro <strong>cerebro <\/strong>y <strong>sistema nervioso<\/strong> van perdiendo facultades que afectan a nuestra rutina.<\/p>\n\n\n\n<p>Un informe de la <a href=\"https:\/\/www.who.int\/es\/news-room\/fact-sheets\/detail\/la-salud-mental-y-los-adultos-mayores\"  target=\"_blank\" rel=\"external nofollow\"  target=\"_blank\" title=\"Organizaci\u00f3n\"  class=\"wp-links-icon\">Organizaci\u00f3n<\/a><a href=\"https:\/\/www.who.int\/es\/news-room\/fact-sheets\/detail\/la-salud-mental-y-los-adultos-mayores\"  target=\"_blank\" rel=\"external nofollow\"  target=\"_blank\"  class=\"wp-links-icon\"> Mundial de la Salud<\/a> ( OMS), revela que hay alrededor de <strong>47,5 millones de personas con demencia<\/strong>. Lo m\u00e1s alarmante, es que la organizaci\u00f3n calcula que en <strong>2030 <\/strong>habr\u00e1 cerca de <strong>75 millones de personas<\/strong> con estos trastornos. Podr\u00edamos considerar que la demencia es una epidemia real para la sociedad.<\/p>\n\n\n\n<p>Debemos dar importancia acerca de esta <strong>realidad<\/strong>. Los ancianos, pueden trabajar contra la <strong>p\u00e9rdida de memoria<\/strong> a trav\u00e9s de ciertas din\u00e1micas. Una opci\u00f3n <strong>ideal <\/strong>pueden ser los<strong> talleres de memoria<\/strong> para ancianos.<\/p>\n\n\n\n<p>Las personas mayores deben cuidar de su salud. El <strong>cerebro<\/strong>, es tan importante como la salud f\u00edsica. Esta es una herramienta que <strong>debe trabajarse<\/strong> de manera habitual.<\/p>\n\n\n\n<h2 class=\"wp-block-heading\">3. \u00bfPor qu\u00e9 ocurre la p\u00e9rdida de memoria en ancianos?<\/h2>\n\n\n\n<p>La p\u00e9rdida de memoria en ancianos es una <strong>consecuencia directa del envejecimiento<\/strong>. Las personas mayores con estos trastornos, suelen sufrir <strong>disfunciones a nivel cerebral<\/strong>.\u00a0<\/p>\n\n\n\n<p>Cuando envejecemos, nuestra <strong>m\u00e9dula <\/strong>y <strong>cerebro <\/strong>se deterioran y trabajan de manera irregular. Esto hace que el peso disminuya y nuestro cerebro produzca menos <strong>neuronas<\/strong>, provocando as\u00ed una atrofia.<\/p>\n\n\n\n<p>La <a href=\"https:\/\/www.alz.org\/\"  target=\"_blank\" rel=\"external nofollow\"  target=\"_blank\" title=\"Alzheimer's Association,\"  class=\"wp-links-icon\">Alzheimer\u2019s Association,<\/a> mostraba en un informe cu\u00e1les son las principales partes afectadas a medida que envejecemos:<\/p>\n\n\n\n<ul class=\"wp-block-list\">\n<li>Memoria<\/li>\n\n\n\n<li>Comunicaci\u00f3n y lenguaje<\/li>\n\n\n\n<li>Capacidad de concentraci\u00f3n y prestar atenci\u00f3n<\/li>\n\n\n\n<li>Razonamiento y juicio<\/li>\n\n\n\n<li>Percepci\u00f3n visual<\/li>\n<\/ul>\n\n\n\n<p>En muchos casos, estos trastornos pueden ser un <strong>signo <\/strong>claro de otras <strong>patolog\u00edas <\/strong>graves como el <strong>Alzheimer <\/strong>o el <strong>Parkinson<\/strong>. Es recomendable que las <strong>familias <\/strong>acudan al m\u00e9dico cuando observen estos <strong>signos previos a la demencia.<\/strong><\/p>\n\n\n\n<div class=\"wp-block-buttons is-content-justification-center is-layout-flex wp-container-core-buttons-is-layout-16018d1d wp-block-buttons-is-layout-flex\">\n<div class=\"wp-block-button has-custom-font-size has-medium-font-size\"><a href=\"https:\/\/buscador.miresi.es\/\"  ><strong>Recibe asesor\u00eda gratuita<\/strong><\/a><\/div>\n<\/div>\n\n\n\n<h2 class=\"wp-block-heading\">4. \u00bfC\u00f3mo paliar la p\u00e9rdida de memoria en ancianos?<\/h2>\n\n\n\n<p>La <strong>p\u00e9rdida de memoria <\/strong>en ancianos debe ser tratada lo <strong>antes posible<\/strong>. Como hemos comentado antes, es de vital importancia el papel de la familia para anticiparse a problemas cognitivos. Si <strong>notas cierto trastorno<\/strong>, es importante que acud\u00e1is a un experto para que haga un <strong>breve an\u00e1lisis<\/strong> de la salud cognitiva de tu familiar.<\/p>\n\n\n\n<p>Para hacer frente a la <strong>p\u00e9rdida de memoria<\/strong> en ancianos, existen dos <strong>alternativas <\/strong>muy beneficiosas: <strong>medicaci\u00f3n y talleres <\/strong>de memoria para ancianos.<\/p>\n\n\n\n<p>Los <strong>tratamientos m\u00e9dicos<\/strong> son recomendables en contextos d\u00f3nde la<strong> demencia est\u00e1 muy desarrollada<\/strong>. Si hablamos de paliar problemas de salud, lo ideal es intentar hacerlo a trav\u00e9s de actividades que no impliquen el consumo de medicamentos.<\/p>\n\n\n\n<p>En cuanto al consumo de f\u00e1rmacos para combatir la demencia, existen ciertos <strong>riesgos<\/strong>. El <a href=\"https:\/\/www.nia.nih.gov\/\"  target=\"_blank\" rel=\"external nofollow\"  target=\"_blank\"  class=\"wp-links-icon\">Instituto Nacional de Enfermedades<\/a>, advierte sobre la importancia de asegurarse de que los tratamientos est\u00e9n <strong>avalados por organizaciones<\/strong> del mundo de la salud.<\/p>\n\n\n\n<figure class=\"wp-block-image size-large is-resized\"><img decoding=\"async\" width=\"1024\" height=\"683\" src=\"https:\/\/miresi.es\/blog\/wp-content\/uploads\/2022\/07\/senior-couple-watching-old-photographs-at-home-2022-03-08-01-04-05-utc-1-1-1024x683.jpg\" alt=\"Talleres de memoria para mayores ayuda a frenar el deterioro cognitivo\" class=\"wp-image-16895\" style=\"aspect-ratio:1;width:1170px;height:auto\" srcset=\"https:\/\/miresiblog.imgix.net\/uploads\/2022\/07\/senior-couple-watching-old-photographs-at-home-2022-03-08-01-04-05-utc-1-1-scaled.jpg?auto=format%2Ccompress&fit=crop&h=683&ixlib=php-3.3.0&w=1024&s=d8a85c1bfcf5e056bc264c4ad8297ddc 1024w, https:\/\/miresiblog.imgix.net\/uploads\/2022\/07\/senior-couple-watching-old-photographs-at-home-2022-03-08-01-04-05-utc-1-1-scaled.jpg?auto=format%2Ccompress&fit=crop&h=200&ixlib=php-3.3.0&w=300&s=177f9e76ec794d618c2cc38d891f689d 300w, https:\/\/miresiblog.imgix.net\/uploads\/2022\/07\/senior-couple-watching-old-photographs-at-home-2022-03-08-01-04-05-utc-1-1-scaled.jpg?auto=format%2Ccompress&fit=crop&h=512&ixlib=php-3.3.0&w=768&s=60af3eec8d524a15558824be8055d113 768w, https:\/\/miresiblog.imgix.net\/uploads\/2022\/07\/senior-couple-watching-old-photographs-at-home-2022-03-08-01-04-05-utc-1-1-scaled.jpg?auto=format%2Ccompress&fit=crop&h=1024&ixlib=php-3.3.0&w=1536&s=466966b03738cef21e1ee96a3492c7e6 1536w, https:\/\/miresiblog.imgix.net\/uploads\/2022\/07\/senior-couple-watching-old-photographs-at-home-2022-03-08-01-04-05-utc-1-1-scaled.jpg?auto=format%2Ccompress&fit=crop&h=1365&ixlib=php-3.3.0&w=2048&s=c5ee1c8739695c9f7aaa97a39189d9db 2048w, https:\/\/miresiblog.imgix.net\/uploads\/2022\/07\/senior-couple-watching-old-photographs-at-home-2022-03-08-01-04-05-utc-1-1-scaled.jpg?auto=format%2Ccompress&fit=crop&h=240&ixlib=php-3.3.0&w=360&s=cfef0375e127faf24ec05b8d820305ad 360w, https:\/\/miresiblog.imgix.net\/uploads\/2022\/07\/senior-couple-watching-old-photographs-at-home-2022-03-08-01-04-05-utc-1-1-scaled.jpg?auto=format%2Ccompress&ixlib=php-3.3.0&w=900&s=7c74f62fd0b8968fd7d30dd328968ac0 900w\" sizes=\"(max-width: 1024px) 100vw, 1024px\" \/><figcaption class=\"wp-element-caption\">Beneficios de los talleres de memoria para ancianos<\/figcaption><\/figure>\n\n\n\n<div class=\"wp-block-buttons is-content-justification-center is-layout-flex wp-container-core-buttons-is-layout-16018d1d wp-block-buttons-is-layout-flex\">\n<div class=\"wp-block-button has-custom-font-size has-medium-font-size\"><a href=\"https:\/\/miresi.es\/\"  ><strong>Encuentra ayuda personalizada<\/strong><\/a><\/div>\n<\/div>\n\n\n\n<h2 class=\"wp-block-heading\">5. Beneficios de los talleres de memoria para ancianos<\/h2>\n\n\n\n<p>Los talleres de memoria para ancianos sirven para trabajar las<strong> funciones cognitivas<\/strong>. En muchas residencias, realizan estas din\u00e1micas con el objetivo de <strong>estimular la memoria <\/strong>de las personas mayores.<\/p>\n\n\n\n<p>Las <strong>actividades <\/strong>enfocadas en mejorar la memoria en ancianos suelen realizarse de manera <strong>grupal<\/strong>. En estas, realizamos ejercicios relacionados con prestar <strong>atenci\u00f3n<\/strong>, nuestra capacidad de <strong>socializar <\/strong>y el<strong> control espacial.<\/strong> Los talleres de memoria para ancianos, no s\u00f3lo sirven para mejorar la cognici\u00f3n de los mayores.<\/p>\n\n\n\n<p>Estas din\u00e1micas tambi\u00e9n mejoran el <strong>estado emocional<\/strong>. El hecho de tener que socializar e <strong>interactuar <\/strong>con desconocidos, es <strong>beneficioso para el estado de \u00e1nimo<\/strong> de los ancianos.\u00a0<\/p>\n\n\n\n<p>A menudo, las personas mayores sufren problemas relacionados con <strong>estr\u00e9s<\/strong>. El <strong>nuevo estilo de vida<\/strong> crea una monoton\u00eda capaz de afectarnos a <strong>nivel emocional<\/strong>. Si queremos hacer frente a este malestar, los talleres de memoria para ancianos pueden ser de gran ayuda.<\/p>\n\n\n\n<p>Las actividades le permitir\u00e1n salir de su zona de <strong>confort <\/strong>y <strong>adaptarse a contextos<\/strong> nuevos para \u00e9l. Si hay problemas relacionados con <strong>autoestima<\/strong>,  tambi\u00e9n puede ser interesante participar en este tipo de actividades.<\/p>\n\n\n\n<h2 class=\"wp-block-heading\">6. Principales causas de p\u00e9rdida de memoria en ancianos<\/h2>\n\n\n\n<p>La <strong>p\u00e9rdida de memoria<\/strong> en ancianos puede darse debido a diferentes motivos. Una de las razones principales de este trastorno es la <strong>degeneraci\u00f3n del cerebro<\/strong>. Los a\u00f1os pasan y nuestras capacidades van disminuyendo.<\/p>\n\n\n\n<p>Sin embargo, hay ciertos <strong>factores <\/strong>que pueden provocar esta p\u00e9rdida de memoria. Estas tienen mucha relaci\u00f3n con el <strong>estilo de vida<\/strong> y <strong>las experiencias<\/strong> que tengamos. A menudo, no damos importancia a la <strong>salud de nuestro cerebro<\/strong>. Sin embargo, este tiene una vida y su salud depende de c\u00f3mo vivas.<\/p>\n\n\n\n<h3 class=\"wp-block-heading\">6.1 \u00bfQu\u00e9 factores externos\u00a0 provocan la p\u00e9rdida de memoria?<\/h3>\n\n\n\n<p>La p\u00e9rdida de memoria puede surgir por m\u00faltiples razones. Debemos saber que la <strong>manera en que hemos vivido<\/strong> tendr\u00e1 un peso enorme sobre la manera en la que vamos a envejecer. Hemos realizado una lista de los principales factores externos que provocan la <strong>p\u00e9rdida de memoria<\/strong>.<\/p>\n\n\n\n<p>El <strong>tabaquismo <\/strong>y el <strong>alcoholismo<\/strong> son dos aspectos que <strong>aumentan las posibilidades<\/strong> de sufrir demencia. Las personas con un consumo habitual de estas sustancias tienden a disminuir sus <strong>neurotransmisores<\/strong>, vitales para que nuestras habilidades cognitivas sean correctas.<\/p>\n\n\n\n<p>Los<strong> nuevos estilos de vida <\/strong>tambi\u00e9n pueden afectar a nuestra memoria. El <strong>sedentarismo <\/strong>latente en la sociedad, est\u00e1 fomentando personas con tendencia a quedarse encerradas en casa. En este sentido, la <strong>obesidad <\/strong>y <strong>falta de actividad f\u00edsica <\/strong>pueden ser factores de riesgo para nuestra salud cognitiva.<\/p>\n\n\n\n<p>Las <strong>emociones <\/strong>tambi\u00e9n forman parte de nuestra salud cognitiva. Debemos dar importancia a nuestro <strong>bienestar emocional<\/strong>, estas tambi\u00e9n forman parte de nuestra salud cognitiva. El <strong>malestar emocional<\/strong> y la <strong>depresi\u00f3n <\/strong>son aspectos muy da\u00f1inos para nuestro cerebro. Estos contextos pueden llegar a afectar al trabajo neuronal.<\/p>\n\n\n\n<h3 class=\"wp-block-heading\">6.2 Factores naturales que causan p\u00e9rdida de memoria<\/h3>\n\n\n\n<p>Si analizamos factores que afectan a nuestra memoria, es necesario citar algunos <strong>contextos <\/strong>en los que nuestra <strong>salud cognitiva<\/strong> puede verse afectada.\u00a0<\/p>\n\n\n\n<p>En algunos casos de demencia, es habitual encontrar a personas con <strong>cuerpos Lewy<\/strong>, unas part\u00edculas que se acumulan en el cerebro y crean un deterioro cognitivo. Un estudio publicado por la <a href=\"https:\/\/www.cun.es\/\"  target=\"_blank\" rel=\"external nofollow\"  target=\"_blank\" title=\"Cl\u00ednica Universidad de Navarra\"  class=\"wp-links-icon\">Cl\u00ednica Universidad de Navarra<\/a>, mostraba que la demencia por <a href=\"https:\/\/miresi.es\/blog\/etapas-de-la-demencia-por-cuerpos-de-lewy\/\"  target=\"_blank\" rel=\"noreferrer noopener\" title=\"cuerpos de Lewy\"  target=\"_blank\" rel=\"noreferrer noopener\" title=\"cuerpos de Lewy\">cuerpos de Lewy<\/a> es la segunda causa que m\u00e1s demencia genera en persona. Despu\u00e9s del Alzheimer.<\/p>\n\n\n\n<p>La <strong>presi\u00f3n arterial<\/strong> tambi\u00e9n puede ser un aspecto que altera nuestra percepci\u00f3n cognitiva. Aquellas personas con <strong>problemas vasculares<\/strong>, tienen una mayor facilidad para presentar cuadros de demencia. Es necesario tener en cuenta estos y cuidar nuestra <strong>salud arterial<\/strong>.<\/p>\n\n\n\n<p>Como \u00faltimo<strong> factor natural<\/strong> que afecta a nuestra memoria, encontramos a los <strong>az\u00facares<\/strong>. La glucosa es un tipo de az\u00facar que facilita que nuestro cerebro trabaje, es una especie de <strong>combustible<\/strong>. Sabemos que el az\u00facar en exceso es malo, pero debemos <strong>adquirir glucosa en nuestras dietas<\/strong>.<\/p>\n\n\n\n<div class=\"wp-block-buttons is-content-justification-center is-layout-flex wp-container-core-buttons-is-layout-16018d1d wp-block-buttons-is-layout-flex\">\n<div class=\"wp-block-button\"><a href=\"https:\/\/buscador.miresi.es\/\"  ><strong>Encuentra tu residencia ideal<\/strong><\/a><\/div>\n<\/div>\n\n\n\n<h2 class=\"wp-block-heading\">7. Actividades para talleres de memoria para ancianos<\/h2>\n\n\n\n<p>Una vez analizados los <strong>aspectos <\/strong>que afectan a nuestra memoria, hemos visto importante <strong>ofrecer diferentes actividades<\/strong> para talleres de memoria para ancianos. De este modo podr\u00e1s practicar algunos de ellos desde casa.<\/p>\n\n\n\n<h3 class=\"wp-block-heading\">7.1 Actividad de memoria para ancianos: Agrupar conceptos<\/h3>\n\n\n\n<p>Dibujaremos <strong>cuatro c\u00edrculos<\/strong> con una palabra que engloba distintas tem\u00e1ticas o territorios, por ejemplo animales. Una vez dibujados, haremos <strong>una lista de palabras<\/strong> que guarden <strong>relaci\u00f3n <\/strong>con los conceptos de c\u00edrculos. Despu\u00e9s de hacer estos dos pasos, daremos la actividad al anciano para que vaya<strong> atando los cabos<\/strong>.<\/p>\n\n\n<div class=\"wp-block-image\">\n<figure class=\"aligncenter size-large is-resized\"><img decoding=\"async\" width=\"1024\" height=\"576\" src=\"https:\/\/miresi.es\/blog\/wp-content\/uploads\/2022\/07\/1-1024x576.png\" alt=\"Talleres de memoria para ancianos\" class=\"wp-image-16889\" style=\"aspect-ratio:1;width:546px;height:auto\" srcset=\"https:\/\/miresiblog.imgix.net\/uploads\/2022\/07\/1.png?auto=format%2Ccompress&fit=crop&h=576&ixlib=php-3.3.0&w=1024&s=0d6f666470fb225ee8005495f0e4cbba 1024w, https:\/\/miresiblog.imgix.net\/uploads\/2022\/07\/1.png?auto=format%2Ccompress&fit=crop&h=169&ixlib=php-3.3.0&w=300&s=f98fb9f96421b09d08d1ced8e054ccf8 300w, https:\/\/miresiblog.imgix.net\/uploads\/2022\/07\/1.png?auto=format%2Ccompress&fit=crop&h=432&ixlib=php-3.3.0&w=768&s=403d47e9bb49f9bac8da3fdbb1a0ce56 768w, https:\/\/miresiblog.imgix.net\/uploads\/2022\/07\/1.png?auto=format%2Ccompress&fit=crop&h=864&ixlib=php-3.3.0&w=1536&s=58054456c01d0b7444f2481cd3ecfd4e 1536w, https:\/\/miresiblog.imgix.net\/uploads\/2022\/07\/1.png?auto=format%2Ccompress&fit=crop&h=203&ixlib=php-3.3.0&w=360&s=1930e46cfd42ca32c22efb87b3161489 360w, https:\/\/miresiblog.imgix.net\/uploads\/2022\/07\/1.png?auto=format%2Ccompress&ixlib=php-3.3.0&w=1920&s=8a504d8ab0d27c5319b3a1bba2d9bbce 1920w\" sizes=\"(max-width: 1024px) 100vw, 1024px\" \/><figcaption class=\"wp-element-caption\">Talleres de memoria para ancianos<\/figcaption><\/figure>\n<\/div>\n\n\n<h3 class=\"wp-block-heading\">7.2 Actividad del relato para ancianos<\/h3>\n\n\n\n<p>La <strong>actividad del relato<\/strong> es muy habitual en residencias de ancianos. Este ejercicio permite <strong>entrelazar y conectar conceptos<\/strong>, algo clave para nuestra salud cognitiva. El relato consiste en dar unas palabras al anciano y pedirle que forme una frase a partir de ellas.<\/p>\n\n\n\n<h3 class=\"wp-block-heading\">7.3 Actividad de las iniciales para ancianos<\/h3>\n\n\n\n<p>El<strong> juego de las iniciales<\/strong> es bastante simple, este te ayuda a <strong>enlazar letras y recordar nombres<\/strong> de personas. Antes de empezar la actividad, el <strong>organizador <\/strong>deber\u00e1 escribir una <strong>palabra <\/strong>y <strong>separarla por letras<\/strong>. Una vez hecha la separaci\u00f3n, <strong>escribiremos nombres de personas <\/strong>con las iniciales de las letras que hayamos separado previamente.\u00a0<\/p>\n\n\n\n<p>Despu\u00e9s de estos pasos previos, deberemos indicar al anciano que <strong>forme la palabra a partir de las iniciales de los nombres.<\/strong><\/p>\n\n\n\n<h3 class=\"wp-block-heading\">7.4 Actividad de los recados para los ancianos<\/h3>\n\n\n\n<p><strong>Los recados <\/strong>es un ejercicio que fomenta la organizaci\u00f3n de ancianos. A medida que envejecemos, tenemos una mayor dificultad para <strong>planificar <\/strong>nuestros d\u00edas. Hay veces en que personas con demencia, <strong>se desubican <\/strong>y pierden el <strong>oremus <\/strong>del tiempo.<\/p>\n\n\n\n<p>La actividad de los recados consiste en <strong>ordenar todas las tareas<\/strong> que tiene el anciano a lo largo del d\u00eda. En este ejercicio, debemos apuntar los diferentes recados para que el anciano los ordene. De este modo la persona interioriza sus tareas de una manera divertida y efectiva.<\/p>\n\n\n\n<h3 class=\"wp-block-heading\">7.5 Ejercicio de visi\u00f3n espacial para talleres<\/h3>\n\n\n\n<p>El <strong>ejercicio de visi\u00f3n espacial <\/strong>es algo que todos hemos realizado de peque\u00f1os. Esta actividad te permite <strong>analizar la capacidad espacial<\/strong> de la persona. A menudo, este ejercicio sirve para ver c\u00f3mo est\u00e1 la<strong> salud cognitiva <\/strong>de la persona en cuesti\u00f3n.<\/p>\n\n\n\n<p>Para realizar este ejercicio, dibujaremos <strong>16 cuadrados agrupados<\/strong> en columnas. Despu\u00e9s <strong>dibujaremos el interior de cuatro de ellas<\/strong>. Una vez hecho esto, deberemos imprimir una hoja sin los cuadrados dibujados.<\/p>\n\n\n\n<p>El objetivo de esta prueba es que <strong>el anciano recuerde <\/strong>qu\u00e9 cuadrados estaban dibujados y lo rellene en la p\u00e1gina vac\u00eda<\/p>\n\n\n<div class=\"wp-block-image\">\n<figure class=\"aligncenter size-large is-resized\"><img decoding=\"async\" width=\"1024\" height=\"576\" src=\"https:\/\/miresi.es\/blog\/wp-content\/uploads\/2022\/07\/2-1024x576.png\" alt=\"talleres de memoria para ancianos en casa\" class=\"wp-image-16890\" style=\"aspect-ratio:1.7777777777777777;width:691px;height:auto\" srcset=\"https:\/\/miresiblog.imgix.net\/uploads\/2022\/07\/2.png?auto=format%2Ccompress&fit=crop&h=576&ixlib=php-3.3.0&w=1024&s=6dbee89653ddd7b426530fa4d19cfdcd 1024w, https:\/\/miresiblog.imgix.net\/uploads\/2022\/07\/2.png?auto=format%2Ccompress&fit=crop&h=169&ixlib=php-3.3.0&w=300&s=626c8108f2f5343bf26e473832f1d6e3 300w, https:\/\/miresiblog.imgix.net\/uploads\/2022\/07\/2.png?auto=format%2Ccompress&fit=crop&h=432&ixlib=php-3.3.0&w=768&s=7e78b1a5a2a35dd1093e73f334554ea3 768w, https:\/\/miresiblog.imgix.net\/uploads\/2022\/07\/2.png?auto=format%2Ccompress&fit=crop&h=864&ixlib=php-3.3.0&w=1536&s=fd84cb76334617cf65341b7b6e616a9d 1536w, https:\/\/miresiblog.imgix.net\/uploads\/2022\/07\/2.png?auto=format%2Ccompress&fit=crop&h=203&ixlib=php-3.3.0&w=360&s=564c1d5d669dc8d732f0fb4b639d281f 360w, https:\/\/miresiblog.imgix.net\/uploads\/2022\/07\/2.png?auto=format%2Ccompress&ixlib=php-3.3.0&w=1920&s=3cfb140a18dc6e6afd326e65438cffd9 1920w\" sizes=\"(max-width: 1024px) 100vw, 1024px\" \/><figcaption class=\"wp-element-caption\">Talleres de memoria para ancianos<\/figcaption><\/figure>\n<\/div>\n\n\n<h2 class=\"wp-block-heading\">8. Talleres de memoria para ancianos en residencias<\/h2>\n\n\n\n<p>Las <strong>residencias de ancianos<\/strong> suelen realizar din\u00e1micas grupales para mejorar la salud de sus residentes. A menudo, las <strong>personas ancianas<\/strong> no atienden a ciertos aspectos y <strong>dejan de lado este tipo de actividades<\/strong>.<\/p>\n\n\n\n<p>Sin embargo, debemos concienciarnos de la importancia del <strong>envejecimiento activo<\/strong>. Si quieres <strong>luchar contra la p\u00e9rdida de memoria<\/strong>, te recomendamos que acudas a alg\u00fan taller especializado en tus habilidades cognitivas.<\/p>\n\n\n\n<p>La<strong> actividad f\u00edsica y ejercicios mentales<\/strong> son el mejor remedio para combatir la vejez. Adem\u00e1s, estos contextos te permitir\u00e1n socializar con otras personas y empatizar con las personas de tu alrededor.<\/p>\n\n\n\n<div style=\"height:38px\" aria-hidden=\"true\" class=\"wp-block-spacer\"><\/div>\n\n\n\n<div class=\"wp-block-buttons is-content-justification-center is-layout-flex wp-container-core-buttons-is-layout-16018d1d wp-block-buttons-is-layout-flex\">\n<div class=\"wp-block-button\"><a href=\"https:\/\/miresi.es\/buscador\/?utm_source=blog\"  rel=\"nofollow\"  rel=\"nofollow\">ASESORAMIENTO GRATUITO<\/a><\/div>\n<\/div>\n\n\n\n<div style=\"height:38px\" aria-hidden=\"true\" class=\"wp-block-spacer\"><\/div>\n\n\n\n<p>La tercera edad es una bonita etapa de reflexi\u00f3n. Es necesario<strong> quitar el estigma de que la vejez es algo negativo, debemos disfrutarla<\/strong> <strong>al m\u00e1ximo<\/strong>.<\/p>\n\n\n\n<p>Una vez llegada la edad, debemos dar importancia a nuestra salud para envejecer de manera activa. Acudir a un m\u00e9dico para que te haga un diagn\u00f3stico no es algo negativo, <strong>est\u00e1s trabajando en mejorar tu calidad de vida.<\/strong><\/p>\n\n\n\n<p>Cuando aparece la p\u00e9rdida de memoria, <strong>recomendamos<\/strong> <strong>que tambi\u00e9n se informe a la familia<\/strong>. Ellos te acompa\u00f1ar\u00e1n a lo largo de la vejez y te ayudar\u00e1n a remediar los problemas que surjan.<\/p>\n\n\n\n<p>Los <strong>seres queridos son muy importantes cu\u00e1ndo aparecen estos trastornos<\/strong>. Estos pueden cubrir las necesidades f\u00edsicas y emocionales del anciano. La p\u00e9rdida de memoria es un trastorno neurol\u00f3gico que puede afectarnos a nosotros o a un querido. La llegada de la tercera edad, nos provoca ciertos cambios provocados por los a\u00f1os.\u00a0<\/p>\n\n\n\n<h2 class=\"wp-block-heading\">Te brindamos los mejores cuidados y talleres de memoria para ancianos<\/h2>\n\n\n\n<p>Desde <a href=\"https:\/\/miresi.es\/buscador\/?utm_source=blog\"  >miResi<\/a>, queremos que las personas mayores sean atendidas de la mejor manera posible. Hay muchos casos en los que, la p\u00e9rdida de memoria, suponen efectos negativos a nivel f\u00edsico y emocional.<\/p>\n\n\n\n<p><strong>Si tienes la sensaci\u00f3n de sufrir p\u00e9rdida de memoria, no dudes<\/strong> en contactar con miResi, nosotros te ayudaremos a poner soluci\u00f3n a este problema tan com\u00fan en la sociedad.<\/p>\n\n\n\n<p>Recuerda, no est\u00e1s solo. Aceptar el problema solo es el primer paso. <strong>Visitar a un profesional no es algo negativo, est\u00e1s trabajando en mejorar tu salud y ser feliz<\/strong>.<\/p>\n\n\n\n<p class=\"has-small-font-size\">Bibliograf\u00eda:<\/p>\n\n\n\n<ul class=\"wp-block-list has-small-font-size\">\n<li>Family Caregiver Alliance:<a href=\"https:\/\/www.caregiver.org\"  target=\"_blank\" rel=\"external nofollow\"  target=\"_blank\"  class=\"wp-links-icon\"> https:\/\/www.caregiver.org<\/a><\/li>\n\n\n\n<li>En Buena Salud:<a href=\"https:\/\/www.enbuenaedad.es\"  target=\"_blank\" rel=\"external nofollow\"  target=\"_blank\"  class=\"wp-links-icon\"> https:\/\/www.enbuenaedad.es<\/a><\/li>\n\n\n\n<li>National Institute of Aging (NIH): <a href=\"https:\/\/www.nia.nih.gov\/espanol\/memoria-perdida\"  target=\"_blank\" rel=\"external nofollow\"  rel=\"nofollow\"  class=\"wp-links-icon\">https:\/\/www.nia.nih.gov\/espanol\/memoria-perdida<\/a><\/li>\n<\/ul>\n<div style='text-align:center' class='yasr-auto-insert-visitor'><!--Yasr Visitor Votes Shortcode--><div id='yasr_visitor_votes_c45763743fa97' class='yasr-visitor-votes'><div class=\"yasr-custom-text-vv-before yasr-custom-text-vv-before-16888\">\u00a1Haz clic para puntuar esta entrada!<\/div><div id='yasr-vv-second-row-container-c45763743fa97'\r\n                                        class='yasr-vv-second-row-container'><div id='yasr-visitor-votes-rater-c45763743fa97'\r\n                                      class='yasr-rater-stars-vv'\r\n                                      data-rater-postid='16888'\r\n                                      data-rating='5'\r\n                                      data-rater-starsize='32'\r\n                                      data-rater-readonly='false'\r\n                                      data-rater-nonce='4d05b5a2cb'\r\n                                      data-issingular='false'\r\n                                    ><\/div><div class=\"yasr-vv-stats-text-container\" id=\"yasr-vv-stats-text-container-c45763743fa97\"><svg xmlns=\"https:\/\/www.w3.org\/2000\/svg\" width=\"20\" height=\"20\"\r\n                                   class=\"yasr-dashicons-visitor-stats\"\r\n                                   data-postid=\"16888\"\r\n                                   id=\"yasr-stats-dashicon-c45763743fa97\">\r\n                                   <path d=\"M18 18v-16h-4v16h4zM12 18v-11h-4v11h4zM6 18v-8h-4v8h4z\"><\/path>\r\n                               <\/svg><span id=\"yasr-vv-text-container-c45763743fa97\" class=\"yasr-vv-text-container\"> (Votos: <span id=\"yasr-vv-votes-number-container-c45763743fa97\">1<\/span>  Promedio: <span id=\"yasr-vv-average-container-c45763743fa97\">5<\/span>)<\/span><\/div><div id='yasr-vv-loader-c45763743fa97' class='yasr-vv-container-loader'><\/div><\/div><div id='yasr-vv-bottom-container-c45763743fa97'\r\n                              class='yasr-vv-bottom-container'\r\n                              style='display:none'><\/div><\/div><!--End Yasr Visitor Votes Shortcode--><\/div>","protected":false},"excerpt":{"rendered":"<p>Los talleres de memoria para ancianos ayudan cuidar de la salud cognitiva. En miResi, \u00a1 te traemos algunos ejercicios para que practiques desde casa!<\/p>\n","protected":false},"author":14,"featured_media":16894,"comment_status":"open","ping_status":"open","sticky":false,"template":"","format":"standard","meta":{"yasr_overall_rating":0,"yasr_post_is_review":"","yasr_auto_insert_disabled":"","yasr_review_type":"","footnotes":""},"categories":[26,382],"tags":[],"class_list":["post-16888","post","type-post","status-publish","format-standard","has-post-thumbnail","hentry","category-envejecimiento","category-memoria"],"yasr_visitor_votes":{"stars_attributes":{"read_only":false,"span_bottom":false},"number_of_votes":1,"sum_votes":5},"_links":{"self":[{"href":"https:\/\/miresi.es\/blog\/wp-json\/wp\/v2\/posts\/16888","targetHints":{"allow":["GET"]}}],"collection":[{"href":"https:\/\/miresi.es\/blog\/wp-json\/wp\/v2\/posts"}],"about":[{"href":"https:\/\/miresi.es\/blog\/wp-json\/wp\/v2\/types\/post"}],"author":[{"embeddable":true,"href":"https:\/\/miresi.es\/blog\/wp-json\/wp\/v2\/users\/14"}],"replies":[{"embeddable":true,"href":"https:\/\/miresi.es\/blog\/wp-json\/wp\/v2\/comments?post=16888"}],"version-history":[{"count":12,"href":"https:\/\/miresi.es\/blog\/wp-json\/wp\/v2\/posts\/16888\/revisions"}],"predecessor-version":[{"id":23525,"href":"https:\/\/miresi.es\/blog\/wp-json\/wp\/v2\/posts\/16888\/revisions\/23525"}],"wp:featuredmedia":[{"embeddable":true,"href":"https:\/\/miresi.es\/blog\/wp-json\/wp\/v2\/media\/16894"}],"wp:attachment":[{"href":"https:\/\/miresi.es\/blog\/wp-json\/wp\/v2\/media?parent=16888"}],"wp:term":[{"taxonomy":"category","embeddable":true,"href":"https:\/\/miresi.es\/blog\/wp-json\/wp\/v2\/categories?post=16888"},{"taxonomy":"post_tag","embeddable":true,"href":"https:\/\/miresi.es\/blog\/wp-json\/wp\/v2\/tags?post=16888"}],"curies":[{"name":"wp","href":"https:\/\/api.w.org\/{rel}","templated":true}]}}