{"id":16952,"date":"2022-07-19T12:06:41","date_gmt":"2022-07-19T11:06:41","guid":{"rendered":"https:\/\/miresi.es\/blog\/?p=16952"},"modified":"2026-04-23T18:04:17","modified_gmt":"2026-04-23T17:04:17","slug":"mejores-centros-de-dia-para-personas-con-discapacidad","status":"publish","type":"post","link":"https:\/\/miresi.es\/blog\/mejores-centros-de-dia-para-personas-con-discapacidad\/","title":{"rendered":"Mejores Centros de d\u00eda Para Personas con Discapacidad"},"content":{"rendered":"\n<p>Cada vez son m\u00e1s las familias que buscan <strong>centros de d\u00eda<\/strong> para sus seres queridos. Estos espacios son ideales para trabajar el <strong>envejecimiento activo<\/strong> de los ancianos. En algunos casos, estos ancianos sufren alguna discapacidad, por lo necesitan encontrar un centros de d\u00eda para personas con discapacidad.<\/p>\n\n\n\n<div style=\"height:31px\" aria-hidden=\"true\" class=\"wp-block-spacer\"><\/div>\n\n\n\n<div class=\"wp-block-buttons is-content-justification-center is-layout-flex wp-container-core-buttons-is-layout-16018d1d wp-block-buttons-is-layout-flex\">\n<div class=\"wp-block-button\"><a href=\"https:\/\/miresi.es\/buscador\/?utm_source=blog\"  rel=\"noreferrer noopener\"  rel=\"noreferrer noopener\">informaci\u00f3n gratuita<\/a><\/div>\n<\/div>\n\n\n\n<div style=\"height:26px\" aria-hidden=\"true\" class=\"wp-block-spacer\"><\/div>\n\n\n\n<h2 class=\"wp-block-heading\">1. \u00bfQu\u00e9 es un centro de d\u00eda?<\/h2>\n\n\n\n<p>Antes de entrar en la cuesti\u00f3n, es importante dejar claro que son los <strong>centros de d\u00eda<\/strong> y en qu\u00e9 consisten. Los centros son <strong>instalaciones adaptadas<\/strong> para personas de la tercera edad, estos espacios buscan cubrir las<strong> necesidades b\u00e1sicas<\/strong> y mejorar<strong> la vida de los ancianos<\/strong>.<\/p>\n\n\n\n<p>Los centros de d\u00eda son una opci\u00f3n ideal para que nuestros seres queridos pasen el d\u00eda, en este el anciano trabajar\u00e1 la parte tanto <strong>f\u00edsica <\/strong>como <strong>cognitiva<\/strong>. En algunos casos, la <strong>familia <\/strong>no puede atender al anciano durante el d\u00eda, en estos casos acudir a un centro de d\u00eda podr\u00eda ser lo m\u00e1s adecuado.<\/p>\n\n\n\n<p>En muchas ocasiones, las familias escogen estos centros como alternativa a ingresar en una <a href=\"https:\/\/miresi.es\/buscador\/?utm_source=blog\"  rel=\"noreferrer noopener\" title=\"residencia\"  rel=\"noreferrer noopener\" title=\"residencia\">residencia<\/a>. Como observamos, estos centros de d\u00eda son lugares d\u00f3nde los ancianos pasan el d\u00eda y trabajan su envejecimiento activo.<\/p>\n\n\n\n<h2 class=\"wp-block-heading\">2. \u00bfExisten los centros de d\u00eda para personas con discapacidad?<\/h2>\n\n\n\n<p>Los <strong>centros de d\u00eda<\/strong> son lugares adaptados a <strong>todo tipo de discapacidad<\/strong>, estos cuentan con todos los recursos e infraestructura necesarios para personas de la tercera edad. Las <strong>salas <\/strong>y espacios de los centros est\u00e1n muy enfocadas en trabajar las carencias de los ancianos. Desde el gimnasio hasta biblioteca, puedes trabajar tu<strong> envejecimiento activo <\/strong>de manera segura.<\/p>\n\n\n\n<p>Los espacios conocidos como centro de d\u00eda, permiten al anciano trabajar su salud f\u00edsica como cognitiva, algo b\u00e1sico para el <strong>bienestar <\/strong>de nuestros seres queridos. En muchos casos, el anciano sufre de alg\u00fan trastorno o patolog\u00eda que curar. En estos centros, la persona podr\u00e1 realizar ejercicios para trabajar la carencia que tiene.<\/p>\n\n\n\n<p>Las personas que sufren alguna <strong>discapacidad <\/strong>tambi\u00e9n pueden acudir a un centro de d\u00eda. Estos le dar\u00e1n la posibilidad de realizar <strong>actividades enfocadas a trabajar esa incapacidad<\/strong>. Los profesionales de los centros de d\u00eda, tienen conocimientos acerca de las <strong>patolog\u00edas <\/strong>y <em>trastornos <\/em>t\u00edpicos de la vejez.<\/p>\n\n\n\n<h3 class=\"wp-block-heading\">2.1 Centros de d\u00eda para personas con discapacidad f\u00edsica<\/h3>\n\n\n\n<p>A medida que <strong>envejecemos<\/strong>, es importante ir cuidando de nuestra <strong>salud f\u00edsica<\/strong>. Las personas de la tercera edad viven contextos d\u00f3nde las <strong>limitaciones f\u00edsicas<\/strong> y <strong>dolores <\/strong>son algo muy habitual. En este sentido, acudir a un centro de d\u00eda puede ser de gran ayuda, ya que son espacios tambi\u00e9n <strong>especializados <\/strong>para que trabajes la parte f\u00edsica.<\/p>\n\n\n\n<p>Las personas con <strong>discapacidades f\u00edsicas<\/strong>, deben estar informados de las <strong>capacidades <\/strong>y <strong>limitaciones <\/strong>que tienen. Hay muchos casos en los que los ancianos no saben vivir con esa incapacidad, algo que provoca <strong>inactividad <\/strong>y <strong>sedentarismo<\/strong>. Si queremos revertir esta situaci\u00f3n, os recomendamos acudir a un centro de d\u00eda. En este, el anciano trabajar\u00e1 esa <strong>limitaci\u00f3n <\/strong>con un <strong>profesional<\/strong>, que tambi\u00e9n le explicar\u00e1 qu\u00e9 puede hacer con esa discapacidad.<\/p>\n\n\n\n<p>La mayor\u00eda de centros dispone de un <strong>gimnasio <\/strong>para que los ancianos puedan realizar ejercicio. Las personas con discapacidad f\u00edsica pueden trabajar esa discapacidad de la mano de una persona especializada en el cuerpo, algo importante para nuestra salud f\u00edsica.<\/p>\n\n\n\n<h3 class=\"wp-block-heading\">2.2 Centros de d\u00eda para personas con discapacidad ps\u00edquica<\/h3>\n\n\n\n<p>La parte <strong>ps\u00edquica <\/strong>es un aspecto muy a tener en cuenta durante la tercera edad. A medida que envejecemos, nuestras<strong> capacidades cognitivas<\/strong> se ven afectadas por el deterioro de nuestra mente.<\/p>\n\n\n\n<p>En algunos casos, este deterioro aparece por la falta de socializaci\u00f3n de nuestros mayores. Un estudio revelado por el <a href=\"https:\/\/www.copmadrid.org\/web\/\"  target=\"_blank\" rel=\"external nofollow\"  target=\"_blank\" title=\"Colegio Oficial de Psic\u00f3logos de Madrid \"  class=\"wp-links-icon\">Colegio Oficial de Psic\u00f3logos de Madrid <\/a>(COPM), mostraba que en nuestro pa\u00eds hay m\u00e1s de <strong>2,5 de millones <\/strong>de ancianos que sienten soledad. Los datos mostrados eran alarmantes, ya que en Espa\u00f1a un <strong>40% de los ancianos se siente solo<\/strong>.<\/p>\n\n\n\n<p>Aunque parezcan conceptos totalmente diferentes, la <strong>socializaci\u00f3n <\/strong>tiene un efecto directo sobre nuestra salud cognitiva. Las personas somos sociales por naturaleza, nos gusta entablar relaciones con nuestro entorno. El <a href=\"https:\/\/www.cdc.gov\/aging\/spanish\/features\/lonely-older-adults.html\"  target=\"_blank\" rel=\"external nofollow\"  target=\"_blank\" title=\"Instituto para la Prevenci\u00f3n y Control de Enfermedades\"  class=\"wp-links-icon\">Instituto para la Prevenci\u00f3n y Control de Enfermedades<\/a> (CDC) explicaba en un informe que la soledad aumenta hasta un<strong> 50%<\/strong> los probabilidades de sufrir demencia. En los centros de d\u00eda, el personal podr\u00e1 analizar qu\u00e9 carencias cognitivas tiene el anciano para trabajarlas de manera oficial.<\/p>\n\n\n\n<h2 class=\"wp-block-heading\">3. Centros de d\u00eda, un espacio ideal para ancianos<\/h2>\n\n\n\n<p>Los centros de d\u00eda para personas mayores permiten al anciano estar de la<strong> mejor manera<\/strong> posible. Es necesario remarcar que son lugares d\u00f3nde el anciano puede <strong>trabajar su salud <\/strong>acompa\u00f1ado de profesionales. Los ancianos, deben estar cuidados de la mejor manera posible, esto pasa por tener en cuenta la <strong>salud f\u00edsica <\/strong>y <strong>cognitiva <\/strong>de las personas.<\/p>\n\n\n\n<p>Como hemos citado anteriormente, estos lugares pueden ser una <strong>opci\u00f3n id\u00f3nea<\/strong> si el mayor se queda s\u00f3lo durante el d\u00eda. Estos centros le a\u00f1adir\u00e1n diversi\u00f3n a su rutina y le permitir\u00e1n <strong>socializar <\/strong>con otras personas de su edad.<\/p>\n\n\n\n<h2 class=\"wp-block-heading\">4. Centros de d\u00eda para personas con discapacidad<\/h2>\n\n\n\n<p>En miResi, colaboramos con una amplia red de <strong>centros d\u00eda en Espa\u00f1a<\/strong>, por lo que hemos decidido daros una lista con los mejores centros de d\u00eda:<\/p>\n\n\n\n<h3 class=\"wp-block-heading\">4.1 Centros de d\u00eda en Madrid<\/h3>\n\n\n\n<h4 class=\"wp-block-heading\"><a href=\"https:\/\/miresi.es\/centros-de-dia-madrid\/madrid\/centro-de-dia-neurodia\/?utm_source=blog\"  target=\"_blank\"  target=\"_blank\">4.1.1 Centro de d\u00eda Neurod\u00eda<\/a><\/h4>\n\n\n<div class=\"wp-block-image\">\n<figure class=\"aligncenter size-full\"><img decoding=\"async\" width=\"648\" height=\"486\" src=\"https:\/\/miresi.es\/blog\/wp-content\/uploads\/2022\/07\/Centro_de_dia_Neurodia_-_gimnasio-1.jpg\" alt=\"\" class=\"wp-image-16957\" srcset=\"https:\/\/miresiblog.imgix.net\/uploads\/2022\/07\/Centro_de_dia_Neurodia_-_gimnasio-1.jpg?auto=format%2Ccompress&ixlib=php-3.3.0&w=648&s=eafedcf5d662b342a58feeb16789e70d 648w, https:\/\/miresiblog.imgix.net\/uploads\/2022\/07\/Centro_de_dia_Neurodia_-_gimnasio-1.jpg?auto=format%2Ccompress&fit=crop&h=225&ixlib=php-3.3.0&w=300&s=d4992050bb1fad5259d7f271d39b9ec9 300w, https:\/\/miresiblog.imgix.net\/uploads\/2022\/07\/Centro_de_dia_Neurodia_-_gimnasio-1.jpg?auto=format%2Ccompress&fit=crop&h=270&ixlib=php-3.3.0&w=360&s=15fb3e792fdf60b1a5d92127379952d9 360w\" sizes=\"(max-width: 648px) 100vw, 648px\" \/><figcaption>Residencias para personas con discapacidad<\/figcaption><\/figure>\n<\/div>\n\n\n<p><strong>Centro de d\u00eda Neurod\u00eda<\/strong> es un centro para personas mayores, formado por profesionales con m\u00e1s de<strong> 30 a\u00f1os de trayectoria<\/strong> en la atenci\u00f3n de la poblaci\u00f3n adulta mayor. Ofrecemos un servicio integral y flexible, enfocado a mejorar la calidad de vida familiar, comprometidos con<\/p>\n\n\n\n<p>las necesidades y los cuidados que necesitas en esta etapa de la vida. Contamos con un amplio equipo multidisciplinar altamente cualificado, que trabaja con la filosof\u00eda de un modelo de atenci\u00f3n centrado en la persona, basado en el <strong>modelo efectivo-afectivo<\/strong>, con un servicio personalizado, alineado con las necesidades de cada usuario. Nuestro objetivo es conseguir estimular a nuestros usuarios, para mejorar su calidad de vida, fomentando la socializaci\u00f3n y participaci\u00f3n activa, unificando a la familia como parte integradora del proceso.<\/p>\n\n\n\n<h4 class=\"wp-block-heading\"><a href=\"https:\/\/miresi.es\/centros-de-dia-madrid\/madrid\/gentrya\/?utm_source=blog\"  target=\"_blank\"  target=\"_blank\">4.1.2 Centro de D\u00eda Gentrya<\/a><\/h4>\n\n\n<div class=\"wp-block-image\">\n<figure class=\"aligncenter size-full\"><img decoding=\"async\" width=\"745\" height=\"496\" src=\"https:\/\/miresi.es\/blog\/wp-content\/uploads\/2022\/07\/4_QF1Djjo-1.jpg\" alt=\"\" class=\"wp-image-16959\" srcset=\"https:\/\/miresiblog.imgix.net\/uploads\/2022\/07\/4_QF1Djjo-1.jpg?auto=format%2Ccompress&ixlib=php-3.3.0&w=745&s=9f2d0295b55f1d07195ef8f261abca59 745w, https:\/\/miresiblog.imgix.net\/uploads\/2022\/07\/4_QF1Djjo-1.jpg?auto=format%2Ccompress&fit=crop&h=200&ixlib=php-3.3.0&w=300&s=9c77154f9c3e2589821eee399b02f001 300w, https:\/\/miresiblog.imgix.net\/uploads\/2022\/07\/4_QF1Djjo-1.jpg?auto=format%2Ccompress&fit=crop&h=240&ixlib=php-3.3.0&w=360&s=2a212a88fc99f39a5bc4fa8f35152478 360w\" sizes=\"(max-width: 745px) 100vw, 745px\" \/><figcaption>Centro de d\u00eda adaptados a discapacitados<\/figcaption><\/figure>\n<\/div>\n\n\n<p>El <strong>Centro de D\u00eda para mayores Gentrya<\/strong>, formado por profesionales con m\u00e1s de<strong> 25 a\u00f1os de trayectoria <\/strong>en la atenci\u00f3n de la poblaci\u00f3n de la tercera edad. Ofrecen un servicio integral y flexible, enfocado a mejorar la calidad de vida familiar, y comprometidos con las necesidades y los cuidados que necesitan en esta etapa de la vida. <\/p>\n\n\n\n<p>Cuentan con un amplio equipo multidisciplinar altamente cualificado , que trabaja con la filosof\u00eda de un modelo de atenci\u00f3n centrado en la persona, con un servicio personalizado, alineado con las necesidades de cada usuario. Su objetivo es conseguir estimular a sus usuarios, para mejorar su calidad de vida, fomentando la socializaci\u00f3n y participaci\u00f3n activa, unificando a la familia como parte integradora del proceso.<\/p>\n\n\n\n<h4 class=\"wp-block-heading\"><a href=\"https:\/\/miresi.es\/centros-de-dia-madrid\/madrid\/centro-de-dia-stima-embajadores\/?utm_source=blog\"  target=\"_blank\"  target=\"_blank\">4.1.3 Centro De D\u00eda Stima Embajadores<\/a><\/h4>\n\n\n<div class=\"wp-block-image\">\n<figure class=\"aligncenter size-large is-resized\"><img decoding=\"async\" src=\"https:\/\/miresi.es\/blog\/wp-content\/uploads\/2022\/07\/image-1-1024x862.png\" alt=\"\" class=\"wp-image-16962\" width=\"1024\" height=\"862\" srcset=\"https:\/\/miresiblog.imgix.net\/uploads\/2022\/07\/image-1.png?auto=format%2Ccompress&fit=crop&h=862&ixlib=php-3.3.0&w=1024&s=feccb309cd285ffb5e386027a5e56214 1024w, https:\/\/miresiblog.imgix.net\/uploads\/2022\/07\/image-1.png?auto=format%2Ccompress&fit=crop&h=253&ixlib=php-3.3.0&w=300&s=f5055770d45944a89663d0334ef4dc6e 300w, https:\/\/miresiblog.imgix.net\/uploads\/2022\/07\/image-1.png?auto=format%2Ccompress&fit=crop&h=647&ixlib=php-3.3.0&w=768&s=c5ccf5dc5b7299ebb05f19ba3c172b91 768w, https:\/\/miresiblog.imgix.net\/uploads\/2022\/07\/image-1.png?auto=format%2Ccompress&fit=crop&h=303&ixlib=php-3.3.0&w=360&s=3ce5d5620df2c5ad7382862dc022f2e0 360w, https:\/\/miresiblog.imgix.net\/uploads\/2022\/07\/image-1.png?auto=format%2Ccompress&ixlib=php-3.3.0&w=713&s=fb538cd3d9faa02053795edcfc11d475 713w\" sizes=\"(max-width: 1024px) 100vw, 1024px\" \/><figcaption>Gimnasio de Stima Embajadores<\/figcaption><\/figure>\n<\/div>\n\n\n<p>La <strong>Residencia Centro De D\u00eda Stima Embajadores<\/strong> dispone de un establecimiento con unas instalaciones modernas y amplias, altos techos y generosos ventanales. Est\u00e1 ubicado en una zona muy tranquila, pero con un r\u00e1pido acceso desde la Calle Embajadores.<\/p>\n\n\n\n<p>Dispone de 2 amplias salas para llevar a cabo todo tipo de actividades, una sala de <strong>gimnasia <\/strong>totalmente equipada de grandes dimensiones y una sala de <strong>estimulaci\u00f3n multisensorial<\/strong>, que lo convierte en el primer centro de d\u00eda en Madrid con una sala de estas caracter\u00edsticas. Para aquellos de nuestros usuarios amantes de la flora, disponemos tambi\u00e9n de un peque\u00f1o huerto urbano para no dejar de lado el contacto con la tierra.<\/p>\n\n\n\n<h4 class=\"wp-block-heading\"><a href=\"https:\/\/miresi.es\/centros-de-dia-madrid\/pozuelo-de-alarcon\/salus-mayores-pozuelo\/?utm_source=blog\"  target=\"_blank\"  target=\"_blank\">4.1.4 Salus Mayores Pozuelo<\/a><\/h4>\n\n\n\n<figure class=\"wp-block-image size-full\"><img decoding=\"async\" width=\"800\" height=\"600\" src=\"https:\/\/miresi.es\/blog\/wp-content\/uploads\/2022\/07\/Centro_de_dia_Salus_Mayores_Pozuelo_Gimnasio_Sala_de_estar_2-1.jpg\" alt=\"\" class=\"wp-image-16960\" srcset=\"https:\/\/miresiblog.imgix.net\/uploads\/2022\/07\/Centro_de_dia_Salus_Mayores_Pozuelo_Gimnasio_Sala_de_estar_2-1.jpg?auto=format%2Ccompress&ixlib=php-3.3.0&w=800&s=e6bd4742dee48ae4c54a03473b65972a 800w, https:\/\/miresiblog.imgix.net\/uploads\/2022\/07\/Centro_de_dia_Salus_Mayores_Pozuelo_Gimnasio_Sala_de_estar_2-1.jpg?auto=format%2Ccompress&fit=crop&h=225&ixlib=php-3.3.0&w=300&s=dd9061e76cd2a97124810b6d217ebe26 300w, https:\/\/miresiblog.imgix.net\/uploads\/2022\/07\/Centro_de_dia_Salus_Mayores_Pozuelo_Gimnasio_Sala_de_estar_2-1.jpg?auto=format%2Ccompress&fit=crop&h=576&ixlib=php-3.3.0&w=768&s=e436be66bbdd2744059d72588d20cb74 768w, https:\/\/miresiblog.imgix.net\/uploads\/2022\/07\/Centro_de_dia_Salus_Mayores_Pozuelo_Gimnasio_Sala_de_estar_2-1.jpg?auto=format%2Ccompress&fit=crop&h=270&ixlib=php-3.3.0&w=360&s=44ed91ca20f4e6d04fcc740d5c83cc62 360w\" sizes=\"(max-width: 800px) 100vw, 800px\" \/><figcaption>Centros de d\u00eda para personas con discapacidad<\/figcaption><\/figure>\n\n\n\n<p>Centros de <strong>D\u00eda Salud<\/strong> para Mayores cuenta con una amplia experiencia y un<strong> equipo de profesionales<\/strong> de la salud expertos en mayores. En nuestros Centros de D\u00eda de Salus Mayores, te ofrecen un servicio integral y flexible, enfocado a mejorar la vida de tu familiar, cuidando cada detalle y siempre bajo los m\u00e1s altos est\u00e1ndares de calidad.<\/p>\n\n\n\n<p>Ofrecen un espacio para que, sin dejar de vivir en casa, tu familia pueda desarrollar su d\u00eda a d\u00eda con otras personas, en un entorno estimulante y lleno de actividades terap\u00e9uticas que le ayudar\u00e1n a mejorar el \u00e1nimo y calidad de vida de toda la familia: Mejora sus relaciones sociales, adquiere h\u00e1bitos saludables, participa en actividades f\u00edsicas para sentirse mejor y favorece su autonom\u00eda.<\/p>\n\n\n\n<h3 class=\"wp-block-heading\">4.2 Centros de d\u00eda en Barcelona<\/h3>\n\n\n\n<h4 class=\"wp-block-heading\"><a href=\"https:\/\/miresi.es\/centros-de-dia-barcelona\/barcelona\/centro-de-dia-dia-actiu\/?utm_source=blog\"  target=\"_blank\"  target=\"_blank\">4.2.1 Centro de D\u00eda Dia Actiu<\/a><\/h4>\n\n\n<div class=\"wp-block-image\">\n<figure class=\"aligncenter size-full\"><img decoding=\"async\" width=\"893\" height=\"737\" src=\"https:\/\/miresi.es\/blog\/wp-content\/uploads\/2022\/07\/Centro_de_dia_-_Dia_Actiu-1.png\" alt=\"\" class=\"wp-image-16964\" srcset=\"https:\/\/miresiblog.imgix.net\/uploads\/2022\/07\/Centro_de_dia_-_Dia_Actiu-1.png?auto=format%2Ccompress&ixlib=php-3.3.0&w=893&s=528c12038076ed2df5b49fd83b735b57 893w, https:\/\/miresiblog.imgix.net\/uploads\/2022\/07\/Centro_de_dia_-_Dia_Actiu-1.png?auto=format%2Ccompress&fit=crop&h=248&ixlib=php-3.3.0&w=300&s=6ca41bc1787343c947f870edc37fa042 300w, https:\/\/miresiblog.imgix.net\/uploads\/2022\/07\/Centro_de_dia_-_Dia_Actiu-1.png?auto=format%2Ccompress&fit=crop&h=634&ixlib=php-3.3.0&w=768&s=1d9f97213cbcd70b447bc9aff2159ca6 768w, https:\/\/miresiblog.imgix.net\/uploads\/2022\/07\/Centro_de_dia_-_Dia_Actiu-1.png?auto=format%2Ccompress&fit=crop&h=90&ixlib=php-3.3.0&w=110&s=d7a135a62049a6a8c9ce3daaf8b5b8e1 110w, https:\/\/miresiblog.imgix.net\/uploads\/2022\/07\/Centro_de_dia_-_Dia_Actiu-1.png?auto=format%2Ccompress&fit=crop&h=297&ixlib=php-3.3.0&w=360&s=8da8dc0a28f6c9478f11ffdea76600d1 360w\" sizes=\"(max-width: 893px) 100vw, 893px\" \/><figcaption>Residencias para personas con discapacidad<\/figcaption><\/figure>\n<\/div>\n\n\n<p><strong>Dia Actiu<\/strong> es un centro de convivencia y terapia para personas mayores, cuyo objetivo es mejorar su calidad de vida. Ofrecemos un espacio para que los residentes desarrollen su d\u00eda a d\u00eda sin tener que abandonar su domicilio habitual. A la vez que reciben la asistencia diaria que necesitan, sin que esto suponga una carga para sus familiares. Dia Actiu pone en valor un <strong>envejecimiento activo y saludable<\/strong>.<\/p>\n\n\n\n<p>Nuestra voluntad es siempre la de ir m\u00e1s all\u00e1: ofrecer un espacio acogedor, alegre, confortable y tranquilo donde sentirse como en casa. Para Dia Actiu es muy importante el desarrollo de la persona, garantizamos el respeto de sus derechos fundamentales, como son la libertad y la dignidad. Queremos evitar el aislamiento que se produce como consecuencia de los sentimientos de impotencia, dependencia, frustraci\u00f3n o depresi\u00f3n que a algunas personas les provoca el hacerse mayor y llegar a la vejez. Esto supone una serie de cambios a todos los niveles como abandonar el mundo laboral, tener m\u00e1s tiempo libre y menos actividades para ocuparlo, la p\u00e9rdida de vida social, etc.<\/p>\n\n\n\n<h4 class=\"wp-block-heading\"><a href=\"https:\/\/miresi.es\/centros-de-dia-barcelona\/barcelona\/centro-de-dia-bcn\/?utm_source=blog\"  target=\"_blank\"  target=\"_blank\">4.2.3 Centro De D\u00eda BCN<\/a><\/h4>\n\n\n<div class=\"wp-block-image\">\n<figure class=\"aligncenter size-large\"><img decoding=\"async\" width=\"1024\" height=\"461\" src=\"https:\/\/miresi.es\/blog\/wp-content\/uploads\/2022\/07\/Centro_De_Dia_BCN_-_comedor-1-1024x461.jpg\" alt=\"\" class=\"wp-image-16965\" srcset=\"https:\/\/miresiblog.imgix.net\/uploads\/2022\/07\/Centro_De_Dia_BCN_-_comedor-1-scaled.jpg?auto=format%2Ccompress&fit=crop&h=461&ixlib=php-3.3.0&w=1024&s=f3046f527c1c424716fd3d2223772b1c 1024w, https:\/\/miresiblog.imgix.net\/uploads\/2022\/07\/Centro_De_Dia_BCN_-_comedor-1-scaled.jpg?auto=format%2Ccompress&fit=crop&h=135&ixlib=php-3.3.0&w=300&s=37af47fdda1d058ee24b6c2c4833d74e 300w, https:\/\/miresiblog.imgix.net\/uploads\/2022\/07\/Centro_De_Dia_BCN_-_comedor-1-scaled.jpg?auto=format%2Ccompress&fit=crop&h=346&ixlib=php-3.3.0&w=768&s=bcd09d47c3f0db415d5bad690429e047 768w, https:\/\/miresiblog.imgix.net\/uploads\/2022\/07\/Centro_De_Dia_BCN_-_comedor-1-scaled.jpg?auto=format%2Ccompress&fit=crop&h=692&ixlib=php-3.3.0&w=1536&s=7aea6e6d37c516a28f1f2e503473f73e 1536w, https:\/\/miresiblog.imgix.net\/uploads\/2022\/07\/Centro_De_Dia_BCN_-_comedor-1-scaled.jpg?auto=format%2Ccompress&fit=crop&h=922&ixlib=php-3.3.0&w=2048&s=525222d2e91f600052c2080076c13440 2048w, https:\/\/miresiblog.imgix.net\/uploads\/2022\/07\/Centro_De_Dia_BCN_-_comedor-1-scaled.jpg?auto=format%2Ccompress&fit=crop&h=162&ixlib=php-3.3.0&w=360&s=49de5ce456450d6b0b80fa87835df977 360w, https:\/\/miresiblog.imgix.net\/uploads\/2022\/07\/Centro_De_Dia_BCN_-_comedor-1-scaled.jpg?auto=format%2Ccompress&ixlib=php-3.3.0&w=1200&s=f37c40e5017f11d81b51b8b029b34e0a 1200w\" sizes=\"(max-width: 1024px) 100vw, 1024px\" \/><figcaption>Centros de d\u00eda para personas con discapacidad<\/figcaption><\/figure>\n<\/div>\n\n\n<p>Centro De D\u00eda BCN es un centro moderno residencial, que nace con una clara vocaci\u00f3n innovadora el a\u00f1o 2011, tiene capacidad para 25 personas. El Centro de D\u00eda dispone de servicio de acogimiento diurno, para personas mayores de 65 a\u00f1os, que complementa la atenci\u00f3n propia del entorno familiar.<\/p>\n\n\n\n<h4 class=\"wp-block-heading\"><a href=\"https:\/\/miresi.es\/centros-de-dia-barcelona\/castelldefels\/centro-de-dia-santa-rita-castelldefels\/?utm_source=blog\"  target=\"_blank\"  target=\"_blank\">4.2.4 Centro De D\u00eda Santa Rita Castelldefels<\/a><\/h4>\n\n\n<div class=\"wp-block-image\">\n<figure class=\"aligncenter size-full\"><img decoding=\"async\" width=\"800\" height=\"526\" src=\"https:\/\/miresi.es\/blog\/wp-content\/uploads\/2022\/07\/Centro_De_Dia_Santa_Rita_Castelldefels_-_terraza-1.jpg\" alt=\"\" class=\"wp-image-16966\" srcset=\"https:\/\/miresiblog.imgix.net\/uploads\/2022\/07\/Centro_De_Dia_Santa_Rita_Castelldefels_-_terraza-1.jpg?auto=format%2Ccompress&ixlib=php-3.3.0&w=800&s=43a6eaa76d137d8907d6e978cd15c77d 800w, https:\/\/miresiblog.imgix.net\/uploads\/2022\/07\/Centro_De_Dia_Santa_Rita_Castelldefels_-_terraza-1.jpg?auto=format%2Ccompress&fit=crop&h=197&ixlib=php-3.3.0&w=300&s=918d7f166fed296962078cfe2b9c6122 300w, https:\/\/miresiblog.imgix.net\/uploads\/2022\/07\/Centro_De_Dia_Santa_Rita_Castelldefels_-_terraza-1.jpg?auto=format%2Ccompress&fit=crop&h=505&ixlib=php-3.3.0&w=768&s=0edb6975e1b3a904f6d171cdbccd2e6f 768w, https:\/\/miresiblog.imgix.net\/uploads\/2022\/07\/Centro_De_Dia_Santa_Rita_Castelldefels_-_terraza-1.jpg?auto=format%2Ccompress&fit=crop&h=237&ixlib=php-3.3.0&w=360&s=2de9c33df1965e9edabe90c2b0eee766 360w\" sizes=\"(max-width: 800px) 100vw, 800px\" \/><figcaption>Centros de d\u00eda para ancianos discapacitados<\/figcaption><\/figure>\n<\/div>\n\n\n<p>El Centro De D\u00eda Santa Rita Castelldefels es un centro de d\u00eda con un ambiente din\u00e1mico y gran calidez humana. Los servicios que se incluyen en la estancia son:\u00a0<\/p>\n\n\n\n<ul class=\"wp-block-list\"><li>Plan individual de atenci\u00f3n, ABVDs (Actividades b\u00e1sicas de la vida diaria)<\/li><li>Servicio de comidas (desayuno, comida y merienda)<\/li><li>Acceso al parque con equipamiento adaptado al mantenimiento y rehabilitaci\u00f3n<\/li><li>Programa de actividades (Educaci\u00f3n Social, Fisioterapia, Terapia Ocupacional, Psicolog\u00eda)<\/li><\/ul>\n\n\n\n<h4 class=\"wp-block-heading\"><a href=\"https:\/\/miresi.es\/centros-de-dia-barcelona\/mollet-del-valles\/centro-de-dia-les-masies-de-mollet\/?utm_source=blog\"  target=\"_blank\"  target=\"_blank\">4.2.2 Centro De D\u00eda Les Masies De Mollet<\/a><\/h4>\n\n\n\n<p>Centro De <strong>D\u00eda Les Masies De Mollet<\/strong> se ubica en una zona en crecimiento del municipio, delante del Decathlon y con \u00f3ptimas comunicaciones. Las instalaciones son luminosas, con luz natural, disponen de terrazas y est\u00e1n adaptadas para ofrecer alojamiento a personas en situaci\u00f3n de gran dependencia. Disponemos de dos unidades de psicogeriatr\u00eda para atender a personas con demencia o deterioro cognitivo.<\/p>\n\n\n\n<h3 class=\"wp-block-heading\">4.3 \u00a0Centros de d\u00eda en Valencia<\/h3>\n\n\n\n<h4 class=\"wp-block-heading\"><a href=\"https:\/\/miresi.es\/valencia\/godella\/la-saleta-campolivar\/?utm_source=blog\"  target=\"_blank\"  target=\"_blank\">4.3.1 Centro De D\u00eda La Saleta Campolivar<\/a><\/h4>\n\n\n<div class=\"wp-block-image\">\n<figure class=\"aligncenter size-full\"><img decoding=\"async\" width=\"547\" height=\"400\" src=\"https:\/\/miresi.es\/blog\/wp-content\/uploads\/2022\/07\/image-2.png\" alt=\"\" class=\"wp-image-16967\" srcset=\"https:\/\/miresiblog.imgix.net\/uploads\/2022\/07\/image-2.png?auto=format%2Ccompress&ixlib=php-3.3.0&w=547&s=dde87010d4ec6703e72e2fa7fe167af8 547w, https:\/\/miresiblog.imgix.net\/uploads\/2022\/07\/image-2.png?auto=format%2Ccompress&fit=crop&h=219&ixlib=php-3.3.0&w=300&s=1a04670da1b6c6d4b3d0d9e5c858280a 300w, https:\/\/miresiblog.imgix.net\/uploads\/2022\/07\/image-2.png?auto=format%2Ccompress&fit=crop&h=263&ixlib=php-3.3.0&w=360&s=ce8beb2be8c7402339cba5b3d1c8e9e5 360w\" sizes=\"(max-width: 547px) 100vw, 547px\" \/><\/figure>\n<\/div>\n\n\n<p>La <strong>Saleta Campolivar<\/strong> se encuentra en un entorno inmejorable, a 10 km del centro de la ciudad, rodeados de naturaleza y de vida que invitan a disfrutar del exterior con actividades y talleres realizados en los jardines y exteriores del centro. Adem\u00e1s de la ventajosa ubicaci\u00f3n, las <strong>instalaciones <\/strong>y el <strong>equipamiento <\/strong>presentan zonas comunes c\u00e1lidas y acogedoras, con lo que se consigue una sensaci\u00f3n de comunidad y bienestar desde el primer momento.<\/p>\n\n\n\n<p>Asimismo, disponen de un equipo interdisciplinar que trabaja con energ\u00eda en su d\u00eda a d\u00eda para asegurar la calidad de los cuidados. Cuentan con 130 plazas residenciales homologadas, tanto p\u00fablicas como privadas, a la vez que ofrecen 40 plazas de atenci\u00f3n diurna. Todas van acompa\u00f1adas de un servicio de transporte, tutela del equipo de enfermer\u00eda y de consulta m\u00e9dica en el centro.<\/p>\n\n\n\n<h3 class=\"wp-block-heading\">4.4 Centros de d\u00eda en Sevilla<\/h3>\n\n\n\n<h4 class=\"wp-block-heading\"><a href=\"https:\/\/miresi.es\/centros-de-dia-sevilla\/sevilla\/centro-de-dia-bermejales\/\"  target=\"_blank\" rel=\"noreferrer noopener\"  target=\"_blank\" rel=\"noreferrer noopener\">4.4.1 <strong>Centro De D\u00eda Fundomar Bermejales<\/strong><\/a><\/h4>\n\n\n\n<p>Centro De D\u00eda<strong> Fundomar Bermejales<\/strong> es un centro de gran calidad que ayuda a las personas mayores a seguir llevando una alta <strong>calidad de vida<\/strong> y a seguir mejorando sus capacidades, tanto f\u00edsicas como mentales. El centro est\u00e1 equipado y adaptado para ofrecer a los usuarios un entorno seguro donde poder desarrollar las actividades de la vida cotidiana con normalidad.<\/p>\n\n\n\n<p>Asimismo, el equipo de profesionales cuenta con una experiencia muy amplia en el tratamiento de las patolog\u00edas de la vejez, como puede ser el Alzheimer o el P\u00e1rkinson. Por tanto, con mucha profesionalidad y dedicaci\u00f3n trabajan para ofrecer cuidados de alta calidad a las personas mayores.<\/p>\n\n\n\n<h3 class=\"wp-block-heading\">4.5 Centros de d\u00eda en Bilbao<\/h3>\n\n\n\n<h4 class=\"wp-block-heading\"><a href=\"https:\/\/miresi.es\/centros-de-dia-bizkaia\/bilbao\/centro-de-dia-san-antonio-bilbao\/?utm_source=blog\"  target=\"_blank\"  target=\"_blank\">4.5.1 Centro De D\u00eda Colis\u00e9e Bilbao San Antonio<\/a><\/h4>\n\n\n\n<p>Centro De D\u00eda <strong>Colis\u00e9e Bilbao San Antonio<\/strong> dispone de habitaciones dobles e individuales, totalmente equipadas, acogedoras y luminosas, que cuentan con la tecnolog\u00eda <strong>sociosanitaria <\/strong>m\u00e1s puntera en la comunicaci\u00f3n entre las personas residentes y el personal del centro, con el fin de mejorar el bienestar de las personas que viven con nosotros. Adem\u00e1s, nuestro edificio cuenta adem\u00e1s con un certificado LEED con una de las categor\u00edas superiores, categor\u00eda GOLD, que supone un reconocimiento internacional para aquellos edificios sostenibles y comprometidos con el medio ambiente, esta certificaci\u00f3n \u00fanicamente la poseen 6 residencia de toda Espa\u00f1a.<\/p>\n\n\n\n<div style=\"height:27px\" aria-hidden=\"true\" class=\"wp-block-spacer\"><\/div>\n\n\n\n<div class=\"wp-block-buttons is-content-justification-center is-layout-flex wp-container-core-buttons-is-layout-16018d1d wp-block-buttons-is-layout-flex\">\n<div class=\"wp-block-button\"><a href=\"https:\/\/miresi.es\/buscador\/?utm_source=blog\"  rel=\"noreferrer noopener\"  rel=\"noreferrer noopener\">mejores residencias<\/a><\/div>\n<\/div>\n\n\n\n<div style=\"height:18px\" aria-hidden=\"true\" class=\"wp-block-spacer\"><\/div>\n\n\n\n<p>En\u00a0<a href=\"https:\/\/miresi.es\/buscador\/?utm_source=blog\"  rel=\"noreferrer noopener\"  rel=\"noreferrer noopener\">miResi<\/a>,<strong>\u00a0queremos mejorar la calidad de vida de los ancianos y sus familias<\/strong>. Sabemos de la importancia que tiene esta bonita etapa de la vida, por eso queremos darte todos los consejos y facilidades posibles.<\/p>\n\n\n\n<p>Si tienes alguna duda acerca de residencias o cuidados, no dudes en contactar con nosotros, estaremos encantados de ayudarte.<\/p>\n\n\n\n<p class=\"has-small-font-size\">Bibliograf\u00eda:<\/p>\n\n\n\n<ul class=\"has-small-font-size wp-block-list\"><li>Sede Madrid_: <a href=\"https:\/\/sede.madrid.es\"  target=\"_blank\" rel=\"external nofollow\"  target=\"_blank\"  class=\"wp-links-icon\">https:\/\/sede.madrid.es<\/a><\/li><li>Investigaci\u00f3n y Ciencia:<a href=\"https:\/\/www.investigacionyciencia.es\"  target=\"_blank\" rel=\"external nofollow\"  target=\"_blank\"  class=\"wp-links-icon\"> https:\/\/www.investigacionyciencia.es<\/a><\/li><\/ul>\n\n\n\n<p><\/p>\n<div style='text-align:center' class='yasr-auto-insert-visitor'><!--Yasr Visitor Votes Shortcode--><div id='yasr_visitor_votes_e323fc4093e63' class='yasr-visitor-votes'><div class=\"yasr-custom-text-vv-before yasr-custom-text-vv-before-16952\">\u00a1Haz clic para puntuar esta entrada!<\/div><div id='yasr-vv-second-row-container-e323fc4093e63'\r\n                                        class='yasr-vv-second-row-container'><div id='yasr-visitor-votes-rater-e323fc4093e63'\r\n                                      class='yasr-rater-stars-vv'\r\n                                      data-rater-postid='16952'\r\n                                      data-rating='0'\r\n                                      data-rater-starsize='32'\r\n                                      data-rater-readonly='false'\r\n                                      data-rater-nonce='df9b54cd3f'\r\n                                      data-issingular='false'\r\n                                    ><\/div><div class=\"yasr-vv-stats-text-container\" id=\"yasr-vv-stats-text-container-e323fc4093e63\"><svg xmlns=\"https:\/\/www.w3.org\/2000\/svg\" width=\"20\" height=\"20\"\r\n                                   class=\"yasr-dashicons-visitor-stats\"\r\n                                   data-postid=\"16952\"\r\n                                   id=\"yasr-stats-dashicon-e323fc4093e63\">\r\n                                   <path d=\"M18 18v-16h-4v16h4zM12 18v-11h-4v11h4zM6 18v-8h-4v8h4z\"><\/path>\r\n                               <\/svg><span id=\"yasr-vv-text-container-e323fc4093e63\" class=\"yasr-vv-text-container\"> (Votos: <span id=\"yasr-vv-votes-number-container-e323fc4093e63\">0<\/span>  Promedio: <span id=\"yasr-vv-average-container-e323fc4093e63\">0<\/span>)<\/span><\/div><div id='yasr-vv-loader-e323fc4093e63' class='yasr-vv-container-loader'><\/div><\/div><div id='yasr-vv-bottom-container-e323fc4093e63'\r\n                              class='yasr-vv-bottom-container'\r\n                              style='display:none'><\/div><\/div><!--End Yasr Visitor Votes Shortcode--><\/div>","protected":false},"excerpt":{"rendered":"<p>Los centros de d\u00eda para personas con discapacidad son una buena alternativa a las residencias. En miResi, hemos querido traerte algunas de las mejores, \u00a1veamos!<\/p>\n","protected":false},"author":14,"featured_media":16972,"comment_status":"open","ping_status":"open","sticky":false,"template":"","format":"standard","meta":{"yasr_overall_rating":0,"yasr_post_is_review":"","yasr_auto_insert_disabled":"","yasr_review_type":"","footnotes":""},"categories":[386,363],"tags":[296,77],"class_list":["post-16952","post","type-post","status-publish","format-standard","has-post-thumbnail","hentry","category-bienestar","category-centros-de-dia","tag-centros-de-dia","tag-cuidado-de-personas-mayores"],"yasr_visitor_votes":{"stars_attributes":{"read_only":false,"span_bottom":false},"number_of_votes":0,"sum_votes":0},"_links":{"self":[{"href":"https:\/\/miresi.es\/blog\/wp-json\/wp\/v2\/posts\/16952","targetHints":{"allow":["GET"]}}],"collection":[{"href":"https:\/\/miresi.es\/blog\/wp-json\/wp\/v2\/posts"}],"about":[{"href":"https:\/\/miresi.es\/blog\/wp-json\/wp\/v2\/types\/post"}],"author":[{"embeddable":true,"href":"https:\/\/miresi.es\/blog\/wp-json\/wp\/v2\/users\/14"}],"replies":[{"embeddable":true,"href":"https:\/\/miresi.es\/blog\/wp-json\/wp\/v2\/comments?post=16952"}],"version-history":[{"count":6,"href":"https:\/\/miresi.es\/blog\/wp-json\/wp\/v2\/posts\/16952\/revisions"}],"predecessor-version":[{"id":23273,"href":"https:\/\/miresi.es\/blog\/wp-json\/wp\/v2\/posts\/16952\/revisions\/23273"}],"wp:featuredmedia":[{"embeddable":true,"href":"https:\/\/miresi.es\/blog\/wp-json\/wp\/v2\/media\/16972"}],"wp:attachment":[{"href":"https:\/\/miresi.es\/blog\/wp-json\/wp\/v2\/media?parent=16952"}],"wp:term":[{"taxonomy":"category","embeddable":true,"href":"https:\/\/miresi.es\/blog\/wp-json\/wp\/v2\/categories?post=16952"},{"taxonomy":"post_tag","embeddable":true,"href":"https:\/\/miresi.es\/blog\/wp-json\/wp\/v2\/tags?post=16952"}],"curies":[{"name":"wp","href":"https:\/\/api.w.org\/{rel}","templated":true}]}}