{"id":17972,"date":"2022-12-22T11:40:58","date_gmt":"2022-12-22T10:40:58","guid":{"rendered":"https:\/\/miresi.es\/blog\/?p=17972"},"modified":"2026-04-23T18:02:43","modified_gmt":"2026-04-23T17:02:43","slug":"conoce-todo-sobre-el-sindrome-de-marfan","status":"publish","type":"post","link":"https:\/\/miresi.es\/blog\/conoce-todo-sobre-el-sindrome-de-marfan\/","title":{"rendered":"Conoce todo sobre el S\u00edndrome de Marfan"},"content":{"rendered":"\n<p>El s\u00edndrome de Marfan es una <strong>condici\u00f3n<\/strong> que afecta el tejido conectivo. El tejido conectivo est\u00e1 formado por prote\u00ednas que <strong>sostienen<\/strong> la piel, los huesos, los vasos sangu\u00edneos y otros <strong>\u00f3rganos; <\/strong>sirve como <strong>\u201cpegamento\u201d<\/strong> de todas las <strong>c\u00e9lulas y da<\/strong> forma a \u00f3rganos, m\u00fasculos, vasos sangu\u00edneos, etc. Tambi\u00e9n tiene otras funciones <strong>importantes,<\/strong> como el desarrollo y crecimiento, antes y despu\u00e9s del nacimiento, y <strong>el desgaste<\/strong> de las articulaciones. En este art\u00edculo te contamos todo lo relacionado con el S\u00edndrome de Marfan.<\/p>\n\n\n\n<p><strong>En miResi queremos ayudarte a t\u00ed y a tus seres queridos<\/strong>. Si crees que tu mayor se est\u00e1 volviendo cada vez m\u00e1s dependiente, en <a href=\"https:\/\/miresi.es\/\"  title=\"\"  title=\"\"><strong>miResi<\/strong><\/a> queremos ayudarte. Contamos con un excelente equipo de profesionales que te asesorar\u00e1n de forma completamente gratuita. Te <strong>escuchar\u00e1n y ayudar\u00e1n<\/strong> en todo el dif\u00edcil proceso de encontrar la residencia id\u00f3nea para tu ser querido. Escr\u00edbenos o ll\u00e1manos y te atenderemos de forma personalizada.\u00a0<\/p>\n\n\n\n<p>\u00a1<a href=\"https:\/\/miresi.es\/buscador\/?utm_source=blog\"  rel=\"noopener\" title=\"\"  rel=\"noopener\" title=\"\">Contacta con nosotros<\/a>, te podemos ayudar con lo que necesites y con lo que haga falta!<\/p>\n\n\n\n<div class=\"wp-block-buttons is-layout-flex wp-block-buttons-is-layout-flex\">\n<div class=\"wp-block-button aligncenter\"><a href=\"https:\/\/miresi.es\/buscador\/?utm_source=blog\"  rel=\"noreferrer noopener\"  rel=\"noreferrer noopener\">encuentra la mejor residencia<\/a><\/div>\n<\/div>\n\n\n\n<div style=\"height:12px\" aria-hidden=\"true\" class=\"wp-block-spacer\"><\/div>\n\n\n\n<h2 class=\"wp-block-heading\">1. En qu\u00e9 consiste el S\u00edndrome de Marfan<\/h2>\n\n\n\n<p>El s\u00edndrome de Marfan es <strong>una enfermedad hereditaria<\/strong> que afecta el tejido conectivo, las fibras que sostienen y sujetan los \u00f3rganos y otras estructuras <strong>corporales.<\/strong> El s\u00edndrome de Marfan afecta m\u00e1s <strong>com\u00fanmente al<\/strong> coraz\u00f3n, los ojos, los vasos sangu\u00edneos y el esqueleto.<\/p>\n\n\n\n<p>Las personas con <strong>el<\/strong> s\u00edndrome de Marfan <strong>suelen ser<\/strong> altas y <strong>delgadas con<\/strong> brazos, piernas, dedos de los pies y manos inusualmente largos. El da\u00f1o causado por el s\u00edndrome de Marfan puede ser leve o <strong>severo. Cuando<\/strong> la aorta (el vaso sangu\u00edneo <strong>grande<\/strong> que <strong>transporta la<\/strong> sangre desde el coraz\u00f3n <strong>al<\/strong> resto del cuerpo) se ve afectada, la afecci\u00f3n puede poner en <strong>peligro<\/strong> la vida.<\/p>\n\n\n\n<p>El tratamiento en general comprende medicamentos para mantener una presi\u00f3n arterial baja y as\u00ed reducir la tensi\u00f3n sobre la aorta. Es vital realizar controles regulares para verificar la progresi\u00f3n del da\u00f1o. Muchas personas con s\u00edndrome de Marfan con el tiempo requieren cirug\u00eda preventiva para reparar la aorta.<\/p>\n\n\n\n<h2 class=\"wp-block-heading\">2. S\u00edntomas del S\u00edndrome de Marfan<\/h2>\n\n\n\n<p>Los signos y s\u00edntomas del s\u00edndrome de Marfan var\u00edan ampliamente, <strong>incluso<\/strong> entre miembros de la misma familia, <strong>porque la afecci\u00f3n<\/strong> puede afectar muchas <strong>\u00e1reas diferentes<\/strong> del cuerpo. Algunas personas <strong>solo<\/strong> experimentan efectos leves, <strong>mientras que<\/strong> otras <strong>desarrollan<\/strong> complicaciones <strong>potencialmente mortales.<\/strong><\/p>\n\n\n\n<p>Las caracter\u00edsticas del s\u00edndrome de Marfan pueden <strong>incluir:<\/strong><\/p>\n\n\n\n<ul class=\"wp-block-list\">\n<li><strong>Estructura alta y<\/strong> delgada<\/li>\n\n\n\n<li>Brazos, piernas y dedos desproporcionadamente largos<\/li>\n\n\n\n<li>Estern\u00f3n que sobresale o se hunde<\/li>\n\n\n\n<li>Paladar alto y dientes api\u00f1ados<\/li>\n\n\n\n<li>Soplos card\u00edacos<\/li>\n\n\n\n<li>Miop\u00eda extrema<\/li>\n\n\n\n<li><strong>Curvatura anormal de la m\u00e9dula espinal<\/strong><\/li>\n<\/ul>\n\n\n<div class=\"wp-block-image\">\n<figure class=\"aligncenter size-full\"><img decoding=\"async\" width=\"306\" height=\"390\" src=\"https:\/\/miresi.es\/blog\/wp-content\/uploads\/2022\/12\/Pectus1-by-author-in-wikipedia-CC-BY-SA-3.jpg\" alt=\"s\u00edndrome-de-marfan\" class=\"wp-image-17996\" srcset=\"https:\/\/miresiblog.imgix.net\/uploads\/2022\/12\/Pectus1-by-author-in-wikipedia-CC-BY-SA-3.jpg?auto=format%2Ccompress&ixlib=php-3.3.0&w=306&s=d4e9613e4957c3e100e23cfe669b1670 306w, https:\/\/miresiblog.imgix.net\/uploads\/2022\/12\/Pectus1-by-author-in-wikipedia-CC-BY-SA-3.jpg?auto=format%2Ccompress&fit=crop&h=300&ixlib=php-3.3.0&w=235&s=5b48a2bcafd2553e53381bc70e0c8a5a 235w\" sizes=\"(max-width: 306px) 100vw, 306px\" \/><figcaption class=\"wp-element-caption\">Estern\u00f3n hundido paciente con S\u00edndrome de Marfan<\/figcaption><\/figure>\n<\/div>\n\n\n<h2 class=\"wp-block-heading\">3. Causas del S\u00edndrome de Marfan<\/h2>\n\n\n\n<p>El s\u00edndrome de marfan es <strong>causado<\/strong> por un defecto en <strong>un<\/strong> gen que permite <strong>que el<\/strong> cuerpo <strong>produzca<\/strong> una prote\u00edna que <strong>da<\/strong> elasticidad y fuerza al tejido conectivo.<\/p>\n\n\n\n<p>La mayor\u00eda de las personas con s\u00edndrome de Marfan <strong>heredan<\/strong> el gen anormal de <strong>un padre<\/strong> con <strong>la afecci\u00f3n.<\/strong> Cada hijo de un <strong>padre<\/strong> afectado tiene una probabilidad <strong>del<\/strong> 50\/50 de heredar el gen defectuoso. En alrededor del 25 % de las personas con s\u00edndrome de Marfan, el gen anormal no proviene de ninguno de <strong>los<\/strong> padres. En estos casos, una nueva mutaci\u00f3n <strong>se desarrolla espont\u00e1neamente.<\/strong><\/p>\n\n\n\n<h2 class=\"wp-block-heading\">4. Factores de riesgo del S\u00edndrome de Marfan<\/h2>\n\n\n\n<p>El s\u00edndrome de Marfan afecta a hombres y mujeres <strong>por<\/strong> igual y <strong>ocurre<\/strong> en <strong>todos los grupos raciales<\/strong> y \u00e9tnicos. Debido a que es una <strong>condici\u00f3n<\/strong> gen\u00e9tica, el mayor factor de riesgo <strong>para el<\/strong> s\u00edndrome de Marfan es <strong>tener<\/strong> padres <strong>con la condici\u00f3n.<\/strong><\/p>\n\n\n\n<h2 class=\"wp-block-heading\">5. Complicaciones del S\u00edndrome de Marfan<\/h2>\n\n\n\n<p><strong>Debido a que<\/strong> el s\u00edndrome de Marfan puede afectar casi cualquier parte del cuerpo, <strong>puede causar<\/strong> una variedad de complicaciones.<\/p>\n\n\n\n<h3 class=\"wp-block-heading\">5.1. Complicaciones cardiovasculares<\/h3>\n\n\n\n<p>Las complicaciones m\u00e1s peligrosas del s\u00edndrome de Marfan afectan el coraz\u00f3n y los vasos sangu\u00edneos. El tejido <strong>conectivo roto<\/strong> puede debilitar la aorta.<\/p>\n\n\n\n<ol class=\"wp-block-list\">\n<li>Aneurisma de aorta. La presi\u00f3n de la sangre que <strong>escapa<\/strong> del coraz\u00f3n puede hacer que se forme <strong>un bulto<\/strong> en la pared <strong>a\u00f3rtica, similar a<\/strong> un punto d\u00e9bil en <strong>una f\u00e9rula.<\/strong> En las personas con s\u00edndrome de Marfan, <strong>ocurre con mayor frecuencia<\/strong> en la ra\u00edz a\u00f3rtica, donde la arteria sale del coraz\u00f3n.<\/li>\n\n\n\n<li>Disecci\u00f3n <strong>A\u00f3rtica.<\/strong>  <strong>Ocurre<\/strong> cuando un <strong>peque\u00f1o<\/strong> desgarro en la capa interna de la pared <strong>a\u00f3rtica<\/strong> permite que la sangre se filtre entre las capas <strong>interna<\/strong> y <strong>externa<\/strong> de la pared. Esto puede provocar dolor intenso en el pecho o la espalda. Una disecci\u00f3n a\u00f3rtica debilita la estructura de los vasos sangu\u00edneos y puede provocar una <strong>ruptura<\/strong> que <strong>puede ser fatal.<\/strong><\/li>\n\n\n\n<li><strong>Malformaciones valvulares. El tejido<\/strong> de <strong>la v\u00e1lvula card\u00edaca puede ser d\u00e9bil en<\/strong> personas <strong>con<\/strong> s\u00edndrome de <strong>Marfan.<\/strong> Esto puede provocar el estiramiento del tejido <strong>de la v\u00e1lvula<\/strong> y <strong>la disfunci\u00f3n<\/strong> de <strong>la v\u00e1lvula<\/strong>, y <strong>eventualmente<\/strong> puede <strong>conducir a<\/strong> insuficiencia card\u00edaca.<\/li>\n<\/ol>\n\n\n\n<h3 class=\"wp-block-heading\">5.2. Complicaciones oculares<\/h3>\n\n\n\n<p>Las complicaciones <strong>oculares<\/strong> pueden <strong>incluir:<\/strong><\/p>\n\n\n\n<ol class=\"wp-block-list\">\n<li><strong>Dislocaci\u00f3n<\/strong> del cristalino.<\/li>\n\n\n\n<li><strong>Problemas con la<\/strong> retina. <\/li>\n\n\n\n<li><strong>Inicio temprano<\/strong> de glaucoma o cataratas.<\/li>\n<\/ol>\n\n\n\n<h3 class=\"wp-block-heading\">5.3. Complicaciones \u00f3seas<\/h3>\n\n\n\n<p>El s\u00edndrome de Marfan aumenta el riesgo de <strong>curvatura anormal de<\/strong> la <strong>columna (Escoliosis).<\/strong> Tambi\u00e9n puede <strong>interferir con<\/strong> el desarrollo normal de las <strong>costillas<\/strong> ya que el estern\u00f3n <strong>puede sobresalir<\/strong> o <strong>hundirse<\/strong> en el pecho. El dolor en <strong>las piernas<\/strong> y la espalda <strong>son caracter\u00edsticos del<\/strong> s\u00edndrome de Marfan.<\/p>\n\n\n\n<h3 class=\"wp-block-heading\">5.4. Complicaciones del embarazo<\/h3>\n\n\n\n<p>El s\u00edndrome de Marfan puede debilitar las paredes de la aorta, la arteria principal del coraz\u00f3n. Durante el embarazo, el coraz\u00f3n bombea m\u00e1s sangre <strong>de<\/strong> lo <strong>normal.<\/strong> Esto puede <strong>aumentar la<\/strong> presi\u00f3n <strong>sobre<\/strong> la aorta, <strong>aumentando<\/strong> el riesgo de ruptura o disecci\u00f3n <strong>fatal.<\/strong><\/p>\n\n\n\n<h2 class=\"wp-block-heading\">6. Diagn\u00f3stico<\/h2>\n\n\n\n<p><strong>Las manifestaciones cl\u00ednicas dependen<\/strong> de la edad, lo que <strong>provoca<\/strong> dificultades en el diagn\u00f3stico en ni\u00f1os y pacientes j\u00f3venes. <strong>Muchos<\/strong> de <strong>los cambios<\/strong> que <strong>componen<\/strong> este s\u00edndrome <strong>ocurren<\/strong> m\u00e1s <strong>tarde.<\/strong> Solo alrededor <strong>del<\/strong> 40-60 por ciento de <strong>las personas<\/strong> con s\u00edndrome de Marfan <strong>tienen<\/strong> s\u00edntomas. <\/p>\n\n\n\n<p>En la mayor\u00eda de los <strong>casos, el diagn\u00f3stico<\/strong> se <strong>realiza con base en<\/strong> la historia y <strong>el examen f\u00edsico<\/strong> del paciente, <strong>y es<\/strong> m\u00e1s <strong>f\u00e1cil de establecer<\/strong> cuando el paciente y otros miembros de <strong>la<\/strong> familia <strong>tienen<\/strong> luxaci\u00f3n del cristalino, dilataci\u00f3n <strong>a\u00f3rtica<\/strong> y extremidades largas y delgadas. <\/p>\n\n\n\n<p><strong>Se debe realizar una ecocardiograf\u00eda y un examen ocular en<\/strong> todos los pacientes <strong>sospechosos. <\/strong><\/p>\n\n\n\n<p><strong>Se debe tomar<\/strong> una historia <strong>familiar<\/strong> y todos los <strong>parientes primarios<\/strong> (padres, hermanos e hijos) de un paciente <strong>con<\/strong> o <strong>que se<\/strong> sospecha <strong>que tiene el<\/strong> s\u00edndrome de <strong>Marfan<\/strong> deben <strong>ver a un<\/strong> cardi\u00f3logo para <strong>una evaluaci\u00f3n.<\/strong><\/p>\n\n\n\n<h2 class=\"wp-block-heading\">7. Tratamiento y pron\u00f3stico del S\u00edndrome de Marfan<\/h2>\n\n\n\n<p>No se ha encontrado una cura definitiva para el s\u00edndrome de <strong>Marfan<\/strong> que <strong>implique restaurar<\/strong> el gen <strong>causante. Sin embargo,<\/strong> las personas que <strong>la<\/strong> padecen deben:<\/p>\n\n\n\n<ul class=\"wp-block-list\">\n<li><strong>Someterse a ex\u00e1menes m\u00e9dicos peri\u00f3dicos. Es posible que se necesiten pruebas<\/strong> como <strong>una radiograf\u00eda<\/strong> de t\u00f3rax y una ecocardiograf\u00eda <strong>al<\/strong> menos una vez al a\u00f1o. <strong>La ocurrencia<\/strong> de desprendimiento de <strong>retina debe ser monitoreada cuidadosamente.<\/strong><\/li>\n\n\n\n<li><strong>Tratamiento individual. Debido a que<\/strong> el s\u00edndrome de Marfan afecta a las personas <strong>de diferentes maneras,<\/strong> se necesitan diferentes tipos de <strong>tratamiento.<\/strong> Algunos pacientes pueden no necesitar <strong>tratamiento.<\/strong> Otros pueden <strong>necesitar bloqueadores beta<\/strong> para reducir la frecuencia <strong>card\u00edaca<\/strong> y la presi\u00f3n arterial, <strong>lo que retrasa<\/strong> o <strong>previene<\/strong> la dilataci\u00f3n a\u00f3rtica. En algunos casos <strong>(como<\/strong> un aneurisma en la aorta o <strong>problemas<\/strong> con las v\u00e1lvulas a\u00f3rtica o <strong>mitral), se necesita cirug\u00eda<\/strong> para <strong>insertar<\/strong> una pr\u00f3tesis en la aorta o en las v\u00e1lvulas <strong>del coraz\u00f3n.<\/strong><\/li>\n\n\n\n<li><strong>Tomar<\/strong> precauciones m\u00ednimas. <strong>Se debe advertir<\/strong> a los pacientes sobre los riesgos del estr\u00e9s f\u00edsico o emocional <strong>intenso y,<\/strong> por lo <strong>tanto, se debe<\/strong> evitar el ejercicio <strong>extenuante<\/strong> y los deportes de contacto. Adem\u00e1s, el embarazo tambi\u00e9n supone un <strong>riesgo<\/strong><\/li>\n\n\n\n<li>Fisioterapia. <strong>Hay<\/strong> casos en los que las malformaciones pueden requerir fisioterapia, <strong>ferulizaci\u00f3n e incluso<\/strong> cirug\u00eda.<\/li>\n<\/ul>\n\n\n<div class=\"wp-block-image\">\n<figure class=\"aligncenter size-large\"><img decoding=\"async\" width=\"1024\" height=\"683\" src=\"https:\/\/miresi.es\/blog\/wp-content\/uploads\/2022\/12\/doctor-and-patient-are-discussing-something-just-2021-09-03-06-39-23-utc-1-1024x683.jpg\" alt=\"s\u00edndrome-de-marfan\" class=\"wp-image-17998\" srcset=\"https:\/\/miresiblog.imgix.net\/uploads\/2022\/12\/doctor-and-patient-are-discussing-something-just-2021-09-03-06-39-23-utc-1-scaled.jpg?auto=format%2Ccompress&fit=crop&h=683&ixlib=php-3.3.0&w=1024&s=7b35bd5daaa976ca4734390179ae933a 1024w, https:\/\/miresiblog.imgix.net\/uploads\/2022\/12\/doctor-and-patient-are-discussing-something-just-2021-09-03-06-39-23-utc-1-scaled.jpg?auto=format%2Ccompress&fit=crop&h=200&ixlib=php-3.3.0&w=300&s=97157f6f79a07cf4525fcd6e83875751 300w, https:\/\/miresiblog.imgix.net\/uploads\/2022\/12\/doctor-and-patient-are-discussing-something-just-2021-09-03-06-39-23-utc-1-scaled.jpg?auto=format%2Ccompress&fit=crop&h=512&ixlib=php-3.3.0&w=768&s=14bb04ac9962220fae3bef250e9709e8 768w, https:\/\/miresiblog.imgix.net\/uploads\/2022\/12\/doctor-and-patient-are-discussing-something-just-2021-09-03-06-39-23-utc-1-scaled.jpg?auto=format%2Ccompress&fit=crop&h=1024&ixlib=php-3.3.0&w=1536&s=1305ae1ef3c2950832976e8382d7d5ef 1536w, https:\/\/miresiblog.imgix.net\/uploads\/2022\/12\/doctor-and-patient-are-discussing-something-just-2021-09-03-06-39-23-utc-1-scaled.jpg?auto=format%2Ccompress&fit=crop&h=1365&ixlib=php-3.3.0&w=2048&s=af6a471c3e9bf688ebc9579417544c49 2048w, https:\/\/miresiblog.imgix.net\/uploads\/2022\/12\/doctor-and-patient-are-discussing-something-just-2021-09-03-06-39-23-utc-1-scaled.jpg?auto=format%2Ccompress&fit=crop&h=240&ixlib=php-3.3.0&w=360&s=f3c5f8bbded4e6c75d740c4eb2780ccd 360w, https:\/\/miresiblog.imgix.net\/uploads\/2022\/12\/doctor-and-patient-are-discussing-something-just-2021-09-03-06-39-23-utc-1-scaled.jpg?auto=format%2Ccompress&ixlib=php-3.3.0&w=900&s=263ae82bf1617d14d4113f4c650b8781 900w\" sizes=\"(max-width: 1024px) 100vw, 1024px\" \/><\/figure>\n<\/div>\n\n\n<h2 class=\"wp-block-heading\">8. <strong>Pron\u00f3stico:<\/strong><\/h2>\n\n\n\n<p>En los \u00faltimos 20 a\u00f1os, gracias al diagn\u00f3stico precoz, tratamiento, seguimiento <strong>constante<\/strong> y, sobre todo, <strong>cirug\u00eda preventiva,<\/strong> la <strong>aorta<\/strong> ha <strong>podido alcanzar una<\/strong> esperanza de vida de <strong>pacientes con Marfan aument\u00f3<\/strong> de 45 a 72 a\u00f1os. La mortalidad precoz est\u00e1 directamente relacionada con la dilataci\u00f3n de la aorta ascendente.<\/p>\n\n\n\n<p><br>Por ello, si crees que tu mayor se ha convertido en una persona algo dependiente, en <a href=\"http:\/\/miresi.es\/\"  title=\"\"  title=\"\"><strong>miResi<\/strong><\/a> podemos ayudarte. Sabemos que encontrar un centro de mayores que m\u00e1s se acerque a las necesidades de tu mayor no es para nada sencillo. Es por esto que <strong>nuestro equipo hace una gran labor<\/strong> ayudando a miles de familias para encontrar la residencia id\u00f3nea. <strong>Escr\u00edbenos o ll\u00e1manos <\/strong>y te atenderemos de manera personalizada,\u00a0 sin compromiso y de forma completamente gratuita.<\/p>\n\n\n\n<div class=\"wp-block-buttons is-layout-flex wp-block-buttons-is-layout-flex\">\n<div class=\"wp-block-button aligncenter\"><a href=\"https:\/\/miresi.es\/buscador\/?utm_source=blog\"  rel=\"noreferrer noopener\"  rel=\"noreferrer noopener\">Asesoramiento y ayuda gratuita<\/a><\/div>\n<\/div>\n\n\n\n<p><\/p>\n\n\n\n<p>Fuentes:<\/p>\n\n\n\n<p>Mayo Clinic: <a href=\"https:\/\/www.mayoclinic.org\/es-es\/diseases-conditions\/marfan-syndrome\/symptoms-causes\/syc-20350782\"  target=\"_blank\" rel=\"external nofollow\"  title=\"\"  class=\"wp-links-icon\">https:\/\/www.mayoclinic.org\/es-es\/diseases-conditions\/marfan-syndrome\/symptoms-causes\/syc-20350782<\/a> <\/p>\n\n\n\n<p>Medine Plus: <a href=\"https:\/\/medlineplus.gov\/spanish\/marfansyndrome.html\"  target=\"_blank\" rel=\"external nofollow\"  title=\"\"  class=\"wp-links-icon\">https:\/\/medlineplus.gov\/spanish\/marfansyndrome.html<\/a> <\/p>\n\n\n\n<p>Fundaci\u00f3n del Coraz\u00f3n: <a href=\"https:\/\/fundaciondelcorazon.com\/informacion-para-pacientes\/enfermedades-cardiovasculares\/sindrome-de-marfan.html\"  target=\"_blank\" rel=\"external nofollow\"  title=\"\"  class=\"wp-links-icon\">https:\/\/fundaciondelcorazon.com\/informacion-para-pacientes\/enfermedades-cardiovasculares\/sindrome-de-marfan.html<\/a> <\/p>\n<div style='text-align:center' class='yasr-auto-insert-visitor'><!--Yasr Visitor Votes Shortcode--><div id='yasr_visitor_votes_2e9fd4994c876' class='yasr-visitor-votes'><div class=\"yasr-custom-text-vv-before yasr-custom-text-vv-before-17972\">\u00a1Haz clic para puntuar esta entrada!<\/div><div id='yasr-vv-second-row-container-2e9fd4994c876'\r\n                                        class='yasr-vv-second-row-container'><div id='yasr-visitor-votes-rater-2e9fd4994c876'\r\n                                      class='yasr-rater-stars-vv'\r\n                                      data-rater-postid='17972'\r\n                                      data-rating='0'\r\n                                      data-rater-starsize='32'\r\n                                      data-rater-readonly='false'\r\n                                      data-rater-nonce='df9b54cd3f'\r\n                                      data-issingular='false'\r\n                                    ><\/div><div class=\"yasr-vv-stats-text-container\" id=\"yasr-vv-stats-text-container-2e9fd4994c876\"><svg xmlns=\"https:\/\/www.w3.org\/2000\/svg\" width=\"20\" height=\"20\"\r\n                                   class=\"yasr-dashicons-visitor-stats\"\r\n                                   data-postid=\"17972\"\r\n                                   id=\"yasr-stats-dashicon-2e9fd4994c876\">\r\n                                   <path d=\"M18 18v-16h-4v16h4zM12 18v-11h-4v11h4zM6 18v-8h-4v8h4z\"><\/path>\r\n                               <\/svg><span id=\"yasr-vv-text-container-2e9fd4994c876\" class=\"yasr-vv-text-container\"> (Votos: <span id=\"yasr-vv-votes-number-container-2e9fd4994c876\">0<\/span>  Promedio: <span id=\"yasr-vv-average-container-2e9fd4994c876\">0<\/span>)<\/span><\/div><div id='yasr-vv-loader-2e9fd4994c876' class='yasr-vv-container-loader'><\/div><\/div><div id='yasr-vv-bottom-container-2e9fd4994c876'\r\n                              class='yasr-vv-bottom-container'\r\n                              style='display:none'><\/div><\/div><!--End Yasr Visitor Votes Shortcode--><\/div>","protected":false},"excerpt":{"rendered":"<p>El s\u00edndrome de Marfan es una condici\u00f3n que afecta el tejido conectivo. El tejido conectivo&#8230;<\/p>\n","protected":false},"author":16,"featured_media":17997,"comment_status":"open","ping_status":"open","sticky":false,"template":"","format":"standard","meta":{"yasr_overall_rating":0,"yasr_post_is_review":"","yasr_auto_insert_disabled":"","yasr_review_type":"","footnotes":""},"categories":[12],"tags":[534,427,609,1523,28],"class_list":["post-17972","post","type-post","status-publish","format-standard","has-post-thumbnail","hentry","category-patologias","tag-bienestar","tag-mayores","tag-patologias","tag-sindrome-de-marfan","tag-tercera-edad"],"yasr_visitor_votes":{"stars_attributes":{"read_only":false,"span_bottom":false},"number_of_votes":0,"sum_votes":0},"_links":{"self":[{"href":"https:\/\/miresi.es\/blog\/wp-json\/wp\/v2\/posts\/17972","targetHints":{"allow":["GET"]}}],"collection":[{"href":"https:\/\/miresi.es\/blog\/wp-json\/wp\/v2\/posts"}],"about":[{"href":"https:\/\/miresi.es\/blog\/wp-json\/wp\/v2\/types\/post"}],"author":[{"embeddable":true,"href":"https:\/\/miresi.es\/blog\/wp-json\/wp\/v2\/users\/16"}],"replies":[{"embeddable":true,"href":"https:\/\/miresi.es\/blog\/wp-json\/wp\/v2\/comments?post=17972"}],"version-history":[{"count":33,"href":"https:\/\/miresi.es\/blog\/wp-json\/wp\/v2\/posts\/17972\/revisions"}],"predecessor-version":[{"id":20541,"href":"https:\/\/miresi.es\/blog\/wp-json\/wp\/v2\/posts\/17972\/revisions\/20541"}],"wp:featuredmedia":[{"embeddable":true,"href":"https:\/\/miresi.es\/blog\/wp-json\/wp\/v2\/media\/17997"}],"wp:attachment":[{"href":"https:\/\/miresi.es\/blog\/wp-json\/wp\/v2\/media?parent=17972"}],"wp:term":[{"taxonomy":"category","embeddable":true,"href":"https:\/\/miresi.es\/blog\/wp-json\/wp\/v2\/categories?post=17972"},{"taxonomy":"post_tag","embeddable":true,"href":"https:\/\/miresi.es\/blog\/wp-json\/wp\/v2\/tags?post=17972"}],"curies":[{"name":"wp","href":"https:\/\/api.w.org\/{rel}","templated":true}]}}