{"id":18027,"date":"2023-01-17T12:01:06","date_gmt":"2023-01-17T11:01:06","guid":{"rendered":"https:\/\/miresi.es\/blog\/?p=18027"},"modified":"2026-04-23T18:02:35","modified_gmt":"2026-04-23T17:02:35","slug":"como-adaptar-un-coche-para-silla-de-ruedas","status":"publish","type":"post","link":"https:\/\/miresi.es\/blog\/como-adaptar-un-coche-para-silla-de-ruedas\/","title":{"rendered":"Conoce c\u00f3mo adaptar tu coche para silla de ruedas"},"content":{"rendered":"\n<p>Es muy importante informarte y conocer c\u00f3mo se puede adaptar un coche para silla de ruedas. Actualmente esto permite a mucha gente que por ejemplo es minusv\u00e1lida o tiene lesiones producidas tal vez por un accidente, poder utilizar un coche con total normalidad y comodidad. En este art\u00edculo te vamos a ense\u00f1ar a <strong>c\u00f3mo adaptar tu coche<\/strong>, lo que cuesta y las ayudas que puedes recibir por ello.<\/p>\n\n\n\n<p><strong>En miResi queremos ayudarte a t\u00ed y a tus seres queridos<\/strong>. Si crees que tu mayor se est\u00e1 volviendo cada vez m\u00e1s dependiente, en <a href=\"https:\/\/miresi.es\/\"  ><strong>miResi<\/strong><\/a> queremos ayudarte. Contamos con un excelente equipo de profesionales que te asesorar\u00e1n de forma completamente gratuita. Te <strong>escuchar\u00e1n y ayudar\u00e1n<\/strong> en todo el dif\u00edcil proceso de encontrar la residencia id\u00f3nea para tu ser querido. Escr\u00edbenos o ll\u00e1manos y te atenderemos de forma personalizada.\u00a0<\/p>\n\n\n\n<p>\u00a1<a href=\"https:\/\/miresi.es\/buscador\/?utm_source=blog\"  >Contacta con nosotros<\/a>, te podemos ayudar con lo que necesites y con lo que haga falta!<\/p>\n\n\n\n<div class=\"wp-block-buttons is-layout-flex wp-block-buttons-is-layout-flex\">\n<div class=\"wp-block-button has-custom-font-size aligncenter has-medium-font-size\"><a href=\"https:\/\/miresi.es\/buscador\/?utm_source=blog\"  rel=\"nofollow\"  rel=\"nofollow\"><strong>encuentra asesoramiento gratuito<\/strong><\/a><\/div>\n<\/div>\n\n\n\n<div style=\"height:13px\" aria-hidden=\"true\" class=\"wp-block-spacer\"><\/div>\n\n\n\n<h2 class=\"wp-block-heading\">1. \u00bfQu\u00e9 es un coche adaptado para silla de ruedas?<\/h2>\n\n\n\n<p>Un coche adaptado para silla de ruedas es un tipo de veh\u00edculo al que se le han cambiado o modificado algunos componentes con el fin de cubrir las necesidades que tiene una persona con alg\u00fan tipo de discapacidad o de movilidad reducida.<\/p>\n\n\n\n<p>Por regla general, las adaptaciones para los veh\u00edculos pueden ser de diferentes tipos, <strong>dependiendo del grado de discapacidad <\/strong>de cada persona. Tambi\u00e9n hay que diferenciar si queremos adaptar el coche para ir de conductor, o para ir de pasajero, puesto que no ser\u00eda igual la adaptaci\u00f3n.<\/p>\n\n\n\n<p>Cabe destacar que hay dos formas para conseguir adaptar un veh\u00edculo para silla de ruedas:<\/p>\n\n\n\n<ul class=\"wp-block-list\">\n<li>Hay veh\u00edculos que vienen adaptados <strong>de serie.<\/strong><\/li>\n\n\n\n<li>Llevando tu veh\u00edculo a un <strong>taller especializado <\/strong>para que realicen los cambios necesarios seg\u00fan tus necesidades m\u00e9dicas.<\/li>\n<\/ul>\n\n\n<div class=\"wp-block-image\">\n<figure class=\"aligncenter size-large\"><img decoding=\"async\" width=\"1024\" height=\"735\" src=\"https:\/\/miresi.es\/blog\/wp-content\/uploads\/2023\/01\/mobility-electric-scooter-wheelchair-for-the-disa-2022-11-08-03-08-15-utc-1-1024x735.jpg\" alt=\"silla-de-ruedas\" class=\"wp-image-18033\" srcset=\"https:\/\/miresiblog.imgix.net\/uploads\/2023\/01\/mobility-electric-scooter-wheelchair-for-the-disa-2022-11-08-03-08-15-utc-1-scaled.jpg?auto=format%2Ccompress&fit=crop&h=735&ixlib=php-3.3.0&w=1024&s=0cbcd9f3b0ce0309b98e511e6c30af93 1024w, https:\/\/miresiblog.imgix.net\/uploads\/2023\/01\/mobility-electric-scooter-wheelchair-for-the-disa-2022-11-08-03-08-15-utc-1-scaled.jpg?auto=format%2Ccompress&fit=crop&h=215&ixlib=php-3.3.0&w=300&s=b448ed1d00a4b2010593bcc57c45c426 300w, https:\/\/miresiblog.imgix.net\/uploads\/2023\/01\/mobility-electric-scooter-wheelchair-for-the-disa-2022-11-08-03-08-15-utc-1-scaled.jpg?auto=format%2Ccompress&fit=crop&h=551&ixlib=php-3.3.0&w=768&s=26af9a2af38ed0fe3e118eafb686af2e 768w, https:\/\/miresiblog.imgix.net\/uploads\/2023\/01\/mobility-electric-scooter-wheelchair-for-the-disa-2022-11-08-03-08-15-utc-1-scaled.jpg?auto=format%2Ccompress&fit=crop&h=1102&ixlib=php-3.3.0&w=1536&s=bb0d7c735b6bb592d67d24de4554c666 1536w, https:\/\/miresiblog.imgix.net\/uploads\/2023\/01\/mobility-electric-scooter-wheelchair-for-the-disa-2022-11-08-03-08-15-utc-1-scaled.jpg?auto=format%2Ccompress&fit=crop&h=1469&ixlib=php-3.3.0&w=2048&s=591d21ae710a9de2720c71c31ab7f56c 2048w, https:\/\/miresiblog.imgix.net\/uploads\/2023\/01\/mobility-electric-scooter-wheelchair-for-the-disa-2022-11-08-03-08-15-utc-1-scaled.jpg?auto=format%2Ccompress&fit=crop&h=258&ixlib=php-3.3.0&w=360&s=d7a88a4a89e441111442abcdb599ce88 360w, https:\/\/miresiblog.imgix.net\/uploads\/2023\/01\/mobility-electric-scooter-wheelchair-for-the-disa-2022-11-08-03-08-15-utc-1-scaled.jpg?auto=format%2Ccompress&ixlib=php-3.3.0&w=836&s=3499a74f6f445c5eb5e7121707d9b955 836w\" sizes=\"(max-width: 1024px) 100vw, 1024px\" \/><figcaption class=\"wp-element-caption\">Coche adaptado para silla de ruedas<\/figcaption><\/figure>\n<\/div>\n\n\n<p>Una vez que hayas adaptado tu coche para facilitar el acceso con tu<strong> silla de ruedas<\/strong>, necesitar\u00e1s una silla que sea f\u00e1cil de transportar y guardar. Las <strong>sillas de ruedas plegables<\/strong> son la soluci\u00f3n ideal para optimizar el espacio en tu veh\u00edculo y facilitar tu movilidad. <\/p>\n\n\n\n<p>En <strong><a href=\"https:\/\/senior.market\/\"  target=\"_blank\" rel=\"external nofollow\"  title=\"\"  class=\"wp-links-icon\">Senior Market<\/a><\/strong>, la tienda online especializada en productos para personas mayores, encontrar\u00e1s una amplia gama de <strong>sillas de ruedas plegables para adultos<\/strong>, ligeras, resistentes y f\u00e1ciles de manejar, dise\u00f1adas para ofrecerte comodidad y autonom\u00eda. <\/p>\n\n\n\n<p>Descubre la selecci\u00f3n de sillas de ruedas plegables y elige la que mejor se adapta a tus necesidades. <strong>Visita Senior Market <\/strong>y mejora tu experiencia de movilidad.<\/p>\n\n\n\n<div class=\"wp-block-buttons is-content-justification-center is-layout-flex wp-container-core-buttons-is-layout-16018d1d wp-block-buttons-is-layout-flex\">\n<div class=\"wp-block-button has-custom-font-size has-medium-font-size\"><a href=\"https:\/\/senior.market\/collections\/movilidad\"  target=\"_blank\" rel=\"external nofollow\"   class=\"wp-links-icon\"><strong>Descubre las sillas de ruedas de Senior Market<\/strong><\/a><\/div>\n<\/div>\n\n\n\n<h2 class=\"wp-block-heading\">2. \u00bfQu\u00e9 debemos tener en cuenta para adaptar nuestro veh\u00edculo?<\/h2>\n\n\n\n<p>Primero de todo, debemos analizar la necesidad que tenemos que cubrir. Como hemos mencionado anteriormente, no es el mismo caso adaptar el veh\u00edculo para conducir que para ir de pasajero.<\/p>\n\n\n\n<p>No todos los veh\u00edculos del mercado ofrecen las mismas posibilidades a la hora de hacer una adaptaci\u00f3n, por ello hay que <strong>asesorarse<\/strong> bien antes de llevar a cabo cualquier proceso.<\/p>\n\n\n\n<h2 class=\"wp-block-heading\">3. \u00bfQu\u00e9 elementos tiene un coche adaptado para silla de ruedas?<\/h2>\n\n\n\n<p>Un coche adaptado para silla de ruedas tiene por norma general las siguientes modificaciones o adaptaciones:<\/p>\n\n\n\n<ul class=\"wp-block-list\">\n<li><strong>Cambio de los pedales de embrague, freno y acelerador <\/strong>por otro tipo de mecanismo que se pueda controlar mediante palancas o desde el volante.<\/li>\n\n\n\n<li><strong>Eliminaci\u00f3n de los asientos<\/strong> seg\u00fan el grado de discapacidad y de las necesidades de la persona.<\/li>\n\n\n\n<li>Instalaci\u00f3n de <strong>anclajes para fijar la silla de ruedas<\/strong> en el suelo del veh\u00edculo.<\/li>\n\n\n\n<li>Adaptaci\u00f3n mediante<strong> rampas o plataformas <\/strong>para poder acceder al veh\u00edculo con la silla de ruedas.<\/li>\n<\/ul>\n\n\n\n<h2 class=\"wp-block-heading\">4. \u00bfC\u00f3mo podemos adaptar un coche para silla de ruedas?<\/h2>\n\n\n\n<p>Como hemos comentado anteriormente en este art\u00edculo, para adaptar un veh\u00edculo para uso de silla de ruedas es necesario llevarlo a un <strong>taller homologado.\u00a0<\/strong><\/p>\n\n\n\n<p>Ellos se encargar\u00e1n de hacer las modificaciones necesarias seg\u00fan indique el informe m\u00e9dico de la persona que solicita la homologaci\u00f3n.<\/p>\n\n\n\n<p><strong>El precio <\/strong>de esta adaptaci\u00f3n <strong>variar\u00e1<\/strong> en funci\u00f3n de las modificaciones que haya que hacer en su veh\u00edculo seg\u00fan el grado de discapacidad que presente.\u00a0<\/p>\n\n\n\n<p>Cabe destacar que las Comunidades Aut\u00f3nomas por regla general ofrecen ayudas para poder pagar parte de estos gastos de adaptaci\u00f3n del veh\u00edculo.<\/p>\n\n\n\n<p>Finalmente, tras haber realizado las modificaciones oportunas, el veh\u00edculo <strong>debe pasar la ITV.<\/strong> Ah\u00ed se dar\u00e1 un certificado final con los cambios realizados en el veh\u00edculo junto con el informe m\u00e9dico de la persona.<\/p>\n\n\n\n<h2 class=\"wp-block-heading\">5. \u00bfCu\u00e1nto cuesta adaptar un coche para silla de ruedas?<\/h2>\n\n\n\n<p>L\u00f3gicamente, es mejor comprar un coche que se fabrique directamente seg\u00fan las necesidades del conductor.\u00a0<\/p>\n\n\n\n<p>Sin embargo, es com\u00fan que estas necesidades surjan despu\u00e9s de un tiempo, como despu\u00e9s de un <strong>accidente<\/strong> que afecta nuestra capacidad de movimiento.\u00a0<\/p>\n\n\n\n<p>Como se puede observar, el n\u00famero y variedad de elementos a ajustar depende de cada conductor. Por este motivo, el coste de una instalaci\u00f3n de este tipo que pueda ser necesaria depender\u00e1 en gran medida de cada caso.\u00a0<\/p>\n\n\n\n<p>Como m\u00ednimo, conseguir que nuestro coche se adapte a los factores que necesitamos para conducir puede costar <strong>1.000 euros.\u00a0<\/strong><\/p>\n\n\n\n<p>El m\u00e1s exigente de los sistemas de asistencia al conductor puede costar hasta<strong> 4.000 euros.<\/strong><\/p>\n\n\n\n<h2 class=\"wp-block-heading\">6. Talleres que trabajan para adaptar veh\u00edculos para silla de ruedas<\/h2>\n\n\n\n<p>Hay una gran cantidad de asociaciones que se encargan de recopilar cu\u00e1les son los talleres espa\u00f1oles que trabajan y certifican coches para personas minusv\u00e1lidas.<\/p>\n\n\n\n<p>Uno de estos ejemplos es la Iniciativa M\u00faltiple de Atenci\u00f3n de Gaps, y estos son los talleres recopilados para ello seg\u00fan la provincia en la que se encuentre:<\/p>\n\n\n\n<ul class=\"wp-block-list\">\n<li>Autocares Garc\u00eda (A Coru\u00f1a)<\/li>\n\n\n\n<li>Talleres Vilanova (Ourense)<\/li>\n\n\n\n<li>Talleres Crespo (Ourense)<\/li>\n\n\n\n<li>Autos Elizasu (San Sebasti\u00e1n)<\/li>\n\n\n\n<li>\u00c1lvarez Carrozados (Le\u00f3n)<\/li>\n\n\n\n<li>Caradap (Barcelona)<\/li>\n\n\n\n<li>Soluciones ARC (Barcelona)<\/li>\n\n\n\n<li>Cl\u00ednica del Autom\u00f3vil (Barcelona)<\/li>\n\n\n\n<li>Ateva (Girona)<\/li>\n\n\n\n<li>V\u00e1lida Car (Girona)<\/li>\n\n\n\n<li>Rehatrans (Madrid)<\/li>\n\n\n\n<li>Indusauto (Valencia)<\/li>\n\n\n\n<li>Adapta Auto (Murcia)<\/li>\n\n\n\n<li>Talleres Coda (Valencia)<\/li>\n\n\n\n<li>Aulectronik (Sevilla)<\/li>\n\n\n\n<li>Efamoa (Sevilla)<\/li>\n<\/ul>\n\n\n\n<h2 class=\"wp-block-heading\">7. Ayudas por la compra de veh\u00edculos adaptados<\/h2>\n\n\n\n<p>Existen determinadas ventajas y beneficios para las personas que compren un coche adaptado para silla de ruedas. Estos beneficios son los siguientes:<\/p>\n\n\n\n<ul class=\"wp-block-list\">\n<li><strong>IVA superreducido:<\/strong> actualmente cuando alguien adquiere un veh\u00edculo nuevo, se le aplica el 21% de IVA. Las personas que tienen movilidad reducida que quieran comprar un coche nuevo, de segunda mano o de km0 solo tendr\u00e1n que pagar un 4% de IVA.\u00a0<\/li>\n\n\n\n<li><strong>Exenci\u00f3n del impuesto de circulaci\u00f3n y de matriculaci\u00f3n:<\/strong> siempre y cuando las personas tengan un 33% o m\u00e1s de discapacidad, podr\u00e1n beneficiarse de esta ventaja, notific\u00e1ndose as\u00ed al ayuntamiento del municipio en el que residan.<\/li>\n<\/ul>\n\n\n\n<p>Adaptar un coche para una silla de ruedas es algo que est\u00e1 muy presente en nuestros d\u00edas. Hay que tener en cuenta que esto permite que cada vez haya menos problemas para que personas con discapacidad puedan seguir conduciendo y haciendo una vida m\u00e1s normal. Un accidente puede ser un ejemplo de persona que ahora necesita adaptar su veh\u00edculo a unas nuevas circunstancias y necesidades.<\/p>\n\n\n<div class=\"wp-block-image\">\n<figure class=\"aligncenter size-large\"><img decoding=\"async\" width=\"1024\" height=\"683\" src=\"https:\/\/miresi.es\/blog\/wp-content\/uploads\/2023\/01\/disabled-people-sign-for-parking-car-place-2022-11-14-09-19-07-utc-1-1024x683.jpg\" alt=\"silla-de-ruedas\" class=\"wp-image-18032\" srcset=\"https:\/\/miresiblog.imgix.net\/uploads\/2023\/01\/disabled-people-sign-for-parking-car-place-2022-11-14-09-19-07-utc-1-scaled.jpg?auto=format%2Ccompress&fit=crop&h=683&ixlib=php-3.3.0&w=1024&s=94fc6d9b0c2bc8727b3ef645481ea3ed 1024w, https:\/\/miresiblog.imgix.net\/uploads\/2023\/01\/disabled-people-sign-for-parking-car-place-2022-11-14-09-19-07-utc-1-scaled.jpg?auto=format%2Ccompress&fit=crop&h=200&ixlib=php-3.3.0&w=300&s=2c6b62f85802715de9e390b88f7c2a2c 300w, https:\/\/miresiblog.imgix.net\/uploads\/2023\/01\/disabled-people-sign-for-parking-car-place-2022-11-14-09-19-07-utc-1-scaled.jpg?auto=format%2Ccompress&fit=crop&h=512&ixlib=php-3.3.0&w=768&s=b958515979ccb9f7176bd3db45fd1d33 768w, https:\/\/miresiblog.imgix.net\/uploads\/2023\/01\/disabled-people-sign-for-parking-car-place-2022-11-14-09-19-07-utc-1-scaled.jpg?auto=format%2Ccompress&fit=crop&h=1024&ixlib=php-3.3.0&w=1536&s=c88b24879db7b17e7b117ae7b68f426a 1536w, https:\/\/miresiblog.imgix.net\/uploads\/2023\/01\/disabled-people-sign-for-parking-car-place-2022-11-14-09-19-07-utc-1-scaled.jpg?auto=format%2Ccompress&fit=crop&h=1365&ixlib=php-3.3.0&w=2048&s=a1ceab5bd91918e0770d56b9f2ecd1dd 2048w, https:\/\/miresiblog.imgix.net\/uploads\/2023\/01\/disabled-people-sign-for-parking-car-place-2022-11-14-09-19-07-utc-1-scaled.jpg?auto=format%2Ccompress&fit=crop&h=240&ixlib=php-3.3.0&w=360&s=a1f50763aa377a6c1c58515a405ddc42 360w, https:\/\/miresiblog.imgix.net\/uploads\/2023\/01\/disabled-people-sign-for-parking-car-place-2022-11-14-09-19-07-utc-1-scaled.jpg?auto=format%2Ccompress&ixlib=php-3.3.0&w=900&s=fd6c7dca671b5c31f0fbd3527a926da3 900w\" sizes=\"(max-width: 1024px) 100vw, 1024px\" \/><figcaption class=\"wp-element-caption\">Plaza aparcamiento para minusv\u00e1lidos<\/figcaption><\/figure>\n<\/div>\n\n\n<p><br>Por ello, si crees que tu mayor se ha convertido en una persona algo dependiente, en <a href=\"http:\/\/miresi.es\/\"  ><strong>miResi<\/strong><\/a> podemos ayudarte. Sabemos que encontrar un centro de mayores que m\u00e1s se acerque a las necesidades de tu mayor no es para nada sencillo. Es por esto que <strong>nuestro equipo hace una gran labor<\/strong> ayudando a miles de familias para encontrar la residencia id\u00f3nea. <strong>Escr\u00edbenos o ll\u00e1manos <\/strong>y te atenderemos de manera personalizada,\u00a0 sin compromiso y de forma completamente gratuita.<\/p>\n\n\n\n<div class=\"wp-block-buttons is-layout-flex wp-block-buttons-is-layout-flex\">\n<div class=\"wp-block-button has-custom-font-size aligncenter has-medium-font-size\"><a href=\"https:\/\/miresi.es\/buscador\/?utm_source=blog\"  rel=\"nofollow\"  rel=\"nofollow\"><strong>asesoramiento y ayuda gratuita<\/strong><\/a><\/div>\n<\/div>\n\n\n\n<div style=\"height:50px\" aria-hidden=\"true\" class=\"wp-block-spacer\"><\/div>\n\n\n\n<p>Fuentes:<\/p>\n\n\n\n<p>Nissan: <a href=\"https:\/\/nissanfinanciacion.es\/blog\/como-adaptar-coche-minusvalidos\/\"  target=\"_blank\" rel=\"external nofollow\"  title=\"\"  class=\"wp-links-icon\">https:\/\/nissanfinanciacion.es\/blog\/como-adaptar-coche-minusvalidos\/<\/a>\u00a0<\/p>\n\n\n\n<p>Clicars: <a href=\"https:\/\/www.clicars.com\/blog\/curiosidades\/precio-adaptar-coche-minusvalidos\/\"  target=\"_blank\" rel=\"external nofollow\"  title=\"\"  class=\"wp-links-icon\">https:\/\/www.clicars.com\/blog\/curiosidades\/precio-adaptar-coche-minusvalidos\/<\/a>\u00a0<\/p>\n\n\n\n<p>Mapfre: <a href=\"https:\/\/www.motor.mapfre.es\/coches\/noticias-coches\/coches-adaptados-para-silla-de-ruedas\/\"  target=\"_blank\" rel=\"external nofollow\"  title=\"\"  class=\"wp-links-icon\">https:\/\/www.motor.mapfre.es\/coches\/noticias-coches\/coches-adaptados-para-silla-de-ruedas\/<\/a><\/p>\n<div style='text-align:center' class='yasr-auto-insert-visitor'><!--Yasr Visitor Votes Shortcode--><div id='yasr_visitor_votes_f0b9af82066b5' class='yasr-visitor-votes'><div class=\"yasr-custom-text-vv-before yasr-custom-text-vv-before-18027\">\u00a1Haz clic para puntuar esta entrada!<\/div><div id='yasr-vv-second-row-container-f0b9af82066b5'\r\n                                        class='yasr-vv-second-row-container'><div id='yasr-visitor-votes-rater-f0b9af82066b5'\r\n                                      class='yasr-rater-stars-vv'\r\n                                      data-rater-postid='18027'\r\n                                      data-rating='4'\r\n                                      data-rater-starsize='32'\r\n                                      data-rater-readonly='false'\r\n                                      data-rater-nonce='df9b54cd3f'\r\n                                      data-issingular='false'\r\n                                    ><\/div><div class=\"yasr-vv-stats-text-container\" id=\"yasr-vv-stats-text-container-f0b9af82066b5\"><svg xmlns=\"https:\/\/www.w3.org\/2000\/svg\" width=\"20\" height=\"20\"\r\n                                   class=\"yasr-dashicons-visitor-stats\"\r\n                                   data-postid=\"18027\"\r\n                                   id=\"yasr-stats-dashicon-f0b9af82066b5\">\r\n                                   <path d=\"M18 18v-16h-4v16h4zM12 18v-11h-4v11h4zM6 18v-8h-4v8h4z\"><\/path>\r\n                               <\/svg><span id=\"yasr-vv-text-container-f0b9af82066b5\" class=\"yasr-vv-text-container\"> (Votos: <span id=\"yasr-vv-votes-number-container-f0b9af82066b5\">1<\/span>  Promedio: <span id=\"yasr-vv-average-container-f0b9af82066b5\">4<\/span>)<\/span><\/div><div id='yasr-vv-loader-f0b9af82066b5' class='yasr-vv-container-loader'><\/div><\/div><div id='yasr-vv-bottom-container-f0b9af82066b5'\r\n                              class='yasr-vv-bottom-container'\r\n                              style='display:none'><\/div><\/div><!--End Yasr Visitor Votes Shortcode--><\/div>","protected":false},"excerpt":{"rendered":"<p>Es muy importante informarte y conocer c\u00f3mo se puede adaptar un coche para silla de&#8230;<\/p>\n","protected":false},"author":16,"featured_media":18031,"comment_status":"open","ping_status":"open","sticky":false,"template":"","format":"standard","meta":{"yasr_overall_rating":0,"yasr_post_is_review":"","yasr_auto_insert_disabled":"","yasr_review_type":"","footnotes":""},"categories":[387,386],"tags":[1526,448,77,1527,440,1453],"class_list":["post-18027","post","type-post","status-publish","format-standard","has-post-thumbnail","hentry","category-ayudas","category-bienestar","tag-adaptar-coche","tag-ayudas","tag-cuidado-de-personas-mayores","tag-minusvalido","tag-salud","tag-silla-de-ruedas"],"yasr_visitor_votes":{"stars_attributes":{"read_only":false,"span_bottom":false},"number_of_votes":1,"sum_votes":4},"_links":{"self":[{"href":"https:\/\/miresi.es\/blog\/wp-json\/wp\/v2\/posts\/18027","targetHints":{"allow":["GET"]}}],"collection":[{"href":"https:\/\/miresi.es\/blog\/wp-json\/wp\/v2\/posts"}],"about":[{"href":"https:\/\/miresi.es\/blog\/wp-json\/wp\/v2\/types\/post"}],"author":[{"embeddable":true,"href":"https:\/\/miresi.es\/blog\/wp-json\/wp\/v2\/users\/16"}],"replies":[{"embeddable":true,"href":"https:\/\/miresi.es\/blog\/wp-json\/wp\/v2\/comments?post=18027"}],"version-history":[{"count":29,"href":"https:\/\/miresi.es\/blog\/wp-json\/wp\/v2\/posts\/18027\/revisions"}],"predecessor-version":[{"id":24839,"href":"https:\/\/miresi.es\/blog\/wp-json\/wp\/v2\/posts\/18027\/revisions\/24839"}],"wp:featuredmedia":[{"embeddable":true,"href":"https:\/\/miresi.es\/blog\/wp-json\/wp\/v2\/media\/18031"}],"wp:attachment":[{"href":"https:\/\/miresi.es\/blog\/wp-json\/wp\/v2\/media?parent=18027"}],"wp:term":[{"taxonomy":"category","embeddable":true,"href":"https:\/\/miresi.es\/blog\/wp-json\/wp\/v2\/categories?post=18027"},{"taxonomy":"post_tag","embeddable":true,"href":"https:\/\/miresi.es\/blog\/wp-json\/wp\/v2\/tags?post=18027"}],"curies":[{"name":"wp","href":"https:\/\/api.w.org\/{rel}","templated":true}]}}