{"id":18189,"date":"2023-02-23T10:19:21","date_gmt":"2023-02-23T09:19:21","guid":{"rendered":"https:\/\/miresi.es\/blog\/?p=18189"},"modified":"2026-04-23T18:01:57","modified_gmt":"2026-04-23T17:01:57","slug":"mejores-centros-de-dia-en-madrid-2","status":"publish","type":"post","link":"https:\/\/miresi.es\/blog\/mejores-centros-de-dia-en-madrid-2\/","title":{"rendered":"Mejores Centros de D\u00eda en Madrid"},"content":{"rendered":"\n<p>Nuestros mayores en muchas ocasiones deciden pasar el d\u00eda en un centro de d\u00eda ya que les ayuda por ejemplo a socializar y pasar un buen rato en un entorno con gente de su edad, pudiendo a\u00fan as\u00ed ir a dormir a sus casas por la noche. En este art\u00edculo vamos a hablar de los 3 mejores centros de d\u00eda en Madrid para que nuestros mayores puedan pasar un buen d\u00eda all\u00ed.<\/p>\n\n\n\n<p><strong>En miResi queremos ayudarte a t\u00ed y a tus seres queridos<\/strong>. Si crees que tu mayor se est\u00e1 volviendo cada vez m\u00e1s dependiente, en <a href=\"https:\/\/miresi.es\/\"  title=\"\"  title=\"\"><strong>miResi<\/strong><\/a> queremos ayudarte. Contamos con un excelente equipo de profesionales que te asesorar\u00e1n de forma completamente gratuita. Te <strong>escuchar\u00e1n y ayudar\u00e1n<\/strong> en todo el dif\u00edcil proceso de encontrar la residencia id\u00f3nea para tu ser querido. Escr\u00edbenos o ll\u00e1manos y te atenderemos de forma personalizada.<\/p>\n\n\n\n<p>\u00a1<a href=\"https:\/\/miresi.es\/buscador\/?utm_source=blog\"  title=\"\"  title=\"\">Contacta con nosotros<\/a>, te podemos ayudar con lo que necesites y con lo que haga falta!\u00a0<\/p>\n\n\n\n<div class=\"wp-block-buttons is-layout-flex wp-block-buttons-is-layout-flex\">\n<div class=\"wp-block-button aligncenter\"><a href=\"https:\/\/miresi.es\/buscador\/?utm_source=blog\"  >encuentra tu centro de d\u00eda ideal<\/a><\/div>\n<\/div>\n\n\n\n<div style=\"height:23px\" aria-hidden=\"true\" class=\"wp-block-spacer\"><\/div>\n\n\n\n<h2 class=\"wp-block-heading\">1. \u00bfPara qu\u00e9 sirve un Centro de D\u00eda?<\/h2>\n\n\n\n<p>En muchas ocasiones, hay personas que ven los <strong>Centros de D\u00eda<\/strong> como algo malo, ya que piensan que representa la p\u00e9rdida de autonom\u00eda e independencia de nuestros mayores.<\/p>\n\n\n\n<p>Sin embargo, un Centro de D\u00eda es un espacio ideal para promover un envejecimiento ideal, ya que permite a nuestros mayores <strong>socializar<\/strong> entre ellos y esto les ayuda mucho.<\/p>\n\n\n\n<p>En un Centro de D\u00eda hay posibilidad tambi\u00e9n de llevar a cabo rehabilitaciones, con el objetivo de tratar de recuperar la autonom\u00eda de algunos mayores que la han perdido por ejemplo por alguna enfermedad o por alg\u00fan problema.<\/p>\n\n\n\n<p>Pueden llevar a cabo un seguimiento del mayor, para asesorarle en todo lo que necesite y as\u00ed mejorar sus condiciones y su calidad de vida.<\/p>\n\n\n\n<p>Una de las principales ventajas de un Centro de D\u00eda para nuestros mayores es que pueden pasar el d\u00eda all\u00ed, socializando y disfrutando con otros mayores, y por la noche <strong>pueden seguir yendo a dormir a la comodidad de sus casas.<\/strong><\/p>\n\n\n\n<h2 class=\"wp-block-heading\">2. Cu\u00e1ndo acudir a un Centro de D\u00eda. Mejores Centros de D\u00eda en Madrid<\/h2>\n\n\n\n<p>Como acabamos de mencionar anteriormente en este art\u00edculo, los Centros de D\u00eda para personas mayores son lugares de rehabilitaci\u00f3n y atenci\u00f3n integral. Por ello, deber\u00edamos plantearnos acudir a estos centros cuando nosotros mismos o alg\u00fan familiar tenga alg\u00fan problema que no permita disfrutar de un d\u00eda a d\u00eda con autonom\u00eda, como por ejemplo una persona en estadios iniciales de la enfermedad de Alzheimer. <\/p>\n\n\n\n<p>En este sentido, los centros de d\u00eda son un recurso muy importante y muy \u00fatil, proporcionando una amplia gama de <strong>asistencia a las personas mayores<\/strong>, apoyando el cuidado de familiares y seres queridos, pero con el objetivo de permanecer en casa el mayor tiempo posible, ya que por la noche o por la tarde vuelven a sus casas y duermen all\u00ed.<\/p>\n\n\n\n<p>Cabe destacar que para entrar a un Centro de D\u00eda hay que tener<strong> 65 a\u00f1os o m\u00e1s<\/strong>, excepto algunas situaciones y casos excepcionales. A continuaci\u00f3n te contamos cu\u00e1les son los mejores Centros de D\u00eda que podemos encontrar en Madrid.<\/p>\n\n\n\n<h2 class=\"wp-block-heading\">3. Los 3 mejores Centros de D\u00eda en Madrid<\/h2>\n\n\n\n<h3 class=\"wp-block-heading\"><strong>3.1. Centro de D\u00eda Sanitas Clara del Rey<\/strong><\/h3>\n\n\n\n<p><a href=\"https:\/\/miresi.es\/centros-de-dia-madrid\/madrid\/centro-de-dia-sanitas-clara-del-rey\/?utm_source=blog\"  title=\"\"  title=\"\">El Centro de D\u00eda para Mayores Sanitas Clara del Rey<\/a> tiene una gran historia y cuenta con muchos a\u00f1os de experiencia en el sector. El centro ofrece un servicio de d\u00eda completo para personas mayores que necesitan atenci\u00f3n especializada en sus \u00faltimos a\u00f1os, para as\u00ed tener la mejor calidad de vida. Este Centro de D\u00eda tiene como objetivo mejorar la calidad de vida de las personas mayores y sus familias y se compromete a satisfacer las necesidades y el bienestar de sus usuarios.<\/p>\n\n\n\n<p>Cuenta con un amplio equipo de especialistas en geriatr\u00eda y gerontolog\u00eda que brindan la mejor atenci\u00f3n y servicios m\u00e9dicos posibles a las personas que se encuentran en estado de dependencia y que necesitan unos cuidados y una atenci\u00f3n especial en todo momento.\u00a0<\/p>\n\n\n\n<p>Adem\u00e1s, sus instalaciones est\u00e1n totalmente <strong>adaptadas a las necesidades de las personas mayores, <\/strong>fomentando su autonom\u00eda e independencia.<\/p>\n\n\n\n<p>El principal objetivo del <strong>Centro De D\u00eda Sanitas Clara del Rey <\/strong>es conseguir que las personas mayores sigan disfrutando de sus \u00faltimos a\u00f1os fomentando su socializaci\u00f3n y un envejecimiento saludable y activo. Adem\u00e1s, son conscientes de la importancia de la familia, por lo que siempre los involucran en todo lo posible y se encargan de promover su bienestar.<\/p>\n\n\n<div class=\"wp-block-image\">\n<figure class=\"aligncenter size-large\"><img decoding=\"async\" width=\"1024\" height=\"683\" src=\"https:\/\/miresi.es\/blog\/wp-content\/uploads\/2023\/02\/older-disabled-woman-2021-08-29-22-53-17-utc-1024x683.jpg\" alt=\"mejores-centros-de-dia-en-madrid\" class=\"wp-image-18475\" srcset=\"https:\/\/miresiblog.imgix.net\/uploads\/2023\/02\/older-disabled-woman-2021-08-29-22-53-17-utc-scaled.jpg?auto=format%2Ccompress&fit=crop&h=683&ixlib=php-3.3.0&w=1024&s=fc082d44adf7fb25d5b013ec542c7624 1024w, https:\/\/miresiblog.imgix.net\/uploads\/2023\/02\/older-disabled-woman-2021-08-29-22-53-17-utc-scaled.jpg?auto=format%2Ccompress&fit=crop&h=200&ixlib=php-3.3.0&w=300&s=e9bafae55525b8e8c86d8bd5a1564d39 300w, https:\/\/miresiblog.imgix.net\/uploads\/2023\/02\/older-disabled-woman-2021-08-29-22-53-17-utc-scaled.jpg?auto=format%2Ccompress&fit=crop&h=512&ixlib=php-3.3.0&w=768&s=6357b80544dabd8b5b10ec340e81c521 768w, https:\/\/miresiblog.imgix.net\/uploads\/2023\/02\/older-disabled-woman-2021-08-29-22-53-17-utc-scaled.jpg?auto=format%2Ccompress&fit=crop&h=1024&ixlib=php-3.3.0&w=1536&s=a1613fa5b7aa143205d684c60d2c196d 1536w, https:\/\/miresiblog.imgix.net\/uploads\/2023\/02\/older-disabled-woman-2021-08-29-22-53-17-utc-scaled.jpg?auto=format%2Ccompress&fit=crop&h=1365&ixlib=php-3.3.0&w=2048&s=0cf414546a86dd92569366d3e846d31f 2048w, https:\/\/miresiblog.imgix.net\/uploads\/2023\/02\/older-disabled-woman-2021-08-29-22-53-17-utc-scaled.jpg?auto=format%2Ccompress&fit=crop&h=240&ixlib=php-3.3.0&w=360&s=16f4f6c5ec0fe4acb68c8be2c28a45ee 360w, https:\/\/miresiblog.imgix.net\/uploads\/2023\/02\/older-disabled-woman-2021-08-29-22-53-17-utc-scaled.jpg?auto=format%2Ccompress&ixlib=php-3.3.0&w=900&s=af6662d03d202941e3270a2e07abca64 900w\" sizes=\"(max-width: 1024px) 100vw, 1024px\" \/><figcaption class=\"wp-element-caption\">Mejores Centros de D\u00eda en Madrid<\/figcaption><\/figure>\n<\/div>\n\n\n<h3 class=\"wp-block-heading\"><strong>3.2. Centro de D\u00eda MIT para Mayores en Madrid<\/strong><\/h3>\n\n\n\n<p>En los \u00faltimos a\u00f1os, es muy importante encontrar el m\u00e9todo de cuidado adecuado para que nuestros mayores puedan disfrutar de un buen envejecimiento activo. Por lo tanto, es necesario comprender las necesidades de las personas mayores para encontrar la mejor manera de cuidarlas.\u00a0<\/p>\n\n\n\n<p><a href=\"https:\/\/miresi.es\/centros-de-dia-madrid\/madrid\/centro-de-dia-mit\/?utm_source=blog\"  title=\"\"  title=\"\">El Centro de D\u00eda MIT para Mayores en Madrid<\/a> es una excelente opci\u00f3n para personas mayores que necesitan supervisi\u00f3n y a\u00fan as\u00ed mantener su <strong>independencia.<\/strong>\u00a0<\/p>\n\n\n\n<p>El centro brinda la mejor atenci\u00f3n diurna para ayudar a las personas mayores y sus familias a vivir una vida de calidad y disfrutar del d\u00eda a d\u00eda. Gracias a su equipo de profesionales sanitarios, ofrece una amplia gama de <strong>servicios de calidad que ayudan a aumentar la independencia y autonom\u00eda de las personas mayores.\u00a0<\/strong><\/p>\n\n\n\n<p>Su trayectoria les avala y se describe como una atenci\u00f3n diurna cercana, familiar y profesional. Su principal objetivo es hacer que las personas mayores se sientan como en casa y disfruten con tranquilidad de su vejez.<\/p>\n\n\n<div class=\"wp-block-image\">\n<figure class=\"aligncenter size-large\"><img decoding=\"async\" width=\"1024\" height=\"683\" src=\"https:\/\/miresi.es\/blog\/wp-content\/uploads\/2023\/02\/eating-dinner-2021-09-02-16-31-49-utc-1024x683.jpg\" alt=\"mejores-centros-de-dia-en-madrid\" class=\"wp-image-18474\" srcset=\"https:\/\/miresiblog.imgix.net\/uploads\/2023\/02\/eating-dinner-2021-09-02-16-31-49-utc-scaled.jpg?auto=format%2Ccompress&fit=crop&h=683&ixlib=php-3.3.0&w=1024&s=8cddf789f05fe3dbf906465c37146a5d 1024w, https:\/\/miresiblog.imgix.net\/uploads\/2023\/02\/eating-dinner-2021-09-02-16-31-49-utc-scaled.jpg?auto=format%2Ccompress&fit=crop&h=200&ixlib=php-3.3.0&w=300&s=bb3c1af6abc00a23e8d0cbbfaf5c86e7 300w, https:\/\/miresiblog.imgix.net\/uploads\/2023\/02\/eating-dinner-2021-09-02-16-31-49-utc-scaled.jpg?auto=format%2Ccompress&fit=crop&h=512&ixlib=php-3.3.0&w=768&s=d8cae4c7b24ef3344188f6c3a366335a 768w, https:\/\/miresiblog.imgix.net\/uploads\/2023\/02\/eating-dinner-2021-09-02-16-31-49-utc-scaled.jpg?auto=format%2Ccompress&fit=crop&h=1024&ixlib=php-3.3.0&w=1536&s=ae6f9c771ddf0524edcfcfebe5f60352 1536w, https:\/\/miresiblog.imgix.net\/uploads\/2023\/02\/eating-dinner-2021-09-02-16-31-49-utc-scaled.jpg?auto=format%2Ccompress&fit=crop&h=1365&ixlib=php-3.3.0&w=2048&s=4a857efdfc81352fcde857a24e2427b1 2048w, https:\/\/miresiblog.imgix.net\/uploads\/2023\/02\/eating-dinner-2021-09-02-16-31-49-utc-scaled.jpg?auto=format%2Ccompress&fit=crop&h=240&ixlib=php-3.3.0&w=360&s=0cf5150e3bf9cbf589bb02ee0a6344c7 360w, https:\/\/miresiblog.imgix.net\/uploads\/2023\/02\/eating-dinner-2021-09-02-16-31-49-utc-scaled.jpg?auto=format%2Ccompress&ixlib=php-3.3.0&w=900&s=92ceb2d0c47889a8a4a5ec1b9dfde2ad 900w\" sizes=\"(max-width: 1024px) 100vw, 1024px\" \/><\/figure>\n<\/div>\n\n\n<h3 class=\"wp-block-heading\"><strong>3.3. Centro de D\u00eda Stima Embajadores<\/strong><\/h3>\n\n\n\n<p><a href=\"https:\/\/miresi.es\/centros-de-dia-madrid\/madrid\/centro-de-dia-stima-embajadores\/?utm_source=blog\"  title=\"\"  title=\"\">El Centro De D\u00eda Stima Embajadores<\/a> ofrece modernas y espaciosas instalaciones, techos altos y grandes ventanales. Se encuentra en una zona muy tranquila, pero con f\u00e1cil acceso a la calle Embajadores.\u00a0<\/p>\n\n\n\n<p>Dispone de dos amplias salas para diferentes actividades, un gran <strong>gimnasio bien equipado<\/strong> y una sala de <strong>estimulaci\u00f3n multisensorial<\/strong>, lo que lo convierte en el primer centro de d\u00eda de Madrid en contar con estas salas especiales.\u00a0<\/p>\n\n\n\n<p>Para aquellos mayores a los que les gusten las plantas, tambi\u00e9n disponen de un peque\u00f1o huerto urbano para que puedan disfrutar de ello.<\/p>\n\n\n<div class=\"wp-block-image\">\n<figure class=\"aligncenter size-large\"><img decoding=\"async\" width=\"1024\" height=\"862\" src=\"https:\/\/miresi.es\/blog\/wp-content\/uploads\/2023\/02\/DSC_0366_-_Patricia_Del_Barco.jpg-1024x862.webp\" alt=\"mejores-centros-de-dia-en-madrid\" class=\"wp-image-18473\" srcset=\"https:\/\/static.blog.miresi.es\/uploads\/2023\/02\/DSC_0366_-_Patricia_Del_Barco.jpg-1024x862.webp 1024w, https:\/\/static.blog.miresi.es\/uploads\/2023\/02\/DSC_0366_-_Patricia_Del_Barco.jpg-300x253.webp 300w, https:\/\/static.blog.miresi.es\/uploads\/2023\/02\/DSC_0366_-_Patricia_Del_Barco.jpg-768x647.webp 768w, https:\/\/static.blog.miresi.es\/uploads\/2023\/02\/DSC_0366_-_Patricia_Del_Barco.jpg-360x303.webp 360w, https:\/\/static.blog.miresi.es\/uploads\/2023\/02\/DSC_0366_-_Patricia_Del_Barco.jpg.webp 1140w\" sizes=\"(max-width: 1024px) 100vw, 1024px\" \/><\/figure>\n<\/div>\n\n\n<p>En este art\u00edculo, desde miResi te contamos cu\u00e1les son los mejores Centros de D\u00eda que hay en Madrid para nuestros mayores y c\u00f3mo les puede ayudar.<\/p>\n\n\n\n<p>Por ello, si crees que tu mayor se ha convertido en una persona algo dependiente, en <a href=\"http:\/\/miresi.es\/\"  title=\"\"  title=\"\"><strong>miResi<\/strong><\/a> podemos ayudarte. Sabemos que encontrar un centro de mayores que m\u00e1s se acerque a las necesidades de tu mayor no es para nada sencillo. Es por esto que <strong>nuestro equipo hace una gran labor<\/strong> ayudando a miles de familias para encontrar la residencia id\u00f3nea. <strong>Escr\u00edbenos o ll\u00e1manos <\/strong>y te atenderemos de manera personalizada,\u00a0 sin compromiso y de forma completamente gratuita.\u00a0<\/p>\n\n\n\n<div class=\"wp-block-buttons is-layout-flex wp-block-buttons-is-layout-flex\">\n<div class=\"wp-block-button aligncenter\"><a href=\"https:\/\/miresi.es\/buscador\/?utm_source=blog\"  >Encuentra tu centro de d\u00eda ideal<\/a><\/div>\n<\/div>\n\n\n\n<p><\/p>\n\n\n\n<p>Fuentes:<\/p>\n\n\n\n<p>TeleAsistencia: <a href=\"https:\/\/teleasistencia.es\/es\/blog\/asesoramiento-para-la-tercera-edad\/que-es-un-centro-de-dia-para-personas-mayores\"  target=\"_blank\" rel=\"external nofollow\"  title=\"\"  class=\"wp-links-icon\">https:\/\/teleasistencia.es\/es\/blog\/asesoramiento-para-la-tercera-edad\/que-es-un-centro-de-dia-para-personas-mayores<\/a><\/p>\n<div style='text-align:center' class='yasr-auto-insert-visitor'><!--Yasr Visitor Votes Shortcode--><div id='yasr_visitor_votes_166427f229b3e' class='yasr-visitor-votes'><div class=\"yasr-custom-text-vv-before yasr-custom-text-vv-before-18189\">\u00a1Haz clic para puntuar esta entrada!<\/div><div id='yasr-vv-second-row-container-166427f229b3e'\r\n                                        class='yasr-vv-second-row-container'><div id='yasr-visitor-votes-rater-166427f229b3e'\r\n                                      class='yasr-rater-stars-vv'\r\n                                      data-rater-postid='18189'\r\n                                      data-rating='0'\r\n                                      data-rater-starsize='32'\r\n                                      data-rater-readonly='false'\r\n                                      data-rater-nonce='df9b54cd3f'\r\n                                      data-issingular='false'\r\n                                    ><\/div><div class=\"yasr-vv-stats-text-container\" id=\"yasr-vv-stats-text-container-166427f229b3e\"><svg xmlns=\"https:\/\/www.w3.org\/2000\/svg\" width=\"20\" height=\"20\"\r\n                                   class=\"yasr-dashicons-visitor-stats\"\r\n                                   data-postid=\"18189\"\r\n                                   id=\"yasr-stats-dashicon-166427f229b3e\">\r\n                                   <path d=\"M18 18v-16h-4v16h4zM12 18v-11h-4v11h4zM6 18v-8h-4v8h4z\"><\/path>\r\n                               <\/svg><span id=\"yasr-vv-text-container-166427f229b3e\" class=\"yasr-vv-text-container\"> (Votos: <span id=\"yasr-vv-votes-number-container-166427f229b3e\">0<\/span>  Promedio: <span id=\"yasr-vv-average-container-166427f229b3e\">0<\/span>)<\/span><\/div><div id='yasr-vv-loader-166427f229b3e' class='yasr-vv-container-loader'><\/div><\/div><div id='yasr-vv-bottom-container-166427f229b3e'\r\n                              class='yasr-vv-bottom-container'\r\n                              style='display:none'><\/div><\/div><!--End Yasr Visitor Votes Shortcode--><\/div>","protected":false},"excerpt":{"rendered":"<p>Nuestros mayores en muchas ocasiones deciden pasar el d\u00eda en un centro de d\u00eda ya&#8230;<\/p>\n","protected":false},"author":16,"featured_media":18476,"comment_status":"open","ping_status":"open","sticky":false,"template":"","format":"standard","meta":{"yasr_overall_rating":0,"yasr_post_is_review":"","yasr_auto_insert_disabled":"","yasr_review_type":"","footnotes":""},"categories":[386,363],"tags":[286,296,298,31,28],"class_list":["post-18189","post","type-post","status-publish","format-standard","has-post-thumbnail","hentry","category-bienestar","category-centros-de-dia","tag-bienestar-personas-mayores","tag-centros-de-dia","tag-centros-de-dia-en-madrid","tag-salud-en-la-vejez","tag-tercera-edad"],"yasr_visitor_votes":{"stars_attributes":{"read_only":false,"span_bottom":false},"number_of_votes":0,"sum_votes":0},"_links":{"self":[{"href":"https:\/\/miresi.es\/blog\/wp-json\/wp\/v2\/posts\/18189","targetHints":{"allow":["GET"]}}],"collection":[{"href":"https:\/\/miresi.es\/blog\/wp-json\/wp\/v2\/posts"}],"about":[{"href":"https:\/\/miresi.es\/blog\/wp-json\/wp\/v2\/types\/post"}],"author":[{"embeddable":true,"href":"https:\/\/miresi.es\/blog\/wp-json\/wp\/v2\/users\/16"}],"replies":[{"embeddable":true,"href":"https:\/\/miresi.es\/blog\/wp-json\/wp\/v2\/comments?post=18189"}],"version-history":[{"count":13,"href":"https:\/\/miresi.es\/blog\/wp-json\/wp\/v2\/posts\/18189\/revisions"}],"predecessor-version":[{"id":20516,"href":"https:\/\/miresi.es\/blog\/wp-json\/wp\/v2\/posts\/18189\/revisions\/20516"}],"wp:featuredmedia":[{"embeddable":true,"href":"https:\/\/miresi.es\/blog\/wp-json\/wp\/v2\/media\/18476"}],"wp:attachment":[{"href":"https:\/\/miresi.es\/blog\/wp-json\/wp\/v2\/media?parent=18189"}],"wp:term":[{"taxonomy":"category","embeddable":true,"href":"https:\/\/miresi.es\/blog\/wp-json\/wp\/v2\/categories?post=18189"},{"taxonomy":"post_tag","embeddable":true,"href":"https:\/\/miresi.es\/blog\/wp-json\/wp\/v2\/tags?post=18189"}],"curies":[{"name":"wp","href":"https:\/\/api.w.org\/{rel}","templated":true}]}}