{"id":18897,"date":"2023-04-13T10:42:36","date_gmt":"2023-04-13T09:42:36","guid":{"rendered":"https:\/\/miresi.es\/blog\/?p=18897"},"modified":"2026-04-23T18:00:02","modified_gmt":"2026-04-23T17:00:02","slug":"que-enfermedad-causa-la-piel-amarilla-en-los-mayores","status":"publish","type":"post","link":"https:\/\/miresi.es\/blog\/que-enfermedad-causa-la-piel-amarilla-en-los-mayores\/","title":{"rendered":"\u00bfQu\u00e9 enfermedad causa la piel amarilla en los mayores?"},"content":{"rendered":"\n<p>Cuando se tiene la piel amarilla, significa que el mayor tiene ictericia, como explican desde la <a href=\"https:\/\/www.mayoclinic.org\/es-es\"  target=\"_blank\" rel=\"external nofollow\"   class=\"wp-links-icon\">Cl\u00ednica Mayo<\/a>. Esta coloraci\u00f3n amarilla, que aparte de la piel tambi\u00e9n aparece en las mucosas y ojos, es ocasionada por la bilirrubina. Si bien no se trata de una enfermedad si es un signo que advierte de otras dolencias, algunas de ellas de gravedad.<\/p>\n\n\n\n<p>Identificar este s\u00edntoma en las personas mayores, aunque sea leve, es importante porque puede estar enmascarando otras enfermedades relacionadas con el h\u00edgado, la ves\u00edcula biliar o el p\u00e1ncreas.\u00a0 Para poder cuidar y estar al tanto de la salud de las personas mayores, una de las mejores opciones es contar con el servicio de <a href=\"https:\/\/miresi.es\/en-casa-centro-de-dia-o-residencia\/\"  >cuidado a domicilio<\/a>. Por ello desde <a href=\"https:\/\/miresi.es\/\"  >miResi<\/a> te ofrecemos asesor\u00eda gratis sobre las opciones de este servicio para garantizar el bienestar del adulto mayor en la comodidad del hogar.\u00a0<\/p>\n\n\n\n<figure class=\"wp-block-image size-large\"><img decoding=\"async\" width=\"1024\" height=\"683\" src=\"https:\/\/miresi.es\/blog\/wp-content\/uploads\/2023\/04\/mujer-mayor-panuelo-campo-1024x683.jpg\" alt=\"La coloraci\u00f3n amarilla de la piel puede ser s\u00edntoma de distintas enfermedades.\" class=\"wp-image-18899\" srcset=\"https:\/\/miresiblog.imgix.net\/uploads\/2023\/04\/mujer-mayor-panuelo-campo-scaled.jpg?auto=format%2Ccompress&fit=crop&h=683&ixlib=php-3.3.0&w=1024&s=007e215206f3b53f0035dc61e64d960e 1024w, https:\/\/miresiblog.imgix.net\/uploads\/2023\/04\/mujer-mayor-panuelo-campo-scaled.jpg?auto=format%2Ccompress&fit=crop&h=200&ixlib=php-3.3.0&w=300&s=8e2ac02c963183a1bbc5694fc6a85303 300w, https:\/\/miresiblog.imgix.net\/uploads\/2023\/04\/mujer-mayor-panuelo-campo-scaled.jpg?auto=format%2Ccompress&fit=crop&h=512&ixlib=php-3.3.0&w=768&s=917a4ae4ff26b1bab41643371f37c24d 768w, https:\/\/miresiblog.imgix.net\/uploads\/2023\/04\/mujer-mayor-panuelo-campo-scaled.jpg?auto=format%2Ccompress&fit=crop&h=1024&ixlib=php-3.3.0&w=1536&s=9b8e4ea254bc5fdff7f1053addad192b 1536w, https:\/\/miresiblog.imgix.net\/uploads\/2023\/04\/mujer-mayor-panuelo-campo-scaled.jpg?auto=format%2Ccompress&fit=crop&h=1365&ixlib=php-3.3.0&w=2048&s=c25f4585fa76526650bcad3786825147 2048w, https:\/\/miresiblog.imgix.net\/uploads\/2023\/04\/mujer-mayor-panuelo-campo-scaled.jpg?auto=format%2Ccompress&fit=crop&h=240&ixlib=php-3.3.0&w=360&s=6b1c17e76233c617590958bb81e4520c 360w, https:\/\/miresiblog.imgix.net\/uploads\/2023\/04\/mujer-mayor-panuelo-campo-scaled.jpg?auto=format%2Ccompress&ixlib=php-3.3.0&w=900&s=79285eb266c58d9f95c0e456ca9bc609 900w\" sizes=\"(max-width: 1024px) 100vw, 1024px\" \/><figcaption class=\"wp-element-caption\">La coloraci\u00f3n amarilla de la piel puede ser s\u00edntoma de distintas enfermedades.<\/figcaption><\/figure>\n\n\n\n<div class=\"wp-block-buttons is-layout-flex wp-block-buttons-is-layout-flex\">\n<div class=\"wp-block-button aligncenter\"><a href=\"https:\/\/miresi.es\/buscador\/\"  >SOLICITA AYUDA GRATIS<\/a><\/div>\n<\/div>\n\n\n\n<h2 class=\"wp-block-heading\"><strong>\u00bfQue es la ictericia o piel amarilla?<\/strong><\/h2>\n\n\n\n<p>La coloraci\u00f3n amarilla en la piel usualmente es producto de la acumulaci\u00f3n de un exceso de bilirrubina en el cuerpo. Cuando este no logra deshacerse de la bilirrubina de forma apropiada aparece la ictericia.\u00a0<\/p>\n\n\n\n<p>De forma m\u00e1s detallada, la bilirrubina se produce despu\u00e9s de que los gl\u00f3bulos rojos (que transportan el ox\u00edgeno) mueren o se descomponen como parte del proceso normal de renovaci\u00f3n. Esta bilirrubina pasa al h\u00edgado a trav\u00e9s del torrente sangu\u00edneo y es excretada a trav\u00e9s de la bilis (que produce el h\u00edgado), pasando al tubo digestivo. De esta forma, gran parte de la bilirrubina se elimina del organismo a trav\u00e9s de las heces y el resto a trav\u00e9s de la orina.<\/p>\n\n\n\n<p>Cuando la bilirrubina no logra ser eliminada a trav\u00e9s de las v\u00edas biliares del h\u00edgado de forma eficiente y r\u00e1pida, se acumula en la sangre. Y posteriormente se deposita en la piel, dando como resultado esa tonalidad amarillenta caracter\u00edstica de la ictericia.<\/p>\n\n\n\n<p>Cuando una persona mayor tiene ictericia, es probable que tambi\u00e9n presente una orina oscura, mientras las heces sean de color m\u00e1s claro al habitual. Este cambio es ocasionado precisamente porque existe un problema que est\u00e1 ocasionado que la bilirrubina no pueda ser eliminada a trav\u00e9s de las heces, por lo que el cuerpo busca eliminar parte de la misma a trav\u00e9s de la orina.<\/p>\n\n\n\n<h2 class=\"wp-block-heading\">Causas de la ictericia o piel amarilla\u00a0<\/h2>\n\n\n\n<p>Las afecciones que pueden estar ocasionando esta coloraci\u00f3n amarilla en los mayores, son de distinta gravedad. Incluso aunque aparezca como un s\u00edntoma leve, casi imperceptible, es importante obtener un diagn\u00f3stico, pues podr\u00eda tratarse de:\u00a0\u00a0<\/p>\n\n\n\n<ul class=\"wp-block-list\">\n<li>Infecci\u00f3n del h\u00edgado v\u00edrica (<a href=\"https:\/\/miresi.es\/blog\/cuales-son-los-sintomas-de-hepatitis-en-los-mayores\/?utm_source=blog\"  title=\"hepatitis\"  title=\"hepatitis\">hepatitis<\/a> A, B, C, D y E) o parasitaria.<\/li>\n\n\n\n<li>Cirrosis o enfermedad cr\u00f3nica del h\u00edgado.<\/li>\n\n\n\n<li>C\u00e1lculos biliares o trastornos de la ves\u00edcula biliar<\/li>\n\n\n\n<li>Trastornos sangu\u00edneos<\/li>\n\n\n\n<li>C\u00e1ncer de p\u00e1ncreas\u00a0<\/li>\n\n\n\n<li>Uso o reacciones a f\u00e1rmacos<\/li>\n\n\n\n<li>Exposici\u00f3n a sustancias t\u00f3xicas\u00a0<\/li>\n<\/ul>\n\n\n\n<p>Adem\u00e1s de la piel amarilla, la ictericia en los adultos mayores tambi\u00e9n puede manifestarse con picores persistentes en todo el cuerpo. Un signo que tambi\u00e9n debe tomarse en consideraci\u00f3n, especialmente porque si la coloraci\u00f3n amarilla de la piel y ojos es leve se puede pasar por alto. La combinaci\u00f3n de ambos ser\u00eda un\u00a0 indicativo de ictericia en los mayores y por ende de que existe un problema de salud que no ha sido atendido.\u00a0\u00a0<\/p>\n\n\n\n<figure class=\"wp-block-image size-large\"><img decoding=\"async\" width=\"1024\" height=\"683\" src=\"https:\/\/miresi.es\/blog\/wp-content\/uploads\/2023\/04\/doctora-hombre-mayor-presion-1024x683.jpg\" alt=\"Es importante buscar un diagn\u00f3stico m\u00e9dico cuando se presenta la ictericia en mayores.\" class=\"wp-image-18900\" srcset=\"https:\/\/miresiblog.imgix.net\/uploads\/2023\/04\/doctora-hombre-mayor-presion-scaled.jpg?auto=format%2Ccompress&fit=crop&h=683&ixlib=php-3.3.0&w=1024&s=0af7c7aa35b2dee0045ddd492aa7ac56 1024w, https:\/\/miresiblog.imgix.net\/uploads\/2023\/04\/doctora-hombre-mayor-presion-scaled.jpg?auto=format%2Ccompress&fit=crop&h=200&ixlib=php-3.3.0&w=300&s=bf0ce7ca3d1975c168adb98088c9c0cc 300w, https:\/\/miresiblog.imgix.net\/uploads\/2023\/04\/doctora-hombre-mayor-presion-scaled.jpg?auto=format%2Ccompress&fit=crop&h=512&ixlib=php-3.3.0&w=768&s=ecca9fce5584966fbedf61f6acd82306 768w, https:\/\/miresiblog.imgix.net\/uploads\/2023\/04\/doctora-hombre-mayor-presion-scaled.jpg?auto=format%2Ccompress&fit=crop&h=1024&ixlib=php-3.3.0&w=1536&s=3f044c5c5a6dbd102ee5720955f70de9 1536w, https:\/\/miresiblog.imgix.net\/uploads\/2023\/04\/doctora-hombre-mayor-presion-scaled.jpg?auto=format%2Ccompress&fit=crop&h=1365&ixlib=php-3.3.0&w=2048&s=909dc71ba508555f17c19aa14dec4248 2048w, https:\/\/miresiblog.imgix.net\/uploads\/2023\/04\/doctora-hombre-mayor-presion-scaled.jpg?auto=format%2Ccompress&fit=crop&h=240&ixlib=php-3.3.0&w=360&s=3aa50a6074db20d942cc258a1a2eeb32 360w, https:\/\/miresiblog.imgix.net\/uploads\/2023\/04\/doctora-hombre-mayor-presion-scaled.jpg?auto=format%2Ccompress&ixlib=php-3.3.0&w=900&s=2505c4dfcd2cc38b5016507065a97a8a 900w\" sizes=\"(max-width: 1024px) 100vw, 1024px\" \/><figcaption class=\"wp-element-caption\">Es importante buscar un diagn\u00f3stico m\u00e9dico cuando se presenta la ictericia en mayores.<\/figcaption><\/figure>\n\n\n\n<h2 class=\"wp-block-heading\">Atender los signos en los mayores<\/h2>\n\n\n\n<p>Debido a la vinculaci\u00f3n de la ictericia o piel amarilla en los mayores con distintas enfermedades, lo fundamental es estar atentos a este s\u00edntoma, para dar con la causa por la que el cuerpo est\u00e1 teniendo dificultades para deshacerse de la bilirrubina.<\/p>\n\n\n\n<p>Una de las opciones para estar vigilantes de la salud de los mayores es el cuidado a domicilio, por el que optan muchas familias. De esta forma pueden estar seguros de que este u otros s\u00edntomas no pasar\u00e1n desapercibidos. Otra de las opciones para garantizar el bienestar del mayor es la asistencia a <a href=\"https:\/\/miresi.es\/blog\/conoces-los-tipos-de-servicios-en-centros-de-dia\/?utm_source=blog\"  >los Centros de d\u00eda<\/a>. En ellos, el cuidado y contacto diario facilita la detecci\u00f3n temprana de distintas afecciones para que puedan ser tratados por especialistas.\u00a0<\/p>\n\n\n\n<p>En <a href=\"https:\/\/miresi.es\/\"  ><strong>miResi<\/strong><\/a> estamos para ofrecerte asesoramiento gratis sobre las distintas opciones de servicio a domicilio o Centros de d\u00eda que m\u00e1s se ajustan a tus necesidades cuando se trata de garantizar la calidad de vida de tu ser querido. <a href=\"https:\/\/miresi.es\/buscador\/\"  ><strong>Contacta con nosotros<\/strong><\/a> y te atenderemos \u2013gratis\u2013 de forma personalizada.<\/p>\n\n\n\n<div class=\"wp-block-buttons is-layout-flex wp-block-buttons-is-layout-flex\">\n<div class=\"wp-block-button aligncenter\"><a href=\"https:\/\/miresi.es\/buscador\/\"  >SOLICITA ASESORIA GRATIS<\/a><\/div>\n<\/div>\n<div style='text-align:center' class='yasr-auto-insert-visitor'><!--Yasr Visitor Votes Shortcode--><div id='yasr_visitor_votes_698ada3fa963b' class='yasr-visitor-votes'><div class=\"yasr-custom-text-vv-before yasr-custom-text-vv-before-18897\">\u00a1Haz clic para puntuar esta entrada!<\/div><div id='yasr-vv-second-row-container-698ada3fa963b'\r\n                                        class='yasr-vv-second-row-container'><div id='yasr-visitor-votes-rater-698ada3fa963b'\r\n                                      class='yasr-rater-stars-vv'\r\n                                      data-rater-postid='18897'\r\n                                      data-rating='0'\r\n                                      data-rater-starsize='32'\r\n                                      data-rater-readonly='false'\r\n                                      data-rater-nonce='8fd90f1bfe'\r\n                                      data-issingular='false'\r\n                                    ><\/div><div class=\"yasr-vv-stats-text-container\" id=\"yasr-vv-stats-text-container-698ada3fa963b\"><svg xmlns=\"https:\/\/www.w3.org\/2000\/svg\" width=\"20\" height=\"20\"\r\n                                   class=\"yasr-dashicons-visitor-stats\"\r\n                                   data-postid=\"18897\"\r\n                                   id=\"yasr-stats-dashicon-698ada3fa963b\">\r\n                                   <path d=\"M18 18v-16h-4v16h4zM12 18v-11h-4v11h4zM6 18v-8h-4v8h4z\"><\/path>\r\n                               <\/svg><span id=\"yasr-vv-text-container-698ada3fa963b\" class=\"yasr-vv-text-container\"> (Votos: <span id=\"yasr-vv-votes-number-container-698ada3fa963b\">0<\/span>  Promedio: <span id=\"yasr-vv-average-container-698ada3fa963b\">0<\/span>)<\/span><\/div><div id='yasr-vv-loader-698ada3fa963b' class='yasr-vv-container-loader'><\/div><\/div><div id='yasr-vv-bottom-container-698ada3fa963b'\r\n                              class='yasr-vv-bottom-container'\r\n                              style='display:none'><\/div><\/div><!--End Yasr Visitor Votes Shortcode--><\/div>","protected":false},"excerpt":{"rendered":"<p>La piel amarilla en los mayores es un s\u00edntoma de distintas enfermedades, algunas de gravedad. Atender a esta se\u00f1al es importante para buscar tratamiento.<\/p>\n","protected":false},"author":18,"featured_media":18898,"comment_status":"open","ping_status":"open","sticky":false,"template":"","format":"standard","meta":{"yasr_overall_rating":0,"yasr_post_is_review":"","yasr_auto_insert_disabled":"","yasr_review_type":"","footnotes":""},"categories":[12,366],"tags":[286,77,609,440,31,28],"class_list":["post-18897","post","type-post","status-publish","format-standard","has-post-thumbnail","hentry","category-patologias","category-salud","tag-bienestar-personas-mayores","tag-cuidado-de-personas-mayores","tag-patologias","tag-salud","tag-salud-en-la-vejez","tag-tercera-edad"],"yasr_visitor_votes":{"stars_attributes":{"read_only":false,"span_bottom":false},"number_of_votes":0,"sum_votes":0},"_links":{"self":[{"href":"https:\/\/miresi.es\/blog\/wp-json\/wp\/v2\/posts\/18897","targetHints":{"allow":["GET"]}}],"collection":[{"href":"https:\/\/miresi.es\/blog\/wp-json\/wp\/v2\/posts"}],"about":[{"href":"https:\/\/miresi.es\/blog\/wp-json\/wp\/v2\/types\/post"}],"author":[{"embeddable":true,"href":"https:\/\/miresi.es\/blog\/wp-json\/wp\/v2\/users\/18"}],"replies":[{"embeddable":true,"href":"https:\/\/miresi.es\/blog\/wp-json\/wp\/v2\/comments?post=18897"}],"version-history":[{"count":6,"href":"https:\/\/miresi.es\/blog\/wp-json\/wp\/v2\/posts\/18897\/revisions"}],"predecessor-version":[{"id":20469,"href":"https:\/\/miresi.es\/blog\/wp-json\/wp\/v2\/posts\/18897\/revisions\/20469"}],"wp:featuredmedia":[{"embeddable":true,"href":"https:\/\/miresi.es\/blog\/wp-json\/wp\/v2\/media\/18898"}],"wp:attachment":[{"href":"https:\/\/miresi.es\/blog\/wp-json\/wp\/v2\/media?parent=18897"}],"wp:term":[{"taxonomy":"category","embeddable":true,"href":"https:\/\/miresi.es\/blog\/wp-json\/wp\/v2\/categories?post=18897"},{"taxonomy":"post_tag","embeddable":true,"href":"https:\/\/miresi.es\/blog\/wp-json\/wp\/v2\/tags?post=18897"}],"curies":[{"name":"wp","href":"https:\/\/api.w.org\/{rel}","templated":true}]}}