{"id":18905,"date":"2023-04-14T16:31:59","date_gmt":"2023-04-14T15:31:59","guid":{"rendered":"https:\/\/miresi.es\/blog\/?p=18905"},"modified":"2026-04-23T18:00:00","modified_gmt":"2026-04-23T17:00:00","slug":"por-que-se-producen-cambios-en-el-olor-corporal-de-los-mayores","status":"publish","type":"post","link":"https:\/\/miresi.es\/blog\/por-que-se-producen-cambios-en-el-olor-corporal-de-los-mayores\/","title":{"rendered":"\u00bfPor qu\u00e9 se producen cambios en el olor corporal de los mayores?"},"content":{"rendered":"\n<p>Dicen que el olfato es el sentido m\u00e1s poderoso y evocador de recuerdos, y es que puede transportarnos a un momento espec\u00edfico en el tiempo. Pero, \u00bfalguna vez te has preguntado si nuestro olor corporal cambia con el paso de los a\u00f1os? Las personas mayores tienen un aroma particular y no precisamente por falta de higiene. Se trata de la propia piel. En <strong><a href=\"https:\/\/miresi.es\/?utm_source=blog\"  title=\"miResi\"  title=\"miResi\">miResi<\/a><\/strong> te contamos <strong>por qu\u00e9 se producen cambios en el olor corporal de los mayores<\/strong> y te aclaramos esta gran cuesti\u00f3n.<\/p>\n\n\n\n<p>Aunque comienza a desarrollarse gradualmente desde los 30, es a<strong> partir de los 60 a\u00f1os cuando m\u00e1s se percibe el olor corporal<\/strong>. En nuestra sociedad parece considerarse como un aspecto negativo, dado que se suele asociar al sudor o la falta de aseo personal. No obstante, este aroma se produce por causa natural del propio envejecimiento y, m\u00e1s concretamente, por la conocida <strong>mol\u00e9cula 2-nonenal<\/strong>.<\/p>\n\n\n\n<p>En <strong>miResi<\/strong> nos importa la salud y bienestar de tu ser querido. Por eso, te ayudamos ofreci\u00e9ndote las residencias de mayores, centros de d\u00eda o cuidados a domicilio que mejor se adapten a sus necesidades. Nuestro equipo de profesionales estar\u00e1 encantado de escucharte y asesorarte de <strong>forma personalizada y totalmente gratuita<\/strong>.<\/p>\n\n\n\n<div class=\"wp-block-buttons is-layout-flex wp-block-buttons-is-layout-flex\">\n<div class=\"wp-block-button aligncenter\"><a href=\"https:\/\/miresi.es\/buscador\/?utm_source=blog\"  >SOLICITA AYUDA GRATIS<\/a><\/div>\n<\/div>\n\n\n\n<div style=\"height:10px\" aria-hidden=\"true\" class=\"wp-block-spacer\"><\/div>\n\n\n\n<h2 class=\"wp-block-heading\">\u00bfC\u00f3mo cambia el olor corporal con la edad?<\/h2>\n\n\n\n<p>De acuerdo con afirmaciones procedentes del <strong><a href=\"https:\/\/www.csic.es\/es\"  target=\"_blank\" rel=\"external nofollow\"  target=\"_blank\" title=\"Consejo Superior de Investigaciones Cient\u00edficas (CSIC)\"  class=\"wp-links-icon\">Consejo Superior de Investigaciones Cient\u00edficas (CSIC)<\/a><\/strong>, los cambios hormonales de la madurez provocan un aumento en la producci\u00f3n de l\u00edpidos en la epidermis, la capa superficial de la piel. Paralelamente, se reduce nuestra capacidad antioxidante natural y, como resultado, aumenta de manera exponencial la <strong>peroxidaci\u00f3n lip\u00eddica<\/strong> y el cuerpo huele cada vez peor.<\/p>\n\n\n\n<p>Y te preguntar\u00e1s, \u00bfqu\u00e9 es la peroxidaci\u00f3n lip\u00eddica? Se trata de un proceso del que ninguno podemos escapar, ya que se genera con la edad. En nuestra piel podemos encontrar una barrera lip\u00eddica que nos protege del exterior. Sin embargo, los cambios hormonales que se ocasionan con el paso de los a\u00f1os aumentan la producci\u00f3n de \u00e1cidos grasos en la piel. En consecuencia, aparece la <strong>2-nonenal<\/strong>, la principal culpable que da respuesta a por qu\u00e9 var\u00eda el olor corporal de los mayores.<\/p>\n\n\n\n<figure class=\"wp-block-image size-large\"><img decoding=\"async\" width=\"1024\" height=\"683\" src=\"https:\/\/miresi.es\/blog\/wp-content\/uploads\/2023\/04\/close-up-of-hands-of-a-elderly-person-2022-11-18-00-09-52-utc-1-1024x683.jpg\" alt=\"Cambios en el olor corporal de los mayores\" class=\"wp-image-18908\" srcset=\"https:\/\/miresiblog.imgix.net\/uploads\/2023\/04\/close-up-of-hands-of-a-elderly-person-2022-11-18-00-09-52-utc-1-scaled.jpg?auto=format%2Ccompress&fit=crop&h=683&ixlib=php-3.3.0&w=1024&s=095103f024786c728f64fd31d9247130 1024w, https:\/\/miresiblog.imgix.net\/uploads\/2023\/04\/close-up-of-hands-of-a-elderly-person-2022-11-18-00-09-52-utc-1-scaled.jpg?auto=format%2Ccompress&fit=crop&h=200&ixlib=php-3.3.0&w=300&s=ca1a2eea3c6b7971c083ba882a04769a 300w, https:\/\/miresiblog.imgix.net\/uploads\/2023\/04\/close-up-of-hands-of-a-elderly-person-2022-11-18-00-09-52-utc-1-scaled.jpg?auto=format%2Ccompress&fit=crop&h=512&ixlib=php-3.3.0&w=768&s=c915f6e854622056d58921d8d2aebeb2 768w, https:\/\/miresiblog.imgix.net\/uploads\/2023\/04\/close-up-of-hands-of-a-elderly-person-2022-11-18-00-09-52-utc-1-scaled.jpg?auto=format%2Ccompress&fit=crop&h=1025&ixlib=php-3.3.0&w=1536&s=8b6430648a1efc227c8d6b040ed5c3da 1536w, https:\/\/miresiblog.imgix.net\/uploads\/2023\/04\/close-up-of-hands-of-a-elderly-person-2022-11-18-00-09-52-utc-1-scaled.jpg?auto=format%2Ccompress&fit=crop&h=1367&ixlib=php-3.3.0&w=2048&s=97828740581d72207639f0b9f73aa368 2048w, https:\/\/miresiblog.imgix.net\/uploads\/2023\/04\/close-up-of-hands-of-a-elderly-person-2022-11-18-00-09-52-utc-1-scaled.jpg?auto=format%2Ccompress&fit=crop&h=240&ixlib=php-3.3.0&w=360&s=6a4e91ffcc37638aee266f82695916e5 360w, https:\/\/miresiblog.imgix.net\/uploads\/2023\/04\/close-up-of-hands-of-a-elderly-person-2022-11-18-00-09-52-utc-1-scaled.jpg?auto=format%2Ccompress&ixlib=php-3.3.0&w=899&s=6d648cfca60f32684d9dcc9b393cb2b2 899w\" sizes=\"(max-width: 1024px) 100vw, 1024px\" \/><figcaption class=\"wp-element-caption\">La mol\u00e9cula 2-nonenal es la principal causante del olor corporal en la vejez<\/figcaption><\/figure>\n\n\n\n<h2 class=\"wp-block-heading\">Enfermedades que pueden provocar cambios en el olor corporal de los mayores<\/h2>\n\n\n\n<p>Algunas patolog\u00edas tambi\u00e9n pueden provocar cambios en el olor corporal de los mayores, como la diabetes, las enfermedades renales o hep\u00e1ticas y las infecciones por hongos.<\/p>\n\n\n\n<p>La <strong>diabetes<\/strong>, por ejemplo, puede causar una sudoraci\u00f3n excesiva y un aroma dulce o afrutado en la piel. Mientras que, en el caso de las <strong>enfermedades renales<\/strong>, puede apreciarse un olor a amon\u00edaco.<\/p>\n\n\n\n<h2 class=\"wp-block-heading\">La p\u00e9rdida de la capacidad olfativa influye en el olor corporal de los mayores<\/h2>\n\n\n\n<p>Otra raz\u00f3n por la que se producen cambios en el olor corporal de los mayores podr\u00eda deberse a la <strong>p\u00e9rdida del sentido olfativo en la vejez<\/strong>. El deterioro de los ancianos no solamente se percibe f\u00edsicamente, sino tambi\u00e9n en el aspecto mental. Con el paso de los a\u00f1os comienzan a degenerarse las capacidades sensoriales, especialmente el <strong>sentido del olfato <\/strong>y del gusto.<\/p>\n\n\n\n<figure class=\"wp-block-image size-large\"><img decoding=\"async\" width=\"1024\" height=\"682\" src=\"https:\/\/miresi.es\/blog\/wp-content\/uploads\/2023\/04\/senior-woman-by-the-window-smelling-bouquet-of-daf-2021-08-26-12-08-26-utc-1-1024x682.jpg\" alt=\"Cambios en el olor corporal de los mayores\" class=\"wp-image-18909\" srcset=\"https:\/\/miresiblog.imgix.net\/uploads\/2023\/04\/senior-woman-by-the-window-smelling-bouquet-of-daf-2021-08-26-12-08-26-utc-1-scaled.jpg?auto=format%2Ccompress&fit=crop&h=682&ixlib=php-3.3.0&w=1024&s=9c2056806c5d3dcacdc2959e602d6f50 1024w, https:\/\/miresiblog.imgix.net\/uploads\/2023\/04\/senior-woman-by-the-window-smelling-bouquet-of-daf-2021-08-26-12-08-26-utc-1-scaled.jpg?auto=format%2Ccompress&fit=crop&h=200&ixlib=php-3.3.0&w=300&s=3c3b29ce3ba0efc702dc29490de0e8fd 300w, https:\/\/miresiblog.imgix.net\/uploads\/2023\/04\/senior-woman-by-the-window-smelling-bouquet-of-daf-2021-08-26-12-08-26-utc-1-scaled.jpg?auto=format%2Ccompress&fit=crop&h=511&ixlib=php-3.3.0&w=768&s=39d106daf5840232d3d8b089949a5679 768w, https:\/\/miresiblog.imgix.net\/uploads\/2023\/04\/senior-woman-by-the-window-smelling-bouquet-of-daf-2021-08-26-12-08-26-utc-1-scaled.jpg?auto=format%2Ccompress&fit=crop&h=1022&ixlib=php-3.3.0&w=1536&s=30d839893d1634e63e56b73c026756f6 1536w, https:\/\/miresiblog.imgix.net\/uploads\/2023\/04\/senior-woman-by-the-window-smelling-bouquet-of-daf-2021-08-26-12-08-26-utc-1-scaled.jpg?auto=format%2Ccompress&fit=crop&h=1363&ixlib=php-3.3.0&w=2048&s=6ce4b1285fada6840db145f4aee24236 2048w, https:\/\/miresiblog.imgix.net\/uploads\/2023\/04\/senior-woman-by-the-window-smelling-bouquet-of-daf-2021-08-26-12-08-26-utc-1-scaled.jpg?auto=format%2Ccompress&fit=crop&h=240&ixlib=php-3.3.0&w=360&s=46309cd093fdb4ea7cf083ee5b7149eb 360w, https:\/\/miresiblog.imgix.net\/uploads\/2023\/04\/senior-woman-by-the-window-smelling-bouquet-of-daf-2021-08-26-12-08-26-utc-1-scaled.jpg?auto=format%2Ccompress&ixlib=php-3.3.0&w=901&s=17c6c687bd065b9e511676cf49aa433e 901w\" sizes=\"(max-width: 1024px) 100vw, 1024px\" \/><figcaption class=\"wp-element-caption\">Con el envejecimiento, el sentido del olfato se deteriora<\/figcaption><\/figure>\n\n\n\n<p>Seg\u00fan <a href=\"https:\/\/www.mayoclinic.org\/es-es\"  target=\"_blank\" rel=\"external nofollow\"  target=\"_blank\" rel=\"noopener\" title=\"Mayo Clinic\"  class=\"wp-links-icon\"><strong>Mayo Clinic<\/strong><\/a>, existe una serie de factores que pueden potenciar la p\u00e9rdida de la capacidad olfativa:<\/p>\n\n\n\n<ul class=\"wp-block-list\">\n<li><strong>Problemas nasales y sinusales<\/strong>, como alergias o sinusitis<\/li>\n\n\n\n<li><strong>Infecciones virales<\/strong>, como la gripe<\/li>\n\n\n\n<li>Coronavirus (COVID-19)<\/li>\n\n\n\n<li>Ciertos <strong>medicamentos<\/strong>, como los inhibidores de la enzima convertidora de angiotensina (<strong>ECA<\/strong>) que tratan problemas card\u00edacos, vasculares y renales<\/li>\n\n\n\n<li><strong>Lesiones en la cabeza o la cara<\/strong><\/li>\n\n\n\n<li>Enfermedades que afectan al sistema nervioso central, como el <strong>Alzheimer<\/strong> y el <strong>Parkinson<\/strong><\/li>\n<\/ul>\n\n\n\n<h2 class=\"wp-block-heading\">Consejos para mantener una buena higiene en la vejez<\/h2>\n\n\n\n<p>Muy relacionada con esta p\u00e9rdida olfativa, est\u00e1 la falta de higiene. Los mayores no son tan conscientes de su olor corporal, por lo que el aseo personal puede verse afectado de forma progresiva. <\/p>\n\n\n\n<p>Adem\u00e1s, la capacidad reducida de movimiento puede llevar a un mayor descuido. Por eso, te damos una serie de consejos para que tu mayor mantenga una buena higiene en su rutina diaria. \u00a1Toma nota!<\/p>\n\n\n\n<ul class=\"wp-block-list\">\n<li>Evita el uso de <strong>productos higi\u00e9nicos agresivos<\/strong>. La aparici\u00f3n de olores a menudo puede agudizarse por da\u00f1os en la piel.<\/li>\n\n\n\n<li>Para llevar a cabo las medidas de higiene por s\u00ed mismo, el mayor debe tener autonom\u00eda dentro de su hogar. Los <strong>asientos en la ducha<\/strong> facilitan su aseo personal. <\/li>\n\n\n\n<li>Las prendas con fluidos corporales, como la orina, deben lavarse en <strong>programas a altas temperaturas<\/strong> para que se desinfecten correctamente y se impida que el mal olor quede impregnado en la ropa.<\/li>\n\n\n\n<li><strong>Ventila todas las ma\u00f1anas el dormitorio<\/strong> de tu mayor para que se renueve el aire y escapen los posibles malos olores.<\/li>\n<\/ul>\n\n\n\n<p>Desde <strong>miResi<\/strong> trabajamos para desafiar los estereotipos negativos sobre el envejecimiento y aprender a apreciar la diversidad en todas las etapas de la vida. Cada mes ayudamos a miles de familias a encontrar residencias de ancianos, centros de d\u00eda o cuidados a domicilio de <strong>forma totalmente gratuita y personalizada<\/strong>. \ud83d\udc9a<\/p>\n\n\n\n<div class=\"wp-block-buttons is-layout-flex wp-block-buttons-is-layout-flex\">\n<div class=\"wp-block-button aligncenter\"><a href=\"https:\/\/miresi.es\/buscador\/?utm_source=blog\"  >ENCUENTRA RESIDENCIA<\/a><\/div>\n<\/div>\n\n\n\n<p>Fuentes:<\/p>\n\n\n\n<ul class=\"wp-block-list\">\n<li>CSIC: <a href=\"https:\/\/www.csic.es\/es\"  target=\"_blank\" rel=\"external nofollow\"  target=\"_blank\" title=\"\"  class=\"wp-links-icon\">https:\/\/www.csic.es\/es<\/a><\/li>\n\n\n\n<li>Mayo Clinic: <a href=\"https:\/\/www.mayoclinic.org\/es-es\"  target=\"_blank\" rel=\"external nofollow\"  target=\"_blank\" title=\"\"  class=\"wp-links-icon\">https:\/\/www.mayoclinic.org\/es-es<\/a><\/li>\n<\/ul>\n<div style='text-align:center' class='yasr-auto-insert-visitor'><!--Yasr Visitor Votes Shortcode--><div id='yasr_visitor_votes_bf1a33364a918' class='yasr-visitor-votes'><div class=\"yasr-custom-text-vv-before yasr-custom-text-vv-before-18905\">\u00a1Haz clic para puntuar esta entrada!<\/div><div id='yasr-vv-second-row-container-bf1a33364a918'\r\n                                        class='yasr-vv-second-row-container'><div id='yasr-visitor-votes-rater-bf1a33364a918'\r\n                                      class='yasr-rater-stars-vv'\r\n                                      data-rater-postid='18905'\r\n                                      data-rating='4'\r\n                                      data-rater-starsize='32'\r\n                                      data-rater-readonly='false'\r\n                                      data-rater-nonce='8fd90f1bfe'\r\n                                      data-issingular='false'\r\n                                    ><\/div><div class=\"yasr-vv-stats-text-container\" id=\"yasr-vv-stats-text-container-bf1a33364a918\"><svg xmlns=\"https:\/\/www.w3.org\/2000\/svg\" width=\"20\" height=\"20\"\r\n                                   class=\"yasr-dashicons-visitor-stats\"\r\n                                   data-postid=\"18905\"\r\n                                   id=\"yasr-stats-dashicon-bf1a33364a918\">\r\n                                   <path d=\"M18 18v-16h-4v16h4zM12 18v-11h-4v11h4zM6 18v-8h-4v8h4z\"><\/path>\r\n                               <\/svg><span id=\"yasr-vv-text-container-bf1a33364a918\" class=\"yasr-vv-text-container\"> (Votos: <span id=\"yasr-vv-votes-number-container-bf1a33364a918\">1<\/span>  Promedio: <span id=\"yasr-vv-average-container-bf1a33364a918\">4<\/span>)<\/span><\/div><div id='yasr-vv-loader-bf1a33364a918' class='yasr-vv-container-loader'><\/div><\/div><div id='yasr-vv-bottom-container-bf1a33364a918'\r\n                              class='yasr-vv-bottom-container'\r\n                              style='display:none'><\/div><\/div><!--End Yasr Visitor Votes Shortcode--><\/div>","protected":false},"excerpt":{"rendered":"<p>Dicen que el olfato es el sentido m\u00e1s poderoso y evocador de recuerdos, y es&#8230;<\/p>\n","protected":false},"author":17,"featured_media":10210,"comment_status":"open","ping_status":"open","sticky":false,"template":"","format":"standard","meta":{"yasr_overall_rating":0,"yasr_post_is_review":"","yasr_auto_insert_disabled":"","yasr_review_type":"","footnotes":""},"categories":[26],"tags":[286,1607,29,1608,31],"class_list":["post-18905","post","type-post","status-publish","format-standard","has-post-thumbnail","hentry","category-envejecimiento","tag-bienestar-personas-mayores","tag-cambios-en-el-olor-corporal-de-los-mayores","tag-envejecimiento","tag-perdida-de-la-capacidad-olfativa-en-mayores","tag-salud-en-la-vejez"],"yasr_visitor_votes":{"stars_attributes":{"read_only":false,"span_bottom":false},"number_of_votes":1,"sum_votes":4},"_links":{"self":[{"href":"https:\/\/miresi.es\/blog\/wp-json\/wp\/v2\/posts\/18905","targetHints":{"allow":["GET"]}}],"collection":[{"href":"https:\/\/miresi.es\/blog\/wp-json\/wp\/v2\/posts"}],"about":[{"href":"https:\/\/miresi.es\/blog\/wp-json\/wp\/v2\/types\/post"}],"author":[{"embeddable":true,"href":"https:\/\/miresi.es\/blog\/wp-json\/wp\/v2\/users\/17"}],"replies":[{"embeddable":true,"href":"https:\/\/miresi.es\/blog\/wp-json\/wp\/v2\/comments?post=18905"}],"version-history":[{"count":20,"href":"https:\/\/miresi.es\/blog\/wp-json\/wp\/v2\/posts\/18905\/revisions"}],"predecessor-version":[{"id":24793,"href":"https:\/\/miresi.es\/blog\/wp-json\/wp\/v2\/posts\/18905\/revisions\/24793"}],"wp:featuredmedia":[{"embeddable":true,"href":"https:\/\/miresi.es\/blog\/wp-json\/wp\/v2\/media\/10210"}],"wp:attachment":[{"href":"https:\/\/miresi.es\/blog\/wp-json\/wp\/v2\/media?parent=18905"}],"wp:term":[{"taxonomy":"category","embeddable":true,"href":"https:\/\/miresi.es\/blog\/wp-json\/wp\/v2\/categories?post=18905"},{"taxonomy":"post_tag","embeddable":true,"href":"https:\/\/miresi.es\/blog\/wp-json\/wp\/v2\/tags?post=18905"}],"curies":[{"name":"wp","href":"https:\/\/api.w.org\/{rel}","templated":true}]}}