{"id":19077,"date":"2023-06-05T08:06:40","date_gmt":"2023-06-05T07:06:40","guid":{"rendered":"https:\/\/miresi.es\/blog\/?p=19077"},"modified":"2026-04-23T17:59:23","modified_gmt":"2026-04-23T16:59:23","slug":"cuales-son-los-tratamientos-para-el-alzheimer","status":"publish","type":"post","link":"https:\/\/miresi.es\/blog\/cuales-son-los-tratamientos-para-el-alzheimer\/","title":{"rendered":"\u00bfCu\u00e1les son los tratamientos para el Alzheimer?"},"content":{"rendered":"\n<p>La <strong>Alzheimer<\/strong> es compleja, de ah\u00ed que sea poco probable que alg\u00fan f\u00e1rmaco u otra intervenci\u00f3n resulte exitosa en todas las personas que padecen esta enfermedad. De todos modos, en los \u00faltimos a\u00f1os, los cient\u00edficos han logrado grandes avances para comprender mejor el Alzheimer, as\u00ed como para desarrollar y probar nuevos tratamientos, incluidos varios medicamentos cuyos ensayos cl\u00ednicos est\u00e1n en etapas avanzadas.<\/p>\n\n\n\n<p>El tratamiento de los s\u00edntomas de la enfermedad de Alzheimer puede brindar bienestar, dignidad e independencia a las personas con esta dolencia durante un per\u00edodo de tiempo m\u00e1s prolongado, y tambi\u00e9n puede alentar y ayudar a sus cuidadores. Existen unos medicamentos que tratan los s\u00edntomas de leves a moderados. Estos pueden ayudar a reducir o controlar algunos s\u00edntomas cognitivos y conductuales.<\/p>\n\n\n\n<p>Esta realidad podr\u00eda cambiar en un futuro cercano gracias a los grandes avances cient\u00edficos en la comprensi\u00f3n de esta enfermedad neurodegenerativa. Actualmente, hay <strong>m\u00e1s de 100 medicamentos en investigaci\u00f3n para el tratamiento del Alzheimer<\/strong>, y algunos de ellos han arrojado resultados esperanzadores. Es el caso de <strong>Lecanemab<\/strong>. Aprobado por la <strong><a href=\"https:\/\/www.fda.gov\/about-fda\/fda-en-espanol\"  target=\"_blank\" rel=\"external nofollow\"  target=\"_blank\" title=\"Administraci\u00f3n de Alimentos y Medicamentos de los Estados Unidos (FDA)\"  class=\"wp-links-icon\">Administraci\u00f3n de Alimentos y Medicamentos de los Estados Unidos (FDA)<\/a><\/strong>, este f\u00e1rmaco aborda la biolog\u00eda subyacente del Alzheimer y cambia el curso de la enfermedad en un 27% en aquellos pacientes que est\u00e1n en fases iniciales. <\/p>\n\n\n\n<p>Adem\u00e1s de los medicamentos, existen tambi\u00e9n <strong>terapias no farmacol\u00f3gicas complementarias<\/strong>, que pueden ayudar a paliar los s\u00edntomas y procurar una mejor calidad de vida. La estimulaci\u00f3n cognitiva, la reminiscencia, o la musicoterapia son algunas de estas din\u00e1micas. Todas ellas est\u00e1n conducidas por <strong>profesionales de diferentes disciplinas<\/strong>, como psic\u00f3logos, neuropsic\u00f3logos, terapeutas ocupacionales, fisioterapeutas y neurologopedas. <\/p>\n\n\n\n<div class=\"wp-block-buttons is-content-justification-center is-layout-flex wp-container-core-buttons-is-layout-8057eaf3 wp-block-buttons-is-layout-flex\">\n<div class=\"wp-block-button\"><a href=\"https:\/\/miresi.es\/buscador\/?utm_source=blog\"  >SOLICITA AYUDA GRATIS<\/a><\/div>\n<\/div>\n\n\n\n<div style=\"height:10px\" aria-hidden=\"true\" class=\"wp-block-spacer\"><\/div>\n\n\n\n<h2 class=\"wp-block-heading\">Beneficios de los tratamientos para el Alzheimer<\/h2>\n\n\n\n<p>Debemos matizar que ninguna de estas intervenciones, ni farmacol\u00f3gicas ni no farmacol\u00f3gicas, evitar\u00e1 la progresi\u00f3n de la enfermedad ni lograr\u00e1 recuperar las capacidades cognitivas que el paciente haya perdido. No obstante, s\u00ed <strong>pueden contribuir a ralentizar el deterioro cognitivo y funcional de su vida diaria<\/strong>.<\/p>\n\n\n\n<p>Estos tratamientos pueden favorecer la calidad de vida los pacientes y ayudarlos a controlar las posibles alteraciones de la conducta y disminuir la ansiedad de sus cuidadores. Cabe rese\u00f1ar los beneficios en estas \u00e1reas:<\/p>\n\n\n\n<ul class=\"wp-block-list\">\n<li><strong>Estimulaci\u00f3n cognitiva<\/strong>. Dirigidas al mantenimiento del lenguaje y de la atenci\u00f3n, as\u00ed como al trabajo de las reminiscencias y la orientaci\u00f3n hacia la realidad, estas intervenciones favorecer positivamente al paciente y a todo su entorno.<\/li>\n\n\n\n<li><strong>Mantenimiento de la funcionalidad<\/strong>. Estas pr\u00e1cticas permiten entrenar a los enfermos mayores en las actividades de su vida diaria y trabajar la psicomotricidad.<\/li>\n\n\n\n<li><strong>T\u00e9cnicas de control o de disminuci\u00f3n de alteraciones conductuales<\/strong>. Para ello, se puede trabajar con din\u00e1micas como la musicoterapia, la estimulaci\u00f3n sensorial o las terapias con animales.<\/li>\n<\/ul>\n\n\n\n<h2 class=\"wp-block-heading\">\u00bfSe puede prevenir el Alzheimer?<\/h2>\n\n\n\n<p>Todav\u00eda no se dispone de pruebas concluyentes que indiquen la existencia de un medicamento, nutriente espec\u00edfico o procedimiento cognitivo que pueda evitar el desarrollo del Alzheimer. Sin embargo, s\u00ed se pueden tomar medidas para prevenir factores de riesgo que puedan contribuir en su aparici\u00f3n.<\/p>\n\n\n\n<p>Seg\u00fan la <strong><a href=\"https:\/\/www.sen.es\/\"  target=\"_blank\" rel=\"external nofollow\"  target=\"_blank\" title=\"Sociedad Espa\u00f1ola de Neurolog\u00eda (SEN)\"  class=\"wp-links-icon\">Sociedad Espa\u00f1ola de Neurolog\u00eda (SEN)<\/a><\/strong>, hasta un tercio de los casos de Alzheimer podr\u00edan prevenirse evitando una serie de <strong>factores de riesgo<\/strong> que lo causan. <\/p>\n\n\n\n<p>La relaci\u00f3n entre coraz\u00f3n y cerebro muestra que las <strong>enfermedades cardiovasculares<\/strong>, como la hipertensi\u00f3n arterial o la diabetes, pueden influir en el deterioro cognitivo. Es imprescindible, por tanto, adoptar:<\/p>\n\n\n\n<ul class=\"wp-block-list\">\n<li>Un <strong>estilo de vida saludable <\/strong>basado en el ejercicio f\u00edsico regular<\/li>\n\n\n\n<li>Una <strong>dieta sana y equilibrada<\/strong><\/li>\n\n\n\n<li>Un <strong>estilo de vida activo<\/strong><\/li>\n\n\n\n<li><strong>Evitar tabaco y alcohol<\/strong><\/li>\n\n\n\n<li><strong>Mantener la mente activa<\/strong><\/li>\n\n\n\n<li><strong>H\u00e1bitos de sue\u00f1o correctos<\/strong><\/li>\n\n\n\n<li><strong>Evitar golpes y lesiones en la cabeza<\/strong><\/li>\n<\/ul>\n\n\n\n<figure class=\"wp-block-image size-large\"><img decoding=\"async\" width=\"1024\" height=\"683\" src=\"https:\/\/miresi.es\/blog\/wp-content\/uploads\/2022\/02\/elderly-couple-walking-outdoors-2021-09-02-02-48-43-utc-1-1024x683.jpg\" alt=\"Tratamientos para el Alzheimer\" class=\"wp-image-9924\" srcset=\"https:\/\/miresiblog.imgix.net\/uploads\/2022\/02\/elderly-couple-walking-outdoors-2021-09-02-02-48-43-utc-1-scaled.jpg?auto=format%2Ccompress&fit=crop&h=683&ixlib=php-3.3.0&w=1024&s=f239e75963eb6eaf5d0f9b73ed6f87c1 1024w, https:\/\/miresiblog.imgix.net\/uploads\/2022\/02\/elderly-couple-walking-outdoors-2021-09-02-02-48-43-utc-1-scaled.jpg?auto=format%2Ccompress&fit=crop&h=200&ixlib=php-3.3.0&w=300&s=705be684436b1d8137a5da28565add25 300w, https:\/\/miresiblog.imgix.net\/uploads\/2022\/02\/elderly-couple-walking-outdoors-2021-09-02-02-48-43-utc-1-scaled.jpg?auto=format%2Ccompress&fit=crop&h=512&ixlib=php-3.3.0&w=768&s=03d61112f16af4b521f5118695670fa9 768w, https:\/\/miresiblog.imgix.net\/uploads\/2022\/02\/elderly-couple-walking-outdoors-2021-09-02-02-48-43-utc-1-scaled.jpg?auto=format%2Ccompress&fit=crop&h=1024&ixlib=php-3.3.0&w=1536&s=b983ee68a3747415ef5ccb54808eb6e3 1536w, https:\/\/miresiblog.imgix.net\/uploads\/2022\/02\/elderly-couple-walking-outdoors-2021-09-02-02-48-43-utc-1-scaled.jpg?auto=format%2Ccompress&fit=crop&h=1365&ixlib=php-3.3.0&w=2048&s=7679d3ecea55e23f1626b82467f479d5 2048w, https:\/\/miresiblog.imgix.net\/uploads\/2022\/02\/elderly-couple-walking-outdoors-2021-09-02-02-48-43-utc-1-scaled.jpg?auto=format%2Ccompress&fit=crop&h=240&ixlib=php-3.3.0&w=360&s=316291dd3fb50bb5b7cf380ba07c13f9 360w, https:\/\/miresiblog.imgix.net\/uploads\/2022\/02\/elderly-couple-walking-outdoors-2021-09-02-02-48-43-utc-1-scaled.jpg?auto=format%2Ccompress&ixlib=php-3.3.0&w=900&s=02d9ce159248ed6172c57027a756e224 900w\" sizes=\"(max-width: 1024px) 100vw, 1024px\" \/><figcaption class=\"wp-element-caption\">Mantener una vida activa y saludable puede ayudar a paliar los s\u00edntomas del Alzheimer<\/figcaption><\/figure>\n\n\n\n<h2 class=\"wp-block-heading\">Tipos de medicamentos que se utilizan en el tratamiento para el Alzheimer<\/h2>\n\n\n\n<p>Los mayores con Alzheimer pueden tomar medicamentos para mitigar la enfermedad, el estado de \u00e1nimo y cambios de conducta, as\u00ed como otras patolog\u00edas de las que tambi\u00e9n padezcan. Poniendo el foco en la propia enfermedad del Alzheimer, se distinguen dos tipos de f\u00e1rmacos seg\u00fan la etapa de evoluci\u00f3n en la que se encuentre el paciente:<\/p>\n\n\n\n<ul class=\"wp-block-list\">\n<li><strong>Inhibidores de la acetilcolinesterasa<\/strong> (fase de leve a grave)<\/li>\n\n\n\n<li><strong>Memantina<\/strong> (fase de moderada a grave)<\/li>\n<\/ul>\n\n\n\n<h3 class=\"wp-block-heading\">Inhibidores de la acetilcolinesterasa<\/h3>\n\n\n\n<p>De acuerdo con diversos estudios, los <strong>inhibidores de la acetilcolinesterasa<\/strong> pueden retrasar la degradaci\u00f3n de la <strong>acetilcolina<\/strong>, un neurotransmisor que desempe\u00f1a un papel importante en los procesos de memoria y aprendizaje. Estos medicamentos suelen recetarse en las etapas tempranas a moderadamente avanzadas del Alzheimer. Sus efectos permiten mejorar temporalmente algunas funciones cognitivas, como la memoria y la atenci\u00f3n, y ayudan a controlar ciertos s\u00edntomas conductuales. Adem\u00e1s, favorecen la autonom\u00eda de los pacientes en las actividades de la vida diaria.<\/p>\n\n\n\n<p>Los f\u00e1rmacos que pertenecen a este grupo son el <strong>Donepizilo<\/strong>, la <strong>Galantamina<\/strong> y la <strong>Rivastigmina<\/strong>. Aunque los tres poseen un mecanismo de acci\u00f3n similar, su elecci\u00f3n, realizada por un neur\u00f3logo, depender\u00e1 de las caracter\u00edsticas individuales de cada mayor.<\/p>\n\n\n\n<h3 class=\"wp-block-heading\">Memantina<\/h3>\n\n\n\n<p>La <strong>memantina<\/strong> normalmente no se suele prescribir hasta que la enfermedad se encuentra en etapas moderadas.<\/p>\n\n\n\n<p>Se ha demostrado que este medicamento es eficaz en t\u00e9rminos cognitivos, en el funcionamiento global y en el desempe\u00f1o de las actividades diarias.<\/p>\n\n\n\n<h2 class=\"wp-block-heading\">F\u00e1rmacos para el control de algunas alteraciones conductuales<\/h2>\n\n\n\n<p>Durante la evoluci\u00f3n de la enfermedad, el neur\u00f3logo puede considerar necesario recetar temporalmente medicamentos adicionales, adem\u00e1s del tratamiento principal, para abordar <strong>alteraciones afectivas<\/strong> (depresi\u00f3n, ansiedad), <strong>conductuales<\/strong> (agresividad, alucinaciones o delirios) o <strong>problemas de sue\u00f1o<\/strong>.<\/p>\n\n\n\n<ul class=\"wp-block-list\">\n<li><strong>Alteraciones afectivas<\/strong>. Cuando los s\u00edntomas predominantes son de tipo afectivo, pueden indicarse f\u00e1rmacos antidepresivos como Citalopram, la sertralina o la Trazodona.<\/li>\n\n\n\n<li><strong>Alteraciones conductuales<\/strong>. Los <strong>antipsic\u00f3ticos<\/strong> suelen ser los medicamentos de elecci\u00f3n. Entre ellos, la quetiapina y la risperidona son ampliamente utilizadas. La dosis y duraci\u00f3n del tratamiento depender\u00e1 de la gravedad de los s\u00edntomas.<\/li>\n\n\n\n<li><strong>Problemas de sue\u00f1o<\/strong>. Algunos medicamentos antidepresivos e inhibidores de la colinesterasa pueden paliar los s\u00edntomas cognitivos y de comportamiento en mayores con Alzheimer, pero tambi\u00e9n causan insomnio. La <strong>melatonina<\/strong> puede ayudar a mejorar el sue\u00f1o en estos pacientes. <\/li>\n<\/ul>\n\n\n\n<p>Resulta esencial que sea el <strong>m\u00e9dico especialista<\/strong> quien realice una evaluaci\u00f3n minuciosa de cada caso, considerando detenidamente los diferentes factores relevantes, y determine el medicamento m\u00e1s apropiado para el paciente. <\/p>\n\n\n\n<div class=\"wp-block-buttons is-content-justification-center is-layout-flex wp-container-core-buttons-is-layout-16018d1d wp-block-buttons-is-layout-flex\">\n<div class=\"wp-block-button\"><a class=\"wp-block-button__link wp-element-button\">ENCUENTRA RESIDENCIA<\/a><\/div>\n<\/div>\n\n\n\n<div style=\"height:10px\" aria-hidden=\"true\" class=\"wp-block-spacer\"><\/div>\n\n\n\n<p>Fuentes:<\/p>\n\n\n\n<ul class=\"wp-block-list\">\n<li><strong>FDA<\/strong>: <a href=\"https:\/\/www.fda.gov\/about-fda\/fda-en-espanol\"  target=\"_blank\" rel=\"external nofollow\"  target=\"_blank\" title=\"\"  class=\"wp-links-icon\">https:\/\/www.fda.gov\/about-fda\/fda-en-espanol<\/a><\/li>\n\n\n\n<li>SEN: <a href=\"https:\/\/www.sen.es\/\"  target=\"_blank\" rel=\"external nofollow\"  target=\"_blank\" title=\"\"  class=\"wp-links-icon\">https:\/\/www.sen.es\/<\/a><\/li>\n<\/ul>\n<div style='text-align:center' class='yasr-auto-insert-visitor'><!--Yasr Visitor Votes Shortcode--><div id='yasr_visitor_votes_a907f90666cef' class='yasr-visitor-votes'><div class=\"yasr-custom-text-vv-before yasr-custom-text-vv-before-19077\">\u00a1Haz clic para puntuar esta entrada!<\/div><div id='yasr-vv-second-row-container-a907f90666cef'\r\n                                        class='yasr-vv-second-row-container'><div id='yasr-visitor-votes-rater-a907f90666cef'\r\n                                      class='yasr-rater-stars-vv'\r\n                                      data-rater-postid='19077'\r\n                                      data-rating='0'\r\n                                      data-rater-starsize='32'\r\n                                      data-rater-readonly='false'\r\n                                      data-rater-nonce='4d05b5a2cb'\r\n                                      data-issingular='false'\r\n                                    ><\/div><div class=\"yasr-vv-stats-text-container\" id=\"yasr-vv-stats-text-container-a907f90666cef\"><svg xmlns=\"https:\/\/www.w3.org\/2000\/svg\" width=\"20\" height=\"20\"\r\n                                   class=\"yasr-dashicons-visitor-stats\"\r\n                                   data-postid=\"19077\"\r\n                                   id=\"yasr-stats-dashicon-a907f90666cef\">\r\n                                   <path d=\"M18 18v-16h-4v16h4zM12 18v-11h-4v11h4zM6 18v-8h-4v8h4z\"><\/path>\r\n                               <\/svg><span id=\"yasr-vv-text-container-a907f90666cef\" class=\"yasr-vv-text-container\"> (Votos: <span id=\"yasr-vv-votes-number-container-a907f90666cef\">0<\/span>  Promedio: <span id=\"yasr-vv-average-container-a907f90666cef\">0<\/span>)<\/span><\/div><div id='yasr-vv-loader-a907f90666cef' class='yasr-vv-container-loader'><\/div><\/div><div id='yasr-vv-bottom-container-a907f90666cef'\r\n                              class='yasr-vv-bottom-container'\r\n                              style='display:none'><\/div><\/div><!--End Yasr Visitor Votes Shortcode--><\/div>","protected":false},"excerpt":{"rendered":"<p>La Alzheimer es compleja, de ah\u00ed que sea poco probable que alg\u00fan f\u00e1rmaco u otra&#8230;<\/p>\n","protected":false},"author":19,"featured_media":17888,"comment_status":"open","ping_status":"open","sticky":false,"template":"","format":"standard","meta":{"yasr_overall_rating":0,"yasr_post_is_review":"","yasr_auto_insert_disabled":"","yasr_review_type":"","footnotes":""},"categories":[12],"tags":[1637,1639,1640,1638],"class_list":["post-19077","post","type-post","status-publish","format-standard","has-post-thumbnail","hentry","category-patologias","tag-alzheimer-en-mayores","tag-tratamientos-farmacologicos","tag-tratamientos-no-farmacologicos","tag-tratamientos-para-el-alzheimer"],"yasr_visitor_votes":{"stars_attributes":{"read_only":false,"span_bottom":false},"number_of_votes":0,"sum_votes":0},"_links":{"self":[{"href":"https:\/\/miresi.es\/blog\/wp-json\/wp\/v2\/posts\/19077","targetHints":{"allow":["GET"]}}],"collection":[{"href":"https:\/\/miresi.es\/blog\/wp-json\/wp\/v2\/posts"}],"about":[{"href":"https:\/\/miresi.es\/blog\/wp-json\/wp\/v2\/types\/post"}],"author":[{"embeddable":true,"href":"https:\/\/miresi.es\/blog\/wp-json\/wp\/v2\/users\/19"}],"replies":[{"embeddable":true,"href":"https:\/\/miresi.es\/blog\/wp-json\/wp\/v2\/comments?post=19077"}],"version-history":[{"count":19,"href":"https:\/\/miresi.es\/blog\/wp-json\/wp\/v2\/posts\/19077\/revisions"}],"predecessor-version":[{"id":24778,"href":"https:\/\/miresi.es\/blog\/wp-json\/wp\/v2\/posts\/19077\/revisions\/24778"}],"wp:featuredmedia":[{"embeddable":true,"href":"https:\/\/miresi.es\/blog\/wp-json\/wp\/v2\/media\/17888"}],"wp:attachment":[{"href":"https:\/\/miresi.es\/blog\/wp-json\/wp\/v2\/media?parent=19077"}],"wp:term":[{"taxonomy":"category","embeddable":true,"href":"https:\/\/miresi.es\/blog\/wp-json\/wp\/v2\/categories?post=19077"},{"taxonomy":"post_tag","embeddable":true,"href":"https:\/\/miresi.es\/blog\/wp-json\/wp\/v2\/tags?post=19077"}],"curies":[{"name":"wp","href":"https:\/\/api.w.org\/{rel}","templated":true}]}}