{"id":19089,"date":"2023-06-09T09:17:22","date_gmt":"2023-06-09T08:17:22","guid":{"rendered":"https:\/\/miresi.es\/blog\/?p=19089"},"modified":"2026-04-23T17:59:17","modified_gmt":"2026-04-23T16:59:17","slug":"residencias-para-rehabilitacion-de-cadera","status":"publish","type":"post","link":"https:\/\/miresi.es\/blog\/residencias-para-rehabilitacion-de-cadera\/","title":{"rendered":"Ventajas de las residencias temporales para rehabilitaci\u00f3n de cadera"},"content":{"rendered":"\n<p>La recuperaci\u00f3n tras una fractura de cadera en las personas mayores es un proceso que suele ser largo, hasta que se recobra la completa autonom\u00eda. Por ello, optar por una estancia temporal en las residencias para rehabilitaci\u00f3n de cadera, es una de las opciones m\u00e1s buscadas por las familias y que cada vez ofrecen m\u00e1s centros.<\/p>\n\n\n\n<p>Pensar en <strong>residencias para mayores<\/strong>, puede que se asocie con estancias permanentes, pero la realidad es que los servicios ofrecidos son mucho m\u00e1s amplios, como es el caso de las estancias temporales para la rehabilitaci\u00f3n postoperatoria despu\u00e9s de distintas lesiones como la fractura de cadera.<\/p>\n\n\n\n<p>De hecho, las fracturas de cadera son un problema que afecta en Espa\u00f1a a unas 56 mil personas al a\u00f1o, seg\u00fan datos <a href=\"https:\/\/es.statista.com\/estadisticas\/1037755\/numero-de-casos-de-fractura-del-femur-en-espana\/\"  target=\"_blank\" rel=\"external nofollow\"   class=\"wp-links-icon\">Statista<\/a>. M\u00e1s del <a href=\"https:\/\/eprints.ucm.es\/id\/eprint\/41403\/1\/T38454.pdf\"  target=\"_blank\" rel=\"external nofollow\"   class=\"wp-links-icon\">91% de los casos<\/a> de fracturas de cadera se dan en personas mayores de 65 a\u00f1os, siendo la edad media a la que se producen de <a href=\"https:\/\/revistasanitariadeinvestigacion.com\/\"  target=\"_blank\" rel=\"external nofollow\"   class=\"wp-links-icon\">85,5 a\u00f1os<\/a> y afectando a las mujeres en un 80% de los casos.\u00a0En la gran mayor\u00eda de los mayores con rotura de cadera, la recuperaci\u00f3n es un proceso que se prolonga m\u00e1s all\u00e1 de la cirug\u00eda y las sesiones de rehabilitaci\u00f3n. La <strong>fisioterapia necesaria tras una fractura de cadera <\/strong>se suele extender varias semanas, durante las cuales el paciente tendr\u00e1 la movilidad reducida y necesitar\u00e1 ayuda para realizar muchas de sus actividades diarias.<\/p>\n\n\n\n<div class=\"wp-block-buttons is-content-justification-center is-layout-flex wp-container-core-buttons-is-layout-8057eaf3 wp-block-buttons-is-layout-flex\">\n<div class=\"wp-block-button\"><a href=\"https:\/\/miresi.es\/buscador\/\"  >Encuentra residencia temporal<\/a><\/div>\n<\/div>\n\n\n\n<h2 class=\"wp-block-heading\"><strong>\u00bfPor qu\u00e9 recuperarse de una fractura de cadera en una residencia de mayores?\u00a0<\/strong><\/h2>\n\n\n\n<p>Despu\u00e9s de una fractura de cadera, el mayor y sus familias se enfrentan a un largo periodo de recuperaci\u00f3n, que requiere de cuidados espec\u00edficos, por lo que la alternativa de una residencia temporal de rehabilitaci\u00f3n es una de las mejores opciones a la hora de ofrecer los cuidados que necesita el paciente para su curaci\u00f3n.\u00a0<\/p>\n\n\n\n<p>El proceso de <strong>recuperaci\u00f3n de la fractura de cadera en una residencia<\/strong>, permitir\u00e1 al mayor obtener los cuidados especializados en esta dolencia, de parte del personal sanitario y rehabilitador.\u00a0<\/p>\n\n\n\n<p>La estancia temporal en una residencia para rehabilitaci\u00f3n de cadera, permite que el seguimiento al paciente sea constante y se puedan tomar medidas inmediatas ante cualquier cambio de tratamiento o terapia. Adem\u00e1s, el mayor estar\u00e1 en un entorno seguro, con equipamiento adaptado a las necesidades derivadas de su situaci\u00f3n.\u00a0Si est\u00e1s buscando una residencia temporal de rehabilitaci\u00f3n de cadera, <a href=\"https:\/\/miresi.es\/contacto\/\"  title=\"\"  title=\"\"><strong>cont\u00e1ctanos<\/strong><\/a>. Desde <strong><a href=\"https:\/\/miresi.es\/?utm_source=blog\"  title=\"\"  title=\"\">miResi<\/a><\/strong> te asesoramos de forma gratuita y personalizada, para que encuentres el centro que m\u00e1s se ajuste a tus necesidades.<\/p>\n\n\n<div class=\"wp-block-image\">\n<figure class=\"aligncenter size-full\"><img decoding=\"async\" width=\"640\" height=\"427\" src=\"https:\/\/miresi.es\/blog\/wp-content\/uploads\/2021\/07\/Caser-Residencial-La-Moraleja-1.jpg\" alt=\"C\u00e1ser Residencial La Moraleja Fisioterapia\" class=\"wp-image-1012\" srcset=\"https:\/\/miresiblog.imgix.net\/uploads\/2021\/07\/Caser-Residencial-La-Moraleja-1.jpg?auto=format%2Ccompress&ixlib=php-3.3.0&w=640&s=27ecdc06b009530c98127570b17bbc77 640w, https:\/\/miresiblog.imgix.net\/uploads\/2021\/07\/Caser-Residencial-La-Moraleja-1.jpg?auto=format%2Ccompress&fit=crop&h=200&ixlib=php-3.3.0&w=300&s=71ba955fee001fe62ab11269c7da3332 300w\" sizes=\"(max-width: 640px) 100vw, 640px\" \/><figcaption class=\"wp-element-caption\">Contar con el equipamiento adecuado para la rehabilitaci\u00f3n de cadera es fundamental tras la operaci\u00f3n.<\/figcaption><\/figure>\n<\/div>\n\n\n<h2 class=\"wp-block-heading\"><strong>\u00bfQu\u00e9 servicios se ofrecen en una residencia temporal de rehabilitaci\u00f3n de fractura de cadera?<\/strong><\/h2>\n\n\n\n<p>Los centros especializados en <strong>recuperaci\u00f3n de fractura de cadera<\/strong> cumplen con un protocolo antes de que el mayor sea ingresado. El primer paso es realizar una valoraci\u00f3n geri\u00e1trica, para conocer el estado del paciente. De esta forma se podr\u00e1 prescribir el tratamiento necesario y establecer cuidados personalizados seg\u00fan su condici\u00f3n, todo ello con la finalidad de ayudar en su rehabilitaci\u00f3n.\u00a0\u00a0<\/p>\n\n\n\n<p>En las residencias de rehabilitaci\u00f3n de cadera, aparte de valorar la salud f\u00edsica del mayor, tambi\u00e9n se presta especial atenci\u00f3n a la salud mental y estado de \u00e1nimo del paciente.\u00a0<\/p>\n\n\n\n<p>Cuando se sufre una fractura de cadera, se pierde movilidad y autonom\u00eda durante muchas semanas, adem\u00e1s del aislamiento que puede suponer estar en un mismo espacio durante la recuperaci\u00f3n. Todo ello puede derivar en depresi\u00f3n, por lo que para evitarlo, en las residencias temporales de rehabilitaci\u00f3n de cadera, adem\u00e1s del seguimiento, se desarrollan actividades sociales y l\u00fadicas en las que puede participar el mayor durante su convalecencia, que le permitir\u00e1n una \u00f3ptima recuperaci\u00f3n emocional.<\/p>\n\n\n\n<div class=\"wp-block-buttons is-content-justification-center is-layout-flex wp-container-core-buttons-is-layout-8057eaf3 wp-block-buttons-is-layout-flex\">\n<div class=\"wp-block-button\"><a href=\"https:\/\/miresi.es\/buscador\/?utm_source=blog\"  >residencias temporales de recuperaci\u00f3n de cadera<\/a><\/div>\n<\/div>\n\n\n\n<h2 class=\"wp-block-heading\"><strong>Ventajas de las estancias temporales en residencias de recuperaci\u00f3n de cadera <\/strong><\/h2>\n\n\n\n<p>Numerosas estancias temporales en las residencias de mayores son producto de la necesidad de rehabilitaci\u00f3n por una fractura de cadera.\u00a0<\/p>\n\n\n\n<p>La demanda de este servicio va en aumento, debido a la importancia que tiene en estos casos, contar con una atenci\u00f3n integral, de parte de un equipo multidisciplinar, para recuperar en el menor tiempo posible, la movilidad y autonom\u00eda previas a la rotura de cadera.<\/p>\n\n\n\n<p>La atenci\u00f3n integral en las residencias temporales para rehabilitaci\u00f3n de fractura de cadera es ofrecida por distintos profesionales como m\u00e9dicos geriatras, traumat\u00f3logos, rehabilitadores, fisioterapeutas, terapeutas ocupacionales y dietistas, usualmente organizado en las denominadas Unidades de Ortogeriatr\u00eda.\u00a0<\/p>\n\n\n\n<figure class=\"wp-block-image size-large\"><img decoding=\"async\" width=\"1024\" height=\"681\" src=\"https:\/\/miresi.es\/blog\/wp-content\/uploads\/2022\/05\/Deposito-de-Medicamentos-en-Residencias-de-Ancianoss-1024x681.jpg\" alt=\"Cambio de tratamiento en residencias para rehabilitaci\u00f3n de cadera\" class=\"wp-image-16152\" srcset=\"https:\/\/miresiblog.imgix.net\/uploads\/2022\/05\/Deposito-de-Medicamentos-en-Residencias-de-Ancianoss-scaled.jpg?auto=format%2Ccompress&fit=crop&h=681&ixlib=php-3.3.0&w=1024&s=36216da37cf07db0f792340304b798b4 1024w, https:\/\/miresiblog.imgix.net\/uploads\/2022\/05\/Deposito-de-Medicamentos-en-Residencias-de-Ancianoss-scaled.jpg?auto=format%2Ccompress&fit=crop&h=200&ixlib=php-3.3.0&w=300&s=f15f5ebdeee84747d5170c2a828c5684 300w, https:\/\/miresiblog.imgix.net\/uploads\/2022\/05\/Deposito-de-Medicamentos-en-Residencias-de-Ancianoss-scaled.jpg?auto=format%2Ccompress&fit=crop&h=511&ixlib=php-3.3.0&w=768&s=b3d1cab70c772378a618d3912c6970eb 768w, https:\/\/miresiblog.imgix.net\/uploads\/2022\/05\/Deposito-de-Medicamentos-en-Residencias-de-Ancianoss-scaled.jpg?auto=format%2Ccompress&fit=crop&h=1022&ixlib=php-3.3.0&w=1536&s=e92c5cac465b6e6a1499059be6dc7cb4 1536w, https:\/\/miresiblog.imgix.net\/uploads\/2022\/05\/Deposito-de-Medicamentos-en-Residencias-de-Ancianoss-scaled.jpg?auto=format%2Ccompress&fit=crop&h=1363&ixlib=php-3.3.0&w=2048&s=f1cca01ca93b3fe4386af44a246b84fc 2048w, https:\/\/miresiblog.imgix.net\/uploads\/2022\/05\/Deposito-de-Medicamentos-en-Residencias-de-Ancianoss-scaled.jpg?auto=format%2Ccompress&fit=crop&h=240&ixlib=php-3.3.0&w=360&s=feaa74872226f56253d762d229153bb0 360w, https:\/\/miresiblog.imgix.net\/uploads\/2022\/05\/Deposito-de-Medicamentos-en-Residencias-de-Ancianoss-scaled.jpg?auto=format%2Ccompress&ixlib=php-3.3.0&w=902&s=04094d5087099a6663266fe209d0c296 902w\" sizes=\"(max-width: 1024px) 100vw, 1024px\" \/><figcaption class=\"wp-element-caption\">Durante la estancia temporal en una residencia para rehabilitaci\u00f3n de cadera se realiza un estricto seguimiento de los tratamientos m\u00e9dicos prescritos<\/figcaption><\/figure>\n\n\n\n<p>Otra de las ventajas, es la preparaci\u00f3n con la que cuenta el personal de las residencias de rehabilitaci\u00f3n, para entender la situaci\u00f3n del mayor durante la recuperaci\u00f3n de una fractura. En muchas ocasiones, las personas mayores que se enfrentan a una estancia temporal para la rehabilitaci\u00f3n de una rotura de cadera, no est\u00e1n preparadas para pasar muchas semanas fuera de su hogar habitual, a lo que se suma la falta de autonom\u00eda. Por eso es fundamental que quienes le est\u00e1n atendiendo, comprendan la\u00a0 situaci\u00f3n y se muestren emp\u00e1ticos y cercanos, para ayudarles durante el proceso de recuperaci\u00f3n.\u00a0<\/p>\n\n\n\n<p>El abordaje multidisciplinar y las instalaciones adecuadas para la recuperaci\u00f3n del mayor, son las principales razones por las que las familias optan por una residencia temporal para la rehabilitaci\u00f3n de sus seres queridos.\u00a0<\/p>\n\n\n\n<p>Por todas estas razones, es importante considerar la opci\u00f3n de una estancia temporal en una residencia de rehabilitaci\u00f3n de cadera, despu\u00e9s de la operaci\u00f3n. Podr\u00e1s encontrar numerosas opciones de residencias, que se adapten a las necesidades familiares, con la <a href=\"https:\/\/miresi.es\/buscador\/\"  title=\"\"  title=\"\"><strong>asesor\u00eda gratuita de miResi.<\/strong><\/a><\/p>\n\n\n\n<div class=\"wp-block-buttons is-content-justification-center is-layout-flex wp-container-core-buttons-is-layout-8057eaf3 wp-block-buttons-is-layout-flex\">\n<div class=\"wp-block-button\"><a href=\"https:\/\/miresi.es\/buscador\/?utm_source=blog\"  >residencias temporales de recuperaci\u00f3n de cadera<\/a><\/div>\n<\/div>\n<div style='text-align:center' class='yasr-auto-insert-visitor'><!--Yasr Visitor Votes Shortcode--><div id='yasr_visitor_votes_0f6915c73e465' class='yasr-visitor-votes'><div class=\"yasr-custom-text-vv-before yasr-custom-text-vv-before-19089\">\u00a1Haz clic para puntuar esta entrada!<\/div><div id='yasr-vv-second-row-container-0f6915c73e465'\r\n                                        class='yasr-vv-second-row-container'><div id='yasr-visitor-votes-rater-0f6915c73e465'\r\n                                      class='yasr-rater-stars-vv'\r\n                                      data-rater-postid='19089'\r\n                                      data-rating='4.4'\r\n                                      data-rater-starsize='32'\r\n                                      data-rater-readonly='false'\r\n                                      data-rater-nonce='4d05b5a2cb'\r\n                                      data-issingular='false'\r\n                                    ><\/div><div class=\"yasr-vv-stats-text-container\" id=\"yasr-vv-stats-text-container-0f6915c73e465\"><svg xmlns=\"https:\/\/www.w3.org\/2000\/svg\" width=\"20\" height=\"20\"\r\n                                   class=\"yasr-dashicons-visitor-stats\"\r\n                                   data-postid=\"19089\"\r\n                                   id=\"yasr-stats-dashicon-0f6915c73e465\">\r\n                                   <path d=\"M18 18v-16h-4v16h4zM12 18v-11h-4v11h4zM6 18v-8h-4v8h4z\"><\/path>\r\n                               <\/svg><span id=\"yasr-vv-text-container-0f6915c73e465\" class=\"yasr-vv-text-container\"> (Votos: <span id=\"yasr-vv-votes-number-container-0f6915c73e465\">5<\/span>  Promedio: <span id=\"yasr-vv-average-container-0f6915c73e465\">4.4<\/span>)<\/span><\/div><div id='yasr-vv-loader-0f6915c73e465' class='yasr-vv-container-loader'><\/div><\/div><div id='yasr-vv-bottom-container-0f6915c73e465'\r\n                              class='yasr-vv-bottom-container'\r\n                              style='display:none'><\/div><\/div><!--End Yasr Visitor Votes Shortcode--><\/div>","protected":false},"excerpt":{"rendered":"<p>La recuperaci\u00f3n tras una fractura de cadera en las personas mayores es un proceso que&#8230;<\/p>\n","protected":false},"author":18,"featured_media":1022,"comment_status":"open","ping_status":"open","sticky":false,"template":"","format":"standard","meta":{"yasr_overall_rating":0,"yasr_post_is_review":"","yasr_auto_insert_disabled":"","yasr_review_type":"","footnotes":""},"categories":[12,251,366],"tags":[286,1648,22,1647,1646,1645,440],"class_list":["post-19089","post","type-post","status-publish","format-standard","has-post-thumbnail","hentry","category-patologias","category-residencias","category-salud","tag-bienestar-personas-mayores","tag-fractura-de-cadera","tag-residencias-de-mayores","tag-residencias-fractura-cadera","tag-residencias-rehabilitacion","tag-residencias-temporales","tag-salud"],"yasr_visitor_votes":{"stars_attributes":{"read_only":false,"span_bottom":false},"number_of_votes":5,"sum_votes":22},"_links":{"self":[{"href":"https:\/\/miresi.es\/blog\/wp-json\/wp\/v2\/posts\/19089","targetHints":{"allow":["GET"]}}],"collection":[{"href":"https:\/\/miresi.es\/blog\/wp-json\/wp\/v2\/posts"}],"about":[{"href":"https:\/\/miresi.es\/blog\/wp-json\/wp\/v2\/types\/post"}],"author":[{"embeddable":true,"href":"https:\/\/miresi.es\/blog\/wp-json\/wp\/v2\/users\/18"}],"replies":[{"embeddable":true,"href":"https:\/\/miresi.es\/blog\/wp-json\/wp\/v2\/comments?post=19089"}],"version-history":[{"count":16,"href":"https:\/\/miresi.es\/blog\/wp-json\/wp\/v2\/posts\/19089\/revisions"}],"predecessor-version":[{"id":20445,"href":"https:\/\/miresi.es\/blog\/wp-json\/wp\/v2\/posts\/19089\/revisions\/20445"}],"wp:featuredmedia":[{"embeddable":true,"href":"https:\/\/miresi.es\/blog\/wp-json\/wp\/v2\/media\/1022"}],"wp:attachment":[{"href":"https:\/\/miresi.es\/blog\/wp-json\/wp\/v2\/media?parent=19089"}],"wp:term":[{"taxonomy":"category","embeddable":true,"href":"https:\/\/miresi.es\/blog\/wp-json\/wp\/v2\/categories?post=19089"},{"taxonomy":"post_tag","embeddable":true,"href":"https:\/\/miresi.es\/blog\/wp-json\/wp\/v2\/tags?post=19089"}],"curies":[{"name":"wp","href":"https:\/\/api.w.org\/{rel}","templated":true}]}}