{"id":22566,"date":"2024-07-01T11:31:04","date_gmt":"2024-07-01T10:31:04","guid":{"rendered":"https:\/\/miresi.es\/blog\/?p=22566"},"modified":"2026-04-23T17:57:27","modified_gmt":"2026-04-23T16:57:27","slug":"conoce-las-mejores-promociones-de-verano-que-tienen-las-residencias-de-mayores","status":"publish","type":"post","link":"https:\/\/miresi.es\/blog\/conoce-las-mejores-promociones-de-verano-que-tienen-las-residencias-de-mayores\/","title":{"rendered":"Conoce las mejores promociones de verano que tienen las Residencias de Mayores"},"content":{"rendered":"\n<p>Con el verano a la vuelta de la esquina, las residencias para mayores en Madrid est\u00e1n ofreciendo promociones para que las familias puedan encontrar el lugar ideal donde sus seres queridos reciban el mejor cuidado y atenci\u00f3n. <\/p>\n\n\n\n<p>En miresi, nos dedicamos a ayudarte gratuitamente a encontrar la residencia perfecta para tu mayor. Buscamos los centros que encajan con tus necesidades espec\u00edficas como presupuesto, ubicaci\u00f3n y servicios. <\/p>\n\n\n\n<p>Te presentamos una selecci\u00f3n de las <strong>mejores ofertas de verano 2024<\/strong> disponibles en nuestras residencias colaboradoras. \u00a1No te las pierdas!<\/p>\n\n\n\n<p>Si te gusta alguna de las siguientes opciones, puedes contactar con nuestros expertos en residencias de mayores y te explicar\u00e1n de forma detallada toda la informaci\u00f3n, e incluso te coordinar\u00e1n las visitas en los centros de tu agrado para que te sea m\u00e1s f\u00e1cil elegir. Te ofrecemos tranquilidad, profesionalismo y un trato sensible.<\/p>\n\n\n\n<div class=\"wp-block-buttons has-custom-font-size has-medium-font-size is-layout-flex wp-block-buttons-is-layout-flex\">\n<div class=\"wp-block-button has-custom-font-size has-medium-font-size\"><a href=\"https:\/\/buscador.miresi.es\/?utm_source=blog&_gl=1*esl89n*_up*MQ..*_ga*OTY0MTc3ODU4LjE3MTc1ODM1MzA.*_ga_CVYZKMZBJK*MTcxNzU4MzU0MC4xLjAuMTcxNzU4MzU0MC4wLjAuMA..*_ga_6KEPMF6WZJ*MTcxNzU4MzUyOS4xLjEuMTcxNzU4MzU0MC4wLjAuMA..\"  >Ay\u00fadame a encontrar los mejores centros con promociones disponibles<\/a><\/div>\n<\/div>\n\n\n\n<h3 class=\"wp-block-heading\">Centro Belmonte El Mural <\/h3>\n\n\n\n<p><strong>Oferta Matrimonio: 3.000 \u20ac (IVA incluido).<\/strong><\/p>\n\n\n\n<p>El <a href=\"https:\/\/miresi.es\/residencias-ancianos\/comunidad-de-madrid\/madrid\/belmonte-de-tajo\/centro-belmonte-el-mural\/\"  target=\"_blank\" title=\"\"  target=\"_blank\" title=\"\">Centro Belmonte El Mural<\/a>, en Belmonte de Tajo es el lugar ideal para parejas mayores que desean estar juntas. Este verano, el centro ofrece una tarifa especial para matrimonios de solo 3.000\u20ac con IVA incluido. La residencia cuenta con un equipo altamente profesional y un ambiente familiar para que tus seres queridos se sientan como en casa.<\/p>\n\n\n\n<figure class=\"wp-block-image size-large\"><img decoding=\"async\" src=\"https:\/\/miresiblog.imgix.net\/uploads\/2024\/07\/4.png?auto=format%2Ccompress&fit=crop&h=858&ixlib=php-3.3.0&w=1024&s=36a227fad90f8e74cac9d76190cfe88f\" alt=\"Muchas residencias de mayores tienen disponibles promociones de verano. \nUn grupo de adultos mayores realizan ejercicios sentados sobre unos mantos en un sal\u00f3n. \" class=\"wp-image-22569\" srcset=\"https:\/\/miresiblog.imgix.net\/uploads\/2024\/07\/4.png?auto=format%2Ccompress&fit=crop&h=858&ixlib=php-3.3.0&w=1024&s=36a227fad90f8e74cac9d76190cfe88f 1024w, https:\/\/miresiblog.imgix.net\/uploads\/2024\/07\/4.png?auto=format%2Ccompress&fit=crop&h=252&ixlib=php-3.3.0&w=300&s=75a266a8cac010811b92325cd4f9a3f3 300w, https:\/\/miresiblog.imgix.net\/uploads\/2024\/07\/4.png?auto=format%2Ccompress&fit=crop&h=644&ixlib=php-3.3.0&w=768&s=912e39cda4ce96b611fdbc97478d39be 768w, https:\/\/miresiblog.imgix.net\/uploads\/2024\/07\/4.png?auto=format%2Ccompress&fit=crop&h=1288&ixlib=php-3.3.0&w=1536&s=505133ca35b7c8de2775d4cb57e0f892 1536w, https:\/\/miresiblog.imgix.net\/uploads\/2024\/07\/4.png?auto=format%2Ccompress&fit=crop&h=302&ixlib=php-3.3.0&w=360&s=5ba79db874bb272e1c22b883e8b66837 360w, https:\/\/miresiblog.imgix.net\/uploads\/2024\/07\/4.png?auto=format%2Ccompress&ixlib=php-3.3.0&w=716&s=f02cd51403f52162f2f1d9e08a758893 716w\" sizes=\"(max-width: 1024px) 100vw, 1024px\" data-recalc-dims=\"1\" \/><figcaption class=\"wp-element-caption\">Las Residencias de Mayores aprovechan el verano para realizar promociones. Las familias pueden aprovechar las plazas a mejores precios en residencias de excelente calidad. <\/figcaption><\/figure>\n\n\n\n<h3 class=\"wp-block-heading\">Centro De D\u00eda Orpea Serranillos Del Valle \u2013 Serranillos del Valle, Madrid<\/h3>\n\n\n\n<p><strong>Descuento del 25% en las tarifas del Centro de D\u00eda.<\/strong><\/p>\n\n\n\n<p><a href=\"https:\/\/miresi.es\/residencias-ancianos\/comunidad-de-madrid\/madrid\/serranillos-del-valle\/orpea-serranillos-del-valle\/\"  target=\"_blank\" title=\"\"  target=\"_blank\" title=\"\">Orpea Serranillos Del Valle<\/a> ofrece un 25% de descuento en sus tarifas del centro de d\u00eda durante todo el verano. <\/p>\n\n\n\n<p>Es una oferta perfecta para aquellos que necesitan cuidado y atenci\u00f3n diaria, mientras disfrutan de sus d\u00edas en familia por la tarde.<\/p>\n\n\n\n<h3 class=\"wp-block-heading\">Residencia Casamayor \u2013 Gri\u00f1\u00f3n, Madrid<\/h3>\n\n\n\n<p><strong>Habitaci\u00f3n compartida 1.800\u20ac + IVA durante junio, julio, agosto; septiembre 2.000\u20ac + IVA. Oferta v\u00e1lida hasta el 31\/08\/2024<\/strong>. <\/p>\n\n\n\n<p><a href=\"https:\/\/miresi.es\/residencias-ancianos\/comunidad-de-madrid\/madrid\/grinon\/residencia-casamayor-sl\/\"  target=\"_blank\" title=\"\"  target=\"_blank\" title=\"\">La Residencia Casamayor en Gri\u00f1\u00f3n<\/a> ofrece una tarifa especial para habitaciones compartidas durante todo el verano. Desde junio hasta agosto, el costo es de 1.800\u20ac + IVA, y en septiembre, 2.000\u20ac + IVA. Esta oferta es v\u00e1lida hasta el 31 de agosto de 2024. <\/p>\n\n\n\n<p>Este centro asegura un ambiente c\u00e1lido y acogedor para tus mayores. <\/p>\n\n\n\n<h3 class=\"wp-block-heading\">Residencia Los Hueros \u2013 Madrid<\/h3>\n\n\n\n<p><strong>Descuento de 150\u20ac en los dos primeros meses.<\/strong><\/p>\n\n\n\n<p>En la <a href=\"https:\/\/miresi.es\/residencias-ancianos\/comunidad-de-madrid\/madrid\/madrid\/residencia-los-hueros\/\"  target=\"_blank\" title=\"\"  target=\"_blank\" title=\"\">Residencia Los Hueros<\/a>, ofrecen un descuento de 150\u20ac en el coste de los dos primeros meses. Esta promoci\u00f3n es una excelente oportunidad para evaluar el cuidado que brinda el centro y asegurar que tu mayor est\u00e1 en las mejores manos.<\/p>\n\n\n\n<h3 class=\"wp-block-heading\">Salus Mayores \u2013 Chamart\u00edn, Pozuelo de Alarc\u00f3n y R\u00edos Rosas, Madrid<\/h3>\n\n\n\n<p><strong>Descuento del 5% en los tres primeros meses Sin Fianza<\/strong>.<\/p>\n\n\n\n<p>Las residencias <a href=\"https:\/\/miresi.es\/centros-de-dia\/comunidad-de-madrid\/madrid\/madrid\/salus-mayores-chamartin\/\"  target=\"_blank\" title=\"\"  target=\"_blank\" title=\"\">Salus Mayores en Chamart\u00edn<\/a>, <a href=\"https:\/\/miresi.es\/centros-de-dia\/comunidad-de-madrid\/madrid\/pozuelo-de-alarcon\/salus-mayores-pozuelo\/\"  target=\"_blank\" title=\"\"  target=\"_blank\" title=\"\">Pozuelo de Alarc\u00f3n<\/a> y <a href=\"https:\/\/miresi.es\/centros-de-dia\/comunidad-de-madrid\/madrid\/madrid\/salus-mayores-rios-rosas\/\"  target=\"_blank\" title=\"\"  target=\"_blank\" title=\"\">R\u00edos Rosas<\/a> ofrecen un descuento del 5% en los tres primeros meses y, adem\u00e1s, no requieren fianza. Esta promoci\u00f3n hace que sea m\u00e1s sencillo y econ\u00f3mico asegurar un lugar para tu mayor en las residencias de este grupo que son de primer nivel. <\/p>\n\n\n\n<h3 class=\"wp-block-heading\">Fundaci\u00f3n Ben\u00e9fica Nuestra Se\u00f1ora de F\u00e1tima \u2013 O Barco de Valdeorras, Ourense<\/h3>\n\n\n\n<p><strong>Primer mes de ingreso: 1.500\u20ac sin importar el grado; Descuentos en el 2\u00ba mes de estancia<\/strong>.<\/p>\n\n\n\n<p>El primer mes de ingreso en la <a href=\"https:\/\/miresi.es\/residencias-ancianos\/galicia\/ourense\/o-barco-de-valdeorras\/fundacion-benefica-nuestra-senora-de-fatima\/\"  target=\"_blank\" title=\"\"  target=\"_blank\" title=\"\">Fundaci\u00f3n Ben\u00e9fica Nuestra Se\u00f1ora de F\u00e1tima<\/a> tiene un coste \u00fanico de 1.500\u20ac, independientemente del grado de dependencia. Adem\u00e1s, ofrecen tarifas especiales a partir del segundo mes: <strong>Aut\u00f3nomo 1.500\u20ac, Grado I 1.650\u20ac, Grado II 1.800\u20ac, Grado III 1.950\u20ac. <\/strong>Estas ofertas son v\u00e1lidas hasta el 31 de diciembre de 2024.<\/p>\n\n\n\n<div class=\"wp-block-buttons is-layout-flex wp-block-buttons-is-layout-flex\">\n<div class=\"wp-block-button has-custom-font-size is-style-outline has-medium-font-size is-style-outline--1\"><a href=\"https:\/\/buscador.miresi.es\/?utm_source=blog&_gl=1*esl89n*_up*MQ..*_ga*OTY0MTc3ODU4LjE3MTc1ODM1MzA.*_ga_CVYZKMZBJK*MTcxNzU4MzU0MC4xLjAuMTcxNzU4MzU0MC4wLjAuMA..*_ga_6KEPMF6WZJ*MTcxNzU4MzUyOS4xLjEuMTcxNzU4MzU0MC4wLjAuMA..\"  >Contacta gratis con nuestros expertos en residencias<\/a><\/div>\n<\/div>\n\n\n\n<p><br>En miresi, entendemos la importancia de ofrecer un cuidado de calidad a tus seres queridos. Las promociones de verano en nuestras residencias colaboradoras en Madrid y Ourense son la oportunidad perfecta para encontrar el lugar ideal a un precio accesible. Cont\u00e1ctanos hoy y perm\u00edtenos ayudarte a explorar estas opciones y mucho m\u00e1s para asegurar el bienestar de tu mayor. \u00a1Encuentra la residencia perfecta con miresi y asegura una estancia plena y feliz para tus seres queridos!<\/p>\n<div style='text-align:center' class='yasr-auto-insert-visitor'><!--Yasr Visitor Votes Shortcode--><div id='yasr_visitor_votes_299fe849d62f2' class='yasr-visitor-votes'><div class=\"yasr-custom-text-vv-before yasr-custom-text-vv-before-22566\">\u00a1Haz clic para puntuar esta entrada!<\/div><div id='yasr-vv-second-row-container-299fe849d62f2'\r\n                                        class='yasr-vv-second-row-container'><div id='yasr-visitor-votes-rater-299fe849d62f2'\r\n                                      class='yasr-rater-stars-vv'\r\n                                      data-rater-postid='22566'\r\n                                      data-rating='0'\r\n                                      data-rater-starsize='32'\r\n                                      data-rater-readonly='false'\r\n                                      data-rater-nonce='df9b54cd3f'\r\n                                      data-issingular='false'\r\n                                    ><\/div><div class=\"yasr-vv-stats-text-container\" id=\"yasr-vv-stats-text-container-299fe849d62f2\"><svg xmlns=\"https:\/\/www.w3.org\/2000\/svg\" width=\"20\" height=\"20\"\r\n                                   class=\"yasr-dashicons-visitor-stats\"\r\n                                   data-postid=\"22566\"\r\n                                   id=\"yasr-stats-dashicon-299fe849d62f2\">\r\n                                   <path d=\"M18 18v-16h-4v16h4zM12 18v-11h-4v11h4zM6 18v-8h-4v8h4z\"><\/path>\r\n                               <\/svg><span id=\"yasr-vv-text-container-299fe849d62f2\" class=\"yasr-vv-text-container\"> (Votos: <span id=\"yasr-vv-votes-number-container-299fe849d62f2\">0<\/span>  Promedio: <span id=\"yasr-vv-average-container-299fe849d62f2\">0<\/span>)<\/span><\/div><div id='yasr-vv-loader-299fe849d62f2' class='yasr-vv-container-loader'><\/div><\/div><div id='yasr-vv-bottom-container-299fe849d62f2'\r\n                              class='yasr-vv-bottom-container'\r\n                              style='display:none'><\/div><\/div><!--End Yasr Visitor Votes Shortcode--><\/div>","protected":false},"excerpt":{"rendered":"<p>Con el verano a la vuelta de la esquina, las residencias para mayores en Madrid&#8230;<\/p>\n","protected":false},"author":36,"featured_media":22568,"comment_status":"closed","ping_status":"closed","sticky":false,"template":"","format":"standard","meta":{"yasr_overall_rating":0,"yasr_post_is_review":"","yasr_auto_insert_disabled":"","yasr_review_type":"","footnotes":""},"categories":[251,362],"tags":[22,1701],"class_list":["post-22566","post","type-post","status-publish","format-standard","has-post-thumbnail","hentry","category-residencias","category-residencias-de-mayores","tag-residencias-de-mayores","tag-verano"],"yasr_visitor_votes":{"stars_attributes":{"read_only":false,"span_bottom":false},"number_of_votes":0,"sum_votes":0},"_links":{"self":[{"href":"https:\/\/miresi.es\/blog\/wp-json\/wp\/v2\/posts\/22566","targetHints":{"allow":["GET"]}}],"collection":[{"href":"https:\/\/miresi.es\/blog\/wp-json\/wp\/v2\/posts"}],"about":[{"href":"https:\/\/miresi.es\/blog\/wp-json\/wp\/v2\/types\/post"}],"author":[{"embeddable":true,"href":"https:\/\/miresi.es\/blog\/wp-json\/wp\/v2\/users\/36"}],"replies":[{"embeddable":true,"href":"https:\/\/miresi.es\/blog\/wp-json\/wp\/v2\/comments?post=22566"}],"version-history":[{"count":5,"href":"https:\/\/miresi.es\/blog\/wp-json\/wp\/v2\/posts\/22566\/revisions"}],"predecessor-version":[{"id":23159,"href":"https:\/\/miresi.es\/blog\/wp-json\/wp\/v2\/posts\/22566\/revisions\/23159"}],"wp:featuredmedia":[{"embeddable":true,"href":"https:\/\/miresi.es\/blog\/wp-json\/wp\/v2\/media\/22568"}],"wp:attachment":[{"href":"https:\/\/miresi.es\/blog\/wp-json\/wp\/v2\/media?parent=22566"}],"wp:term":[{"taxonomy":"category","embeddable":true,"href":"https:\/\/miresi.es\/blog\/wp-json\/wp\/v2\/categories?post=22566"},{"taxonomy":"post_tag","embeddable":true,"href":"https:\/\/miresi.es\/blog\/wp-json\/wp\/v2\/tags?post=22566"}],"curies":[{"name":"wp","href":"https:\/\/api.w.org\/{rel}","templated":true}]}}