{"id":22598,"date":"2024-07-03T10:30:00","date_gmt":"2024-07-03T09:30:00","guid":{"rendered":"https:\/\/miresi.es\/blog\/?p=22598"},"modified":"2026-04-23T17:57:25","modified_gmt":"2026-04-23T16:57:25","slug":"residencia-de-mayores-cuando-y-como-solicitar-sus-servicios","status":"publish","type":"post","link":"https:\/\/miresi.es\/blog\/residencia-de-mayores-cuando-y-como-solicitar-sus-servicios\/","title":{"rendered":"Residencia de mayores: Cu\u00e1ndo y c\u00f3mo solicitar sus servicios"},"content":{"rendered":"\n<p>Reconocer cu\u00e1ndo es el momento necesario para solicitar los <strong>servicios de una residencia de mayores<\/strong> puede ser muy dif\u00edcil.<\/p>\n\n\n\n<p>Encontrar el equilibrio adecuado entre cuidar a un ser querido en casa y brindarles la atenci\u00f3n especializada es un desaf\u00edo.<\/p>\n\n\n\n<p>En <a href=\"http:\/\/www.miresi.es\"  target=\"_blank\" title=\"\"  target=\"_blank\" title=\"\">miResi <\/a>te explicamos las se\u00f1ales que podr\u00edan indicar que tu familiar necesita el cuidado que solo una residencia de mayores puede proporcionar.<\/p>\n\n\n\n<figure class=\"wp-block-image size-large\"><img decoding=\"async\" src=\"https:\/\/miresiblog.imgix.net\/uploads\/2023\/03\/nurse-senior-ache-backache-home-care-patient-pain-2023-02-21-03-29-09-utc.jpg?auto=format%2Ccompress&fit=crop&h=887&ixlib=php-3.3.0&w=1024&s=83f664c6edf98466b257e277e4f0739b\" alt=\"Residencias de mayores. Polimialgia reum\u00e1tica en la vejez\" class=\"wp-image-18569\" srcset=\"https:\/\/miresiblog.imgix.net\/uploads\/2023\/03\/nurse-senior-ache-backache-home-care-patient-pain-2023-02-21-03-29-09-utc-scaled.jpg?auto=format%2Ccompress&fit=crop&h=887&ixlib=php-3.3.0&w=1024&s=bb991dd5de52236243f5d5bd09823dac 1024w, https:\/\/miresiblog.imgix.net\/uploads\/2023\/03\/nurse-senior-ache-backache-home-care-patient-pain-2023-02-21-03-29-09-utc-scaled.jpg?auto=format%2Ccompress&fit=crop&h=260&ixlib=php-3.3.0&w=300&s=d75b63012843833521bb53295c97e6ee 300w, https:\/\/miresiblog.imgix.net\/uploads\/2023\/03\/nurse-senior-ache-backache-home-care-patient-pain-2023-02-21-03-29-09-utc-scaled.jpg?auto=format%2Ccompress&fit=crop&h=665&ixlib=php-3.3.0&w=768&s=663a557b9a990881fa14df7708302223 768w, https:\/\/miresiblog.imgix.net\/uploads\/2023\/03\/nurse-senior-ache-backache-home-care-patient-pain-2023-02-21-03-29-09-utc-scaled.jpg?auto=format%2Ccompress&fit=crop&h=1330&ixlib=php-3.3.0&w=1536&s=446a30ca63a9fb25afc1d64661841c54 1536w, https:\/\/miresiblog.imgix.net\/uploads\/2023\/03\/nurse-senior-ache-backache-home-care-patient-pain-2023-02-21-03-29-09-utc-scaled.jpg?auto=format%2Ccompress&fit=crop&h=1774&ixlib=php-3.3.0&w=2048&s=0a52557f54ac5bbfcd1ec35f4aaae722 2048w, https:\/\/miresiblog.imgix.net\/uploads\/2023\/03\/nurse-senior-ache-backache-home-care-patient-pain-2023-02-21-03-29-09-utc-scaled.jpg?auto=format%2Ccompress&fit=crop&h=312&ixlib=php-3.3.0&w=360&s=e3f20448d1f61630d2d9b23d44a16de6 360w, https:\/\/miresiblog.imgix.net\/uploads\/2023\/03\/nurse-senior-ache-backache-home-care-patient-pain-2023-02-21-03-29-09-utc-scaled.jpg?auto=format%2Ccompress&ixlib=php-3.3.0&w=693&s=5895dc80a908bfe61bccb9513ce8c886 693w\" sizes=\"(max-width: 1024px) 100vw, 1024px\" data-recalc-dims=\"1\" \/><figcaption class=\"wp-element-caption\">A menudo, existen mitos alrededor de las residencias que pueden generar dudas y ansiedades en las familias. Es crucial desmitificar estas percepciones err\u00f3neas para permitir una visi\u00f3n m\u00e1s clara y realista de las opciones de cuidado disponible.<\/figcaption><\/figure>\n\n\n\n<h2 class=\"wp-block-heading\">Se\u00f1ales que indican que tu mayor necesita de una residencia de mayores<\/h2>\n\n\n\n<p>En el ajetreo de la vida diaria, es f\u00e1cil pasar por alto se\u00f1ales que nos indican que un familiar <strong>pu<\/strong>ede<strong> necesitar<\/strong> de un cuidado especializado. <\/p>\n\n\n\n<p>Observar de cerca a nuestros familiares mayores, puede revelar pistas importantes que no deber\u00edamos ignorar.<\/p>\n\n\n\n<div class=\"wp-block-buttons is-layout-flex wp-block-buttons-is-layout-flex\">\n<div class=\"wp-block-button has-custom-font-size has-medium-font-size\"><a href=\"https:\/\/buscador.miresi.es\/?utm_source=blog&_gl=1*1cmcxvf*_up*MQ..*_ga*MTM2MTUzMzQxNC4xNzE3NDk1NzY4*_ga_6KEPMF6WZJ*MTcxNzQ5NTc2Ni4xLjAuMTcxNzQ5NTc2Ni4wLjAuMA..\"  rel=\"nofollow\"  rel=\"nofollow\">Te ayudamos gratis a encontrar la residencia ideal<\/a><\/div>\n<\/div>\n\n\n\n<h3 class=\"wp-block-heading\">\u00bfC\u00f3mo identificar esas se\u00f1ales?<\/h3>\n\n\n\n<p><strong>1. Cambios f\u00edsicos notables:<\/strong> Los cambios f\u00edsicos son a menudo los indicadores m\u00e1s visibles. Estos pueden manifestarse en la p\u00e9rdida de peso repentina, problemas de movilidad, descuidos en la higiene personal o incluso dificultades para recordar la medicaci\u00f3n de manera adecuada.<\/p>\n\n\n\n<p><strong>2. Impacto emocional y social:<\/strong> Observar la salud emocional y social de tu ser querido es igualmente relevante. \u00bfHa mostrado signos de desinter\u00e9s en actividades que antes disfrutaba? \u00bfSe ve m\u00e1s aislado o distante de sus seres queridos? Estos cambios en su bienestar emocional podr\u00edan ser indicadores de que requiere un entorno m\u00e1s estimulante.<\/p>\n\n\n\n<p>3. Problemas cognitivos y conductuales: La presencia de problemas cognitivos, como la p\u00e9rdida de memoria progresiva, confusiones frecuentes, desorientaci\u00f3n en el tiempo o espacio, cambios de personalidad o comportamientos inusuales e inadaptados, pueden indicar la necesidad de una residencia de mayores.<\/p>\n\n\n\n<p>4. <strong>Cuidado y atenci\u00f3n requerida:<\/strong> Si has llegado al punto de sentir que la prestaci\u00f3n de cuidados es insostenible para tu familia, puede ser una se\u00f1al clara de que un mayor necesita un nivel de cuidado profesional.<\/p>\n\n\n\n<p><strong><em><a href=\"https:\/\/miresi.es\/blog\/10-sintomas-de-demencia-senil-descubrelos-y-busca-ayuda\/\"  target=\"_blank\" rel=\"noopener\" title=\"\"  target=\"_blank\" rel=\"noopener\" title=\"\">Lee nuestro art\u00edculo: 10 s\u00edntomas de Demencia Senil: Desc\u00fabrelos y busca ayuda<\/a><\/em><\/strong><\/p>\n\n\n\n<h3 class=\"wp-block-heading\">Aceptar la realidad con sensibilidad<\/h3>\n\n\n\n<p>Reconocer estas se\u00f1ales sensibles es el primer paso hacia una toma de decisiones informada y amorosa. <strong>En miResi entendemos lo delicado y emotivo que puede ser este proceso <\/strong>y estamos aqu\u00ed para brindarte el apoyo necesario. <\/p>\n\n\n\n<p>Las residencias de mayores son opciones que permiten el mejor cuidado profesional y con las instalaciones necesarias. <\/p>\n\n\n\n<div class=\"wp-block-buttons is-layout-flex wp-block-buttons-is-layout-flex\">\n<div class=\"wp-block-button has-custom-font-size has-medium-font-size\"><a href=\"https:\/\/buscador.miresi.es\/?utm_source=blog&_gl=1*esl89n*_up*MQ..*_ga*OTY0MTc3ODU4LjE3MTc1ODM1MzA.*_ga_CVYZKMZBJK*MTcxNzU4MzU0MC4xLjAuMTcxNzU4MzU0MC4wLjAuMA..*_ga_6KEPMF6WZJ*MTcxNzU4MzUyOS4xLjEuMTcxNzU4MzU0MC4wLjAuMA..\"  rel=\"nofollow\"  rel=\"nofollow\">Contacta gratis con nuestros expertos<\/a><\/div>\n<\/div>\n\n\n\n<hr class=\"wp-block-separator has-alpha-channel-opacity\"\/>\n\n\n\n<h2 class=\"wp-block-heading\">Dile adi\u00f3s a los mitos sobre las residencias de mayores<\/h2>\n\n\n\n<p>Las residencias de mayores a menudo est\u00e1n envueltas en una bruma de mitos y preconcepciones que pueden generar dudas.<\/p>\n\n\n\n<p>Es importante desentra\u00f1ar estas percepciones err\u00f3neas para permitir una visi\u00f3n clara y realista de lo que estas instituciones realmente ofrecen.<\/p>\n\n\n\n<p>Espa\u00f1a cuenta con una amplia cantidad de <strong>residencias especializadas, equipo profesional y emp\u00e1tico <\/strong>que est\u00e1 disponible para ayudar a los mayores.<\/p>\n\n\n\n<p>Lo m\u00e1s importante es <strong>saber reconocer los centros que ofrecen la mejor calidad <\/strong>y con personas que tienen la vocaci\u00f3n para cuidar a las personas de la tercera edad.<\/p>\n\n\n\n<p>La buena noticia es que nosotros te guiamos durante todo el proceso y te ayudamos a seleccionar las mejores residencias. <\/p>\n\n\n\n<h3 class=\"wp-block-heading\">Derriba los mitos comunes de las residencias de mayores<\/h3>\n\n\n\n<p><strong>1. Falta de personalizaci\u00f3n:<\/strong> El mito de que las residencias de mayores carecen de una atenci\u00f3n personalizada es muy extendido. Sin embargo, la realidad es que las buenas residencias se esfuerzan por proporcionar un cuidado individualizado y atento para cada residente, adapt\u00e1ndose a sus necesidades y preferencias espec\u00edficas.<\/p>\n\n\n\n<p><strong>2. Entorno fr\u00edo e institucional:<\/strong> Otro mito com\u00fan es la percepci\u00f3n de que las residencias de mayores carecen de calidez y familiaridad. En realidad, muchas residencias ofrecen un entorno acogedor, estructurado para brindar comodidad y un sentido de comunidad entre los residentes.<\/p>\n\n\n\n<p>Nosotros <strong>te ayudamos a coordinar las visitas en las residencias de mayores que son de tu inter\u00e9s<\/strong> para que puedas conocer de primera mano c\u00f3mo es el servicio.<\/p>\n\n\n\n<p>Lo m\u00e1s importante en estos momentos es el apoyo emocional y la comunicaci\u00f3n en la familia. <\/p>\n\n\n\n<p>Durante todo el proceso, es esencial abogar por tomar decisiones informadas y consideradas. Reconocer las necesidades cambiantes y brindar una visi\u00f3n transparente y sensata del cuidado especializado, puede ser el primer paso hacia un entorno que promueva la mejor calidad de vida y bienestar para nuestros mayores.<\/p>\n\n\n\n<h2 class=\"wp-block-heading\">Testimonios de familias que buscaron una residencia de mayores<\/h2>\n\n\n\n<p>En miResi ayudamos a m\u00e1s de 10.000 familias al mes. Ellas nos contactan y un experto en residencias les gu\u00eda durante todo el proceso.<\/p>\n\n\n\n<p>Puedes leer sus comentarios y tambi\u00e9n entender\u00e1s que este proceso lo viven muchas otras personas. La clave est\u00e1 en el acompa\u00f1amiento profesional. <br><\/p>\n\n\n\n<figure class=\"wp-block-gallery has-nested-images columns-default is-cropped wp-block-gallery-1 is-layout-flex wp-block-gallery-is-layout-flex\">\n<figure class=\"wp-block-image size-large\"><img decoding=\"async\" data-id=\"22600\" src=\"https:\/\/miresiblog.imgix.net\/uploads\/2024\/07\/Captura-de-pantalla-2024-06-05-a-las-140048.png?auto=format%2Ccompress&fit=crop&h=312&ixlib=php-3.3.0&w=1024&s=0a05993da8fd39fc036eec6ae139766a\" alt=\"Rese\u00f1a positiva de un cliente sobre la experiencia al buscar una residencia de mayores con miResi.\" class=\"wp-image-22600\" srcset=\"https:\/\/miresiblog.imgix.net\/uploads\/2024\/07\/Captura-de-pantalla-2024-06-05-a-las-140048.png?auto=format%2Ccompress&fit=crop&h=312&ixlib=php-3.3.0&w=1024&s=0a05993da8fd39fc036eec6ae139766a 1024w, https:\/\/miresiblog.imgix.net\/uploads\/2024\/07\/Captura-de-pantalla-2024-06-05-a-las-140048.png?auto=format%2Ccompress&fit=crop&h=91&ixlib=php-3.3.0&w=300&s=489581a9ef0f896c5e2d272005280800 300w, https:\/\/miresiblog.imgix.net\/uploads\/2024\/07\/Captura-de-pantalla-2024-06-05-a-las-140048.png?auto=format%2Ccompress&fit=crop&h=234&ixlib=php-3.3.0&w=768&s=1e7bd1af4ce14781c277ea32e9abee68 768w, https:\/\/miresiblog.imgix.net\/uploads\/2024\/07\/Captura-de-pantalla-2024-06-05-a-las-140048.png?auto=format%2Ccompress&fit=crop&h=110&ixlib=php-3.3.0&w=360&s=034583ac01bf896bc26059e00153ae8d 360w, https:\/\/miresiblog.imgix.net\/uploads\/2024\/07\/Captura-de-pantalla-2024-06-05-a-las-140048.png?auto=format%2Ccompress&ixlib=php-3.3.0&w=1522&s=7d00ccd1153d575977bd0fbe8d78ea79 1522w\" sizes=\"(max-width: 1024px) 100vw, 1024px\" data-recalc-dims=\"1\" \/><\/figure>\n\n\n\n<figure class=\"wp-block-image size-large\"><img decoding=\"async\" data-id=\"22601\" src=\"https:\/\/miresiblog.imgix.net\/uploads\/2024\/07\/Captura-de-pantalla-2024-06-06-a-las-93526.png?auto=format%2Ccompress&fit=crop&h=318&ixlib=php-3.3.0&w=1024&s=682d6886fe2e3e3cb6712231b30d51a3\" alt=\"Rese\u00f1a positiva de un cliente sobre la experiencia al buscar una residencia de mayores con miResi.\" class=\"wp-image-22601\" srcset=\"https:\/\/miresiblog.imgix.net\/uploads\/2024\/07\/Captura-de-pantalla-2024-06-06-a-las-93526.png?auto=format%2Ccompress&fit=crop&h=318&ixlib=php-3.3.0&w=1024&s=682d6886fe2e3e3cb6712231b30d51a3 1024w, https:\/\/miresiblog.imgix.net\/uploads\/2024\/07\/Captura-de-pantalla-2024-06-06-a-las-93526.png?auto=format%2Ccompress&fit=crop&h=93&ixlib=php-3.3.0&w=300&s=121f78e91787783b293e7256913572e7 300w, https:\/\/miresiblog.imgix.net\/uploads\/2024\/07\/Captura-de-pantalla-2024-06-06-a-las-93526.png?auto=format%2Ccompress&fit=crop&h=238&ixlib=php-3.3.0&w=768&s=e27c23705b9b07d0c8810fa5f8b66452 768w, https:\/\/miresiblog.imgix.net\/uploads\/2024\/07\/Captura-de-pantalla-2024-06-06-a-las-93526.png?auto=format%2Ccompress&fit=crop&h=477&ixlib=php-3.3.0&w=1536&s=9c5107432bb8e5f55fb5ebe0723e67bc 1536w, https:\/\/miresiblog.imgix.net\/uploads\/2024\/07\/Captura-de-pantalla-2024-06-06-a-las-93526.png?auto=format%2Ccompress&fit=crop&h=112&ixlib=php-3.3.0&w=360&s=27c4b8ef86f03638d6e2bd01cb4d6c7b 360w, https:\/\/miresiblog.imgix.net\/uploads\/2024\/07\/Captura-de-pantalla-2024-06-06-a-las-93526.png?auto=format%2Ccompress&ixlib=php-3.3.0&w=1566&s=d9dd2fc26ca0a771ca605cd37269c815 1566w\" sizes=\"(max-width: 1024px) 100vw, 1024px\" data-recalc-dims=\"1\" \/><\/figure>\n<\/figure>\n\n\n\n<figure class=\"wp-block-gallery has-nested-images columns-default is-cropped wp-block-gallery-2 is-layout-flex wp-block-gallery-is-layout-flex\">\n<figure class=\"wp-block-image size-large\"><img decoding=\"async\" data-id=\"22602\" src=\"https:\/\/miresiblog.imgix.net\/uploads\/2024\/07\/Captura-de-pantalla-2024-06-06-a-las-93544.png?auto=format%2Ccompress&fit=crop&h=362&ixlib=php-3.3.0&w=1024&s=636e5a2c65c82de569f4991d41ec4b95\" alt=\"Rese\u00f1a positiva de un cliente sobre la experiencia al buscar una residencia de mayores con miResi.\" class=\"wp-image-22602\" srcset=\"https:\/\/miresiblog.imgix.net\/uploads\/2024\/07\/Captura-de-pantalla-2024-06-06-a-las-93544.png?auto=format%2Ccompress&fit=crop&h=362&ixlib=php-3.3.0&w=1024&s=636e5a2c65c82de569f4991d41ec4b95 1024w, https:\/\/miresiblog.imgix.net\/uploads\/2024\/07\/Captura-de-pantalla-2024-06-06-a-las-93544.png?auto=format%2Ccompress&fit=crop&h=106&ixlib=php-3.3.0&w=300&s=aca8d3110a1a8ef6de50f7c7e70600a9 300w, https:\/\/miresiblog.imgix.net\/uploads\/2024\/07\/Captura-de-pantalla-2024-06-06-a-las-93544.png?auto=format%2Ccompress&fit=crop&h=271&ixlib=php-3.3.0&w=768&s=1ca37d07c9458b9302251605bbb56e56 768w, https:\/\/miresiblog.imgix.net\/uploads\/2024\/07\/Captura-de-pantalla-2024-06-06-a-las-93544.png?auto=format%2Ccompress&fit=crop&h=542&ixlib=php-3.3.0&w=1536&s=f9e0326787b0d7c3a8c2d445b2b370c2 1536w, https:\/\/miresiblog.imgix.net\/uploads\/2024\/07\/Captura-de-pantalla-2024-06-06-a-las-93544.png?auto=format%2Ccompress&fit=crop&h=127&ixlib=php-3.3.0&w=360&s=c4d505d66da8e72f9dd8d99b94f90a50 360w, https:\/\/miresiblog.imgix.net\/uploads\/2024\/07\/Captura-de-pantalla-2024-06-06-a-las-93544.png?auto=format%2Ccompress&ixlib=php-3.3.0&w=1200&s=a191326c03427d6050775b711f7f59a3 1200w\" sizes=\"(max-width: 1024px) 100vw, 1024px\" data-recalc-dims=\"1\" \/><\/figure>\n<\/figure>\n\n\n\n<figure class=\"wp-block-gallery has-nested-images columns-default wp-block-gallery-3 is-layout-flex wp-block-gallery-is-layout-flex\">\n<figure class=\"wp-block-image size-large\"><img decoding=\"async\" data-id=\"22605\" src=\"https:\/\/miresiblog.imgix.net\/uploads\/2024\/07\/Captura-de-pantalla-2024-06-06-a-las-94155.png?auto=format%2Ccompress&fit=crop&h=270&ixlib=php-3.3.0&w=1024&s=8b428f0f2652d7cca5d06c81d7b3c13b\" alt=\"Rese\u00f1a positiva de un cliente sobre la experiencia al buscar una residencia de mayores con miResi.\" class=\"wp-image-22605\" srcset=\"https:\/\/miresiblog.imgix.net\/uploads\/2024\/07\/Captura-de-pantalla-2024-06-06-a-las-94155.png?auto=format%2Ccompress&fit=crop&h=270&ixlib=php-3.3.0&w=1024&s=8b428f0f2652d7cca5d06c81d7b3c13b 1024w, https:\/\/miresiblog.imgix.net\/uploads\/2024\/07\/Captura-de-pantalla-2024-06-06-a-las-94155.png?auto=format%2Ccompress&fit=crop&h=79&ixlib=php-3.3.0&w=300&s=62120c42f54f9e0c34707988955e15ae 300w, https:\/\/miresiblog.imgix.net\/uploads\/2024\/07\/Captura-de-pantalla-2024-06-06-a-las-94155.png?auto=format%2Ccompress&fit=crop&h=202&ixlib=php-3.3.0&w=768&s=aaa1abe3f355ee9921dfcef02bd7c4b4 768w, https:\/\/miresiblog.imgix.net\/uploads\/2024\/07\/Captura-de-pantalla-2024-06-06-a-las-94155.png?auto=format%2Ccompress&fit=crop&h=405&ixlib=php-3.3.0&w=1536&s=99a9b1f45ef335215672d85c181a2d56 1536w, https:\/\/miresiblog.imgix.net\/uploads\/2024\/07\/Captura-de-pantalla-2024-06-06-a-las-94155.png?auto=format%2Ccompress&fit=crop&h=95&ixlib=php-3.3.0&w=360&s=299a1470409a1b5524fbd37ce8160fe8 360w, https:\/\/miresiblog.imgix.net\/uploads\/2024\/07\/Captura-de-pantalla-2024-06-06-a-las-94155.png?auto=format%2Ccompress&ixlib=php-3.3.0&w=1200&s=fce6223f5fc5c540b130b06dbcdb14bc 1200w\" sizes=\"(max-width: 1024px) 100vw, 1024px\" data-recalc-dims=\"1\" \/><\/figure>\n\n\n\n<figure class=\"wp-block-image size-full\"><img decoding=\"async\" width=\"1514\" height=\"486\" data-id=\"22604\" src=\"https:\/\/miresiblog.imgix.net\/uploads\/2024\/07\/Captura-de-pantalla-2024-06-06-a-las-93316.png?auto=format%2Ccompress&ixlib=php-3.3.0&s=8ba34ba31bc357593736ebdadb322b05\" alt=\"Rese\u00f1a positiva de un cliente sobre la experiencia al buscar una residencia de mayores con miResi.\" class=\"wp-image-22604\" srcset=\"https:\/\/miresiblog.imgix.net\/uploads\/2024\/07\/Captura-de-pantalla-2024-06-06-a-las-93316.png?auto=format%2Ccompress&ixlib=php-3.3.0&w=1514&s=a10853a31beb830272725ad16bcbdaeb 1514w, https:\/\/miresiblog.imgix.net\/uploads\/2024\/07\/Captura-de-pantalla-2024-06-06-a-las-93316.png?auto=format%2Ccompress&fit=crop&h=96&ixlib=php-3.3.0&w=300&s=52fc056cc5b2804aa32fa65dfc15569d 300w, https:\/\/miresiblog.imgix.net\/uploads\/2024\/07\/Captura-de-pantalla-2024-06-06-a-las-93316.png?auto=format%2Ccompress&fit=crop&h=329&ixlib=php-3.3.0&w=1024&s=5c96cec7b649267489c1eae3a83e6fca 1024w, https:\/\/miresiblog.imgix.net\/uploads\/2024\/07\/Captura-de-pantalla-2024-06-06-a-las-93316.png?auto=format%2Ccompress&fit=crop&h=247&ixlib=php-3.3.0&w=768&s=75c9c7b8751f58ea6a2e2462b8783333 768w, https:\/\/miresiblog.imgix.net\/uploads\/2024\/07\/Captura-de-pantalla-2024-06-06-a-las-93316.png?auto=format%2Ccompress&fit=crop&h=116&ixlib=php-3.3.0&w=360&s=6b82a4e91149d9ac5e029a131800fda3 360w\" sizes=\"(max-width: 1514px) 100vw, 1514px\" \/><\/figure>\n<\/figure>\n\n\n\n<p>Cada testimonio es un recordatorio del valor de la empat\u00eda, la orientaci\u00f3n experta y el apoyo continuo en el camino hacia una mejor calidad de vida para nuestros mayores.<\/p>\n<div style='text-align:center' class='yasr-auto-insert-visitor'><!--Yasr Visitor Votes Shortcode--><div id='yasr_visitor_votes_3f92e5f3c6528' class='yasr-visitor-votes'><div class=\"yasr-custom-text-vv-before yasr-custom-text-vv-before-22598\">\u00a1Haz clic para puntuar esta entrada!<\/div><div id='yasr-vv-second-row-container-3f92e5f3c6528'\r\n                                        class='yasr-vv-second-row-container'><div id='yasr-visitor-votes-rater-3f92e5f3c6528'\r\n                                      class='yasr-rater-stars-vv'\r\n                                      data-rater-postid='22598'\r\n                                      data-rating='0'\r\n                                      data-rater-starsize='32'\r\n                                      data-rater-readonly='false'\r\n                                      data-rater-nonce='df9b54cd3f'\r\n                                      data-issingular='false'\r\n                                    ><\/div><div class=\"yasr-vv-stats-text-container\" id=\"yasr-vv-stats-text-container-3f92e5f3c6528\"><svg xmlns=\"https:\/\/www.w3.org\/2000\/svg\" width=\"20\" height=\"20\"\r\n                                   class=\"yasr-dashicons-visitor-stats\"\r\n                                   data-postid=\"22598\"\r\n                                   id=\"yasr-stats-dashicon-3f92e5f3c6528\">\r\n                                   <path d=\"M18 18v-16h-4v16h4zM12 18v-11h-4v11h4zM6 18v-8h-4v8h4z\"><\/path>\r\n                               <\/svg><span id=\"yasr-vv-text-container-3f92e5f3c6528\" class=\"yasr-vv-text-container\"> (Votos: <span id=\"yasr-vv-votes-number-container-3f92e5f3c6528\">0<\/span>  Promedio: <span id=\"yasr-vv-average-container-3f92e5f3c6528\">0<\/span>)<\/span><\/div><div id='yasr-vv-loader-3f92e5f3c6528' class='yasr-vv-container-loader'><\/div><\/div><div id='yasr-vv-bottom-container-3f92e5f3c6528'\r\n                              class='yasr-vv-bottom-container'\r\n                              style='display:none'><\/div><\/div><!--End Yasr Visitor Votes Shortcode--><\/div>","protected":false},"excerpt":{"rendered":"<p>Reconocer cu\u00e1ndo es el momento necesario para solicitar los servicios de una residencia de mayores&#8230;<\/p>\n","protected":false},"author":36,"featured_media":19613,"comment_status":"open","ping_status":"open","sticky":false,"template":"","format":"standard","meta":{"yasr_overall_rating":0,"yasr_post_is_review":"","yasr_auto_insert_disabled":"","yasr_review_type":"","footnotes":""},"categories":[251],"tags":[22],"class_list":["post-22598","post","type-post","status-publish","format-standard","has-post-thumbnail","hentry","category-residencias","tag-residencias-de-mayores"],"yasr_visitor_votes":{"stars_attributes":{"read_only":false,"span_bottom":false},"number_of_votes":0,"sum_votes":0},"_links":{"self":[{"href":"https:\/\/miresi.es\/blog\/wp-json\/wp\/v2\/posts\/22598","targetHints":{"allow":["GET"]}}],"collection":[{"href":"https:\/\/miresi.es\/blog\/wp-json\/wp\/v2\/posts"}],"about":[{"href":"https:\/\/miresi.es\/blog\/wp-json\/wp\/v2\/types\/post"}],"author":[{"embeddable":true,"href":"https:\/\/miresi.es\/blog\/wp-json\/wp\/v2\/users\/36"}],"replies":[{"embeddable":true,"href":"https:\/\/miresi.es\/blog\/wp-json\/wp\/v2\/comments?post=22598"}],"version-history":[{"count":10,"href":"https:\/\/miresi.es\/blog\/wp-json\/wp\/v2\/posts\/22598\/revisions"}],"predecessor-version":[{"id":22614,"href":"https:\/\/miresi.es\/blog\/wp-json\/wp\/v2\/posts\/22598\/revisions\/22614"}],"wp:featuredmedia":[{"embeddable":true,"href":"https:\/\/miresi.es\/blog\/wp-json\/wp\/v2\/media\/19613"}],"wp:attachment":[{"href":"https:\/\/miresi.es\/blog\/wp-json\/wp\/v2\/media?parent=22598"}],"wp:term":[{"taxonomy":"category","embeddable":true,"href":"https:\/\/miresi.es\/blog\/wp-json\/wp\/v2\/categories?post=22598"},{"taxonomy":"post_tag","embeddable":true,"href":"https:\/\/miresi.es\/blog\/wp-json\/wp\/v2\/tags?post=22598"}],"curies":[{"name":"wp","href":"https:\/\/api.w.org\/{rel}","templated":true}]}}