{"id":22616,"date":"2024-07-04T15:42:22","date_gmt":"2024-07-04T14:42:22","guid":{"rendered":"https:\/\/miresi.es\/blog\/?p=22616"},"modified":"2026-04-23T17:57:24","modified_gmt":"2026-04-23T16:57:24","slug":"precios-de-residencias-de-ancianos-en-alava-guia-completa-para-tomar-la-mejor-decision","status":"publish","type":"post","link":"https:\/\/miresi.es\/blog\/precios-de-residencias-de-ancianos-en-alava-guia-completa-para-tomar-la-mejor-decision\/","title":{"rendered":"Precios de Residencias de ancianos en \u00c1lava: Gu\u00eda completa para tomar la mejor decisi\u00f3n"},"content":{"rendered":"\n<p>Si te preguntas <strong>\u00bfcu\u00e1les son los precios de Residencias de ancianos en \u00c1lava? <\/strong>En este blog te explicaremos todo lo relacionado con costes, estilo de vida en la provincia y los centros destacados.  <\/p>\n\n\n\n<p>Elegir una Residencia para un ser querido es una decisi\u00f3n muy importante, especialmente cuando se considera el coste. En \u00c1lava, <strong>el precio medio de una residencia de ancianos es de 2.250<strong>\u20ac<\/strong> al mes, <\/strong>lo que es ser superior a la <strong>media de Espa\u00f1a que es de 1.816<strong>\u20ac<\/strong>, seg\u00fan datos de miResi<\/strong> al 2024. <\/p>\n\n\n\n<p>Sin embargo, no solo el precio debe ser el factor que se toma en cuenta cuando se decide cu\u00e1l es la mejor Residencia de ancianos para un ser querido. Debe existir un balance con la calidad, el profesionalismo y la atenci\u00f3n sensible por parte del personal. <\/p>\n\n\n\n<p>\u00c1lava es una excelente opci\u00f3n para las familias que est\u00e1n en busca del mejor lugar para su mayor. Te explicamos. <\/p>\n\n\n\n<div class=\"wp-block-buttons is-layout-flex wp-block-buttons-is-layout-flex\">\n<div class=\"wp-block-button has-custom-font-size is-style-outline has-medium-font-size is-style-outline--1\"><a href=\"https:\/\/buscador.miresi.es\/?utm_source=blog&_gl=1*esl89n*_up*MQ..*_ga*OTY0MTc3ODU4LjE3MTc1ODM1MzA.*_ga_CVYZKMZBJK*MTcxNzU4MzU0MC4xLjAuMTcxNzU4MzU0MC4wLjAuMA..*_ga_6KEPMF6WZJ*MTcxNzU4MzUyOS4xLjEuMTcxNzU4MzU0MC4wLjAuMA..\"  rel=\"nofollow\"  rel=\"nofollow\">Ay\u00fadame a encontrar la mejor residencia de mayores<\/a><\/div>\n<\/div>\n\n\n\n<figure class=\"wp-block-image size-large\"><img decoding=\"async\" src=\"https:\/\/miresiblog.imgix.net\/uploads\/2024\/07\/2.png?auto=format%2Ccompress&fit=crop&h=858&ixlib=php-3.3.0&w=1024&s=a2a24ad17cc23158b68f7fe9e6bf1e72\" alt=\"Imagen de la diputaci\u00f3n provincial de \u00c1lava que est\u00e1 situada en Vitoria.\nLos precios de las residencias de ancianos en \u00c1lava tienen una media de 2.250\u20ac.\" class=\"wp-image-22617\" srcset=\"https:\/\/miresiblog.imgix.net\/uploads\/2024\/07\/2.png?auto=format%2Ccompress&fit=crop&h=858&ixlib=php-3.3.0&w=1024&s=a2a24ad17cc23158b68f7fe9e6bf1e72 1024w, https:\/\/miresiblog.imgix.net\/uploads\/2024\/07\/2.png?auto=format%2Ccompress&fit=crop&h=251&ixlib=php-3.3.0&w=300&s=e890c6a760fc073941dba95fe7c26e26 300w, https:\/\/miresiblog.imgix.net\/uploads\/2024\/07\/2.png?auto=format%2Ccompress&fit=crop&h=644&ixlib=php-3.3.0&w=768&s=288b3af80e4ab0436e6433419651ba78 768w, https:\/\/miresiblog.imgix.net\/uploads\/2024\/07\/2.png?auto=format%2Ccompress&fit=crop&h=1288&ixlib=php-3.3.0&w=1536&s=d2f4ebf53f5c8ed5b724e602cc5d233a 1536w, https:\/\/miresiblog.imgix.net\/uploads\/2024\/07\/2.png?auto=format%2Ccompress&fit=crop&h=1717&ixlib=php-3.3.0&w=2048&s=0242357a75bb4197c95b5444043e45ba 2048w, https:\/\/miresiblog.imgix.net\/uploads\/2024\/07\/2.png?auto=format%2Ccompress&fit=crop&h=302&ixlib=php-3.3.0&w=360&s=a45dd602063d2adc3a9b2ea52bc8d3dc 360w, https:\/\/miresiblog.imgix.net\/uploads\/2024\/07\/2.png?auto=format%2Ccompress&ixlib=php-3.3.0&w=716&s=fd784db5511bebec3177273969ca4483 716w\" sizes=\"(max-width: 1024px) 100vw, 1024px\" data-recalc-dims=\"1\" \/><figcaption class=\"wp-element-caption\">\u00c1lava destaca por sus paisajes pintorescos y espacios verdes, que proporcionan un ambiente sereno y revitalizante para los mayores.<\/figcaption><\/figure>\n\n\n\n<h2 class=\"wp-block-heading\">Las ventajas de \u00c1lava<\/h2>\n\n\n\n<p>\u00c1lava es una provincia situada en el Pa\u00eds Vasco, conocida por su belleza natural, su rica cultura y su alta calidad de vida. Esta regi\u00f3n ofrece un entorno ideal para los mayores, gracias a su combinaci\u00f3n de tranquilidad, acceso a excelentes servicios de salud y un entorno comunitario acogedor.<\/p>\n\n\n\n<h3 class=\"wp-block-heading\">Calidad de vida <\/h3>\n\n\n\n<p><strong>1. Entorno natural:<\/strong> \u00c1lava destaca por sus paisajes pintorescos y espacios verdes, que proporcionan un ambiente sereno y revitalizante para los mayores. Los parques y jardines, como el Parque de la Florida y el Parque de Salburua, ofrecen oportunidades para paseos tranquilos y actividades al aire libre, promoviendo el bienestar f\u00edsico y mental.<\/p>\n\n\n\n<p><strong>2. Servicios de salud avanzados:<\/strong> La provincia cuenta con una infraestructura de salud bien desarrollada, incluyendo hospitales y centros m\u00e9dicos de alta calidad. La accesibilidad a servicios de salud avanzados y especializados proporciona una seguridad adicional para las familias que buscan la mejor atenci\u00f3n para sus seres queridos.<\/p>\n\n\n\n<p><strong>3. Comunidad acogedora:<\/strong> \u00c1lava es conocida por su comunidad acogedora y amigable. La rica vida cultural y social en la provincia, con festividades locales, actividades comunitarias y una fuerte tradici\u00f3n de cuidado intergeneracional, asegura que los mayores se sientan integrados y valorados.<\/p>\n\n\n\n<p><strong>4. F\u00e1cil acceso a servicios y actividades:<\/strong> Los mayores en \u00c1lava tienen f\u00e1cil acceso a una amplia gama de servicios y actividades adecuados para sus necesidades. Desde centros de d\u00eda hasta actividades recreativas y culturales, siempre hay algo que hacer y oportunidades para mantenerse activos y socialmente comprometidos.<\/p>\n\n\n\n<p><strong>5. Excelente conectividad:<\/strong> \u00c1lava disfruta de una excelente conectividad con otras provincias y regiones, gracias a su red de transporte eficiente. Esto facilita las visitas familiares y la participaci\u00f3n en eventos tanto dentro como fuera de la provincia.<\/p>\n\n\n\n<h2 class=\"wp-block-heading\">Precio promedio en \u00c1lava<\/h2>\n\n\n\n<p>Seg\u00fan los datos de miResi, el precio promedio de las residencias de ancianos en \u00c1lava para 2024 es de <strong>\u20ac2.250<\/strong> al mes. Este coste es notablemente superior a la media nacional, que es de <strong>\u20ac1.816<\/strong>. Este diferencial de precio se justifica por la calidad de los servicios y la atenci\u00f3n personalizada que se ofrece en las residencias de \u00c1lava.<\/p>\n\n\n\n<h3 class=\"wp-block-heading\">Comparativa de precios con otras provincias<\/h3>\n\n\n\n<p>Para entender mejor el contexto de los precios en \u00c1lava, es \u00fatil compararlos con otras provincias. A continuaci\u00f3n, se presenta un an\u00e1lisis comparativo:<\/p>\n\n\n\n<figure class=\"wp-block-table\"><table><tbody><tr><td class=\"has-text-align-center\" data-align=\"center\"><strong>Provincia<\/strong><\/td><td class=\"has-text-align-center\" data-align=\"center\"><strong>Media de precio m\u00ednimo sin IVA<\/strong><\/td><td class=\"has-text-align-center\" data-align=\"center\"><strong>Poblaci\u00f3n mayor de 65 a\u00f1os\u00a0<\/strong><\/td><\/tr><tr><td class=\"has-text-align-center\" data-align=\"center\">\u00c1vila<\/td><td class=\"has-text-align-center\" data-align=\"center\">\u20ac1.087,65<\/td><td class=\"has-text-align-center\" data-align=\"center\">41.855<\/td><\/tr><tr><td class=\"has-text-align-center\" data-align=\"center\">Soria<\/td><td class=\"has-text-align-center\" data-align=\"center\">\u20ac1.159,25<\/td><td class=\"has-text-align-center\" data-align=\"center\">22.575<\/td><\/tr><tr><td class=\"has-text-align-center\" data-align=\"center\">C\u00e1ceres<\/td><td class=\"has-text-align-center\" data-align=\"center\">\u20ac1.173,80<\/td><td class=\"has-text-align-center\" data-align=\"center\">92.460<\/td><\/tr><tr><td class=\"has-text-align-center\" data-align=\"center\">Le\u00f3n<\/td><td class=\"has-text-align-center\" data-align=\"center\">\u20ac1.193,02<\/td><td class=\"has-text-align-center\" data-align=\"center\">126.122<\/td><\/tr><tr><td class=\"has-text-align-center\" data-align=\"center\">Palencia<\/td><td class=\"has-text-align-center\" data-align=\"center\">\u20ac1.255,60<\/td><td class=\"has-text-align-center\" data-align=\"center\">42.182<\/td><\/tr><tr><td class=\"has-text-align-center\" data-align=\"center\">Toledo<\/td><td class=\"has-text-align-center\" data-align=\"center\">\u20ac1.265,68<\/td><td class=\"has-text-align-center\" data-align=\"center\">129.434<\/td><\/tr><tr><td class=\"has-text-align-center\" data-align=\"center\">Salamanca<\/td><td class=\"has-text-align-center\" data-align=\"center\">\u20ac1.341,06<\/td><td class=\"has-text-align-center\" data-align=\"center\">88.925<\/td><\/tr><tr><td class=\"has-text-align-center\" data-align=\"center\">Huesca<\/td><td class=\"has-text-align-center\" data-align=\"center\">\u20ac1.379,82<\/td><td class=\"has-text-align-center\" data-align=\"center\">51.021<\/td><\/tr><tr><td class=\"has-text-align-center\" data-align=\"center\">Segovia<\/td><td class=\"has-text-align-center\" data-align=\"center\">\u20ac1.381,04<\/td><td class=\"has-text-align-center\" data-align=\"center\">35.219<\/td><\/tr><tr><td class=\"has-text-align-center\" data-align=\"center\">Ciudad Real<\/td><td class=\"has-text-align-center\" data-align=\"center\">\u20ac1.435,84<\/td><td class=\"has-text-align-center\" data-align=\"center\">101.035<\/td><\/tr><tr><td class=\"has-text-align-center\" data-align=\"center\">Zamora<\/td><td class=\"has-text-align-center\" data-align=\"center\">\u20ac1.455,59<\/td><td class=\"has-text-align-center\" data-align=\"center\">52.968<\/td><\/tr><tr><td class=\"has-text-align-center\" data-align=\"center\">Guadalajara<\/td><td class=\"has-text-align-center\" data-align=\"center\">\u20ac1.478,37<\/td><td class=\"has-text-align-center\" data-align=\"center\">43.927<\/td><\/tr><tr><td class=\"has-text-align-center\" data-align=\"center\">Cuenca<\/td><td class=\"has-text-align-center\" data-align=\"center\">\u20ac1.482,84<\/td><td class=\"has-text-align-center\" data-align=\"center\">45.241<\/td><\/tr><tr><td class=\"has-text-align-center\" data-align=\"center\">Badajoz<\/td><td class=\"has-text-align-center\" data-align=\"center\">\u20ac1.550,00<\/td><td class=\"has-text-align-center\" data-align=\"center\">134.263<\/td><\/tr><tr><td class=\"has-text-align-center\" data-align=\"center\">Santa Cruz de Tenerife<\/td><td class=\"has-text-align-center\" data-align=\"center\">\u20ac1.561,39<\/td><td class=\"has-text-align-center\" data-align=\"center\">189.216<\/td><\/tr><tr><td class=\"has-text-align-center\" data-align=\"center\">Burgos<\/td><td class=\"has-text-align-center\" data-align=\"center\">\u20ac1.574,87<\/td><td class=\"has-text-align-center\" data-align=\"center\">87.541<\/td><\/tr><tr><td class=\"has-text-align-center\" data-align=\"center\">Lugo<\/td><td class=\"has-text-align-center\" data-align=\"center\">\u20ac1.575,00<\/td><td class=\"has-text-align-center\" data-align=\"center\">96.979<\/td><\/tr><tr><td class=\"has-text-align-center\" data-align=\"center\">Ourense<\/td><td class=\"has-text-align-center\" data-align=\"center\">\u20ac1.575,00<\/td><td class=\"has-text-align-center\" data-align=\"center\">97.067<\/td><\/tr><tr><td class=\"has-text-align-center\" data-align=\"center\">Sevilla<\/td><td class=\"has-text-align-center\" data-align=\"center\">\u20ac1.590,51<\/td><td class=\"has-text-align-center\" data-align=\"center\">337.004<\/td><\/tr><tr><td class=\"has-text-align-center\" data-align=\"center\">Asturias<\/td><td class=\"has-text-align-center\" data-align=\"center\">\u20ac1.594,35<\/td><td class=\"has-text-align-center\" data-align=\"center\">272.856<\/td><\/tr><tr><td class=\"has-text-align-center\" data-align=\"center\">Almer\u00eda<\/td><td class=\"has-text-align-center\" data-align=\"center\">\u20ac1.600,73<\/td><td class=\"has-text-align-center\" data-align=\"center\">114.024<\/td><\/tr><tr><td class=\"has-text-align-center\" data-align=\"center\">Zaragoza<\/td><td class=\"has-text-align-center\" data-align=\"center\">\u20ac1.610,13<\/td><td class=\"has-text-align-center\" data-align=\"center\">209.580<\/td><\/tr><tr><td class=\"has-text-align-center\" data-align=\"center\">Valladolid<\/td><td class=\"has-text-align-center\" data-align=\"center\">\u20ac1.628,88<\/td><td class=\"has-text-align-center\" data-align=\"center\">124.714<\/td><\/tr><tr><td class=\"has-text-align-center\" data-align=\"center\">Las Palmas<\/td><td class=\"has-text-align-center\" data-align=\"center\">\u20ac1.636,36<\/td><td class=\"has-text-align-center\" data-align=\"center\">183.651<\/td><\/tr><tr><td class=\"has-text-align-center\" data-align=\"center\">Ja\u00e9n<\/td><td class=\"has-text-align-center\" data-align=\"center\">\u20ac1.648,63<\/td><td class=\"has-text-align-center\" data-align=\"center\">124.862<\/td><\/tr><tr><td class=\"has-text-align-center\" data-align=\"center\">C\u00f3rdoba<\/td><td class=\"has-text-align-center\" data-align=\"center\">\u20ac1.668,93<\/td><td class=\"has-text-align-center\" data-align=\"center\">156.084<\/td><\/tr><tr><td class=\"has-text-align-center\" data-align=\"center\">Albacete<\/td><td class=\"has-text-align-center\" data-align=\"center\">\u20ac1.783,05<\/td><td class=\"has-text-align-center\" data-align=\"center\">75.870<\/td><\/tr><tr><td class=\"has-text-align-center\" data-align=\"center\">Huelva<\/td><td class=\"has-text-align-center\" data-align=\"center\">\u20ac1.906,98<\/td><td class=\"has-text-align-center\" data-align=\"center\">91.846<\/td><\/tr><tr><td class=\"has-text-align-center\" data-align=\"center\">Madrid<\/td><td class=\"has-text-align-center\" data-align=\"center\">\u20ac1.913,10<\/td><td class=\"has-text-align-center\" data-align=\"center\">1.236.309<\/td><\/tr><tr><td class=\"has-text-align-center\" data-align=\"center\">Murcia<\/td><td class=\"has-text-align-center\" data-align=\"center\">\u20ac1.967,63<\/td><td class=\"has-text-align-center\" data-align=\"center\">246.839<\/td><\/tr><tr><td class=\"has-text-align-center\" data-align=\"center\">Alicante<\/td><td class=\"has-text-align-center\" data-align=\"center\">\u20ac1.986,71<\/td><td class=\"has-text-align-center\" data-align=\"center\">390.429<\/td><\/tr><tr><td class=\"has-text-align-center\" data-align=\"center\">Girona<\/td><td class=\"has-text-align-center\" data-align=\"center\">\u20ac2.010,01<\/td><td class=\"has-text-align-center\" data-align=\"center\">146.807<\/td><\/tr><tr><td class=\"has-text-align-center\" data-align=\"center\">C\u00e1diz<\/td><td class=\"has-text-align-center\" data-align=\"center\">\u20ac2.056,39<\/td><td class=\"has-text-align-center\" data-align=\"center\">219.471<\/td><\/tr><tr><td class=\"has-text-align-center\" data-align=\"center\">La Rioja<\/td><td class=\"has-text-align-center\" data-align=\"center\">\u20ac2.059,58<\/td><td class=\"has-text-align-center\" data-align=\"center\">68.851<\/td><\/tr><tr><td class=\"has-text-align-center\" data-align=\"center\">Lleida<\/td><td class=\"has-text-align-center\" data-align=\"center\">\u20ac2.062,67<\/td><td class=\"has-text-align-center\" data-align=\"center\">86.829<\/td><\/tr><tr><td class=\"has-text-align-center\" data-align=\"center\">M\u00e1laga<\/td><td class=\"has-text-align-center\" data-align=\"center\">\u20ac2.080,56<\/td><td class=\"has-text-align-center\" data-align=\"center\">311.952<\/td><\/tr><tr><td class=\"has-text-align-center\" data-align=\"center\">Barcelona<\/td><td class=\"has-text-align-center\" data-align=\"center\">\u20ac2.144,62<\/td><td class=\"has-text-align-center\" data-align=\"center\">1.105.933<\/td><\/tr><tr><td class=\"has-text-align-center\" data-align=\"center\">Cantabria<\/td><td class=\"has-text-align-center\" data-align=\"center\">\u20ac2.152,05<\/td><td class=\"has-text-align-center\" data-align=\"center\">135.065<\/td><\/tr><tr><td class=\"has-text-align-center\" data-align=\"center\">Pontevedra<\/td><td class=\"has-text-align-center\" data-align=\"center\">\u20ac2.166,50<\/td><td class=\"has-text-align-center\" data-align=\"center\">222.585<\/td><\/tr><tr><td class=\"has-text-align-center\" data-align=\"center\">Granada<\/td><td class=\"has-text-align-center\" data-align=\"center\">\u20ac2.201,37<\/td><td class=\"has-text-align-center\" data-align=\"center\">171.745<\/td><\/tr><tr><td class=\"has-text-align-center\" data-align=\"center\">A Coru\u00f1a<\/td><td class=\"has-text-align-center\" data-align=\"center\">\u20ac2.222,73<\/td><td class=\"has-text-align-center\" data-align=\"center\">285.999<\/td><\/tr><tr><td class=\"has-text-align-center\" data-align=\"center\">Tarragona<\/td><td class=\"has-text-align-center\" data-align=\"center\">\u20ac2.237,60<\/td><td class=\"has-text-align-center\" data-align=\"center\">162.226<\/td><\/tr><tr><td class=\"has-text-align-center\" data-align=\"center\">Teruel<\/td><td class=\"has-text-align-center\" data-align=\"center\">\u20ac2.237,60<\/td><td class=\"has-text-align-center\" data-align=\"center\">32.333<\/td><\/tr><tr><td class=\"has-text-align-center\" data-align=\"center\"><strong>\u00c1lava<\/strong><\/td><td class=\"has-text-align-center\" data-align=\"center\"><strong>\u20ac2.250,96<\/strong><\/td><td class=\"has-text-align-center\" data-align=\"center\"><strong>73.090<\/strong><\/td><\/tr><tr><td class=\"has-text-align-center\" data-align=\"center\">Navarra<\/td><td class=\"has-text-align-center\" data-align=\"center\">\u20ac2.252,48<\/td><td class=\"has-text-align-center\" data-align=\"center\">134.616<\/td><\/tr><tr><td class=\"has-text-align-center\" data-align=\"center\">Castell\u00f3n<\/td><td class=\"has-text-align-center\" data-align=\"center\">\u20ac2.328,58<\/td><td class=\"has-text-align-center\" data-align=\"center\">117.165<\/td><\/tr><tr><td class=\"has-text-align-center\" data-align=\"center\">Valencia<\/td><td class=\"has-text-align-center\" data-align=\"center\">\u20ac2.389,93<\/td><td class=\"has-text-align-center\" data-align=\"center\">510.627<\/td><\/tr><tr><td class=\"has-text-align-center\" data-align=\"center\">Baleares<\/td><td class=\"has-text-align-center\" data-align=\"center\">\u20ac2.513,59<\/td><td class=\"has-text-align-center\" data-align=\"center\">192.285<\/td><\/tr><tr><td class=\"has-text-align-center\" data-align=\"center\">Bizkaia<\/td><td class=\"has-text-align-center\" data-align=\"center\">\u20ac2.697,75<\/td><td class=\"has-text-align-center\" data-align=\"center\">272.037<\/td><\/tr><tr><td class=\"has-text-align-center\" data-align=\"center\">Gipuzkoa<\/td><td class=\"has-text-align-center\" data-align=\"center\">\u20ac3.281,82<\/td><td class=\"has-text-align-center\" data-align=\"center\">167.390<\/td><\/tr><tr><td class=\"has-text-align-center\" data-align=\"center\"><strong>Media nacional<\/strong><\/td><td class=\"has-text-align-center\" data-align=\"center\"><strong>\u20ac1.816,17<\/strong><\/td><td class=\"has-text-align-center\" data-align=\"center\"><strong>9.479.010<\/strong><\/td><\/tr><\/tbody><\/table><figcaption class=\"wp-element-caption\"><em>Fuente: miResi, precios 2024 \/ Habitantes de m\u00e1s de 65 a\u00f1os: Padr\u00f3n 2022 INE<\/em><\/figcaption><\/figure>\n\n\n\n<h4 class=\"wp-block-heading\">Factores que afectan el precio en \u00c1lava<\/h4>\n\n\n\n<p>El coste m\u00e1s elevado en \u00c1lava en comparaci\u00f3n con la media nacional reflejan varios factores determinantes:<\/p>\n\n\n\n<ol class=\"wp-block-list\">\n<li><strong>Calidad de los servicios<\/strong>:\n<ul class=\"wp-block-list\">\n<li>Las residencias de ancianos en \u00c1lava suelen ofrecer servicios de alta calidad, incluyendo atenci\u00f3n m\u00e9dica personalizada, actividades recreativas y terapias ocupacionales que mejoran la calidad de vida de los residentes.<\/li>\n<\/ul>\n<\/li>\n\n\n\n<li><strong>Infraestructura y personal capacitado<\/strong>:\n<ul class=\"wp-block-list\">\n<li>La inversi\u00f3n en infraestructura moderna y la contrataci\u00f3n de personal altamente capacitado son componentes que aseguran un entorno seguro para los mayores.<\/li>\n<\/ul>\n<\/li>\n\n\n\n<li><strong>Ubicaci\u00f3n estrat\u00e9gica<\/strong>:\n<ul class=\"wp-block-list\">\n<li>Muchas residencias de ancianos en \u00c1lava est\u00e1n situadas en entornos naturales privilegiados y accesibles a servicios esenciales, lo que tambi\u00e9n contribuye al coste.<\/li>\n<\/ul>\n<\/li>\n\n\n\n<li><strong>Demanda alta y plaza limitadas<\/strong>:\n<ul class=\"wp-block-list\">\n<li>Con 73.090 personas mayores de 65 a\u00f1os en la provincia, la demanda de plazas en residencias de ancianos en \u00c1lava de calidad es alta, lo que tambi\u00e9n afecta los precios.<\/li>\n<\/ul>\n<\/li>\n<\/ol>\n\n\n\n<div class=\"wp-block-buttons is-layout-flex wp-block-buttons-is-layout-flex\">\n<div class=\"wp-block-button has-custom-font-size has-medium-font-size\"><a href=\"https:\/\/buscador.miresi.es\/?utm_source=blog\"  rel=\"nofollow\"  rel=\"nofollow\">Te ayudamos gratis a encontrar la mejor residencia en \u00c1LAVA<\/a><\/div>\n<\/div>\n\n\n\n<hr class=\"wp-block-separator has-alpha-channel-opacity\"\/>\n\n\n\n<h2 class=\"wp-block-heading\">Residencias de ancianos en \u00c1lava<\/h2>\n\n\n\n<p>\u00c1lava cuenta con una amplia gama de residencias de ancianos que ofrecen servicios de alta calidad y atenci\u00f3n personalizada para garantizar el bienestar y la comodidad de los mayores. Aqu\u00ed te presentamos una selecci\u00f3n de algunas de las residencias de ancianos en \u00c1lava:<\/p>\n\n\n\n<ol class=\"wp-block-list\">\n<li><strong><a href=\"https:\/\/miresi.es\/residencias-ancianos\/pais-vasco\/alava\/vitoria-gasteiz\/aitona-bi\/\"  target=\"_blank\" title=\"\"  target=\"_blank\" title=\"\">Aitona Bi<\/a><\/strong>\n\n<ul class=\"wp-block-list\">\n\n<li><strong>Ubicaci\u00f3n:<\/strong>\u00a0Vitoria-Gasteiz<\/li>\n\n\n<li><strong>Precio:<\/strong>\u00a0Desde 2.890\u20ac al mes<\/li>\n\n\n<li>Con una atenci\u00f3n personalizada y un entorno acogedor, Aitona Bi se destaca por su alta calidad de servicios. <\/li>\n\n<\/ul>\n\n<\/li>\n\n\n\n<li><strong><a href=\"https:\/\/miresi.es\/residencias-ancianos\/pais-vasco\/alava\/vitoria-gasteiz\/caser-alto-del-prado\/\"  target=\"_blank\" title=\"\"  target=\"_blank\" title=\"\">C\u00e1ser Residencial Alto del Prado<\/a><\/strong>\n\n<ul class=\"wp-block-list\">\n\n<li><strong>Ubicaci\u00f3n:<\/strong>\u00a0Vitoria-Gasteiz<\/li>\n\n\n<li><strong>Precio:<\/strong>\u00a0Desde 2.551\u20ac al mes<\/li>\n\n\n<li>Esta residencia ofrece una amplia gama de servicios, incluyendo atenci\u00f3n m\u00e9dica, actividades recreativas y terapias. <\/li>\n\n<\/ul>\n\n<\/li>\n\n\n\n<li><strong><a href=\"https:\/\/miresi.es\/centros-de-dia\/pais-vasco\/alava\/vitoria-gasteiz\/centro-de-dia-carema\/\"  target=\"_blank\" title=\"\"  target=\"_blank\" title=\"\">Centro de D\u00eda Carema<\/a><\/strong>\n\n<ul class=\"wp-block-list\">\n\n<li><strong>Ubicaci\u00f3n:<\/strong>\u00a0Vitoria-Gasteiz<\/li>\n\n\n<li><strong>Precio:<\/strong>\u00a0Desde 1.410\u20ac al mes<\/li>\n\n\n<li>Este centro de d\u00eda es ideal para quienes necesitan atenci\u00f3n diurna con servicios de alta calidad y tarifas accesibles.<\/li>\n\n<\/ul>\n\n<\/li>\n\n\n\n<li><strong><a href=\"https:\/\/miresi.es\/centros-de-dia\/pais-vasco\/alava\/vitoria-gasteiz\/centro-de-dia-san-esteban-de-betono\/\"  target=\"_blank\" title=\"\"  target=\"_blank\" title=\"\">Centro de D\u00eda San Esteban De Beto\u00f1o<\/a><\/strong>\n\n<ul class=\"wp-block-list\">\n\n<li><strong>Ubicaci\u00f3n:<\/strong>\u00a0Vitoria-Gasteiz<\/li>\n\n\n<li><strong>Precio:<\/strong>\u00a0Desde 1.350\u20ac al mes<\/li>\n\n\n<li>Ofrece servicios de cuidado diurno con un enfoque en la socializaci\u00f3n y actividades recreativas para mantener a los mayores activos y comprometidos.<\/li>\n\n<\/ul>\n\n<\/li>\n\n\n\n<li><strong><a href=\"https:\/\/miresi.es\/residencias-ancianos\/pais-vasco\/alava\/vitoria-gasteiz\/colisee-minano\/\"  target=\"_blank\" title=\"\"  target=\"_blank\" title=\"\">Colis\u00e9e Mi\u00f1ano<\/a><\/strong>\n\n<ul class=\"wp-block-list\">\n\n<li><strong>Ubicaci\u00f3n:<\/strong>\u00a0Vitoria-Gasteiz<\/li>\n\n\n<li><strong>Precio:<\/strong>\u00a0Desde 3.042\u20ac al mes<\/li>\n\n\n<li>Con instalaciones modernas y servicios integrales, Colis\u00e9e Mi\u00f1ano destaca por su atenci\u00f3n m\u00e9dica de alta calidad y programas de bienestar personal.<\/li>\n\n<\/ul>\n\n<\/li>\n\n\n\n<li><strong><a href=\"https:\/\/miresi.es\/residencias-ancianos\/pais-vasco\/alava\/vitoria-gasteiz\/hogar-aitona-etxea\/\"  target=\"_blank\" title=\"\"  target=\"_blank\" title=\"\">Hogar Aitona Etxea<\/a><\/strong>\n\n<ul class=\"wp-block-list\">\n\n<li><strong>Ubicaci\u00f3n:<\/strong>\u00a0Vitoria-Gasteiz<\/li>\n\n\n<li><strong>Precio:<\/strong>\u00a0Desde 2.860\u20ac al mes<\/li>\n\n\n<li>Con un ambiente familiar y atenci\u00f3n personalizada, este hogar es ideal para quienes buscan un entorno c\u00e1lido y profesional.<\/li>\n\n<\/ul>\n\n<\/li>\n\n\n\n<li><strong><a href=\"https:\/\/miresi.es\/residencias-ancianos\/pais-vasco\/alava\/ayala\/residencia-de-ancianos-fundacion-alday\/\"  target=\"_blank\" title=\"\"  target=\"_blank\" title=\"\">Residencia Alday<\/a><\/strong>\n\n<ul class=\"wp-block-list\">\n\n<li><strong>Ubicaci\u00f3n:<\/strong>\u00a0Ayala<\/li>\n\n\n<li><strong>Precio:<\/strong>\u00a0Desde 2.700\u20ac al mes<\/li>\n\n\n<li>Con una ubicaci\u00f3n pintoresca y servicios integrales, es una opci\u00f3n destacada en la regi\u00f3n.<\/li>\n\n<\/ul>\n\n<\/li>\n\n\n\n<li><strong><a href=\"https:\/\/miresi.es\/residencias-ancianos\/pais-vasco\/alava\/vitoria-gasteiz\/residencia-arkaia\/\"  target=\"_blank\" title=\"\"  target=\"_blank\" title=\"\">Residencia Arkaia<\/a><\/strong>\n\n<ul class=\"wp-block-list\">\n\n<li><strong>Ubicaci\u00f3n:<\/strong>\u00a0Vitoria-Gasteiz<\/li>\n\n\n<li><strong>Precio:<\/strong>\u00a0Desde 2.533\u20ac al mes<\/li>\n\n\n<li><strong>Descripci\u00f3n:<\/strong>\u00a0Ofrece una atenci\u00f3n especializada en un entorno tranquilo y seguro.<\/li>\n\n<\/ul>\n\n<\/li>\n\n\n\n<li><strong><a href=\"https:\/\/miresi.es\/residencias-ancianos\/pais-vasco\/alava\/elburgo\/residencia-burgelu\/\"  target=\"_blank\" title=\"\"  target=\"_blank\" title=\"\">Residencia Burgelu<\/a><\/strong>\n\n<ul class=\"wp-block-list\">\n\n<li><strong>Ubicaci\u00f3n:<\/strong>\u00a0Elburgo<\/li>\n\n\n<li><strong>Precio:<\/strong>\u00a0Desde 2.150\u20ac al mes<\/li>\n\n\n<li>Ideal para quienes buscan un entorno peque\u00f1o y acogedor con una atenci\u00f3n personalizada.<\/li>\n\n<\/ul>\n\n<\/li>\n\n\n\n<li><strong><a href=\"https:\/\/miresi.es\/residencias-ancianos\/pais-vasco\/alava\/vitoria-gasteiz\/residencia-carema\/\"  target=\"_blank\" title=\"\"  target=\"_blank\" title=\"\">Residencia Carema<\/a><\/strong>\n\n<ul class=\"wp-block-list\">\n\n<li><strong>Ubicaci\u00f3n:<\/strong>\u00a0Vitoria-Gasteiz<\/li>\n\n\n<li><strong>Precio:<\/strong>\u00a0Desde 2.380\u20ac al mes<\/li>\n\n\n<li>Con servicios integrales y atenci\u00f3n especializada. <\/li>\n\n<\/ul>\n\n<\/li>\n<\/ol>\n\n\n\n<h2 class=\"wp-block-heading\">Cont\u00e1ctanos para tener m\u00e1s detalles sobre los precios de las residencias de ancianos en \u00c1lava<\/h2>\n\n\n\n<p>Estas residencias en \u00c1lava ofrecen una amplia gama de servicios que se adaptan a las necesidades individuales de los mayores, garantizando su bienestar y calidad de vida. <\/p>\n\n\n\n<p>Si necesitas ayuda para encontrar la residencia perfecta para tu ser querido, no dudes en contactarnos. En miResi estamos aqu\u00ed para orientarte y ofrecerte asesor\u00eda personalizada y gratuita.<\/p>\n\n\n\n<div class=\"wp-block-buttons is-layout-flex wp-block-buttons-is-layout-flex\">\n<div class=\"wp-block-button has-custom-font-size is-style-outline has-medium-font-size is-style-outline--2\"><a href=\"https:\/\/buscador.miresi.es\/?utm_source=blog&_gl=1*esl89n*_up*MQ..*_ga*OTY0MTc3ODU4LjE3MTc1ODM1MzA.*_ga_CVYZKMZBJK*MTcxNzU4MzU0MC4xLjAuMTcxNzU4MzU0MC4wLjAuMA..*_ga_6KEPMF6WZJ*MTcxNzU4MzUyOS4xLjEuMTcxNzU4MzU0MC4wLjAuMA..\"  rel=\"nofollow\"  rel=\"nofollow\">Contacta gratis a nuestros expertos en residencias<\/a><\/div>\n<\/div>\n\n\n\n<hr class=\"wp-block-separator has-alpha-channel-opacity\"\/>\n\n\n\n<p>Solo debes contestar unas preguntas sencillas acerca de tu situaci\u00f3n y en breve nuestros expertos en Residencias te contactar\u00e1n. Nuestro equipo se encargar\u00e1 de escucharte y recomendarte los centros que encajan perfectamente con lo que buscas. <\/p>\n\n\n\n<p>Te ayudamos gratis de principio a fin. Te damos seguimiento a tus elecciones y para hac\u00e9rtelo m\u00e1s f\u00e1cil, te coordinamos las visitas en las Residencias que m\u00e1s te gustaron para que conozcas de primera mano c\u00f3mo son los centros y la atenci\u00f3n que ofrecen. <\/p>\n\n\n\n<p>Somos una empresa social y nuestra misi\u00f3n es ayudarte a encontrar los mejores cuidados para tus mayores. <\/p>\n<div style='text-align:center' class='yasr-auto-insert-visitor'><!--Yasr Visitor Votes Shortcode--><div id='yasr_visitor_votes_927eb5ff26633' class='yasr-visitor-votes'><div class=\"yasr-custom-text-vv-before yasr-custom-text-vv-before-22616\">\u00a1Haz clic para puntuar esta entrada!<\/div><div id='yasr-vv-second-row-container-927eb5ff26633'\r\n                                        class='yasr-vv-second-row-container'><div id='yasr-visitor-votes-rater-927eb5ff26633'\r\n                                      class='yasr-rater-stars-vv'\r\n                                      data-rater-postid='22616'\r\n                                      data-rating='0'\r\n                                      data-rater-starsize='32'\r\n                                      data-rater-readonly='false'\r\n                                      data-rater-nonce='df9b54cd3f'\r\n                                      data-issingular='false'\r\n                                    ><\/div><div class=\"yasr-vv-stats-text-container\" id=\"yasr-vv-stats-text-container-927eb5ff26633\"><svg xmlns=\"https:\/\/www.w3.org\/2000\/svg\" width=\"20\" height=\"20\"\r\n                                   class=\"yasr-dashicons-visitor-stats\"\r\n                                   data-postid=\"22616\"\r\n                                   id=\"yasr-stats-dashicon-927eb5ff26633\">\r\n                                   <path d=\"M18 18v-16h-4v16h4zM12 18v-11h-4v11h4zM6 18v-8h-4v8h4z\"><\/path>\r\n                               <\/svg><span id=\"yasr-vv-text-container-927eb5ff26633\" class=\"yasr-vv-text-container\"> (Votos: <span id=\"yasr-vv-votes-number-container-927eb5ff26633\">0<\/span>  Promedio: <span id=\"yasr-vv-average-container-927eb5ff26633\">0<\/span>)<\/span><\/div><div id='yasr-vv-loader-927eb5ff26633' class='yasr-vv-container-loader'><\/div><\/div><div id='yasr-vv-bottom-container-927eb5ff26633'\r\n                              class='yasr-vv-bottom-container'\r\n                              style='display:none'><\/div><\/div><!--End Yasr Visitor Votes Shortcode--><\/div>","protected":false},"excerpt":{"rendered":"<p>Si te preguntas \u00bfcu\u00e1les son los precios de Residencias de ancianos en \u00c1lava? En este&#8230;<\/p>\n","protected":false},"author":36,"featured_media":22620,"comment_status":"closed","ping_status":"open","sticky":false,"template":"","format":"standard","meta":{"yasr_overall_rating":0,"yasr_post_is_review":"","yasr_auto_insert_disabled":"","yasr_review_type":"","footnotes":""},"categories":[251,362],"tags":[22],"class_list":["post-22616","post","type-post","status-publish","format-standard","has-post-thumbnail","hentry","category-residencias","category-residencias-de-mayores","tag-residencias-de-mayores"],"yasr_visitor_votes":{"stars_attributes":{"read_only":false,"span_bottom":false},"number_of_votes":0,"sum_votes":0},"_links":{"self":[{"href":"https:\/\/miresi.es\/blog\/wp-json\/wp\/v2\/posts\/22616","targetHints":{"allow":["GET"]}}],"collection":[{"href":"https:\/\/miresi.es\/blog\/wp-json\/wp\/v2\/posts"}],"about":[{"href":"https:\/\/miresi.es\/blog\/wp-json\/wp\/v2\/types\/post"}],"author":[{"embeddable":true,"href":"https:\/\/miresi.es\/blog\/wp-json\/wp\/v2\/users\/36"}],"replies":[{"embeddable":true,"href":"https:\/\/miresi.es\/blog\/wp-json\/wp\/v2\/comments?post=22616"}],"version-history":[{"count":5,"href":"https:\/\/miresi.es\/blog\/wp-json\/wp\/v2\/posts\/22616\/revisions"}],"predecessor-version":[{"id":23158,"href":"https:\/\/miresi.es\/blog\/wp-json\/wp\/v2\/posts\/22616\/revisions\/23158"}],"wp:featuredmedia":[{"embeddable":true,"href":"https:\/\/miresi.es\/blog\/wp-json\/wp\/v2\/media\/22620"}],"wp:attachment":[{"href":"https:\/\/miresi.es\/blog\/wp-json\/wp\/v2\/media?parent=22616"}],"wp:term":[{"taxonomy":"category","embeddable":true,"href":"https:\/\/miresi.es\/blog\/wp-json\/wp\/v2\/categories?post=22616"},{"taxonomy":"post_tag","embeddable":true,"href":"https:\/\/miresi.es\/blog\/wp-json\/wp\/v2\/tags?post=22616"}],"curies":[{"name":"wp","href":"https:\/\/api.w.org\/{rel}","templated":true}]}}