{"id":22724,"date":"2024-07-19T10:19:22","date_gmt":"2024-07-19T09:19:22","guid":{"rendered":"https:\/\/miresi.es\/blog\/?p=22724"},"modified":"2026-04-23T17:57:15","modified_gmt":"2026-04-23T16:57:15","slug":"protocolo-de-adaptacion-en-residencias-guia-para-familias","status":"publish","type":"post","link":"https:\/\/miresi.es\/blog\/protocolo-de-adaptacion-en-residencias-guia-para-familias\/","title":{"rendered":"Protocolo de adaptaci\u00f3n en Residencias: Gu\u00eda para Familias"},"content":{"rendered":"\n<p>El <strong>protocolo de adaptaci\u00f3n en residencias<\/strong> es un aspecto crucial que garantiza que los adultos mayores se integren de manera efectiva y c\u00f3moda en el centro. <\/p>\n\n\n\n<p>Para familias que est\u00e1n en busca de una residencia adecuada para sus seres queridos, entender este protocolo puede marcar una gran diferencia en el bienestar y la satisfacci\u00f3n de los residentes. <\/p>\n\n\n\n<p>En miResi, te facilitamos una gu\u00eda para que puedas comprender c\u00f3mo es este protocolo de adaptaci\u00f3n en residencias. <\/p>\n\n\n\n<hr class=\"wp-block-separator has-alpha-channel-opacity\"\/>\n\n\n\n<div class=\"wp-block-buttons is-content-justification-center is-layout-flex wp-container-core-buttons-is-layout-16018d1d wp-block-buttons-is-layout-flex\">\n<div class=\"wp-block-button has-custom-font-size has-medium-font-size\"><a href=\"https:\/\/buscador.miresi.es\/?utm_source=blog&_gl=1*esl89n*_up*MQ..*_ga*OTY0MTc3ODU4LjE3MTc1ODM1MzA.*_ga_CVYZKMZBJK*MTcxNzU4MzU0MC4xLjAuMTcxNzU4MzU0MC4wLjAuMA..*_ga_6KEPMF6WZJ*MTcxNzU4MzUyOS4xLjEuMTcxNzU4MzU0MC4wLjAuMA..\"  rel=\"nofollow\"  rel=\"nofollow\">Contacta con nuestros expertos en Residencias de Mayores<\/a><\/div>\n<\/div>\n\n\n\n<hr class=\"wp-block-separator has-alpha-channel-opacity\"\/>\n\n\n\n<h2 class=\"wp-block-heading\">\u00bfQu\u00e9 es el Protocolo de Adaptaci\u00f3n en Residencias?<\/h2>\n\n\n\n<p>El <strong>protocolo de adaptaci\u00f3n en residencias<\/strong> es un conjunto de pr\u00e1cticas y procedimientos dise\u00f1ados para asegurar que los nuevos residentes se integren de manera efectiva y c\u00f3moda en su nuevo entorno. Este protocolo incluye diversos pasos y estrategias que se implementan desde antes de la llegada del residente hasta las semanas posteriores, con el objetivo de reducir el estr\u00e9s, la ansiedad y facilitar una transici\u00f3n suave.<\/p>\n\n\n\n<p>Desde la evaluaci\u00f3n inicial hasta el seguimiento continuo, el <strong>protocolo de adaptaci\u00f3n en residencias<\/strong> tiene como finalidad principal que los adultos mayores se sientan bienvenidos y atendidos desde el primer d\u00eda. Esto no solo es fundamental para el bienestar emocional del residente, sino que tambi\u00e9n contribuye a su integraci\u00f3n social y a su calidad de vida en general dentro de la residencia.<\/p>\n\n\n\n<ul class=\"wp-block-list\">\n<li><strong><em><a href=\"https:\/\/miresi.es\/blog\/por-que-fallecen-los-ancianos-con-fractura-de-cadera\/\"  target=\"_blank\" rel=\"noopener\" title=\"\"  target=\"_blank\" rel=\"noopener\" title=\"\">Lee nuestra entrada al blog: \u00bfPor qu\u00e9 fallecen los ancianos de fractura de cadera?<\/a><\/em><\/strong><\/li>\n<\/ul>\n\n\n\n<figure class=\"wp-block-image size-large\"><img decoding=\"async\" src=\"https:\/\/miresiblog.imgix.net\/uploads\/2022\/06\/professional-caregiver-taking-care-of-elderly-woma-2022-05-31-02-23-39-utc.jpg?auto=format%2Ccompress&fit=crop&h=683&ixlib=php-3.3.0&w=1024&s=c401c94506975288b121bbd1d8dca853\" alt=\"protocolo de adaptaci\u00f3n en residencias\" class=\"wp-image-16588\" srcset=\"https:\/\/miresiblog.imgix.net\/uploads\/2022\/06\/professional-caregiver-taking-care-of-elderly-woma-2022-05-31-02-23-39-utc-scaled.jpg?auto=format%2Ccompress&fit=crop&h=683&ixlib=php-3.3.0&w=1024&s=0d464dcf672c94d2f53f9ea6d7064a32 1024w, https:\/\/miresiblog.imgix.net\/uploads\/2022\/06\/professional-caregiver-taking-care-of-elderly-woma-2022-05-31-02-23-39-utc-scaled.jpg?auto=format%2Ccompress&fit=crop&h=200&ixlib=php-3.3.0&w=300&s=ef60ad60ad498ba2700fcae8cdeea7cc 300w, https:\/\/miresiblog.imgix.net\/uploads\/2022\/06\/professional-caregiver-taking-care-of-elderly-woma-2022-05-31-02-23-39-utc-scaled.jpg?auto=format%2Ccompress&fit=crop&h=512&ixlib=php-3.3.0&w=768&s=8812ddff88a6d5decf25ac6c4609a06c 768w, https:\/\/miresiblog.imgix.net\/uploads\/2022\/06\/professional-caregiver-taking-care-of-elderly-woma-2022-05-31-02-23-39-utc-scaled.jpg?auto=format%2Ccompress&fit=crop&h=1025&ixlib=php-3.3.0&w=1536&s=6a738ab0268aba5c725cd432d43fd4d8 1536w, https:\/\/miresiblog.imgix.net\/uploads\/2022\/06\/professional-caregiver-taking-care-of-elderly-woma-2022-05-31-02-23-39-utc-scaled.jpg?auto=format%2Ccompress&fit=crop&h=1366&ixlib=php-3.3.0&w=2048&s=34d98eda8736b9ae773c8500fc7f44ca 2048w, https:\/\/miresiblog.imgix.net\/uploads\/2022\/06\/professional-caregiver-taking-care-of-elderly-woma-2022-05-31-02-23-39-utc-scaled.jpg?auto=format%2Ccompress&fit=crop&h=240&ixlib=php-3.3.0&w=360&s=55d91738ef840a6b5cbd0110e7396371 360w, https:\/\/miresiblog.imgix.net\/uploads\/2022\/06\/professional-caregiver-taking-care-of-elderly-woma-2022-05-31-02-23-39-utc-scaled.jpg?auto=format%2Ccompress&ixlib=php-3.3.0&w=899&s=0b43c9c8c0ca9b9d6ac92c95bbdd983a 899w\" sizes=\"(max-width: 1024px) 100vw, 1024px\" data-recalc-dims=\"1\" \/><figcaption class=\"wp-element-caption\">El <strong>protocolo de adaptaci\u00f3n en residencias<\/strong> es un conjunto de pr\u00e1cticas y procedimientos dise\u00f1ados para asegurar que los nuevos residentes se integren de manera efectiva y c\u00f3moda en su nuevo entorno. <\/figcaption><\/figure>\n\n\n\n<h2 class=\"wp-block-heading\">Beneficios del Protocolo de Adaptaci\u00f3n en Residencias<\/h2>\n\n\n\n<p>El <strong>protocolo de adaptaci\u00f3n en residencias<\/strong> ofrece numerosos beneficios tanto para los adultos mayores como para sus familias como:<\/p>\n\n\n\n<ul class=\"wp-block-list\">\n<li><strong>Reducci\u00f3n del estr\u00e9s y la ansiedad:<\/strong> La transici\u00f3n a una residencia puede ser un momento estresante para los adultos mayores. Un protocolo bien implementado ayuda a disminuir los niveles de estr\u00e9s y ansiedad asociados con este cambio significativo.<\/li>\n\n\n\n<li><strong>Facilitaci\u00f3n de la integraci\u00f3n social:<\/strong> El protocolo de adaptaci\u00f3n promueve la interacci\u00f3n social entre los nuevos residentes y el personal, as\u00ed como con los dem\u00e1s residentes, fomentando la creaci\u00f3n de lazos y relaciones que contribuyen a una mejor calidad de vida.<\/li>\n\n\n\n<li><strong>Bienestar f\u00edsico y emocional:<\/strong> Al asegurar que las necesidades individuales de cada residente se atienden de manera personalizada, el protocolo de adaptaci\u00f3n no solo mejora el bienestar emocional, sino que tambi\u00e9n fortalece su salud f\u00edsica.<\/li>\n\n\n\n<li><strong>Apoyo continuo tanto para el residente como para su familia:<\/strong> Durante todo el proceso de adaptaci\u00f3n, el personal de la residencia se mantiene en estrecha comunicaci\u00f3n con las familias, brind\u00e1ndoles tranquilidad y apoyo necesario para afrontar esta nueva etapa.<\/li>\n<\/ul>\n\n\n\n<p>Estos beneficios hacen que el <strong>protocolo de adaptaci\u00f3n en residencias<\/strong> sea un elemento esencial para garantizar la satisfacci\u00f3n y el bienestar de los adultos mayores, asegurando que se sientan c\u00f3modos, seguros y bien cuidados en su nuevo hogar.<\/p>\n\n\n\n<h2 class=\"wp-block-heading\">Etapas del Protocolo de Adaptaci\u00f3n en Residencias<\/h2>\n\n\n\n<p>El <strong>protocolo de adaptaci\u00f3n en residencias<\/strong> se estructura en varias etapas cuidadosamente planificadas para asegurar una transici\u00f3n suave y efectiva para los nuevos residentes. A continuaci\u00f3n, describimos las principales fases de este protocolo:<\/p>\n\n\n\n<h3 class=\"wp-block-heading\"><strong>1. Evaluaci\u00f3n Inicial<\/strong><\/h3>\n\n\n\n<p>Antes de la llegada del nuevo residente, se realiza una evaluaci\u00f3n inicial para comprender sus necesidades, preferencias y estado de salud. Esta evaluaci\u00f3n incluye entrevistas con el residente y su familia, y una revisi\u00f3n exhaustiva de su historial m\u00e9dico y social. Esta informaci\u00f3n es crucial para desarrollar un plan de adaptaci\u00f3n personalizado que asegure una integraci\u00f3n m\u00e1s fluida.<\/p>\n\n\n\n<h3 class=\"wp-block-heading\"><strong>2. Plan de Adaptaci\u00f3n Personalizado<\/strong><\/h3>\n\n\n\n<p>Con los datos recopilados durante la evaluaci\u00f3n inicial, se elabora un plan de adaptaci\u00f3n personalizado que considera las necesidades espec\u00edficas del residente. Este plan incluye actividades y rutinas dise\u00f1adas para hacer que el residente se sienta c\u00f3modo y bienvenido, as\u00ed como el establecimiento de metas a corto y largo plazo para su bienestar f\u00edsico y emocional.<\/p>\n\n\n\n<h3 class=\"wp-block-heading\"><strong>3. Apoyo Continuo y Monitoreo<\/strong><\/h3>\n\n\n\n<p>Durante las primeras semanas tras la llegada del residente, el personal de la residencia proporciona un apoyo continuo y monitorea de cerca su progreso. Esta fase es fundamental para identificar cualquier problema o ajuste necesario en el plan de adaptaci\u00f3n, garantizando que el residente se sienta acompa\u00f1ado y cuidado en todo momento. Las interacciones regulares con el personal y las actividades programadas ayudan a fomentar una sensaci\u00f3n de pertenencia y seguridad.<\/p>\n\n\n\n<h3 class=\"wp-block-heading\"><strong>4. Evaluaci\u00f3n y Ajustes Peri\u00f3dicos<\/strong><\/h3>\n\n\n\n<p>El protocolo de adaptaci\u00f3n en residencias no termina con la integraci\u00f3n inicial. Se realizan evaluaciones peri\u00f3dicas para revisar y ajustar el plan de adaptaci\u00f3n seg\u00fan sea necesario. Estas evaluaciones garantizan que el residente contin\u00fae recibiendo el apoyo adecuado y que cualquier cambio en sus necesidades o preferencias sea atendido de manera oportuna. Este enfoque din\u00e1mico y proactivo contribuye a mantener una alta calidad de vida y bienestar para el residente a lo largo del tiempo.<\/p>\n\n\n\n<p>El <strong>protocolo de adaptaci\u00f3n en residencias<\/strong> es, por lo tanto, un proceso integral y multifac\u00e9tico que asegura que los adultos mayores se sientan bienvenidos, c\u00f3modos y apoyados desde el primer d\u00eda y durante toda su estancia en la residencia.<\/p>\n\n\n\n<h2 class=\"wp-block-heading\"><strong>Consejos para Familias Durante la Adaptaci\u00f3n en Residencias<\/strong><\/h2>\n\n\n\n<p>El <strong>protocolo de adaptaci\u00f3n en residencias<\/strong> no solo es importante para los adultos mayores, sino tambi\u00e9n para sus familias. <\/p>\n\n\n\n<p>Aqu\u00ed hay algunos consejos \u00fatiles para que las familias puedan apoyar a sus seres queridos durante este proceso de adaptaci\u00f3n:<\/p>\n\n\n\n<h3 class=\"wp-block-heading\"><strong>Mantener una comunicaci\u00f3n abierta con el personal de la residencia<\/strong><\/h3>\n\n\n\n<p>Es fundamental mantener una comunicaci\u00f3n fluida con el personal de la residencia. <\/p>\n\n\n\n<p>Preguntar sobre el <strong>protocolo de adaptaci\u00f3n en residencias<\/strong> espec\u00edfico del lugar, conocer a los cuidadores y estar al tanto del progreso de tu ser querido ayudar\u00e1 a crear un ambiente de confianza y cooperaci\u00f3n.<\/p>\n\n\n\n<h3 class=\"wp-block-heading\"><strong>Visitar regularmente y participar en actividades<\/strong><\/h3>\n\n\n\n<p>Las visitas regulares son cruciales durante el proceso de adaptaci\u00f3n. Participar en actividades organizadas por la residencia puede ayudar a tu ser querido a sentirse m\u00e1s conectado y respaldado. Adem\u00e1s, estas visitas tambi\u00e9n permiten a las familias observar de primera mano c\u00f3mo se est\u00e1 desarrollando el <strong>protocolo de adaptaci\u00f3n en residencias<\/strong>.<\/p>\n\n\n\n<h3 class=\"wp-block-heading\"><strong>Proporcionar objetos personales que hagan sentir al mayor en casa<\/strong><\/h3>\n\n\n\n<p>Llevar objetos personales como fotograf\u00edas, mantas favoritas o decoraciones especiales puede ayudar a que el nuevo entorno se sienta m\u00e1s familiar y acogedor. Estas peque\u00f1as cosas pueden marcar una gran diferencia en la comodidad y el bienestar emocional del residente.<\/p>\n\n\n\n<h3 class=\"wp-block-heading\"><strong>Ser pacientes y comprender que la adaptaci\u00f3n lleva tiempo<\/strong><\/h3>\n\n\n\n<p>Es importante tener paciencia y entender que la adaptaci\u00f3n a una nueva residencia puede llevar tiempo. Cada persona es diferente y puede necesitar un per\u00edodo diferente para ajustarse completamente. Apoyar y alentar a tu ser querido, y mostrar comprensi\u00f3n ante sus preocupaciones, es vital para ayudarles en este proceso.<\/p>\n\n\n\n<h3 class=\"wp-block-heading\"><strong>Participar en reuniones y evaluaciones peri\u00f3dicas<\/strong><\/h3>\n\n\n\n<p>Aseg\u00farate de asistir a las reuniones y evaluaciones peri\u00f3dicas organizadas por la residencia. Estas sesiones son una oportunidad para discutir el progreso del protocolo de adaptaci\u00f3n, hacer preguntas y sugerir ajustes si es necesario.<\/p>\n\n\n\n<p>El <strong>protocolo de adaptaci\u00f3n en residencias<\/strong>, combinado con el apoyo activo de la familia, puede transformar una experiencia potencialmente estresante en una transici\u00f3n suave y positiva. <\/p>\n\n\n\n<p>Al mantenerse involucrado y conectado, las familias pueden ayudar a sus seres queridos a sentirse m\u00e1s c\u00f3modos y seguros en su nuevo hogar.<\/p>\n\n\n\n<hr class=\"wp-block-separator has-alpha-channel-opacity\"\/>\n\n\n\n<div class=\"wp-block-buttons has-custom-font-size has-medium-font-size is-content-justification-center is-layout-flex wp-container-core-buttons-is-layout-16018d1d wp-block-buttons-is-layout-flex\">\n<div class=\"wp-block-button has-custom-font-size has-medium-font-size\"><a href=\"https:\/\/buscador.miresi.es\/?utm_source=blog&_gl=1*esl89n*_up*MQ..*_ga*OTY0MTc3ODU4LjE3MTc1ODM1MzA.*_ga_CVYZKMZBJK*MTcxNzU4MzU0MC4xLjAuMTcxNzU4MzU0MC4wLjAuMA..*_ga_6KEPMF6WZJ*MTcxNzU4MzUyOS4xLjEuMTcxNzU4MzU0MC4wLjAuMA..\"  rel=\"nofollow\"  rel=\"nofollow\">Te ayudamos gratis a encontrar la mejor residencia de mayores<\/a><\/div>\n<\/div>\n\n\n\n<hr class=\"wp-block-separator has-alpha-channel-opacity\"\/>\n\n\n\n<p>En miResi te ayudamos de forma gratuita a encontrar la mejor residencia de mayores. Nuestros expertos te ofrecer\u00e1n un servicio profesional, sensible y personalizado seg\u00fan tus necesidades. <\/p>\n\n\n\n<p>Nuestra misi\u00f3n es encontrarte los mejores cuidados para tus mayores.<\/p>\n<div style='text-align:center' class='yasr-auto-insert-visitor'><!--Yasr Visitor Votes Shortcode--><div id='yasr_visitor_votes_72a3f94162a8f' class='yasr-visitor-votes'><div class=\"yasr-custom-text-vv-before yasr-custom-text-vv-before-22724\">\u00a1Haz clic para puntuar esta entrada!<\/div><div id='yasr-vv-second-row-container-72a3f94162a8f'\r\n                                        class='yasr-vv-second-row-container'><div id='yasr-visitor-votes-rater-72a3f94162a8f'\r\n                                      class='yasr-rater-stars-vv'\r\n                                      data-rater-postid='22724'\r\n                                      data-rating='5'\r\n                                      data-rater-starsize='32'\r\n                                      data-rater-readonly='false'\r\n                                      data-rater-nonce='df9b54cd3f'\r\n                                      data-issingular='false'\r\n                                    ><\/div><div class=\"yasr-vv-stats-text-container\" id=\"yasr-vv-stats-text-container-72a3f94162a8f\"><svg xmlns=\"https:\/\/www.w3.org\/2000\/svg\" width=\"20\" height=\"20\"\r\n                                   class=\"yasr-dashicons-visitor-stats\"\r\n                                   data-postid=\"22724\"\r\n                                   id=\"yasr-stats-dashicon-72a3f94162a8f\">\r\n                                   <path d=\"M18 18v-16h-4v16h4zM12 18v-11h-4v11h4zM6 18v-8h-4v8h4z\"><\/path>\r\n                               <\/svg><span id=\"yasr-vv-text-container-72a3f94162a8f\" class=\"yasr-vv-text-container\"> (Votos: <span id=\"yasr-vv-votes-number-container-72a3f94162a8f\">1<\/span>  Promedio: <span id=\"yasr-vv-average-container-72a3f94162a8f\">5<\/span>)<\/span><\/div><div id='yasr-vv-loader-72a3f94162a8f' class='yasr-vv-container-loader'><\/div><\/div><div id='yasr-vv-bottom-container-72a3f94162a8f'\r\n                              class='yasr-vv-bottom-container'\r\n                              style='display:none'><\/div><\/div><!--End Yasr Visitor Votes Shortcode--><\/div>","protected":false},"excerpt":{"rendered":"<p>El protocolo de adaptaci\u00f3n en residencias es un aspecto crucial que garantiza que los adultos&#8230;<\/p>\n","protected":false},"author":36,"featured_media":18892,"comment_status":"open","ping_status":"open","sticky":false,"template":"","format":"standard","meta":{"yasr_overall_rating":0,"yasr_post_is_review":"","yasr_auto_insert_disabled":"","yasr_review_type":"","footnotes":""},"categories":[251,362],"tags":[1706,22],"class_list":["post-22724","post","type-post","status-publish","format-standard","has-post-thumbnail","hentry","category-residencias","category-residencias-de-mayores","tag-protocolo-de-adaptacion-en-residencias","tag-residencias-de-mayores"],"yasr_visitor_votes":{"stars_attributes":{"read_only":false,"span_bottom":false},"number_of_votes":1,"sum_votes":5},"_links":{"self":[{"href":"https:\/\/miresi.es\/blog\/wp-json\/wp\/v2\/posts\/22724","targetHints":{"allow":["GET"]}}],"collection":[{"href":"https:\/\/miresi.es\/blog\/wp-json\/wp\/v2\/posts"}],"about":[{"href":"https:\/\/miresi.es\/blog\/wp-json\/wp\/v2\/types\/post"}],"author":[{"embeddable":true,"href":"https:\/\/miresi.es\/blog\/wp-json\/wp\/v2\/users\/36"}],"replies":[{"embeddable":true,"href":"https:\/\/miresi.es\/blog\/wp-json\/wp\/v2\/comments?post=22724"}],"version-history":[{"count":5,"href":"https:\/\/miresi.es\/blog\/wp-json\/wp\/v2\/posts\/22724\/revisions"}],"predecessor-version":[{"id":22729,"href":"https:\/\/miresi.es\/blog\/wp-json\/wp\/v2\/posts\/22724\/revisions\/22729"}],"wp:featuredmedia":[{"embeddable":true,"href":"https:\/\/miresi.es\/blog\/wp-json\/wp\/v2\/media\/18892"}],"wp:attachment":[{"href":"https:\/\/miresi.es\/blog\/wp-json\/wp\/v2\/media?parent=22724"}],"wp:term":[{"taxonomy":"category","embeddable":true,"href":"https:\/\/miresi.es\/blog\/wp-json\/wp\/v2\/categories?post=22724"},{"taxonomy":"post_tag","embeddable":true,"href":"https:\/\/miresi.es\/blog\/wp-json\/wp\/v2\/tags?post=22724"}],"curies":[{"name":"wp","href":"https:\/\/api.w.org\/{rel}","templated":true}]}}