{"id":24431,"date":"2025-07-14T11:00:00","date_gmt":"2025-07-14T10:00:00","guid":{"rendered":"https:\/\/miresi.es\/blog\/?p=24431"},"modified":"2026-04-23T17:55:33","modified_gmt":"2026-04-23T16:55:33","slug":"como-combatir-la-soledad-en-personas-mayores","status":"publish","type":"post","link":"https:\/\/miresi.es\/blog\/como-combatir-la-soledad-en-personas-mayores\/","title":{"rendered":"\u00bfC\u00f3mo combatir la soledad en personas mayores?"},"content":{"rendered":"\n<p>La <strong>soledad<\/strong> es una de las grandes <strong>amenazas silenciosas en la vejez<\/strong>. Aunque no siempre se ve a simple vista, tiene <strong>efectos profundos en la salud f\u00edsica, emocional y mental de quienes la sufren. <\/strong>A menudo, las personas mayores que viven solas o con movilidad reducida pierden el contacto frecuente con familiares y amistades, y poco a poco dejan de sentirse parte activa de su entorno.<\/p>\n\n\n\n<p>Combatir esta soledad no deseada es clave para mejorar su calidad de vida. Desde peque\u00f1os gestos cotidianos hasta soluciones profesionales,<strong> hay muchas formas de acompa\u00f1ar, conectar y devolverles el bienestar. <\/strong>En este art\u00edculo te explicamos c\u00f3mo detectarla y qu\u00e9 hacer para evitarla.<\/p>\n\n\n\n<figure class=\"wp-block-image size-large\"><img decoding=\"async\" src=\"https:\/\/miresiblog.imgix.net\/uploads\/2025\/07\/5-2.png?auto=format%2Ccompress&fit=crop&h=576&ixlib=php-3.3.0&w=1024&s=d4944314e57fa16b2c5f589fbd0e2c3d\" alt=\"persona mayor con depresi\u00f3n por soledad\" class=\"wp-image-24441\" srcset=\"https:\/\/miresiblog.imgix.net\/uploads\/2025\/07\/5-2.png?auto=format%2Ccompress&fit=crop&h=576&ixlib=php-3.3.0&w=1024&s=d4944314e57fa16b2c5f589fbd0e2c3d 1024w, https:\/\/miresiblog.imgix.net\/uploads\/2025\/07\/5-2.png?auto=format%2Ccompress&fit=crop&h=169&ixlib=php-3.3.0&w=300&s=916f1fdcb5368ff33d95930bc5cdcf6b 300w, https:\/\/miresiblog.imgix.net\/uploads\/2025\/07\/5-2.png?auto=format%2Ccompress&fit=crop&h=432&ixlib=php-3.3.0&w=768&s=5c5e9f51faaa28e20b3b85be59a7ee8d 768w, https:\/\/miresiblog.imgix.net\/uploads\/2025\/07\/5-2.png?auto=format%2Ccompress&fit=crop&h=864&ixlib=php-3.3.0&w=1536&s=dcee31a8ab2f404a5fb0948b07743984 1536w, https:\/\/miresiblog.imgix.net\/uploads\/2025\/07\/5-2.png?auto=format%2Ccompress&fit=crop&h=203&ixlib=php-3.3.0&w=360&s=710a8b23a4394e3e93e03e593ce7461e 360w, https:\/\/miresiblog.imgix.net\/uploads\/2025\/07\/5-2.png?auto=format%2Ccompress&ixlib=php-3.3.0&w=1067&s=d24e8d99440737549d6260ad5dab148d 1067w\" sizes=\"(max-width: 1024px) 100vw, 1024px\" data-recalc-dims=\"1\" \/><\/figure>\n\n\n\n<div class=\"wp-block-buttons is-content-justification-center is-layout-flex wp-container-core-buttons-is-layout-16018d1d wp-block-buttons-is-layout-flex\">\n<div class=\"wp-block-button\"><a href=\"https:\/\/buscador.miresi.es\/\"  >En miResi te ayudamos gratis a encontrar la residencia para personas mayores ideal<\/a><\/div>\n<\/div>\n\n\n\n<h2 class=\"wp-block-heading\">1. Distinguir la soledad deseada de la no deseada en personas mayores<\/h2>\n\n\n\n<p><strong>No toda soledad es negativa. <\/strong>Algunas personas mayores <strong>disfrutan de estar solas y lo viven como una etapa de tranquilidad. Pero cuando la soledad no es elegida y se convierte en aislamiento emocional, puede derivar en depresi\u00f3n, ansiedad o deterioro cognitivo.<\/strong><\/p>\n\n\n\n<p>Si tu familiar expresa tristeza, deja de interesarse por sus actividades o evita el contacto con los dem\u00e1s, puede estar atravesando una etapa de soledad no deseada.<\/p>\n\n\n\n<div class=\"wp-block-buttons is-content-justification-center is-layout-flex wp-container-core-buttons-is-layout-16018d1d wp-block-buttons-is-layout-flex\">\n<div class=\"wp-block-button\"><a href=\"https:\/\/buscador.miresi.es\/\"  >Contacta con miResi y descubre opciones de residencias para personas mayores en tu zona<\/a><\/div>\n<\/div>\n\n\n\n<h2 class=\"wp-block-heading\">2. Mantener una rutina de conexi\u00f3n con personas mayores<\/h2>\n\n\n\n<p>La <strong>conexi\u00f3n emocional diaria,<\/strong> aunque sea breve, puede marcar una gran diferencia. Una llamada al final del d\u00eda, una videollamada semanal o una visita corta pueden romper la rutina del aislamiento y devolverle la sensaci\u00f3n de compa\u00f1\u00eda.<\/p>\n\n\n\n<p>Tambi\u00e9n a<strong>yuda programar visitas con amigos, nietos o vecinos<\/strong>, para que siempre haya momentos compartidos que esperar.<\/p>\n\n\n\n<figure class=\"wp-block-image size-large\"><img decoding=\"async\" src=\"https:\/\/miresiblog.imgix.net\/uploads\/2025\/07\/2-1.png?auto=format%2Ccompress&fit=crop&h=576&ixlib=php-3.3.0&w=1024&s=fdabf4b2322395490c1d80caf06f6ffa\" alt=\"persona mayor sufriendo soledad no deseada\" class=\"wp-image-24436\" srcset=\"https:\/\/miresiblog.imgix.net\/uploads\/2025\/07\/2-1.png?auto=format%2Ccompress&fit=crop&h=576&ixlib=php-3.3.0&w=1024&s=fdabf4b2322395490c1d80caf06f6ffa 1024w, https:\/\/miresiblog.imgix.net\/uploads\/2025\/07\/2-1.png?auto=format%2Ccompress&fit=crop&h=169&ixlib=php-3.3.0&w=300&s=0f5c26f0cc9048a486c4a6f469afcb8b 300w, https:\/\/miresiblog.imgix.net\/uploads\/2025\/07\/2-1.png?auto=format%2Ccompress&fit=crop&h=432&ixlib=php-3.3.0&w=768&s=5673e045cc96ff8f9878c128274c11fb 768w, https:\/\/miresiblog.imgix.net\/uploads\/2025\/07\/2-1.png?auto=format%2Ccompress&fit=crop&h=864&ixlib=php-3.3.0&w=1536&s=282b8c4938518c11cd7bc62f10709258 1536w, https:\/\/miresiblog.imgix.net\/uploads\/2025\/07\/2-1.png?auto=format%2Ccompress&fit=crop&h=203&ixlib=php-3.3.0&w=360&s=18e212c672c3af2886891a5c5d32deed 360w, https:\/\/miresiblog.imgix.net\/uploads\/2025\/07\/2-1.png?auto=format%2Ccompress&ixlib=php-3.3.0&w=1067&s=360bb51eb2086c55abcc070384da34dc 1067w\" sizes=\"(max-width: 1024px) 100vw, 1024px\" data-recalc-dims=\"1\" \/><\/figure>\n\n\n\n<h2 class=\"wp-block-heading\">3. Fomentar actividades con prop\u00f3sito<\/h2>\n\n\n\n<p><strong>Las personas mayores necesitan sentirse \u00fatiles, activas y motivadas. <\/strong>No basta con estar ocupadas: las actividades deben tener sentido para ellas.<\/p>\n\n\n\n<p>Algunas opciones efectivas:<\/p>\n\n\n\n<ul class=\"wp-block-list\">\n<li><strong>Talleres creativos o manualidades<\/strong><\/li>\n\n\n\n<li><strong>Ejercicio f\u00edsico adaptado<\/strong><\/li>\n\n\n\n<li><strong>Grupos de lectura o cine<\/strong><\/li>\n\n\n\n<li><strong>Juegos de mesa o memoria<\/strong><\/li>\n\n\n\n<li><strong>Voluntariado o ayuda en tareas sencillas<\/strong><\/li>\n<\/ul>\n\n\n\n<p>Muchas residencias incluyen <strong>estas propuestas a diario como parte de sus programas de bienestar.<\/strong><\/p>\n\n\n\n<figure class=\"wp-block-image size-large\"><img decoding=\"async\" src=\"https:\/\/miresiblog.imgix.net\/uploads\/2025\/07\/3-1.png?auto=format%2Ccompress&fit=crop&h=576&ixlib=php-3.3.0&w=1024&s=e1c0c354a889b672d47c719b996ff10f\" alt=\"club de lectura para personas mayores\" class=\"wp-image-24437\" srcset=\"https:\/\/miresiblog.imgix.net\/uploads\/2025\/07\/3-1.png?auto=format%2Ccompress&fit=crop&h=576&ixlib=php-3.3.0&w=1024&s=e1c0c354a889b672d47c719b996ff10f 1024w, https:\/\/miresiblog.imgix.net\/uploads\/2025\/07\/3-1.png?auto=format%2Ccompress&fit=crop&h=169&ixlib=php-3.3.0&w=300&s=1b4e0878de1d9ca0d0a80c01178f72b6 300w, https:\/\/miresiblog.imgix.net\/uploads\/2025\/07\/3-1.png?auto=format%2Ccompress&fit=crop&h=432&ixlib=php-3.3.0&w=768&s=86cfb041284231016c0fcd42c41b782f 768w, https:\/\/miresiblog.imgix.net\/uploads\/2025\/07\/3-1.png?auto=format%2Ccompress&fit=crop&h=864&ixlib=php-3.3.0&w=1536&s=695c0efcb8dfbf915a203e66585022fd 1536w, https:\/\/miresiblog.imgix.net\/uploads\/2025\/07\/3-1.png?auto=format%2Ccompress&fit=crop&h=203&ixlib=php-3.3.0&w=360&s=170f42125063f8088f5ce1890c86ba53 360w, https:\/\/miresiblog.imgix.net\/uploads\/2025\/07\/3-1.png?auto=format%2Ccompress&ixlib=php-3.3.0&w=1067&s=c336a9ed6ee546bccf11cbcb23ccbbc8 1067w\" sizes=\"(max-width: 1024px) 100vw, 1024px\" data-recalc-dims=\"1\" \/><\/figure>\n\n\n\n<div class=\"wp-block-buttons is-content-justification-center is-layout-flex wp-container-core-buttons-is-layout-16018d1d wp-block-buttons-is-layout-flex\">\n<div class=\"wp-block-button\"><a href=\"https:\/\/miresi.es\/buscador\/?utm_source=blog\"  >Las residencias y centros de d\u00eda para personas mayores pueden ser la soluci\u00f3n perfecta: Te ayudamos a encontrar la que mejor se adapte a tu situaci\u00f3n<\/a><\/div>\n<\/div>\n\n\n\n<h2 class=\"wp-block-heading\">4. Crear entornos con compa\u00f1\u00eda constante<\/h2>\n\n\n\n<p>Un entorno con personas alrededor, <strong>interacci\u00f3n continua y supervisi\u00f3n profesional<\/strong> ayuda a romper el aislamiento. En las residencias, los mayores encuentran compa\u00f1eros con quienes <strong>compartir tiempo y vivencias, <\/strong>adem\u00e1s de personal pendiente de su estado emocional.<\/p>\n\n\n\n<p>En vez de pasar d\u00edas enteros solos, pueden hablar, participar en talleres o simplemente tomar un caf\u00e9 en compa\u00f1\u00eda.<\/p>\n\n\n\n<div class=\"wp-block-buttons is-content-justification-center is-layout-flex wp-container-core-buttons-is-layout-16018d1d wp-block-buttons-is-layout-flex\">\n<div class=\"wp-block-button\"><a href=\"https:\/\/buscador.miresi.es\/\"  >Encuentra con miResi un entorno seguro, activo y lleno de vida<\/a><\/div>\n<\/div>\n\n\n\n<h2 class=\"wp-block-heading\">5. Contar con apoyo emocional profesional<\/h2>\n\n\n\n<p><strong>En casos donde la soledad ha generado s\u00edntomas como tristeza profunda, insomnio o apat\u00eda constante, puede ser necesaria la intervenci\u00f3n de psic\u00f3logos o terapeutas.<\/strong> Algunas residencias ofrecen este acompa\u00f1amiento como parte de sus servicios.<\/p>\n\n\n\n<p>Este apoyo puede ser clave para <strong>mejorar el estado de \u00e1nimo y recuperar el inter\u00e9s por la vida diaria.<\/strong><\/p>\n\n\n\n<figure class=\"wp-block-image size-large\"><img decoding=\"async\" src=\"https:\/\/miresiblog.imgix.net\/uploads\/2025\/07\/4-1.png?auto=format%2Ccompress&fit=crop&h=576&ixlib=php-3.3.0&w=1024&s=ed7044fe5b2ec43ae955434dd7686406\" alt=\"ayuda psicol\u00f3gica para combatir la soledad en personas mayores\" class=\"wp-image-24439\" srcset=\"https:\/\/miresiblog.imgix.net\/uploads\/2025\/07\/4-1.png?auto=format%2Ccompress&fit=crop&h=576&ixlib=php-3.3.0&w=1024&s=ed7044fe5b2ec43ae955434dd7686406 1024w, https:\/\/miresiblog.imgix.net\/uploads\/2025\/07\/4-1.png?auto=format%2Ccompress&fit=crop&h=169&ixlib=php-3.3.0&w=300&s=1a394320382bd7be4972778760b405c1 300w, https:\/\/miresiblog.imgix.net\/uploads\/2025\/07\/4-1.png?auto=format%2Ccompress&fit=crop&h=432&ixlib=php-3.3.0&w=768&s=98f55e1f59a85e6ac5e9243e3b4955bf 768w, https:\/\/miresiblog.imgix.net\/uploads\/2025\/07\/4-1.png?auto=format%2Ccompress&fit=crop&h=864&ixlib=php-3.3.0&w=1536&s=0aa159ea7a8cba2c50f1e6c790e276c7 1536w, https:\/\/miresiblog.imgix.net\/uploads\/2025\/07\/4-1.png?auto=format%2Ccompress&fit=crop&h=203&ixlib=php-3.3.0&w=360&s=ffb41e8b1be5d519529e3dbfb9825aae 360w, https:\/\/miresiblog.imgix.net\/uploads\/2025\/07\/4-1.png?auto=format%2Ccompress&ixlib=php-3.3.0&w=1067&s=1c01e25e90d337c08125cf9a8ef4b239 1067w\" sizes=\"(max-width: 1024px) 100vw, 1024px\" data-recalc-dims=\"1\" \/><\/figure>\n\n\n\n<h2 class=\"wp-block-heading\">6. Se\u00f1ales de alerta a tener en cuenta<\/h2>\n\n\n\n<p>Es importante detectar a tiempo cu\u00e1ndo la soledad est\u00e1 afectando la salud y el bienestar de una persona mayor. Estas son algunas se\u00f1ales comunes que no debes ignorar:<\/p>\n\n\n\n<ul class=\"wp-block-list\">\n<li><strong>Cambios bruscos de humor o irritabilidad<\/strong><\/li>\n\n\n\n<li><strong>Descuido personal o falta de higiene<\/strong><\/li>\n\n\n\n<li><strong>P\u00e9rdida de apetito o insomnio<\/strong><\/li>\n\n\n\n<li><strong>Comentarios sobre sentirse \u201cin\u00fatil\u201d o \u201ccarga\u201d<\/strong><\/li>\n\n\n\n<li><strong>Aislamiento progresivo de la familia<\/strong><\/li>\n<\/ul>\n\n\n\n<p>Ante estas se\u00f1ales, actuar pronto puede marcar una gran diferencia. <strong>La soledad en la vejez no es un destino inevitable.<\/strong> Con peque\u00f1os cambios y decisiones conscientes, es posible devolverles a nuestros mayores una vida con m\u00e1s compa\u00f1\u00eda, prop\u00f3sito y alegr\u00eda. En <strong>miResi<\/strong> <strong>te ayudamos a encontrar el entorno m\u00e1s adecuado para que tu familiar est\u00e9 acompa\u00f1ado, cuidado y feliz.<\/strong><\/p>\n\n\n\n<div class=\"wp-block-buttons is-content-justification-center is-layout-flex wp-container-core-buttons-is-layout-16018d1d wp-block-buttons-is-layout-flex\">\n<div class=\"wp-block-button\"><a href=\"https:\/\/buscador.miresi.es\/\"  >En miResi te asesoramos gratis para encontrar centros con atenci\u00f3n y residencias que acompa\u00f1en al mayor<\/a><\/div>\n<\/div>\n\n\n\n<p><\/p>\n<div style='text-align:center' class='yasr-auto-insert-visitor'><!--Yasr Visitor Votes Shortcode--><div id='yasr_visitor_votes_2ea4f9049dd76' class='yasr-visitor-votes'><div class=\"yasr-custom-text-vv-before yasr-custom-text-vv-before-24431\">\u00a1Haz clic para puntuar esta entrada!<\/div><div id='yasr-vv-second-row-container-2ea4f9049dd76'\r\n                                        class='yasr-vv-second-row-container'><div id='yasr-visitor-votes-rater-2ea4f9049dd76'\r\n                                      class='yasr-rater-stars-vv'\r\n                                      data-rater-postid='24431'\r\n                                      data-rating='3.3'\r\n                                      data-rater-starsize='32'\r\n                                      data-rater-readonly='false'\r\n                                      data-rater-nonce='df9b54cd3f'\r\n                                      data-issingular='false'\r\n                                    ><\/div><div class=\"yasr-vv-stats-text-container\" id=\"yasr-vv-stats-text-container-2ea4f9049dd76\"><svg xmlns=\"https:\/\/www.w3.org\/2000\/svg\" width=\"20\" height=\"20\"\r\n                                   class=\"yasr-dashicons-visitor-stats\"\r\n                                   data-postid=\"24431\"\r\n                                   id=\"yasr-stats-dashicon-2ea4f9049dd76\">\r\n                                   <path d=\"M18 18v-16h-4v16h4zM12 18v-11h-4v11h4zM6 18v-8h-4v8h4z\"><\/path>\r\n                               <\/svg><span id=\"yasr-vv-text-container-2ea4f9049dd76\" class=\"yasr-vv-text-container\"> (Votos: <span id=\"yasr-vv-votes-number-container-2ea4f9049dd76\">3<\/span>  Promedio: <span id=\"yasr-vv-average-container-2ea4f9049dd76\">3.3<\/span>)<\/span><\/div><div id='yasr-vv-loader-2ea4f9049dd76' class='yasr-vv-container-loader'><\/div><\/div><div id='yasr-vv-bottom-container-2ea4f9049dd76'\r\n                              class='yasr-vv-bottom-container'\r\n                              style='display:none'><\/div><\/div><!--End Yasr Visitor Votes Shortcode--><\/div>","protected":false},"excerpt":{"rendered":"<p>La soledad es una de las grandes amenazas silenciosas en la vejez. Aunque no siempre&#8230;<\/p>\n","protected":false},"author":38,"featured_media":24435,"comment_status":"open","ping_status":"open","sticky":false,"template":"","format":"standard","meta":{"yasr_overall_rating":0,"yasr_post_is_review":"","yasr_auto_insert_disabled":"","yasr_review_type":"","footnotes":""},"categories":[386,26],"tags":[],"class_list":["post-24431","post","type-post","status-publish","format-standard","has-post-thumbnail","hentry","category-bienestar","category-envejecimiento"],"yasr_visitor_votes":{"stars_attributes":{"read_only":false,"span_bottom":false},"number_of_votes":3,"sum_votes":10},"_links":{"self":[{"href":"https:\/\/miresi.es\/blog\/wp-json\/wp\/v2\/posts\/24431","targetHints":{"allow":["GET"]}}],"collection":[{"href":"https:\/\/miresi.es\/blog\/wp-json\/wp\/v2\/posts"}],"about":[{"href":"https:\/\/miresi.es\/blog\/wp-json\/wp\/v2\/types\/post"}],"author":[{"embeddable":true,"href":"https:\/\/miresi.es\/blog\/wp-json\/wp\/v2\/users\/38"}],"replies":[{"embeddable":true,"href":"https:\/\/miresi.es\/blog\/wp-json\/wp\/v2\/comments?post=24431"}],"version-history":[{"count":8,"href":"https:\/\/miresi.es\/blog\/wp-json\/wp\/v2\/posts\/24431\/revisions"}],"predecessor-version":[{"id":24456,"href":"https:\/\/miresi.es\/blog\/wp-json\/wp\/v2\/posts\/24431\/revisions\/24456"}],"wp:featuredmedia":[{"embeddable":true,"href":"https:\/\/miresi.es\/blog\/wp-json\/wp\/v2\/media\/24435"}],"wp:attachment":[{"href":"https:\/\/miresi.es\/blog\/wp-json\/wp\/v2\/media?parent=24431"}],"wp:term":[{"taxonomy":"category","embeddable":true,"href":"https:\/\/miresi.es\/blog\/wp-json\/wp\/v2\/categories?post=24431"},{"taxonomy":"post_tag","embeddable":true,"href":"https:\/\/miresi.es\/blog\/wp-json\/wp\/v2\/tags?post=24431"}],"curies":[{"name":"wp","href":"https:\/\/api.w.org\/{rel}","templated":true}]}}