{"id":247,"date":"2021-05-12T11:58:31","date_gmt":"2021-05-12T10:58:31","guid":{"rendered":"https:\/\/miresi.es\/blog\/?p=247"},"modified":"2024-03-06T13:05:37","modified_gmt":"2024-03-06T12:05:37","slug":"enfermeria-geriatrica-en-las-residencias-de-ancianos","status":"publish","type":"post","link":"https:\/\/miresi.es\/blog\/enfermeria-geriatrica-en-las-residencias-de-ancianos\/","title":{"rendered":"D\u00eda Internacional de la Enfermer\u00eda: Enfermer\u00eda Geri\u00e1trica en las Residencias"},"content":{"rendered":"\n<p>Hoy, <strong>12 de mayo<\/strong>, <strong>D\u00eda Internacional de la Enfermer\u00eda<\/strong>, <strong><a href=\"https:\/\/miresi.es\/\"  target=\"_blank\" rel=\"noreferrer noopener\"  target=\"_blank\" rel=\"noreferrer noopener\">miResi<\/a><\/strong> quiere dedicarle un post especial a una de las profesiones m\u00e1s importantes para nuestros mayores: <strong>la enfermer\u00eda geri\u00e1trica<\/strong>.\u00a0<\/p>\n\n\n\n<p>Los profesionales de enfermer\u00eda son los que se encargan, junto con el resto de profesionales de la <strong><a href=\"https:\/\/miresi.es\/que-es-una-residencia-de-ancianos\/\"  target=\"_blank\" rel=\"noreferrer noopener\"  target=\"_blank\" rel=\"noreferrer noopener\">residencia de ancianos<\/a>,<\/strong> de cuidar de la salud de nuestros familiares. Velan por su bienestar, mejorando su <strong>calidad de vida<\/strong> en esta \u00faltima etapa de la vida.\u00a0<\/p>\n\n\n\n<p>Si <a href=\"https:\/\/miresi.es\/buscador\/\"  rel=\"noreferrer noopener\"  rel=\"noreferrer noopener\">buscas una residencia de ancianos<\/a> con un buen servicio de enfermer\u00eda, este post es para ti. Aqu\u00ed te contamos la importancia de este d\u00eda, qu\u00e9 es la enfermer\u00eda geri\u00e1trica y por qu\u00e9 es tan importante para mayores y familias.<\/p>\n\n\n\n<div class=\"wp-block-buttons is-horizontal is-content-justification-center is-layout-flex wp-container-core-buttons-is-layout-499968f5 wp-block-buttons-is-layout-flex\">\n<div class=\"wp-block-button is-style-fill\"><a href=\"https:\/\/miresi.es\/buscador\/\"  style=\"border-radius:8px;background-color:#1f9f6e;color:#fffffa\" target=\"_blank\" rel=\"noreferrer noopener\"  style=\"border-radius:8px;background-color:#1f9f6e;color:#fffffa\" target=\"_blank\" rel=\"noreferrer noopener\">Encuentra tu residencia con servicio de enfermer\u00eda<\/a><\/div>\n<\/div>\n\n\n\n<div style=\"height:10px\" aria-hidden=\"true\" class=\"wp-block-spacer\"><\/div>\n\n\n\n<h2 class=\"wp-block-heading\" id=\"1-que-se-celebra\"><strong>1. \u00bfQu\u00e9 se celebra?<\/strong><\/h2>\n\n\n\n<p>El 12 de mayo se celebra el <strong>D\u00eda Internacional de la Enfermer\u00eda<\/strong>. En esta fecha se conmemora el nacimiento de <strong>Florence Nightingale<\/strong>. Es considerada la <strong>madre de la enfermer\u00eda moderna<\/strong> tal y como la conocemos hoy en d\u00eda.<\/p>\n\n\n\n<p>Durante la guerra de Crimea, entre el 1853 y el 1856, se enfrent\u00f3 el imperio ruso contra una agrupaci\u00f3n de pa\u00edses que inclu\u00eda a Reino Unido, el Imperio Ot\u00f3mano e Inglaterra. En esta batalla cayeron heridos muchos soldados, y los que no sobrevivieron fue debido a que no hab\u00eda nadie para asistirles. Ah\u00ed fue cuando Florence Nightingale batall\u00f3 como voluntaria para atender a los heridos en la batalla y as\u00ed salvarles la vida.\u00a0<\/p>\n\n\n\n<p>Su excelente labor en la batalla de Crimea fue reconocida a nivel mundial por su <strong>valor humanitario<\/strong>. Tambi\u00e9n ayud\u00f3 a mejorar las bases de la <strong>medicina <\/strong>y de la <strong>Salud P\u00fablica<\/strong>. Incluso se la lleg\u00f3 a llamar la diosa de la linterna. Una vez acab\u00f3 la guerra, la famosa enfermera cre\u00f3 una escuela de enfermer\u00eda que estableci\u00f3 las bases de la <strong>enfermer\u00eda moderna<\/strong>.\u00a0<\/p>\n\n\n\n<p>Por ello, el 12 de mayo, d\u00eda de su nacimiento, se estableci\u00f3 como el D\u00eda Internacional de la Enfermer\u00eda. En conmemoraci\u00f3n al incre\u00edble trabajo que realiz\u00f3 Florence Nightingale.<\/p>\n\n\n\n<figure class=\"wp-block-image size-large\"><img decoding=\"async\" width=\"1024\" height=\"813\" src=\"https:\/\/miresi.es\/blog\/wp-content\/uploads\/2021\/05\/Florence_Nightingale._Coloured_lithograph._Wellcome_V0006578-1024x813.jpg\" alt=\"Imagen de Florence Nightingale cuidando a un enfermo\" class=\"wp-image-254\" srcset=\"https:\/\/miresiblog.imgix.net\/uploads\/2021\/05\/Florence_Nightingale._Coloured_lithograph._Wellcome_V0006578-scaled.jpg?auto=format%2Ccompress&fit=crop&h=813&ixlib=php-3.3.0&w=1024&s=b96bdfb6d3155682a9cf176392974656 1024w, https:\/\/miresiblog.imgix.net\/uploads\/2021\/05\/Florence_Nightingale._Coloured_lithograph._Wellcome_V0006578-scaled.jpg?auto=format%2Ccompress&fit=crop&h=238&ixlib=php-3.3.0&w=300&s=0c3eb6d5177f370a15117a3c5c577711 300w, https:\/\/miresiblog.imgix.net\/uploads\/2021\/05\/Florence_Nightingale._Coloured_lithograph._Wellcome_V0006578-scaled.jpg?auto=format%2Ccompress&fit=crop&h=610&ixlib=php-3.3.0&w=768&s=b188d59cbe68714dbca537a3375017df 768w, https:\/\/miresiblog.imgix.net\/uploads\/2021\/05\/Florence_Nightingale._Coloured_lithograph._Wellcome_V0006578-scaled.jpg?auto=format%2Ccompress&fit=crop&h=1220&ixlib=php-3.3.0&w=1536&s=d6c2bf807650e901b53e7dd7aead819a 1536w, https:\/\/miresiblog.imgix.net\/uploads\/2021\/05\/Florence_Nightingale._Coloured_lithograph._Wellcome_V0006578-scaled.jpg?auto=format%2Ccompress&fit=crop&h=1626&ixlib=php-3.3.0&w=2048&s=95ab1a83a74c932d83c25f9179c7814a 2048w, https:\/\/miresiblog.imgix.net\/uploads\/2021\/05\/Florence_Nightingale._Coloured_lithograph._Wellcome_V0006578-scaled.jpg?auto=format%2Ccompress&ixlib=php-3.3.0&w=756&s=3f7f6186247be09fe83bea2e15957796 756w\" sizes=\"(max-width: 1024px) 100vw, 1024px\" \/><figcaption>Florence Nightingale es considerada la madre de la enfermer\u00eda moderna.<\/figcaption><\/figure>\n\n\n\n<h2 class=\"wp-block-heading\" id=\"2-la-enfermeria-geriatrica\">2. <strong>La enfermer\u00eda geri\u00e1trica<\/strong><\/h2>\n\n\n\n<p>La enfermer\u00eda geri\u00e1trica es la disciplina que se encarga de <strong>cuidar la salud de las personas mayores<\/strong>. Tiene el principal objetivo de dar la mejor atenci\u00f3n a los ancianos, as\u00ed como a sus familias. Seg\u00fan la<a href=\"https:\/\/seegg.es\/\"  target=\"_blank\" rel=\"external nofollow\"  target=\"_blank\" rel=\"noreferrer noopener\" title=\"https:\/\/seegg.es\/\"  class=\"wp-links-icon\"> <strong>SEEGG <\/strong><\/a>(<strong>Sociedad Espa\u00f1ola de Enfermer\u00eda Geri\u00e1trica y Gerontol\u00f3gica<\/strong>) la enfermer\u00eda geri\u00e1trica <em>\u201ces la rama de la enfermer\u00eda que se encarga de las personas mayores de 65 a\u00f1os. Las enfermeras geri\u00e1tricas trabajan junto con el adulto mayor, su familia y la comunidad, para permitir un envejecimiento exitoso, con la m\u00e1xima calidad de vida\u201d.\u00a0<\/em><\/p>\n\n\n\n<p>Debido al <strong>envejecimiento poblacional<\/strong>, esta profesi\u00f3n es cada vez m\u00e1s necesaria. En los pr\u00f3ximos 50 a\u00f1os, se prev\u00e9 que la poblaci\u00f3n aumente de 605 millones a 2000. Es imprescindible que los profesionales de la enfermer\u00eda geri\u00e1trica den respuesta y satisfagan las necesidades de una poblaci\u00f3n cada vez m\u00e1s envejecida.\u00a0<\/p>\n\n\n\n<p>Por ello, en los \u00faltimos a\u00f1os, esta profesi\u00f3n se ha desarrollado exponencialmente. Cada vez son m\u00e1s los profesionales de la salud que se quieren dedicar al cuidado de las personas en <strong><a href=\"https:\/\/miresi.es\/blog\/que-es-la-vejez\/\"  target=\"_blank\" rel=\"noreferrer noopener\"  target=\"_blank\" rel=\"noreferrer noopener\">la vejez<\/a><\/strong>.\u00a0 Es una especialidad que se est\u00e1 extendiendo poco a poco. Cada vez abarca m\u00e1s campos y es <strong>m\u00e1s completa<\/strong>, mejorando la asistencia a los mayores.<\/p>\n\n\n\n<h2 class=\"wp-block-heading\" id=\"3-objetivos-de-la-enfermeria-geriatrica\">3. <strong>Objetivos de la enfermer\u00eda geri\u00e1trica<\/strong><\/h2>\n\n\n\n<p>El principal objetivo de la enfermer\u00eda geri\u00e1trica es mejorar y potenciar la <strong>promoci\u00f3n de la salud <\/strong>de los mayores. Por ello, todo su esfuerzo est\u00e1 centrado en satisfacer las necesidades de los ancianos.\u00a0<\/p>\n\n\n\n<p>La enfermer\u00eda geri\u00e1trica trabajar para:\u00a0<\/p>\n\n\n\n<h3 class=\"wp-block-heading\" id=\"3-1-ofrecer-cuidados-de-calidad\">3.1. <strong>Ofrecer cuidados de calidad<\/strong><\/h3>\n\n\n\n<p>Los profesionales deben ofrecer unos <strong>cuidados de la m\u00e1xima calidad<\/strong>. Para ello tienen que tener en cuenta las <strong>necesidades individuales<\/strong> de cada paciente, as\u00ed como sus historias de vida. Deben de contar con la opini\u00f3n de los mayores y participar de forma activa en sus cuidados.\u00a0<\/p>\n\n\n\n<p>Asimismo, es necesario que realicen un <strong>plan de cuidados<\/strong>. De esta manera se garantiza unas buenas praxis, adecuadas a las necesidades de cada mayor.<\/p>\n\n\n\n<h3 class=\"wp-block-heading\" id=\"3-2-promover-el-envejecimiento-activo\"><strong>3.2. Promover el envejecimiento activo<\/strong><\/h3>\n\n\n\n<p>Entre sus labores principales est\u00e1 tambi\u00e9n promover el <strong>envejecimiento activo<\/strong>. Cada persona envejece a un ritmo y de una manera diferente. Por eso es necesario trabajar de forma individualizada, fomentando siempre la <strong>vida saludable<\/strong> y el envejecimiento activo.<\/p>\n\n\n\n<h3 class=\"wp-block-heading\" id=\"3-3-promover-una-atencion-completa\">3.3. <strong>Promover una atenci\u00f3n completa<\/strong><\/h3>\n\n\n\n<p>La enfermer\u00eda geri\u00e1trica est\u00e1 fundamentada en unos <strong>valores humanos<\/strong> esenciales: el bienestar, la calidad de vida, la independencia, el respeto, la dignidad, el cari\u00f1o, etc. Los profesionales deben atender a las personas mayores teniendo en cuenta todos estos aspectos para ofrecer una <strong>asistencia \u00edntegra<\/strong>.<\/p>\n\n\n\n<div class=\"wp-block-buttons is-horizontal is-content-justification-center is-layout-flex wp-container-core-buttons-is-layout-499968f5 wp-block-buttons-is-layout-flex\">\n<div class=\"wp-block-button is-style-fill\"><a href=\"https:\/\/miresi.es\/buscador\/\"  style=\"border-radius:8px;background-color:#1f9f6e;color:#fffffa\" target=\"_blank\" rel=\"noreferrer noopener\"  style=\"border-radius:8px;background-color:#1f9f6e;color:#fffffa\" target=\"_blank\" rel=\"noreferrer noopener\">Consigue los mejores cuidados<\/a><\/div>\n<\/div>\n\n\n\n<h2 class=\"wp-block-heading\" id=\"4-funciones-de-la-enfermeria-geriatrica\">4. <strong>Funciones de la enfermer\u00eda geri\u00e1trica<\/strong><\/h2>\n\n\n\n<p>La enfermer\u00eda geri\u00e1trica tiene unas <strong>funciones<\/strong> espec\u00edficas dentro de las residencias de mayores. Seg\u00fan la <strong>SEEGG<\/strong>, \u00e9stas son:<\/p>\n\n\n\n<h3 class=\"wp-block-heading\" id=\"4-1-funcion-asistencial\">4.1. <strong>Funci\u00f3n asistencial<\/strong><\/h3>\n\n\n\n<p>Esta profesi\u00f3n se dedica a atender a las personas mayores de forma personal e individualizada. Promueve las labores del autocuidado y fomenta la autonom\u00eda, de cara a retrasar la dependencia. Asimismo, detecta situaciones de riesgo en los ancianos y resuelve comportamientos que da\u00f1en su salud.<\/p>\n\n\n\n<h3 class=\"wp-block-heading\" id=\"4-2-funcion-gestora\">4.2. <strong>Funci\u00f3n gestora<\/strong><\/h3>\n\n\n\n<p>Esta tarea es de car\u00e1cter administrativo. Consiste en realizar y redactar los informes relacionados con los cuidados. Adem\u00e1s, organizan los recursos disponibles y otras tareas administrativas.<\/p>\n\n\n\n<h3 class=\"wp-block-heading\" id=\"4-3-funcion-docente\"><strong>4.3. Funci\u00f3n docente<\/strong><\/h3>\n\n\n\n<p>Una funci\u00f3n muy importante es la docente. Los enfermeros y enfermeras est\u00e1n en constante formaci\u00f3n. Para ello, se tiene en cuenta sus necesidades, as\u00ed como la de los mayores y las familias.\u00a0<\/p>\n\n\n\n<h3 class=\"wp-block-heading\" id=\"4-4-funcion-investigadora\">4.4. <strong>Funci\u00f3n investigadora<\/strong><\/h3>\n\n\n\n<p>La enfermer\u00eda geri\u00e1trica es indispensable en la investigaci\u00f3n. Sus conocimientos son clave en proyectos que trabajen por mejorar los cuidados de los mayores, as\u00ed como en varias ramas de la ciencia sanitaria.<\/p>\n\n\n\n<figure class=\"wp-block-image size-large\"><img decoding=\"async\" width=\"1024\" height=\"683\" src=\"https:\/\/miresi.es\/blog\/wp-content\/uploads\/2021\/05\/hand-of-woman-touching-senior-man-in-clinic-ZXRGJ26-1024x683.jpg\" alt=\"Mano de enfermera y paciente\" class=\"wp-image-256\" srcset=\"https:\/\/miresiblog.imgix.net\/uploads\/2021\/05\/hand-of-woman-touching-senior-man-in-clinic-ZXRGJ26-scaled.jpg?auto=format%2Ccompress&fit=crop&h=683&ixlib=php-3.3.0&w=1024&s=d0fa3723917985e4d74e2137cc2f3395 1024w, https:\/\/miresiblog.imgix.net\/uploads\/2021\/05\/hand-of-woman-touching-senior-man-in-clinic-ZXRGJ26-scaled.jpg?auto=format%2Ccompress&fit=crop&h=200&ixlib=php-3.3.0&w=300&s=a8b88009966ea4b73b60278f8cc2ca76 300w, https:\/\/miresiblog.imgix.net\/uploads\/2021\/05\/hand-of-woman-touching-senior-man-in-clinic-ZXRGJ26-scaled.jpg?auto=format%2Ccompress&fit=crop&h=512&ixlib=php-3.3.0&w=768&s=cd0620d37529acc523b31bb574ecb5db 768w, https:\/\/miresiblog.imgix.net\/uploads\/2021\/05\/hand-of-woman-touching-senior-man-in-clinic-ZXRGJ26-scaled.jpg?auto=format%2Ccompress&fit=crop&h=1024&ixlib=php-3.3.0&w=1536&s=3b7945e532d303d26fcbaff06db339a7 1536w, https:\/\/miresiblog.imgix.net\/uploads\/2021\/05\/hand-of-woman-touching-senior-man-in-clinic-ZXRGJ26-scaled.jpg?auto=format%2Ccompress&fit=crop&h=1365&ixlib=php-3.3.0&w=2048&s=369d696480d8c0081f97a83c0a78b18e 2048w, https:\/\/miresiblog.imgix.net\/uploads\/2021\/05\/hand-of-woman-touching-senior-man-in-clinic-ZXRGJ26-scaled.jpg?auto=format%2Ccompress&ixlib=php-3.3.0&w=900&s=2d5c4b28d2498abaae2f050a1e1b0379 900w\" sizes=\"(max-width: 1024px) 100vw, 1024px\" \/><figcaption>Los residentes generan un v\u00ednculo emocional con el personal de enfermer\u00eda muy importante.<\/figcaption><\/figure>\n\n\n\n<p>Sin embargo, las funciones son infinitas. Es una disciplina que abarca muchas tareas y funciones, y por eso ofrece una <strong>atenci\u00f3n completa<\/strong> a mayores y familias.\u00a0<\/p>\n\n\n\n<p>Adem\u00e1s, se puede decir que tienen una funci\u00f3n a\u00f1adida: <strong>funci\u00f3n emocional<\/strong>. Las personas mayores que viven en residencias de mayores sienten a estos profesionales como parte de su familia, ya que son quienes les cuidan y asisten todos los d\u00edas. Esto genera un <strong>lazo emocional<\/strong> importante y necesario para una buena salud, tanto f\u00edsica como mental.<\/p>\n\n\n\n<h2 class=\"wp-block-heading\" id=\"5-enfermeria-geriatrica-un-papel-indispensable-en-las-residencias\">5. Enfermer\u00eda geri\u00e1trica: <strong>un papel indispensable en las residencias<\/strong><\/h2>\n\n\n\n<p>La labor de estos profesionales en las residencias de mayores es evidente. Es ahora m\u00e1s necesario que nunca, destacar la enorme labor que realizan estos profesionales.\u00a0<\/p>\n\n\n\n<p>La reciente crisis del <strong>Covid-19<\/strong> ha marcado un antes y un despu\u00e9s en nuestras vidas, y por tanto tambi\u00e9n ha marcado la enfermer\u00eda geri\u00e1trica. Las residencias de mayores han sido, sin duda, los lugares m\u00e1s vulnerables y m\u00e1s afectados por la pandemia.\u00a0<\/p>\n\n\n\n<p>Durante esta crisis, los profesionales de la enfermer\u00eda geri\u00e1trica han <strong>trabajado sin descanso <\/strong>para asistir y velar por la salud de nuestros mayores, en un momento tan delicado. Bajo jornadas de trabajo intensas y una elevada carga emocional, han procurado en todo momento que los mayores tuvieran unos <strong>cuidados \u00edntegros, dignos y de calidad<\/strong>.\u00a0<\/p>\n\n\n\n<p>Por eso, en un d\u00eda como hoy, D\u00eda Internacional de la Enfermer\u00eda, miResi quiere destacar la enorme labor de estos profesionales. \u00c9stos tienen la capacidad, autonom\u00eda y conocimiento de <strong>prevenir las enfermedades en mayores<\/strong>, <strong>ayudar en su recuperaci\u00f3n<\/strong> y <strong>retrasar la dependencia en los mayores<\/strong>.\u00a0<\/p>\n\n\n\n<p>La enfermer\u00eda geri\u00e1trica es el <strong>eje fundamental <\/strong>de los cuidados en las residencias de mayores, y su trabajo es indispensable.<\/p>\n\n\n\n<figure class=\"wp-block-image size-large\"><img decoding=\"async\" width=\"1024\" height=\"683\" src=\"https:\/\/miresi.es\/blog\/wp-content\/uploads\/2021\/05\/nurse-helping-senior-patient-at-clinic-E84P3MK-1024x683.jpg\" alt=\"Enfermera ayudando a un mayor\" class=\"wp-image-257\" srcset=\"https:\/\/miresiblog.imgix.net\/uploads\/2021\/05\/nurse-helping-senior-patient-at-clinic-E84P3MK-scaled.jpg?auto=format%2Ccompress&fit=crop&h=683&ixlib=php-3.3.0&w=1024&s=3aa45464e5240ebb1e41441b8ad81d57 1024w, https:\/\/miresiblog.imgix.net\/uploads\/2021\/05\/nurse-helping-senior-patient-at-clinic-E84P3MK-scaled.jpg?auto=format%2Ccompress&fit=crop&h=200&ixlib=php-3.3.0&w=300&s=819af023fa3109670be4a45112829be9 300w, https:\/\/miresiblog.imgix.net\/uploads\/2021\/05\/nurse-helping-senior-patient-at-clinic-E84P3MK-scaled.jpg?auto=format%2Ccompress&fit=crop&h=512&ixlib=php-3.3.0&w=768&s=7fb4eaa3d5dd558147ff9f6796650ace 768w, https:\/\/miresiblog.imgix.net\/uploads\/2021\/05\/nurse-helping-senior-patient-at-clinic-E84P3MK-scaled.jpg?auto=format%2Ccompress&fit=crop&h=1024&ixlib=php-3.3.0&w=1536&s=c81fc1803298225caefb469dcd3b8939 1536w, https:\/\/miresiblog.imgix.net\/uploads\/2021\/05\/nurse-helping-senior-patient-at-clinic-E84P3MK-scaled.jpg?auto=format%2Ccompress&fit=crop&h=1365&ixlib=php-3.3.0&w=2048&s=60d0d7ab2df92c5b99892c424a6497cc 2048w, https:\/\/miresiblog.imgix.net\/uploads\/2021\/05\/nurse-helping-senior-patient-at-clinic-E84P3MK-scaled.jpg?auto=format%2Ccompress&ixlib=php-3.3.0&w=900&s=3f5c59a05b1532cef985db2413e5888b 900w\" sizes=\"(max-width: 1024px) 100vw, 1024px\" \/><figcaption>Los profesionales de la enfermer\u00eda geri\u00e1trica son los encargados de velar por la salud de nuestros mayores.<\/figcaption><\/figure>\n\n\n\n<p>Ahora conoces qu\u00e9 es la enfermer\u00eda geri\u00e1trica y por qu\u00e9 es tan importante. Estamos seguros de que lo vas a tener en cuenta a la hora de <strong><a href=\"https:\/\/miresi.es\/buscador\/\"  rel=\"noreferrer noopener\"  rel=\"noreferrer noopener\">buscar una residencia de ancianos<\/a> <\/strong>para tu mayor. miResi te puede ayudar en la b\u00fasqueda de un centro con un buen servicio de enfermer\u00eda. <a href=\"https:\/\/miresi.es\/buscador\/\"  rel=\"noreferrer noopener\"  rel=\"noreferrer noopener\">Ponte en contacto con nosotros<\/a> y te ayudaremos a encontrar tu residencia ideal.<\/p>\n\n\n\n<div class=\"wp-block-buttons is-horizontal is-content-justification-center is-layout-flex wp-container-core-buttons-is-layout-499968f5 wp-block-buttons-is-layout-flex\">\n<div class=\"wp-block-button is-style-fill\"><a href=\"https:\/\/miresi.es\/buscador\/\"  style=\"border-radius:8px;background-color:#1f9f6e;color:#fffffa\" target=\"_blank\" rel=\"noreferrer noopener\"  style=\"border-radius:8px;background-color:#1f9f6e;color:#fffffa\" target=\"_blank\" rel=\"noreferrer noopener\">Descubre tu residencia ideal<\/a><\/div>\n<\/div>\n\n\n\n<hr class=\"wp-block-separator alignwide has-text-color has-background has-cyan-bluish-gray-background-color has-cyan-bluish-gray-color is-style-wide\"\/>\n\n\n\n<p class=\"has-cyan-bluish-gray-color has-text-color has-small-font-size\">Fuentes:<\/p>\n\n\n\n<p class=\"has-cyan-bluish-gray-color has-text-color has-small-font-size\">Sociedad Espa\u00f1ola de Enfermer\u00eda Geri\u00e1trica y Gerontolog\u00eda<\/p>\n\n\n\n<p class=\"has-cyan-bluish-gray-color has-text-color has-small-font-size\"><a href=\"https:\/\/miresi.es\/blog\/wp-content\/uploads\/2021\/05\/seegg.es\"  title=\"http:\/\/seegg.es\/\"  title=\"http:\/\/seegg.es\/\">http:\/\/seegg.es\/<\/a><\/p>\n\n\n\n<p class=\"has-cyan-bluish-gray-color has-text-color has-small-font-size\">Florence Nightingale.\u00a0Litograf\u00eda coloreada.\u00a0<a href=\"https:\/\/rua.ua.es\/dspace\/bitstream\/10045\/114271\/1\/CultCuid59Esp_07.pdf\"  target=\"_blank\" rel=\"external nofollow\"  target=\"_blank\" rel=\"noreferrer noopener\" title=\"https:\/\/rua.ua.es\/dspace\/bitstream\/10045\/114271\/1\/CultCuid59Esp_07.pdf\"  class=\"wp-links-icon\">Colecci\u00f3n Bienvenida<\/a><\/p>\n<div style='text-align:center' class='yasr-auto-insert-visitor'><!--Yasr Visitor Votes Shortcode--><div id='yasr_visitor_votes_e85ee4276fbf9' class='yasr-visitor-votes'><div class=\"yasr-custom-text-vv-before yasr-custom-text-vv-before-247\">\u00a1Haz clic para puntuar esta entrada!<\/div><div id='yasr-vv-second-row-container-e85ee4276fbf9'\r\n                                        class='yasr-vv-second-row-container'><div id='yasr-visitor-votes-rater-e85ee4276fbf9'\r\n                                      class='yasr-rater-stars-vv'\r\n                                      data-rater-postid='247'\r\n                                      data-rating='0'\r\n                                      data-rater-starsize='32'\r\n                                      data-rater-readonly='false'\r\n                                      data-rater-nonce='4d05b5a2cb'\r\n                                      data-issingular='false'\r\n                                    ><\/div><div class=\"yasr-vv-stats-text-container\" id=\"yasr-vv-stats-text-container-e85ee4276fbf9\"><svg xmlns=\"https:\/\/www.w3.org\/2000\/svg\" width=\"20\" height=\"20\"\r\n                                   class=\"yasr-dashicons-visitor-stats\"\r\n                                   data-postid=\"247\"\r\n                                   id=\"yasr-stats-dashicon-e85ee4276fbf9\">\r\n                                   <path d=\"M18 18v-16h-4v16h4zM12 18v-11h-4v11h4zM6 18v-8h-4v8h4z\"><\/path>\r\n                               <\/svg><span id=\"yasr-vv-text-container-e85ee4276fbf9\" class=\"yasr-vv-text-container\"> (Votos: <span id=\"yasr-vv-votes-number-container-e85ee4276fbf9\">0<\/span>  Promedio: <span id=\"yasr-vv-average-container-e85ee4276fbf9\">0<\/span>)<\/span><\/div><div id='yasr-vv-loader-e85ee4276fbf9' class='yasr-vv-container-loader'><\/div><\/div><div id='yasr-vv-bottom-container-e85ee4276fbf9'\r\n                              class='yasr-vv-bottom-container'\r\n                              style='display:none'><\/div><\/div><!--End Yasr Visitor Votes Shortcode--><\/div>","protected":false},"excerpt":{"rendered":"<p>Hoy, 12 de mayo D\u00eda Internacional de la Enfermer\u00eda, miResi quiere destacar la enorme labor de los profesionales de la enfermer\u00eda geri\u00e1trica en las residencias de mayores.<\/p>\n","protected":false},"author":3,"featured_media":258,"comment_status":"open","ping_status":"open","sticky":false,"template":"","format":"standard","meta":{"yasr_overall_rating":0,"yasr_post_is_review":"","yasr_auto_insert_disabled":"","yasr_review_type":"","footnotes":""},"categories":[395,366],"tags":[46,49,47,45,48],"class_list":["post-247","post","type-post","status-publish","format-standard","has-post-thumbnail","hentry","category-profesionales-de-la-salud","category-salud","tag-dia-internacional-de-la-enfermeria","tag-enfermeria","tag-enfermeria-en-residencia","tag-enfermeria-geriatrica","tag-geriatria"],"yasr_visitor_votes":{"stars_attributes":{"read_only":false,"span_bottom":false},"number_of_votes":0,"sum_votes":0},"_links":{"self":[{"href":"https:\/\/miresi.es\/blog\/wp-json\/wp\/v2\/posts\/247","targetHints":{"allow":["GET"]}}],"collection":[{"href":"https:\/\/miresi.es\/blog\/wp-json\/wp\/v2\/posts"}],"about":[{"href":"https:\/\/miresi.es\/blog\/wp-json\/wp\/v2\/types\/post"}],"author":[{"embeddable":true,"href":"https:\/\/miresi.es\/blog\/wp-json\/wp\/v2\/users\/3"}],"replies":[{"embeddable":true,"href":"https:\/\/miresi.es\/blog\/wp-json\/wp\/v2\/comments?post=247"}],"version-history":[{"count":25,"href":"https:\/\/miresi.es\/blog\/wp-json\/wp\/v2\/posts\/247\/revisions"}],"predecessor-version":[{"id":22249,"href":"https:\/\/miresi.es\/blog\/wp-json\/wp\/v2\/posts\/247\/revisions\/22249"}],"wp:featuredmedia":[{"embeddable":true,"href":"https:\/\/miresi.es\/blog\/wp-json\/wp\/v2\/media\/258"}],"wp:attachment":[{"href":"https:\/\/miresi.es\/blog\/wp-json\/wp\/v2\/media?parent=247"}],"wp:term":[{"taxonomy":"category","embeddable":true,"href":"https:\/\/miresi.es\/blog\/wp-json\/wp\/v2\/categories?post=247"},{"taxonomy":"post_tag","embeddable":true,"href":"https:\/\/miresi.es\/blog\/wp-json\/wp\/v2\/tags?post=247"}],"curies":[{"name":"wp","href":"https:\/\/api.w.org\/{rel}","templated":true}]}}