{"id":2723,"date":"2021-11-04T10:40:47","date_gmt":"2021-11-04T09:40:47","guid":{"rendered":"https:\/\/miresi.es\/blog\/?p=2723"},"modified":"2026-04-23T18:20:33","modified_gmt":"2026-04-23T17:20:33","slug":"mejores-residencias-alzheimer-valencia","status":"publish","type":"post","link":"https:\/\/miresi.es\/blog\/mejores-residencias-alzheimer-valencia\/","title":{"rendered":"Mejores Residencias para Enfermos de Alzheimer en Valencia"},"content":{"rendered":"\n<p>Seg\u00fan pasan los a\u00f1os y nos hacemos mayores, es com\u00fan que aparezcan despistes en nuestro d\u00eda a d\u00eda. Sin embargo, cuando estos percances se transforman en p\u00e9rdidas serias de la memoria, puede ser s\u00edntoma de patolog\u00edas. Como el caso del <strong>Alzheimer<\/strong>. Por ello muchas familias, debido al alto grado de <strong>dependencia<\/strong> de sus seres queridos buscan las <strong>mejores residencias para Alzheimer en Valencia<\/strong>, Alicante y Castell\u00f3n.\u00a0<\/p>\n\n\n\n<p>Los primeros <strong>s\u00edntomas<\/strong> del Alzheimer incluyen: dificultad para recordar, desorientaci\u00f3n, repetici\u00f3n de las mismas preguntas, incapacidad de resolver operaciones sencillas y extrav\u00edo frecuente de objetos. Si se detecta alguno de estos s\u00edntomas es recomendable acudir a un experto en neurolog\u00eda. Es crucial diagnosticar la enfermedad lo antes posible para poder tratar mejor la enfermedad y ayudar al enfermo y su familia.\u00a0<\/p>\n\n\n\n<p>En la actualidad, <strong>no existe una cura<\/strong> para el Alzheimer. Sin embargo, s\u00ed disponemos de <strong>tratamientos paliativos<\/strong>. Estos tratamientos pueden ser farmacol\u00f3gicos o no farmacol\u00f3gicos. Aplicados de forma combinada disminuyen en gran medida la intensidad de los s\u00edntomas y ayudan a mejorar la calidad de vida, tanto del paciente, como de sus familias.<\/p>\n\n\n\n<p>Conforme avanza la enfermedad, la persona se vuelve cada vez m\u00e1s dependiente. Esta incapacidad sumada a los trastornos de conducta que conlleva, suponen una carga emocional muy grande para sus familiares. En este punto, los familiares suelen encontrar barreras en la adaptaci\u00f3n de su hogar para el cuidado del mayor. Es por ello que deciden recurrir a <strong>residencias de la tercera edad especializadas en Alzheimer<\/strong> que cuenten con los expertos y el equipamiento necesario para garantizar los <strong>mejores cuidados<\/strong>. Adem\u00e1s, muchas <strong>residencias de mayores<\/strong> cuentan con apoyo emocional para los familaires.\u00a0<\/p>\n\n\n\n<p>Por todo ello, desde <a href=\"https:\/\/miresi.es\/\"  target=\"_blank\" rel=\"noopener\"  target=\"_blank\" rel=\"noopener\">miResi<\/a> queremos mostrarte las <strong>7 mejores residencias<\/strong> para personas mayores con <strong>unidad de Alzheimer<\/strong> integrada en la <strong>Comunidad Valenciana<\/strong>.<\/p>\n\n\n\n<div class=\"wp-block-buttons is-horizontal is-content-justification-center is-layout-flex wp-container-core-buttons-is-layout-499968f5 wp-block-buttons-is-layout-flex\">\n<div class=\"wp-block-button\"><a href=\"https:\/\/miresi.es\/blog\/como-tratar-a-una-persona-con-alzheimer\/\"  target=\"_blank\" rel=\"noreferrer noopener\"  target=\"_blank\" rel=\"noreferrer noopener\">solicitar ayuda gratuita<\/a><\/div>\n<\/div>\n\n\n\n<div style=\"height:10px\" aria-hidden=\"true\" class=\"wp-block-spacer\"><\/div>\n\n\n\n<h2 class=\"wp-block-heading\" id=\"1-mejores-residencias-para-alzheimer-en-valencia\">1. Mejores residencias para Alzheimer en Valencia<\/h2>\n\n\n\n<h3 class=\"wp-block-heading\" id=\"1-1-orpea-valencia\">1.1. Orpea Valencia<\/h3>\n\n\n\n<p>En el centro de la <strong>capital valenciana<\/strong> se encuentra <a href=\"https:\/\/miresi.es\/valencia\/valencia\/orpea-valencia\/\"  target=\"_blank\" rel=\"noopener\"  target=\"_blank\" rel=\"noopener\">Orpea Valencia<\/a>. Se trata de una residencia situada en un <strong>entorno \u00fanico<\/strong> para prestar los mejores servicios a sus residentes, permitiendo disfrutar de las mejores instalaciones y servicios en un ambiente <strong>tranquilo<\/strong> y <strong>agradable<\/strong>.<\/p>\n\n\n\n<p>El centro cuenta con todas las medidas necesarias para garantizar la tranquilidad y seguridad plena tanto de residentes como de sus familias. Destaca por trabajar d\u00eda a d\u00eda en la promoci\u00f3n de la autonom\u00eda personal y la atenci\u00f3n a personas dependientes. Adem\u00e1s, cuenta con una <strong>unidad de alzheimer<\/strong> especializada.<\/p>\n\n\n\n<p>Sus habitaciones tienen un precio de entrada de <strong>1.974\u20ac<\/strong> al mes.<\/p>\n\n\n\n<p><img decoding=\"async\" width=\"1024\" height=\"862\" src=\"https:\/\/miresi.es\/blog\/wp-content\/uploads\/2021\/11\/Orpea_Valencia_Habitacion_Doble_Terraza-1024x862.jpg\" alt=\"Terraza Orpea Valencia\"><br><a href=\"https:\/\/miresi.es\/valencia\/valencia\/orpea-valencia\/\"  target=\"_blank\" rel=\"noopener\"  target=\"_blank\" rel=\"noopener\"><br><\/a><\/p>\n\n\n\n<div class=\"wp-block-buttons is-horizontal is-content-justification-center is-layout-flex wp-container-core-buttons-is-layout-499968f5 wp-block-buttons-is-layout-flex\">\n<div class=\"wp-block-button\"><a href=\"https:\/\/miresi.es\/valencia\/valencia\/orpea-valencia\/\"  target=\"_blank\" rel=\"noreferrer noopener\"  target=\"_blank\" rel=\"noreferrer noopener\">ver m\u00e1s<\/a><\/div>\n<\/div>\n\n\n\n<h3 class=\"wp-block-heading\" id=\"1-2-la-saleta-calpe\">1.2. La Saleta Calpe<\/h3>\n\n\n\n<p>El centro <a href=\"https:\/\/miresi.es\/alicante\/calp\/la-saleta-calpe\/\"  target=\"_blank\" rel=\"noopener\"  target=\"_blank\" rel=\"noopener\">La Saleta Calpe<\/a> es una residencia de mayores con una <strong>amplia trayectoria<\/strong> en el sector. Sus m\u00e1s de diez a\u00f1os de dedicaci\u00f3n y atenci\u00f3n a las personas mayores, la consolidan como una de las mejores. Destaca por su modelo de cuidados centrado en la persona.\u00a0<\/p>\n\n\n\n<p>Se ubica en la localidad de Calpe y dispone de <strong>excelentes vistas<\/strong> al paisaje natural de la zona, como es el Pe\u00f1\u00f3n de Ifach. Cuenta con unas instalaciones <strong>modernas<\/strong>, <strong>equipadas<\/strong> y <strong>adaptadas<\/strong> a las necesidades de sus residentes. Adem\u00e1s, disponen de espacios di\u00e1fanos con <strong>gran luminosidad<\/strong>, as\u00ed como una serie de apartamentos para aquellos residentes con alto grado de autonom\u00eda.\u00a0<\/p>\n\n\n\n<p>Su precio por habitaci\u00f3n se inicia en los <strong>1.954\u20ac<\/strong> al mes.<\/p>\n\n\n\n<p><img decoding=\"async\" width=\"1024\" height=\"862\" src=\"https:\/\/miresi.es\/blog\/wp-content\/uploads\/2021\/11\/Residencia_La_Saleta_Calpe_Terraza-1024x862.png\" alt=\"La Saleta Calpe Vistas\"><a href=\"https:\/\/miresi.es\/alicante\/calp\/la-saleta-calpe\/\"  ><br><\/a><\/p>\n\n\n\n<div class=\"wp-block-buttons is-horizontal is-content-justification-center is-layout-flex wp-container-core-buttons-is-layout-499968f5 wp-block-buttons-is-layout-flex\">\n<div class=\"wp-block-button\"><a href=\"https:\/\/miresi.es\/alicante\/calp\/la-saleta-calpe\/\"  target=\"_blank\" rel=\"noreferrer noopener\"  target=\"_blank\" rel=\"noreferrer noopener\">ver m\u00e1s<\/a><\/div>\n<\/div>\n\n\n\n<h3 class=\"wp-block-heading\" id=\"1-3-orpea-el-campello\">1.3. Orpea el Campello<\/h3>\n\n\n\n<p>La residencia de mayores <a href=\"https:\/\/miresi.es\/alicante\/el-campello-2\/orpea-el-campello\/\"  target=\"_blank\" rel=\"noopener\"  target=\"_blank\" rel=\"noopener\">Orpea El Campello<\/a> est\u00e1 situada en la localidad de\u00a0 <strong>Alicante<\/strong> y se encuentra en un <strong>entorno inigualable<\/strong>, prestando servicios de <strong>alta calidad<\/strong> a sus residentes. Su cercan\u00eda al mar y sus maravillosas vistas permiten a sus residentes disfrutar de la tranquilidad y calma de sus instalaciones adaptadas. Adem\u00e1s, los servicios son de m\u00e1xima calidad y cuenta con una <strong>unidad de alzheimer<\/strong> especializada.\u00a0<\/p>\n\n\n\n<p><a href=\"https:\/\/miresi.es\/alicante\/el-campello-2\/orpea-el-campello\/\"  >Orpea El Campello<\/a> es el lugar ideal para disfrutar de la tercera edad en un ambiente tranquilo y agradable, donde la <strong>buena comunicaci\u00f3n<\/strong> con las familias es clave en su m\u00e9todo de trabajo.<\/p>\n\n\n\n<p>El precio de sus habitaciones se inician en los <strong>2.035\u20ac<\/strong> al mes.<\/p>\n\n\n\n<p><img decoding=\"async\" width=\"1024\" height=\"862\" src=\"https:\/\/miresi.es\/blog\/wp-content\/uploads\/2021\/11\/Orpea_El_Campello_Piscina-1024x862.jpg\" alt=\"Orpea El Campello Piscina\"><a href=\"https:\/\/miresi.es\/alicante\/el-campello-2\/orpea-el-campello\/\"  target=\"_blank\" rel=\"noopener\"  target=\"_blank\" rel=\"noopener\"><br><\/a><\/p>\n\n\n\n<div class=\"wp-block-buttons is-horizontal is-content-justification-center is-layout-flex wp-container-core-buttons-is-layout-499968f5 wp-block-buttons-is-layout-flex\">\n<div class=\"wp-block-button\"><a href=\"https:\/\/miresi.es\/alicante\/el-campello-2\/orpea-el-campello\/\"  target=\"_blank\" rel=\"noreferrer noopener\"  target=\"_blank\" rel=\"noreferrer noopener\">m\u00e1s informaci\u00f3n<\/a><\/div>\n<\/div>\n\n\n\n<h3 class=\"wp-block-heading\" id=\"1-4-novaedat-sedavi\">1.4. Novaedat Sedav\u00ed<\/h3>\n\n\n\n<p>La residencia de ancianos <a href=\"https:\/\/miresi.es\/valencia\/sedavi\/novaedat-sedavi\/\"  target=\"_blank\" rel=\"noopener\"  target=\"_blank\" rel=\"noopener\">Novaedat Sedav\u00ed<\/a> es un centro tranquilo y acogedor, ubicado a 15 minutos del centro de <strong>Valencia<\/strong>. Cuenta con numerosos servicios en su entorno y de <strong>f\u00e1cil acceso<\/strong> a trav\u00e9s de transporte p\u00fablico. Cuenta con un amplio n\u00famero de trabajadores para realizar una <strong>atenci\u00f3n personalizada<\/strong>. Su arquitectura y su <strong>buena iluminaci\u00f3n<\/strong> est\u00e1n ideadas para hacer m\u00e1s confortable la estancia de nuestros mayores. Al igual que el resto de residencias de esta lista, tambi\u00e9n posee una unidad centrada en el <strong>alzheimer<\/strong>.<\/p>\n\n\n\n<p>El precio de sus habitaciones comienza en los <strong>1.870\u20ac<\/strong> al mes.<\/p>\n\n\n\n<p><img decoding=\"async\" width=\"1024\" height=\"862\" src=\"https:\/\/miresi.es\/blog\/wp-content\/uploads\/2021\/11\/Residencia_Novaedat_Sedavi_Gimnasio-1024x862.jpg\" alt=\"Novaedat Sedavi gimnasio\"><a href=\"https:\/\/miresi.es\/valencia\/sedavi\/novaedat-sedavi\/\"  target=\"_blank\" rel=\"noopener\"  target=\"_blank\" rel=\"noopener\"><br><\/a><\/p>\n\n\n\n<div class=\"wp-block-buttons is-horizontal is-content-justification-center is-layout-flex wp-container-core-buttons-is-layout-499968f5 wp-block-buttons-is-layout-flex\">\n<div class=\"wp-block-button\"><a href=\"https:\/\/miresi.es\/valencia\/sedavi\/novaedat-sedavi\/\"  target=\"_blank\" rel=\"noreferrer noopener\"  target=\"_blank\" rel=\"noreferrer noopener\">ver m\u00e1s<\/a><\/div>\n<\/div>\n\n\n\n<h3 class=\"wp-block-heading\" id=\"1-5-la-saleta-campolivar\">1.5. La Saleta Campolivar<\/h3>\n\n\n\n<p>La residencia para mayores <a href=\"https:\/\/miresi.es\/valencia\/godella\/la-saleta-campolivar\/\"  target=\"_blank\" rel=\"noopener\"  target=\"_blank\" rel=\"noopener\">La Saleta Campolivar<\/a> est\u00e1 situada a 10 km del centro de la <strong>ciudad de Valencia<\/strong>. Su entorno, rodeado de naturaleza, es ideal para aquellos que buscan la calma y serenidad de un paraje inmejorable. Adem\u00e1s, gracias a sus <strong>amplios jardines<\/strong>, los mayores pueden disfrutar de actividades y talleres al <strong>aire libre<\/strong>. Por otro lado, sus interiores son c\u00e1lidos y acogedores, con lo que se logra una sensaci\u00f3n de bienestar con la comunidad desde el primer d\u00eda.<\/p>\n\n\n\n<p>Asimismo, cuentan con un equipo especializado que trabaja con energ\u00eda diariamente para asegurar la <strong>calidad<\/strong> de los cuidados. Disponen de 130 plazas residenciales homologadas, tanto privadas como p\u00fablicas, adem\u00e1s de ofrecer 40 plazas de <strong>atenci\u00f3n diurna<\/strong>. Todas ellas van acompa\u00f1adas de servicio de transporte, <strong>consulta m\u00e9dica integrada<\/strong> y tutela del equipo de enfermer\u00eda. Por ello es considerada como una de las mejores residencias para enfermos de alzheimer en Valencia.<\/p>\n\n\n\n<p>Su misi\u00f3n es ofrecer <strong>cuidados extraordinarios<\/strong> bajo una l\u00f3gica de profesionalidad, vanguardia y vocaci\u00f3n con el objetivo de mejorar la calidad de vida y el bienestar de nuestros usuarios.<\/p>\n\n\n\n<p>Las habitaciones de este centro tienen un precio de entrada de <strong>2.009\u20ac<\/strong> al mes.<\/p>\n\n\n\n<p><img decoding=\"async\" width=\"1024\" height=\"862\" src=\"https:\/\/miresi.es\/blog\/wp-content\/uploads\/2021\/11\/Residencia_La_Saleta_Campolivar_Exterior_1-1024x862.jpg\" alt=\"La Saleta Campolivar fachada\"><a href=\"https:\/\/miresi.es\/valencia\/godella\/la-saleta-campolivar\/\"  target=\"_blank\" rel=\"noopener\"  target=\"_blank\" rel=\"noopener\"><br><\/a><\/p>\n\n\n\n<div class=\"wp-block-buttons is-horizontal is-content-justification-center is-layout-flex wp-container-core-buttons-is-layout-499968f5 wp-block-buttons-is-layout-flex\">\n<div class=\"wp-block-button\"><a href=\"https:\/\/miresi.es\/valencia\/godella\/la-saleta-campolivar\/\"  target=\"_blank\" rel=\"noreferrer noopener\"  target=\"_blank\" rel=\"noreferrer noopener\">ver el centro<\/a><\/div>\n<\/div>\n\n\n\n<h3 class=\"wp-block-heading\" id=\"1-6-orpea-castellon\">1.6. Orpea Castell\u00f3n<\/h3>\n\n\n\n<p><a href=\"https:\/\/miresi.es\/castellon\/castellon-de-la-plana\/orpea-castellon\/\"  target=\"_blank\" rel=\"noopener\"  target=\"_blank\" rel=\"noopener\">Orpea Castell\u00f3n<\/a> es una residencia que se encuentra en un entorno \u00fanico para prestar una <strong>atenci\u00f3n de calidad<\/strong> a nuestros residentes. Se encuentra en la zona de <strong>Pau Lled\u00f3<\/strong>, con vistas al Parque Natural del Desierto de las Palmas. Cuenta con unas <strong>excelentes instalaciones<\/strong> y un amplio abanico de servicios tales como: atenci\u00f3n m\u00e9dica y psicol\u00f3gica, fisioterapia personalizada, rehabilitaci\u00f3n de cadera, rehabilitaci\u00f3n de ictus y parkinson, centro de rehabilitaci\u00f3n neurol\u00f3gica, centro intensivo de <strong>alzheimer<\/strong>, men\u00fas para hipotensos y <strong>diab\u00e9ticos<\/strong>, cocina propia, trabajador\/a social, <strong>podolog\u00eda<\/strong>, <strong>peluquer\u00eda<\/strong> y servicio de <strong>psicolog\u00eda<\/strong>.\u00a0<\/p>\n\n\n\n<p>Destaca por su ambiente tranquilo y agradable, con las mejores comunicaciones al servicio de las familias. Es por todo ello es una de las mejores residencias para enfermos de alzheimer de la Comunidad Valenciana.<\/p>\n\n\n\n<p>El precio de sus habitaciones empieza en los <strong>2.084\u20ac<\/strong> al mes.<\/p>\n\n\n\n<p><img decoding=\"async\" width=\"1024\" height=\"862\" src=\"https:\/\/miresi.es\/blog\/wp-content\/uploads\/2021\/11\/Orpea_Castellon_Habitacion_Individual-1024x862.jpg\" alt=\"Orpea Castell\u00f3n Habitaci\u00f3n\"><a href=\"https:\/\/miresi.es\/castellon\/castellon-de-la-plana\/orpea-castellon\/\"  target=\"_blank\" rel=\"noopener\"  target=\"_blank\" rel=\"noopener\"><br><\/a><\/p>\n\n\n\n<div class=\"wp-block-buttons is-horizontal is-content-justification-center is-layout-flex wp-container-core-buttons-is-layout-499968f5 wp-block-buttons-is-layout-flex\">\n<div class=\"wp-block-button\"><a href=\"https:\/\/miresi.es\/castellon\/castellon-de-la-plana\/orpea-castellon\/\"  target=\"_blank\" rel=\"noreferrer noopener\"  target=\"_blank\" rel=\"noreferrer noopener\">ver disponibilidad<\/a><\/div>\n<\/div>\n\n\n\n<h3 class=\"wp-block-heading\" id=\"1-7-la-saleta-el-puig\">1.7. La Saleta El Puig<\/h3>\n\n\n\n<p>La residencia de mayores <a href=\"https:\/\/miresi.es\/valencia\/el-puig-de-santa-maria\/la-saleta-el-puig\/\"  target=\"_blank\" rel=\"noopener\"  target=\"_blank\" rel=\"noopener\">La Saleta El Puig<\/a> se encuentra a cinco minutos del centro de la localidad en zona donde la tranquilidad est\u00e1 asegurada, junto al Monasterio de Nuestra Se\u00f1ora de El Puig.<\/p>\n\n\n\n<p>Sus integrantes disponen de espacios interiores <strong>c\u00e1lidos<\/strong>, <strong>iluminados<\/strong> y <strong>abiertos<\/strong>, al mismo tiempo que instalaciones y equipamientos accesibles que facilitan sus actividades del d\u00eda a d\u00eda. Adem\u00e1s cuenta con una amplia zona ajardinada que ayuda a encontrar la serenidad en plena naturaleza.<\/p>\n\n\n\n<p>Asimismo, ofrecen 140 plazas residenciales en total, tanto p\u00fablicas como privadas. Tambi\u00e9n disponen de plazas de <strong>atenci\u00f3n diurna<\/strong> ayudando a mantener la autonom\u00eda de las personas y a su integraci\u00f3n social. Cuenta con todo tipo de servicios m\u00e9dicos y sanitarios, adem\u00e1s de una <strong>unidad de alzheimer<\/strong>.\u00a0<\/p>\n\n\n\n<p>El precio de sus habitaciones empieza en los <strong>2.210\u20ac<\/strong> al mes.<\/p>\n\n\n\n<p><img decoding=\"async\" width=\"1024\" height=\"862\" src=\"https:\/\/miresi.es\/blog\/wp-content\/uploads\/2021\/11\/Residencia_La_Saleta_El_Puig_Fachada_2-1024x862.jpg\" alt=\"La Saleta el Puig Fachada\"><a href=\"https:\/\/miresi.es\/valencia\/el-puig-de-santa-maria\/la-saleta-el-puig\/\"  target=\"_blank\" rel=\"noopener\"  target=\"_blank\" rel=\"noopener\"><br><\/a><\/p>\n\n\n\n<div class=\"wp-block-buttons is-horizontal is-content-justification-center is-layout-flex wp-container-core-buttons-is-layout-499968f5 wp-block-buttons-is-layout-flex\">\n<div class=\"wp-block-button\"><a href=\"https:\/\/miresi.es\/valencia\/el-puig-de-santa-maria\/la-saleta-el-puig\/\"  target=\"_blank\" rel=\"noreferrer noopener\"  target=\"_blank\" rel=\"noreferrer noopener\">ver m\u00e1s<\/a><\/div>\n<\/div>\n\n\n\n<p>Si alguna de estas <b>residencias para enfermos de Alzheimer en Valencia<\/b>\u00a0se adapta a tus necesidades, <a href=\"https:\/\/miresi.es\/buscador\/\"  rel=\"noreferrer noopener\"  rel=\"noreferrer noopener\"><strong>ponte en contacto con nosotros<\/strong><\/a>. Te daremos m\u00e1s informaci\u00f3n sobre ella, sobre sus servicios e instalaciones, as\u00ed como sus precios. Adem\u00e1s, si al final te decides por ella, te ayudaremos a organizar una visita para que puedas terminar de decidirte.<\/p>\n\n\n\n<p>En caso de que no hayas encontrado aqu\u00ed tu residencia ideal, no te preocupes. <strong>Ll\u00e1manos<\/strong> y te <strong>asesoraremos<\/strong> de manera <strong>gratuita<\/strong> hasta encontrar tu residencia de mayores ideal.<\/p>\n\n\n\n<div class=\"wp-block-buttons is-horizontal is-content-justification-center is-layout-flex wp-container-core-buttons-is-layout-499968f5 wp-block-buttons-is-layout-flex\">\n<div class=\"wp-block-button\"><a href=\"https:\/\/miresi.es\/buscador\/\"  rel=\"noreferrer noopener\"  rel=\"noreferrer noopener\">buscar residencia<\/a><\/div>\n<\/div>\n<div style='text-align:center' class='yasr-auto-insert-visitor'><!--Yasr Visitor Votes Shortcode--><div id='yasr_visitor_votes_772970f26793a' class='yasr-visitor-votes'><div class=\"yasr-custom-text-vv-before yasr-custom-text-vv-before-2723\">\u00a1Haz clic para puntuar esta entrada!<\/div><div id='yasr-vv-second-row-container-772970f26793a'\r\n                                        class='yasr-vv-second-row-container'><div id='yasr-visitor-votes-rater-772970f26793a'\r\n                                      class='yasr-rater-stars-vv'\r\n                                      data-rater-postid='2723'\r\n                                      data-rating='0'\r\n                                      data-rater-starsize='32'\r\n                                      data-rater-readonly='false'\r\n                                      data-rater-nonce='8fd90f1bfe'\r\n                                      data-issingular='false'\r\n                                    ><\/div><div class=\"yasr-vv-stats-text-container\" id=\"yasr-vv-stats-text-container-772970f26793a\"><svg xmlns=\"https:\/\/www.w3.org\/2000\/svg\" width=\"20\" height=\"20\"\r\n                                   class=\"yasr-dashicons-visitor-stats\"\r\n                                   data-postid=\"2723\"\r\n                                   id=\"yasr-stats-dashicon-772970f26793a\">\r\n                                   <path d=\"M18 18v-16h-4v16h4zM12 18v-11h-4v11h4zM6 18v-8h-4v8h4z\"><\/path>\r\n                               <\/svg><span id=\"yasr-vv-text-container-772970f26793a\" class=\"yasr-vv-text-container\"> (Votos: <span id=\"yasr-vv-votes-number-container-772970f26793a\">0<\/span>  Promedio: <span id=\"yasr-vv-average-container-772970f26793a\">0<\/span>)<\/span><\/div><div id='yasr-vv-loader-772970f26793a' class='yasr-vv-container-loader'><\/div><\/div><div id='yasr-vv-bottom-container-772970f26793a'\r\n                              class='yasr-vv-bottom-container'\r\n                              style='display:none'><\/div><\/div><!--End Yasr Visitor Votes Shortcode--><\/div>","protected":false},"excerpt":{"rendered":"<p>\u00bfBuscas ayuda para un familiar? Desde miResi te queremos mostrar las mejores residencias para Alzheimer en Valencia.<\/p>\n","protected":false},"author":3,"featured_media":2754,"comment_status":"closed","ping_status":"closed","sticky":false,"template":"","format":"standard","meta":{"yasr_overall_rating":0,"yasr_post_is_review":"","yasr_auto_insert_disabled":"","yasr_review_type":"","footnotes":""},"categories":[362],"tags":[423,425,424,422,88],"class_list":["post-2723","post","type-post","status-publish","format-standard","has-post-thumbnail","hentry","category-residencias-de-mayores","tag-cuidados-a-personas-mayores","tag-cuidados-para-alzheimer","tag-enfermedad-del-alzheimer","tag-residencias-ancianos","tag-residencias-para-alzheimer"],"yasr_visitor_votes":{"stars_attributes":{"read_only":false,"span_bottom":false},"number_of_votes":0,"sum_votes":0},"_links":{"self":[{"href":"https:\/\/miresi.es\/blog\/wp-json\/wp\/v2\/posts\/2723","targetHints":{"allow":["GET"]}}],"collection":[{"href":"https:\/\/miresi.es\/blog\/wp-json\/wp\/v2\/posts"}],"about":[{"href":"https:\/\/miresi.es\/blog\/wp-json\/wp\/v2\/types\/post"}],"author":[{"embeddable":true,"href":"https:\/\/miresi.es\/blog\/wp-json\/wp\/v2\/users\/3"}],"replies":[{"embeddable":true,"href":"https:\/\/miresi.es\/blog\/wp-json\/wp\/v2\/comments?post=2723"}],"version-history":[{"count":59,"href":"https:\/\/miresi.es\/blog\/wp-json\/wp\/v2\/posts\/2723\/revisions"}],"predecessor-version":[{"id":25096,"href":"https:\/\/miresi.es\/blog\/wp-json\/wp\/v2\/posts\/2723\/revisions\/25096"}],"wp:featuredmedia":[{"embeddable":true,"href":"https:\/\/miresi.es\/blog\/wp-json\/wp\/v2\/media\/2754"}],"wp:attachment":[{"href":"https:\/\/miresi.es\/blog\/wp-json\/wp\/v2\/media?parent=2723"}],"wp:term":[{"taxonomy":"category","embeddable":true,"href":"https:\/\/miresi.es\/blog\/wp-json\/wp\/v2\/categories?post=2723"},{"taxonomy":"post_tag","embeddable":true,"href":"https:\/\/miresi.es\/blog\/wp-json\/wp\/v2\/tags?post=2723"}],"curies":[{"name":"wp","href":"https:\/\/api.w.org\/{rel}","templated":true}]}}