{"id":3541,"date":"2021-11-15T11:53:01","date_gmt":"2021-11-15T10:53:01","guid":{"rendered":"https:\/\/miresi.es\/blog\/?p=3541"},"modified":"2026-04-23T18:20:12","modified_gmt":"2026-04-23T17:20:12","slug":"los-3-mejores-viajes-del-imserso-para-mayores-de-65-anos","status":"publish","type":"post","link":"https:\/\/miresi.es\/blog\/los-3-mejores-viajes-del-imserso-para-mayores-de-65-anos\/","title":{"rendered":"3 Mejores Viajes del IMSERSO para Mayores de 65 A\u00f1os"},"content":{"rendered":"\n<p>Viajar hoy est\u00e1 a la orden del d\u00eda. Nunca antes hab\u00edamos tenido la oportunidad de poder realizar trayectos que antes duraban d\u00edas en\u00a0 apenas unas horas. Algo que nuestros mayores saben mejor que nadie. Entonces, \u00bfpor qu\u00e9 no darles una oportunidad de disfrutar de uno de los grandes placeres de la vida?\u00a0 \u00a0 \u00a0 <strong>\u00a1Por eso te contaremos en este post los mejores viajes del IMSERSO para mayores de 65 a\u00f1os!<\/strong><\/p>\n\n\n\n<p><strong>Te vamos a explicar qu\u00e9 es el IMSERSO, qu\u00e9 requisitos hay que cumplir, c\u00f3mo inscribirse y, por \u00faltimo, los 5 mejores viajes del IMSERSO para mayores.<\/strong><\/p>\n\n\n\n<p>As\u00ed conocer\u00e1s en profundidad a la organizaci\u00f3n gubernamental que asegura que nuestros mayores acceden a servicios de ocio incre\u00edbles.\u00a0<\/p>\n\n\n\n<p>Esto mejorar\u00e1 una calidad de vida que no solo se remite a una buena salud, sino tambi\u00e9n a la oportunidad de crecer culturalmente. \u00a1Siempre es buen momento para hacerlo!<\/p>\n\n\n\n<p>Adem\u00e1s, te especificaremos la duraci\u00f3n de sus respectivas estancias y precios. Queremos que el \u00fanico problema que pueda tener tu mayor sea decidir a qu\u00e9 destino ir. \u00a1Son todos demasiado buenos!<\/p>\n\n\n\n<p><strong>\u00a1Sigue leyendo para saber todo lo que necesitas!<\/strong><\/p>\n\n\n\n<div class=\"wp-block-buttons is-content-justification-center is-layout-flex wp-container-core-buttons-is-layout-16018d1d wp-block-buttons-is-layout-flex\">\n<div class=\"wp-block-button\"><a href=\"https:\/\/miresi.es\/buscador\/\"  rel=\"noreferrer noopener\"  rel=\"noreferrer noopener\">asesorarme de manera gratuita<\/a><\/div>\n<\/div>\n\n\n\n<div style=\"height:10px\" aria-hidden=\"true\" class=\"wp-block-spacer\"><\/div>\n\n\n\n<h2 class=\"wp-block-heading\" id=\"1-que-es-el-imserso\">1. \u00bfQu\u00e9 es el IMSERSO?<\/h2>\n\n\n\n<p>El <a href=\"https:\/\/www.imserso.es\/imserso_01\/index.htm\"  target=\"_blank\" rel=\"external nofollow\"  target=\"_blank\" rel=\"noreferrer noopener\" title=\"https:\/\/www.imserso.es\/imserso_01\/index.htm\"  class=\"wp-links-icon\"><strong>Instituto de Mayores y Servicios Sociales<\/strong><\/a>, popularmente conocido como IMSERSO, <strong>es una entidad perteneciente al Gobierno de Espa\u00f1a.<\/strong><\/p>\n\n\n\n<p>Creada por el Real Decreto-Ley 36\/1978, de 16 de noviembre, <strong>gestiona las prestaciones de la Seguridad Social para personas mayores jubiladas o personas discapacitadas.<\/strong><\/p>\n\n\n\n<p>Algunas de sus funciones son la activaci\u00f3n del sistema de protecci\u00f3n de las personas en situaci\u00f3n de dependencia o la gesti\u00f3n de los servicios de atenci\u00f3n y cuidado de mayores, como ayudas a domicilio o teleasistencia.<\/p>\n\n\n\n<p>Aunque todo esto probablemente ya lo conozcas y no son el motivo por el que has acabado en este art\u00edculo.<\/p>\n\n\n\n<p><strong>De lo que te vamos a hablar en este post es sobre uno de sus servicios m\u00e1s conocidos, su programa de viajes.<\/strong> Sabemos que es lo que realmente te interesa y para ello hemos creado este peque\u00f1o manual para que puedas organizarle a tu mayor el viaje de su vida.<\/p>\n\n\n\n<p><strong>\u00a1Sigue leyendo para saber cu\u00e1les son los mejores destinos del IMSERSO y c\u00f3mo acceder a ellos!<\/strong><\/p>\n\n\n\n<h2 class=\"wp-block-heading\" id=\"2-que-requisitos-hay-que-cumplir-para-viajar-con-imserso\">2. \u00bfQu\u00e9 requisitos hay que cumplir para viajar con IMSERSO?<\/h2>\n\n\n\n<p>Como en cualquier viaje para el que necesitas una serie de objetos imprescindibles en tu maleta, tu mayor precisa cumplir una serie de requisitos.<\/p>\n\n\n\n<p>Estos dependen de si tu mayor reside en Espa\u00f1a o en territorio extranjero.<\/p>\n\n\n\n<p>A continuaci\u00f3n te los contamos para que los tengas en cuenta y sepas qu\u00e9 hacer en cualquier caso:<\/p>\n\n\n\n<h3 class=\"wp-block-heading\" id=\"2-1-si-reside-en-espana\">2.1. Si reside en Espa\u00f1a:<\/h3>\n\n\n\n<ul class=\"wp-block-list\"><li><strong>Ser pensionista de jubilaci\u00f3n<\/strong> del sistema de Seguridad Social espa\u00f1ol.<\/li><li><strong>Pensi\u00f3n de viudedad con cincuenta y cinco o m\u00e1s a\u00f1os<\/strong> de edad del sistema de Seguridad Social espa\u00f1ol.<\/li><li><strong>Ser pensionista por otros conceptos<\/strong> <strong>del sistema de Seguridad Social espa\u00f1ol<\/strong> o perceptor de prestaciones o subsidios de desempleo, con 60 a\u00f1os cumplidos o m\u00e1s a\u00f1os de edad.<\/li><li><strong>Ser asegurado o beneficiario del Sistema de la Seguridad Social espa\u00f1ol<\/strong>, con sesenta y cinco a\u00f1os cumplidos o m\u00e1s a\u00f1os de edad.\u00a0<\/li><\/ul>\n\n\n\n<h3 class=\"wp-block-heading\" id=\"2-2-si-reside-en-el-extranjero\">2.2. Si reside en el extranjero:<\/h3>\n\n\n\n<p><strong>\u00a1Cumplir con alguno de los puntos mencionados anteriormente es suficiente!<\/strong> Para poder tramitarlo solo tendr\u00e1 que acudir a la <strong>Consejer\u00eda de Trabajo, Migraciones y Seguridad Social<\/strong>.<\/p>\n\n\n\n<p>Por \u00faltimo, tu mayor debe valerse por s\u00ed mismo a la hora de realizar las tareas del d\u00eda a d\u00eda.<\/p>\n\n\n\n<div class=\"wp-block-buttons is-content-justification-center is-layout-flex wp-container-core-buttons-is-layout-16018d1d wp-block-buttons-is-layout-flex\">\n<div class=\"wp-block-button\"><a href=\"https:\/\/miresi.es\/buscador\/\"  rel=\"noreferrer noopener\"  rel=\"noreferrer noopener\">encontrar los mejores cuidados<\/a><\/div>\n<\/div>\n\n\n\n<h2 class=\"wp-block-heading\" id=\"3-como-hay-que-inscribirse-para-viajar-con-imserso\">3. \u00bfC\u00f3mo hay que inscribirse para viajar con IMSERSO?<\/h2>\n\n\n\n<p>Si tu mayor cumple alguno de los requisitos del punto 2, el siguiente paso es inscribirse en el IMSERSO.\u00a0<\/p>\n\n\n\n<p>De manera que se garantice su accesibilidad a todas las personas que quieren solicitarlo,<strong> se han creado tres v\u00edas distintas que te dan la oportunidad de poder realizarlo c\u00f3mo y cu\u00e1ndo t\u00fa prefieras<\/strong>:\u00a0<\/p>\n\n\n\n<ul class=\"wp-block-list\"><li><b>Por internet: <\/b>a trav\u00e9s de su<strong> <a href=\"https:\/\/sede.imserso.gob.es\/sede_01\/index.htm\"  target=\"_blank\" rel=\"external nofollow\"  target=\"_blank\" rel=\"noreferrer noopener\"  class=\"wp-links-icon\">sede electr\u00f3nica<\/a><\/strong> encontrar\u00e1s el formulario a cumplimentar, todo de manera r\u00e1pida y sencilla.<\/li><li><b>De forma presencial: <\/b>si prefieres dar un paseo y ponerle \u201ccara\u201d a esta instituci\u00f3n, te animamos a que vayas a tu centro del IMSERSO m\u00e1s cercano.<\/li><li><b>Por correo convencional: <\/b>este \u00faltimo modo de inscripci\u00f3n puede que sea probablemente el m\u00e1s aburrido, lento y costoso.\u00a0<\/li><\/ul>\n\n\n\n<p>Para ello tendr\u00e1s que incluir la direcci\u00f3n de la sede central, situada en la calle Ginzo de Limia, 58 con C\u00f3digo Postal 28029, en Madrid.\u00a0<\/p>\n\n\n\n<p><strong>Tu mayor podr\u00e1 llevar con \u00e9l\/ella a un acompa\u00f1ante, pudiendo ser su c\u00f3nyuge o un hijo\/a con discapacidad.<\/strong> Porque no hay nada mejor que un viaje con aquellos a los que quieres y con los que poder compartir.<\/p>\n\n\n\n<h2 class=\"wp-block-heading\" id=\"4-que-servicios-ofrece-el-programa-de-viajes-del-imserso\">4. \u00bfQu\u00e9 servicios ofrece el programa de viajes del IMSERSO?<\/h2>\n\n\n\n<p>El <strong>IMSERSO<\/strong> se caracteriza por proporcionar una serie de <strong>condiciones de viaje excepcionales para nuestros mayores<\/strong>:\u00a0<\/p>\n\n\n\n<ul class=\"wp-block-list\"><li style=\"font-weight: 400\"><strong>Alojamiento<\/strong> en r\u00e9gimen de pensi\u00f3n completa, en habitaci\u00f3n doble a compartir en hoteles seleccionados por el Imserso. En capitales de provincia el alojamiento ser\u00e1 de media pensi\u00f3n. Se contempla el alojamiento en habitaci\u00f3n individual, que tendr\u00e1 un suplemento de precio y estar\u00e1 sujeto a disponibilidad de plazas.<\/li><li style=\"font-weight: 400\"><strong>Transporte<\/strong> de ida y vuelta en el medio de transporte programado, desde la capital de provincia de la persona usuaria hasta el hotel de destino y regreso, excepto en la modalidad de viajes sin transporte y viajes a capitales de provincia.<\/li><li style=\"font-weight: 400\"><strong>P\u00f3liza de seguros colectiva.<\/strong><\/li><li style=\"font-weight: 400\"><strong>Servicio de medicina general<\/strong>, complementario de la Seguridad Social, en el propio hotel,<strong> excepto para los viajes de turismo de interior.<\/strong><\/li><li style=\"font-weight: 400\"><strong>Programa de animaci\u00f3n sociocultural.<\/strong><\/li><\/ul>\n\n\n\n<figure class=\"wp-block-image\"><img decoding=\"async\" src=\"https:\/\/miresi.es\/blog\/wp-content\/uploads\/2021\/11\/alternative-travel-vacation-in-the-forest-for-seni-2021-08-29-13-00-23-utc-1-1024x683.jpg\" alt=\"mejores viajes del IMSERSO para mayores\"\/><figcaption>Nuestros mayores podr\u00e1n conocer la zona a trav\u00e9s de distintas rutas.<\/figcaption><\/figure>\n\n\n\n<h2 class=\"wp-block-heading\" id=\"5-los-3-mejores-viajes-del-imserso-para-mayores\">5. Los 3 mejores viajes del IMSERSO para mayores<\/h2>\n\n\n\n<p>\u00a1Ahora s\u00ed! Una vez explicados todos los pasos para que tu mayor pueda acceder al programa de viajes del IMSERSO, <strong>te contamos los 3 mejores destinos entre los que tu mayor podr\u00e1 elegir<\/strong>. \u00a1Una experiencia que le asegurar\u00e1 una estancia gastron\u00f3mica, cultural e hist\u00f3rica incre\u00edble y a un precio m\u00e1s que asequible!<\/p>\n\n\n\n<p><strong>Hemos hecho una selecci\u00f3n de destinos peninsulares e insulares, siguiendo el programa de viajes que ofrece el IMSERSO.<\/strong><\/p>\n\n\n\n<h3 class=\"wp-block-heading\" id=\"5-1-andalucia\">5.1. Andaluc\u00eda<\/h3>\n\n\n\n<p>Andaluc\u00eda es una de esas comunidades aut\u00f3nomas llenas de vida y pasi\u00f3n. <strong>Sus rincones esconden Historia, monumentos arquitect\u00f3nicos deslumbrantes y una gastronom\u00eda de lo m\u00e1s diversa.<\/strong><\/p>\n\n\n\n<p>Entre sus ciudades m\u00e1s importantes podemos encontrar la legendaria Granada, con su Alhambra y Catedral, recuerdos del lejano pasado de grandeza, fervor religioso y batallas.<\/p>\n\n\n\n<p>Sevilla es otra de las ciudades que m\u00e1s destaca en esta zona. Su Real Alc\u00e1zar presenta una de las mejores combinaciones de estilos como el g\u00f3tico y el mud\u00e9jar, que reflejan su compleja historia.\u00a0<\/p>\n\n\n\n<p>Y si tu mayor es un fan de la ciencia ficci\u00f3n, como Star Wars, tendr\u00e1 la oportunidad de visitar la Plaza de Espa\u00f1a. Su arquitectura no deja indiferente a nadie.<\/p>\n\n\n\n<p><b>Estancia y precios:<\/b><\/p>\n\n\n\n<p><b>Con transporte<\/b><\/p>\n\n\n\n<ul class=\"wp-block-list\"><li style=\"font-weight: 400\">10 d\u00edas (9 noches) por 269,83\u00a0<\/li><li style=\"font-weight: 400\">8 d\u00edas\u00a0 (7 noches) por 212, 96.\u00a0<\/li><\/ul>\n\n\n\n<p><b>Sin transporte<\/b><\/p>\n\n\n\n<ul class=\"wp-block-list\"><li style=\"font-weight: 400\">10 (9 noches) por 235, 95 euros<\/li><li style=\"font-weight: 400\">8 d\u00edas\u00a0 (7 noches) por 196, 0 euros.<\/li><\/ul>\n\n\n\n<div class=\"wp-block-buttons is-horizontal is-content-justification-center is-layout-flex wp-container-core-buttons-is-layout-499968f5 wp-block-buttons-is-layout-flex\">\n<div class=\"wp-block-button\"><a href=\"https:\/\/miresi.es\/buscador\/\"  rel=\"noreferrer noopener\"  rel=\"noreferrer noopener\">encuentra los mejores cuidados en andaluc\u00eda<\/a><\/div>\n<\/div>\n\n\n\n<h3 class=\"wp-block-heading\" id=\"5-2-cataluna\">5.2. Catalu\u00f1a<\/h3>\n\n\n\n<p>Entre los cal\u00e7ots, crema catalana y panellets a uno\/a se le puede olvidar que Catalu\u00f1a tiene mucho m\u00e1s que una gastronom\u00eda deliciosa.\u00a0<\/p>\n\n\n\n<p>Dependiendo de lo que tu mayor prefiera, Catalu\u00f1a es un sitio que no le decepcionar\u00e1. Tendr\u00e1 la posibilidad de visitar sitios cosmopolitas y con gran concentraci\u00f3n de Art Nouveau como Barcelona. Si prefiere los paisajes naturales y m\u00e1s r\u00fasticos, su zona ideal es definitivamente Besal\u00fa, con sus calles medievales.\u00a0<\/p>\n\n\n\n<p>\u00bfPero si es un apasionado\/a del arte? No hay nada mejor que visitar Figueres, ciudad que vi\u00f3 nacer a Dal\u00ed.<\/p>\n\n\n\n<p><b>Estancia y precios:<\/b><\/p>\n\n\n\n<p><b>Con transporte<\/b><\/p>\n\n\n\n<ul class=\"wp-block-list\"><li style=\"font-weight: 400\">10 d\u00edas (9 noches) por 269,83\u00a0<\/li><li style=\"font-weight: 400\">8 d\u00edas\u00a0 (7 noches) por 212, 96.\u00a0<\/li><\/ul>\n\n\n\n<p><b>Sin transporte<\/b><\/p>\n\n\n\n<ul class=\"wp-block-list\"><li style=\"font-weight: 400\">10 (9 noches) por 235, 95 euros<\/li><li style=\"font-weight: 400\">8 d\u00edas\u00a0 (7 noches) por 196, 0 euros.<\/li><\/ul>\n\n\n\n<div class=\"wp-block-buttons is-horizontal is-content-justification-center is-layout-flex wp-container-core-buttons-is-layout-499968f5 wp-block-buttons-is-layout-flex\">\n<div class=\"wp-block-button\"><a href=\"https:\/\/miresi.es\/barcelona\/\"  target=\"_blank\" rel=\"noreferrer noopener\"  target=\"_blank\" rel=\"noreferrer noopener\">encuentra los mejores cuidados en barcelona<\/a><\/div>\n<\/div>\n\n\n\n<div style=\"height:10px\" aria-hidden=\"true\" class=\"wp-block-spacer\"><\/div>\n\n\n\n<div class=\"wp-block-buttons is-horizontal is-content-justification-center is-layout-flex wp-container-core-buttons-is-layout-499968f5 wp-block-buttons-is-layout-flex\">\n<div class=\"wp-block-button\"><a href=\"https:\/\/miresi.es\/tarragona\/\"  target=\"_blank\" rel=\"noreferrer noopener\"  target=\"_blank\" rel=\"noreferrer noopener\">pincha aqu\u00ed para los mejores cuidados en tarragona<\/a><\/div>\n<\/div>\n\n\n\n<div style=\"height:10px\" aria-hidden=\"true\" class=\"wp-block-spacer\"><\/div>\n\n\n\n<div class=\"wp-block-buttons is-horizontal is-content-justification-center is-layout-flex wp-container-core-buttons-is-layout-499968f5 wp-block-buttons-is-layout-flex\">\n<div class=\"wp-block-button\"><a href=\"https:\/\/miresi.es\/girona\/\"  target=\"_blank\" rel=\"noreferrer noopener\"  target=\"_blank\" rel=\"noreferrer noopener\">encuentra los mejores cuidados en girona<\/a><\/div>\n<\/div>\n\n\n\n<div style=\"height:10px\" aria-hidden=\"true\" class=\"wp-block-spacer\"><\/div>\n\n\n\n<div class=\"wp-block-buttons is-horizontal is-content-justification-center is-layout-flex wp-container-core-buttons-is-layout-499968f5 wp-block-buttons-is-layout-flex\">\n<div class=\"wp-block-button\"><a href=\"https:\/\/miresi.es\/lleida\/\"  target=\"_blank\" rel=\"noreferrer noopener\"  target=\"_blank\" rel=\"noreferrer noopener\">quiero los mejores cuidados en lleida<\/a><\/div>\n<\/div>\n\n\n\n<h3 class=\"wp-block-heading\" id=\"5-3-islas-baleares\">5.3. Islas Baleares<\/h3>\n\n\n\n<p>Por \u00faltimo, pero no menos importante: \u00a1la playa! <strong>Si a tu mayor lo que le gusta es echarse en una tumbona y ponerse moreno, este es su destino.<\/strong><\/p>\n\n\n\n<p>Las Baleares son unas islas id\u00edlicas cuyas aguas turquesas y calientes enamoran a cualquiera, independientemente de la edad.<\/p>\n\n\n\n<p>Con sus calas, faros, mercadillos y fortalezas, resulta uno de los destinos m\u00e1s evocadores de Espa\u00f1a. <strong>Sus atardeceres son\u00a0 de los m\u00e1s memorables e ideales para ver en compa\u00f1\u00eda del c\u00f3nyuge<\/strong>. \u00a1Desde luego una opci\u00f3n refrescante e inolvidable para tu mayor!<\/p>\n\n\n\n<p><b>Estancia y precios:<\/b><\/p>\n\n\n\n<p><b>Con transporte<\/b><\/p>\n\n\n\n<ul class=\"wp-block-list\"><li style=\"font-weight: 400\">Estancias 10 d\u00edas (9 noches) 308,37 \u20ac<\/li><li style=\"font-weight: 400\">Estancias 8 d\u00edas (7 noches) 248,96 \u20ac<\/li><\/ul>\n\n\n\n<p><b>Sin transporte<\/b><\/p>\n\n\n\n<ul class=\"wp-block-list\"><li style=\"font-weight: 400\">Estancias 10 d\u00edas (9 noches) 236,07 \u20ac<\/li><li style=\"font-weight: 400\">Estancias 8 d\u00edas (7 noches) 195,78 \u20ac<\/li><\/ul>\n\n\n\n<div class=\"wp-block-buttons is-horizontal is-content-justification-center is-layout-flex wp-container-core-buttons-is-layout-499968f5 wp-block-buttons-is-layout-flex\">\n<div class=\"wp-block-button\"><a href=\"https:\/\/miresi.es\/baleares\/\"  target=\"_blank\" rel=\"noreferrer noopener\"  target=\"_blank\" rel=\"noreferrer noopener\">buscar mejores cuidados en islas baleares<\/a><\/div>\n<\/div>\n\n\n\n<div style=\"height:10px\" aria-hidden=\"true\" class=\"wp-block-spacer\"><\/div>\n\n\n\n<figure class=\"wp-block-image\"><img decoding=\"async\" src=\"https:\/\/miresi.es\/blog\/wp-content\/uploads\/2021\/11\/senior-couple-having-fun-and-eating-at-restaurant-2021-09-02-14-46-47-utc-1-1024x681.jpg\" alt=\"mejores viajes del IMSERSO para mayores\"\/><figcaption>Los viajes con IMSERSO permiten pasar tiempo de calidad con los c\u00f3nyuges.<\/figcaption><\/figure>\n\n\n\n<p>Desde miResi entendemos la importancia de desconectar de la rutina diaria y de los problemas.<strong> Creemos necesario que nuestros mayores tengan la oportunidad de viajar\u00a0 y disfrutar por todo lo bueno que han hecho.<\/strong><\/p>\n\n\n\n<p>\u00a1Esperamos que esta gu\u00eda te haya ayudado! Cualquier pregunta que tengas, \u00a1no dudes en ponerte en <a href=\"https:\/\/miresi.es\/buscador\/\"  rel=\"noreferrer noopener\"  rel=\"noreferrer noopener\"><strong>contacto<\/strong><\/a> con nosotros!<\/p>\n\n\n\n<div class=\"wp-block-buttons is-horizontal is-content-justification-center is-layout-flex wp-container-core-buttons-is-layout-499968f5 wp-block-buttons-is-layout-flex\">\n<div class=\"wp-block-button\"><a href=\"https:\/\/miresi.es\/buscador\/\"  rel=\"noreferrer noopener\"  rel=\"noreferrer noopener\">quiero ayuda personalizada<\/a><\/div>\n<\/div>\n\n\n\n<p class=\"has-cyan-bluish-gray-color has-text-color\" style=\"font-size:10px\"><strong>Fuentes<\/strong><\/p>\n\n\n\n<ul class=\"has-cyan-bluish-gray-color has-text-color wp-block-list\" style=\"font-size:10px\"><li>IMSERSO: https:\/\/www.imserso.es\/imserso_01\/index.htm<\/li><\/ul>\n\n\n\n<p><\/p>\n<div style='text-align:center' class='yasr-auto-insert-visitor'><!--Yasr Visitor Votes Shortcode--><div id='yasr_visitor_votes_6645e96567fc9' class='yasr-visitor-votes'><div class=\"yasr-custom-text-vv-before yasr-custom-text-vv-before-3541\">\u00a1Haz clic para puntuar esta entrada!<\/div><div id='yasr-vv-second-row-container-6645e96567fc9'\r\n                                        class='yasr-vv-second-row-container'><div id='yasr-visitor-votes-rater-6645e96567fc9'\r\n                                      class='yasr-rater-stars-vv'\r\n                                      data-rater-postid='3541'\r\n                                      data-rating='0'\r\n                                      data-rater-starsize='32'\r\n                                      data-rater-readonly='false'\r\n                                      data-rater-nonce='4d05b5a2cb'\r\n                                      data-issingular='false'\r\n                                    ><\/div><div class=\"yasr-vv-stats-text-container\" id=\"yasr-vv-stats-text-container-6645e96567fc9\"><svg xmlns=\"https:\/\/www.w3.org\/2000\/svg\" width=\"20\" height=\"20\"\r\n                                   class=\"yasr-dashicons-visitor-stats\"\r\n                                   data-postid=\"3541\"\r\n                                   id=\"yasr-stats-dashicon-6645e96567fc9\">\r\n                                   <path d=\"M18 18v-16h-4v16h4zM12 18v-11h-4v11h4zM6 18v-8h-4v8h4z\"><\/path>\r\n                               <\/svg><span id=\"yasr-vv-text-container-6645e96567fc9\" class=\"yasr-vv-text-container\"> (Votos: <span id=\"yasr-vv-votes-number-container-6645e96567fc9\">0<\/span>  Promedio: <span id=\"yasr-vv-average-container-6645e96567fc9\">0<\/span>)<\/span><\/div><div id='yasr-vv-loader-6645e96567fc9' class='yasr-vv-container-loader'><\/div><\/div><div id='yasr-vv-bottom-container-6645e96567fc9'\r\n                              class='yasr-vv-bottom-container'\r\n                              style='display:none'><\/div><\/div><!--End Yasr Visitor Votes Shortcode--><\/div>","protected":false},"excerpt":{"rendered":"<p>\u00bfT\u00fa mayor se aburre y no sabe qu\u00e9 hacer? Hoy en miResi te contamos los 3 mejores viajes del IMSERSO para mayores de 65 a\u00f1os.<\/p>\n","protected":false},"author":8,"featured_media":3695,"comment_status":"open","ping_status":"open","sticky":false,"template":"","format":"standard","meta":{"yasr_overall_rating":0,"yasr_post_is_review":"","yasr_auto_insert_disabled":"","yasr_review_type":"","footnotes":""},"categories":[394],"tags":[474,478,479,473,475,476,477],"class_list":["post-3541","post","type-post","status-publish","format-standard","has-post-thumbnail","hentry","category-viajes","tag-imserso","tag-ocio-para-mayores","tag-planes-para-mayores","tag-viaje-para-mayores","tag-viajes-baratos-para-mayores","tag-viajes-espana-para-mayores","tag-viajes-imserso-espana"],"yasr_visitor_votes":{"stars_attributes":{"read_only":false,"span_bottom":false},"number_of_votes":0,"sum_votes":0},"_links":{"self":[{"href":"https:\/\/miresi.es\/blog\/wp-json\/wp\/v2\/posts\/3541","targetHints":{"allow":["GET"]}}],"collection":[{"href":"https:\/\/miresi.es\/blog\/wp-json\/wp\/v2\/posts"}],"about":[{"href":"https:\/\/miresi.es\/blog\/wp-json\/wp\/v2\/types\/post"}],"author":[{"embeddable":true,"href":"https:\/\/miresi.es\/blog\/wp-json\/wp\/v2\/users\/8"}],"replies":[{"embeddable":true,"href":"https:\/\/miresi.es\/blog\/wp-json\/wp\/v2\/comments?post=3541"}],"version-history":[{"count":150,"href":"https:\/\/miresi.es\/blog\/wp-json\/wp\/v2\/posts\/3541\/revisions"}],"predecessor-version":[{"id":25084,"href":"https:\/\/miresi.es\/blog\/wp-json\/wp\/v2\/posts\/3541\/revisions\/25084"}],"wp:featuredmedia":[{"embeddable":true,"href":"https:\/\/miresi.es\/blog\/wp-json\/wp\/v2\/media\/3695"}],"wp:attachment":[{"href":"https:\/\/miresi.es\/blog\/wp-json\/wp\/v2\/media?parent=3541"}],"wp:term":[{"taxonomy":"category","embeddable":true,"href":"https:\/\/miresi.es\/blog\/wp-json\/wp\/v2\/categories?post=3541"},{"taxonomy":"post_tag","embeddable":true,"href":"https:\/\/miresi.es\/blog\/wp-json\/wp\/v2\/tags?post=3541"}],"curies":[{"name":"wp","href":"https:\/\/api.w.org\/{rel}","templated":true}]}}