{"id":3723,"date":"2021-11-15T12:31:03","date_gmt":"2021-11-15T11:31:03","guid":{"rendered":"https:\/\/miresi.es\/blog\/?p=3723"},"modified":"2026-04-23T18:20:11","modified_gmt":"2026-04-23T17:20:11","slug":"residencias-mayores-con-alzheimer-pais-vasco","status":"publish","type":"post","link":"https:\/\/miresi.es\/blog\/residencias-mayores-con-alzheimer-pais-vasco\/","title":{"rendered":"8 Residencias para Mayores con Alzheimer en Pa\u00eds Vasco"},"content":{"rendered":"\n<h2 class=\"wp-block-heading\" id=\"1-cuales-son-las-mejores-residencias-para-mayores-con-alzheimer-en-el-pais-vasco\">1. \u00bfCu\u00e1les son las mejores residencias para mayores con Alzheimer en el Pa\u00eds Vasco?<\/h2>\n\n\n\n<p>Con el paso de los a\u00f1os, al hacernos mayores, es frecuente cometer algunos despistes en nuestro d\u00eda a d\u00eda. Sin embargo, cuando estos percances aparecen de manera reiterada, pueden tratarse de s\u00edntoma de patolog\u00edas tales como el Alzheimer. Por ello muchas familias, debido al alto grado de dependencia de sus seres queridos recurren a residencias formadas en el tratamiento de personas mayores con alzheimer o demencias. Desde <a href=\"https:\/\/miresi.es\/\"  target=\"_blank\" rel=\"noopener\"  target=\"_blank\" rel=\"noopener\">miResi<\/a> os contamos la situaci\u00f3n de las personas mayores con <strong>alzheimer en Pa\u00eds Vasco<\/strong>.<\/p>\n\n\n\n<p>Seg\u00fan la <a href=\"https:\/\/www.alz.org\/es\/alzheimers-association-espa%C3%B1a.asp#:~:text=Acerca%20de%20la%20Alzheimer's%20Association&text=La%20misi%C3%B3n%20de%20la%20Alzheimer's,promoci%C3%B3n%20de%20la%20salud%20mental.\"  target=\"_blank\" rel=\"external nofollow\"  target=\"_blank\"  class=\"wp-links-icon\">Alzheimer\u2019s Association<\/a>, el Alzheimer es una enfermedad <strong>cr\u00f3nica<\/strong> y <strong>neurodegenerativa<\/strong> que aparece en forma de dificultad para recordar, desorientaci\u00f3n, repetici\u00f3n de las mismas preguntas, incapacidad de resolver operaciones sencillas y extrav\u00edo frecuente de objetos.<\/p>\n\n\n\n<p>Si se detecta alguno de estos s\u00edntomas lo m\u00e1s recomendable es acudir a un experto con urgencia. Es crucial diagnosticar la enfermedad <strong>lo antes posible<\/strong> para poder tratar la enfermedad lo mejor posible y ayudar al paciente y su entorno. A d\u00eda de hoy <strong>no existe una cura<\/strong> para el Alzheimer, sin embargo, existen tratamientos paliativos. Estos tratamientos pueden ayudar a mejorar la calidad de vida, tanto del paciente, como de sus familias.<\/p>\n\n\n\n<p>Conforme la enfermedad avanza, los pacientes se vuelven cada vez <strong>m\u00e1s dependientes<\/strong>, requiriendo de ayuda para realizar tareas tan b\u00e1sicas como la alimentaci\u00f3n o el aseo. Esta incapacidad, sumada a los trastornos de conducta que conlleva, suponen una fuerte carga emocional para sus seres queridos.<\/p>\n\n\n\n<p>En este punto, los familiares suelen encontrar barreras en la adaptaci\u00f3n de su hogar para el cuidado del mayor. Es por ello que deciden recurrir a residencias de la tercera edad especializadas en Alzheimer que cuenten con los expertos y el equipamiento necesario para garantizar los mejores cuidados. Adem\u00e1s, muchas residencias de mayores cuentan con apoyo emocional para familiares asegurando su bienestar. Por todo ello, desde <a href=\"https:\/\/miresi.es\/\"  target=\"_blank\" rel=\"noopener\"  target=\"_blank\" rel=\"noopener\">miResi<\/a> queremos mostrarte las 8 mejores residencias para personas mayores con unidad de alzheimer integrada del Pa\u00eds Vasco.<\/p>\n\n\n\n<div class=\"wp-block-buttons is-content-justification-center is-layout-flex wp-container-core-buttons-is-layout-16018d1d wp-block-buttons-is-layout-flex\">\n<div class=\"wp-block-button\"><a href=\"https:\/\/miresi.es\/buscador\/\"  rel=\"noreferrer noopener\"  rel=\"noreferrer noopener\">buscar la residencia ideal<\/a><\/div>\n<\/div>\n\n\n\n<div style=\"height:10px\" aria-hidden=\"true\" class=\"wp-block-spacer\"><\/div>\n\n\n\n<h2 class=\"wp-block-heading\" id=\"1-1-residencia-clece-vitam-altos-hornos\">1.1. Residencia Clece Vitam Altos Hornos<\/h2>\n\n\n\n<p>La <a href=\"https:\/\/miresi.es\/bizkaia\/barakaldo\/clece-vitam-altos-hornos\/#summary\"  target=\"_blank\" rel=\"noopener\"  target=\"_blank\" rel=\"noopener\">Residencia Clece Vitam Altos Hornos<\/a> se encuentra en Barakaldo, en las afueras de Bilbao. Se trata de un centro con un ambiente muy familiar y cercano. Tratan de convertirse en el <strong>segundo hogar<\/strong> de aquellos que se incorporan. Sus profesionales se implican para ofrecer un cuidado personalizado a cada caso. Algunos de sus servicios a destacar son: <strong>asistencia m\u00e9dica y farmacol\u00f3gica, y atenci\u00f3n psicol\u00f3gica y social<\/strong>. Adem\u00e1s, est\u00e1 especializada en atender las necesidades de personas mayores con alzheimer u otras patolog\u00edas neuronales. Si lo que buscas es un lugar tranquilo y acogedor, Clece Vitam Altos Hornos es una muy buena opci\u00f3n.<\/p>\n\n\n\n<p>Sus habitaciones tienen un precio de entrada de <strong>2.191\u20ac<\/strong> al mes.<\/p>\n\n\n\n<div class=\"wp-block-buttons is-horizontal is-content-justification-center is-layout-flex wp-container-core-buttons-is-layout-499968f5 wp-block-buttons-is-layout-flex\">\n<div class=\"wp-block-button\"><a href=\"https:\/\/miresi.es\/bizkaia\/barakaldo\/clece-vitam-altos-hornos\/\"  target=\"_blank\" rel=\"noreferrer noopener\"  target=\"_blank\" rel=\"noreferrer noopener\">ver residencia<\/a><\/div>\n<\/div>\n\n\n\n<p><a href=\"https:\/\/miresi.es\/bizkaia\/barakaldo\/clece-vitam-altos-hornos\/#summary\"  target=\"_blank\" rel=\"noopener\"  target=\"_blank\" rel=\"noopener\"><br><\/a><br><img decoding=\"async\" width=\"1024\" height=\"862\" src=\"https:\/\/miresi.es\/blog\/wp-content\/uploads\/2021\/11\/Residencia-Clece-Vitam-Altos-Hornos-1024x862.jpg\" alt=\"Residencia Altos Hornos\"><\/p>\n\n\n\n<h2 class=\"wp-block-heading\" id=\"1-2-caser-residencial-artxanda\">1.2. C\u00e1ser Residencial Artxanda<\/h2>\n\n\n\n<p>El centro <a href=\"https:\/\/miresi.es\/bizkaia\/bilbao\/caser-residencial-artxanda\/\"  target=\"_blank\" rel=\"noopener\"  target=\"_blank\" rel=\"noopener\">C\u00e1ser Residencial Artxanda<\/a> es una residencia tranquila y acogedora, ubicada en los pies del monte Artxanda, en el valle del Txorierri. La residencia Caser se integra en un <strong>paisaje natural<\/strong> y en un entorno id\u00edlico. Adem\u00e1s se encuentra a unos 5 minutos en coche del centro de Bilbao. En C\u00e1ser Residencial Artxanda trabajan en 3 distintas \u00e1reas asistenciales:<\/p>\n\n\n\n<ul class=\"wp-block-list\"><li style=\"font-weight: 400\"><strong>\u00c1rea de rehabilitaci\u00f3n<\/strong>, cuyo objetivo es reincorporar a los mayores a su vida y rutina habitual.<\/li><li style=\"font-weight: 400\"><strong>\u00c1rea de adaptaci\u00f3n<\/strong>, cuya finalidad es adaptar a los mayores a una forma de vida diferente de la que llevaban antes.<\/li><li style=\"font-weight: 400\"><strong>\u00c1rea residencial<\/strong>, que engloba instalaciones, ubicaci\u00f3n en los distintos espacios, decoraci\u00f3n, y todas las actividades y talleres que buscan la rehabilitaci\u00f3n social y la estimulaci\u00f3n a la realidad.<\/li><\/ul>\n\n\n\n<p>Adem\u00e1s, cuentan con un equipo m\u00e9dico especializado y de alta calidad, con una unidad especializada en tratar a mayores con alzheimer. Ofrecen servicios tales como <strong>apoyo psicol\u00f3gico<\/strong> y psiqui\u00e1trico, <strong>fisioterapia<\/strong>, <strong>enfermer\u00eda<\/strong>, farmacia y todo tipo de actividades y <strong>talleres l\u00fadicos<\/strong> y socioculturales. Su excepcional equipo de auxiliares son especialistas en dar una atenci\u00f3n personalizada para cada caso concreto. Sus servicios van dirigidos tanto a los mayores como a sus familias. Por ello, C\u00e1ser Residencial Artxanda se preocupa por ofrecer siempre los mejores cuidados.<\/p>\n\n\n\n<p>Su precio por habitaci\u00f3n se inicia en los <strong>2.392\u20ac<\/strong> al mes.<\/p>\n\n\n\n<div class=\"wp-block-buttons is-horizontal is-content-justification-center is-layout-flex wp-container-core-buttons-is-layout-499968f5 wp-block-buttons-is-layout-flex\">\n<div class=\"wp-block-button\"><a href=\"https:\/\/miresi.es\/bizkaia\/bilbao\/caser-residencial-artxanda\/\"  target=\"_blank\" rel=\"noreferrer noopener\"  target=\"_blank\" rel=\"noreferrer noopener\">ver residencia<\/a><\/div>\n<\/div>\n\n\n\n<p><br><img decoding=\"async\" width=\"1024\" height=\"862\" src=\"https:\/\/miresi.es\/blog\/wp-content\/uploads\/2021\/11\/foto_3_4wAopWm-1024x862.jpg\" alt=\"C\u00e1ser Residencial Artxanda\"><\/p>\n\n\n\n<h2 class=\"wp-block-heading\" id=\"1-3-caser-residencial-txurdinaga\">1.3. C\u00e1ser Residencial Txurdinaga<\/h2>\n\n\n\n<p><a href=\"https:\/\/miresi.es\/bizkaia\/bilbao\/caser-residencial-txurdinaga\/\"  target=\"_blank\" rel=\"noopener\"  target=\"_blank\" rel=\"noopener\">C\u00e1ser Residencial Txurdinaga<\/a> se sit\u00faa dentro de la ciudad de Bilbao, a escasos metros de la boca de metro de Txurdinaga. Sus profesionales, llevan a\u00f1os trabajando para lograr ser uno de los mejores centros residenciales para las familias vizca\u00ednas. Y es que des C\u00e1ser Residencial Txurdinaga aportan tranquilidad tanto a residentes como a familias en este gran cambio en la vida del mayor. Con el duro trabajo de todo su equipo y la confianza de quienes la eligen, se ha convertido en una residencia de la tercera edad experta en el cuidado de mayores. Cuentan con <strong>todo tipo de servicios<\/strong> para cuidar de la salud de sus residentes, adem\u00e1s de una unidad especializada en tratar a personas mayores con alzheimer.<\/p>\n\n\n\n<p>El precio de sus habitaciones se inician en los <strong>2.339<\/strong>\u20ac al mes.<\/p>\n\n\n\n<div class=\"wp-block-buttons is-horizontal is-content-justification-center is-layout-flex wp-container-core-buttons-is-layout-499968f5 wp-block-buttons-is-layout-flex\">\n<div class=\"wp-block-button\"><a href=\"https:\/\/miresi.es\/bizkaia\/bilbao\/caser-residencial-txurdinaga\/\"  target=\"_blank\" rel=\"noreferrer noopener\"  target=\"_blank\" rel=\"noreferrer noopener\">ver residencia<\/a><\/div>\n<\/div>\n\n\n\n<p><br><img decoding=\"async\" width=\"1024\" height=\"862\" src=\"https:\/\/miresi.es\/blog\/wp-content\/uploads\/2021\/11\/20200618_120245-1024x862.jpg\" alt=\"C\u00e1ser Residencial Txurdinaga\"><\/p>\n\n\n\n<h2 class=\"wp-block-heading\" id=\"1-4-residencia-alday\">1.4. Residencia Alday<\/h2>\n\n\n\n<p>La <a href=\"https:\/\/miresi.es\/alava\/ayala\/residencia-de-ancianos-fundacion-alday\/\"  target=\"_blank\" rel=\"noopener\"  target=\"_blank\" rel=\"noopener\">Residencia Alday<\/a>, se sit\u00faa en la localidad de Ayala, entre Llodio y Amurrio, a <strong>30 minutos<\/strong> tanto de <strong>Bilbao<\/strong> como de <strong>Vitoria<\/strong>. Esta residencia depende de la Fundaci\u00f3n Alday, una fundaci\u00f3n sin \u00e1nimo de lucro con m\u00e1s de 120 a\u00f1os de experiencia en la labor asistencial.\u00a0 La Residencia Alday fue inaugurada en el verano de 2018 y cuenta con 38 plazas repartidas entre aut\u00f3nomas, con dependencia (ya se grado I, II o III) y mixtas. Por otro lado, cuenta con una unidad especializada tratar a mayores con alzheimer y est\u00e1 adaptada para personas con deterioro cognitivo.<\/p>\n\n\n\n<p>Adem\u00e1s de contar con todos los cuidados m\u00e9dico-sanitarios y cuidados personales la Residencia Alday, ofrece una amplia variedad de actividades y talleres para mejorar las limitaciones de nuestros mayores. A efectos de integraci\u00f3n, se busca potenciar en la medida de lo posible la participaci\u00f3n de sus residentes en las actividades y el funcionamiento general del centro. De esta forma la Residencia Alday, apoya el envejecimiento activo de nuestros mayores favoreciendo su independencia. Los objetivos de implantar actividades en el d\u00eda a d\u00eda de los residentes son los siguientes:<\/p>\n\n\n\n<ul class=\"wp-block-list\"><li style=\"font-weight: 400\">Potenciar las <strong>habilidades susceptibles de recuperaci\u00f3n<\/strong>.<\/li><li style=\"font-weight: 400\">Recuperar o mantener la <strong>autonom\u00eda<\/strong>.<\/li><li style=\"font-weight: 400\"><strong>Prevenir <\/strong>el <strong>deterioro <\/strong>f\u00edsico y ps\u00edquico.<\/li><li style=\"font-weight: 400\"><strong>Favorecer<\/strong> su <strong>independencia<\/strong>.<\/li><li style=\"font-weight: 400\">Mejorar la ocupaci\u00f3n y hacerles <strong>disfrutar de su tiempo libre<\/strong>.<\/li><li style=\"font-weight: 400\">Favorecer las <strong>relaciones sociales<\/strong>.<\/li><\/ul>\n\n\n\n<p>Desde el centro, garantizan la <strong>atenci\u00f3n personalizada<\/strong> a cada residente. Se comprometen a dar el mejor apoyo a las familias, con una comunicaci\u00f3n excelente. Por todo ello,la Residencia Alday es un lugar id\u00f3neo para aquellos que buscan un lugar tranquilo donde vivir, con los mejores cuidados y servicios, y unas instalaciones modernas y sostenibles.<\/p>\n\n\n\n<p>El precio de sus habitaciones comienza en los <strong>2.145\u20ac<\/strong> al mes.<\/p>\n\n\n\n<div class=\"wp-block-buttons is-horizontal is-content-justification-center is-layout-flex wp-container-core-buttons-is-layout-499968f5 wp-block-buttons-is-layout-flex\">\n<div class=\"wp-block-button\"><a href=\"https:\/\/miresi.es\/alava\/ayala\/residencia-de-ancianos-fundacion-alday\/\"  target=\"_blank\" rel=\"noreferrer noopener\"  target=\"_blank\" rel=\"noreferrer noopener\">ver residencia<\/a><\/div>\n<\/div>\n\n\n\n<p><br><img decoding=\"async\" width=\"1024\" height=\"862\" src=\"https:\/\/miresi.es\/blog\/wp-content\/uploads\/2021\/11\/Residencia_Alday_Habitacion_Terraza-1024x862.jpg\" alt=\"Residencia Alday\"><\/p>\n\n\n\n<h2 class=\"wp-block-heading\" id=\"1-5-residencia-clece-leon-trucios\">1.5. Residencia Clece Leon Trucios<\/h2>\n\n\n\n<p>Situada en la localidad de Balmaseda, la <a href=\"https:\/\/miresi.es\/bizkaia\/balmaseda\/residencia-leon-trucios\/\"  target=\"_blank\" rel=\"noopener\"  target=\"_blank\" rel=\"noopener\">Residencia Clece Le\u00f3n Trucios<\/a> es un destino id\u00f3neo para todos los mayores que busquen la<strong> serenidad y tranquilidad<\/strong>. Se caracteriza por ser un centro <strong>muy familiar<\/strong> y en \u00e9l los mayores se sienten igual de acogidos que en su propio hogar. Sus profesionales, implicados y muy bien cualificados, ofrecen al mayor toda clase de cuidados y servicios adaptados a las necesidades de cada uno. Adem\u00e1s cuentan con una unidad especializada personas mayores con alzheimer.<\/p>\n\n\n\n<p>El centro se encuentra a media hora en coche de Bilbao, aunque tambi\u00e9n se puede visitar mediante el autob\u00fas que une Bilbao con Balmaseda.<\/p>\n\n\n\n<p>Las habitaciones de este centro tienen un precio de entrada de <strong>2.786\u20ac<\/strong> al mes.<\/p>\n\n\n\n<div class=\"wp-block-buttons is-horizontal is-content-justification-center is-layout-flex wp-container-core-buttons-is-layout-499968f5 wp-block-buttons-is-layout-flex\">\n<div class=\"wp-block-button\"><a href=\"https:\/\/miresi.es\/bizkaia\/balmaseda\/residencia-leon-trucios\/\"  target=\"_blank\" rel=\"noreferrer noopener\"  target=\"_blank\" rel=\"noreferrer noopener\">ver residencia<\/a><\/div>\n<\/div>\n\n\n\n<p><a href=\"https:\/\/miresi.es\/bizkaia\/balmaseda\/residencia-leon-trucios\/\"  target=\"_blank\" rel=\"noopener\"  target=\"_blank\" rel=\"noopener\"><br><\/a><br><img decoding=\"async\" width=\"1024\" height=\"862\" src=\"https:\/\/miresi.es\/blog\/wp-content\/uploads\/2021\/11\/MG_0418_a-1024x862.jpg\" alt=\"Residencia Le\u00f3n Trucios\"><\/p>\n\n\n\n<h2 class=\"wp-block-heading\" id=\"1-6-caser-residencial-betharram\">1.6. C\u00e1ser Residencial Betharram<\/h2>\n\n\n\n<p>El centro de mayores <a href=\"https:\/\/miresi.es\/gipuzkoa\/hondarribia\/caser-residencial-betharram\/\"  target=\"_blank\" rel=\"noopener\"  target=\"_blank\" rel=\"noopener\">C\u00e1ser Residencial Betharram<\/a> basa su atenci\u00f3n en ofrecer los mejores cuidados y servicios adaptados a las necesidades de cada mayor. Esto lo logran mediante una <strong>atenci\u00f3n personalizada<\/strong> y cercana con el residente y con sus familiares. Caser Residencial Betharram se define como un centro modular, en el cual las distintas unidades de atenci\u00f3n reciben el nombre de un barrio distinto de Hondarribia, como Amute, Marina, Mendelu, Kosta, entre otros. Cuenta con un personal implicado y cualificado para tratar todo tipo de demencias. Se especializan en tratar a personas mayores con alzheimer y patolog\u00edas similares.<\/p>\n\n\n\n<p>Se localiza en el l\u00edmite entre Ir\u00fan y Hondarribia, a cinco minutos del casco urbano de Ir\u00fan. Para quienes no conozcan la zona, se localiza en Guip\u00fazcoa, al este de Donosti. Se puede acceder a la zona mediante renfe, euskotren o coche ya que el centro cuenta con un parking privado para las familias.<\/p>\n\n\n\n<p>El centro cuenta con <strong>10 apartamentos<\/strong> de alquiler libre, pensados para acoger a personas mayores de 60 a\u00f1os, aut\u00f3nomas o dependientes que no dispongan de un alojamiento adecuado. El centro ofrece 8 apartamentos individuales y 2 dobles, pudiendo contratar los diferentes servicios ofrecidos por la residencia como por ejemplo: m\u00e9dico, comidas, limpieza, psic\u00f3logo, servicios gerocultoras, fisioterapia, atenci\u00f3n de enfermer\u00eda, etc.<\/p>\n\n\n\n<p>Cada apartamento se compone de una cocina, una sala de estar, una habitaci\u00f3n, ba\u00f1o y terraza. Todos vienen equipados con electrodom\u00e9sticos y todo tipo de muebles. Los gastos de suministro, limpieza, comunidad, bot\u00f3n rojo y uso de salas comunes est\u00e1n incluidos en el precio de alquiler.<\/p>\n\n\n\n<p>C\u00e1ser Residencial se compromete en mejorar el cuidado de las personas dependientes d\u00eda a d\u00eda, destacando por una <strong>atenci\u00f3n individualizada al residente<\/strong>, la implicaci\u00f3n de sus profesionales, y sus calidad de servicios. Adem\u00e1s sus profesionales est\u00e1n notablemente cualificados para tratar casos de mayores con alzheimer u otras demencias.<\/p>\n\n\n\n<p>El precio de sus habitaciones empieza en los <strong>3.232\u20ac<\/strong> al mes.<\/p>\n\n\n\n<div class=\"wp-block-buttons is-horizontal is-content-justification-center is-layout-flex wp-container-core-buttons-is-layout-499968f5 wp-block-buttons-is-layout-flex\">\n<div class=\"wp-block-button\"><a href=\"https:\/\/miresi.es\/gipuzkoa\/hondarribia\/caser-residencial-betharram\/\"  target=\"_blank\" rel=\"noreferrer noopener\"  target=\"_blank\" rel=\"noreferrer noopener\">ver residencia<\/a><\/div>\n<\/div>\n\n\n\n<figure class=\"wp-block-image size-large\"><img decoding=\"async\" width=\"1024\" height=\"862\" src=\"https:\/\/miresi.es\/blog\/wp-content\/uploads\/2021\/11\/1_fEcQJ0n-1024x862.jpg\" alt=\"Residencia alzheimer en pa\u00eds vasco\" class=\"wp-image-3752\" srcset=\"https:\/\/miresiblog.imgix.net\/uploads\/2021\/11\/1_fEcQJ0n.jpg?auto=format%2Ccompress&fit=crop&h=862&ixlib=php-3.3.0&w=1024&s=d3039c9c8b9cabe490a9d040c28950f4 1024w, https:\/\/miresiblog.imgix.net\/uploads\/2021\/11\/1_fEcQJ0n.jpg?auto=format%2Ccompress&fit=crop&h=253&ixlib=php-3.3.0&w=300&s=af7e5b1d048ae80c17a2905360b79844 300w, https:\/\/miresiblog.imgix.net\/uploads\/2021\/11\/1_fEcQJ0n.jpg?auto=format%2Ccompress&fit=crop&h=647&ixlib=php-3.3.0&w=768&s=d83c5cb9bc864c6738b9015fe8028604 768w, https:\/\/miresiblog.imgix.net\/uploads\/2021\/11\/1_fEcQJ0n.jpg?auto=format%2Ccompress&ixlib=php-3.3.0&w=713&s=3c33721d3eb7fc4d6e0c0643e7e50f03 713w\" sizes=\"(max-width: 1024px) 100vw, 1024px\" \/><\/figure>\n\n\n\n<h2 class=\"wp-block-heading\" id=\"1-7-caser-residencial-anaka\">1.7. C\u00e1ser Residencial Anaka<\/h2>\n\n\n\n<p>El centro <a href=\"https:\/\/miresi.es\/gipuzkoa\/irun\/caser-residencial-anaka\/\"  target=\"_blank\" rel=\"noopener\"  target=\"_blank\" rel=\"noopener\">C\u00e1ser Residencial Anaka<\/a> se localiza en una de las mejores zonas residenciales de <strong>Ir\u00fan<\/strong>, en el este de Gipuzkoa. Cuenta con m\u00e1s de 20 a\u00f1os de experiencia en el cuidado y atenci\u00f3n de personas mayores, es un centro con ambiente <strong>familiar<\/strong> y <strong>hogare\u00f1o<\/strong> que cuenta con amplias zonas comunes y una amplia terraza en la azotea. Adem\u00e1s destaca por su atenci\u00f3n personalizada y la calidad de sus actividades y talleres, promoviendo el envejecimiento activo. Posee una unidad espec\u00edfica para mayores con alzheimer.<\/p>\n\n\n\n<p>Su precio m\u00e1s bajo es de <strong>2.716\u20ac<\/strong> al mes.<\/p>\n\n\n\n<div class=\"wp-block-buttons is-horizontal is-content-justification-center is-layout-flex wp-container-core-buttons-is-layout-499968f5 wp-block-buttons-is-layout-flex\">\n<div class=\"wp-block-button\"><a href=\"https:\/\/miresi.es\/gipuzkoa\/irun\/caser-residencial-anaka\/\"  target=\"_blank\" rel=\"noreferrer noopener\"  target=\"_blank\" rel=\"noreferrer noopener\">ver residencia<\/a><\/div>\n<\/div>\n\n\n\n<figure class=\"wp-block-image size-large\"><img decoding=\"async\" width=\"1024\" height=\"862\" src=\"https:\/\/miresi.es\/blog\/wp-content\/uploads\/2021\/11\/Fachada_Anaka-1024x862.jpg\" alt=\"C\u00e1ser Residencial Anaka\" class=\"wp-image-3751\" srcset=\"https:\/\/miresiblog.imgix.net\/uploads\/2021\/11\/Fachada_Anaka.jpg?auto=format%2Ccompress&fit=crop&h=862&ixlib=php-3.3.0&w=1024&s=bd91c199d5b29322b0a513470fcbe59b 1024w, https:\/\/miresiblog.imgix.net\/uploads\/2021\/11\/Fachada_Anaka.jpg?auto=format%2Ccompress&fit=crop&h=253&ixlib=php-3.3.0&w=300&s=1b108529b6aca7fbf7f948e926b4a5a1 300w, https:\/\/miresiblog.imgix.net\/uploads\/2021\/11\/Fachada_Anaka.jpg?auto=format%2Ccompress&fit=crop&h=647&ixlib=php-3.3.0&w=768&s=312616b8c52846974e88b690e21c742e 768w, https:\/\/miresiblog.imgix.net\/uploads\/2021\/11\/Fachada_Anaka.jpg?auto=format%2Ccompress&ixlib=php-3.3.0&w=713&s=1e6c5f21cb711aa4a0a6c1360dc82449 713w\" sizes=\"(max-width: 1024px) 100vw, 1024px\" \/><\/figure>\n\n\n\n<h2 class=\"wp-block-heading\" id=\"1-8-caser-residencial-alto-del-prado\">1.8. C\u00e1ser Residencial Alto del Prado<\/h2>\n\n\n\n<p>A escasos metros del estadio de Mendizorroza en Vitoria, se encuentra el centro <a href=\"https:\/\/miresi.es\/alava\/vitoria-gasteiz\/caser-alto-del-prado\/\"  target=\"_blank\" rel=\"noopener\"  target=\"_blank\" rel=\"noopener\">C\u00e1ser Residencial Alto del Prado<\/a>. Se trata de un conjunto de edificios modernos, dise\u00f1ados para uso residencial y est\u00e1n diferenciados en funci\u00f3n de sus ocupantes. Mientras que en un bloque en forma de \u201cT\u201d se destina a Residencia Mixta y servicios de atenci\u00f3n com\u00fan, los otros dos bloques son de Apartamentos Tutelados. Cuentan con amplias zonas ajardinadas, de paseo y ocio donde poder hacer actividades y talleres para ejercitar el cuerpo y mente de nuestros mayores. La residencia est\u00e1 especializada en tratar a personas mayores con alzheimer y demencias. Por ello es considerado uno de los mejores centros en el pa\u00eds vasco.<\/p>\n\n\n\n<p>Se encuentra en un barrio residencial con preciosas zonas verdes y arboladas, muy bien comunicado. Su precio m\u00e1s bajo es de <strong>2.806\u20ac<\/strong> al mes.<\/p>\n\n\n\n<div class=\"wp-block-buttons is-horizontal is-content-justification-center is-layout-flex wp-container-core-buttons-is-layout-499968f5 wp-block-buttons-is-layout-flex\">\n<div class=\"wp-block-button\"><a href=\"https:\/\/miresi.es\/alava\/vitoria-gasteiz\/caser-alto-del-prado\/\"  target=\"_blank\" rel=\"noreferrer noopener\"  target=\"_blank\" rel=\"noreferrer noopener\">ver residencia<\/a><\/div>\n<\/div>\n\n\n\n<figure class=\"wp-block-image alignnone\"><img decoding=\"async\" src=\"https:\/\/miresi.es\/blog\/wp-content\/uploads\/2021\/11\/article_1_C92xuzl-1024x862.jpg\" alt=\"Residencia para mayores con alzheimer\"\/><\/figure>\n\n\n\n<p>Si alguna de estas residencias especializadas en mayores con alzheimer se adecua a tus necesidades, contacta con nosotros. De esta forma te daremos m\u00e1s informaci\u00f3n sobre ella. Descubre todo sobre sus servicios e instalaciones, as\u00ed como sus precios. Adem\u00e1s, si al final das el paso, te ayudaremos a organizar una visita para que puedas terminar de decidirte.<\/p>\n\n\n\n<p>En caso de que no encontrar aqu\u00ed tu residencia ideal, no te preocupes. <strong>Ll\u00e1manos<\/strong> o <strong>pincha en el bot\u00f3n <\/strong>y te asesoraremos de manera <strong>gratuita<\/strong> hasta encontrar tu residencia de mayores ideal.<\/p>\n\n\n\n<div class=\"wp-block-buttons is-horizontal is-content-justification-center is-layout-flex wp-container-core-buttons-is-layout-499968f5 wp-block-buttons-is-layout-flex\">\n<div class=\"wp-block-button\"><a href=\"https:\/\/miresi.es\/buscador\/\"  rel=\"noreferrer noopener\"  rel=\"noreferrer noopener\">BUSCAR RESIDENCIA gratis<\/a><\/div>\n<\/div>\n\n\n\n<p class=\"has-cyan-bluish-gray-color has-text-color\" style=\"font-size:10px\">Fuentes<\/p>\n\n\n\n<ul class=\"has-cyan-bluish-gray-color has-text-color wp-block-list\" style=\"font-size:10px\"><li>miResi: https:\/\/miresi.es\/<\/li><li>Alzheimer\u2019s Association: https:\/\/www.alz.org\/es\/<\/li><\/ul>\n<div style='text-align:center' class='yasr-auto-insert-visitor'><!--Yasr Visitor Votes Shortcode--><div id='yasr_visitor_votes_e5b6f8009f795' class='yasr-visitor-votes'><div class=\"yasr-custom-text-vv-before yasr-custom-text-vv-before-3723\">\u00a1Haz clic para puntuar esta entrada!<\/div><div id='yasr-vv-second-row-container-e5b6f8009f795'\r\n                                        class='yasr-vv-second-row-container'><div id='yasr-visitor-votes-rater-e5b6f8009f795'\r\n                                      class='yasr-rater-stars-vv'\r\n                                      data-rater-postid='3723'\r\n                                      data-rating='5'\r\n                                      data-rater-starsize='32'\r\n                                      data-rater-readonly='false'\r\n                                      data-rater-nonce='4d05b5a2cb'\r\n                                      data-issingular='false'\r\n                                    ><\/div><div class=\"yasr-vv-stats-text-container\" id=\"yasr-vv-stats-text-container-e5b6f8009f795\"><svg xmlns=\"https:\/\/www.w3.org\/2000\/svg\" width=\"20\" height=\"20\"\r\n                                   class=\"yasr-dashicons-visitor-stats\"\r\n                                   data-postid=\"3723\"\r\n                                   id=\"yasr-stats-dashicon-e5b6f8009f795\">\r\n                                   <path d=\"M18 18v-16h-4v16h4zM12 18v-11h-4v11h4zM6 18v-8h-4v8h4z\"><\/path>\r\n                               <\/svg><span id=\"yasr-vv-text-container-e5b6f8009f795\" class=\"yasr-vv-text-container\"> (Votos: <span id=\"yasr-vv-votes-number-container-e5b6f8009f795\">1<\/span>  Promedio: <span id=\"yasr-vv-average-container-e5b6f8009f795\">5<\/span>)<\/span><\/div><div id='yasr-vv-loader-e5b6f8009f795' class='yasr-vv-container-loader'><\/div><\/div><div id='yasr-vv-bottom-container-e5b6f8009f795'\r\n                              class='yasr-vv-bottom-container'\r\n                              style='display:none'><\/div><\/div><!--End Yasr Visitor Votes Shortcode--><\/div>","protected":false},"excerpt":{"rendered":"<p>\u00bfBuscas ayuda para un familiar? Desde miResi te queremos ayudar mostr\u00e1ndote las mejores residencias para mayores con Alzheimer en Pa\u00eds Vasco.<\/p>\n","protected":false},"author":3,"featured_media":3749,"comment_status":"closed","ping_status":"closed","sticky":false,"template":"","format":"standard","meta":{"yasr_overall_rating":0,"yasr_post_is_review":"","yasr_auto_insert_disabled":"","yasr_review_type":"","footnotes":""},"categories":[362],"tags":[85,529,471,22],"class_list":["post-3723","post","type-post","status-publish","format-standard","has-post-thumbnail","hentry","category-residencias-de-mayores","tag-alzheimer","tag-mayores-con-alzheimer","tag-pais-vasco","tag-residencias-de-mayores"],"yasr_visitor_votes":{"stars_attributes":{"read_only":false,"span_bottom":false},"number_of_votes":1,"sum_votes":5},"_links":{"self":[{"href":"https:\/\/miresi.es\/blog\/wp-json\/wp\/v2\/posts\/3723","targetHints":{"allow":["GET"]}}],"collection":[{"href":"https:\/\/miresi.es\/blog\/wp-json\/wp\/v2\/posts"}],"about":[{"href":"https:\/\/miresi.es\/blog\/wp-json\/wp\/v2\/types\/post"}],"author":[{"embeddable":true,"href":"https:\/\/miresi.es\/blog\/wp-json\/wp\/v2\/users\/3"}],"replies":[{"embeddable":true,"href":"https:\/\/miresi.es\/blog\/wp-json\/wp\/v2\/comments?post=3723"}],"version-history":[{"count":38,"href":"https:\/\/miresi.es\/blog\/wp-json\/wp\/v2\/posts\/3723\/revisions"}],"predecessor-version":[{"id":25083,"href":"https:\/\/miresi.es\/blog\/wp-json\/wp\/v2\/posts\/3723\/revisions\/25083"}],"wp:featuredmedia":[{"embeddable":true,"href":"https:\/\/miresi.es\/blog\/wp-json\/wp\/v2\/media\/3749"}],"wp:attachment":[{"href":"https:\/\/miresi.es\/blog\/wp-json\/wp\/v2\/media?parent=3723"}],"wp:term":[{"taxonomy":"category","embeddable":true,"href":"https:\/\/miresi.es\/blog\/wp-json\/wp\/v2\/categories?post=3723"},{"taxonomy":"post_tag","embeddable":true,"href":"https:\/\/miresi.es\/blog\/wp-json\/wp\/v2\/tags?post=3723"}],"curies":[{"name":"wp","href":"https:\/\/api.w.org\/{rel}","templated":true}]}}