{"id":464,"date":"2021-06-09T12:07:47","date_gmt":"2021-06-09T11:07:47","guid":{"rendered":"https:\/\/miresi.es\/blog\/?p=464"},"modified":"2024-03-06T13:05:33","modified_gmt":"2024-03-06T12:05:33","slug":"primeros-sintomas-del-alzheimer","status":"publish","type":"post","link":"https:\/\/miresi.es\/blog\/primeros-sintomas-del-alzheimer\/","title":{"rendered":"Los 10 primeros s\u00edntomas del Alzheimer en mayores"},"content":{"rendered":"\n<p>Seguramente has escuchado en muchas ocasiones hablar de esta enfermedad, pero no es sino hasta que nos toca de cerca, con alguno de nuestros familiares, cuando buscamos informaci\u00f3n para conocer de qu\u00e9 se trata y cu\u00e1les son los principales s\u00edntomas del Alzheimer en mayores.\u00a0<\/p>\n\n\n\n<p>Conocer cu\u00e1les son los signos de alarma, es importante para poder buscar un diagn\u00f3stico profesional, pero tambi\u00e9n para tratar la enfermedad cuanto antes y poder as\u00ed ralentizar o disminuir sus efectos.<\/p>\n\n\n\n<div class=\"wp-block-buttons is-layout-flex wp-block-buttons-is-layout-flex\">\n<div class=\"wp-block-button aligncenter\"><a href=\"https:\/\/miresi.es\/buscador\/\"  >BuscaR Residencia especializada en Alzheimer<\/a><\/div>\n<\/div>\n\n\n\n<h2 class=\"wp-block-heading\" id=\"1-que-es-la-enfermedad-del-alzheimer\">\u00bfQu\u00e9 es el Alzheimer?<\/h2>\n\n\n\n<p>El <a href=\"https:\/\/miresi.es\/alzheimer\/\"  title=\"Alzheimer\"  title=\"Alzheimer\"><strong>Alzheimer<\/strong><\/a> es una patolog\u00eda que afecta la memoria y otros procesos cognitivos, as\u00ed como la conducta de quien la padece. Normalmente, esta enfermedad se desarrolla paulatinamente hasta que los s\u00edntomas son m\u00e1s severos e impiden el desarrollo normal de las actividades cotidianas.\u00a0<\/p>\n\n\n\n<p>Para poder reconocer esta enfermedad, lo primero es saber en qu\u00e9 consiste. La enfermedad del Alzheimer es la forma m\u00e1s com\u00fan de demencia. De hecho representa entre el 60 y 70% de todos los casos.\u00a0Actualmente, aproximadamente <a href=\"https:\/\/www.somospacientes.com\/noticias\/sanidad\/diagnostico-precoz-para-la-calidad-de-vida-y-autonomia-en-el-alzheimer\"  target=\"_blank\" rel=\"external nofollow\"  title=\"1,2 millones de personas padecen la enfermedad de Alzheimer en Espa\u00f1a.\"  class=\"wp-links-icon\">1,2 millones de personas padecen la enfermedad de Alzheimer en Espa\u00f1a.<\/a><\/p>\n\n\n\n<p>Son muchos los factores que pueden predisponer a una persona a sufrir Alzheimer, pero\u00a0 el principal es la edad. No obstante, el Alzheimer no es una caracter\u00edstica per se del envejecimiento. Se trata de una enfermedad que a\u00fan no tiene cura, aunque se realizan ingentes esfuerzos para conseguirla. Por ello es fundamental diagnosticarla cuanto antes para poder luchar contra sus efectos a trav\u00e9s de los distintos tratamientos que existen.\u00a0<\/p>\n\n\n\n<figure class=\"wp-block-image size-large\"><img decoding=\"async\" width=\"1024\" height=\"683\" src=\"https:\/\/miresi.es\/blog\/wp-content\/uploads\/2021\/06\/old-couple-and-doctor-ZA54EX8-1024x683.jpg\" alt=\"Ancianos con Alzheimer acude al doctor\" class=\"wp-image-470\" srcset=\"https:\/\/miresiblog.imgix.net\/uploads\/2021\/06\/old-couple-and-doctor-ZA54EX8-scaled.jpg?auto=format%2Ccompress&fit=crop&h=683&ixlib=php-3.3.0&w=1024&s=3601b6d297772b42f9ef8a9e1fa29c9e 1024w, https:\/\/miresiblog.imgix.net\/uploads\/2021\/06\/old-couple-and-doctor-ZA54EX8-scaled.jpg?auto=format%2Ccompress&fit=crop&h=200&ixlib=php-3.3.0&w=300&s=bfac1730d85ef335ca75c3270581b4c5 300w, https:\/\/miresiblog.imgix.net\/uploads\/2021\/06\/old-couple-and-doctor-ZA54EX8-scaled.jpg?auto=format%2Ccompress&fit=crop&h=513&ixlib=php-3.3.0&w=768&s=4765b57225f251c538eee8ab8ac5488d 768w, https:\/\/miresiblog.imgix.net\/uploads\/2021\/06\/old-couple-and-doctor-ZA54EX8-scaled.jpg?auto=format%2Ccompress&fit=crop&h=1025&ixlib=php-3.3.0&w=1536&s=e03c62fa427cba84a16fab36dbcacf03 1536w, https:\/\/miresiblog.imgix.net\/uploads\/2021\/06\/old-couple-and-doctor-ZA54EX8-scaled.jpg?auto=format%2Ccompress&fit=crop&h=1367&ixlib=php-3.3.0&w=2048&s=556bc0fb0e5fabcc87c8200dc496d8c7 2048w, https:\/\/miresiblog.imgix.net\/uploads\/2021\/06\/old-couple-and-doctor-ZA54EX8-scaled.jpg?auto=format%2Ccompress&ixlib=php-3.3.0&w=899&s=ee2dcacd52fd7e9af618220a2b0a5670 899w\" sizes=\"(max-width: 1024px) 100vw, 1024px\" \/><figcaption class=\"wp-element-caption\">Detectar a tiempo los primeros s\u00edntomas del Alzheimer permite buscar ayuda de manera r\u00e1pida y as\u00ed ralentizar el avance de la enfermedad.<\/figcaption><\/figure>\n\n\n\n<div class=\"wp-block-buttons is-layout-flex wp-block-buttons-is-layout-flex\">\n<div class=\"wp-block-button aligncenter\"><a href=\"https:\/\/miresi.es\/buscador\/\"  >SOLICITA AYUDA GRATIS<\/a><\/div>\n<\/div>\n\n\n\n<h2 class=\"wp-block-heading\">Primeros s\u00edntomas del Alzheimer en mayores<\/h2>\n\n\n\n<p>Los s\u00edntomas del Alzheimer se pueden manifestar de formas diferentes en los mayores, as\u00ed como puede variar su grado. Incluso se pueden confundir con el normal deterioro de las funciones cognitivas y de memoria propio de la edad. Sin embargo, existen determinados signos comunes que indican que nuestro familiar podr\u00eda estar empezando a sufrir este tipo de demencia.\u00a0<\/p>\n\n\n\n<p>Seg\u00fan la <strong><a href=\"https:\/\/www.alz.org\/\"  target=\"_blank\" rel=\"external nofollow\"  target=\"_blank\"  class=\"wp-links-icon\">Alzheimer\u2019s Association<\/a><\/strong>, estos son los 10 primeros s\u00edntomas del Alzheimer:\u00a0\u00a0<\/p>\n\n\n\n<h3 class=\"wp-block-heading\">1. <strong>P\u00e9rdida de memoria<\/strong>:<\/h3>\n\n\n\n<p>Uno de los primeros s\u00edntomas del Alzheimer es olvidar informaci\u00f3n que se ha aprendido de forma reciente, as\u00ed como fechas, eventos y datos importantes.\u00a0 No debe confundirse con los olvidos propios de la edad. Estos suelen ser temporales y la informaci\u00f3n olvidada se logra recordar m\u00e1s tarde.<\/p>\n\n\n\n<h3 class=\"wp-block-heading\">2. <strong>P\u00e9rdida del pensamiento abstracto<\/strong><\/h3>\n\n\n\n<p>Otro de los primeros s\u00edntomas es experimentar problemas con el pensamiento abstracto, es decir tener dificultades a la hora de desarrollar tareas mentales, planificar, sacar cuentas o entender el significado de los n\u00fameros. Aparecen dificultades para concentrarse o toma m\u00e1s tiempo realizar este tipo de tareas.<\/p>\n\n\n\n<h3 class=\"wp-block-heading\">3. <strong>Dificultad para desempe\u00f1ar tareas cotidianas<\/strong><\/h3>\n\n\n\n<p>A muchas personas les cuesta realizar las actividades de la vida diaria. Pueden tener problemas para llegar a un lugar al que acuden todos los d\u00edas, como la panader\u00eda, u olvidan c\u00f3mo poner en funcionamiento el microondas. Suelen ser tareas y actividades aparentemente de poca importancia, pero indican que algo no va bien a nivel cognitivo.\u00a0<\/p>\n\n\n\n<h3 class=\"wp-block-heading\">4. <strong>Desorientaci\u00f3n y confusi\u00f3n\u00a0<\/strong><\/h3>\n\n\n\n<p>Un s\u00edntoma muy caracter\u00edstico del Alzheimer es la p\u00e9rdida de la noci\u00f3n del tiempo y del espacio en el que se encuentra. Puede olvidar c\u00f3mo ha llegado o dejar de reconocer caras o lugares que le son familiares e incluso la fecha o su propia edad. Es normal que con el envejecimiento, los mayores puedan olvidarse del d\u00eda de la semana en el que est\u00e1n, pero suele ser algo puntual y no significativo, por eso es importante saber diferenciar esta circunstancia del los s\u00edntomas del Alzheimer.<\/p>\n\n\n\n<h3 class=\"wp-block-heading\">5. <strong>Problemas para comprender im\u00e1genes o leer<\/strong><\/h3>\n\n\n\n<p>Muchos mayores con Alzheimer presentan p\u00e9rdida de capacidad visual y espacial, lo que les dificulta el procesamiento de tama\u00f1os, formas y colores. Se hace m\u00e1s evidente cuando comienzan a tener problemas para leer o para\u00a0 entender se\u00f1ales, como por ejemplo las de tr\u00e1fico.<\/p>\n\n\n\n<h3 class=\"wp-block-heading\">6. <strong>Problemas con el lenguaje<\/strong><\/h3>\n\n\n\n<p>Otro signo temprano del Alzheimer es la dificultad para mantener o seguir una conversaci\u00f3n. Tambi\u00e9n es posible que, aunque est\u00e9n siguiendo la conversaci\u00f3n se olviden de palabras concretas y las sustituyan por otras. Lo mismo ocurre con la escritura.<\/p>\n\n\n\n<h3 class=\"wp-block-heading\">7. <strong>Perder objetos de uso diario<\/strong><\/h3>\n\n\n\n<p>Es frecuente que las personas que comienzan a padecer Alzheimer coloquen objetos fuera de su lugar habitual o en lugares extra\u00f1os o incoherentes. Adem\u00e1s, es posible que acusen a los dem\u00e1s de haberles sustra\u00eddo cosas, ya que se sienten desorientados.<\/p>\n\n\n\n<p>No hay que confundir lo anterior con el hecho de que con la edad, es normal que se coloquen cosas en sitios no habituales o no se recuerde d\u00f3nde se han dejado, pero se suele recordar con el tiempo.\u00a0\u00a0<\/p>\n\n\n\n<h3 class=\"wp-block-heading\">8. <strong>Falta de buen juicio o dificultad para tomar decisiones<\/strong><\/h3>\n\n\n\n<p>La falta de juicio a la hora de realizar acciones habituales es otro de los s\u00edntomas del comienzo del Alzheimer, como por ejemplo salir de casa sin el bolso, vestirse con ropa de verano en pleno invierno, etc. Comienzan a tomar decisiones equivocadas o err\u00f3neas cuando antes no las tomaban. Tambi\u00e9n es posible que empiecen a estar m\u00e1s sensibles ante est\u00edmulos externos o que presten menos atenci\u00f3n al aseo personal.\u00a0<\/p>\n\n\n\n<h3 class=\"wp-block-heading\">9. <strong>P\u00e9rdida de las habilidad sociales<\/strong><\/h3>\n\n\n\n<p>Las personas en las primeras etapas de esta demencia empiezan a perder la iniciativa para las actividades sociales y de ocio. Adem\u00e1s, dejan de estar interesados en ver a sus seres queridos y tienden a aislarse.\u00a0<\/p>\n\n\n\n<h3 class=\"wp-block-heading\">10. <strong>Cambios en la personalidad o en el humor<\/strong><\/h3>\n\n\n\n<p>Es muy posible que los mayores experimenten cambios en la personalidad. Pueden sentirse confundidos, irritables, tristes, temerosos, etc. Adem\u00e1s, tienden a estar de mal humor o tratar de manera diferente a sus seres queridos.\u00a0<\/p>\n\n\n\n<figure class=\"wp-block-image size-large\"><img decoding=\"async\" width=\"1024\" height=\"683\" src=\"https:\/\/miresi.es\/blog\/wp-content\/uploads\/2021\/06\/retired-man-with-dementia-disease-putting-shoe-in-WEHS6BT-1024x683.jpg\" alt=\"Anciano con los primeros s\u00edntomas del Alzheimer metiendo un zapato en el microondas\" class=\"wp-image-467\" srcset=\"https:\/\/miresiblog.imgix.net\/uploads\/2021\/06\/retired-man-with-dementia-disease-putting-shoe-in-WEHS6BT-scaled.jpg?auto=format%2Ccompress&fit=crop&h=683&ixlib=php-3.3.0&w=1024&s=548c84cffa87dbd29a83d6fd8b528a98 1024w, https:\/\/miresiblog.imgix.net\/uploads\/2021\/06\/retired-man-with-dementia-disease-putting-shoe-in-WEHS6BT-scaled.jpg?auto=format%2Ccompress&fit=crop&h=200&ixlib=php-3.3.0&w=300&s=bdb67450f66c93f6e079eb4dc4029977 300w, https:\/\/miresiblog.imgix.net\/uploads\/2021\/06\/retired-man-with-dementia-disease-putting-shoe-in-WEHS6BT-scaled.jpg?auto=format%2Ccompress&fit=crop&h=513&ixlib=php-3.3.0&w=768&s=6bfcb8b872fed4fc1b4051dba7f0dcf0 768w, https:\/\/miresiblog.imgix.net\/uploads\/2021\/06\/retired-man-with-dementia-disease-putting-shoe-in-WEHS6BT-scaled.jpg?auto=format%2Ccompress&fit=crop&h=1025&ixlib=php-3.3.0&w=1536&s=d419a1fcfc93bf1e0baaf18473548e2d 1536w, https:\/\/miresiblog.imgix.net\/uploads\/2021\/06\/retired-man-with-dementia-disease-putting-shoe-in-WEHS6BT-scaled.jpg?auto=format%2Ccompress&fit=crop&h=1367&ixlib=php-3.3.0&w=2048&s=322ab899cfb65289feebb9c46b20cff1 2048w, https:\/\/miresiblog.imgix.net\/uploads\/2021\/06\/retired-man-with-dementia-disease-putting-shoe-in-WEHS6BT-scaled.jpg?auto=format%2Ccompress&ixlib=php-3.3.0&w=899&s=db6b0695cd2c229065e5d0f2f709366d 899w\" sizes=\"(max-width: 1024px) 100vw, 1024px\" \/><figcaption class=\"wp-element-caption\">Un s\u00edntoma habitual es situar cosas fuera de su lugar correspondiente. Esto genera dificultades para encontrar las cosas.<\/figcaption><\/figure>\n\n\n\n<div class=\"wp-block-buttons is-layout-flex wp-block-buttons-is-layout-flex\">\n<div class=\"wp-block-button aligncenter\"><a href=\"https:\/\/miresi.es\/buscador\/\"  >Encuentra tu residencia ideal<\/a><\/div>\n<\/div>\n\n\n\n<h2 class=\"wp-block-heading\">\u00bfQu\u00e9 hacer ante los primeros s\u00edntomas del Alzheimer?<\/h2>\n\n\n\n<p>Cuando se comiencen a detectar este tipo de s\u00edntomas y comportamientos es importante\u00a0compartirlo con otras personas cercanas al mayor, para confirmar que observan lo mismo durante la convivencia diaria. Hablar y comentar la situaci\u00f3n con una persona de confianza puede hacer que se detecten antes los s\u00edntomas y a tomar la decisi\u00f3n de buscar un diagn\u00f3stico profesional.<\/p>\n\n\n\n<p>Una vez confirmado que est\u00e1n presentes los signos de <a href=\"https:\/\/miresi.es\/alzheimer\/\"  title=\"Alzheimer\"  title=\"Alzheimer\"><strong>Alzheimer<\/strong><\/a> es fundamental acudir a un especialista para que realice una evaluaci\u00f3n m\u00e9dica para emitir un diagn\u00f3stico.\u00a0<\/p>\n\n\n\n<p>Si es Alzheimer, y se ha detectado de forma precoz, se puede empezar con un tratamiento para ralentizar su desarrollo y preservar as\u00ed el bienestar de la persona afectada.\u00a0<\/p>\n\n\n\n<p>A pesar de que quienes padecen Alzheimer pueden ir comprobando como sus capacidades cognitivas van disminuyendo, todas las personas tenemos capacidad para aprender y adaptarnos a nuestro entorno. Hablamos de la Neuroplasticidad.\u00a0<\/p>\n\n\n\n<p>A medida que la enfermedad avanza, la plasticidad cognitiva va disminuyendo. Pero, cuando una persona realiza una adecuada estimulaci\u00f3n cognitiva puede desarrollar estrategias de adaptaci\u00f3n ante las dificultades que van surgiendo, creando una reserva cognitiva.\u00a0<\/p>\n\n\n\n<p>La estimulaci\u00f3n cognitiva es de vital importancia desde el diagn\u00f3stico inicial para que la persona pueda mantener su autonom\u00eda durante m\u00e1s tiempo, o retrasar el avance de la enfermedad.<\/p>\n\n\n\n<p>Lo importante es consultar a un especialista cuanto antes si se observan varios de los s\u00edntomas de Alzheimer en los mayores que se mencionan en la lista. La detecci\u00f3n precoz puede marcar la diferencia en el desarrollo de esta enfermedad y por ende, en la calidad de vida del paciente.<\/p>\n\n\n\n<div class=\"wp-block-buttons is-layout-flex wp-block-buttons-is-layout-flex\">\n<div class=\"wp-block-button aligncenter\"><a href=\"https:\/\/miresi.es\/buscador\/\"  >SOLICITA AYUDA GRATIS<\/a><\/div>\n<\/div>\n<div style='text-align:center' class='yasr-auto-insert-visitor'><!--Yasr Visitor Votes Shortcode--><div id='yasr_visitor_votes_269dff8b67bcb' class='yasr-visitor-votes'><div class=\"yasr-custom-text-vv-before yasr-custom-text-vv-before-464\">\u00a1Haz clic para puntuar esta entrada!<\/div><div id='yasr-vv-second-row-container-269dff8b67bcb'\r\n                                        class='yasr-vv-second-row-container'><div id='yasr-visitor-votes-rater-269dff8b67bcb'\r\n                                      class='yasr-rater-stars-vv'\r\n                                      data-rater-postid='464'\r\n                                      data-rating='4.4'\r\n                                      data-rater-starsize='32'\r\n                                      data-rater-readonly='false'\r\n                                      data-rater-nonce='4d05b5a2cb'\r\n                                      data-issingular='false'\r\n                                    ><\/div><div class=\"yasr-vv-stats-text-container\" id=\"yasr-vv-stats-text-container-269dff8b67bcb\"><svg xmlns=\"https:\/\/www.w3.org\/2000\/svg\" width=\"20\" height=\"20\"\r\n                                   class=\"yasr-dashicons-visitor-stats\"\r\n                                   data-postid=\"464\"\r\n                                   id=\"yasr-stats-dashicon-269dff8b67bcb\">\r\n                                   <path d=\"M18 18v-16h-4v16h4zM12 18v-11h-4v11h4zM6 18v-8h-4v8h4z\"><\/path>\r\n                               <\/svg><span id=\"yasr-vv-text-container-269dff8b67bcb\" class=\"yasr-vv-text-container\"> (Votos: <span id=\"yasr-vv-votes-number-container-269dff8b67bcb\">14<\/span>  Promedio: <span id=\"yasr-vv-average-container-269dff8b67bcb\">4.4<\/span>)<\/span><\/div><div id='yasr-vv-loader-269dff8b67bcb' class='yasr-vv-container-loader'><\/div><\/div><div id='yasr-vv-bottom-container-269dff8b67bcb'\r\n                              class='yasr-vv-bottom-container'\r\n                              style='display:none'><\/div><\/div><!--End Yasr Visitor Votes Shortcode--><\/div>","protected":false},"excerpt":{"rendered":"<p>Conoce los 10 primeros s\u00edntomas del Alzheimer en mayores para que puedas detectarlo de manera r\u00e1pida y buscar los mejores cuidados.<\/p>\n","protected":false},"author":19,"featured_media":471,"comment_status":"open","ping_status":"open","sticky":false,"template":"","format":"standard","meta":{"yasr_overall_rating":0,"yasr_post_is_review":"","yasr_auto_insert_disabled":"","yasr_review_type":"","footnotes":""},"categories":[12,366],"tags":[85,87,86,89,90,88,91],"class_list":["post-464","post","type-post","status-publish","format-standard","has-post-thumbnail","hentry","category-patologias","category-salud","tag-alzheimer","tag-ancianos","tag-demencias","tag-deterioro-cognitivo","tag-enfermedad","tag-residencias-para-alzheimer","tag-sintomas-alzheimer"],"yasr_visitor_votes":{"stars_attributes":{"read_only":false,"span_bottom":false},"number_of_votes":14,"sum_votes":62},"_links":{"self":[{"href":"https:\/\/miresi.es\/blog\/wp-json\/wp\/v2\/posts\/464","targetHints":{"allow":["GET"]}}],"collection":[{"href":"https:\/\/miresi.es\/blog\/wp-json\/wp\/v2\/posts"}],"about":[{"href":"https:\/\/miresi.es\/blog\/wp-json\/wp\/v2\/types\/post"}],"author":[{"embeddable":true,"href":"https:\/\/miresi.es\/blog\/wp-json\/wp\/v2\/users\/19"}],"replies":[{"embeddable":true,"href":"https:\/\/miresi.es\/blog\/wp-json\/wp\/v2\/comments?post=464"}],"version-history":[{"count":30,"href":"https:\/\/miresi.es\/blog\/wp-json\/wp\/v2\/posts\/464\/revisions"}],"predecessor-version":[{"id":22086,"href":"https:\/\/miresi.es\/blog\/wp-json\/wp\/v2\/posts\/464\/revisions\/22086"}],"wp:featuredmedia":[{"embeddable":true,"href":"https:\/\/miresi.es\/blog\/wp-json\/wp\/v2\/media\/471"}],"wp:attachment":[{"href":"https:\/\/miresi.es\/blog\/wp-json\/wp\/v2\/media?parent=464"}],"wp:term":[{"taxonomy":"category","embeddable":true,"href":"https:\/\/miresi.es\/blog\/wp-json\/wp\/v2\/categories?post=464"},{"taxonomy":"post_tag","embeddable":true,"href":"https:\/\/miresi.es\/blog\/wp-json\/wp\/v2\/tags?post=464"}],"curies":[{"name":"wp","href":"https:\/\/api.w.org\/{rel}","templated":true}]}}