{"id":6231,"date":"2021-12-02T13:50:32","date_gmt":"2021-12-02T12:50:32","guid":{"rendered":"https:\/\/miresi.es\/blog\/?p=6231"},"modified":"2026-04-23T18:19:08","modified_gmt":"2026-04-23T17:19:08","slug":"que-es-el-envejecimiento-activo","status":"publish","type":"post","link":"https:\/\/miresi.es\/blog\/que-es-el-envejecimiento-activo\/","title":{"rendered":"\u00bfQu\u00e9 es el envejecimiento activo?"},"content":{"rendered":"\n<h2 class=\"wp-block-heading\">Todo lo que necesitas saber para mantenerte como un roble<\/h2>\n\n\n\n<p>Se escucha mucho hablar de \u00e9l, pero <strong>\u00bfQu\u00e9 es el envejecimiento activo?<\/strong><\/p>\n\n\n\n<p>La <strong>Organizaci\u00f3n Mundial de la Salud<\/strong> (<a href=\"https:\/\/www.who.int\/es\"  target=\"_blank\" rel=\"external nofollow\"  target=\"_blank\" rel=\"noreferrer noopener\"  class=\"wp-links-icon\">OMS<\/a>) define el envejecimiento activo como el proceso de optimizaci\u00f3n de las oportunidades de <strong>salud<\/strong>, <strong>participaci\u00f3n<\/strong> y <strong>seguridad<\/strong> con el fin de mejorar la calidad de vida a medida que las personas envejecen.<\/p>\n\n\n\n<p>Desde <a href=\"https:\/\/miresi.es\/\"  target=\"_blank\" rel=\"noreferrer noopener\"  target=\"_blank\" rel=\"noreferrer noopener\"><strong>miResi<\/strong><\/a> apostamos por el envejecimiento activo como un derecho de las <strong>personas<\/strong> <strong>mayores<\/strong> para mantener una <strong>calidad de vida <\/strong>\u00f3ptima. Trabajamos por una sociedad inclusiva e igualitaria en la que las personas mayores cuenten con todas las opciones posibles para su desarrollo y bienestar.\u00a0<\/p>\n\n\n\n<div class=\"wp-block-buttons is-content-justification-center is-layout-flex wp-block-buttons-is-layout-flex\">\n<div class=\"wp-block-button\"><a href=\"https:\/\/miresi.es\/buscador\/\"  rel=\"noreferrer noopener\"  rel=\"noreferrer noopener\">encuentra tu residencia ideal<\/a><\/div>\n<\/div>\n\n\n\n<h2 class=\"wp-block-heading\">1. Todas las claves sobre qu\u00e9 es el envejecimiento activo<\/h2>\n\n\n\n<p>La OMS ha declarado la<strong> <a href=\"https:\/\/www.who.int\/es\/initiatives\/decade-of-healthy-ageing\"  target=\"_blank\" rel=\"external nofollow\"   class=\"wp-links-icon\">D\u00e9cada de <\/a><a href=\"https:\/\/www.who.int\/es\/initiatives\/decade-of-healthy-ageing\"  target=\"_blank\" rel=\"external nofollow\"  target=\"_blank\" rel=\"noreferrer noopener\"  class=\"wp-links-icon\">Envejecimiento<\/a><a href=\"https:\/\/www.who.int\/es\/initiatives\/decade-of-healthy-ageing\"  target=\"_blank\" rel=\"external nofollow\"   class=\"wp-links-icon\"> Saludable<\/a> <\/strong>(<strong>2021-2030<\/strong>), un proyecto internacional con el objetivo de mejorar las condiciones de las personas mayores en todo el mundo.<\/p>\n\n\n\n<p>En este proyecto se apuesta por <strong>a\u00f1adir vida a los a\u00f1os<\/strong>. Una esperanza de vida prolongada ser\u00e1 mucho mejor si la persona mayor cuenta con una calidad de vida que le permita disfrutar de estos a\u00f1os. Mantener la buena salud, una situaci\u00f3n econ\u00f3mica estable y relaciones sociales adecuadas hacen que el envejecimiento activo sea posible.<\/p>\n\n\n\n<p>Para lograr este objetivo, la OMS trata de atajar los problemas de las personas mayores antes de que empiecen. Ofrecer acceso a un sistema sanitario de calidad, fortalecer el entorno de las personas mayores y luchar por la igualdad son puntos claves en el programa por el Envejecimiento Saludable.<\/p>\n\n\n\n<p>La OMS apunta a la <strong>desigualdad<\/strong> como uno de los mayores <strong>problemas<\/strong> <strong>internacionales<\/strong> a la hora de garantizar el envejecimiento activo. La brecha entre pa\u00edses ricos y pobres se hace evidente en la calidad y esperanza de vida de las personas mayores. Tambi\u00e9n dentro del mismo pa\u00eds se hacen palpables las diferencias sociales y de g\u00e9nero. Las mujeres mayores en entornos desfavorecidos son las que menor capacidad tienen para alcanzar un envejecimiento activo. En <a href=\"https:\/\/miresi.es\/blog\/desigualdad-de-genero-en-la-vejez\/\"  target=\"_blank\" rel=\"noreferrer noopener\"  target=\"_blank\" rel=\"noreferrer noopener\">este art\u00edculo<\/a> repasamos c\u00f3mo la desigualdad de g\u00e9nero sigue afectando a las mujeres en la vejez.\u00a0<\/p>\n\n\n\n<figure class=\"wp-block-image size-large\"><img decoding=\"async\" width=\"1024\" height=\"683\" src=\"https:\/\/miresi.es\/blog\/wp-content\/uploads\/2021\/12\/asian-happy-senior-retired-grandfather-have-fun-ou-2021-11-30-23-39-39-utc-1-1024x683.jpg\" alt=\"qu\u00e9 es el envejecimiento activo mayores\" class=\"wp-image-6268\" srcset=\"https:\/\/miresiblog.imgix.net\/uploads\/2021\/12\/asian-happy-senior-retired-grandfather-have-fun-ou-2021-11-30-23-39-39-utc-1-scaled.jpg?auto=format%2Ccompress&fit=crop&h=683&ixlib=php-3.3.0&w=1024&s=8ec8f21ecefa6a8e91d7d03e70761fee 1024w, https:\/\/miresiblog.imgix.net\/uploads\/2021\/12\/asian-happy-senior-retired-grandfather-have-fun-ou-2021-11-30-23-39-39-utc-1-scaled.jpg?auto=format%2Ccompress&fit=crop&h=200&ixlib=php-3.3.0&w=300&s=2b23359002754217009379f00e8c25cd 300w, https:\/\/miresiblog.imgix.net\/uploads\/2021\/12\/asian-happy-senior-retired-grandfather-have-fun-ou-2021-11-30-23-39-39-utc-1-scaled.jpg?auto=format%2Ccompress&fit=crop&h=512&ixlib=php-3.3.0&w=768&s=09e52b3a8bd899d5470a91bae7fdafa4 768w, https:\/\/miresiblog.imgix.net\/uploads\/2021\/12\/asian-happy-senior-retired-grandfather-have-fun-ou-2021-11-30-23-39-39-utc-1-scaled.jpg?auto=format%2Ccompress&fit=crop&h=1024&ixlib=php-3.3.0&w=1536&s=5cb0ab138f31838310effe5cbe896135 1536w, https:\/\/miresiblog.imgix.net\/uploads\/2021\/12\/asian-happy-senior-retired-grandfather-have-fun-ou-2021-11-30-23-39-39-utc-1-scaled.jpg?auto=format%2Ccompress&fit=crop&h=1365&ixlib=php-3.3.0&w=2048&s=6a96c2d485cc0b788cf7b72731435e00 2048w, https:\/\/miresiblog.imgix.net\/uploads\/2021\/12\/asian-happy-senior-retired-grandfather-have-fun-ou-2021-11-30-23-39-39-utc-1-scaled.jpg?auto=format%2Ccompress&fit=crop&h=240&ixlib=php-3.3.0&w=360&s=c39b972a446e69383064c76eb5a60d1d 360w, https:\/\/miresiblog.imgix.net\/uploads\/2021\/12\/asian-happy-senior-retired-grandfather-have-fun-ou-2021-11-30-23-39-39-utc-1-scaled.jpg?auto=format%2Ccompress&ixlib=php-3.3.0&w=900&s=c732f90f45a4ac5b50fa8269d5bfa6c0 900w\" sizes=\"(max-width: 1024px) 100vw, 1024px\" \/><figcaption>\u00bfQu\u00e9 es el envejecimiento activo?\nLa respuesta para una vejez sana y feliz.<\/figcaption><\/figure>\n\n\n\n<h2 class=\"wp-block-heading\">2. \u00bfQu\u00e9 podemos hacer para fomentar el envejecimiento activo?<\/h2>\n\n\n\n<p>Desde organismos internacionales como la Organizaci\u00f3n Mundial de la Salud se intenta fomentar el envejecimiento activo aplicando <strong>cambios a nivel social e institucional<\/strong>. Sin embargo, no es la \u00fanica medida al respecto.<\/p>\n\n\n\n<p>Nosotros mismos podemos tomar acciones que ayuden al envejecimiento activo, tanto el de nuestras personas mayores como el nuestro. Y es que, el envejecimiento activo comienza en casa. Cuidar y cuidarnos es la mejor forma que tenemos individualmente para garantizar una vejez sana y feliz.<\/p>\n\n\n\n<p>Dentro del envejecimiento activo destacan cuatro aspectos clave que conviene tener en cuenta:<\/p>\n\n\n\n<h3 class=\"wp-block-heading\">2.1. Salud<\/h3>\n\n\n\n<p>La <strong>salud<\/strong>, tanto <strong>f\u00edsica<\/strong> como <strong>mental<\/strong>, es la base principal para un envejecimiento activo. Llevar una alimentaci\u00f3n equilibrada, hacer ejercicio y descansar adecuadamente son recomendaciones que todos hemos o\u00eddo\u2026 \u00a1Y con raz\u00f3n!<\/p>\n\n\n\n<p>Cuidar de nuestra salud es asentar las bases para garantizar un futuro m\u00e1s estable y agradable. Esto es importante en todas las etapas de la vida. Aprender estas lecciones en la infancia, desarrollarlas en la edad adulta y mantenerlas en la vejez.<\/p>\n\n\n\n<p>Tan importante como la salud f\u00edsica es la salud mental. Todav\u00eda hay mucho que desconocemos al respecto de la salud mental, pero s\u00ed hay medidas que podemos recomendar. Las relaciones sociales son extremadamente importantes para desarrollarnos a nivel emocional y afectivo. Tambi\u00e9n el conocernos y saber estar con nosotros mismos nos garantizar\u00e1 m\u00e1s oportunidades para una vejez feliz.<\/p>\n\n\n\n<p>Algo fundamental para cuidar la salud mental es el apoyo. Cuando veas que lo necesitas, pide apoyo a tu entorno o ponte en contacto con profesionales. Comunicar c\u00f3mo nos sentimos es una parte fundamental para poder procesar nuestro mundo interior.<\/p>\n\n\n\n<div class=\"wp-block-buttons is-content-justification-center is-layout-flex wp-block-buttons-is-layout-flex\">\n<div class=\"wp-block-button\"><a href=\"https:\/\/miresi.es\/buscador\/\"  rel=\"noreferrer noopener\"  rel=\"noreferrer noopener\">atenci\u00f3n personalizada y gratuita<\/a><\/div>\n<\/div>\n\n\n\n<h3 class=\"wp-block-heading\">2.2. Relaciones sociales<\/h3>\n\n\n\n<p>Como tantas veces hemos escuchado, <strong>somos<\/strong> <strong>seres<\/strong> <strong>sociales<\/strong>. Necesitamos relacionarnos con otras personas para poder desarrollarnos. No solo lo necesitamos, sino que lo agradecemos. Conocer a otras personas, compartir vivencias y puntos de vista es una de las experiencias que m\u00e1s pueden aportarnos.<\/p>\n\n\n\n<p>Adem\u00e1s, el relacionarnos socialmente crea un conjunto. Grupos de personas relacionadas entre s\u00ed forman una comunidad, en la que sus miembros comparten, se ayudan mutuamente y pueden expresarse libremente. A cualquier edad esto es algo necesario, pero en la vejez se hace especialmente importante.<\/p>\n\n\n\n<p>Con los problemas derivados de la edad y las limitaciones que pueden tener las personas mayores, disponer de un espacio de ayuda, de relaciones de calidad y de apoyos sociales es fundamental.<\/p>\n\n\n\n<h3 class=\"wp-block-heading\">2.3. Seguridad<\/h3>\n\n\n\n<p>Otra clave para garantizar el envejecimiento activo es la <strong>seguridad<\/strong>. Sentirse a salvo es una necesidad universal. Por suerte en Espa\u00f1a cada vez hay una mayor sensaci\u00f3n de seguridad. Las personas mayores son respetadas y viven a salvo.\u00a0<\/p>\n\n\n\n<p>De todos modos, conviene recordar que el concepto de seguridad no solo se refiere a la condici\u00f3n f\u00edsica. Hay otros aspectos en los que todav\u00eda tenemos que mejorar para ofrecer un entorno seguro a nuestros mayores, y a nosotros mismos.<\/p>\n\n\n\n<p>La situaci\u00f3n econ\u00f3mica, la precariedad laboral, el delicado equilibrio de las pensiones, y ahora la pandemia de Covid. Todas estas son amenazas a la seguridad de nuestros mayores que dificultan su envejecimiento activo y que puedan sentirse <strong>sanos y a salvo<\/strong>.<\/p>\n\n\n\n<h3 class=\"wp-block-heading\">2.4. Aprendizaje<\/h3>\n\n\n\n<p>Un aspecto clave para el envejecimiento activo es el <strong>aprendizaje<\/strong>. Durante toda nuestra vida aprendemos lecciones, integramos realidades y vivimos en consecuencia a nuestro aprendizaje. Esto no solo enmarca nuestra perspectiva vital, sino que tambi\u00e9n presenta una oportunidad magn\u00edfica para el <strong>desarrollo<\/strong> <strong>personal<\/strong>.<\/p>\n\n\n\n<p>Solemos asociar el aprendizaje con la infancia y la juventud, pero es un proceso que nunca termina. O no deber\u00eda. El aprender cosas nuevas en la vejez mejora notablemente la calidad de vida. Las <strong>capacidades<\/strong> <strong>cognitivas<\/strong> se mantienen en forma. El <strong>estado de \u00e1nimo<\/strong> mejora, es normal sentirse orgulloso y feliz por los logros propios.<\/p>\n\n\n\n<p>Se recomienda especialmente el aprendizaje de <strong>idiomas<\/strong> o de <strong>instrumentos musicales<\/strong>. Son conocimientos \u00fatiles, con aplicaciones pr\u00e1cticas en la vida y a los que se les llega a coger el gusto. Adem\u00e1s, estos dos ejemplos de aprendizaje intervienen en las \u00e1reas del cerebro que m\u00e1s resentidas pueden verse por problemas de vejez como la demencia.<\/p>\n\n\n\n<p>\u00a1Qu\u00e9 mejor que cuidarte aprendiendo!<\/p>\n\n\n\n<figure class=\"wp-block-image size-large\"><img decoding=\"async\" width=\"1024\" height=\"576\" src=\"https:\/\/miresi.es\/blog\/wp-content\/uploads\/2021\/12\/reading-relaxation-pension-grandfather-coffee-conc-2021-08-26-23-58-06-utc-1-1024x576.jpg\" alt=\"qu\u00e9 es el envejecimiento activo aprendizaje\" class=\"wp-image-6269\" srcset=\"https:\/\/miresiblog.imgix.net\/uploads\/2021\/12\/reading-relaxation-pension-grandfather-coffee-conc-2021-08-26-23-58-06-utc-1-scaled.jpg?auto=format%2Ccompress&fit=crop&h=576&ixlib=php-3.3.0&w=1024&s=2db4c725e069a1f19db7b81dab8891ff 1024w, https:\/\/miresiblog.imgix.net\/uploads\/2021\/12\/reading-relaxation-pension-grandfather-coffee-conc-2021-08-26-23-58-06-utc-1-scaled.jpg?auto=format%2Ccompress&fit=crop&h=169&ixlib=php-3.3.0&w=300&s=12cac33b7ba9e6ee7b70190debc81ba1 300w, https:\/\/miresiblog.imgix.net\/uploads\/2021\/12\/reading-relaxation-pension-grandfather-coffee-conc-2021-08-26-23-58-06-utc-1-scaled.jpg?auto=format%2Ccompress&fit=crop&h=432&ixlib=php-3.3.0&w=768&s=032ba0f7de86fde62db283f925e1b6d3 768w, https:\/\/miresiblog.imgix.net\/uploads\/2021\/12\/reading-relaxation-pension-grandfather-coffee-conc-2021-08-26-23-58-06-utc-1-scaled.jpg?auto=format%2Ccompress&fit=crop&h=864&ixlib=php-3.3.0&w=1536&s=3589db0011a18bf667e1c1b0c8e08f0a 1536w, https:\/\/miresiblog.imgix.net\/uploads\/2021\/12\/reading-relaxation-pension-grandfather-coffee-conc-2021-08-26-23-58-06-utc-1-scaled.jpg?auto=format%2Ccompress&fit=crop&h=1152&ixlib=php-3.3.0&w=2048&s=14b732532620fd9501281ad907d74cff 2048w, https:\/\/miresiblog.imgix.net\/uploads\/2021\/12\/reading-relaxation-pension-grandfather-coffee-conc-2021-08-26-23-58-06-utc-1-scaled.jpg?auto=format%2Ccompress&fit=crop&h=203&ixlib=php-3.3.0&w=360&s=fecd425e2fd08c28c690e9d949657463 360w, https:\/\/miresiblog.imgix.net\/uploads\/2021\/12\/reading-relaxation-pension-grandfather-coffee-conc-2021-08-26-23-58-06-utc-1-scaled.jpg?auto=format%2Ccompress&ixlib=php-3.3.0&w=1067&s=1ff30f3e972e794f8863c51e2fa425ac 1067w\" sizes=\"(max-width: 1024px) 100vw, 1024px\" \/><figcaption>Esperanza de vida + Calidad de vida = Envejecimiento activo<\/figcaption><\/figure>\n\n\n\n<h2 class=\"wp-block-heading\">3. El envejecimiento activo y miResi<\/h2>\n\n\n\n<p>Nuestra misi\u00f3n principal en <strong><a href=\"https:\/\/miresi.es\/\"  target=\"_blank\" rel=\"noreferrer noopener\"  target=\"_blank\" rel=\"noreferrer noopener\">miResi<\/a><\/strong> es garantizar los cuidados y el <strong>bienestar<\/strong> de las personas mayores, y con ello, el envejecimiento activo. Contamos con un equipo de profesionales especializados en las necesidades de la tercera edad. Adem\u00e1s disponemos de una amplia red de <strong>residencias<\/strong> con el fin de que las <strong>personas<\/strong> <strong>mayores<\/strong> dispongan de los mejores <strong>cuidados<\/strong>.<\/p>\n\n\n\n<p>En miResi somos expertos en el trato con las personas mayores y sus familiares. Sabemos que la vejez acarrea distintos retos. Nunca es f\u00e1cil necesitar una residencia de mayores, pero muchas veces es la decisi\u00f3n adecuada. Desde miResi te asesoramos de forma gratuita y personalizada sobre cu\u00e1l puede ser la mejor opci\u00f3n para el cuidado de tu persona mayor. Adem\u00e1s te acompa\u00f1aremos durante todo el proceso. Si tienes cualquier duda al respecto, puedes ponerte en <a href=\"https:\/\/miresi.es\/contacto\/\"  target=\"_blank\" rel=\"noreferrer noopener\"  target=\"_blank\" rel=\"noreferrer noopener\">contacto con nosotros<\/a>.<\/p>\n\n\n\n<p>Queremos que nuestros mayores tengan los cuidados que merecen, y que sus familiares tengan la tranquilidad de saber que se encuentran en las mejores manos.<\/p>\n\n\n\n<p>\ud83d\udc9a \u00a1Bienvenidos a miResi!  \ud83d\udc9a<\/p>\n\n\n\n<div class=\"wp-block-buttons is-content-justification-center is-layout-flex wp-block-buttons-is-layout-flex\">\n<div class=\"wp-block-button\"><a href=\"https:\/\/miresi.es\/buscador\/\"  rel=\"noreferrer noopener\"  rel=\"noreferrer noopener\">Estamos encantados de ayudarte<\/a><\/div>\n<\/div>\n\n\n\n<p class=\"has-cyan-bluish-gray-color has-text-color\" style=\"font-size:10px\">Fuentes<\/p>\n\n\n\n<p class=\"has-cyan-bluish-gray-color has-text-color\" style=\"font-size:10px\">OMS: https:\/\/www.who.int\/es\/initiatives\/decade-of-healthy-ageing<\/p>\n<div style='text-align:center' class='yasr-auto-insert-visitor'><!--Yasr Visitor Votes Shortcode--><div id='yasr_visitor_votes_782069c2436f6' class='yasr-visitor-votes'><div class=\"yasr-custom-text-vv-before yasr-custom-text-vv-before-6231\">\u00a1Haz clic para puntuar esta entrada!<\/div><div id='yasr-vv-second-row-container-782069c2436f6'\r\n                                        class='yasr-vv-second-row-container'><div id='yasr-visitor-votes-rater-782069c2436f6'\r\n                                      class='yasr-rater-stars-vv'\r\n                                      data-rater-postid='6231'\r\n                                      data-rating='0'\r\n                                      data-rater-starsize='32'\r\n                                      data-rater-readonly='false'\r\n                                      data-rater-nonce='4d05b5a2cb'\r\n                                      data-issingular='false'\r\n                                    ><\/div><div class=\"yasr-vv-stats-text-container\" id=\"yasr-vv-stats-text-container-782069c2436f6\"><svg xmlns=\"https:\/\/www.w3.org\/2000\/svg\" width=\"20\" height=\"20\"\r\n                                   class=\"yasr-dashicons-visitor-stats\"\r\n                                   data-postid=\"6231\"\r\n                                   id=\"yasr-stats-dashicon-782069c2436f6\">\r\n                                   <path d=\"M18 18v-16h-4v16h4zM12 18v-11h-4v11h4zM6 18v-8h-4v8h4z\"><\/path>\r\n                               <\/svg><span id=\"yasr-vv-text-container-782069c2436f6\" class=\"yasr-vv-text-container\"> (Votos: <span id=\"yasr-vv-votes-number-container-782069c2436f6\">0<\/span>  Promedio: <span id=\"yasr-vv-average-container-782069c2436f6\">0<\/span>)<\/span><\/div><div id='yasr-vv-loader-782069c2436f6' class='yasr-vv-container-loader'><\/div><\/div><div id='yasr-vv-bottom-container-782069c2436f6'\r\n                              class='yasr-vv-bottom-container'\r\n                              style='display:none'><\/div><\/div><!--End Yasr Visitor Votes Shortcode--><\/div>","protected":false},"excerpt":{"rendered":"<p>Se escucha mucho hablar de \u00e9l, pero \u00bfQu\u00e9 es el envejecimiento activo? La Organizaci\u00f3n Mundial (OMS) define el envejecimiento activo como el proceso de optimizaci\u00f3n de las oportunidades de salud, participaci\u00f3n y seguridad con el fin de mejorar la calidad de vida a medida que las personas envejecen. <\/p>\n","protected":false},"author":6,"featured_media":6266,"comment_status":"open","ping_status":"open","sticky":false,"template":"","format":"standard","meta":{"yasr_overall_rating":0,"yasr_post_is_review":"","yasr_auto_insert_disabled":"","yasr_review_type":"","footnotes":""},"categories":[26,367],"tags":[77,30,283,22],"class_list":["post-6231","post","type-post","status-publish","format-standard","has-post-thumbnail","hentry","category-envejecimiento","category-estilo-de-vida","tag-cuidado-de-personas-mayores","tag-envejecimiento-activo","tag-envejecimiento-saludable","tag-residencias-de-mayores"],"yasr_visitor_votes":{"stars_attributes":{"read_only":false,"span_bottom":false},"number_of_votes":0,"sum_votes":0},"_links":{"self":[{"href":"https:\/\/miresi.es\/blog\/wp-json\/wp\/v2\/posts\/6231","targetHints":{"allow":["GET"]}}],"collection":[{"href":"https:\/\/miresi.es\/blog\/wp-json\/wp\/v2\/posts"}],"about":[{"href":"https:\/\/miresi.es\/blog\/wp-json\/wp\/v2\/types\/post"}],"author":[{"embeddable":true,"href":"https:\/\/miresi.es\/blog\/wp-json\/wp\/v2\/users\/6"}],"replies":[{"embeddable":true,"href":"https:\/\/miresi.es\/blog\/wp-json\/wp\/v2\/comments?post=6231"}],"version-history":[{"count":15,"href":"https:\/\/miresi.es\/blog\/wp-json\/wp\/v2\/posts\/6231\/revisions"}],"predecessor-version":[{"id":25041,"href":"https:\/\/miresi.es\/blog\/wp-json\/wp\/v2\/posts\/6231\/revisions\/25041"}],"wp:featuredmedia":[{"embeddable":true,"href":"https:\/\/miresi.es\/blog\/wp-json\/wp\/v2\/media\/6266"}],"wp:attachment":[{"href":"https:\/\/miresi.es\/blog\/wp-json\/wp\/v2\/media?parent=6231"}],"wp:term":[{"taxonomy":"category","embeddable":true,"href":"https:\/\/miresi.es\/blog\/wp-json\/wp\/v2\/categories?post=6231"},{"taxonomy":"post_tag","embeddable":true,"href":"https:\/\/miresi.es\/blog\/wp-json\/wp\/v2\/tags?post=6231"}],"curies":[{"name":"wp","href":"https:\/\/api.w.org\/{rel}","templated":true}]}}