{"id":7038,"date":"2021-12-16T11:00:30","date_gmt":"2021-12-16T10:00:30","guid":{"rendered":"https:\/\/miresi.es\/blog\/?p=7038"},"modified":"2026-04-23T18:18:38","modified_gmt":"2026-04-23T17:18:38","slug":"silver-economy-y-sus-beneficios","status":"publish","type":"post","link":"https:\/\/miresi.es\/blog\/silver-economy-y-sus-beneficios\/","title":{"rendered":"\u00bfQu\u00e9 es la Silver Economy?: Beneficios para las Personas Mayores"},"content":{"rendered":"\n<p>La econom\u00eda es una palabra que nos puede resultar distante y fr\u00eda. Como algo totalmente objetivo y que carece de alma incluso. Sobre todo para una parte de la poblaci\u00f3n a la que se le considera injusta y err\u00f3neamente como poco participativa: la tercera edad . <strong>Pero hoy en miResi venimos a desmentir esto y contarte todo lo que necesitas saber sobre la Silver Economy, la tendencia que valora a nuestros mayores.<\/strong><\/p>\n\n\n\n<p><strong>\u00a1Desliza hacia abajo y conoce las ventajas que tiene para tu mayor!<\/strong><\/p>\n\n\n\n<div class=\"wp-block-buttons is-content-justification-center is-layout-flex wp-container-core-buttons-is-layout-16018d1d wp-block-buttons-is-layout-flex\">\n<div class=\"wp-block-button\"><a href=\"https:\/\/miresi.es\/buscador\/\"  rel=\"noreferrer noopener\"  rel=\"noreferrer noopener\">te ayudamos gratis<\/a><\/div>\n<\/div>\n\n\n\n<div style=\"height:10px\" aria-hidden=\"true\" class=\"wp-block-spacer\"><\/div>\n\n\n\n<h2 class=\"wp-block-heading\" id=\"1-que-es-la-silver-economy\">1. \u00bfQu\u00e9 es la Silver Economy?<\/h2>\n\n\n\n<p>La Silver Economy, aunque traducida al castellano signifique \u201ceconom\u00eda plateada\u201d, no es un concepto que nos hable del mercado de la plata\u00a0 o de una econom\u00eda que haya quedado en segundo lugar en una competici\u00f3n de mejor modelo econ\u00f3mico.<\/p>\n\n\n\n<p>Esta econom\u00eda hace referencia a algo m\u00e1s humano: <strong>la poblaci\u00f3n mayor de 50 a\u00f1os y la satisfacci\u00f3n de sus necesidades y deseos<\/strong>. Todo esto se realiza mediante el desarrollo de productos y servicios que se ajusten a las demandas de los mayores. Lo m\u00e1s importante es que contribuya a mejorar sus vidas.<\/p>\n\n\n\n<div class=\"wp-block-image\"><figure class=\"aligncenter size-large\"><img decoding=\"async\" width=\"1024\" height=\"684\" src=\"https:\/\/miresi.es\/blog\/wp-content\/uploads\/2021\/12\/garage-business-service-client-customer-person-ma-2021-09-03-05-56-35-utc-1024x684.jpg\" alt=\"silver economy\" class=\"wp-image-7044\" srcset=\"https:\/\/miresiblog.imgix.net\/uploads\/2021\/12\/garage-business-service-client-customer-person-ma-2021-09-03-05-56-35-utc-scaled.jpg?auto=format%2Ccompress&fit=crop&h=684&ixlib=php-3.3.0&w=1024&s=0f7c35c9dc8038554d706527d29cca72 1024w, https:\/\/miresiblog.imgix.net\/uploads\/2021\/12\/garage-business-service-client-customer-person-ma-2021-09-03-05-56-35-utc-scaled.jpg?auto=format%2Ccompress&fit=crop&h=200&ixlib=php-3.3.0&w=300&s=df879d2b97126aaf29c3bfe49f339f06 300w, https:\/\/miresiblog.imgix.net\/uploads\/2021\/12\/garage-business-service-client-customer-person-ma-2021-09-03-05-56-35-utc-scaled.jpg?auto=format%2Ccompress&fit=crop&h=513&ixlib=php-3.3.0&w=768&s=5985ac22048928f72593339272313516 768w, https:\/\/miresiblog.imgix.net\/uploads\/2021\/12\/garage-business-service-client-customer-person-ma-2021-09-03-05-56-35-utc-scaled.jpg?auto=format%2Ccompress&fit=crop&h=1025&ixlib=php-3.3.0&w=1536&s=9e710b15ea6b442243e0b98849b25ad7 1536w, https:\/\/miresiblog.imgix.net\/uploads\/2021\/12\/garage-business-service-client-customer-person-ma-2021-09-03-05-56-35-utc-scaled.jpg?auto=format%2Ccompress&fit=crop&h=1367&ixlib=php-3.3.0&w=2048&s=7b5993e7111b5a848815f8d777830097 2048w, https:\/\/miresiblog.imgix.net\/uploads\/2021\/12\/garage-business-service-client-customer-person-ma-2021-09-03-05-56-35-utc-scaled.jpg?auto=format%2Ccompress&fit=crop&h=240&ixlib=php-3.3.0&w=360&s=311f083dd6a0bbd46c4ba71a24035d93 360w, https:\/\/miresiblog.imgix.net\/uploads\/2021\/12\/garage-business-service-client-customer-person-ma-2021-09-03-05-56-35-utc-scaled.jpg?auto=format%2Ccompress&ixlib=php-3.3.0&w=899&s=0d68c6974279087f9e89dd0bd3a8bbf8 899w\" sizes=\"(max-width: 1024px) 100vw, 1024px\" \/><\/figure><\/div>\n\n\n\n<h2 class=\"wp-block-heading\" id=\"2-por-que-surge\">2. \u00bfPor qu\u00e9 surge?<\/h2>\n\n\n\n<p>La econom\u00eda y la decisi\u00f3n sobre qu\u00e9 producir, c\u00f3mo y en qu\u00e9 cantidades vienen definidas por la sociedad.<\/p>\n\n\n\n<p>No solo por su visi\u00f3n del mundo, sino tambi\u00e9n por las propias tendencias sociodemogr\u00e1ficas. Es decir, el nivel de poblaci\u00f3n que haya, su distribuci\u00f3n y, especialmente, la esperanza de vida influyen enormemente.<\/p>\n\n\n\n<p>Seg\u00fan la <a href=\"https:\/\/www.who.int\/es\"  target=\"_blank\" rel=\"external nofollow\"  target=\"_blank\" rel=\"noreferrer noopener\"  class=\"wp-links-icon\"><strong>Organizaci\u00f3n Mundial de la Salud (OMS)<\/strong><\/a>, \u201centre 2020 y 2030 el porcentaje de habitantes del planeta mayores de 60 a\u00f1os aumentar\u00e1 un 34%.\u201d<\/p>\n\n\n\n<p>Adem\u00e1s, la misma organizaci\u00f3n determina que <strong>\u201cen la actualidad el n\u00famero de personas de 60 a\u00f1os y m\u00e1s supera al de ni\u00f1os menores de 5 a\u00f1os.\u201d <\/strong><\/p>\n\n\n\n<p>Esto nos pone en el contexto de una sociedad muy envejecida. Esto se debe al aumento de la esperanza de vida (<strong>la ONU prev\u00e9 que \u201cla media global ser\u00e1 de 77 a\u00f1os\u201d<\/strong>)  y la mejora en la calidad de vida.<\/p>\n\n\n\n<p>Con ella llegan diferentes necesidades y aspiraciones a las que el mercado no prestaba quiz\u00e1s demasiada atenci\u00f3n. Algo que est\u00e1 cambiando ya dr\u00e1sticamente.\u00a0<\/p>\n\n\n\n<p>Con el creciente n\u00famero de personas de la tercera edad ha sido esencial poner en marcha la creaci\u00f3n de productos y servicios innovadores que respondan a sus necesidades. Saber escuchar y ponerse en la piel de los mayores ha sido la clave.\u00a0<\/p>\n\n\n\n<p>Esto no se podr\u00eda lograr sin la tecnolog\u00eda moderna y todo el mundo digital que permite el mejor entendimiento de los consumidores. Resulta un canal a trav\u00e9s del cual las personas pueden comunicar sus inquietudes y deseos a las grandes marcas e instituciones.<\/p>\n\n\n\n<p><strong>Hacerse escuchar nunca fue tan f\u00e1cil.<\/strong><\/p>\n\n\n\n<div class=\"wp-block-buttons is-horizontal is-content-justification-center is-layout-flex wp-container-core-buttons-is-layout-499968f5 wp-block-buttons-is-layout-flex\">\n<div class=\"wp-block-button\"><a href=\"https:\/\/miresi.es\/buscador\/\"  rel=\"noreferrer noopener\"  rel=\"noreferrer noopener\">\u00bfte ayudamos a encontrar tu residencia ideal?<\/a><\/div>\n<\/div>\n\n\n\n<h2 class=\"wp-block-heading\" id=\"3-como-se-adaptan-los-sectores\">3. \u00bfC\u00f3mo se adaptan los sectores ?<\/h2>\n\n\n\n<p>La Silver Economy no es algo que solo afecte a un \u00e1rea espec\u00edfica de la econom\u00eda o unos productos y servicios determinados. Las necesidades puede que sean limitadas, pero las soluciones son infinitas.<\/p>\n\n\n\n<p>Cada sector tiene la oportunidad de mejorar sus productos y servicios implementando las demandas espec\u00edficas de la poblaci\u00f3n de la tercera edad. Para ello tendr\u00e1 que tener en cuenta sus caracter\u00edsticas y ver\u00a0c\u00f3mo se puede adaptar.<\/p>\n\n\n\n<p>A continuaci\u00f3n te explicamos detalladamente cu\u00e1les son algunos de los sectores y c\u00f3mo se ven afectados por la Silver Economy:<\/p>\n\n\n\n<h3 class=\"wp-block-heading\" id=\"3-1-tecnologico\">3.1. Tecnol\u00f3gico<\/h3>\n\n\n\n<p>El desarrollo de dispositivos electr\u00f3nicos como tel\u00e9fonos m\u00f3viles o relojes inteligentes para personas mayores facilita su <strong>inclusi\u00f3n en una sociedad que se mueve casi<\/strong> <strong>exclusivamente en un entorno digital<\/strong>. Permiten la comunicaci\u00f3n y la consideraci\u00f3n de su situaci\u00f3n personal, como enfermedades o patolog\u00edas.<\/p>\n\n\n\n<h3 class=\"wp-block-heading\" id=\"3-2-alimentacion\">3.2. Alimentaci\u00f3n<\/h3>\n\n\n\n<p>La alimentaci\u00f3n es uno de los aspectos fundamentales que hay que cuidar con uno se hace mayor. Por ese motivo, el sector de la alimentaci\u00f3n se responsabiliza de <strong>promover<\/strong> <strong>alimentos y bebidas saludables<\/strong> para nuestros mayores. Tienen que ser bajos en az\u00facares y calor\u00edas innecesarias.<\/p>\n\n\n\n<h3 class=\"wp-block-heading\" id=\"3-3-salud\">3.3. Salud <\/h3>\n\n\n\n<p>El sector sanitario es probablemente el <strong>m\u00e1s afectado por la Silver Economy<\/strong>. Tiene que modernizar sus instalaciones, expandir su capacidad de servicios y desarrollar nueva tecnolog\u00eda y m\u00e9todos para combatir patolog\u00edas y asegurar la buena salud de las personas mayores.<\/p>\n\n\n\n<h3 class=\"wp-block-heading\" id=\"3-4-ocio-y-entretenimiento\">3.4. Ocio y entretenimiento<\/h3>\n\n\n\n<p><strong>La organizaci\u00f3n de viajes para seniors y los descuentos en el cine y museos son solo algunas de las medidas<\/strong> en el sector del ocio dirigidas a la tercera edad.<\/p>\n\n\n\n<p>Se pretende que disfruten como nunca de una vida cultural, en la que nunca se aburran. De esta manera se promueve un envejecimiento satisfactorio.<\/p>\n\n\n\n<h3 class=\"wp-block-heading\" id=\"3-5-belleza-y-dermocosmetica\">3.5. Belleza y dermocosm\u00e9tica<\/h3>\n\n\n\n<p>El sector de la belleza y dermocosm\u00e9tica es otro sector que se ha tenido que adaptar a los cambios. La normalizaci\u00f3n del envejecimiento y la demostraci\u00f3n de que un esp\u00edritu joven nunca se pierde han fomentado la creaci\u00f3n de nuevos valores en este sector.<\/p>\n\n\n\n<p>La <strong>aceptaci\u00f3n de las canas<\/strong> y la <strong>dermocosm\u00e9tica sostenible y personalizada<\/strong> permiten el cuidado de los mayores atendiendo a sus necesidades individuales.<\/p>\n\n\n\n<h3 class=\"wp-block-heading\" id=\"3-6-finanzas\">3.6. Finanzas<\/h3>\n\n\n\n<p>Con la mayor esperanza de vida, ha sido necesaria la creaci\u00f3n de <strong>nuevos planes de ahorro y pensiones<\/strong>. Estos tienen\u00a0 como objetivo asegurar el bienestar de los mayores y que puedan acceder con total tranquilidad a los productos y servicios que necesiten o deseen.<\/p>\n\n\n\n<h2 class=\"wp-block-heading\" id=\"4-beneficios-de-la-silver-economy-para-las-personas-mayores\">4. Beneficios de la Silver Economy para las personas mayores<\/h2>\n\n\n\n<p>Algo tan centrado en las necesidades de nuestros mayores l\u00f3gicamente solo les va a aportar beneficios. Una econom\u00eda que les valora, entiende sus necesidades y se esfuerza por ofrecerles lo mejor.<\/p>\n\n\n\n<p>Estos son solo algunos de los <strong>beneficios<\/strong> que tiene la Silver Economy para la tercera edad:<\/p>\n\n\n\n<ul class=\"wp-block-list\"><li><strong>Productos<\/strong> <strong>y servicios innovadores\u00a0<\/strong><\/li><li><strong>Instalaciones adaptadas a las necesidades y limitaciones de los ancianos<\/strong><\/li><li><strong>Oportunidades de emprendimiento personal<\/strong><\/li><li><strong>Consideraci\u00f3n en todo momento de sus necesidades y aspiraciones<\/strong><\/li><li><strong>Comunicaci\u00f3n bidireccional con las marcas e instituciones<\/strong><\/li><\/ul>\n\n\n\n<h2 class=\"wp-block-heading\" id=\"5-el-importante-papel-de-miresi-dentro-de-la-silver-economy\">5. El importante papel de miResi dentro de la Silver Economy<\/h2>\n\n\n\n<p><strong>MiResi es probablemente uno de los<\/strong> <strong>mejores exponentes de lo que representa la Silver Economy.<\/strong>\u00a0<\/p>\n\n\n\n<p>Atendiendo al contexto de una sociedad envejecida y la necesidad de encontrar un <strong>sitio de calidad inigualable<\/strong> de manera sencilla, miResi naci\u00f3 para que nuestros mayores encuentren un sitio en el que poder disfrutar de un cuidado excelente.\u00a0<\/p>\n\n\n\n<p>En nuestro comparador de residencias realizamos una <strong>escucha activa de las personas mayores<\/strong>, asegur\u00e1ndonos de que los centros con los que trabajamos van a ser espacios en los que su bienestar f\u00edsico y emocional ser\u00e1n la prioridad n\u00famero uno del d\u00eda.<\/p>\n\n\n\n<p>Queremos que la residencia en la que ingrese suponga una continuaci\u00f3n de su vida anterior, pero incluso mejor. Un espacio en el que sus necesidades se ver\u00e1n cubiertas con servicios e instalaciones punteras y sus aspiraciones cumplidas.<\/p>\n\n\n\n<p><strong>Una sociedad que no deja a nadie atr\u00e1s y valora a cada<\/strong> <strong>colectivo como se<\/strong> <strong>merece es una sociedad que avanza en la direcci\u00f3n correcta.<\/strong><\/p>\n\n\n\n<div class=\"wp-block-buttons is-horizontal is-content-justification-center is-layout-flex wp-container-core-buttons-is-layout-499968f5 wp-block-buttons-is-layout-flex\">\n<div class=\"wp-block-button\"><a href=\"https:\/\/miresi.es\/buscador\/\"  rel=\"noreferrer noopener\"  rel=\"noreferrer noopener\">ver red de residencias<\/a><\/div>\n<\/div>\n\n\n\n<div style=\"height:10px\" aria-hidden=\"true\" class=\"wp-block-spacer\"><\/div>\n\n\n\n<div class=\"wp-block-image\"><figure class=\"aligncenter size-large\"><img decoding=\"async\" width=\"1024\" height=\"683\" src=\"https:\/\/miresi.es\/blog\/wp-content\/uploads\/2021\/12\/senior-couple-eating-in-mountains-2021-11-17-16-55-32-utc-1024x683.jpg\" alt=\"silver economy\" class=\"wp-image-7041\" srcset=\"https:\/\/miresiblog.imgix.net\/uploads\/2021\/12\/senior-couple-eating-in-mountains-2021-11-17-16-55-32-utc-scaled.jpg?auto=format%2Ccompress&fit=crop&h=683&ixlib=php-3.3.0&w=1024&s=6aff24759bcd013570bf2998b8ec084b 1024w, https:\/\/miresiblog.imgix.net\/uploads\/2021\/12\/senior-couple-eating-in-mountains-2021-11-17-16-55-32-utc-scaled.jpg?auto=format%2Ccompress&fit=crop&h=200&ixlib=php-3.3.0&w=300&s=84d3232927c7fdcb7183cdf6ae4d79a1 300w, https:\/\/miresiblog.imgix.net\/uploads\/2021\/12\/senior-couple-eating-in-mountains-2021-11-17-16-55-32-utc-scaled.jpg?auto=format%2Ccompress&fit=crop&h=512&ixlib=php-3.3.0&w=768&s=b84066b06dd2b1aeacbec8fed4eb8a52 768w, https:\/\/miresiblog.imgix.net\/uploads\/2021\/12\/senior-couple-eating-in-mountains-2021-11-17-16-55-32-utc-scaled.jpg?auto=format%2Ccompress&fit=crop&h=1024&ixlib=php-3.3.0&w=1536&s=f1107214da27bbcfb1c3d47ee76db608 1536w, https:\/\/miresiblog.imgix.net\/uploads\/2021\/12\/senior-couple-eating-in-mountains-2021-11-17-16-55-32-utc-scaled.jpg?auto=format%2Ccompress&fit=crop&h=1365&ixlib=php-3.3.0&w=2048&s=c322d8a31709ac345b110861c8b53b13 2048w, https:\/\/miresiblog.imgix.net\/uploads\/2021\/12\/senior-couple-eating-in-mountains-2021-11-17-16-55-32-utc-scaled.jpg?auto=format%2Ccompress&fit=crop&h=240&ixlib=php-3.3.0&w=360&s=faac3bbaf766b479b6ee6448bcf6de57 360w, https:\/\/miresiblog.imgix.net\/uploads\/2021\/12\/senior-couple-eating-in-mountains-2021-11-17-16-55-32-utc-scaled.jpg?auto=format%2Ccompress&ixlib=php-3.3.0&w=900&s=6f503ab272fa0781faf747572b477753 900w\" sizes=\"(max-width: 1024px) 100vw, 1024px\" \/><\/figure><\/div>\n\n\n\n<p>Esperamos que esta peque\u00f1a gu\u00eda sobre la Silver Economy y su importancia para el bienestar de nuestros mayores haya resuelto tus dudas.<\/p>\n\n\n\n<p><strong>Si est\u00e1s buscando residencia para tu mayor, est\u00e1s en el sitio adecuado<\/strong>. En miResi nuestra prioridad es ayudarte a encontrar una residencia que no solo ofrezca los mejores cuidados para tu familiar, sino que cumpla tus expectativas y requisitos. Contamos con un equipo de asesoramiento de gran profesionalidad que se caracteriza por su calidez y que estar\u00e1 encantado de ayudarte. \u00a1Te animamos a que te pongas en <a href=\"https:\/\/miresi.es\/buscador\/\"  rel=\"noreferrer noopener\"  rel=\"noreferrer noopener\"><strong>contacto<\/strong> <\/a>con nosotros! \ud83d\udc9a<\/p>\n\n\n\n<div class=\"wp-block-buttons is-horizontal is-content-justification-center is-layout-flex wp-container-core-buttons-is-layout-499968f5 wp-block-buttons-is-layout-flex\">\n<div class=\"wp-block-button\"><a href=\"https:\/\/miresi.es\/buscador\/\"  rel=\"noreferrer noopener\"  rel=\"noreferrer noopener\">\u00bfnecesitas ayuda gratuita? \u00a1pulsa aqu\u00ed!<\/a><\/div>\n<\/div>\n\n\n\n<p class=\"has-cyan-bluish-gray-color has-text-color\" style=\"font-size:10px\">Fuentes:<\/p>\n\n\n\n<ul class=\"has-cyan-bluish-gray-color has-text-color wp-block-list\" style=\"font-size:10px\"><li>Savia: <a href=\"https:\/\/www.generacionsavia.org\/think-tank\/actualidad\/silver-economy-el-mercado-senior-como-oportunidad-de-negocio\"  target=\"_blank\" rel=\"external nofollow\"   class=\"wp-links-icon\"><strong>https:\/\/www.generacionsavia.org\/think-tank\/actualidad\/silver-economy-el-mercado-senior-como-oportunidad-de-negocio<\/strong><\/a><\/li><li>ONU: <a href=\"https:\/\/www.who.int\/es\/news-room\/fact-sheets\/detail\/ageing-and-health\"  target=\"_blank\" rel=\"external nofollow\"   class=\"wp-links-icon\">https:\/\/www.who.int\/es\/news-room\/fact-sheets\/detail\/ageing-and-health <\/a><\/li><\/ul>\n<div style='text-align:center' class='yasr-auto-insert-visitor'><!--Yasr Visitor Votes Shortcode--><div id='yasr_visitor_votes_4f0c64617986c' class='yasr-visitor-votes'><div class=\"yasr-custom-text-vv-before yasr-custom-text-vv-before-7038\">\u00a1Haz clic para puntuar esta entrada!<\/div><div id='yasr-vv-second-row-container-4f0c64617986c'\r\n                                        class='yasr-vv-second-row-container'><div id='yasr-visitor-votes-rater-4f0c64617986c'\r\n                                      class='yasr-rater-stars-vv'\r\n                                      data-rater-postid='7038'\r\n                                      data-rating='0'\r\n                                      data-rater-starsize='32'\r\n                                      data-rater-readonly='false'\r\n                                      data-rater-nonce='4d05b5a2cb'\r\n                                      data-issingular='false'\r\n                                    ><\/div><div class=\"yasr-vv-stats-text-container\" id=\"yasr-vv-stats-text-container-4f0c64617986c\"><svg xmlns=\"https:\/\/www.w3.org\/2000\/svg\" width=\"20\" height=\"20\"\r\n                                   class=\"yasr-dashicons-visitor-stats\"\r\n                                   data-postid=\"7038\"\r\n                                   id=\"yasr-stats-dashicon-4f0c64617986c\">\r\n                                   <path d=\"M18 18v-16h-4v16h4zM12 18v-11h-4v11h4zM6 18v-8h-4v8h4z\"><\/path>\r\n                               <\/svg><span id=\"yasr-vv-text-container-4f0c64617986c\" class=\"yasr-vv-text-container\"> (Votos: <span id=\"yasr-vv-votes-number-container-4f0c64617986c\">0<\/span>  Promedio: <span id=\"yasr-vv-average-container-4f0c64617986c\">0<\/span>)<\/span><\/div><div id='yasr-vv-loader-4f0c64617986c' class='yasr-vv-container-loader'><\/div><\/div><div id='yasr-vv-bottom-container-4f0c64617986c'\r\n                              class='yasr-vv-bottom-container'\r\n                              style='display:none'><\/div><\/div><!--End Yasr Visitor Votes Shortcode--><\/div>","protected":false},"excerpt":{"rendered":"<p>\u00bfTu mayor no se siente escuchado por la sociedad? Eso ya es cosa del pasado. Hoy miResi te cuenta qu\u00e9 es la Silver Economy y por qu\u00e9 supone un cambio de paradigma.<\/p>\n","protected":false},"author":8,"featured_media":7043,"comment_status":"open","ping_status":"open","sticky":false,"template":"","format":"standard","meta":{"yasr_overall_rating":0,"yasr_post_is_review":"","yasr_auto_insert_disabled":"","yasr_review_type":"","footnotes":""},"categories":[386,26],"tags":[286,29,682,681],"class_list":["post-7038","post","type-post","status-publish","format-standard","has-post-thumbnail","hentry","category-bienestar","category-envejecimiento","tag-bienestar-personas-mayores","tag-envejecimiento","tag-productos-para-personas-mayores","tag-silver-economy"],"yasr_visitor_votes":{"stars_attributes":{"read_only":false,"span_bottom":false},"number_of_votes":0,"sum_votes":0},"_links":{"self":[{"href":"https:\/\/miresi.es\/blog\/wp-json\/wp\/v2\/posts\/7038","targetHints":{"allow":["GET"]}}],"collection":[{"href":"https:\/\/miresi.es\/blog\/wp-json\/wp\/v2\/posts"}],"about":[{"href":"https:\/\/miresi.es\/blog\/wp-json\/wp\/v2\/types\/post"}],"author":[{"embeddable":true,"href":"https:\/\/miresi.es\/blog\/wp-json\/wp\/v2\/users\/8"}],"replies":[{"embeddable":true,"href":"https:\/\/miresi.es\/blog\/wp-json\/wp\/v2\/comments?post=7038"}],"version-history":[{"count":68,"href":"https:\/\/miresi.es\/blog\/wp-json\/wp\/v2\/posts\/7038\/revisions"}],"predecessor-version":[{"id":21718,"href":"https:\/\/miresi.es\/blog\/wp-json\/wp\/v2\/posts\/7038\/revisions\/21718"}],"wp:featuredmedia":[{"embeddable":true,"href":"https:\/\/miresi.es\/blog\/wp-json\/wp\/v2\/media\/7043"}],"wp:attachment":[{"href":"https:\/\/miresi.es\/blog\/wp-json\/wp\/v2\/media?parent=7038"}],"wp:term":[{"taxonomy":"category","embeddable":true,"href":"https:\/\/miresi.es\/blog\/wp-json\/wp\/v2\/categories?post=7038"},{"taxonomy":"post_tag","embeddable":true,"href":"https:\/\/miresi.es\/blog\/wp-json\/wp\/v2\/tags?post=7038"}],"curies":[{"name":"wp","href":"https:\/\/api.w.org\/{rel}","templated":true}]}}